{"id":866,"date":"2016-07-14T17:13:14","date_gmt":"2016-07-14T21:13:14","guid":{"rendered":"http:\/\/medicina.udd.cl\/observatorio-bioetica-derecho\/?p=866"},"modified":"2016-07-14T17:13:14","modified_gmt":"2016-07-14T21:13:14","slug":"seminario-ciencia-y-educacion-para-una-sociedad-sustentable","status":"publish","type":"post","link":"https:\/\/medicina.udd.cl\/observatorio-bioetica-derecho\/noticias\/2016\/07\/14\/seminario-ciencia-y-educacion-para-una-sociedad-sustentable\/","title":{"rendered":"Exitoso Seminario Ciencia y Educaci\u00f3n para una sociedad sustentable"},"content":{"rendered":"<div id=\"gallery-1\" class=\"carousel slide carousel-gallery\" data-ride=\"false\" data-interval=\"false\"><div class=\"carousel-inner\" role=\"listbox\"><figure class=\"carousel-item active\"><img loading=\"lazy\" decoding=\"async\" width=\"677\" height=\"450\" src=\"https:\/\/medicina.udd.cl\/observatorio-bioetica-derecho\/files\/2016\/07\/Seminario-ciencia-y-educaci\u00f3n-1.jpg\" class=\"attachment-landscape_952 size-landscape_952 lazyload\" alt=\"\" sizes=\"auto, (max-width: 677px) 100vw, 677px\" data-src=\"https:\/\/medicina.udd.cl\/observatorio-bioetica-derecho\/files\/2016\/07\/Seminario-ciencia-y-educaci\u00f3n-1.jpg\" data-srcset=\"https:\/\/medicina.udd.cl\/observatorio-bioetica-derecho\/files\/2016\/07\/Seminario-ciencia-y-educaci\u00f3n-1.jpg 677w, https:\/\/medicina.udd.cl\/observatorio-bioetica-derecho\/files\/2016\/07\/Seminario-ciencia-y-educaci\u00f3n-1-300x199.jpg 300w\" \/><\/figure><figure class=\"carousel-item\"><img loading=\"lazy\" decoding=\"async\" width=\"677\" height=\"450\" src=\"https:\/\/medicina.udd.cl\/observatorio-bioetica-derecho\/files\/2016\/07\/Seminario-ciencia-y-educaci\u00f3n-2.jpg\" class=\"attachment-landscape_952 size-landscape_952 lazyload\" alt=\"\" sizes=\"auto, (max-width: 677px) 100vw, 677px\" data-src=\"https:\/\/medicina.udd.cl\/observatorio-bioetica-derecho\/files\/2016\/07\/Seminario-ciencia-y-educaci\u00f3n-2.jpg\" data-srcset=\"https:\/\/medicina.udd.cl\/observatorio-bioetica-derecho\/files\/2016\/07\/Seminario-ciencia-y-educaci\u00f3n-2.jpg 677w, https:\/\/medicina.udd.cl\/observatorio-bioetica-derecho\/files\/2016\/07\/Seminario-ciencia-y-educaci\u00f3n-2-300x199.jpg 300w\" \/><\/figure><figure class=\"carousel-item\"><img loading=\"lazy\" decoding=\"async\" width=\"677\" height=\"450\" src=\"https:\/\/medicina.udd.cl\/observatorio-bioetica-derecho\/files\/2016\/07\/Seminario-ciencia-y-educaci\u00f3n-3.jpg\" class=\"attachment-landscape_952 size-landscape_952 lazyload\" alt=\"\" sizes=\"auto, (max-width: 677px) 100vw, 677px\" data-src=\"https:\/\/medicina.udd.cl\/observatorio-bioetica-derecho\/files\/2016\/07\/Seminario-ciencia-y-educaci\u00f3n-3.jpg\" data-srcset=\"https:\/\/medicina.udd.cl\/observatorio-bioetica-derecho\/files\/2016\/07\/Seminario-ciencia-y-educaci\u00f3n-3.jpg 677w, https:\/\/medicina.udd.cl\/observatorio-bioetica-derecho\/files\/2016\/07\/Seminario-ciencia-y-educaci\u00f3n-3-300x199.jpg 300w\" \/><\/figure><figure class=\"carousel-item\"><img loading=\"lazy\" decoding=\"async\" width=\"677\" height=\"450\" src=\"https:\/\/medicina.udd.cl\/observatorio-bioetica-derecho\/files\/2016\/07\/Seminario-ciencia-y-educaci\u00f3n-4.jpg\" class=\"attachment-landscape_952 size-landscape_952 lazyload\" alt=\"\" sizes=\"auto, (max-width: 677px) 100vw, 677px\" data-src=\"https:\/\/medicina.udd.cl\/observatorio-bioetica-derecho\/files\/2016\/07\/Seminario-ciencia-y-educaci\u00f3n-4.jpg\" data-srcset=\"https:\/\/medicina.udd.cl\/observatorio-bioetica-derecho\/files\/2016\/07\/Seminario-ciencia-y-educaci\u00f3n-4.jpg 677w, https:\/\/medicina.udd.cl\/observatorio-bioetica-derecho\/files\/2016\/07\/Seminario-ciencia-y-educaci\u00f3n-4-300x199.jpg 300w\" \/><\/figure><\/div><footer class=\"carousel-footer\"><div class=\"carousel-counter\"><span class=\"carousel-counter-current\"><\/span> \/ <span class=\"carousel-counter-total\"><\/span><\/div><a class=\"carousel-control-prev\" href=\"#gallery-1\" role=\"button\" data-slide=\"prev\"><svg aria-hidden=\"true\" class=\"svg-chevron-left-dims\"><use xlink:href='https:\/\/medicina.udd.cl\/observatorio-bioetica-derecho\/wp-content\/themes\/facultades-2018\/assets\/img\/svg\/dist\/main.svg?version=1695853099#chevron-left'><\/use><\/svg><span class=\"sr-only\">Anterior<\/span><\/a><a class=\"carousel-control-next\" href=\"#gallery-1\" role=\"button\" data-slide=\"next\"><svg aria-hidden=\"true\" class=\"svg-chevron-right-dims\"><use xlink:href='https:\/\/medicina.udd.cl\/observatorio-bioetica-derecho\/wp-content\/themes\/facultades-2018\/assets\/img\/svg\/dist\/main.svg?version=1695853099#chevron-right'><\/use><\/svg><span class=\"sr-only\">Siguiente<\/span><\/a><\/footer><\/div>\n<p style=\"text-align: justify;\">Mejorar la calidad de vida de las personas, respetando y protegiendo el\u00a0entorno social y natural fue el objetivo del <strong>seminario Ciencia y Educaci\u00f3n para una sociedad sustentable<\/strong>, organizado por la\u00a0<strong>Facultad de Educaci\u00f3n<\/strong> y el <strong>Observatorio de Bio\u00e9tica y Derecho,<\/strong>ambos de la Universidad del Desarrollo (UDD).<\/p>\n<p style=\"text-align: justify;\">La bienvenida estuvo a cargo del\u00a0rector de la UDD, <strong>Federico Vald\u00e9s<\/strong>, quien asegur\u00f3 que \u201cnuestro desaf\u00edo es formar s\u00f3lidos profesionales capacitados para dar respuestas innovadoras a los problemas sociales y ambientales como, asimismo, generar conocimiento de un modo interdisciplinario, con responsabilidad por las necesidades sociales del pa\u00eds, la regi\u00f3n y el mundo\u201d.<\/p>\n<p style=\"text-align: justify;\">Luego, se realiz\u00f3 la presentaci\u00f3n de\u00a0<strong>Pablo Zamora<\/strong>, doctor en Biotecnolog\u00eda de la Universidad de Santiago de Chile e investigador senior en la Universidad de California, Davis, quien present\u00f3 el trabajo \u201cReenfocando la ciencia, una mirada hacia la comunidad\u201d. Sobre esta experiencia, Zamora coment\u00f3 que \u201cla relaci\u00f3n entre ciencia y comunidad no solo es necesaria sino fundamental. Es importante que los diferentes actores trabajen estrechamente, la verdadera interdisciplina se da cuando las ciencias sociales y las ciencias exactas dialogan y resuelven temas en conjunto basados en las prioridades que la sociedad demanda y qu\u00e9 mejor que la Educaci\u00f3n como eje para conducir esta nueva mirada\u201d.<\/p>\n<p style=\"text-align: justify;\">Por su parte, <strong>Paulina Montecinos<\/strong>, especialista en Educaci\u00f3n Comunitaria y directora ejecutiva de Vincula S&amp;C, fue la encargada del trabajo comunitario durante el desarrollo de la investigaci\u00f3n que se present\u00f3 en el seminario, cuyo trabajo gener\u00f3 el libro D\u00e9jame Ver. \u201cAbrir estos espacio de interacci\u00f3n interdisciplinaria y discusi\u00f3n de nuestro quehacer desde la ciencia, bio\u00e9tica y la educaci\u00f3n son muy enriquecedores. Adem\u00e1s, son el principio de un trabajo colaborativo que puede entregar excelentes resultados\u201d, dijo.<\/p>\n<p style=\"text-align: justify;\">Una vez finalizadas las exposiciones se dio paso a un espacio de discusi\u00f3n utilizando la <strong>metodolog\u00eda de la pecera<\/strong>, en la que la decana de Educaci\u00f3n, <strong>Josefina Santa Cruz<\/strong>, present\u00f3 un caso para que los invitados, acompa\u00f1ados del director del Observatorio de Bio\u00e9tica y Derecho, <strong>Juan Alberto Lecaros<\/strong>, expusieran sus posturas y pudieran interactuar con el p\u00fablico y conocer sus opiniones al respecto. \u201cIncluir en los seminarios estrategias que intencionan la participaci\u00f3n estructurada de la audiencia con los expositores, ofrece una oportunidad de discusi\u00f3n bien \u00fanica en este tipo de eventos y sin duda le agrega valor a la actividad\u201d, asegur\u00f3 Santa Cruz.<\/p>\n","protected":false},"excerpt":{"rendered":"<p>En la actividad, organizada por el Observatorio de Bio\u00e9tica y Derecho y la Facultad de Educaci\u00f3n de la UDD, se presentaron los investigadores de UC Davis, Pablo Zamora y Paulina Montecinos.<\/p>\n","protected":false},"author":42,"featured_media":870,"comment_status":"open","ping_status":"open","sticky":false,"template":"","format":"standard","meta":{"footnotes":""},"categories":[4],"tags":[],"class_list":["post-866","post","type-post","status-publish","format-standard","has-post-thumbnail","hentry","category-noticias"],"yoast_head":"<!-- This site is optimized with the Yoast SEO plugin v26.9 - https:\/\/yoast.com\/product\/yoast-seo-wordpress\/ -->\n<title>Exitoso Seminario Ciencia y Educaci\u00f3n para una sociedad sustentable - Observatorio de Bio\u00e9tica y Derecho<\/title>\n<meta name=\"robots\" content=\"index, follow, max-snippet:-1, max-image-preview:large, max-video-preview:-1\" \/>\n<link rel=\"canonical\" href=\"https:\/\/medicina.udd.cl\/observatorio-bioetica-derecho\/noticias\/2016\/07\/14\/seminario-ciencia-y-educacion-para-una-sociedad-sustentable\/\" \/>\n<meta property=\"og:locale\" content=\"es_ES\" \/>\n<meta property=\"og:type\" content=\"article\" \/>\n<meta property=\"og:title\" content=\"Exitoso Seminario Ciencia y Educaci\u00f3n para una sociedad sustentable - Observatorio de Bio\u00e9tica y Derecho\" \/>\n<meta property=\"og:description\" content=\"En la actividad, organizada por el Observatorio de Bio\u00e9tica y Derecho y la Facultad de Educaci\u00f3n de la UDD, se presentaron los investigadores de UC Davis, Pablo Zamora y Paulina Montecinos.\" \/>\n<meta property=\"og:url\" content=\"https:\/\/medicina.udd.cl\/observatorio-bioetica-derecho\/noticias\/2016\/07\/14\/seminario-ciencia-y-educacion-para-una-sociedad-sustentable\/\" \/>\n<meta property=\"og:site_name\" content=\"Observatorio de Bio\u00e9tica y Derecho\" \/>\n<meta property=\"article:published_time\" content=\"2016-07-14T21:13:14+00:00\" \/>\n<meta property=\"og:image\" content=\"https:\/\/medicina.udd.cl\/observatorio-bioetica-derecho\/files\/2016\/07\/Seminario-ciencia-y-educaci\u00f3n-4.jpg\" \/>\n\t<meta property=\"og:image:width\" content=\"677\" \/>\n\t<meta property=\"og:image:height\" content=\"450\" \/>\n\t<meta property=\"og:image:type\" content=\"image\/jpeg\" \/>\n<meta name=\"twitter:label1\" content=\"Escrito por\" \/>\n\t<meta name=\"twitter:data1\" content=\"\" \/>\n\t<meta name=\"twitter:label2\" content=\"Tiempo de lectura\" \/>\n\t<meta name=\"twitter:data2\" content=\"2 minutos\" \/>\n<script type=\"application\/ld+json\" class=\"yoast-schema-graph\">{\"@context\":\"https:\/\/schema.org\",\"@graph\":[{\"@type\":\"Article\",\"@id\":\"https:\/\/medicina.udd.cl\/observatorio-bioetica-derecho\/noticias\/2016\/07\/14\/seminario-ciencia-y-educacion-para-una-sociedad-sustentable\/#article\",\"isPartOf\":{\"@id\":\"https:\/\/medicina.udd.cl\/observatorio-bioetica-derecho\/noticias\/2016\/07\/14\/seminario-ciencia-y-educacion-para-una-sociedad-sustentable\/\"},\"author\":{\"name\":\"\",\"@id\":\"\"},\"headline\":\"Exitoso Seminario Ciencia y Educaci\u00f3n para una sociedad sustentable\",\"datePublished\":\"2016-07-14T21:13:14+00:00\",\"mainEntityOfPage\":{\"@id\":\"https:\/\/medicina.udd.cl\/observatorio-bioetica-derecho\/noticias\/2016\/07\/14\/seminario-ciencia-y-educacion-para-una-sociedad-sustentable\/\"},\"wordCount\":426,\"commentCount\":0,\"image\":{\"@id\":\"https:\/\/medicina.udd.cl\/observatorio-bioetica-derecho\/noticias\/2016\/07\/14\/seminario-ciencia-y-educacion-para-una-sociedad-sustentable\/#primaryimage\"},\"thumbnailUrl\":\"https:\/\/medicina.udd.cl\/observatorio-bioetica-derecho\/files\/2016\/07\/Seminario-ciencia-y-educaci\u00f3n-4.jpg\",\"articleSection\":[\"Noticias\"],\"inLanguage\":\"es\",\"potentialAction\":[{\"@type\":\"CommentAction\",\"name\":\"Comment\",\"target\":[\"https:\/\/medicina.udd.cl\/observatorio-bioetica-derecho\/noticias\/2016\/07\/14\/seminario-ciencia-y-educacion-para-una-sociedad-sustentable\/#respond\"]}]},{\"@type\":\"WebPage\",\"@id\":\"https:\/\/medicina.udd.cl\/observatorio-bioetica-derecho\/noticias\/2016\/07\/14\/seminario-ciencia-y-educacion-para-una-sociedad-sustentable\/\",\"url\":\"https:\/\/medicina.udd.cl\/observatorio-bioetica-derecho\/noticias\/2016\/07\/14\/seminario-ciencia-y-educacion-para-una-sociedad-sustentable\/\",\"name\":\"Exitoso Seminario Ciencia y Educaci\u00f3n para una sociedad sustentable - Observatorio de Bio\u00e9tica y Derecho\",\"isPartOf\":{\"@id\":\"https:\/\/medicina.udd.cl\/observatorio-bioetica-derecho\/#website\"},\"primaryImageOfPage\":{\"@id\":\"https:\/\/medicina.udd.cl\/observatorio-bioetica-derecho\/noticias\/2016\/07\/14\/seminario-ciencia-y-educacion-para-una-sociedad-sustentable\/#primaryimage\"},\"image\":{\"@id\":\"https:\/\/medicina.udd.cl\/observatorio-bioetica-derecho\/noticias\/2016\/07\/14\/seminario-ciencia-y-educacion-para-una-sociedad-sustentable\/#primaryimage\"},\"thumbnailUrl\":\"https:\/\/medicina.udd.cl\/observatorio-bioetica-derecho\/files\/2016\/07\/Seminario-ciencia-y-educaci\u00f3n-4.jpg\",\"datePublished\":\"2016-07-14T21:13:14+00:00\",\"author\":{\"@id\":\"\"},\"breadcrumb\":{\"@id\":\"https:\/\/medicina.udd.cl\/observatorio-bioetica-derecho\/noticias\/2016\/07\/14\/seminario-ciencia-y-educacion-para-una-sociedad-sustentable\/#breadcrumb\"},\"inLanguage\":\"es\",\"potentialAction\":[{\"@type\":\"ReadAction\",\"target\":[\"https:\/\/medicina.udd.cl\/observatorio-bioetica-derecho\/noticias\/2016\/07\/14\/seminario-ciencia-y-educacion-para-una-sociedad-sustentable\/\"]}]},{\"@type\":\"ImageObject\",\"inLanguage\":\"es\",\"@id\":\"https:\/\/medicina.udd.cl\/observatorio-bioetica-derecho\/noticias\/2016\/07\/14\/seminario-ciencia-y-educacion-para-una-sociedad-sustentable\/#primaryimage\",\"url\":\"https:\/\/medicina.udd.cl\/observatorio-bioetica-derecho\/files\/2016\/07\/Seminario-ciencia-y-educaci\u00f3n-4.jpg\",\"contentUrl\":\"https:\/\/medicina.udd.cl\/observatorio-bioetica-derecho\/files\/2016\/07\/Seminario-ciencia-y-educaci\u00f3n-4.jpg\",\"width\":677,\"height\":450},{\"@type\":\"BreadcrumbList\",\"@id\":\"https:\/\/medicina.udd.cl\/observatorio-bioetica-derecho\/noticias\/2016\/07\/14\/seminario-ciencia-y-educacion-para-una-sociedad-sustentable\/#breadcrumb\",\"itemListElement\":[{\"@type\":\"ListItem\",\"position\":1,\"name\":\"Home\",\"item\":\"https:\/\/medicina.udd.cl\/observatorio-bioetica-derecho\/\"},{\"@type\":\"ListItem\",\"position\":2,\"name\":\"Exitoso Seminario Ciencia y Educaci\u00f3n para una sociedad sustentable\"}]},{\"@type\":\"WebSite\",\"@id\":\"https:\/\/medicina.udd.cl\/observatorio-bioetica-derecho\/#website\",\"url\":\"https:\/\/medicina.udd.cl\/observatorio-bioetica-derecho\/\",\"name\":\"Observatorio de Bio\u00e9tica y Derecho\",\"description\":\"Observatorio de Bio\u00e9tica y Derecho\",\"inLanguage\":\"es\"},{\"@type\":\"Person\",\"@id\":\"\",\"url\":\"https:\/\/medicina.udd.cl\/observatorio-bioetica-derecho\/noticias\/author\/\"}]}<\/script>\n<!-- \/ Yoast SEO plugin. -->","yoast_head_json":{"title":"Exitoso Seminario Ciencia y Educaci\u00f3n para una sociedad sustentable - Observatorio de Bio\u00e9tica y Derecho","robots":{"index":"index","follow":"follow","max-snippet":"max-snippet:-1","max-image-preview":"max-image-preview:large","max-video-preview":"max-video-preview:-1"},"canonical":"https:\/\/medicina.udd.cl\/observatorio-bioetica-derecho\/noticias\/2016\/07\/14\/seminario-ciencia-y-educacion-para-una-sociedad-sustentable\/","og_locale":"es_ES","og_type":"article","og_title":"Exitoso Seminario Ciencia y Educaci\u00f3n para una sociedad sustentable - Observatorio de Bio\u00e9tica y Derecho","og_description":"En la actividad, organizada por el Observatorio de Bio\u00e9tica y Derecho y la Facultad de Educaci\u00f3n de la UDD, se presentaron los investigadores de UC Davis, Pablo Zamora y Paulina Montecinos.","og_url":"https:\/\/medicina.udd.cl\/observatorio-bioetica-derecho\/noticias\/2016\/07\/14\/seminario-ciencia-y-educacion-para-una-sociedad-sustentable\/","og_site_name":"Observatorio de Bio\u00e9tica y Derecho","article_published_time":"2016-07-14T21:13:14+00:00","og_image":[{"width":677,"height":450,"url":"https:\/\/medicina.udd.cl\/observatorio-bioetica-derecho\/files\/2016\/07\/Seminario-ciencia-y-educaci\u00f3n-4.jpg","type":"image\/jpeg"}],"twitter_misc":{"Escrito por":"","Tiempo de lectura":"2 minutos"},"schema":{"@context":"https:\/\/schema.org","@graph":[{"@type":"Article","@id":"https:\/\/medicina.udd.cl\/observatorio-bioetica-derecho\/noticias\/2016\/07\/14\/seminario-ciencia-y-educacion-para-una-sociedad-sustentable\/#article","isPartOf":{"@id":"https:\/\/medicina.udd.cl\/observatorio-bioetica-derecho\/noticias\/2016\/07\/14\/seminario-ciencia-y-educacion-para-una-sociedad-sustentable\/"},"author":{"name":"","@id":""},"headline":"Exitoso Seminario Ciencia y Educaci\u00f3n para una sociedad sustentable","datePublished":"2016-07-14T21:13:14+00:00","mainEntityOfPage":{"@id":"https:\/\/medicina.udd.cl\/observatorio-bioetica-derecho\/noticias\/2016\/07\/14\/seminario-ciencia-y-educacion-para-una-sociedad-sustentable\/"},"wordCount":426,"commentCount":0,"image":{"@id":"https:\/\/medicina.udd.cl\/observatorio-bioetica-derecho\/noticias\/2016\/07\/14\/seminario-ciencia-y-educacion-para-una-sociedad-sustentable\/#primaryimage"},"thumbnailUrl":"https:\/\/medicina.udd.cl\/observatorio-bioetica-derecho\/files\/2016\/07\/Seminario-ciencia-y-educaci\u00f3n-4.jpg","articleSection":["Noticias"],"inLanguage":"es","potentialAction":[{"@type":"CommentAction","name":"Comment","target":["https:\/\/medicina.udd.cl\/observatorio-bioetica-derecho\/noticias\/2016\/07\/14\/seminario-ciencia-y-educacion-para-una-sociedad-sustentable\/#respond"]}]},{"@type":"WebPage","@id":"https:\/\/medicina.udd.cl\/observatorio-bioetica-derecho\/noticias\/2016\/07\/14\/seminario-ciencia-y-educacion-para-una-sociedad-sustentable\/","url":"https:\/\/medicina.udd.cl\/observatorio-bioetica-derecho\/noticias\/2016\/07\/14\/seminario-ciencia-y-educacion-para-una-sociedad-sustentable\/","name":"Exitoso Seminario Ciencia y Educaci\u00f3n para una sociedad sustentable - Observatorio de Bio\u00e9tica y Derecho","isPartOf":{"@id":"https:\/\/medicina.udd.cl\/observatorio-bioetica-derecho\/#website"},"primaryImageOfPage":{"@id":"https:\/\/medicina.udd.cl\/observatorio-bioetica-derecho\/noticias\/2016\/07\/14\/seminario-ciencia-y-educacion-para-una-sociedad-sustentable\/#primaryimage"},"image":{"@id":"https:\/\/medicina.udd.cl\/observatorio-bioetica-derecho\/noticias\/2016\/07\/14\/seminario-ciencia-y-educacion-para-una-sociedad-sustentable\/#primaryimage"},"thumbnailUrl":"https:\/\/medicina.udd.cl\/observatorio-bioetica-derecho\/files\/2016\/07\/Seminario-ciencia-y-educaci\u00f3n-4.jpg","datePublished":"2016-07-14T21:13:14+00:00","author":{"@id":""},"breadcrumb":{"@id":"https:\/\/medicina.udd.cl\/observatorio-bioetica-derecho\/noticias\/2016\/07\/14\/seminario-ciencia-y-educacion-para-una-sociedad-sustentable\/#breadcrumb"},"inLanguage":"es","potentialAction":[{"@type":"ReadAction","target":["https:\/\/medicina.udd.cl\/observatorio-bioetica-derecho\/noticias\/2016\/07\/14\/seminario-ciencia-y-educacion-para-una-sociedad-sustentable\/"]}]},{"@type":"ImageObject","inLanguage":"es","@id":"https:\/\/medicina.udd.cl\/observatorio-bioetica-derecho\/noticias\/2016\/07\/14\/seminario-ciencia-y-educacion-para-una-sociedad-sustentable\/#primaryimage","url":"https:\/\/medicina.udd.cl\/observatorio-bioetica-derecho\/files\/2016\/07\/Seminario-ciencia-y-educaci\u00f3n-4.jpg","contentUrl":"https:\/\/medicina.udd.cl\/observatorio-bioetica-derecho\/files\/2016\/07\/Seminario-ciencia-y-educaci\u00f3n-4.jpg","width":677,"height":450},{"@type":"BreadcrumbList","@id":"https:\/\/medicina.udd.cl\/observatorio-bioetica-derecho\/noticias\/2016\/07\/14\/seminario-ciencia-y-educacion-para-una-sociedad-sustentable\/#breadcrumb","itemListElement":[{"@type":"ListItem","position":1,"name":"Home","item":"https:\/\/medicina.udd.cl\/observatorio-bioetica-derecho\/"},{"@type":"ListItem","position":2,"name":"Exitoso Seminario Ciencia y Educaci\u00f3n para una sociedad sustentable"}]},{"@type":"WebSite","@id":"https:\/\/medicina.udd.cl\/observatorio-bioetica-derecho\/#website","url":"https:\/\/medicina.udd.cl\/observatorio-bioetica-derecho\/","name":"Observatorio de Bio\u00e9tica y Derecho","description":"Observatorio de Bio\u00e9tica y Derecho","inLanguage":"es"},{"@type":"Person","@id":"","url":"https:\/\/medicina.udd.cl\/observatorio-bioetica-derecho\/noticias\/author\/"}]}},"featured_image_url":"https:\/\/medicina.udd.cl\/observatorio-bioetica-derecho\/files\/2016\/07\/Seminario-ciencia-y-educaci\u00f3n-4.jpg","_links":{"self":[{"href":"https:\/\/medicina.udd.cl\/observatorio-bioetica-derecho\/wp-json\/wp\/v2\/posts\/866","targetHints":{"allow":["GET"]}}],"collection":[{"href":"https:\/\/medicina.udd.cl\/observatorio-bioetica-derecho\/wp-json\/wp\/v2\/posts"}],"about":[{"href":"https:\/\/medicina.udd.cl\/observatorio-bioetica-derecho\/wp-json\/wp\/v2\/types\/post"}],"author":[{"embeddable":true,"href":"https:\/\/medicina.udd.cl\/observatorio-bioetica-derecho\/wp-json\/wp\/v2\/users\/42"}],"replies":[{"embeddable":true,"href":"https:\/\/medicina.udd.cl\/observatorio-bioetica-derecho\/wp-json\/wp\/v2\/comments?post=866"}],"version-history":[{"count":1,"href":"https:\/\/medicina.udd.cl\/observatorio-bioetica-derecho\/wp-json\/wp\/v2\/posts\/866\/revisions"}],"predecessor-version":[{"id":871,"href":"https:\/\/medicina.udd.cl\/observatorio-bioetica-derecho\/wp-json\/wp\/v2\/posts\/866\/revisions\/871"}],"wp:featuredmedia":[{"embeddable":true,"href":"https:\/\/medicina.udd.cl\/observatorio-bioetica-derecho\/wp-json\/wp\/v2\/media\/870"}],"wp:attachment":[{"href":"https:\/\/medicina.udd.cl\/observatorio-bioetica-derecho\/wp-json\/wp\/v2\/media?parent=866"}],"wp:term":[{"taxonomy":"category","embeddable":true,"href":"https:\/\/medicina.udd.cl\/observatorio-bioetica-derecho\/wp-json\/wp\/v2\/categories?post=866"},{"taxonomy":"post_tag","embeddable":true,"href":"https:\/\/medicina.udd.cl\/observatorio-bioetica-derecho\/wp-json\/wp\/v2\/tags?post=866"}],"curies":[{"name":"wp","href":"https:\/\/api.w.org\/{rel}","templated":true}]}}