{"id":896,"date":"2016-10-19T15:09:16","date_gmt":"2016-10-19T18:09:16","guid":{"rendered":"http:\/\/medicina.udd.cl\/observatorio-bioetica-derecho\/?p=896"},"modified":"2016-10-20T09:58:25","modified_gmt":"2016-10-20T12:58:25","slug":"curso-internacional-de-bioderecho-technological-innovation-and-biolaw-2","status":"publish","type":"post","link":"https:\/\/medicina.udd.cl\/observatorio-bioetica-derecho\/noticias\/2016\/10\/19\/curso-internacional-de-bioderecho-technological-innovation-and-biolaw-2\/","title":{"rendered":"Curso internacional de Bioderecho \u00abTechnological Innovation and Biolaw\u00bb"},"content":{"rendered":"<div id=\"gallery-1\" class=\"carousel slide carousel-gallery\" data-ride=\"false\" data-interval=\"false\"><div class=\"carousel-inner\" role=\"listbox\"><figure class=\"carousel-item active\"><img loading=\"lazy\" decoding=\"async\" width=\"693\" height=\"450\" src=\"https:\/\/medicina.udd.cl\/observatorio-bioetica-derecho\/files\/2016\/10\/Curso-internacional-de-bioderecho-1.jpg\" class=\"attachment-landscape_952 size-landscape_952 lazyload\" alt=\"\" sizes=\"auto, (max-width: 693px) 100vw, 693px\" data-src=\"https:\/\/medicina.udd.cl\/observatorio-bioetica-derecho\/files\/2016\/10\/Curso-internacional-de-bioderecho-1.jpg\" data-srcset=\"https:\/\/medicina.udd.cl\/observatorio-bioetica-derecho\/files\/2016\/10\/Curso-internacional-de-bioderecho-1.jpg 693w, https:\/\/medicina.udd.cl\/observatorio-bioetica-derecho\/files\/2016\/10\/Curso-internacional-de-bioderecho-1-300x195.jpg 300w, https:\/\/medicina.udd.cl\/observatorio-bioetica-derecho\/files\/2016\/10\/Curso-internacional-de-bioderecho-1-660x430.jpg 660w, https:\/\/medicina.udd.cl\/observatorio-bioetica-derecho\/files\/2016\/10\/Curso-internacional-de-bioderecho-1-125x80.jpg 125w, https:\/\/medicina.udd.cl\/observatorio-bioetica-derecho\/files\/2016\/10\/Curso-internacional-de-bioderecho-1-340x220.jpg 340w\" \/><\/figure><figure class=\"carousel-item\"><img loading=\"lazy\" decoding=\"async\" width=\"667\" height=\"450\" src=\"https:\/\/medicina.udd.cl\/observatorio-bioetica-derecho\/files\/2016\/10\/Curso-internacional-de-bioderecho-2.jpg\" class=\"attachment-landscape_952 size-landscape_952 lazyload\" alt=\"\" sizes=\"auto, (max-width: 667px) 100vw, 667px\" data-src=\"https:\/\/medicina.udd.cl\/observatorio-bioetica-derecho\/files\/2016\/10\/Curso-internacional-de-bioderecho-2.jpg\" data-srcset=\"https:\/\/medicina.udd.cl\/observatorio-bioetica-derecho\/files\/2016\/10\/Curso-internacional-de-bioderecho-2.jpg 667w, https:\/\/medicina.udd.cl\/observatorio-bioetica-derecho\/files\/2016\/10\/Curso-internacional-de-bioderecho-2-300x202.jpg 300w\" \/><\/figure><figure class=\"carousel-item\"><img loading=\"lazy\" decoding=\"async\" width=\"686\" height=\"450\" src=\"https:\/\/medicina.udd.cl\/observatorio-bioetica-derecho\/files\/2016\/10\/Curso-internacional-de-bioderecho-3.jpg\" class=\"attachment-landscape_952 size-landscape_952 lazyload\" alt=\"\" sizes=\"auto, (max-width: 686px) 100vw, 686px\" data-src=\"https:\/\/medicina.udd.cl\/observatorio-bioetica-derecho\/files\/2016\/10\/Curso-internacional-de-bioderecho-3.jpg\" data-srcset=\"https:\/\/medicina.udd.cl\/observatorio-bioetica-derecho\/files\/2016\/10\/Curso-internacional-de-bioderecho-3.jpg 686w, https:\/\/medicina.udd.cl\/observatorio-bioetica-derecho\/files\/2016\/10\/Curso-internacional-de-bioderecho-3-300x197.jpg 300w\" \/><\/figure><figure class=\"carousel-item\"><img loading=\"lazy\" decoding=\"async\" width=\"801\" height=\"450\" src=\"https:\/\/medicina.udd.cl\/observatorio-bioetica-derecho\/files\/2016\/10\/Curso-internacional-de-bioderecho-4-300x169.jpg\" class=\"attachment-landscape_952 size-landscape_952 lazyload\" alt=\"\" sizes=\"auto, (max-width: 801px) 100vw, 801px\" data-src=\"https:\/\/medicina.udd.cl\/observatorio-bioetica-derecho\/files\/2016\/10\/Curso-internacional-de-bioderecho-4.jpg\" data-srcset=\"https:\/\/medicina.udd.cl\/observatorio-bioetica-derecho\/files\/2016\/10\/Curso-internacional-de-bioderecho-4.jpg 801w, https:\/\/medicina.udd.cl\/observatorio-bioetica-derecho\/files\/2016\/10\/Curso-internacional-de-bioderecho-4-300x169.jpg 300w, https:\/\/medicina.udd.cl\/observatorio-bioetica-derecho\/files\/2016\/10\/Curso-internacional-de-bioderecho-4-768x431.jpg 768w, https:\/\/medicina.udd.cl\/observatorio-bioetica-derecho\/files\/2016\/10\/Curso-internacional-de-bioderecho-4-800x450.jpg 800w\" \/><\/figure><\/div><footer class=\"carousel-footer\"><div class=\"carousel-counter\"><span class=\"carousel-counter-current\"><\/span> \/ <span class=\"carousel-counter-total\"><\/span><\/div><a class=\"carousel-control-prev\" href=\"#gallery-1\" role=\"button\" data-slide=\"prev\"><svg aria-hidden=\"true\" class=\"svg-chevron-left-dims\"><use xlink:href='https:\/\/medicina.udd.cl\/observatorio-bioetica-derecho\/wp-content\/themes\/facultades-2018\/assets\/img\/svg\/dist\/main.svg?version=1695853099#chevron-left'><\/use><\/svg><span class=\"sr-only\">Anterior<\/span><\/a><a class=\"carousel-control-next\" href=\"#gallery-1\" role=\"button\" data-slide=\"next\"><svg aria-hidden=\"true\" class=\"svg-chevron-right-dims\"><use xlink:href='https:\/\/medicina.udd.cl\/observatorio-bioetica-derecho\/wp-content\/themes\/facultades-2018\/assets\/img\/svg\/dist\/main.svg?version=1695853099#chevron-right'><\/use><\/svg><span class=\"sr-only\">Siguiente<\/span><\/a><\/footer><\/div>\n<p style=\"text-align: justify;\"><strong>\u201cTechnological Innovation and Biolaw\u201d<\/strong>, fue el nombre del curso internacional organizado por el Observatorio de Bio\u00e9tica y Derecho de la Universidad del Desarrollo, realizado durante los d\u00edas 17 y 18 de octubre en el campus Rector Ernesto Silva Bafalluy de la casa de estudios.<\/p>\n<p style=\"text-align: justify;\">La actividad tuvo como ejes centrales introducir los conocimientos y pr\u00e1cticas actualizadas en la interfase entre el Derecho, la ciencia biom\u00e9dica y las tecnolog\u00edas de la salud; difundir la experiencia del trabajo interdisciplinario entre el Derecho y las aplicaciones cient\u00edficas en el \u00e1rea de la biomedicina en Europa; y desarrollar t\u00f3picos de la innovaci\u00f3n jur\u00eddica que son y ser\u00e1n de gran relevancia algunas las l\u00edneas de los centros de investigaci\u00f3n UDD y para una ense\u00f1anza innovadora y vanguardista del derecho.<\/p>\n<p style=\"text-align: justify;\">En este contexto, el curso cont\u00f3 con la presencia del destacado expositor Amedeo Santosuosso, director cient\u00edfico del European Centre for Law, Science and New Technologies de la Universidad de Pav\u00eda, y presidente de la Primera Sala de la Corte de Apelaciones de Mil\u00e1n, quien habl\u00f3 sobre la innovaci\u00f3n tecnol\u00f3gica en el \u00e1rea del Bioderecho y los desaf\u00edos que esto implica.<\/p>\n<p style=\"text-align: justify;\">A su vez, participaron los invitados internacionales Ricardo Bellazzi y Barbara Bottalico, de la Universidad de Pav\u00eda, Italia; Eduardo Rueda, director del Instituto de Bio\u00e9tica de la Pontificia Universidad Javeriana, Colombia; y Marcia Santana Fernandes, experta en Bioderecho del Laboratorio de Bio\u00e9tica y \u00c9tica de la Ciencia del Hospital de Cl\u00ednicas de Porto Alegre.<\/p>\n<p style=\"text-align: justify;\">El curso, en su inauguraci\u00f3n, cont\u00f3 con la participaci\u00f3n del vicerrector de Innovaci\u00f3n de la UDD, Danel Contesse, y la directora de Postgrado, Olga Pizarro, adem\u00e1s de acad\u00e9micos y autoridades de la Facultad de Medicina CAS-UDD, quienes se\u00f1alaron que este tipo de actividades se enmarcan en la l\u00ednea institucional de generar conocimiento que permita impactar en la sociedad.\u00a0A\u00a0su vez, m\u00e1s de 240 personas en todo Latinoam\u00e9rica\u00a0lo siguieron\u00a0v\u00eda streaming, pudiendo participar de las discusiones y temas abordados.<\/p>\n<p>&nbsp;<\/p>\n","protected":false},"excerpt":{"rendered":"<p>Organizado por el Observatorio de Bio\u00e9tica y Derecho y patrocinado por la Vicerrector\u00eda de Investigaci\u00f3n y Doctorados, cont\u00f3 con la participaci\u00f3n del destacado expositor Amedeo Santosuosso, director cient\u00edfico del European Centre for Law, Science and New Technologies de la Universidad de Pav\u00eda, Italia.<\/p>\n","protected":false},"author":42,"featured_media":901,"comment_status":"open","ping_status":"open","sticky":false,"template":"","format":"standard","meta":{"footnotes":""},"categories":[4],"tags":[],"class_list":["post-896","post","type-post","status-publish","format-standard","has-post-thumbnail","hentry","category-noticias"],"yoast_head":"<!-- This site is optimized with the Yoast SEO plugin v26.9 - https:\/\/yoast.com\/product\/yoast-seo-wordpress\/ -->\n<title>Curso internacional de Bioderecho &quot;Technological Innovation and Biolaw&quot; - Observatorio de Bio\u00e9tica y Derecho<\/title>\n<meta name=\"robots\" content=\"index, follow, max-snippet:-1, max-image-preview:large, max-video-preview:-1\" \/>\n<link rel=\"canonical\" href=\"https:\/\/medicina.udd.cl\/observatorio-bioetica-derecho\/noticias\/2016\/10\/19\/curso-internacional-de-bioderecho-technological-innovation-and-biolaw-2\/\" \/>\n<meta property=\"og:locale\" content=\"es_ES\" \/>\n<meta property=\"og:type\" content=\"article\" \/>\n<meta property=\"og:title\" content=\"Curso internacional de Bioderecho &quot;Technological Innovation and Biolaw&quot; - Observatorio de Bio\u00e9tica y Derecho\" \/>\n<meta property=\"og:description\" content=\"Organizado por el Observatorio de Bio\u00e9tica y Derecho y patrocinado por la Vicerrector\u00eda de Investigaci\u00f3n y Doctorados, cont\u00f3 con la participaci\u00f3n del destacado expositor Amedeo Santosuosso, director cient\u00edfico del European Centre for Law, Science and New Technologies de la Universidad de Pav\u00eda, Italia.\" \/>\n<meta property=\"og:url\" content=\"https:\/\/medicina.udd.cl\/observatorio-bioetica-derecho\/noticias\/2016\/10\/19\/curso-internacional-de-bioderecho-technological-innovation-and-biolaw-2\/\" \/>\n<meta property=\"og:site_name\" content=\"Observatorio de Bio\u00e9tica y Derecho\" \/>\n<meta property=\"article:published_time\" content=\"2016-10-19T18:09:16+00:00\" \/>\n<meta property=\"article:modified_time\" content=\"2016-10-20T12:58:25+00:00\" \/>\n<meta property=\"og:image\" content=\"https:\/\/medicina.udd.cl\/observatorio-bioetica-derecho\/files\/2016\/10\/IMG_8300-1024x683.jpg\" \/>\n\t<meta property=\"og:image:width\" content=\"1024\" \/>\n\t<meta property=\"og:image:height\" content=\"683\" \/>\n\t<meta property=\"og:image:type\" content=\"image\/jpeg\" \/>\n<meta name=\"twitter:label1\" content=\"Escrito por\" \/>\n\t<meta name=\"twitter:data1\" content=\"\" \/>\n\t<meta name=\"twitter:label2\" content=\"Tiempo de lectura\" \/>\n\t<meta name=\"twitter:data2\" content=\"2 minutos\" \/>\n<script type=\"application\/ld+json\" class=\"yoast-schema-graph\">{\"@context\":\"https:\/\/schema.org\",\"@graph\":[{\"@type\":\"Article\",\"@id\":\"https:\/\/medicina.udd.cl\/observatorio-bioetica-derecho\/noticias\/2016\/10\/19\/curso-internacional-de-bioderecho-technological-innovation-and-biolaw-2\/#article\",\"isPartOf\":{\"@id\":\"https:\/\/medicina.udd.cl\/observatorio-bioetica-derecho\/noticias\/2016\/10\/19\/curso-internacional-de-bioderecho-technological-innovation-and-biolaw-2\/\"},\"author\":{\"name\":\"\",\"@id\":\"\"},\"headline\":\"Curso internacional de Bioderecho \u00abTechnological Innovation and Biolaw\u00bb\",\"datePublished\":\"2016-10-19T18:09:16+00:00\",\"dateModified\":\"2016-10-20T12:58:25+00:00\",\"mainEntityOfPage\":{\"@id\":\"https:\/\/medicina.udd.cl\/observatorio-bioetica-derecho\/noticias\/2016\/10\/19\/curso-internacional-de-bioderecho-technological-innovation-and-biolaw-2\/\"},\"wordCount\":359,\"commentCount\":0,\"image\":{\"@id\":\"https:\/\/medicina.udd.cl\/observatorio-bioetica-derecho\/noticias\/2016\/10\/19\/curso-internacional-de-bioderecho-technological-innovation-and-biolaw-2\/#primaryimage\"},\"thumbnailUrl\":\"https:\/\/medicina.udd.cl\/observatorio-bioetica-derecho\/files\/2016\/10\/IMG_8300.jpg\",\"articleSection\":[\"Noticias\"],\"inLanguage\":\"es\",\"potentialAction\":[{\"@type\":\"CommentAction\",\"name\":\"Comment\",\"target\":[\"https:\/\/medicina.udd.cl\/observatorio-bioetica-derecho\/noticias\/2016\/10\/19\/curso-internacional-de-bioderecho-technological-innovation-and-biolaw-2\/#respond\"]}]},{\"@type\":\"WebPage\",\"@id\":\"https:\/\/medicina.udd.cl\/observatorio-bioetica-derecho\/noticias\/2016\/10\/19\/curso-internacional-de-bioderecho-technological-innovation-and-biolaw-2\/\",\"url\":\"https:\/\/medicina.udd.cl\/observatorio-bioetica-derecho\/noticias\/2016\/10\/19\/curso-internacional-de-bioderecho-technological-innovation-and-biolaw-2\/\",\"name\":\"Curso internacional de Bioderecho \\\"Technological Innovation and Biolaw\\\" - Observatorio de Bio\u00e9tica y Derecho\",\"isPartOf\":{\"@id\":\"https:\/\/medicina.udd.cl\/observatorio-bioetica-derecho\/#website\"},\"primaryImageOfPage\":{\"@id\":\"https:\/\/medicina.udd.cl\/observatorio-bioetica-derecho\/noticias\/2016\/10\/19\/curso-internacional-de-bioderecho-technological-innovation-and-biolaw-2\/#primaryimage\"},\"image\":{\"@id\":\"https:\/\/medicina.udd.cl\/observatorio-bioetica-derecho\/noticias\/2016\/10\/19\/curso-internacional-de-bioderecho-technological-innovation-and-biolaw-2\/#primaryimage\"},\"thumbnailUrl\":\"https:\/\/medicina.udd.cl\/observatorio-bioetica-derecho\/files\/2016\/10\/IMG_8300.jpg\",\"datePublished\":\"2016-10-19T18:09:16+00:00\",\"dateModified\":\"2016-10-20T12:58:25+00:00\",\"author\":{\"@id\":\"\"},\"breadcrumb\":{\"@id\":\"https:\/\/medicina.udd.cl\/observatorio-bioetica-derecho\/noticias\/2016\/10\/19\/curso-internacional-de-bioderecho-technological-innovation-and-biolaw-2\/#breadcrumb\"},\"inLanguage\":\"es\",\"potentialAction\":[{\"@type\":\"ReadAction\",\"target\":[\"https:\/\/medicina.udd.cl\/observatorio-bioetica-derecho\/noticias\/2016\/10\/19\/curso-internacional-de-bioderecho-technological-innovation-and-biolaw-2\/\"]}]},{\"@type\":\"ImageObject\",\"inLanguage\":\"es\",\"@id\":\"https:\/\/medicina.udd.cl\/observatorio-bioetica-derecho\/noticias\/2016\/10\/19\/curso-internacional-de-bioderecho-technological-innovation-and-biolaw-2\/#primaryimage\",\"url\":\"https:\/\/medicina.udd.cl\/observatorio-bioetica-derecho\/files\/2016\/10\/IMG_8300.jpg\",\"contentUrl\":\"https:\/\/medicina.udd.cl\/observatorio-bioetica-derecho\/files\/2016\/10\/IMG_8300.jpg\",\"width\":5184,\"height\":3456},{\"@type\":\"BreadcrumbList\",\"@id\":\"https:\/\/medicina.udd.cl\/observatorio-bioetica-derecho\/noticias\/2016\/10\/19\/curso-internacional-de-bioderecho-technological-innovation-and-biolaw-2\/#breadcrumb\",\"itemListElement\":[{\"@type\":\"ListItem\",\"position\":1,\"name\":\"Home\",\"item\":\"https:\/\/medicina.udd.cl\/observatorio-bioetica-derecho\/\"},{\"@type\":\"ListItem\",\"position\":2,\"name\":\"Curso internacional de Bioderecho \u00abTechnological Innovation and Biolaw\u00bb\"}]},{\"@type\":\"WebSite\",\"@id\":\"https:\/\/medicina.udd.cl\/observatorio-bioetica-derecho\/#website\",\"url\":\"https:\/\/medicina.udd.cl\/observatorio-bioetica-derecho\/\",\"name\":\"Observatorio de Bio\u00e9tica y Derecho\",\"description\":\"Observatorio de Bio\u00e9tica y Derecho\",\"inLanguage\":\"es\"},{\"@type\":\"Person\",\"@id\":\"\",\"url\":\"https:\/\/medicina.udd.cl\/observatorio-bioetica-derecho\/noticias\/author\/\"}]}<\/script>\n<!-- \/ Yoast SEO plugin. -->","yoast_head_json":{"title":"Curso internacional de Bioderecho \"Technological Innovation and Biolaw\" - Observatorio de Bio\u00e9tica y Derecho","robots":{"index":"index","follow":"follow","max-snippet":"max-snippet:-1","max-image-preview":"max-image-preview:large","max-video-preview":"max-video-preview:-1"},"canonical":"https:\/\/medicina.udd.cl\/observatorio-bioetica-derecho\/noticias\/2016\/10\/19\/curso-internacional-de-bioderecho-technological-innovation-and-biolaw-2\/","og_locale":"es_ES","og_type":"article","og_title":"Curso internacional de Bioderecho \"Technological Innovation and Biolaw\" - Observatorio de Bio\u00e9tica y Derecho","og_description":"Organizado por el Observatorio de Bio\u00e9tica y Derecho y patrocinado por la Vicerrector\u00eda de Investigaci\u00f3n y Doctorados, cont\u00f3 con la participaci\u00f3n del destacado expositor Amedeo Santosuosso, director cient\u00edfico del European Centre for Law, Science and New Technologies de la Universidad de Pav\u00eda, Italia.","og_url":"https:\/\/medicina.udd.cl\/observatorio-bioetica-derecho\/noticias\/2016\/10\/19\/curso-internacional-de-bioderecho-technological-innovation-and-biolaw-2\/","og_site_name":"Observatorio de Bio\u00e9tica y Derecho","article_published_time":"2016-10-19T18:09:16+00:00","article_modified_time":"2016-10-20T12:58:25+00:00","og_image":[{"width":1024,"height":683,"url":"https:\/\/medicina.udd.cl\/observatorio-bioetica-derecho\/files\/2016\/10\/IMG_8300-1024x683.jpg","type":"image\/jpeg"}],"twitter_misc":{"Escrito por":"","Tiempo de lectura":"2 minutos"},"schema":{"@context":"https:\/\/schema.org","@graph":[{"@type":"Article","@id":"https:\/\/medicina.udd.cl\/observatorio-bioetica-derecho\/noticias\/2016\/10\/19\/curso-internacional-de-bioderecho-technological-innovation-and-biolaw-2\/#article","isPartOf":{"@id":"https:\/\/medicina.udd.cl\/observatorio-bioetica-derecho\/noticias\/2016\/10\/19\/curso-internacional-de-bioderecho-technological-innovation-and-biolaw-2\/"},"author":{"name":"","@id":""},"headline":"Curso internacional de Bioderecho \u00abTechnological Innovation and Biolaw\u00bb","datePublished":"2016-10-19T18:09:16+00:00","dateModified":"2016-10-20T12:58:25+00:00","mainEntityOfPage":{"@id":"https:\/\/medicina.udd.cl\/observatorio-bioetica-derecho\/noticias\/2016\/10\/19\/curso-internacional-de-bioderecho-technological-innovation-and-biolaw-2\/"},"wordCount":359,"commentCount":0,"image":{"@id":"https:\/\/medicina.udd.cl\/observatorio-bioetica-derecho\/noticias\/2016\/10\/19\/curso-internacional-de-bioderecho-technological-innovation-and-biolaw-2\/#primaryimage"},"thumbnailUrl":"https:\/\/medicina.udd.cl\/observatorio-bioetica-derecho\/files\/2016\/10\/IMG_8300.jpg","articleSection":["Noticias"],"inLanguage":"es","potentialAction":[{"@type":"CommentAction","name":"Comment","target":["https:\/\/medicina.udd.cl\/observatorio-bioetica-derecho\/noticias\/2016\/10\/19\/curso-internacional-de-bioderecho-technological-innovation-and-biolaw-2\/#respond"]}]},{"@type":"WebPage","@id":"https:\/\/medicina.udd.cl\/observatorio-bioetica-derecho\/noticias\/2016\/10\/19\/curso-internacional-de-bioderecho-technological-innovation-and-biolaw-2\/","url":"https:\/\/medicina.udd.cl\/observatorio-bioetica-derecho\/noticias\/2016\/10\/19\/curso-internacional-de-bioderecho-technological-innovation-and-biolaw-2\/","name":"Curso internacional de Bioderecho \"Technological Innovation and Biolaw\" - Observatorio de Bio\u00e9tica y Derecho","isPartOf":{"@id":"https:\/\/medicina.udd.cl\/observatorio-bioetica-derecho\/#website"},"primaryImageOfPage":{"@id":"https:\/\/medicina.udd.cl\/observatorio-bioetica-derecho\/noticias\/2016\/10\/19\/curso-internacional-de-bioderecho-technological-innovation-and-biolaw-2\/#primaryimage"},"image":{"@id":"https:\/\/medicina.udd.cl\/observatorio-bioetica-derecho\/noticias\/2016\/10\/19\/curso-internacional-de-bioderecho-technological-innovation-and-biolaw-2\/#primaryimage"},"thumbnailUrl":"https:\/\/medicina.udd.cl\/observatorio-bioetica-derecho\/files\/2016\/10\/IMG_8300.jpg","datePublished":"2016-10-19T18:09:16+00:00","dateModified":"2016-10-20T12:58:25+00:00","author":{"@id":""},"breadcrumb":{"@id":"https:\/\/medicina.udd.cl\/observatorio-bioetica-derecho\/noticias\/2016\/10\/19\/curso-internacional-de-bioderecho-technological-innovation-and-biolaw-2\/#breadcrumb"},"inLanguage":"es","potentialAction":[{"@type":"ReadAction","target":["https:\/\/medicina.udd.cl\/observatorio-bioetica-derecho\/noticias\/2016\/10\/19\/curso-internacional-de-bioderecho-technological-innovation-and-biolaw-2\/"]}]},{"@type":"ImageObject","inLanguage":"es","@id":"https:\/\/medicina.udd.cl\/observatorio-bioetica-derecho\/noticias\/2016\/10\/19\/curso-internacional-de-bioderecho-technological-innovation-and-biolaw-2\/#primaryimage","url":"https:\/\/medicina.udd.cl\/observatorio-bioetica-derecho\/files\/2016\/10\/IMG_8300.jpg","contentUrl":"https:\/\/medicina.udd.cl\/observatorio-bioetica-derecho\/files\/2016\/10\/IMG_8300.jpg","width":5184,"height":3456},{"@type":"BreadcrumbList","@id":"https:\/\/medicina.udd.cl\/observatorio-bioetica-derecho\/noticias\/2016\/10\/19\/curso-internacional-de-bioderecho-technological-innovation-and-biolaw-2\/#breadcrumb","itemListElement":[{"@type":"ListItem","position":1,"name":"Home","item":"https:\/\/medicina.udd.cl\/observatorio-bioetica-derecho\/"},{"@type":"ListItem","position":2,"name":"Curso internacional de Bioderecho \u00abTechnological Innovation and Biolaw\u00bb"}]},{"@type":"WebSite","@id":"https:\/\/medicina.udd.cl\/observatorio-bioetica-derecho\/#website","url":"https:\/\/medicina.udd.cl\/observatorio-bioetica-derecho\/","name":"Observatorio de Bio\u00e9tica y Derecho","description":"Observatorio de Bio\u00e9tica y Derecho","inLanguage":"es"},{"@type":"Person","@id":"","url":"https:\/\/medicina.udd.cl\/observatorio-bioetica-derecho\/noticias\/author\/"}]}},"featured_image_url":"https:\/\/medicina.udd.cl\/observatorio-bioetica-derecho\/files\/2016\/10\/IMG_8300.jpg","_links":{"self":[{"href":"https:\/\/medicina.udd.cl\/observatorio-bioetica-derecho\/wp-json\/wp\/v2\/posts\/896","targetHints":{"allow":["GET"]}}],"collection":[{"href":"https:\/\/medicina.udd.cl\/observatorio-bioetica-derecho\/wp-json\/wp\/v2\/posts"}],"about":[{"href":"https:\/\/medicina.udd.cl\/observatorio-bioetica-derecho\/wp-json\/wp\/v2\/types\/post"}],"author":[{"embeddable":true,"href":"https:\/\/medicina.udd.cl\/observatorio-bioetica-derecho\/wp-json\/wp\/v2\/users\/42"}],"replies":[{"embeddable":true,"href":"https:\/\/medicina.udd.cl\/observatorio-bioetica-derecho\/wp-json\/wp\/v2\/comments?post=896"}],"version-history":[{"count":4,"href":"https:\/\/medicina.udd.cl\/observatorio-bioetica-derecho\/wp-json\/wp\/v2\/posts\/896\/revisions"}],"predecessor-version":[{"id":905,"href":"https:\/\/medicina.udd.cl\/observatorio-bioetica-derecho\/wp-json\/wp\/v2\/posts\/896\/revisions\/905"}],"wp:featuredmedia":[{"embeddable":true,"href":"https:\/\/medicina.udd.cl\/observatorio-bioetica-derecho\/wp-json\/wp\/v2\/media\/901"}],"wp:attachment":[{"href":"https:\/\/medicina.udd.cl\/observatorio-bioetica-derecho\/wp-json\/wp\/v2\/media?parent=896"}],"wp:term":[{"taxonomy":"category","embeddable":true,"href":"https:\/\/medicina.udd.cl\/observatorio-bioetica-derecho\/wp-json\/wp\/v2\/categories?post=896"},{"taxonomy":"post_tag","embeddable":true,"href":"https:\/\/medicina.udd.cl\/observatorio-bioetica-derecho\/wp-json\/wp\/v2\/tags?post=896"}],"curies":[{"name":"wp","href":"https:\/\/api.w.org\/{rel}","templated":true}]}}