{"id":953,"date":"2018-05-08T13:25:19","date_gmt":"2018-05-08T16:25:19","guid":{"rendered":"http:\/\/medicina.udd.cl\/observatorio-bioetica-derecho\/?p=953"},"modified":"2018-05-08T13:25:19","modified_gmt":"2018-05-08T16:25:19","slug":"docente-udd-participara-en-comite-asesor-de-bioetica-de-fondecyt","status":"publish","type":"post","link":"https:\/\/medicina.udd.cl\/observatorio-bioetica-derecho\/noticias\/2018\/05\/08\/docente-udd-participara-en-comite-asesor-de-bioetica-de-fondecyt\/","title":{"rendered":"Docente UDD participar\u00e1 en Comit\u00e9 Asesor de Bio\u00e9tica de Fondecyt"},"content":{"rendered":"<p style=\"text-align: justify;\">Alberto Lecaros, director del Centro de Bio\u00e9tica de la Facultad de Medicina Cl\u00ednica Alemana Universidad del Desarrollo ser\u00e1 integrante del Comit\u00e9 Asesor de Bio\u00e9tica del Fondo Nacional de Desarrollo Cient\u00edfico y Tecnol\u00f3gico (Fondecyt).<\/p>\n<p style=\"text-align: justify;\">El investigador UDD ser\u00e1 parte de la instancia hasta mayo de 2019, brindando asesor\u00eda en la evaluaci\u00f3n y selecci\u00f3n de los proyectos que se presentan a los distintos concursos de Fondecyt, que involucren investigaci\u00f3n con seres humanos y animales, adem\u00e1s de reforzar los aspectos \u00e9ticos\/bio\u00e9ticos concernientes a las actividades cient\u00edficas patrocinadas por la entidad.<\/p>\n<p style=\"text-align: justify;\">El nombramiento del abogado Alberto Lecaros se enmarca en su experiencia en estudios del impacto \u00e9tico, jur\u00eddico, social y pol\u00edtico de las regulaciones legales, reglamentarias y administrativas\u00a0en materia de bio\u00e9tica en nuestro pa\u00eds, sumada a su trayectoria en el an\u00e1lisis de los temas regulatorios en el \u00e1rea de la biomedicina.<\/p>\n","protected":false},"excerpt":{"rendered":"<p>Alberto Lecaros, director del Centro de Bio\u00e9tica y del Observatorio de Bio\u00e9tica y Derecho, integrar\u00e1 este comit\u00e9, cuya misi\u00f3n es asesorar al Fondo Nacional de Desarrollo Cient\u00edfico y Tecnol\u00f3gico en la evaluaci\u00f3n y selecci\u00f3n de los proyectos que involucran investigaci\u00f3n con seres vivos que se presentan en sus distintos concursos. <\/p>\n","protected":false},"author":42,"featured_media":850,"comment_status":"open","ping_status":"open","sticky":false,"template":"","format":"standard","meta":{"footnotes":""},"categories":[4],"tags":[],"class_list":["post-953","post","type-post","status-publish","format-standard","has-post-thumbnail","hentry","category-noticias"],"yoast_head":"<!-- This site is optimized with the Yoast SEO plugin v26.9 - https:\/\/yoast.com\/product\/yoast-seo-wordpress\/ -->\n<title>Docente UDD participar\u00e1 en Comit\u00e9 Asesor de Bio\u00e9tica de Fondecyt - Observatorio de Bio\u00e9tica y Derecho<\/title>\n<meta name=\"robots\" content=\"index, follow, max-snippet:-1, max-image-preview:large, max-video-preview:-1\" \/>\n<link rel=\"canonical\" href=\"https:\/\/medicina.udd.cl\/observatorio-bioetica-derecho\/noticias\/2018\/05\/08\/docente-udd-participara-en-comite-asesor-de-bioetica-de-fondecyt\/\" \/>\n<meta property=\"og:locale\" content=\"es_ES\" \/>\n<meta property=\"og:type\" content=\"article\" \/>\n<meta property=\"og:title\" content=\"Docente UDD participar\u00e1 en Comit\u00e9 Asesor de Bio\u00e9tica de Fondecyt - Observatorio de Bio\u00e9tica y Derecho\" \/>\n<meta property=\"og:description\" content=\"Alberto Lecaros, director del Centro de Bio\u00e9tica y del Observatorio de Bio\u00e9tica y Derecho, integrar\u00e1 este comit\u00e9, cuya misi\u00f3n es asesorar al Fondo Nacional de Desarrollo Cient\u00edfico y Tecnol\u00f3gico en la evaluaci\u00f3n y selecci\u00f3n de los proyectos que involucran investigaci\u00f3n con seres vivos que se presentan en sus distintos concursos.\" \/>\n<meta property=\"og:url\" content=\"https:\/\/medicina.udd.cl\/observatorio-bioetica-derecho\/noticias\/2018\/05\/08\/docente-udd-participara-en-comite-asesor-de-bioetica-de-fondecyt\/\" \/>\n<meta property=\"og:site_name\" content=\"Observatorio de Bio\u00e9tica y Derecho\" \/>\n<meta property=\"article:published_time\" content=\"2018-05-08T16:25:19+00:00\" \/>\n<meta property=\"og:image\" content=\"https:\/\/medicina.udd.cl\/observatorio-bioetica-derecho\/files\/2016\/01\/alberto-1024x684.jpg\" \/>\n\t<meta property=\"og:image:width\" content=\"1024\" \/>\n\t<meta property=\"og:image:height\" content=\"684\" \/>\n\t<meta property=\"og:image:type\" content=\"image\/jpeg\" \/>\n<meta name=\"twitter:label1\" content=\"Escrito por\" \/>\n\t<meta name=\"twitter:data1\" content=\"\" \/>\n\t<meta name=\"twitter:label2\" content=\"Tiempo de lectura\" \/>\n\t<meta name=\"twitter:data2\" content=\"1 minuto\" \/>\n<script type=\"application\/ld+json\" class=\"yoast-schema-graph\">{\"@context\":\"https:\/\/schema.org\",\"@graph\":[{\"@type\":\"Article\",\"@id\":\"https:\/\/medicina.udd.cl\/observatorio-bioetica-derecho\/noticias\/2018\/05\/08\/docente-udd-participara-en-comite-asesor-de-bioetica-de-fondecyt\/#article\",\"isPartOf\":{\"@id\":\"https:\/\/medicina.udd.cl\/observatorio-bioetica-derecho\/noticias\/2018\/05\/08\/docente-udd-participara-en-comite-asesor-de-bioetica-de-fondecyt\/\"},\"author\":{\"name\":\"\",\"@id\":\"\"},\"headline\":\"Docente UDD participar\u00e1 en Comit\u00e9 Asesor de Bio\u00e9tica de Fondecyt\",\"datePublished\":\"2018-05-08T16:25:19+00:00\",\"mainEntityOfPage\":{\"@id\":\"https:\/\/medicina.udd.cl\/observatorio-bioetica-derecho\/noticias\/2018\/05\/08\/docente-udd-participara-en-comite-asesor-de-bioetica-de-fondecyt\/\"},\"wordCount\":166,\"commentCount\":0,\"image\":{\"@id\":\"https:\/\/medicina.udd.cl\/observatorio-bioetica-derecho\/noticias\/2018\/05\/08\/docente-udd-participara-en-comite-asesor-de-bioetica-de-fondecyt\/#primaryimage\"},\"thumbnailUrl\":\"https:\/\/medicina.udd.cl\/observatorio-bioetica-derecho\/files\/2016\/01\/alberto.jpg\",\"articleSection\":[\"Noticias\"],\"inLanguage\":\"es\",\"potentialAction\":[{\"@type\":\"CommentAction\",\"name\":\"Comment\",\"target\":[\"https:\/\/medicina.udd.cl\/observatorio-bioetica-derecho\/noticias\/2018\/05\/08\/docente-udd-participara-en-comite-asesor-de-bioetica-de-fondecyt\/#respond\"]}]},{\"@type\":\"WebPage\",\"@id\":\"https:\/\/medicina.udd.cl\/observatorio-bioetica-derecho\/noticias\/2018\/05\/08\/docente-udd-participara-en-comite-asesor-de-bioetica-de-fondecyt\/\",\"url\":\"https:\/\/medicina.udd.cl\/observatorio-bioetica-derecho\/noticias\/2018\/05\/08\/docente-udd-participara-en-comite-asesor-de-bioetica-de-fondecyt\/\",\"name\":\"Docente UDD participar\u00e1 en Comit\u00e9 Asesor de Bio\u00e9tica de Fondecyt - Observatorio de Bio\u00e9tica y Derecho\",\"isPartOf\":{\"@id\":\"https:\/\/medicina.udd.cl\/observatorio-bioetica-derecho\/#website\"},\"primaryImageOfPage\":{\"@id\":\"https:\/\/medicina.udd.cl\/observatorio-bioetica-derecho\/noticias\/2018\/05\/08\/docente-udd-participara-en-comite-asesor-de-bioetica-de-fondecyt\/#primaryimage\"},\"image\":{\"@id\":\"https:\/\/medicina.udd.cl\/observatorio-bioetica-derecho\/noticias\/2018\/05\/08\/docente-udd-participara-en-comite-asesor-de-bioetica-de-fondecyt\/#primaryimage\"},\"thumbnailUrl\":\"https:\/\/medicina.udd.cl\/observatorio-bioetica-derecho\/files\/2016\/01\/alberto.jpg\",\"datePublished\":\"2018-05-08T16:25:19+00:00\",\"author\":{\"@id\":\"\"},\"breadcrumb\":{\"@id\":\"https:\/\/medicina.udd.cl\/observatorio-bioetica-derecho\/noticias\/2018\/05\/08\/docente-udd-participara-en-comite-asesor-de-bioetica-de-fondecyt\/#breadcrumb\"},\"inLanguage\":\"es\",\"potentialAction\":[{\"@type\":\"ReadAction\",\"target\":[\"https:\/\/medicina.udd.cl\/observatorio-bioetica-derecho\/noticias\/2018\/05\/08\/docente-udd-participara-en-comite-asesor-de-bioetica-de-fondecyt\/\"]}]},{\"@type\":\"ImageObject\",\"inLanguage\":\"es\",\"@id\":\"https:\/\/medicina.udd.cl\/observatorio-bioetica-derecho\/noticias\/2018\/05\/08\/docente-udd-participara-en-comite-asesor-de-bioetica-de-fondecyt\/#primaryimage\",\"url\":\"https:\/\/medicina.udd.cl\/observatorio-bioetica-derecho\/files\/2016\/01\/alberto.jpg\",\"contentUrl\":\"https:\/\/medicina.udd.cl\/observatorio-bioetica-derecho\/files\/2016\/01\/alberto.jpg\",\"width\":4616,\"height\":3083},{\"@type\":\"BreadcrumbList\",\"@id\":\"https:\/\/medicina.udd.cl\/observatorio-bioetica-derecho\/noticias\/2018\/05\/08\/docente-udd-participara-en-comite-asesor-de-bioetica-de-fondecyt\/#breadcrumb\",\"itemListElement\":[{\"@type\":\"ListItem\",\"position\":1,\"name\":\"Home\",\"item\":\"https:\/\/medicina.udd.cl\/observatorio-bioetica-derecho\/\"},{\"@type\":\"ListItem\",\"position\":2,\"name\":\"Docente UDD participar\u00e1 en Comit\u00e9 Asesor de Bio\u00e9tica de Fondecyt\"}]},{\"@type\":\"WebSite\",\"@id\":\"https:\/\/medicina.udd.cl\/observatorio-bioetica-derecho\/#website\",\"url\":\"https:\/\/medicina.udd.cl\/observatorio-bioetica-derecho\/\",\"name\":\"Observatorio de Bio\u00e9tica y Derecho\",\"description\":\"Observatorio de Bio\u00e9tica y Derecho\",\"inLanguage\":\"es\"},{\"@type\":\"Person\",\"@id\":\"\",\"url\":\"https:\/\/medicina.udd.cl\/observatorio-bioetica-derecho\/noticias\/author\/\"}]}<\/script>\n<!-- \/ Yoast SEO plugin. -->","yoast_head_json":{"title":"Docente UDD participar\u00e1 en Comit\u00e9 Asesor de Bio\u00e9tica de Fondecyt - Observatorio de Bio\u00e9tica y Derecho","robots":{"index":"index","follow":"follow","max-snippet":"max-snippet:-1","max-image-preview":"max-image-preview:large","max-video-preview":"max-video-preview:-1"},"canonical":"https:\/\/medicina.udd.cl\/observatorio-bioetica-derecho\/noticias\/2018\/05\/08\/docente-udd-participara-en-comite-asesor-de-bioetica-de-fondecyt\/","og_locale":"es_ES","og_type":"article","og_title":"Docente UDD participar\u00e1 en Comit\u00e9 Asesor de Bio\u00e9tica de Fondecyt - Observatorio de Bio\u00e9tica y Derecho","og_description":"Alberto Lecaros, director del Centro de Bio\u00e9tica y del Observatorio de Bio\u00e9tica y Derecho, integrar\u00e1 este comit\u00e9, cuya misi\u00f3n es asesorar al Fondo Nacional de Desarrollo Cient\u00edfico y Tecnol\u00f3gico en la evaluaci\u00f3n y selecci\u00f3n de los proyectos que involucran investigaci\u00f3n con seres vivos que se presentan en sus distintos concursos.","og_url":"https:\/\/medicina.udd.cl\/observatorio-bioetica-derecho\/noticias\/2018\/05\/08\/docente-udd-participara-en-comite-asesor-de-bioetica-de-fondecyt\/","og_site_name":"Observatorio de Bio\u00e9tica y Derecho","article_published_time":"2018-05-08T16:25:19+00:00","og_image":[{"width":1024,"height":684,"url":"https:\/\/medicina.udd.cl\/observatorio-bioetica-derecho\/files\/2016\/01\/alberto-1024x684.jpg","type":"image\/jpeg"}],"twitter_misc":{"Escrito por":"","Tiempo de lectura":"1 minuto"},"schema":{"@context":"https:\/\/schema.org","@graph":[{"@type":"Article","@id":"https:\/\/medicina.udd.cl\/observatorio-bioetica-derecho\/noticias\/2018\/05\/08\/docente-udd-participara-en-comite-asesor-de-bioetica-de-fondecyt\/#article","isPartOf":{"@id":"https:\/\/medicina.udd.cl\/observatorio-bioetica-derecho\/noticias\/2018\/05\/08\/docente-udd-participara-en-comite-asesor-de-bioetica-de-fondecyt\/"},"author":{"name":"","@id":""},"headline":"Docente UDD participar\u00e1 en Comit\u00e9 Asesor de Bio\u00e9tica de Fondecyt","datePublished":"2018-05-08T16:25:19+00:00","mainEntityOfPage":{"@id":"https:\/\/medicina.udd.cl\/observatorio-bioetica-derecho\/noticias\/2018\/05\/08\/docente-udd-participara-en-comite-asesor-de-bioetica-de-fondecyt\/"},"wordCount":166,"commentCount":0,"image":{"@id":"https:\/\/medicina.udd.cl\/observatorio-bioetica-derecho\/noticias\/2018\/05\/08\/docente-udd-participara-en-comite-asesor-de-bioetica-de-fondecyt\/#primaryimage"},"thumbnailUrl":"https:\/\/medicina.udd.cl\/observatorio-bioetica-derecho\/files\/2016\/01\/alberto.jpg","articleSection":["Noticias"],"inLanguage":"es","potentialAction":[{"@type":"CommentAction","name":"Comment","target":["https:\/\/medicina.udd.cl\/observatorio-bioetica-derecho\/noticias\/2018\/05\/08\/docente-udd-participara-en-comite-asesor-de-bioetica-de-fondecyt\/#respond"]}]},{"@type":"WebPage","@id":"https:\/\/medicina.udd.cl\/observatorio-bioetica-derecho\/noticias\/2018\/05\/08\/docente-udd-participara-en-comite-asesor-de-bioetica-de-fondecyt\/","url":"https:\/\/medicina.udd.cl\/observatorio-bioetica-derecho\/noticias\/2018\/05\/08\/docente-udd-participara-en-comite-asesor-de-bioetica-de-fondecyt\/","name":"Docente UDD participar\u00e1 en Comit\u00e9 Asesor de Bio\u00e9tica de Fondecyt - Observatorio de Bio\u00e9tica y Derecho","isPartOf":{"@id":"https:\/\/medicina.udd.cl\/observatorio-bioetica-derecho\/#website"},"primaryImageOfPage":{"@id":"https:\/\/medicina.udd.cl\/observatorio-bioetica-derecho\/noticias\/2018\/05\/08\/docente-udd-participara-en-comite-asesor-de-bioetica-de-fondecyt\/#primaryimage"},"image":{"@id":"https:\/\/medicina.udd.cl\/observatorio-bioetica-derecho\/noticias\/2018\/05\/08\/docente-udd-participara-en-comite-asesor-de-bioetica-de-fondecyt\/#primaryimage"},"thumbnailUrl":"https:\/\/medicina.udd.cl\/observatorio-bioetica-derecho\/files\/2016\/01\/alberto.jpg","datePublished":"2018-05-08T16:25:19+00:00","author":{"@id":""},"breadcrumb":{"@id":"https:\/\/medicina.udd.cl\/observatorio-bioetica-derecho\/noticias\/2018\/05\/08\/docente-udd-participara-en-comite-asesor-de-bioetica-de-fondecyt\/#breadcrumb"},"inLanguage":"es","potentialAction":[{"@type":"ReadAction","target":["https:\/\/medicina.udd.cl\/observatorio-bioetica-derecho\/noticias\/2018\/05\/08\/docente-udd-participara-en-comite-asesor-de-bioetica-de-fondecyt\/"]}]},{"@type":"ImageObject","inLanguage":"es","@id":"https:\/\/medicina.udd.cl\/observatorio-bioetica-derecho\/noticias\/2018\/05\/08\/docente-udd-participara-en-comite-asesor-de-bioetica-de-fondecyt\/#primaryimage","url":"https:\/\/medicina.udd.cl\/observatorio-bioetica-derecho\/files\/2016\/01\/alberto.jpg","contentUrl":"https:\/\/medicina.udd.cl\/observatorio-bioetica-derecho\/files\/2016\/01\/alberto.jpg","width":4616,"height":3083},{"@type":"BreadcrumbList","@id":"https:\/\/medicina.udd.cl\/observatorio-bioetica-derecho\/noticias\/2018\/05\/08\/docente-udd-participara-en-comite-asesor-de-bioetica-de-fondecyt\/#breadcrumb","itemListElement":[{"@type":"ListItem","position":1,"name":"Home","item":"https:\/\/medicina.udd.cl\/observatorio-bioetica-derecho\/"},{"@type":"ListItem","position":2,"name":"Docente UDD participar\u00e1 en Comit\u00e9 Asesor de Bio\u00e9tica de Fondecyt"}]},{"@type":"WebSite","@id":"https:\/\/medicina.udd.cl\/observatorio-bioetica-derecho\/#website","url":"https:\/\/medicina.udd.cl\/observatorio-bioetica-derecho\/","name":"Observatorio de Bio\u00e9tica y Derecho","description":"Observatorio de Bio\u00e9tica y Derecho","inLanguage":"es"},{"@type":"Person","@id":"","url":"https:\/\/medicina.udd.cl\/observatorio-bioetica-derecho\/noticias\/author\/"}]}},"featured_image_url":"https:\/\/medicina.udd.cl\/observatorio-bioetica-derecho\/files\/2016\/01\/alberto.jpg","_links":{"self":[{"href":"https:\/\/medicina.udd.cl\/observatorio-bioetica-derecho\/wp-json\/wp\/v2\/posts\/953","targetHints":{"allow":["GET"]}}],"collection":[{"href":"https:\/\/medicina.udd.cl\/observatorio-bioetica-derecho\/wp-json\/wp\/v2\/posts"}],"about":[{"href":"https:\/\/medicina.udd.cl\/observatorio-bioetica-derecho\/wp-json\/wp\/v2\/types\/post"}],"author":[{"embeddable":true,"href":"https:\/\/medicina.udd.cl\/observatorio-bioetica-derecho\/wp-json\/wp\/v2\/users\/42"}],"replies":[{"embeddable":true,"href":"https:\/\/medicina.udd.cl\/observatorio-bioetica-derecho\/wp-json\/wp\/v2\/comments?post=953"}],"version-history":[{"count":1,"href":"https:\/\/medicina.udd.cl\/observatorio-bioetica-derecho\/wp-json\/wp\/v2\/posts\/953\/revisions"}],"predecessor-version":[{"id":954,"href":"https:\/\/medicina.udd.cl\/observatorio-bioetica-derecho\/wp-json\/wp\/v2\/posts\/953\/revisions\/954"}],"wp:featuredmedia":[{"embeddable":true,"href":"https:\/\/medicina.udd.cl\/observatorio-bioetica-derecho\/wp-json\/wp\/v2\/media\/850"}],"wp:attachment":[{"href":"https:\/\/medicina.udd.cl\/observatorio-bioetica-derecho\/wp-json\/wp\/v2\/media?parent=953"}],"wp:term":[{"taxonomy":"category","embeddable":true,"href":"https:\/\/medicina.udd.cl\/observatorio-bioetica-derecho\/wp-json\/wp\/v2\/categories?post=953"},{"taxonomy":"post_tag","embeddable":true,"href":"https:\/\/medicina.udd.cl\/observatorio-bioetica-derecho\/wp-json\/wp\/v2\/tags?post=953"}],"curies":[{"name":"wp","href":"https:\/\/api.w.org\/{rel}","templated":true}]}}