{"id":1,"date":"2018-05-25T13:42:32","date_gmt":"2018-05-25T13:42:32","guid":{"rendered":"http:\/\/medicina.udd.cl\/obstetricia-santiago\/?p=1"},"modified":"2018-09-14T12:32:07","modified_gmt":"2018-09-14T12:32:07","slug":"hola-mundo","status":"publish","type":"post","link":"https:\/\/medicina.udd.cl\/obstetricia-santiago\/2018\/05\/25\/hola-mundo\/","title":{"rendered":"UDD IMPARTIR\u00c1 OBSTETRICIA EN SU SEDE DE SANTIAGO"},"content":{"rendered":"<p><img loading=\"lazy\" decoding=\"async\" class=\"alignnone size-thumbnail wp-image-9\" src=\"http:\/\/medicina.udd.cl\/obstetricia-santiago\/files\/2018\/09\/obstetricia-150x150.jpg\" alt=\"\" width=\"150\" height=\"150\" srcset=\"https:\/\/medicina.udd.cl\/obstetricia-santiago\/files\/2018\/09\/obstetricia-150x150.jpg 150w, https:\/\/medicina.udd.cl\/obstetricia-santiago\/files\/2018\/09\/obstetricia-62x62.jpg 62w, https:\/\/medicina.udd.cl\/obstetricia-santiago\/files\/2018\/09\/obstetricia-300x300.jpg 300w, https:\/\/medicina.udd.cl\/obstetricia-santiago\/files\/2018\/09\/obstetricia-126x126.jpg 126w\" sizes=\"auto, (max-width: 150px) 100vw, 150px\" \/><\/p>\n<p>A partir de marzo de 2019, la Universidad del Desarrollo (UDD) ofrecer\u00e1 la carrera de\u00a0<a class=\"out\" href=\"http:\/\/obstetricia.udd.cl\/\" rel=\"External\">Obstetricia<\/a>\u00a0en su sede de Santiago, un programa de estudios que se agrega a las otras carreras que ya imparte: Medicina, Odontolog\u00eda, Enfermer\u00eda, Nutrici\u00f3n y Diet\u00e9tica, Kinesiolog\u00eda, Fonoaudiolog\u00eda y Tecnolog\u00eda M\u00e9dica.<\/p>\n<p>El decano de la Facultad de Medicina Cl\u00ednica Alemana Universidad del Desarrollo, Ricardo Ronco, destac\u00f3 que \u201cdetectamos mucho inter\u00e9s por estudiar esta carrera. Queremos ofrecer una formaci\u00f3n moderna que extienda el horizonte del rol tradicional de las matronas, especialmente en un pa\u00eds con cambios relevantes en su composici\u00f3n cultural y social\u201d.<\/p>\n<p>Obstetricia tendr\u00e1 una duraci\u00f3n de cinco a\u00f1os, con un programa enfocado a formar matronas (es) que otorguen una completa y oportuna atenci\u00f3n a las parejas en los \u00e1mbitos relacionados con la Salud Sexual y Reproductiva; as\u00ed como la Planificaci\u00f3n Familiar. Esta disciplina tambi\u00e9n se har\u00e1 cargo de las mujeres en lo relacionado con su ciclo menstrual, el autoconocimiento de su cuerpo y en la etapa del climaterio. Por \u00faltimo, tendr\u00e1 un especial \u00e9nfasis en la asistencia del parto y en brindar una atenci\u00f3n integral, con acciones de prevenci\u00f3n, promoci\u00f3n, rehabilitaci\u00f3n y recuperaci\u00f3n de la mujer en su experiencia de maternidad.<\/p>\n<p>La presentaci\u00f3n oficial de la carrera se realiz\u00f3 el s\u00e1bado 26 de mayo en el marco de \u201cCl\u00ednica UDD: Examina tu futuro\u201d, organizado por la Direcci\u00f3n de Admisi\u00f3n de la Universidad junto a la Facultad de Medicina.<\/p>\n","protected":false},"excerpt":{"rendered":"<p>La carrera -que se iniciar\u00e1 en marzo de 2019- tendr\u00e1 una duraci\u00f3n de cinco a\u00f1os y se suma a las siete carreras de la salud que forman parte de la Facultad de Medicina Cl\u00ednica Alemana Universidad del Desarrollo.<\/p>\n","protected":false},"author":9192194,"featured_media":9,"comment_status":"open","ping_status":"open","sticky":false,"template":"","format":"standard","meta":{"footnotes":""},"categories":[4],"tags":[],"class_list":["post-1","post","type-post","status-publish","format-standard","has-post-thumbnail","hentry","category-noticias"],"yoast_head":"<!-- This site is optimized with the Yoast SEO plugin v26.9 - https:\/\/yoast.com\/product\/yoast-seo-wordpress\/ -->\n<title>UDD IMPARTIR\u00c1 OBSTETRICIA EN SU SEDE DE SANTIAGO - Obstetricia<\/title>\n<meta name=\"robots\" content=\"index, follow, max-snippet:-1, max-image-preview:large, max-video-preview:-1\" \/>\n<link rel=\"canonical\" href=\"https:\/\/medicina.udd.cl\/obstetricia-santiago\/2018\/05\/25\/hola-mundo\/\" \/>\n<meta property=\"og:locale\" content=\"es_ES\" \/>\n<meta property=\"og:type\" content=\"article\" \/>\n<meta property=\"og:title\" content=\"UDD IMPARTIR\u00c1 OBSTETRICIA EN SU SEDE DE SANTIAGO - Obstetricia\" \/>\n<meta property=\"og:description\" content=\"La carrera -que se iniciar\u00e1 en marzo de 2019- tendr\u00e1 una duraci\u00f3n de cinco a\u00f1os y se suma a las siete carreras de la salud que forman parte de la Facultad de Medicina Cl\u00ednica Alemana Universidad del Desarrollo.\" \/>\n<meta property=\"og:url\" content=\"https:\/\/medicina.udd.cl\/obstetricia-santiago\/2018\/05\/25\/hola-mundo\/\" \/>\n<meta property=\"og:site_name\" content=\"Obstetricia\" \/>\n<meta property=\"article:published_time\" content=\"2018-05-25T13:42:32+00:00\" \/>\n<meta property=\"article:modified_time\" content=\"2018-09-14T12:32:07+00:00\" \/>\n<meta property=\"og:image\" content=\"https:\/\/medicina.udd.cl\/obstetricia-santiago\/files\/2018\/09\/obstetricia.jpg\" \/>\n\t<meta property=\"og:image:width\" content=\"900\" \/>\n\t<meta property=\"og:image:height\" content=\"500\" \/>\n\t<meta property=\"og:image:type\" content=\"image\/jpeg\" \/>\n<meta name=\"author\" content=\"anaramirez\" \/>\n<meta name=\"twitter:card\" content=\"summary_large_image\" \/>\n<meta name=\"twitter:label1\" content=\"Escrito por\" \/>\n\t<meta name=\"twitter:data1\" content=\"anaramirez\" \/>\n\t<meta name=\"twitter:label2\" content=\"Tiempo de lectura\" \/>\n\t<meta name=\"twitter:data2\" content=\"1 minuto\" \/>\n<script type=\"application\/ld+json\" class=\"yoast-schema-graph\">{\"@context\":\"https:\/\/schema.org\",\"@graph\":[{\"@type\":\"Article\",\"@id\":\"https:\/\/medicina.udd.cl\/obstetricia-santiago\/2018\/05\/25\/hola-mundo\/#article\",\"isPartOf\":{\"@id\":\"https:\/\/medicina.udd.cl\/obstetricia-santiago\/2018\/05\/25\/hola-mundo\/\"},\"author\":{\"name\":\"anaramirez\",\"@id\":\"https:\/\/medicina.udd.cl\/obstetricia-santiago\/#\/schema\/person\/a6153bcbec1af5c60ee9a54bf350e50e\"},\"headline\":\"UDD IMPARTIR\u00c1 OBSTETRICIA EN SU SEDE DE SANTIAGO\",\"datePublished\":\"2018-05-25T13:42:32+00:00\",\"dateModified\":\"2018-09-14T12:32:07+00:00\",\"mainEntityOfPage\":{\"@id\":\"https:\/\/medicina.udd.cl\/obstetricia-santiago\/2018\/05\/25\/hola-mundo\/\"},\"wordCount\":268,\"commentCount\":1,\"image\":{\"@id\":\"https:\/\/medicina.udd.cl\/obstetricia-santiago\/2018\/05\/25\/hola-mundo\/#primaryimage\"},\"thumbnailUrl\":\"https:\/\/medicina.udd.cl\/obstetricia-santiago\/files\/2018\/09\/obstetricia.jpg\",\"articleSection\":[\"Noticias\"],\"inLanguage\":\"es\",\"potentialAction\":[{\"@type\":\"CommentAction\",\"name\":\"Comment\",\"target\":[\"https:\/\/medicina.udd.cl\/obstetricia-santiago\/2018\/05\/25\/hola-mundo\/#respond\"]}]},{\"@type\":\"WebPage\",\"@id\":\"https:\/\/medicina.udd.cl\/obstetricia-santiago\/2018\/05\/25\/hola-mundo\/\",\"url\":\"https:\/\/medicina.udd.cl\/obstetricia-santiago\/2018\/05\/25\/hola-mundo\/\",\"name\":\"UDD IMPARTIR\u00c1 OBSTETRICIA EN SU SEDE DE SANTIAGO - Obstetricia\",\"isPartOf\":{\"@id\":\"https:\/\/medicina.udd.cl\/obstetricia-santiago\/#website\"},\"primaryImageOfPage\":{\"@id\":\"https:\/\/medicina.udd.cl\/obstetricia-santiago\/2018\/05\/25\/hola-mundo\/#primaryimage\"},\"image\":{\"@id\":\"https:\/\/medicina.udd.cl\/obstetricia-santiago\/2018\/05\/25\/hola-mundo\/#primaryimage\"},\"thumbnailUrl\":\"https:\/\/medicina.udd.cl\/obstetricia-santiago\/files\/2018\/09\/obstetricia.jpg\",\"datePublished\":\"2018-05-25T13:42:32+00:00\",\"dateModified\":\"2018-09-14T12:32:07+00:00\",\"author\":{\"@id\":\"https:\/\/medicina.udd.cl\/obstetricia-santiago\/#\/schema\/person\/a6153bcbec1af5c60ee9a54bf350e50e\"},\"breadcrumb\":{\"@id\":\"https:\/\/medicina.udd.cl\/obstetricia-santiago\/2018\/05\/25\/hola-mundo\/#breadcrumb\"},\"inLanguage\":\"es\",\"potentialAction\":[{\"@type\":\"ReadAction\",\"target\":[\"https:\/\/medicina.udd.cl\/obstetricia-santiago\/2018\/05\/25\/hola-mundo\/\"]}]},{\"@type\":\"ImageObject\",\"inLanguage\":\"es\",\"@id\":\"https:\/\/medicina.udd.cl\/obstetricia-santiago\/2018\/05\/25\/hola-mundo\/#primaryimage\",\"url\":\"https:\/\/medicina.udd.cl\/obstetricia-santiago\/files\/2018\/09\/obstetricia.jpg\",\"contentUrl\":\"https:\/\/medicina.udd.cl\/obstetricia-santiago\/files\/2018\/09\/obstetricia.jpg\",\"width\":900,\"height\":500},{\"@type\":\"BreadcrumbList\",\"@id\":\"https:\/\/medicina.udd.cl\/obstetricia-santiago\/2018\/05\/25\/hola-mundo\/#breadcrumb\",\"itemListElement\":[{\"@type\":\"ListItem\",\"position\":1,\"name\":\"Portada\",\"item\":\"https:\/\/medicina.udd.cl\/obstetricia-santiago\/\"},{\"@type\":\"ListItem\",\"position\":2,\"name\":\"UDD IMPARTIR\u00c1 OBSTETRICIA EN SU SEDE DE SANTIAGO\"}]},{\"@type\":\"WebSite\",\"@id\":\"https:\/\/medicina.udd.cl\/obstetricia-santiago\/#website\",\"url\":\"https:\/\/medicina.udd.cl\/obstetricia-santiago\/\",\"name\":\"Obstetricia\",\"description\":\"Facultad de Medicina Cl\u00ednica Alemana Universidad del Desarrollo\",\"inLanguage\":\"es\"},{\"@type\":\"Person\",\"@id\":\"https:\/\/medicina.udd.cl\/obstetricia-santiago\/#\/schema\/person\/a6153bcbec1af5c60ee9a54bf350e50e\",\"name\":\"anaramirez\",\"image\":{\"@type\":\"ImageObject\",\"inLanguage\":\"es\",\"@id\":\"https:\/\/medicina.udd.cl\/obstetricia-santiago\/#\/schema\/person\/image\/\",\"url\":\"https:\/\/secure.gravatar.com\/avatar\/7951b2c13488540f5ce68d55abe3e023f8dff33769284143eb6d9863891b3b24?s=96&d=mm&r=g\",\"contentUrl\":\"https:\/\/secure.gravatar.com\/avatar\/7951b2c13488540f5ce68d55abe3e023f8dff33769284143eb6d9863891b3b24?s=96&d=mm&r=g\",\"caption\":\"anaramirez\"},\"url\":\"https:\/\/medicina.udd.cl\/obstetricia-santiago\/author\/anaramirez\/\"}]}<\/script>\n<!-- \/ Yoast SEO plugin. -->","yoast_head_json":{"title":"UDD IMPARTIR\u00c1 OBSTETRICIA EN SU SEDE DE SANTIAGO - Obstetricia","robots":{"index":"index","follow":"follow","max-snippet":"max-snippet:-1","max-image-preview":"max-image-preview:large","max-video-preview":"max-video-preview:-1"},"canonical":"https:\/\/medicina.udd.cl\/obstetricia-santiago\/2018\/05\/25\/hola-mundo\/","og_locale":"es_ES","og_type":"article","og_title":"UDD IMPARTIR\u00c1 OBSTETRICIA EN SU SEDE DE SANTIAGO - Obstetricia","og_description":"La carrera -que se iniciar\u00e1 en marzo de 2019- tendr\u00e1 una duraci\u00f3n de cinco a\u00f1os y se suma a las siete carreras de la salud que forman parte de la Facultad de Medicina Cl\u00ednica Alemana Universidad del Desarrollo.","og_url":"https:\/\/medicina.udd.cl\/obstetricia-santiago\/2018\/05\/25\/hola-mundo\/","og_site_name":"Obstetricia","article_published_time":"2018-05-25T13:42:32+00:00","article_modified_time":"2018-09-14T12:32:07+00:00","og_image":[{"width":900,"height":500,"url":"https:\/\/medicina.udd.cl\/obstetricia-santiago\/files\/2018\/09\/obstetricia.jpg","type":"image\/jpeg"}],"author":"anaramirez","twitter_card":"summary_large_image","twitter_misc":{"Escrito por":"anaramirez","Tiempo de lectura":"1 minuto"},"schema":{"@context":"https:\/\/schema.org","@graph":[{"@type":"Article","@id":"https:\/\/medicina.udd.cl\/obstetricia-santiago\/2018\/05\/25\/hola-mundo\/#article","isPartOf":{"@id":"https:\/\/medicina.udd.cl\/obstetricia-santiago\/2018\/05\/25\/hola-mundo\/"},"author":{"name":"anaramirez","@id":"https:\/\/medicina.udd.cl\/obstetricia-santiago\/#\/schema\/person\/a6153bcbec1af5c60ee9a54bf350e50e"},"headline":"UDD IMPARTIR\u00c1 OBSTETRICIA EN SU SEDE DE SANTIAGO","datePublished":"2018-05-25T13:42:32+00:00","dateModified":"2018-09-14T12:32:07+00:00","mainEntityOfPage":{"@id":"https:\/\/medicina.udd.cl\/obstetricia-santiago\/2018\/05\/25\/hola-mundo\/"},"wordCount":268,"commentCount":1,"image":{"@id":"https:\/\/medicina.udd.cl\/obstetricia-santiago\/2018\/05\/25\/hola-mundo\/#primaryimage"},"thumbnailUrl":"https:\/\/medicina.udd.cl\/obstetricia-santiago\/files\/2018\/09\/obstetricia.jpg","articleSection":["Noticias"],"inLanguage":"es","potentialAction":[{"@type":"CommentAction","name":"Comment","target":["https:\/\/medicina.udd.cl\/obstetricia-santiago\/2018\/05\/25\/hola-mundo\/#respond"]}]},{"@type":"WebPage","@id":"https:\/\/medicina.udd.cl\/obstetricia-santiago\/2018\/05\/25\/hola-mundo\/","url":"https:\/\/medicina.udd.cl\/obstetricia-santiago\/2018\/05\/25\/hola-mundo\/","name":"UDD IMPARTIR\u00c1 OBSTETRICIA EN SU SEDE DE SANTIAGO - Obstetricia","isPartOf":{"@id":"https:\/\/medicina.udd.cl\/obstetricia-santiago\/#website"},"primaryImageOfPage":{"@id":"https:\/\/medicina.udd.cl\/obstetricia-santiago\/2018\/05\/25\/hola-mundo\/#primaryimage"},"image":{"@id":"https:\/\/medicina.udd.cl\/obstetricia-santiago\/2018\/05\/25\/hola-mundo\/#primaryimage"},"thumbnailUrl":"https:\/\/medicina.udd.cl\/obstetricia-santiago\/files\/2018\/09\/obstetricia.jpg","datePublished":"2018-05-25T13:42:32+00:00","dateModified":"2018-09-14T12:32:07+00:00","author":{"@id":"https:\/\/medicina.udd.cl\/obstetricia-santiago\/#\/schema\/person\/a6153bcbec1af5c60ee9a54bf350e50e"},"breadcrumb":{"@id":"https:\/\/medicina.udd.cl\/obstetricia-santiago\/2018\/05\/25\/hola-mundo\/#breadcrumb"},"inLanguage":"es","potentialAction":[{"@type":"ReadAction","target":["https:\/\/medicina.udd.cl\/obstetricia-santiago\/2018\/05\/25\/hola-mundo\/"]}]},{"@type":"ImageObject","inLanguage":"es","@id":"https:\/\/medicina.udd.cl\/obstetricia-santiago\/2018\/05\/25\/hola-mundo\/#primaryimage","url":"https:\/\/medicina.udd.cl\/obstetricia-santiago\/files\/2018\/09\/obstetricia.jpg","contentUrl":"https:\/\/medicina.udd.cl\/obstetricia-santiago\/files\/2018\/09\/obstetricia.jpg","width":900,"height":500},{"@type":"BreadcrumbList","@id":"https:\/\/medicina.udd.cl\/obstetricia-santiago\/2018\/05\/25\/hola-mundo\/#breadcrumb","itemListElement":[{"@type":"ListItem","position":1,"name":"Portada","item":"https:\/\/medicina.udd.cl\/obstetricia-santiago\/"},{"@type":"ListItem","position":2,"name":"UDD IMPARTIR\u00c1 OBSTETRICIA EN SU SEDE DE SANTIAGO"}]},{"@type":"WebSite","@id":"https:\/\/medicina.udd.cl\/obstetricia-santiago\/#website","url":"https:\/\/medicina.udd.cl\/obstetricia-santiago\/","name":"Obstetricia","description":"Facultad de Medicina Cl\u00ednica Alemana Universidad del Desarrollo","inLanguage":"es"},{"@type":"Person","@id":"https:\/\/medicina.udd.cl\/obstetricia-santiago\/#\/schema\/person\/a6153bcbec1af5c60ee9a54bf350e50e","name":"anaramirez","image":{"@type":"ImageObject","inLanguage":"es","@id":"https:\/\/medicina.udd.cl\/obstetricia-santiago\/#\/schema\/person\/image\/","url":"https:\/\/secure.gravatar.com\/avatar\/7951b2c13488540f5ce68d55abe3e023f8dff33769284143eb6d9863891b3b24?s=96&d=mm&r=g","contentUrl":"https:\/\/secure.gravatar.com\/avatar\/7951b2c13488540f5ce68d55abe3e023f8dff33769284143eb6d9863891b3b24?s=96&d=mm&r=g","caption":"anaramirez"},"url":"https:\/\/medicina.udd.cl\/obstetricia-santiago\/author\/anaramirez\/"}]}},"featured_image_url":"https:\/\/medicina.udd.cl\/obstetricia-santiago\/files\/2018\/09\/obstetricia.jpg","_links":{"self":[{"href":"https:\/\/medicina.udd.cl\/obstetricia-santiago\/wp-json\/wp\/v2\/posts\/1","targetHints":{"allow":["GET"]}}],"collection":[{"href":"https:\/\/medicina.udd.cl\/obstetricia-santiago\/wp-json\/wp\/v2\/posts"}],"about":[{"href":"https:\/\/medicina.udd.cl\/obstetricia-santiago\/wp-json\/wp\/v2\/types\/post"}],"author":[{"embeddable":true,"href":"https:\/\/medicina.udd.cl\/obstetricia-santiago\/wp-json\/wp\/v2\/users\/9192194"}],"replies":[{"embeddable":true,"href":"https:\/\/medicina.udd.cl\/obstetricia-santiago\/wp-json\/wp\/v2\/comments?post=1"}],"version-history":[{"count":3,"href":"https:\/\/medicina.udd.cl\/obstetricia-santiago\/wp-json\/wp\/v2\/posts\/1\/revisions"}],"predecessor-version":[{"id":72,"href":"https:\/\/medicina.udd.cl\/obstetricia-santiago\/wp-json\/wp\/v2\/posts\/1\/revisions\/72"}],"wp:featuredmedia":[{"embeddable":true,"href":"https:\/\/medicina.udd.cl\/obstetricia-santiago\/wp-json\/wp\/v2\/media\/9"}],"wp:attachment":[{"href":"https:\/\/medicina.udd.cl\/obstetricia-santiago\/wp-json\/wp\/v2\/media?parent=1"}],"wp:term":[{"taxonomy":"category","embeddable":true,"href":"https:\/\/medicina.udd.cl\/obstetricia-santiago\/wp-json\/wp\/v2\/categories?post=1"},{"taxonomy":"post_tag","embeddable":true,"href":"https:\/\/medicina.udd.cl\/obstetricia-santiago\/wp-json\/wp\/v2\/tags?post=1"}],"curies":[{"name":"wp","href":"https:\/\/api.w.org\/{rel}","templated":true}]}}