{"id":2070,"date":"2024-10-10T21:33:52","date_gmt":"2024-10-11T00:33:52","guid":{"rendered":"https:\/\/medicina.udd.cl\/obstetricia-santiago\/?p=2070"},"modified":"2024-10-22T21:45:27","modified_gmt":"2024-10-23T00:45:27","slug":"autoridades-de-obstetricia-visitan-espana-para-potenciar-la-globalizacion-de-la-carrera","status":"publish","type":"post","link":"https:\/\/medicina.udd.cl\/obstetricia-santiago\/2024\/10\/10\/autoridades-de-obstetricia-visitan-espana-para-potenciar-la-globalizacion-de-la-carrera\/","title":{"rendered":"Autoridades de Obstetricia visitan Espa\u00f1a para potenciar la globalizaci\u00f3n de la carrera"},"content":{"rendered":"\n<p><\/p>\n\n\n\n<figure class=\"wp-block-gallery has-nested-images columns-default is-cropped wp-block-gallery-1 is-layout-flex wp-block-gallery-is-layout-flex\">\n<figure class=\"wp-block-image size-large\"><img loading=\"lazy\" decoding=\"async\" width=\"1024\" height=\"790\" data-id=\"2072\" src=\"https:\/\/medicina.udd.cl\/obstetricia-santiago\/files\/2024\/10\/foto-2-barcelona-2024-1024x790.jpg\" alt=\"\" class=\"wp-image-2072\" srcset=\"https:\/\/medicina.udd.cl\/obstetricia-santiago\/files\/2024\/10\/foto-2-barcelona-2024-1024x790.jpg 1024w, https:\/\/medicina.udd.cl\/obstetricia-santiago\/files\/2024\/10\/foto-2-barcelona-2024-300x231.jpg 300w, https:\/\/medicina.udd.cl\/obstetricia-santiago\/files\/2024\/10\/foto-2-barcelona-2024-768x592.jpg 768w, https:\/\/medicina.udd.cl\/obstetricia-santiago\/files\/2024\/10\/foto-2-barcelona-2024-182x140.jpg 182w, https:\/\/medicina.udd.cl\/obstetricia-santiago\/files\/2024\/10\/foto-2-barcelona-2024.jpg 1127w\" sizes=\"auto, (max-width: 1024px) 100vw, 1024px\" \/><\/figure>\n\n\n\n<figure class=\"wp-block-image size-large\"><img loading=\"lazy\" decoding=\"async\" width=\"1024\" height=\"737\" data-id=\"2071\" src=\"https:\/\/medicina.udd.cl\/obstetricia-santiago\/files\/2024\/10\/foto-barcelona-2024-1024x737.jpeg\" alt=\"\" class=\"wp-image-2071\" srcset=\"https:\/\/medicina.udd.cl\/obstetricia-santiago\/files\/2024\/10\/foto-barcelona-2024-1024x737.jpeg 1024w, https:\/\/medicina.udd.cl\/obstetricia-santiago\/files\/2024\/10\/foto-barcelona-2024-300x216.jpeg 300w, https:\/\/medicina.udd.cl\/obstetricia-santiago\/files\/2024\/10\/foto-barcelona-2024-768x553.jpeg 768w, https:\/\/medicina.udd.cl\/obstetricia-santiago\/files\/2024\/10\/foto-barcelona-2024-286x205.jpeg 286w, https:\/\/medicina.udd.cl\/obstetricia-santiago\/files\/2024\/10\/foto-barcelona-2024-87x62.jpeg 87w, https:\/\/medicina.udd.cl\/obstetricia-santiago\/files\/2024\/10\/foto-barcelona-2024.jpeg 1170w\" sizes=\"auto, (max-width: 1024px) 100vw, 1024px\" \/><\/figure>\n\n\n\n<figure class=\"wp-block-image size-large\"><img loading=\"lazy\" decoding=\"async\" width=\"1024\" height=\"725\" data-id=\"2073\" src=\"https:\/\/medicina.udd.cl\/obstetricia-santiago\/files\/2024\/10\/foto-madrid-2024-1024x725.jpg\" alt=\"\" class=\"wp-image-2073\" srcset=\"https:\/\/medicina.udd.cl\/obstetricia-santiago\/files\/2024\/10\/foto-madrid-2024-1024x725.jpg 1024w, https:\/\/medicina.udd.cl\/obstetricia-santiago\/files\/2024\/10\/foto-madrid-2024-300x212.jpg 300w, https:\/\/medicina.udd.cl\/obstetricia-santiago\/files\/2024\/10\/foto-madrid-2024-768x544.jpg 768w, https:\/\/medicina.udd.cl\/obstetricia-santiago\/files\/2024\/10\/foto-madrid-2024-316x224.jpg 316w, https:\/\/medicina.udd.cl\/obstetricia-santiago\/files\/2024\/10\/foto-madrid-2024-87x62.jpg 87w, https:\/\/medicina.udd.cl\/obstetricia-santiago\/files\/2024\/10\/foto-madrid-2024.jpg 1170w\" sizes=\"auto, (max-width: 1024px) 100vw, 1024px\" \/><\/figure>\n<\/figure>\n\n\n\n<p>Autoridades de la carrera de Obstetricia de la Facultad de Medicina Cl\u00ednica Alemana Universidad del Desarrollo (UDD) viajaron a Espa\u00f1a con el objetivo de fortalecer la internacionalizaci\u00f3n de la carrera. La visita, liderada por la Directora de la Carrera, Mimy Mayol, y el Coordinador de Postgrado e Investigaci\u00f3n, Mauricio L\u00f3pez, tuvo como prop\u00f3sito establecer convenios de colaboraci\u00f3n acad\u00e9mica en las ciudades de Madrid y Barcelona.<\/p>\n\n\n\n<p>Esta iniciativa forma parte de los objetivos estrat\u00e9gicos de la carrera, orientados a posicionarla tanto a nivel nacional como internacional, aline\u00e1ndose con la visi\u00f3n del proyecto UDD Futuro. En esta ocasi\u00f3n, las autoridades participaron en reuniones con diversas instituciones acad\u00e9micas y de salud, explorando posibilidades de colaboraci\u00f3n que abarquen tanto el pregrado como el postgrado, as\u00ed como especializaciones en el \u00e1rea de la Matroner\u00eda.<\/p>\n\n\n\n<p>Durante la visita, sostuvieron reuniones con diversas instituciones acad\u00e9micas, como el Hospital Universitario de La Paz (Madrid), el Hospital Mutua Terrassa (Barcelona), la Facultad de Medicina de la Universidad de Barcelona y la sede de Maternidad del Hospital Cl\u00ednic de Barcelona. En todos ellos concretaron diferentes acuerdos y trabajaron las propuestas que desarrollar\u00e1n en cada uno de ellos.<\/p>\n\n\n\n<p>La visita a Espa\u00f1a refleja el compromiso de la carrera de Obstetricia UDD con la globalizaci\u00f3n y el fortalecimiento del perfil profesional de sus estudiantes. A trav\u00e9s de estos convenios, la carrera busca ofrecer una formaci\u00f3n con un enfoque global en salud materno-perinatal, respondiendo a los desaf\u00edos actuales y futuros del \u00e1mbito de la Matroner\u00eda. Se espera que estos acuerdos permitan a los estudiantes acceder a experiencias internacionales, fortaleciendo sus competencias cl\u00ednicas y profesionales.<\/p>\n","protected":false},"excerpt":{"rendered":"<p>Autoridades de la carrera de Obstetricia de la Facultad de Medicina Cl\u00ednica Alemana Universidad del Desarrollo (UDD) viajaron a Espa\u00f1a con el objetivo de fortalecer la internacionalizaci\u00f3n de la carrera. La visita, liderada por la Directora de la Carrera, Mimy Mayol, y el Coordinador de Postgrado e Investigaci\u00f3n, Mauricio L\u00f3pez, tuvo como prop\u00f3sito establecer convenios [&hellip;]<\/p>\n","protected":false},"author":9192254,"featured_media":2073,"comment_status":"closed","ping_status":"open","sticky":false,"template":"","format":"standard","meta":{"footnotes":""},"categories":[4],"tags":[],"class_list":["post-2070","post","type-post","status-publish","format-standard","has-post-thumbnail","hentry","category-noticias"],"yoast_head":"<!-- This site is optimized with the Yoast SEO plugin v26.9 - https:\/\/yoast.com\/product\/yoast-seo-wordpress\/ -->\n<title>Autoridades de Obstetricia visitan Espa\u00f1a para potenciar la globalizaci\u00f3n de la carrera - Obstetricia<\/title>\n<meta name=\"robots\" content=\"index, follow, max-snippet:-1, max-image-preview:large, max-video-preview:-1\" \/>\n<link rel=\"canonical\" href=\"https:\/\/medicina.udd.cl\/obstetricia-santiago\/2024\/10\/10\/autoridades-de-obstetricia-visitan-espana-para-potenciar-la-globalizacion-de-la-carrera\/\" \/>\n<meta property=\"og:locale\" content=\"es_ES\" \/>\n<meta property=\"og:type\" content=\"article\" \/>\n<meta property=\"og:title\" content=\"Autoridades de Obstetricia visitan Espa\u00f1a para potenciar la globalizaci\u00f3n de la carrera - Obstetricia\" \/>\n<meta property=\"og:description\" content=\"Autoridades de la carrera de Obstetricia de la Facultad de Medicina Cl\u00ednica Alemana Universidad del Desarrollo (UDD) viajaron a Espa\u00f1a con el objetivo de fortalecer la internacionalizaci\u00f3n de la carrera. La visita, liderada por la Directora de la Carrera, Mimy Mayol, y el Coordinador de Postgrado e Investigaci\u00f3n, Mauricio L\u00f3pez, tuvo como prop\u00f3sito establecer convenios [&hellip;]\" \/>\n<meta property=\"og:url\" content=\"https:\/\/medicina.udd.cl\/obstetricia-santiago\/2024\/10\/10\/autoridades-de-obstetricia-visitan-espana-para-potenciar-la-globalizacion-de-la-carrera\/\" \/>\n<meta property=\"og:site_name\" content=\"Obstetricia\" \/>\n<meta property=\"article:published_time\" content=\"2024-10-11T00:33:52+00:00\" \/>\n<meta property=\"article:modified_time\" content=\"2024-10-23T00:45:27+00:00\" \/>\n<meta property=\"og:image\" content=\"https:\/\/medicina.udd.cl\/obstetricia-santiago\/files\/2024\/10\/foto-madrid-2024.jpg\" \/>\n\t<meta property=\"og:image:width\" content=\"1170\" \/>\n\t<meta property=\"og:image:height\" content=\"828\" \/>\n\t<meta property=\"og:image:type\" content=\"image\/jpeg\" \/>\n<meta name=\"author\" content=\"magdalenaestay\" \/>\n<meta name=\"twitter:card\" content=\"summary_large_image\" \/>\n<meta name=\"twitter:label1\" content=\"Escrito por\" \/>\n\t<meta name=\"twitter:data1\" content=\"magdalenaestay\" \/>\n\t<meta name=\"twitter:label2\" content=\"Tiempo de lectura\" \/>\n\t<meta name=\"twitter:data2\" content=\"2 minutos\" \/>\n<script type=\"application\/ld+json\" class=\"yoast-schema-graph\">{\"@context\":\"https:\/\/schema.org\",\"@graph\":[{\"@type\":\"Article\",\"@id\":\"https:\/\/medicina.udd.cl\/obstetricia-santiago\/2024\/10\/10\/autoridades-de-obstetricia-visitan-espana-para-potenciar-la-globalizacion-de-la-carrera\/#article\",\"isPartOf\":{\"@id\":\"https:\/\/medicina.udd.cl\/obstetricia-santiago\/2024\/10\/10\/autoridades-de-obstetricia-visitan-espana-para-potenciar-la-globalizacion-de-la-carrera\/\"},\"author\":{\"name\":\"magdalenaestay\",\"@id\":\"https:\/\/medicina.udd.cl\/obstetricia-santiago\/#\/schema\/person\/ed6f79d59c0f820f128a5bb9801ef1f2\"},\"headline\":\"Autoridades de Obstetricia visitan Espa\u00f1a para potenciar la globalizaci\u00f3n de la carrera\",\"datePublished\":\"2024-10-11T00:33:52+00:00\",\"dateModified\":\"2024-10-23T00:45:27+00:00\",\"mainEntityOfPage\":{\"@id\":\"https:\/\/medicina.udd.cl\/obstetricia-santiago\/2024\/10\/10\/autoridades-de-obstetricia-visitan-espana-para-potenciar-la-globalizacion-de-la-carrera\/\"},\"wordCount\":300,\"image\":{\"@id\":\"https:\/\/medicina.udd.cl\/obstetricia-santiago\/2024\/10\/10\/autoridades-de-obstetricia-visitan-espana-para-potenciar-la-globalizacion-de-la-carrera\/#primaryimage\"},\"thumbnailUrl\":\"https:\/\/medicina.udd.cl\/obstetricia-santiago\/files\/2024\/10\/foto-madrid-2024.jpg\",\"articleSection\":[\"Noticias\"],\"inLanguage\":\"es\"},{\"@type\":\"WebPage\",\"@id\":\"https:\/\/medicina.udd.cl\/obstetricia-santiago\/2024\/10\/10\/autoridades-de-obstetricia-visitan-espana-para-potenciar-la-globalizacion-de-la-carrera\/\",\"url\":\"https:\/\/medicina.udd.cl\/obstetricia-santiago\/2024\/10\/10\/autoridades-de-obstetricia-visitan-espana-para-potenciar-la-globalizacion-de-la-carrera\/\",\"name\":\"Autoridades de Obstetricia visitan Espa\u00f1a para potenciar la globalizaci\u00f3n de la carrera - Obstetricia\",\"isPartOf\":{\"@id\":\"https:\/\/medicina.udd.cl\/obstetricia-santiago\/#website\"},\"primaryImageOfPage\":{\"@id\":\"https:\/\/medicina.udd.cl\/obstetricia-santiago\/2024\/10\/10\/autoridades-de-obstetricia-visitan-espana-para-potenciar-la-globalizacion-de-la-carrera\/#primaryimage\"},\"image\":{\"@id\":\"https:\/\/medicina.udd.cl\/obstetricia-santiago\/2024\/10\/10\/autoridades-de-obstetricia-visitan-espana-para-potenciar-la-globalizacion-de-la-carrera\/#primaryimage\"},\"thumbnailUrl\":\"https:\/\/medicina.udd.cl\/obstetricia-santiago\/files\/2024\/10\/foto-madrid-2024.jpg\",\"datePublished\":\"2024-10-11T00:33:52+00:00\",\"dateModified\":\"2024-10-23T00:45:27+00:00\",\"author\":{\"@id\":\"https:\/\/medicina.udd.cl\/obstetricia-santiago\/#\/schema\/person\/ed6f79d59c0f820f128a5bb9801ef1f2\"},\"breadcrumb\":{\"@id\":\"https:\/\/medicina.udd.cl\/obstetricia-santiago\/2024\/10\/10\/autoridades-de-obstetricia-visitan-espana-para-potenciar-la-globalizacion-de-la-carrera\/#breadcrumb\"},\"inLanguage\":\"es\",\"potentialAction\":[{\"@type\":\"ReadAction\",\"target\":[\"https:\/\/medicina.udd.cl\/obstetricia-santiago\/2024\/10\/10\/autoridades-de-obstetricia-visitan-espana-para-potenciar-la-globalizacion-de-la-carrera\/\"]}]},{\"@type\":\"ImageObject\",\"inLanguage\":\"es\",\"@id\":\"https:\/\/medicina.udd.cl\/obstetricia-santiago\/2024\/10\/10\/autoridades-de-obstetricia-visitan-espana-para-potenciar-la-globalizacion-de-la-carrera\/#primaryimage\",\"url\":\"https:\/\/medicina.udd.cl\/obstetricia-santiago\/files\/2024\/10\/foto-madrid-2024.jpg\",\"contentUrl\":\"https:\/\/medicina.udd.cl\/obstetricia-santiago\/files\/2024\/10\/foto-madrid-2024.jpg\",\"width\":1170,\"height\":828},{\"@type\":\"BreadcrumbList\",\"@id\":\"https:\/\/medicina.udd.cl\/obstetricia-santiago\/2024\/10\/10\/autoridades-de-obstetricia-visitan-espana-para-potenciar-la-globalizacion-de-la-carrera\/#breadcrumb\",\"itemListElement\":[{\"@type\":\"ListItem\",\"position\":1,\"name\":\"Portada\",\"item\":\"https:\/\/medicina.udd.cl\/obstetricia-santiago\/\"},{\"@type\":\"ListItem\",\"position\":2,\"name\":\"Autoridades de Obstetricia visitan Espa\u00f1a para potenciar la globalizaci\u00f3n de la carrera\"}]},{\"@type\":\"WebSite\",\"@id\":\"https:\/\/medicina.udd.cl\/obstetricia-santiago\/#website\",\"url\":\"https:\/\/medicina.udd.cl\/obstetricia-santiago\/\",\"name\":\"Obstetricia\",\"description\":\"Facultad de Medicina Cl\u00ednica Alemana Universidad del Desarrollo\",\"inLanguage\":\"es\"},{\"@type\":\"Person\",\"@id\":\"https:\/\/medicina.udd.cl\/obstetricia-santiago\/#\/schema\/person\/ed6f79d59c0f820f128a5bb9801ef1f2\",\"name\":\"magdalenaestay\",\"image\":{\"@type\":\"ImageObject\",\"inLanguage\":\"es\",\"@id\":\"https:\/\/medicina.udd.cl\/obstetricia-santiago\/#\/schema\/person\/image\/\",\"url\":\"https:\/\/secure.gravatar.com\/avatar\/b068ccaa115501438dab22979d0ff56e6306c4f89777269db483369ec65d8dc1?s=96&d=mm&r=g\",\"contentUrl\":\"https:\/\/secure.gravatar.com\/avatar\/b068ccaa115501438dab22979d0ff56e6306c4f89777269db483369ec65d8dc1?s=96&d=mm&r=g\",\"caption\":\"magdalenaestay\"},\"url\":\"https:\/\/medicina.udd.cl\/obstetricia-santiago\/author\/magdalenaestay\/\"}]}<\/script>\n<!-- \/ Yoast SEO plugin. -->","yoast_head_json":{"title":"Autoridades de Obstetricia visitan Espa\u00f1a para potenciar la globalizaci\u00f3n de la carrera - Obstetricia","robots":{"index":"index","follow":"follow","max-snippet":"max-snippet:-1","max-image-preview":"max-image-preview:large","max-video-preview":"max-video-preview:-1"},"canonical":"https:\/\/medicina.udd.cl\/obstetricia-santiago\/2024\/10\/10\/autoridades-de-obstetricia-visitan-espana-para-potenciar-la-globalizacion-de-la-carrera\/","og_locale":"es_ES","og_type":"article","og_title":"Autoridades de Obstetricia visitan Espa\u00f1a para potenciar la globalizaci\u00f3n de la carrera - Obstetricia","og_description":"Autoridades de la carrera de Obstetricia de la Facultad de Medicina Cl\u00ednica Alemana Universidad del Desarrollo (UDD) viajaron a Espa\u00f1a con el objetivo de fortalecer la internacionalizaci\u00f3n de la carrera. La visita, liderada por la Directora de la Carrera, Mimy Mayol, y el Coordinador de Postgrado e Investigaci\u00f3n, Mauricio L\u00f3pez, tuvo como prop\u00f3sito establecer convenios [&hellip;]","og_url":"https:\/\/medicina.udd.cl\/obstetricia-santiago\/2024\/10\/10\/autoridades-de-obstetricia-visitan-espana-para-potenciar-la-globalizacion-de-la-carrera\/","og_site_name":"Obstetricia","article_published_time":"2024-10-11T00:33:52+00:00","article_modified_time":"2024-10-23T00:45:27+00:00","og_image":[{"width":1170,"height":828,"url":"https:\/\/medicina.udd.cl\/obstetricia-santiago\/files\/2024\/10\/foto-madrid-2024.jpg","type":"image\/jpeg"}],"author":"magdalenaestay","twitter_card":"summary_large_image","twitter_misc":{"Escrito por":"magdalenaestay","Tiempo de lectura":"2 minutos"},"schema":{"@context":"https:\/\/schema.org","@graph":[{"@type":"Article","@id":"https:\/\/medicina.udd.cl\/obstetricia-santiago\/2024\/10\/10\/autoridades-de-obstetricia-visitan-espana-para-potenciar-la-globalizacion-de-la-carrera\/#article","isPartOf":{"@id":"https:\/\/medicina.udd.cl\/obstetricia-santiago\/2024\/10\/10\/autoridades-de-obstetricia-visitan-espana-para-potenciar-la-globalizacion-de-la-carrera\/"},"author":{"name":"magdalenaestay","@id":"https:\/\/medicina.udd.cl\/obstetricia-santiago\/#\/schema\/person\/ed6f79d59c0f820f128a5bb9801ef1f2"},"headline":"Autoridades de Obstetricia visitan Espa\u00f1a para potenciar la globalizaci\u00f3n de la carrera","datePublished":"2024-10-11T00:33:52+00:00","dateModified":"2024-10-23T00:45:27+00:00","mainEntityOfPage":{"@id":"https:\/\/medicina.udd.cl\/obstetricia-santiago\/2024\/10\/10\/autoridades-de-obstetricia-visitan-espana-para-potenciar-la-globalizacion-de-la-carrera\/"},"wordCount":300,"image":{"@id":"https:\/\/medicina.udd.cl\/obstetricia-santiago\/2024\/10\/10\/autoridades-de-obstetricia-visitan-espana-para-potenciar-la-globalizacion-de-la-carrera\/#primaryimage"},"thumbnailUrl":"https:\/\/medicina.udd.cl\/obstetricia-santiago\/files\/2024\/10\/foto-madrid-2024.jpg","articleSection":["Noticias"],"inLanguage":"es"},{"@type":"WebPage","@id":"https:\/\/medicina.udd.cl\/obstetricia-santiago\/2024\/10\/10\/autoridades-de-obstetricia-visitan-espana-para-potenciar-la-globalizacion-de-la-carrera\/","url":"https:\/\/medicina.udd.cl\/obstetricia-santiago\/2024\/10\/10\/autoridades-de-obstetricia-visitan-espana-para-potenciar-la-globalizacion-de-la-carrera\/","name":"Autoridades de Obstetricia visitan Espa\u00f1a para potenciar la globalizaci\u00f3n de la carrera - Obstetricia","isPartOf":{"@id":"https:\/\/medicina.udd.cl\/obstetricia-santiago\/#website"},"primaryImageOfPage":{"@id":"https:\/\/medicina.udd.cl\/obstetricia-santiago\/2024\/10\/10\/autoridades-de-obstetricia-visitan-espana-para-potenciar-la-globalizacion-de-la-carrera\/#primaryimage"},"image":{"@id":"https:\/\/medicina.udd.cl\/obstetricia-santiago\/2024\/10\/10\/autoridades-de-obstetricia-visitan-espana-para-potenciar-la-globalizacion-de-la-carrera\/#primaryimage"},"thumbnailUrl":"https:\/\/medicina.udd.cl\/obstetricia-santiago\/files\/2024\/10\/foto-madrid-2024.jpg","datePublished":"2024-10-11T00:33:52+00:00","dateModified":"2024-10-23T00:45:27+00:00","author":{"@id":"https:\/\/medicina.udd.cl\/obstetricia-santiago\/#\/schema\/person\/ed6f79d59c0f820f128a5bb9801ef1f2"},"breadcrumb":{"@id":"https:\/\/medicina.udd.cl\/obstetricia-santiago\/2024\/10\/10\/autoridades-de-obstetricia-visitan-espana-para-potenciar-la-globalizacion-de-la-carrera\/#breadcrumb"},"inLanguage":"es","potentialAction":[{"@type":"ReadAction","target":["https:\/\/medicina.udd.cl\/obstetricia-santiago\/2024\/10\/10\/autoridades-de-obstetricia-visitan-espana-para-potenciar-la-globalizacion-de-la-carrera\/"]}]},{"@type":"ImageObject","inLanguage":"es","@id":"https:\/\/medicina.udd.cl\/obstetricia-santiago\/2024\/10\/10\/autoridades-de-obstetricia-visitan-espana-para-potenciar-la-globalizacion-de-la-carrera\/#primaryimage","url":"https:\/\/medicina.udd.cl\/obstetricia-santiago\/files\/2024\/10\/foto-madrid-2024.jpg","contentUrl":"https:\/\/medicina.udd.cl\/obstetricia-santiago\/files\/2024\/10\/foto-madrid-2024.jpg","width":1170,"height":828},{"@type":"BreadcrumbList","@id":"https:\/\/medicina.udd.cl\/obstetricia-santiago\/2024\/10\/10\/autoridades-de-obstetricia-visitan-espana-para-potenciar-la-globalizacion-de-la-carrera\/#breadcrumb","itemListElement":[{"@type":"ListItem","position":1,"name":"Portada","item":"https:\/\/medicina.udd.cl\/obstetricia-santiago\/"},{"@type":"ListItem","position":2,"name":"Autoridades de Obstetricia visitan Espa\u00f1a para potenciar la globalizaci\u00f3n de la carrera"}]},{"@type":"WebSite","@id":"https:\/\/medicina.udd.cl\/obstetricia-santiago\/#website","url":"https:\/\/medicina.udd.cl\/obstetricia-santiago\/","name":"Obstetricia","description":"Facultad de Medicina Cl\u00ednica Alemana Universidad del Desarrollo","inLanguage":"es"},{"@type":"Person","@id":"https:\/\/medicina.udd.cl\/obstetricia-santiago\/#\/schema\/person\/ed6f79d59c0f820f128a5bb9801ef1f2","name":"magdalenaestay","image":{"@type":"ImageObject","inLanguage":"es","@id":"https:\/\/medicina.udd.cl\/obstetricia-santiago\/#\/schema\/person\/image\/","url":"https:\/\/secure.gravatar.com\/avatar\/b068ccaa115501438dab22979d0ff56e6306c4f89777269db483369ec65d8dc1?s=96&d=mm&r=g","contentUrl":"https:\/\/secure.gravatar.com\/avatar\/b068ccaa115501438dab22979d0ff56e6306c4f89777269db483369ec65d8dc1?s=96&d=mm&r=g","caption":"magdalenaestay"},"url":"https:\/\/medicina.udd.cl\/obstetricia-santiago\/author\/magdalenaestay\/"}]}},"featured_image_url":"https:\/\/medicina.udd.cl\/obstetricia-santiago\/files\/2024\/10\/foto-madrid-2024.jpg","_links":{"self":[{"href":"https:\/\/medicina.udd.cl\/obstetricia-santiago\/wp-json\/wp\/v2\/posts\/2070","targetHints":{"allow":["GET"]}}],"collection":[{"href":"https:\/\/medicina.udd.cl\/obstetricia-santiago\/wp-json\/wp\/v2\/posts"}],"about":[{"href":"https:\/\/medicina.udd.cl\/obstetricia-santiago\/wp-json\/wp\/v2\/types\/post"}],"author":[{"embeddable":true,"href":"https:\/\/medicina.udd.cl\/obstetricia-santiago\/wp-json\/wp\/v2\/users\/9192254"}],"replies":[{"embeddable":true,"href":"https:\/\/medicina.udd.cl\/obstetricia-santiago\/wp-json\/wp\/v2\/comments?post=2070"}],"version-history":[{"count":1,"href":"https:\/\/medicina.udd.cl\/obstetricia-santiago\/wp-json\/wp\/v2\/posts\/2070\/revisions"}],"predecessor-version":[{"id":2074,"href":"https:\/\/medicina.udd.cl\/obstetricia-santiago\/wp-json\/wp\/v2\/posts\/2070\/revisions\/2074"}],"wp:featuredmedia":[{"embeddable":true,"href":"https:\/\/medicina.udd.cl\/obstetricia-santiago\/wp-json\/wp\/v2\/media\/2073"}],"wp:attachment":[{"href":"https:\/\/medicina.udd.cl\/obstetricia-santiago\/wp-json\/wp\/v2\/media?parent=2070"}],"wp:term":[{"taxonomy":"category","embeddable":true,"href":"https:\/\/medicina.udd.cl\/obstetricia-santiago\/wp-json\/wp\/v2\/categories?post=2070"},{"taxonomy":"post_tag","embeddable":true,"href":"https:\/\/medicina.udd.cl\/obstetricia-santiago\/wp-json\/wp\/v2\/tags?post=2070"}],"curies":[{"name":"wp","href":"https:\/\/api.w.org\/{rel}","templated":true}]}}