{"id":2464,"date":"2026-08-31T14:10:15","date_gmt":"2026-08-31T18:10:15","guid":{"rendered":"https:\/\/medicina.udd.cl\/obstetricia-santiago\/?p=2464"},"modified":"2026-08-31T14:10:16","modified_gmt":"2026-08-31T18:10:16","slug":"obstetricia-udd-conmemora-el-dia-de-la-matrona-y-el-matron-con-jornada-dedicada-a-los-nuevos-desafios-de-la-salud-de-la-mujer","status":"publish","type":"post","link":"https:\/\/medicina.udd.cl\/obstetricia-santiago\/2026\/08\/31\/obstetricia-udd-conmemora-el-dia-de-la-matrona-y-el-matron-con-jornada-dedicada-a-los-nuevos-desafios-de-la-salud-de-la-mujer\/","title":{"rendered":"Obstetricia UDD conmemora el D\u00eda de la Matrona y el Matr\u00f3n con jornada dedicada a los nuevos desaf\u00edos de la salud de la mujer"},"content":{"rendered":"\n<ul class=\"wp-block-list\">\n<li><strong>La actividad, realizada en el marco de la celebraci\u00f3n del D\u00eda de la Matrona y el Matr\u00f3n, reuni\u00f3 a estudiantes, docentes y profesionales en torno al climaterio, el envejecimiento poblacional y los nuevos desaf\u00edos para la Matroner\u00eda frente a los cambios demogr\u00e1ficos.<\/strong><\/li>\n<\/ul>\n\n\n\n<figure class=\"wp-block-gallery has-nested-images columns-default is-cropped wp-block-gallery-1 is-layout-flex wp-block-gallery-is-layout-flex\">\n<figure class=\"wp-block-image size-large\"><img loading=\"lazy\" decoding=\"async\" width=\"1024\" height=\"683\" data-id=\"2420\" src=\"https:\/\/medicina.udd.cl\/obstetricia-santiago\/files\/2026\/08\/obst-dia-de-la-matroneria-2026-16-1024x683.jpg\" alt=\"\" class=\"wp-image-2420\" srcset=\"https:\/\/medicina.udd.cl\/obstetricia-santiago\/files\/2026\/08\/obst-dia-de-la-matroneria-2026-16-1024x683.jpg 1024w, https:\/\/medicina.udd.cl\/obstetricia-santiago\/files\/2026\/08\/obst-dia-de-la-matroneria-2026-16-300x200.jpg 300w, https:\/\/medicina.udd.cl\/obstetricia-santiago\/files\/2026\/08\/obst-dia-de-la-matroneria-2026-16-768x512.jpg 768w, https:\/\/medicina.udd.cl\/obstetricia-santiago\/files\/2026\/08\/obst-dia-de-la-matroneria-2026-16-1536x1024.jpg 1536w, https:\/\/medicina.udd.cl\/obstetricia-santiago\/files\/2026\/08\/obst-dia-de-la-matroneria-2026-16-2048x1365.jpg 2048w\" sizes=\"auto, (max-width: 1024px) 100vw, 1024px\" \/><\/figure>\n\n\n\n<figure class=\"wp-block-image size-large\"><img loading=\"lazy\" decoding=\"async\" width=\"1024\" height=\"683\" data-id=\"2441\" src=\"https:\/\/medicina.udd.cl\/obstetricia-santiago\/files\/2026\/08\/obst-dia-de-la-matroneria-2026-73-1024x683.jpg\" alt=\"\" class=\"wp-image-2441\" srcset=\"https:\/\/medicina.udd.cl\/obstetricia-santiago\/files\/2026\/08\/obst-dia-de-la-matroneria-2026-73-1024x683.jpg 1024w, https:\/\/medicina.udd.cl\/obstetricia-santiago\/files\/2026\/08\/obst-dia-de-la-matroneria-2026-73-300x200.jpg 300w, https:\/\/medicina.udd.cl\/obstetricia-santiago\/files\/2026\/08\/obst-dia-de-la-matroneria-2026-73-768x512.jpg 768w, https:\/\/medicina.udd.cl\/obstetricia-santiago\/files\/2026\/08\/obst-dia-de-la-matroneria-2026-73-1536x1024.jpg 1536w, https:\/\/medicina.udd.cl\/obstetricia-santiago\/files\/2026\/08\/obst-dia-de-la-matroneria-2026-73-2048x1365.jpg 2048w\" sizes=\"auto, (max-width: 1024px) 100vw, 1024px\" \/><\/figure>\n\n\n\n<figure class=\"wp-block-image size-large\"><img loading=\"lazy\" decoding=\"async\" width=\"1024\" height=\"683\" data-id=\"2448\" src=\"https:\/\/medicina.udd.cl\/obstetricia-santiago\/files\/2026\/08\/obst-dia-de-la-matroneria-2026-94-1024x683.jpg\" alt=\"\" class=\"wp-image-2448\" srcset=\"https:\/\/medicina.udd.cl\/obstetricia-santiago\/files\/2026\/08\/obst-dia-de-la-matroneria-2026-94-1024x683.jpg 1024w, https:\/\/medicina.udd.cl\/obstetricia-santiago\/files\/2026\/08\/obst-dia-de-la-matroneria-2026-94-300x200.jpg 300w, https:\/\/medicina.udd.cl\/obstetricia-santiago\/files\/2026\/08\/obst-dia-de-la-matroneria-2026-94-768x512.jpg 768w, https:\/\/medicina.udd.cl\/obstetricia-santiago\/files\/2026\/08\/obst-dia-de-la-matroneria-2026-94-1536x1024.jpg 1536w, https:\/\/medicina.udd.cl\/obstetricia-santiago\/files\/2026\/08\/obst-dia-de-la-matroneria-2026-94-2048x1365.jpg 2048w\" sizes=\"auto, (max-width: 1024px) 100vw, 1024px\" \/><\/figure>\n<\/figure>\n\n\n\n<p>En el marco del&nbsp;<strong>D\u00eda de la Matrona y el Matr\u00f3n<\/strong>, que se conmemora este&nbsp;<strong>31 de agosto<\/strong>, la carrera de&nbsp;<strong>Obstetricia UDD<\/strong>&nbsp;realiz\u00f3 la&nbsp;<strong>I Jornada de Actualizaci\u00f3n en Salud de la Mujer \u201cClimaterio: nuevos desaf\u00edos para la Matroner\u00eda frente a los cambios demogr\u00e1ficos\u201d<\/strong>, instancia acad\u00e9mica que busc\u00f3 generar un espacio de actualizaci\u00f3n, reflexi\u00f3n y encuentro en torno a una etapa de la vida de las mujeres que adquiere cada vez mayor relevancia frente al acelerado envejecimiento de la poblaci\u00f3n chilena.<\/p>\n\n\n\n<p>La jornada se desarroll\u00f3 el pasado&nbsp;<strong>28 de agosto en el Aula Magna de la Universidad del Desarrollo<\/strong>&nbsp;y contempl\u00f3 conferencias de especialistas, espacios de conversaci\u00f3n, una Feria de Innovaci\u00f3n en Salud de la Mujer y la exposici\u00f3n de posters cient\u00edficos desarrollados por estudiantes de la carrera.<\/p>\n\n\n\n<p>La ceremonia inaugural cont\u00f3 con la participaci\u00f3n de la&nbsp;<strong>Dra. Liliana Jadue, vicedecana de las Carreras de la Salud de la Facultad de Medicina Cl\u00ednica Alemana Universidad del Desarrollo<\/strong>, y&nbsp;<strong>Mimy Mayol, directora de Obstetricia UDD<\/strong>, quienes destacaron la importancia de avanzar hacia una formaci\u00f3n y una atenci\u00f3n de salud de la mujer que considere todo el curso de vida.<\/p>\n\n\n\n<h2 class=\"wp-block-heading\">Nuevos desaf\u00edos para la salud de las mujeres<\/h2>\n\n\n\n<p>Durante su intervenci\u00f3n, la&nbsp;<strong>Dra. Liliana Jadue<\/strong>&nbsp;relev\u00f3 el profundo cambio demogr\u00e1fico que experimenta Chile, caracterizado por una mayor expectativa de vida y una disminuci\u00f3n sostenida de la natalidad, escenario que plantea nuevos desaf\u00edos para los sistemas de salud y para la formaci\u00f3n de los profesionales.<\/p>\n\n\n\n<p>En este contexto, se\u00f1al\u00f3 que las mujeres vivir\u00e1n cada vez m\u00e1s a\u00f1os despu\u00e9s del climaterio, lo que hace necesario ampliar la tradicional mirada centrada principalmente en la etapa reproductiva y avanzar hacia una&nbsp;<strong>atenci\u00f3n integral de la mujer durante todo el curso de vida<\/strong>.<\/p>\n\n\n\n<p><em>\u201cHoy necesitamos avanzar desde una mirada tradicionalmente centrada en la etapa reproductiva hacia una atenci\u00f3n integral de la mujer a lo largo del curso de vida\u201d<\/em>, destac\u00f3 la vicedecana, enfatizando que el abordaje del climaterio requiere considerar aspectos biol\u00f3gicos, psicol\u00f3gicos y sociales, as\u00ed como la sexualidad, la salud emocional, la funci\u00f3n cognitiva y las enfermedades cr\u00f3nicas.<\/p>\n\n\n\n<p>Asimismo, relev\u00f3 el valor de que esta celebraci\u00f3n tenga un componente acad\u00e9mico y permita fortalecer el encuentro entre&nbsp;<strong>estudiantes, docentes, profesionales y campos cl\u00ednicos<\/strong>, promoviendo una formaci\u00f3n interdisciplinaria y humanizada.<\/p>\n\n\n\n<p><em>\u201cComo Facultad de Medicina, nos corresponde formar profesionales capaces no solamente de responder a los problemas de salud actuales, sino tambi\u00e9n de anticiparse a lo que viene\u201d<\/em>, se\u00f1al\u00f3 la Dra. Jadue.<\/p>\n\n\n\n<h2 class=\"wp-block-heading\">Una mirada integral y humanizada de la Matroner\u00eda<\/h2>\n\n\n\n<p>Por su parte,<strong>&nbsp;Mimy Mayol<\/strong>&nbsp;invit\u00f3 a reflexionar sobre el sentido de la profesi\u00f3n y el impacto que tiene la labor de matronas y matrones en momentos profundamente significativos de la vida de las personas.<\/p>\n\n\n\n<p>La directora de Obstetricia UDD destac\u00f3 que la atenci\u00f3n debe estar basada en la evidencia, pero tambi\u00e9n en el respeto, la escucha y el acompa\u00f1amiento. En este sentido, relev\u00f3 la responsabilidad que implica recibir la confianza de cada persona y la importancia de cuidar su intimidad, respetar sus decisiones y entregar informaci\u00f3n clara para favorecer decisiones informadas.<\/p>\n\n\n\n<p>La jornada tambi\u00e9n permiti\u00f3 abordar los desaf\u00edos que plantea una mirada integral de la salud de la mujer, que incluya no solo la etapa reproductiva, sino tambi\u00e9n el&nbsp;<strong>climaterio y el envejecimiento<\/strong>, adem\u00e1s de \u00e1mbitos como la prevenci\u00f3n del c\u00e1ncer, la salud sexual, la violencia sexual, la salud familiar y comunitaria y las distintas realidades culturales.<\/p>\n\n\n\n<p><em>\u201cQueremos formar profesionales que sepan observar m\u00e1s all\u00e1 de un diagn\u00f3stico, que comprendan el contexto en que alguien vive, las redes con las que cuenta, sus temores y aquello que para esa persona es importante\u201d<\/em>, enfatiz\u00f3 Mayol.<\/p>\n\n\n\n<p>En su mensaje dirigido especialmente a los estudiantes, la directora de la carrera tambi\u00e9n destac\u00f3 la importancia de reconocer los propios l\u00edmites, pedir orientaci\u00f3n y cuidar el bienestar durante la formaci\u00f3n profesional, entendiendo que el autocuidado y la construcci\u00f3n de equipos saludables tambi\u00e9n son parte de una atenci\u00f3n de calidad.<\/p>\n\n\n\n<h2 class=\"wp-block-heading\">Una jornada de actualizaci\u00f3n y encuentro acad\u00e9mico<\/h2>\n\n\n\n<figure class=\"wp-block-gallery has-nested-images columns-default is-cropped wp-block-gallery-2 is-layout-flex wp-block-gallery-is-layout-flex\">\n<figure class=\"wp-block-image size-large\"><img loading=\"lazy\" decoding=\"async\" width=\"1024\" height=\"683\" data-id=\"2421\" src=\"https:\/\/medicina.udd.cl\/obstetricia-santiago\/files\/2026\/08\/obst-dia-de-la-matroneria-2026-25-1024x683.jpg\" alt=\"\" class=\"wp-image-2421\" srcset=\"https:\/\/medicina.udd.cl\/obstetricia-santiago\/files\/2026\/08\/obst-dia-de-la-matroneria-2026-25-1024x683.jpg 1024w, https:\/\/medicina.udd.cl\/obstetricia-santiago\/files\/2026\/08\/obst-dia-de-la-matroneria-2026-25-300x200.jpg 300w, https:\/\/medicina.udd.cl\/obstetricia-santiago\/files\/2026\/08\/obst-dia-de-la-matroneria-2026-25-768x512.jpg 768w, https:\/\/medicina.udd.cl\/obstetricia-santiago\/files\/2026\/08\/obst-dia-de-la-matroneria-2026-25-1536x1024.jpg 1536w, https:\/\/medicina.udd.cl\/obstetricia-santiago\/files\/2026\/08\/obst-dia-de-la-matroneria-2026-25-2048x1365.jpg 2048w\" sizes=\"auto, (max-width: 1024px) 100vw, 1024px\" \/><\/figure>\n\n\n\n<figure class=\"wp-block-image size-large\"><img loading=\"lazy\" decoding=\"async\" width=\"1024\" height=\"683\" data-id=\"2429\" src=\"https:\/\/medicina.udd.cl\/obstetricia-santiago\/files\/2026\/08\/obst-dia-de-la-matroneria-2026-42-1024x683.jpg\" alt=\"\" class=\"wp-image-2429\" srcset=\"https:\/\/medicina.udd.cl\/obstetricia-santiago\/files\/2026\/08\/obst-dia-de-la-matroneria-2026-42-1024x683.jpg 1024w, https:\/\/medicina.udd.cl\/obstetricia-santiago\/files\/2026\/08\/obst-dia-de-la-matroneria-2026-42-300x200.jpg 300w, https:\/\/medicina.udd.cl\/obstetricia-santiago\/files\/2026\/08\/obst-dia-de-la-matroneria-2026-42-768x512.jpg 768w, https:\/\/medicina.udd.cl\/obstetricia-santiago\/files\/2026\/08\/obst-dia-de-la-matroneria-2026-42-1536x1024.jpg 1536w, https:\/\/medicina.udd.cl\/obstetricia-santiago\/files\/2026\/08\/obst-dia-de-la-matroneria-2026-42-2048x1365.jpg 2048w\" sizes=\"auto, (max-width: 1024px) 100vw, 1024px\" \/><\/figure>\n\n\n\n<figure class=\"wp-block-image size-large\"><img loading=\"lazy\" decoding=\"async\" width=\"1024\" height=\"683\" data-id=\"2459\" src=\"https:\/\/medicina.udd.cl\/obstetricia-santiago\/files\/2026\/08\/obst-dia-de-la-matroneria-2026-119-1024x683.jpg\" alt=\"\" class=\"wp-image-2459\" srcset=\"https:\/\/medicina.udd.cl\/obstetricia-santiago\/files\/2026\/08\/obst-dia-de-la-matroneria-2026-119-1024x683.jpg 1024w, https:\/\/medicina.udd.cl\/obstetricia-santiago\/files\/2026\/08\/obst-dia-de-la-matroneria-2026-119-300x200.jpg 300w, https:\/\/medicina.udd.cl\/obstetricia-santiago\/files\/2026\/08\/obst-dia-de-la-matroneria-2026-119-768x512.jpg 768w, https:\/\/medicina.udd.cl\/obstetricia-santiago\/files\/2026\/08\/obst-dia-de-la-matroneria-2026-119-1536x1024.jpg 1536w, https:\/\/medicina.udd.cl\/obstetricia-santiago\/files\/2026\/08\/obst-dia-de-la-matroneria-2026-119-2048x1365.jpg 2048w\" sizes=\"auto, (max-width: 1024px) 100vw, 1024px\" \/><\/figure>\n<\/figure>\n\n\n\n<p>El programa contempl\u00f3 tres conferencias magistrales que abordaron distintas dimensiones de la salud de la mujer durante el climaterio.<\/p>\n\n\n\n<p>La primera estuvo a cargo del&nbsp;<strong>Prof. Mauricio L\u00f3pez<\/strong>, quien present\u00f3 la conferencia&nbsp;<strong>\u201cManejo no farmacol\u00f3gico del S\u00edndrome Urogenital durante el Climaterio: \u00bfQu\u00e9 aspectos se deben tener presente para reconstruir la microbiota vaginal?\u201d<\/strong>.<\/p>\n\n\n\n<p>Posteriormente, la&nbsp;<strong>Prof. Sonia Margarit<\/strong>&nbsp;abord\u00f3 la&nbsp;<strong>\u201cConsejer\u00eda Gen\u00e9tica en Salud de la Mujer: cu\u00e1ndo sospechar, cu\u00e1ndo derivar y cu\u00e1l es el rol de la Matrona\u201d<\/strong>, entregando herramientas para fortalecer el rol profesional en este \u00e1mbito.<\/p>\n\n\n\n<p>Finalmente, la&nbsp;<strong>Prof. Marcela Puentes<\/strong>&nbsp;present\u00f3 la conferencia&nbsp;<strong>\u201cClimaterio, no somos s\u00f3lo hormonas\u201d<\/strong>, ampliando la mirada sobre esta etapa y sus m\u00faltiples dimensiones.<\/p>\n\n\n\n<p>El programa tambi\u00e9n incluy\u00f3 espacios de preguntas y discusi\u00f3n, adem\u00e1s de un momento de&nbsp;<strong>networking y caf\u00e9<\/strong>, la visita a la&nbsp;<strong>Feria de Innovaci\u00f3n en Salud de la Mujer<\/strong>&nbsp;y la exposici\u00f3n de posters cient\u00edficos desarrollados por estudiantes de la asignatura de Investigaci\u00f3n.<\/p>\n\n\n\n<p>De esta manera, la I Jornada de Actualizaci\u00f3n en Salud de la Mujer se constituy\u00f3 en una instancia para fortalecer el aprendizaje y la reflexi\u00f3n en torno a los desaf\u00edos que enfrenta la Matroner\u00eda ante una sociedad que cambia, reafirmando el compromiso de&nbsp;<strong>Obstetricia UDD con una formaci\u00f3n cl\u00ednica s\u00f3lida, basada en evidencia, interdisciplinaria y centrada en las personas<\/strong>.<\/p>\n\n\n\n<p>En el marco del D\u00eda de la Matrona y el Matr\u00f3n, la actividad tambi\u00e9n fue una oportunidad para reconocer el aporte de quienes ejercen esta profesi\u00f3n y para proyectar una Matroner\u00eda preparada para acompa\u00f1ar a las mujeres en\u00a0<strong>todas las etapas de su vida<\/strong>, respondiendo a las nuevas necesidades de salud de la sociedad.<\/p>\n\n\n\n<p><\/p>\n\n\n\n<figure class=\"wp-block-gallery has-nested-images columns-default is-cropped wp-block-gallery-3 is-layout-flex wp-block-gallery-is-layout-flex\">\n<figure class=\"wp-block-image size-large\"><img loading=\"lazy\" decoding=\"async\" width=\"1024\" height=\"683\" data-id=\"2418\" src=\"https:\/\/medicina.udd.cl\/obstetricia-santiago\/files\/2026\/08\/obst-dia-de-la-matroneria-2026-11-1024x683.jpg\" alt=\"\" class=\"wp-image-2418\" srcset=\"https:\/\/medicina.udd.cl\/obstetricia-santiago\/files\/2026\/08\/obst-dia-de-la-matroneria-2026-11-1024x683.jpg 1024w, https:\/\/medicina.udd.cl\/obstetricia-santiago\/files\/2026\/08\/obst-dia-de-la-matroneria-2026-11-300x200.jpg 300w, https:\/\/medicina.udd.cl\/obstetricia-santiago\/files\/2026\/08\/obst-dia-de-la-matroneria-2026-11-768x512.jpg 768w, https:\/\/medicina.udd.cl\/obstetricia-santiago\/files\/2026\/08\/obst-dia-de-la-matroneria-2026-11-1536x1024.jpg 1536w, https:\/\/medicina.udd.cl\/obstetricia-santiago\/files\/2026\/08\/obst-dia-de-la-matroneria-2026-11-2048x1365.jpg 2048w\" sizes=\"auto, (max-width: 1024px) 100vw, 1024px\" \/><\/figure>\n\n\n\n<figure class=\"wp-block-image size-large\"><img loading=\"lazy\" decoding=\"async\" width=\"1024\" height=\"683\" data-id=\"2420\" src=\"https:\/\/medicina.udd.cl\/obstetricia-santiago\/files\/2026\/08\/obst-dia-de-la-matroneria-2026-16-1024x683.jpg\" alt=\"\" class=\"wp-image-2420\" srcset=\"https:\/\/medicina.udd.cl\/obstetricia-santiago\/files\/2026\/08\/obst-dia-de-la-matroneria-2026-16-1024x683.jpg 1024w, https:\/\/medicina.udd.cl\/obstetricia-santiago\/files\/2026\/08\/obst-dia-de-la-matroneria-2026-16-300x200.jpg 300w, https:\/\/medicina.udd.cl\/obstetricia-santiago\/files\/2026\/08\/obst-dia-de-la-matroneria-2026-16-768x512.jpg 768w, https:\/\/medicina.udd.cl\/obstetricia-santiago\/files\/2026\/08\/obst-dia-de-la-matroneria-2026-16-1536x1024.jpg 1536w, https:\/\/medicina.udd.cl\/obstetricia-santiago\/files\/2026\/08\/obst-dia-de-la-matroneria-2026-16-2048x1365.jpg 2048w\" sizes=\"auto, (max-width: 1024px) 100vw, 1024px\" \/><\/figure>\n\n\n\n<figure class=\"wp-block-image size-large\"><img loading=\"lazy\" decoding=\"async\" width=\"1024\" height=\"683\" data-id=\"2419\" src=\"https:\/\/medicina.udd.cl\/obstetricia-santiago\/files\/2026\/08\/obst-dia-de-la-matroneria-2026-14-1024x683.jpg\" alt=\"\" class=\"wp-image-2419\" srcset=\"https:\/\/medicina.udd.cl\/obstetricia-santiago\/files\/2026\/08\/obst-dia-de-la-matroneria-2026-14-1024x683.jpg 1024w, https:\/\/medicina.udd.cl\/obstetricia-santiago\/files\/2026\/08\/obst-dia-de-la-matroneria-2026-14-300x200.jpg 300w, https:\/\/medicina.udd.cl\/obstetricia-santiago\/files\/2026\/08\/obst-dia-de-la-matroneria-2026-14-768x512.jpg 768w, https:\/\/medicina.udd.cl\/obstetricia-santiago\/files\/2026\/08\/obst-dia-de-la-matroneria-2026-14-1536x1024.jpg 1536w, https:\/\/medicina.udd.cl\/obstetricia-santiago\/files\/2026\/08\/obst-dia-de-la-matroneria-2026-14-2048x1365.jpg 2048w\" sizes=\"auto, (max-width: 1024px) 100vw, 1024px\" \/><\/figure>\n\n\n\n<figure class=\"wp-block-image size-large\"><img loading=\"lazy\" decoding=\"async\" width=\"1024\" height=\"683\" data-id=\"2424\" src=\"https:\/\/medicina.udd.cl\/obstetricia-santiago\/files\/2026\/08\/obst-dia-de-la-matroneria-2026-32-1024x683.jpg\" alt=\"\" class=\"wp-image-2424\" srcset=\"https:\/\/medicina.udd.cl\/obstetricia-santiago\/files\/2026\/08\/obst-dia-de-la-matroneria-2026-32-1024x683.jpg 1024w, https:\/\/medicina.udd.cl\/obstetricia-santiago\/files\/2026\/08\/obst-dia-de-la-matroneria-2026-32-300x200.jpg 300w, https:\/\/medicina.udd.cl\/obstetricia-santiago\/files\/2026\/08\/obst-dia-de-la-matroneria-2026-32-768x512.jpg 768w, https:\/\/medicina.udd.cl\/obstetricia-santiago\/files\/2026\/08\/obst-dia-de-la-matroneria-2026-32-1536x1024.jpg 1536w, https:\/\/medicina.udd.cl\/obstetricia-santiago\/files\/2026\/08\/obst-dia-de-la-matroneria-2026-32-2048x1365.jpg 2048w\" sizes=\"auto, (max-width: 1024px) 100vw, 1024px\" \/><\/figure>\n\n\n\n<figure class=\"wp-block-image size-large\"><img loading=\"lazy\" decoding=\"async\" width=\"1024\" height=\"683\" data-id=\"2423\" src=\"https:\/\/medicina.udd.cl\/obstetricia-santiago\/files\/2026\/08\/obst-dia-de-la-matroneria-2026-30-1024x683.jpg\" alt=\"\" class=\"wp-image-2423\" srcset=\"https:\/\/medicina.udd.cl\/obstetricia-santiago\/files\/2026\/08\/obst-dia-de-la-matroneria-2026-30-1024x683.jpg 1024w, https:\/\/medicina.udd.cl\/obstetricia-santiago\/files\/2026\/08\/obst-dia-de-la-matroneria-2026-30-300x200.jpg 300w, https:\/\/medicina.udd.cl\/obstetricia-santiago\/files\/2026\/08\/obst-dia-de-la-matroneria-2026-30-768x512.jpg 768w, https:\/\/medicina.udd.cl\/obstetricia-santiago\/files\/2026\/08\/obst-dia-de-la-matroneria-2026-30-1536x1024.jpg 1536w, https:\/\/medicina.udd.cl\/obstetricia-santiago\/files\/2026\/08\/obst-dia-de-la-matroneria-2026-30-2048x1365.jpg 2048w\" sizes=\"auto, (max-width: 1024px) 100vw, 1024px\" \/><\/figure>\n\n\n\n<figure class=\"wp-block-image size-large\"><img loading=\"lazy\" decoding=\"async\" width=\"1024\" height=\"683\" data-id=\"2433\" src=\"https:\/\/medicina.udd.cl\/obstetricia-santiago\/files\/2026\/08\/obst-dia-de-la-matroneria-2026-50-1024x683.jpg\" alt=\"\" class=\"wp-image-2433\" srcset=\"https:\/\/medicina.udd.cl\/obstetricia-santiago\/files\/2026\/08\/obst-dia-de-la-matroneria-2026-50-1024x683.jpg 1024w, https:\/\/medicina.udd.cl\/obstetricia-santiago\/files\/2026\/08\/obst-dia-de-la-matroneria-2026-50-300x200.jpg 300w, https:\/\/medicina.udd.cl\/obstetricia-santiago\/files\/2026\/08\/obst-dia-de-la-matroneria-2026-50-768x512.jpg 768w, https:\/\/medicina.udd.cl\/obstetricia-santiago\/files\/2026\/08\/obst-dia-de-la-matroneria-2026-50-1536x1024.jpg 1536w, https:\/\/medicina.udd.cl\/obstetricia-santiago\/files\/2026\/08\/obst-dia-de-la-matroneria-2026-50-2048x1365.jpg 2048w\" sizes=\"auto, (max-width: 1024px) 100vw, 1024px\" \/><\/figure>\n\n\n\n<figure class=\"wp-block-image size-large\"><img loading=\"lazy\" decoding=\"async\" width=\"1024\" height=\"683\" data-id=\"2425\" src=\"https:\/\/medicina.udd.cl\/obstetricia-santiago\/files\/2026\/08\/obst-dia-de-la-matroneria-2026-34-1024x683.jpg\" alt=\"\" class=\"wp-image-2425\" srcset=\"https:\/\/medicina.udd.cl\/obstetricia-santiago\/files\/2026\/08\/obst-dia-de-la-matroneria-2026-34-1024x683.jpg 1024w, https:\/\/medicina.udd.cl\/obstetricia-santiago\/files\/2026\/08\/obst-dia-de-la-matroneria-2026-34-300x200.jpg 300w, https:\/\/medicina.udd.cl\/obstetricia-santiago\/files\/2026\/08\/obst-dia-de-la-matroneria-2026-34-768x512.jpg 768w, https:\/\/medicina.udd.cl\/obstetricia-santiago\/files\/2026\/08\/obst-dia-de-la-matroneria-2026-34-1536x1024.jpg 1536w, https:\/\/medicina.udd.cl\/obstetricia-santiago\/files\/2026\/08\/obst-dia-de-la-matroneria-2026-34-2048x1365.jpg 2048w\" sizes=\"auto, (max-width: 1024px) 100vw, 1024px\" \/><\/figure>\n\n\n\n<figure class=\"wp-block-image size-large\"><img loading=\"lazy\" decoding=\"async\" width=\"1024\" height=\"683\" data-id=\"2426\" src=\"https:\/\/medicina.udd.cl\/obstetricia-santiago\/files\/2026\/08\/obst-dia-de-la-matroneria-2026-35-1024x683.jpg\" alt=\"\" class=\"wp-image-2426\" srcset=\"https:\/\/medicina.udd.cl\/obstetricia-santiago\/files\/2026\/08\/obst-dia-de-la-matroneria-2026-35-1024x683.jpg 1024w, https:\/\/medicina.udd.cl\/obstetricia-santiago\/files\/2026\/08\/obst-dia-de-la-matroneria-2026-35-300x200.jpg 300w, https:\/\/medicina.udd.cl\/obstetricia-santiago\/files\/2026\/08\/obst-dia-de-la-matroneria-2026-35-768x512.jpg 768w, https:\/\/medicina.udd.cl\/obstetricia-santiago\/files\/2026\/08\/obst-dia-de-la-matroneria-2026-35-1536x1024.jpg 1536w, https:\/\/medicina.udd.cl\/obstetricia-santiago\/files\/2026\/08\/obst-dia-de-la-matroneria-2026-35-2048x1365.jpg 2048w\" sizes=\"auto, (max-width: 1024px) 100vw, 1024px\" \/><\/figure>\n\n\n\n<figure class=\"wp-block-image size-large\"><img loading=\"lazy\" decoding=\"async\" width=\"1024\" height=\"683\" data-id=\"2427\" src=\"https:\/\/medicina.udd.cl\/obstetricia-santiago\/files\/2026\/08\/obst-dia-de-la-matroneria-2026-38-1024x683.jpg\" alt=\"\" class=\"wp-image-2427\" srcset=\"https:\/\/medicina.udd.cl\/obstetricia-santiago\/files\/2026\/08\/obst-dia-de-la-matroneria-2026-38-1024x683.jpg 1024w, https:\/\/medicina.udd.cl\/obstetricia-santiago\/files\/2026\/08\/obst-dia-de-la-matroneria-2026-38-300x200.jpg 300w, https:\/\/medicina.udd.cl\/obstetricia-santiago\/files\/2026\/08\/obst-dia-de-la-matroneria-2026-38-768x512.jpg 768w, https:\/\/medicina.udd.cl\/obstetricia-santiago\/files\/2026\/08\/obst-dia-de-la-matroneria-2026-38-1536x1024.jpg 1536w, https:\/\/medicina.udd.cl\/obstetricia-santiago\/files\/2026\/08\/obst-dia-de-la-matroneria-2026-38-2048x1365.jpg 2048w\" sizes=\"auto, (max-width: 1024px) 100vw, 1024px\" \/><\/figure>\n\n\n\n<figure class=\"wp-block-image size-large\"><img loading=\"lazy\" decoding=\"async\" width=\"1024\" height=\"683\" data-id=\"2430\" src=\"https:\/\/medicina.udd.cl\/obstetricia-santiago\/files\/2026\/08\/obst-dia-de-la-matroneria-2026-43-1024x683.jpg\" alt=\"\" class=\"wp-image-2430\" srcset=\"https:\/\/medicina.udd.cl\/obstetricia-santiago\/files\/2026\/08\/obst-dia-de-la-matroneria-2026-43-1024x683.jpg 1024w, https:\/\/medicina.udd.cl\/obstetricia-santiago\/files\/2026\/08\/obst-dia-de-la-matroneria-2026-43-300x200.jpg 300w, https:\/\/medicina.udd.cl\/obstetricia-santiago\/files\/2026\/08\/obst-dia-de-la-matroneria-2026-43-768x512.jpg 768w, https:\/\/medicina.udd.cl\/obstetricia-santiago\/files\/2026\/08\/obst-dia-de-la-matroneria-2026-43-1536x1024.jpg 1536w, https:\/\/medicina.udd.cl\/obstetricia-santiago\/files\/2026\/08\/obst-dia-de-la-matroneria-2026-43-2048x1365.jpg 2048w\" sizes=\"auto, (max-width: 1024px) 100vw, 1024px\" \/><\/figure>\n\n\n\n<figure class=\"wp-block-image size-large\"><img loading=\"lazy\" decoding=\"async\" width=\"1024\" height=\"683\" data-id=\"2431\" src=\"https:\/\/medicina.udd.cl\/obstetricia-santiago\/files\/2026\/08\/obst-dia-de-la-matroneria-2026-45-1024x683.jpg\" alt=\"\" class=\"wp-image-2431\" srcset=\"https:\/\/medicina.udd.cl\/obstetricia-santiago\/files\/2026\/08\/obst-dia-de-la-matroneria-2026-45-1024x683.jpg 1024w, https:\/\/medicina.udd.cl\/obstetricia-santiago\/files\/2026\/08\/obst-dia-de-la-matroneria-2026-45-300x200.jpg 300w, https:\/\/medicina.udd.cl\/obstetricia-santiago\/files\/2026\/08\/obst-dia-de-la-matroneria-2026-45-768x512.jpg 768w, https:\/\/medicina.udd.cl\/obstetricia-santiago\/files\/2026\/08\/obst-dia-de-la-matroneria-2026-45-1536x1024.jpg 1536w, https:\/\/medicina.udd.cl\/obstetricia-santiago\/files\/2026\/08\/obst-dia-de-la-matroneria-2026-45-2048x1365.jpg 2048w\" sizes=\"auto, (max-width: 1024px) 100vw, 1024px\" \/><\/figure>\n\n\n\n<figure class=\"wp-block-image size-large\"><img loading=\"lazy\" decoding=\"async\" width=\"1024\" height=\"683\" data-id=\"2428\" src=\"https:\/\/medicina.udd.cl\/obstetricia-santiago\/files\/2026\/08\/obst-dia-de-la-matroneria-2026-40-1024x683.jpg\" alt=\"\" class=\"wp-image-2428\" srcset=\"https:\/\/medicina.udd.cl\/obstetricia-santiago\/files\/2026\/08\/obst-dia-de-la-matroneria-2026-40-1024x683.jpg 1024w, https:\/\/medicina.udd.cl\/obstetricia-santiago\/files\/2026\/08\/obst-dia-de-la-matroneria-2026-40-300x200.jpg 300w, https:\/\/medicina.udd.cl\/obstetricia-santiago\/files\/2026\/08\/obst-dia-de-la-matroneria-2026-40-768x512.jpg 768w, https:\/\/medicina.udd.cl\/obstetricia-santiago\/files\/2026\/08\/obst-dia-de-la-matroneria-2026-40-1536x1024.jpg 1536w, https:\/\/medicina.udd.cl\/obstetricia-santiago\/files\/2026\/08\/obst-dia-de-la-matroneria-2026-40-2048x1365.jpg 2048w\" sizes=\"auto, (max-width: 1024px) 100vw, 1024px\" \/><\/figure>\n\n\n\n<figure class=\"wp-block-image size-large\"><img loading=\"lazy\" decoding=\"async\" width=\"1024\" height=\"683\" data-id=\"2432\" src=\"https:\/\/medicina.udd.cl\/obstetricia-santiago\/files\/2026\/08\/obst-dia-de-la-matroneria-2026-48-1024x683.jpg\" alt=\"\" class=\"wp-image-2432\" srcset=\"https:\/\/medicina.udd.cl\/obstetricia-santiago\/files\/2026\/08\/obst-dia-de-la-matroneria-2026-48-1024x683.jpg 1024w, https:\/\/medicina.udd.cl\/obstetricia-santiago\/files\/2026\/08\/obst-dia-de-la-matroneria-2026-48-300x200.jpg 300w, https:\/\/medicina.udd.cl\/obstetricia-santiago\/files\/2026\/08\/obst-dia-de-la-matroneria-2026-48-768x512.jpg 768w, https:\/\/medicina.udd.cl\/obstetricia-santiago\/files\/2026\/08\/obst-dia-de-la-matroneria-2026-48-1536x1024.jpg 1536w, https:\/\/medicina.udd.cl\/obstetricia-santiago\/files\/2026\/08\/obst-dia-de-la-matroneria-2026-48-2048x1365.jpg 2048w\" sizes=\"auto, (max-width: 1024px) 100vw, 1024px\" \/><\/figure>\n\n\n\n<figure class=\"wp-block-image size-large\"><img loading=\"lazy\" decoding=\"async\" width=\"1024\" height=\"683\" data-id=\"2434\" src=\"https:\/\/medicina.udd.cl\/obstetricia-santiago\/files\/2026\/08\/obst-dia-de-la-matroneria-2026-53-1024x683.jpg\" alt=\"\" class=\"wp-image-2434\" srcset=\"https:\/\/medicina.udd.cl\/obstetricia-santiago\/files\/2026\/08\/obst-dia-de-la-matroneria-2026-53-1024x683.jpg 1024w, https:\/\/medicina.udd.cl\/obstetricia-santiago\/files\/2026\/08\/obst-dia-de-la-matroneria-2026-53-300x200.jpg 300w, https:\/\/medicina.udd.cl\/obstetricia-santiago\/files\/2026\/08\/obst-dia-de-la-matroneria-2026-53-768x512.jpg 768w, https:\/\/medicina.udd.cl\/obstetricia-santiago\/files\/2026\/08\/obst-dia-de-la-matroneria-2026-53-1536x1024.jpg 1536w, https:\/\/medicina.udd.cl\/obstetricia-santiago\/files\/2026\/08\/obst-dia-de-la-matroneria-2026-53-2048x1365.jpg 2048w\" sizes=\"auto, (max-width: 1024px) 100vw, 1024px\" \/><\/figure>\n\n\n\n<figure class=\"wp-block-image size-large\"><img loading=\"lazy\" decoding=\"async\" width=\"1024\" height=\"683\" data-id=\"2435\" src=\"https:\/\/medicina.udd.cl\/obstetricia-santiago\/files\/2026\/08\/obst-dia-de-la-matroneria-2026-55-1024x683.jpg\" alt=\"\" class=\"wp-image-2435\" srcset=\"https:\/\/medicina.udd.cl\/obstetricia-santiago\/files\/2026\/08\/obst-dia-de-la-matroneria-2026-55-1024x683.jpg 1024w, https:\/\/medicina.udd.cl\/obstetricia-santiago\/files\/2026\/08\/obst-dia-de-la-matroneria-2026-55-300x200.jpg 300w, https:\/\/medicina.udd.cl\/obstetricia-santiago\/files\/2026\/08\/obst-dia-de-la-matroneria-2026-55-768x512.jpg 768w, https:\/\/medicina.udd.cl\/obstetricia-santiago\/files\/2026\/08\/obst-dia-de-la-matroneria-2026-55-1536x1024.jpg 1536w, https:\/\/medicina.udd.cl\/obstetricia-santiago\/files\/2026\/08\/obst-dia-de-la-matroneria-2026-55-2048x1365.jpg 2048w\" sizes=\"auto, (max-width: 1024px) 100vw, 1024px\" \/><\/figure>\n\n\n\n<figure class=\"wp-block-image size-large\"><img loading=\"lazy\" decoding=\"async\" width=\"1024\" height=\"683\" data-id=\"2439\" src=\"https:\/\/medicina.udd.cl\/obstetricia-santiago\/files\/2026\/08\/obst-dia-de-la-matroneria-2026-63-1024x683.jpg\" alt=\"\" class=\"wp-image-2439\" srcset=\"https:\/\/medicina.udd.cl\/obstetricia-santiago\/files\/2026\/08\/obst-dia-de-la-matroneria-2026-63-1024x683.jpg 1024w, https:\/\/medicina.udd.cl\/obstetricia-santiago\/files\/2026\/08\/obst-dia-de-la-matroneria-2026-63-300x200.jpg 300w, https:\/\/medicina.udd.cl\/obstetricia-santiago\/files\/2026\/08\/obst-dia-de-la-matroneria-2026-63-768x512.jpg 768w, https:\/\/medicina.udd.cl\/obstetricia-santiago\/files\/2026\/08\/obst-dia-de-la-matroneria-2026-63-1536x1024.jpg 1536w, https:\/\/medicina.udd.cl\/obstetricia-santiago\/files\/2026\/08\/obst-dia-de-la-matroneria-2026-63-2048x1365.jpg 2048w\" sizes=\"auto, (max-width: 1024px) 100vw, 1024px\" \/><\/figure>\n\n\n\n<figure class=\"wp-block-image size-large\"><img loading=\"lazy\" decoding=\"async\" width=\"1024\" height=\"683\" data-id=\"2437\" src=\"https:\/\/medicina.udd.cl\/obstetricia-santiago\/files\/2026\/08\/obst-dia-de-la-matroneria-2026-59-1024x683.jpg\" alt=\"\" class=\"wp-image-2437\" srcset=\"https:\/\/medicina.udd.cl\/obstetricia-santiago\/files\/2026\/08\/obst-dia-de-la-matroneria-2026-59-1024x683.jpg 1024w, https:\/\/medicina.udd.cl\/obstetricia-santiago\/files\/2026\/08\/obst-dia-de-la-matroneria-2026-59-300x200.jpg 300w, https:\/\/medicina.udd.cl\/obstetricia-santiago\/files\/2026\/08\/obst-dia-de-la-matroneria-2026-59-768x512.jpg 768w, https:\/\/medicina.udd.cl\/obstetricia-santiago\/files\/2026\/08\/obst-dia-de-la-matroneria-2026-59-1536x1024.jpg 1536w, https:\/\/medicina.udd.cl\/obstetricia-santiago\/files\/2026\/08\/obst-dia-de-la-matroneria-2026-59-2048x1365.jpg 2048w\" sizes=\"auto, (max-width: 1024px) 100vw, 1024px\" \/><\/figure>\n\n\n\n<figure class=\"wp-block-image size-large\"><img loading=\"lazy\" decoding=\"async\" width=\"1024\" height=\"683\" data-id=\"2436\" src=\"https:\/\/medicina.udd.cl\/obstetricia-santiago\/files\/2026\/08\/obst-dia-de-la-matroneria-2026-57-1024x683.jpg\" alt=\"\" class=\"wp-image-2436\" srcset=\"https:\/\/medicina.udd.cl\/obstetricia-santiago\/files\/2026\/08\/obst-dia-de-la-matroneria-2026-57-1024x683.jpg 1024w, https:\/\/medicina.udd.cl\/obstetricia-santiago\/files\/2026\/08\/obst-dia-de-la-matroneria-2026-57-300x200.jpg 300w, https:\/\/medicina.udd.cl\/obstetricia-santiago\/files\/2026\/08\/obst-dia-de-la-matroneria-2026-57-768x512.jpg 768w, https:\/\/medicina.udd.cl\/obstetricia-santiago\/files\/2026\/08\/obst-dia-de-la-matroneria-2026-57-1536x1024.jpg 1536w, https:\/\/medicina.udd.cl\/obstetricia-santiago\/files\/2026\/08\/obst-dia-de-la-matroneria-2026-57-2048x1365.jpg 2048w\" sizes=\"auto, (max-width: 1024px) 100vw, 1024px\" \/><\/figure>\n\n\n\n<figure class=\"wp-block-image size-large\"><img loading=\"lazy\" decoding=\"async\" width=\"1024\" height=\"683\" data-id=\"2438\" src=\"https:\/\/medicina.udd.cl\/obstetricia-santiago\/files\/2026\/08\/obst-dia-de-la-matroneria-2026-60-1024x683.jpg\" alt=\"\" class=\"wp-image-2438\" srcset=\"https:\/\/medicina.udd.cl\/obstetricia-santiago\/files\/2026\/08\/obst-dia-de-la-matroneria-2026-60-1024x683.jpg 1024w, https:\/\/medicina.udd.cl\/obstetricia-santiago\/files\/2026\/08\/obst-dia-de-la-matroneria-2026-60-300x200.jpg 300w, https:\/\/medicina.udd.cl\/obstetricia-santiago\/files\/2026\/08\/obst-dia-de-la-matroneria-2026-60-768x512.jpg 768w, https:\/\/medicina.udd.cl\/obstetricia-santiago\/files\/2026\/08\/obst-dia-de-la-matroneria-2026-60-1536x1024.jpg 1536w, https:\/\/medicina.udd.cl\/obstetricia-santiago\/files\/2026\/08\/obst-dia-de-la-matroneria-2026-60-2048x1365.jpg 2048w\" sizes=\"auto, (max-width: 1024px) 100vw, 1024px\" \/><\/figure>\n\n\n\n<figure class=\"wp-block-image size-large\"><img loading=\"lazy\" decoding=\"async\" width=\"1024\" height=\"683\" data-id=\"2441\" src=\"https:\/\/medicina.udd.cl\/obstetricia-santiago\/files\/2026\/08\/obst-dia-de-la-matroneria-2026-73-1024x683.jpg\" alt=\"\" class=\"wp-image-2441\" srcset=\"https:\/\/medicina.udd.cl\/obstetricia-santiago\/files\/2026\/08\/obst-dia-de-la-matroneria-2026-73-1024x683.jpg 1024w, https:\/\/medicina.udd.cl\/obstetricia-santiago\/files\/2026\/08\/obst-dia-de-la-matroneria-2026-73-300x200.jpg 300w, https:\/\/medicina.udd.cl\/obstetricia-santiago\/files\/2026\/08\/obst-dia-de-la-matroneria-2026-73-768x512.jpg 768w, https:\/\/medicina.udd.cl\/obstetricia-santiago\/files\/2026\/08\/obst-dia-de-la-matroneria-2026-73-1536x1024.jpg 1536w, https:\/\/medicina.udd.cl\/obstetricia-santiago\/files\/2026\/08\/obst-dia-de-la-matroneria-2026-73-2048x1365.jpg 2048w\" sizes=\"auto, (max-width: 1024px) 100vw, 1024px\" \/><\/figure>\n\n\n\n<figure class=\"wp-block-image size-large\"><img loading=\"lazy\" decoding=\"async\" width=\"1024\" height=\"683\" data-id=\"2440\" src=\"https:\/\/medicina.udd.cl\/obstetricia-santiago\/files\/2026\/08\/obst-dia-de-la-matroneria-2026-64-1024x683.jpg\" alt=\"\" class=\"wp-image-2440\" srcset=\"https:\/\/medicina.udd.cl\/obstetricia-santiago\/files\/2026\/08\/obst-dia-de-la-matroneria-2026-64-1024x683.jpg 1024w, https:\/\/medicina.udd.cl\/obstetricia-santiago\/files\/2026\/08\/obst-dia-de-la-matroneria-2026-64-300x200.jpg 300w, https:\/\/medicina.udd.cl\/obstetricia-santiago\/files\/2026\/08\/obst-dia-de-la-matroneria-2026-64-768x512.jpg 768w, https:\/\/medicina.udd.cl\/obstetricia-santiago\/files\/2026\/08\/obst-dia-de-la-matroneria-2026-64-1536x1024.jpg 1536w, https:\/\/medicina.udd.cl\/obstetricia-santiago\/files\/2026\/08\/obst-dia-de-la-matroneria-2026-64-2048x1365.jpg 2048w\" sizes=\"auto, (max-width: 1024px) 100vw, 1024px\" \/><\/figure>\n\n\n\n<figure class=\"wp-block-image size-large\"><img loading=\"lazy\" decoding=\"async\" width=\"1024\" height=\"683\" data-id=\"2442\" src=\"https:\/\/medicina.udd.cl\/obstetricia-santiago\/files\/2026\/08\/obst-dia-de-la-matroneria-2026-77-1024x683.jpg\" alt=\"\" class=\"wp-image-2442\" srcset=\"https:\/\/medicina.udd.cl\/obstetricia-santiago\/files\/2026\/08\/obst-dia-de-la-matroneria-2026-77-1024x683.jpg 1024w, https:\/\/medicina.udd.cl\/obstetricia-santiago\/files\/2026\/08\/obst-dia-de-la-matroneria-2026-77-300x200.jpg 300w, https:\/\/medicina.udd.cl\/obstetricia-santiago\/files\/2026\/08\/obst-dia-de-la-matroneria-2026-77-768x512.jpg 768w, https:\/\/medicina.udd.cl\/obstetricia-santiago\/files\/2026\/08\/obst-dia-de-la-matroneria-2026-77-1536x1024.jpg 1536w, https:\/\/medicina.udd.cl\/obstetricia-santiago\/files\/2026\/08\/obst-dia-de-la-matroneria-2026-77-2048x1365.jpg 2048w\" sizes=\"auto, (max-width: 1024px) 100vw, 1024px\" \/><\/figure>\n\n\n\n<figure class=\"wp-block-image size-large\"><img loading=\"lazy\" decoding=\"async\" width=\"1024\" height=\"683\" data-id=\"2443\" src=\"https:\/\/medicina.udd.cl\/obstetricia-santiago\/files\/2026\/08\/obst-dia-de-la-matroneria-2026-79-1024x683.jpg\" alt=\"\" class=\"wp-image-2443\" srcset=\"https:\/\/medicina.udd.cl\/obstetricia-santiago\/files\/2026\/08\/obst-dia-de-la-matroneria-2026-79-1024x683.jpg 1024w, https:\/\/medicina.udd.cl\/obstetricia-santiago\/files\/2026\/08\/obst-dia-de-la-matroneria-2026-79-300x200.jpg 300w, https:\/\/medicina.udd.cl\/obstetricia-santiago\/files\/2026\/08\/obst-dia-de-la-matroneria-2026-79-768x512.jpg 768w, https:\/\/medicina.udd.cl\/obstetricia-santiago\/files\/2026\/08\/obst-dia-de-la-matroneria-2026-79-1536x1024.jpg 1536w, https:\/\/medicina.udd.cl\/obstetricia-santiago\/files\/2026\/08\/obst-dia-de-la-matroneria-2026-79-2048x1365.jpg 2048w\" sizes=\"auto, (max-width: 1024px) 100vw, 1024px\" \/><\/figure>\n\n\n\n<figure class=\"wp-block-image size-large\"><img loading=\"lazy\" decoding=\"async\" width=\"1024\" height=\"683\" data-id=\"2444\" src=\"https:\/\/medicina.udd.cl\/obstetricia-santiago\/files\/2026\/08\/obst-dia-de-la-matroneria-2026-81-1024x683.jpg\" alt=\"\" class=\"wp-image-2444\" srcset=\"https:\/\/medicina.udd.cl\/obstetricia-santiago\/files\/2026\/08\/obst-dia-de-la-matroneria-2026-81-1024x683.jpg 1024w, https:\/\/medicina.udd.cl\/obstetricia-santiago\/files\/2026\/08\/obst-dia-de-la-matroneria-2026-81-300x200.jpg 300w, https:\/\/medicina.udd.cl\/obstetricia-santiago\/files\/2026\/08\/obst-dia-de-la-matroneria-2026-81-768x512.jpg 768w, https:\/\/medicina.udd.cl\/obstetricia-santiago\/files\/2026\/08\/obst-dia-de-la-matroneria-2026-81-1536x1024.jpg 1536w, https:\/\/medicina.udd.cl\/obstetricia-santiago\/files\/2026\/08\/obst-dia-de-la-matroneria-2026-81-2048x1365.jpg 2048w\" sizes=\"auto, (max-width: 1024px) 100vw, 1024px\" \/><\/figure>\n\n\n\n<figure class=\"wp-block-image size-large\"><img loading=\"lazy\" decoding=\"async\" width=\"1024\" height=\"683\" data-id=\"2445\" src=\"https:\/\/medicina.udd.cl\/obstetricia-santiago\/files\/2026\/08\/obst-dia-de-la-matroneria-2026-83-1024x683.jpg\" alt=\"\" class=\"wp-image-2445\" srcset=\"https:\/\/medicina.udd.cl\/obstetricia-santiago\/files\/2026\/08\/obst-dia-de-la-matroneria-2026-83-1024x683.jpg 1024w, https:\/\/medicina.udd.cl\/obstetricia-santiago\/files\/2026\/08\/obst-dia-de-la-matroneria-2026-83-300x200.jpg 300w, https:\/\/medicina.udd.cl\/obstetricia-santiago\/files\/2026\/08\/obst-dia-de-la-matroneria-2026-83-768x512.jpg 768w, https:\/\/medicina.udd.cl\/obstetricia-santiago\/files\/2026\/08\/obst-dia-de-la-matroneria-2026-83-1536x1024.jpg 1536w, https:\/\/medicina.udd.cl\/obstetricia-santiago\/files\/2026\/08\/obst-dia-de-la-matroneria-2026-83-2048x1365.jpg 2048w\" sizes=\"auto, (max-width: 1024px) 100vw, 1024px\" \/><\/figure>\n\n\n\n<figure class=\"wp-block-image size-large\"><img loading=\"lazy\" decoding=\"async\" width=\"1024\" height=\"683\" data-id=\"2446\" src=\"https:\/\/medicina.udd.cl\/obstetricia-santiago\/files\/2026\/08\/obst-dia-de-la-matroneria-2026-85-1024x683.jpg\" alt=\"\" class=\"wp-image-2446\" srcset=\"https:\/\/medicina.udd.cl\/obstetricia-santiago\/files\/2026\/08\/obst-dia-de-la-matroneria-2026-85-1024x683.jpg 1024w, https:\/\/medicina.udd.cl\/obstetricia-santiago\/files\/2026\/08\/obst-dia-de-la-matroneria-2026-85-300x200.jpg 300w, https:\/\/medicina.udd.cl\/obstetricia-santiago\/files\/2026\/08\/obst-dia-de-la-matroneria-2026-85-768x512.jpg 768w, https:\/\/medicina.udd.cl\/obstetricia-santiago\/files\/2026\/08\/obst-dia-de-la-matroneria-2026-85-1536x1024.jpg 1536w, https:\/\/medicina.udd.cl\/obstetricia-santiago\/files\/2026\/08\/obst-dia-de-la-matroneria-2026-85-2048x1365.jpg 2048w\" sizes=\"auto, (max-width: 1024px) 100vw, 1024px\" \/><\/figure>\n\n\n\n<figure class=\"wp-block-image size-large\"><img loading=\"lazy\" decoding=\"async\" width=\"1024\" height=\"683\" data-id=\"2447\" src=\"https:\/\/medicina.udd.cl\/obstetricia-santiago\/files\/2026\/08\/obst-dia-de-la-matroneria-2026-87-1024x683.jpg\" alt=\"\" class=\"wp-image-2447\" srcset=\"https:\/\/medicina.udd.cl\/obstetricia-santiago\/files\/2026\/08\/obst-dia-de-la-matroneria-2026-87-1024x683.jpg 1024w, https:\/\/medicina.udd.cl\/obstetricia-santiago\/files\/2026\/08\/obst-dia-de-la-matroneria-2026-87-300x200.jpg 300w, https:\/\/medicina.udd.cl\/obstetricia-santiago\/files\/2026\/08\/obst-dia-de-la-matroneria-2026-87-768x512.jpg 768w, https:\/\/medicina.udd.cl\/obstetricia-santiago\/files\/2026\/08\/obst-dia-de-la-matroneria-2026-87-1536x1024.jpg 1536w, https:\/\/medicina.udd.cl\/obstetricia-santiago\/files\/2026\/08\/obst-dia-de-la-matroneria-2026-87-2048x1365.jpg 2048w\" sizes=\"auto, (max-width: 1024px) 100vw, 1024px\" \/><\/figure>\n\n\n\n<figure class=\"wp-block-image size-large\"><img loading=\"lazy\" decoding=\"async\" width=\"1024\" height=\"683\" data-id=\"2448\" src=\"https:\/\/medicina.udd.cl\/obstetricia-santiago\/files\/2026\/08\/obst-dia-de-la-matroneria-2026-94-1024x683.jpg\" alt=\"\" class=\"wp-image-2448\" srcset=\"https:\/\/medicina.udd.cl\/obstetricia-santiago\/files\/2026\/08\/obst-dia-de-la-matroneria-2026-94-1024x683.jpg 1024w, https:\/\/medicina.udd.cl\/obstetricia-santiago\/files\/2026\/08\/obst-dia-de-la-matroneria-2026-94-300x200.jpg 300w, https:\/\/medicina.udd.cl\/obstetricia-santiago\/files\/2026\/08\/obst-dia-de-la-matroneria-2026-94-768x512.jpg 768w, https:\/\/medicina.udd.cl\/obstetricia-santiago\/files\/2026\/08\/obst-dia-de-la-matroneria-2026-94-1536x1024.jpg 1536w, https:\/\/medicina.udd.cl\/obstetricia-santiago\/files\/2026\/08\/obst-dia-de-la-matroneria-2026-94-2048x1365.jpg 2048w\" sizes=\"auto, (max-width: 1024px) 100vw, 1024px\" \/><\/figure>\n\n\n\n<figure class=\"wp-block-image size-large\"><img loading=\"lazy\" decoding=\"async\" width=\"1024\" height=\"683\" data-id=\"2449\" src=\"https:\/\/medicina.udd.cl\/obstetricia-santiago\/files\/2026\/08\/obst-dia-de-la-matroneria-2026-96-1024x683.jpg\" alt=\"\" class=\"wp-image-2449\" srcset=\"https:\/\/medicina.udd.cl\/obstetricia-santiago\/files\/2026\/08\/obst-dia-de-la-matroneria-2026-96-1024x683.jpg 1024w, https:\/\/medicina.udd.cl\/obstetricia-santiago\/files\/2026\/08\/obst-dia-de-la-matroneria-2026-96-300x200.jpg 300w, https:\/\/medicina.udd.cl\/obstetricia-santiago\/files\/2026\/08\/obst-dia-de-la-matroneria-2026-96-768x512.jpg 768w, https:\/\/medicina.udd.cl\/obstetricia-santiago\/files\/2026\/08\/obst-dia-de-la-matroneria-2026-96-1536x1024.jpg 1536w, https:\/\/medicina.udd.cl\/obstetricia-santiago\/files\/2026\/08\/obst-dia-de-la-matroneria-2026-96-2048x1365.jpg 2048w\" sizes=\"auto, (max-width: 1024px) 100vw, 1024px\" \/><\/figure>\n\n\n\n<figure class=\"wp-block-image size-large\"><img loading=\"lazy\" decoding=\"async\" width=\"1024\" height=\"683\" data-id=\"2450\" src=\"https:\/\/medicina.udd.cl\/obstetricia-santiago\/files\/2026\/08\/obst-dia-de-la-matroneria-2026-99-1024x683.jpg\" alt=\"\" class=\"wp-image-2450\" srcset=\"https:\/\/medicina.udd.cl\/obstetricia-santiago\/files\/2026\/08\/obst-dia-de-la-matroneria-2026-99-1024x683.jpg 1024w, https:\/\/medicina.udd.cl\/obstetricia-santiago\/files\/2026\/08\/obst-dia-de-la-matroneria-2026-99-300x200.jpg 300w, https:\/\/medicina.udd.cl\/obstetricia-santiago\/files\/2026\/08\/obst-dia-de-la-matroneria-2026-99-768x512.jpg 768w, https:\/\/medicina.udd.cl\/obstetricia-santiago\/files\/2026\/08\/obst-dia-de-la-matroneria-2026-99-1536x1024.jpg 1536w, https:\/\/medicina.udd.cl\/obstetricia-santiago\/files\/2026\/08\/obst-dia-de-la-matroneria-2026-99-2048x1365.jpg 2048w\" sizes=\"auto, (max-width: 1024px) 100vw, 1024px\" \/><\/figure>\n\n\n\n<figure class=\"wp-block-image size-large\"><img loading=\"lazy\" decoding=\"async\" width=\"1024\" height=\"683\" data-id=\"2451\" src=\"https:\/\/medicina.udd.cl\/obstetricia-santiago\/files\/2026\/08\/obst-dia-de-la-matroneria-2026-101-1024x683.jpg\" alt=\"\" class=\"wp-image-2451\" srcset=\"https:\/\/medicina.udd.cl\/obstetricia-santiago\/files\/2026\/08\/obst-dia-de-la-matroneria-2026-101-1024x683.jpg 1024w, https:\/\/medicina.udd.cl\/obstetricia-santiago\/files\/2026\/08\/obst-dia-de-la-matroneria-2026-101-300x200.jpg 300w, https:\/\/medicina.udd.cl\/obstetricia-santiago\/files\/2026\/08\/obst-dia-de-la-matroneria-2026-101-768x512.jpg 768w, https:\/\/medicina.udd.cl\/obstetricia-santiago\/files\/2026\/08\/obst-dia-de-la-matroneria-2026-101-1536x1024.jpg 1536w, https:\/\/medicina.udd.cl\/obstetricia-santiago\/files\/2026\/08\/obst-dia-de-la-matroneria-2026-101-2048x1365.jpg 2048w\" sizes=\"auto, (max-width: 1024px) 100vw, 1024px\" \/><\/figure>\n\n\n\n<figure class=\"wp-block-image size-large\"><img loading=\"lazy\" decoding=\"async\" width=\"1024\" height=\"683\" data-id=\"2452\" src=\"https:\/\/medicina.udd.cl\/obstetricia-santiago\/files\/2026\/08\/obst-dia-de-la-matroneria-2026-102-1024x683.jpg\" alt=\"\" class=\"wp-image-2452\" srcset=\"https:\/\/medicina.udd.cl\/obstetricia-santiago\/files\/2026\/08\/obst-dia-de-la-matroneria-2026-102-1024x683.jpg 1024w, https:\/\/medicina.udd.cl\/obstetricia-santiago\/files\/2026\/08\/obst-dia-de-la-matroneria-2026-102-300x200.jpg 300w, https:\/\/medicina.udd.cl\/obstetricia-santiago\/files\/2026\/08\/obst-dia-de-la-matroneria-2026-102-768x512.jpg 768w, https:\/\/medicina.udd.cl\/obstetricia-santiago\/files\/2026\/08\/obst-dia-de-la-matroneria-2026-102-1536x1024.jpg 1536w, https:\/\/medicina.udd.cl\/obstetricia-santiago\/files\/2026\/08\/obst-dia-de-la-matroneria-2026-102-2048x1365.jpg 2048w\" sizes=\"auto, (max-width: 1024px) 100vw, 1024px\" \/><\/figure>\n\n\n\n<figure class=\"wp-block-image size-large\"><img loading=\"lazy\" decoding=\"async\" width=\"1024\" height=\"683\" data-id=\"2453\" src=\"https:\/\/medicina.udd.cl\/obstetricia-santiago\/files\/2026\/08\/obst-dia-de-la-matroneria-2026-104-1024x683.jpg\" alt=\"\" class=\"wp-image-2453\" srcset=\"https:\/\/medicina.udd.cl\/obstetricia-santiago\/files\/2026\/08\/obst-dia-de-la-matroneria-2026-104-1024x683.jpg 1024w, https:\/\/medicina.udd.cl\/obstetricia-santiago\/files\/2026\/08\/obst-dia-de-la-matroneria-2026-104-300x200.jpg 300w, https:\/\/medicina.udd.cl\/obstetricia-santiago\/files\/2026\/08\/obst-dia-de-la-matroneria-2026-104-768x512.jpg 768w, https:\/\/medicina.udd.cl\/obstetricia-santiago\/files\/2026\/08\/obst-dia-de-la-matroneria-2026-104-1536x1024.jpg 1536w, https:\/\/medicina.udd.cl\/obstetricia-santiago\/files\/2026\/08\/obst-dia-de-la-matroneria-2026-104-2048x1365.jpg 2048w\" sizes=\"auto, (max-width: 1024px) 100vw, 1024px\" \/><\/figure>\n\n\n\n<figure class=\"wp-block-image size-large\"><img loading=\"lazy\" decoding=\"async\" width=\"1024\" height=\"683\" data-id=\"2454\" src=\"https:\/\/medicina.udd.cl\/obstetricia-santiago\/files\/2026\/08\/obst-dia-de-la-matroneria-2026-107-1024x683.jpg\" alt=\"\" class=\"wp-image-2454\" srcset=\"https:\/\/medicina.udd.cl\/obstetricia-santiago\/files\/2026\/08\/obst-dia-de-la-matroneria-2026-107-1024x683.jpg 1024w, https:\/\/medicina.udd.cl\/obstetricia-santiago\/files\/2026\/08\/obst-dia-de-la-matroneria-2026-107-300x200.jpg 300w, https:\/\/medicina.udd.cl\/obstetricia-santiago\/files\/2026\/08\/obst-dia-de-la-matroneria-2026-107-768x512.jpg 768w, https:\/\/medicina.udd.cl\/obstetricia-santiago\/files\/2026\/08\/obst-dia-de-la-matroneria-2026-107-1536x1024.jpg 1536w, https:\/\/medicina.udd.cl\/obstetricia-santiago\/files\/2026\/08\/obst-dia-de-la-matroneria-2026-107-2048x1365.jpg 2048w\" sizes=\"auto, (max-width: 1024px) 100vw, 1024px\" \/><\/figure>\n\n\n\n<figure class=\"wp-block-image size-large\"><img loading=\"lazy\" decoding=\"async\" width=\"1024\" height=\"683\" data-id=\"2455\" src=\"https:\/\/medicina.udd.cl\/obstetricia-santiago\/files\/2026\/08\/obst-dia-de-la-matroneria-2026-109-1024x683.jpg\" alt=\"\" class=\"wp-image-2455\" srcset=\"https:\/\/medicina.udd.cl\/obstetricia-santiago\/files\/2026\/08\/obst-dia-de-la-matroneria-2026-109-1024x683.jpg 1024w, https:\/\/medicina.udd.cl\/obstetricia-santiago\/files\/2026\/08\/obst-dia-de-la-matroneria-2026-109-300x200.jpg 300w, https:\/\/medicina.udd.cl\/obstetricia-santiago\/files\/2026\/08\/obst-dia-de-la-matroneria-2026-109-768x512.jpg 768w, https:\/\/medicina.udd.cl\/obstetricia-santiago\/files\/2026\/08\/obst-dia-de-la-matroneria-2026-109-1536x1024.jpg 1536w, https:\/\/medicina.udd.cl\/obstetricia-santiago\/files\/2026\/08\/obst-dia-de-la-matroneria-2026-109-2048x1365.jpg 2048w\" sizes=\"auto, (max-width: 1024px) 100vw, 1024px\" \/><\/figure>\n\n\n\n<figure class=\"wp-block-image size-large\"><img loading=\"lazy\" decoding=\"async\" width=\"1024\" height=\"683\" data-id=\"2456\" src=\"https:\/\/medicina.udd.cl\/obstetricia-santiago\/files\/2026\/08\/obst-dia-de-la-matroneria-2026-110-1024x683.jpg\" alt=\"\" class=\"wp-image-2456\" srcset=\"https:\/\/medicina.udd.cl\/obstetricia-santiago\/files\/2026\/08\/obst-dia-de-la-matroneria-2026-110-1024x683.jpg 1024w, https:\/\/medicina.udd.cl\/obstetricia-santiago\/files\/2026\/08\/obst-dia-de-la-matroneria-2026-110-300x200.jpg 300w, https:\/\/medicina.udd.cl\/obstetricia-santiago\/files\/2026\/08\/obst-dia-de-la-matroneria-2026-110-768x512.jpg 768w, https:\/\/medicina.udd.cl\/obstetricia-santiago\/files\/2026\/08\/obst-dia-de-la-matroneria-2026-110-1536x1024.jpg 1536w, https:\/\/medicina.udd.cl\/obstetricia-santiago\/files\/2026\/08\/obst-dia-de-la-matroneria-2026-110-2048x1365.jpg 2048w\" sizes=\"auto, (max-width: 1024px) 100vw, 1024px\" \/><\/figure>\n\n\n\n<figure class=\"wp-block-image size-large\"><img loading=\"lazy\" decoding=\"async\" width=\"1024\" height=\"683\" data-id=\"2457\" src=\"https:\/\/medicina.udd.cl\/obstetricia-santiago\/files\/2026\/08\/obst-dia-de-la-matroneria-2026-113-1024x683.jpg\" alt=\"\" class=\"wp-image-2457\" srcset=\"https:\/\/medicina.udd.cl\/obstetricia-santiago\/files\/2026\/08\/obst-dia-de-la-matroneria-2026-113-1024x683.jpg 1024w, https:\/\/medicina.udd.cl\/obstetricia-santiago\/files\/2026\/08\/obst-dia-de-la-matroneria-2026-113-300x200.jpg 300w, https:\/\/medicina.udd.cl\/obstetricia-santiago\/files\/2026\/08\/obst-dia-de-la-matroneria-2026-113-768x512.jpg 768w, https:\/\/medicina.udd.cl\/obstetricia-santiago\/files\/2026\/08\/obst-dia-de-la-matroneria-2026-113-1536x1024.jpg 1536w, https:\/\/medicina.udd.cl\/obstetricia-santiago\/files\/2026\/08\/obst-dia-de-la-matroneria-2026-113-2048x1365.jpg 2048w\" sizes=\"auto, (max-width: 1024px) 100vw, 1024px\" \/><\/figure>\n\n\n\n<figure class=\"wp-block-image size-large\"><img loading=\"lazy\" decoding=\"async\" width=\"1024\" height=\"683\" data-id=\"2458\" src=\"https:\/\/medicina.udd.cl\/obstetricia-santiago\/files\/2026\/08\/obst-dia-de-la-matroneria-2026-116-1024x683.jpg\" alt=\"\" class=\"wp-image-2458\" srcset=\"https:\/\/medicina.udd.cl\/obstetricia-santiago\/files\/2026\/08\/obst-dia-de-la-matroneria-2026-116-1024x683.jpg 1024w, https:\/\/medicina.udd.cl\/obstetricia-santiago\/files\/2026\/08\/obst-dia-de-la-matroneria-2026-116-300x200.jpg 300w, https:\/\/medicina.udd.cl\/obstetricia-santiago\/files\/2026\/08\/obst-dia-de-la-matroneria-2026-116-768x512.jpg 768w, https:\/\/medicina.udd.cl\/obstetricia-santiago\/files\/2026\/08\/obst-dia-de-la-matroneria-2026-116-1536x1024.jpg 1536w, https:\/\/medicina.udd.cl\/obstetricia-santiago\/files\/2026\/08\/obst-dia-de-la-matroneria-2026-116-2048x1365.jpg 2048w\" sizes=\"auto, (max-width: 1024px) 100vw, 1024px\" \/><\/figure>\n\n\n\n<figure class=\"wp-block-image size-large\"><img loading=\"lazy\" decoding=\"async\" width=\"1024\" height=\"683\" data-id=\"2460\" src=\"https:\/\/medicina.udd.cl\/obstetricia-santiago\/files\/2026\/08\/obst-dia-de-la-matroneria-2026-123-1024x683.jpg\" alt=\"\" class=\"wp-image-2460\" srcset=\"https:\/\/medicina.udd.cl\/obstetricia-santiago\/files\/2026\/08\/obst-dia-de-la-matroneria-2026-123-1024x683.jpg 1024w, https:\/\/medicina.udd.cl\/obstetricia-santiago\/files\/2026\/08\/obst-dia-de-la-matroneria-2026-123-300x200.jpg 300w, https:\/\/medicina.udd.cl\/obstetricia-santiago\/files\/2026\/08\/obst-dia-de-la-matroneria-2026-123-768x512.jpg 768w, https:\/\/medicina.udd.cl\/obstetricia-santiago\/files\/2026\/08\/obst-dia-de-la-matroneria-2026-123-1536x1024.jpg 1536w, https:\/\/medicina.udd.cl\/obstetricia-santiago\/files\/2026\/08\/obst-dia-de-la-matroneria-2026-123-2048x1365.jpg 2048w\" sizes=\"auto, (max-width: 1024px) 100vw, 1024px\" \/><\/figure>\n\n\n\n<figure class=\"wp-block-image size-large\"><img loading=\"lazy\" decoding=\"async\" width=\"1024\" height=\"683\" data-id=\"2461\" src=\"https:\/\/medicina.udd.cl\/obstetricia-santiago\/files\/2026\/08\/obst-dia-de-la-matroneria-2026-126-1024x683.jpg\" alt=\"\" class=\"wp-image-2461\" srcset=\"https:\/\/medicina.udd.cl\/obstetricia-santiago\/files\/2026\/08\/obst-dia-de-la-matroneria-2026-126-1024x683.jpg 1024w, https:\/\/medicina.udd.cl\/obstetricia-santiago\/files\/2026\/08\/obst-dia-de-la-matroneria-2026-126-300x200.jpg 300w, https:\/\/medicina.udd.cl\/obstetricia-santiago\/files\/2026\/08\/obst-dia-de-la-matroneria-2026-126-768x512.jpg 768w, https:\/\/medicina.udd.cl\/obstetricia-santiago\/files\/2026\/08\/obst-dia-de-la-matroneria-2026-126-1536x1024.jpg 1536w, https:\/\/medicina.udd.cl\/obstetricia-santiago\/files\/2026\/08\/obst-dia-de-la-matroneria-2026-126-2048x1365.jpg 2048w\" sizes=\"auto, (max-width: 1024px) 100vw, 1024px\" \/><\/figure>\n\n\n\n<figure class=\"wp-block-image size-large\"><img loading=\"lazy\" decoding=\"async\" width=\"1024\" height=\"683\" data-id=\"2462\" src=\"https:\/\/medicina.udd.cl\/obstetricia-santiago\/files\/2026\/08\/obst-dia-de-la-matroneria-2026-129-1024x683.jpg\" alt=\"\" class=\"wp-image-2462\" srcset=\"https:\/\/medicina.udd.cl\/obstetricia-santiago\/files\/2026\/08\/obst-dia-de-la-matroneria-2026-129-1024x683.jpg 1024w, https:\/\/medicina.udd.cl\/obstetricia-santiago\/files\/2026\/08\/obst-dia-de-la-matroneria-2026-129-300x200.jpg 300w, https:\/\/medicina.udd.cl\/obstetricia-santiago\/files\/2026\/08\/obst-dia-de-la-matroneria-2026-129-768x512.jpg 768w, https:\/\/medicina.udd.cl\/obstetricia-santiago\/files\/2026\/08\/obst-dia-de-la-matroneria-2026-129-1536x1024.jpg 1536w, https:\/\/medicina.udd.cl\/obstetricia-santiago\/files\/2026\/08\/obst-dia-de-la-matroneria-2026-129-2048x1365.jpg 2048w\" sizes=\"auto, (max-width: 1024px) 100vw, 1024px\" \/><\/figure>\n\n\n\n<figure class=\"wp-block-image size-large\"><img loading=\"lazy\" decoding=\"async\" width=\"1024\" height=\"683\" data-id=\"2463\" src=\"https:\/\/medicina.udd.cl\/obstetricia-santiago\/files\/2026\/08\/obst-dia-de-la-matroneria-2026-133-1024x683.jpg\" alt=\"\" class=\"wp-image-2463\" srcset=\"https:\/\/medicina.udd.cl\/obstetricia-santiago\/files\/2026\/08\/obst-dia-de-la-matroneria-2026-133-1024x683.jpg 1024w, https:\/\/medicina.udd.cl\/obstetricia-santiago\/files\/2026\/08\/obst-dia-de-la-matroneria-2026-133-300x200.jpg 300w, https:\/\/medicina.udd.cl\/obstetricia-santiago\/files\/2026\/08\/obst-dia-de-la-matroneria-2026-133-768x512.jpg 768w, https:\/\/medicina.udd.cl\/obstetricia-santiago\/files\/2026\/08\/obst-dia-de-la-matroneria-2026-133-1536x1024.jpg 1536w, https:\/\/medicina.udd.cl\/obstetricia-santiago\/files\/2026\/08\/obst-dia-de-la-matroneria-2026-133-2048x1365.jpg 2048w\" sizes=\"auto, (max-width: 1024px) 100vw, 1024px\" \/><\/figure>\n<\/figure>\n","protected":false},"excerpt":{"rendered":"<p>En el marco del&nbsp;D\u00eda de la Matrona y el Matr\u00f3n, que se conmemora este&nbsp;31 de agosto, la carrera de&nbsp;Obstetricia UDD&nbsp;realiz\u00f3 la&nbsp;I Jornada de Actualizaci\u00f3n en Salud de la Mujer \u201cClimaterio: nuevos desaf\u00edos para la Matroner\u00eda frente a los cambios demogr\u00e1ficos\u201d, instancia acad\u00e9mica que busc\u00f3 generar un espacio de actualizaci\u00f3n, reflexi\u00f3n y encuentro en torno a [&hellip;]<\/p>\n","protected":false},"author":9192219,"featured_media":2441,"comment_status":"closed","ping_status":"open","sticky":false,"template":"","format":"standard","meta":{"footnotes":""},"categories":[4],"tags":[],"class_list":["post-2464","post","type-post","status-publish","format-standard","has-post-thumbnail","hentry","category-noticias"],"yoast_head":"<!-- This site is optimized with the Yoast SEO plugin v26.9 - https:\/\/yoast.com\/product\/yoast-seo-wordpress\/ -->\n<title>Obstetricia UDD conmemora el D\u00eda de la Matrona y el Matr\u00f3n con jornada dedicada a los nuevos desaf\u00edos de la salud de la mujer - Obstetricia<\/title>\n<meta name=\"robots\" content=\"index, follow, max-snippet:-1, max-image-preview:large, max-video-preview:-1\" \/>\n<link rel=\"canonical\" href=\"https:\/\/medicina.udd.cl\/obstetricia-santiago\/2026\/08\/31\/obstetricia-udd-conmemora-el-dia-de-la-matrona-y-el-matron-con-jornada-dedicada-a-los-nuevos-desafios-de-la-salud-de-la-mujer\/\" \/>\n<meta property=\"og:locale\" content=\"es_ES\" \/>\n<meta property=\"og:type\" content=\"article\" \/>\n<meta property=\"og:title\" content=\"Obstetricia UDD conmemora el D\u00eda de la Matrona y el Matr\u00f3n con jornada dedicada a los nuevos desaf\u00edos de la salud de la mujer - Obstetricia\" \/>\n<meta property=\"og:description\" content=\"En el marco del&nbsp;D\u00eda de la Matrona y el Matr\u00f3n, que se conmemora este&nbsp;31 de agosto, la carrera de&nbsp;Obstetricia UDD&nbsp;realiz\u00f3 la&nbsp;I Jornada de Actualizaci\u00f3n en Salud de la Mujer \u201cClimaterio: nuevos desaf\u00edos para la Matroner\u00eda frente a los cambios demogr\u00e1ficos\u201d, instancia acad\u00e9mica que busc\u00f3 generar un espacio de actualizaci\u00f3n, reflexi\u00f3n y encuentro en torno a [&hellip;]\" \/>\n<meta property=\"og:url\" content=\"https:\/\/medicina.udd.cl\/obstetricia-santiago\/2026\/08\/31\/obstetricia-udd-conmemora-el-dia-de-la-matrona-y-el-matron-con-jornada-dedicada-a-los-nuevos-desafios-de-la-salud-de-la-mujer\/\" \/>\n<meta property=\"og:site_name\" content=\"Obstetricia\" \/>\n<meta property=\"article:published_time\" content=\"2026-08-31T18:10:15+00:00\" \/>\n<meta property=\"article:modified_time\" content=\"2026-08-31T18:10:16+00:00\" \/>\n<meta property=\"og:image\" content=\"https:\/\/medicina.udd.cl\/obstetricia-santiago\/files\/2026\/08\/obst-dia-de-la-matroneria-2026-73-scaled.jpg\" \/>\n\t<meta property=\"og:image:width\" content=\"2560\" \/>\n\t<meta property=\"og:image:height\" content=\"1707\" \/>\n\t<meta property=\"og:image:type\" content=\"image\/jpeg\" \/>\n<meta name=\"author\" content=\"rbraidy\" \/>\n<meta name=\"twitter:card\" content=\"summary_large_image\" \/>\n<meta name=\"twitter:label1\" content=\"Escrito por\" \/>\n\t<meta name=\"twitter:data1\" content=\"rbraidy\" \/>\n\t<meta name=\"twitter:label2\" content=\"Tiempo de lectura\" \/>\n\t<meta name=\"twitter:data2\" content=\"15 minutos\" \/>\n<script type=\"application\/ld+json\" class=\"yoast-schema-graph\">{\"@context\":\"https:\/\/schema.org\",\"@graph\":[{\"@type\":\"Article\",\"@id\":\"https:\/\/medicina.udd.cl\/obstetricia-santiago\/2026\/08\/31\/obstetricia-udd-conmemora-el-dia-de-la-matrona-y-el-matron-con-jornada-dedicada-a-los-nuevos-desafios-de-la-salud-de-la-mujer\/#article\",\"isPartOf\":{\"@id\":\"https:\/\/medicina.udd.cl\/obstetricia-santiago\/2026\/08\/31\/obstetricia-udd-conmemora-el-dia-de-la-matrona-y-el-matron-con-jornada-dedicada-a-los-nuevos-desafios-de-la-salud-de-la-mujer\/\"},\"author\":{\"name\":\"rbraidy\",\"@id\":\"https:\/\/medicina.udd.cl\/obstetricia-santiago\/#\/schema\/person\/dbc3705bf3a93e8be1ba6de0ef950341\"},\"headline\":\"Obstetricia UDD conmemora el D\u00eda de la Matrona y el Matr\u00f3n con jornada dedicada a los nuevos desaf\u00edos de la salud de la mujer\",\"datePublished\":\"2026-08-31T18:10:15+00:00\",\"dateModified\":\"2026-08-31T18:10:16+00:00\",\"mainEntityOfPage\":{\"@id\":\"https:\/\/medicina.udd.cl\/obstetricia-santiago\/2026\/08\/31\/obstetricia-udd-conmemora-el-dia-de-la-matrona-y-el-matron-con-jornada-dedicada-a-los-nuevos-desafios-de-la-salud-de-la-mujer\/\"},\"wordCount\":1116,\"image\":{\"@id\":\"https:\/\/medicina.udd.cl\/obstetricia-santiago\/2026\/08\/31\/obstetricia-udd-conmemora-el-dia-de-la-matrona-y-el-matron-con-jornada-dedicada-a-los-nuevos-desafios-de-la-salud-de-la-mujer\/#primaryimage\"},\"thumbnailUrl\":\"https:\/\/medicina.udd.cl\/obstetricia-santiago\/files\/2026\/08\/obst-dia-de-la-matroneria-2026-73-scaled.jpg\",\"articleSection\":[\"Noticias\"],\"inLanguage\":\"es\"},{\"@type\":\"WebPage\",\"@id\":\"https:\/\/medicina.udd.cl\/obstetricia-santiago\/2026\/08\/31\/obstetricia-udd-conmemora-el-dia-de-la-matrona-y-el-matron-con-jornada-dedicada-a-los-nuevos-desafios-de-la-salud-de-la-mujer\/\",\"url\":\"https:\/\/medicina.udd.cl\/obstetricia-santiago\/2026\/08\/31\/obstetricia-udd-conmemora-el-dia-de-la-matrona-y-el-matron-con-jornada-dedicada-a-los-nuevos-desafios-de-la-salud-de-la-mujer\/\",\"name\":\"Obstetricia UDD conmemora el D\u00eda de la Matrona y el Matr\u00f3n con jornada dedicada a los nuevos desaf\u00edos de la salud de la mujer - Obstetricia\",\"isPartOf\":{\"@id\":\"https:\/\/medicina.udd.cl\/obstetricia-santiago\/#website\"},\"primaryImageOfPage\":{\"@id\":\"https:\/\/medicina.udd.cl\/obstetricia-santiago\/2026\/08\/31\/obstetricia-udd-conmemora-el-dia-de-la-matrona-y-el-matron-con-jornada-dedicada-a-los-nuevos-desafios-de-la-salud-de-la-mujer\/#primaryimage\"},\"image\":{\"@id\":\"https:\/\/medicina.udd.cl\/obstetricia-santiago\/2026\/08\/31\/obstetricia-udd-conmemora-el-dia-de-la-matrona-y-el-matron-con-jornada-dedicada-a-los-nuevos-desafios-de-la-salud-de-la-mujer\/#primaryimage\"},\"thumbnailUrl\":\"https:\/\/medicina.udd.cl\/obstetricia-santiago\/files\/2026\/08\/obst-dia-de-la-matroneria-2026-73-scaled.jpg\",\"datePublished\":\"2026-08-31T18:10:15+00:00\",\"dateModified\":\"2026-08-31T18:10:16+00:00\",\"author\":{\"@id\":\"https:\/\/medicina.udd.cl\/obstetricia-santiago\/#\/schema\/person\/dbc3705bf3a93e8be1ba6de0ef950341\"},\"breadcrumb\":{\"@id\":\"https:\/\/medicina.udd.cl\/obstetricia-santiago\/2026\/08\/31\/obstetricia-udd-conmemora-el-dia-de-la-matrona-y-el-matron-con-jornada-dedicada-a-los-nuevos-desafios-de-la-salud-de-la-mujer\/#breadcrumb\"},\"inLanguage\":\"es\",\"potentialAction\":[{\"@type\":\"ReadAction\",\"target\":[\"https:\/\/medicina.udd.cl\/obstetricia-santiago\/2026\/08\/31\/obstetricia-udd-conmemora-el-dia-de-la-matrona-y-el-matron-con-jornada-dedicada-a-los-nuevos-desafios-de-la-salud-de-la-mujer\/\"]}]},{\"@type\":\"ImageObject\",\"inLanguage\":\"es\",\"@id\":\"https:\/\/medicina.udd.cl\/obstetricia-santiago\/2026\/08\/31\/obstetricia-udd-conmemora-el-dia-de-la-matrona-y-el-matron-con-jornada-dedicada-a-los-nuevos-desafios-de-la-salud-de-la-mujer\/#primaryimage\",\"url\":\"https:\/\/medicina.udd.cl\/obstetricia-santiago\/files\/2026\/08\/obst-dia-de-la-matroneria-2026-73-scaled.jpg\",\"contentUrl\":\"https:\/\/medicina.udd.cl\/obstetricia-santiago\/files\/2026\/08\/obst-dia-de-la-matroneria-2026-73-scaled.jpg\",\"width\":2560,\"height\":1707},{\"@type\":\"BreadcrumbList\",\"@id\":\"https:\/\/medicina.udd.cl\/obstetricia-santiago\/2026\/08\/31\/obstetricia-udd-conmemora-el-dia-de-la-matrona-y-el-matron-con-jornada-dedicada-a-los-nuevos-desafios-de-la-salud-de-la-mujer\/#breadcrumb\",\"itemListElement\":[{\"@type\":\"ListItem\",\"position\":1,\"name\":\"Portada\",\"item\":\"https:\/\/medicina.udd.cl\/obstetricia-santiago\/\"},{\"@type\":\"ListItem\",\"position\":2,\"name\":\"Obstetricia UDD conmemora el D\u00eda de la Matrona y el Matr\u00f3n con jornada dedicada a los nuevos desaf\u00edos de la salud de la mujer\"}]},{\"@type\":\"WebSite\",\"@id\":\"https:\/\/medicina.udd.cl\/obstetricia-santiago\/#website\",\"url\":\"https:\/\/medicina.udd.cl\/obstetricia-santiago\/\",\"name\":\"Obstetricia\",\"description\":\"Facultad de Medicina Cl\u00ednica Alemana Universidad del Desarrollo\",\"inLanguage\":\"es\"},{\"@type\":\"Person\",\"@id\":\"https:\/\/medicina.udd.cl\/obstetricia-santiago\/#\/schema\/person\/dbc3705bf3a93e8be1ba6de0ef950341\",\"name\":\"rbraidy\",\"image\":{\"@type\":\"ImageObject\",\"inLanguage\":\"es\",\"@id\":\"https:\/\/medicina.udd.cl\/obstetricia-santiago\/#\/schema\/person\/image\/\",\"url\":\"https:\/\/secure.gravatar.com\/avatar\/0f8bc94637401590e45d2ce17eb65c274cb8870a219de6177f3f23e63fd8cdf3?s=96&d=mm&r=g\",\"contentUrl\":\"https:\/\/secure.gravatar.com\/avatar\/0f8bc94637401590e45d2ce17eb65c274cb8870a219de6177f3f23e63fd8cdf3?s=96&d=mm&r=g\",\"caption\":\"rbraidy\"},\"url\":\"https:\/\/medicina.udd.cl\/obstetricia-santiago\/author\/rbraidy\/\"}]}<\/script>\n<!-- \/ Yoast SEO plugin. -->","yoast_head_json":{"title":"Obstetricia UDD conmemora el D\u00eda de la Matrona y el Matr\u00f3n con jornada dedicada a los nuevos desaf\u00edos de la salud de la mujer - Obstetricia","robots":{"index":"index","follow":"follow","max-snippet":"max-snippet:-1","max-image-preview":"max-image-preview:large","max-video-preview":"max-video-preview:-1"},"canonical":"https:\/\/medicina.udd.cl\/obstetricia-santiago\/2026\/08\/31\/obstetricia-udd-conmemora-el-dia-de-la-matrona-y-el-matron-con-jornada-dedicada-a-los-nuevos-desafios-de-la-salud-de-la-mujer\/","og_locale":"es_ES","og_type":"article","og_title":"Obstetricia UDD conmemora el D\u00eda de la Matrona y el Matr\u00f3n con jornada dedicada a los nuevos desaf\u00edos de la salud de la mujer - Obstetricia","og_description":"En el marco del&nbsp;D\u00eda de la Matrona y el Matr\u00f3n, que se conmemora este&nbsp;31 de agosto, la carrera de&nbsp;Obstetricia UDD&nbsp;realiz\u00f3 la&nbsp;I Jornada de Actualizaci\u00f3n en Salud de la Mujer \u201cClimaterio: nuevos desaf\u00edos para la Matroner\u00eda frente a los cambios demogr\u00e1ficos\u201d, instancia acad\u00e9mica que busc\u00f3 generar un espacio de actualizaci\u00f3n, reflexi\u00f3n y encuentro en torno a [&hellip;]","og_url":"https:\/\/medicina.udd.cl\/obstetricia-santiago\/2026\/08\/31\/obstetricia-udd-conmemora-el-dia-de-la-matrona-y-el-matron-con-jornada-dedicada-a-los-nuevos-desafios-de-la-salud-de-la-mujer\/","og_site_name":"Obstetricia","article_published_time":"2026-08-31T18:10:15+00:00","article_modified_time":"2026-08-31T18:10:16+00:00","og_image":[{"width":2560,"height":1707,"url":"https:\/\/medicina.udd.cl\/obstetricia-santiago\/files\/2026\/08\/obst-dia-de-la-matroneria-2026-73-scaled.jpg","type":"image\/jpeg"}],"author":"rbraidy","twitter_card":"summary_large_image","twitter_misc":{"Escrito por":"rbraidy","Tiempo de lectura":"15 minutos"},"schema":{"@context":"https:\/\/schema.org","@graph":[{"@type":"Article","@id":"https:\/\/medicina.udd.cl\/obstetricia-santiago\/2026\/08\/31\/obstetricia-udd-conmemora-el-dia-de-la-matrona-y-el-matron-con-jornada-dedicada-a-los-nuevos-desafios-de-la-salud-de-la-mujer\/#article","isPartOf":{"@id":"https:\/\/medicina.udd.cl\/obstetricia-santiago\/2026\/08\/31\/obstetricia-udd-conmemora-el-dia-de-la-matrona-y-el-matron-con-jornada-dedicada-a-los-nuevos-desafios-de-la-salud-de-la-mujer\/"},"author":{"name":"rbraidy","@id":"https:\/\/medicina.udd.cl\/obstetricia-santiago\/#\/schema\/person\/dbc3705bf3a93e8be1ba6de0ef950341"},"headline":"Obstetricia UDD conmemora el D\u00eda de la Matrona y el Matr\u00f3n con jornada dedicada a los nuevos desaf\u00edos de la salud de la mujer","datePublished":"2026-08-31T18:10:15+00:00","dateModified":"2026-08-31T18:10:16+00:00","mainEntityOfPage":{"@id":"https:\/\/medicina.udd.cl\/obstetricia-santiago\/2026\/08\/31\/obstetricia-udd-conmemora-el-dia-de-la-matrona-y-el-matron-con-jornada-dedicada-a-los-nuevos-desafios-de-la-salud-de-la-mujer\/"},"wordCount":1116,"image":{"@id":"https:\/\/medicina.udd.cl\/obstetricia-santiago\/2026\/08\/31\/obstetricia-udd-conmemora-el-dia-de-la-matrona-y-el-matron-con-jornada-dedicada-a-los-nuevos-desafios-de-la-salud-de-la-mujer\/#primaryimage"},"thumbnailUrl":"https:\/\/medicina.udd.cl\/obstetricia-santiago\/files\/2026\/08\/obst-dia-de-la-matroneria-2026-73-scaled.jpg","articleSection":["Noticias"],"inLanguage":"es"},{"@type":"WebPage","@id":"https:\/\/medicina.udd.cl\/obstetricia-santiago\/2026\/08\/31\/obstetricia-udd-conmemora-el-dia-de-la-matrona-y-el-matron-con-jornada-dedicada-a-los-nuevos-desafios-de-la-salud-de-la-mujer\/","url":"https:\/\/medicina.udd.cl\/obstetricia-santiago\/2026\/08\/31\/obstetricia-udd-conmemora-el-dia-de-la-matrona-y-el-matron-con-jornada-dedicada-a-los-nuevos-desafios-de-la-salud-de-la-mujer\/","name":"Obstetricia UDD conmemora el D\u00eda de la Matrona y el Matr\u00f3n con jornada dedicada a los nuevos desaf\u00edos de la salud de la mujer - Obstetricia","isPartOf":{"@id":"https:\/\/medicina.udd.cl\/obstetricia-santiago\/#website"},"primaryImageOfPage":{"@id":"https:\/\/medicina.udd.cl\/obstetricia-santiago\/2026\/08\/31\/obstetricia-udd-conmemora-el-dia-de-la-matrona-y-el-matron-con-jornada-dedicada-a-los-nuevos-desafios-de-la-salud-de-la-mujer\/#primaryimage"},"image":{"@id":"https:\/\/medicina.udd.cl\/obstetricia-santiago\/2026\/08\/31\/obstetricia-udd-conmemora-el-dia-de-la-matrona-y-el-matron-con-jornada-dedicada-a-los-nuevos-desafios-de-la-salud-de-la-mujer\/#primaryimage"},"thumbnailUrl":"https:\/\/medicina.udd.cl\/obstetricia-santiago\/files\/2026\/08\/obst-dia-de-la-matroneria-2026-73-scaled.jpg","datePublished":"2026-08-31T18:10:15+00:00","dateModified":"2026-08-31T18:10:16+00:00","author":{"@id":"https:\/\/medicina.udd.cl\/obstetricia-santiago\/#\/schema\/person\/dbc3705bf3a93e8be1ba6de0ef950341"},"breadcrumb":{"@id":"https:\/\/medicina.udd.cl\/obstetricia-santiago\/2026\/08\/31\/obstetricia-udd-conmemora-el-dia-de-la-matrona-y-el-matron-con-jornada-dedicada-a-los-nuevos-desafios-de-la-salud-de-la-mujer\/#breadcrumb"},"inLanguage":"es","potentialAction":[{"@type":"ReadAction","target":["https:\/\/medicina.udd.cl\/obstetricia-santiago\/2026\/08\/31\/obstetricia-udd-conmemora-el-dia-de-la-matrona-y-el-matron-con-jornada-dedicada-a-los-nuevos-desafios-de-la-salud-de-la-mujer\/"]}]},{"@type":"ImageObject","inLanguage":"es","@id":"https:\/\/medicina.udd.cl\/obstetricia-santiago\/2026\/08\/31\/obstetricia-udd-conmemora-el-dia-de-la-matrona-y-el-matron-con-jornada-dedicada-a-los-nuevos-desafios-de-la-salud-de-la-mujer\/#primaryimage","url":"https:\/\/medicina.udd.cl\/obstetricia-santiago\/files\/2026\/08\/obst-dia-de-la-matroneria-2026-73-scaled.jpg","contentUrl":"https:\/\/medicina.udd.cl\/obstetricia-santiago\/files\/2026\/08\/obst-dia-de-la-matroneria-2026-73-scaled.jpg","width":2560,"height":1707},{"@type":"BreadcrumbList","@id":"https:\/\/medicina.udd.cl\/obstetricia-santiago\/2026\/08\/31\/obstetricia-udd-conmemora-el-dia-de-la-matrona-y-el-matron-con-jornada-dedicada-a-los-nuevos-desafios-de-la-salud-de-la-mujer\/#breadcrumb","itemListElement":[{"@type":"ListItem","position":1,"name":"Portada","item":"https:\/\/medicina.udd.cl\/obstetricia-santiago\/"},{"@type":"ListItem","position":2,"name":"Obstetricia UDD conmemora el D\u00eda de la Matrona y el Matr\u00f3n con jornada dedicada a los nuevos desaf\u00edos de la salud de la mujer"}]},{"@type":"WebSite","@id":"https:\/\/medicina.udd.cl\/obstetricia-santiago\/#website","url":"https:\/\/medicina.udd.cl\/obstetricia-santiago\/","name":"Obstetricia","description":"Facultad de Medicina Cl\u00ednica Alemana Universidad del Desarrollo","inLanguage":"es"},{"@type":"Person","@id":"https:\/\/medicina.udd.cl\/obstetricia-santiago\/#\/schema\/person\/dbc3705bf3a93e8be1ba6de0ef950341","name":"rbraidy","image":{"@type":"ImageObject","inLanguage":"es","@id":"https:\/\/medicina.udd.cl\/obstetricia-santiago\/#\/schema\/person\/image\/","url":"https:\/\/secure.gravatar.com\/avatar\/0f8bc94637401590e45d2ce17eb65c274cb8870a219de6177f3f23e63fd8cdf3?s=96&d=mm&r=g","contentUrl":"https:\/\/secure.gravatar.com\/avatar\/0f8bc94637401590e45d2ce17eb65c274cb8870a219de6177f3f23e63fd8cdf3?s=96&d=mm&r=g","caption":"rbraidy"},"url":"https:\/\/medicina.udd.cl\/obstetricia-santiago\/author\/rbraidy\/"}]}},"featured_image_url":"https:\/\/medicina.udd.cl\/obstetricia-santiago\/files\/2026\/08\/obst-dia-de-la-matroneria-2026-73-scaled.jpg","_links":{"self":[{"href":"https:\/\/medicina.udd.cl\/obstetricia-santiago\/wp-json\/wp\/v2\/posts\/2464","targetHints":{"allow":["GET"]}}],"collection":[{"href":"https:\/\/medicina.udd.cl\/obstetricia-santiago\/wp-json\/wp\/v2\/posts"}],"about":[{"href":"https:\/\/medicina.udd.cl\/obstetricia-santiago\/wp-json\/wp\/v2\/types\/post"}],"author":[{"embeddable":true,"href":"https:\/\/medicina.udd.cl\/obstetricia-santiago\/wp-json\/wp\/v2\/users\/9192219"}],"replies":[{"embeddable":true,"href":"https:\/\/medicina.udd.cl\/obstetricia-santiago\/wp-json\/wp\/v2\/comments?post=2464"}],"version-history":[{"count":1,"href":"https:\/\/medicina.udd.cl\/obstetricia-santiago\/wp-json\/wp\/v2\/posts\/2464\/revisions"}],"predecessor-version":[{"id":2465,"href":"https:\/\/medicina.udd.cl\/obstetricia-santiago\/wp-json\/wp\/v2\/posts\/2464\/revisions\/2465"}],"wp:featuredmedia":[{"embeddable":true,"href":"https:\/\/medicina.udd.cl\/obstetricia-santiago\/wp-json\/wp\/v2\/media\/2441"}],"wp:attachment":[{"href":"https:\/\/medicina.udd.cl\/obstetricia-santiago\/wp-json\/wp\/v2\/media?parent=2464"}],"wp:term":[{"taxonomy":"category","embeddable":true,"href":"https:\/\/medicina.udd.cl\/obstetricia-santiago\/wp-json\/wp\/v2\/categories?post=2464"},{"taxonomy":"post_tag","embeddable":true,"href":"https:\/\/medicina.udd.cl\/obstetricia-santiago\/wp-json\/wp\/v2\/tags?post=2464"}],"curies":[{"name":"wp","href":"https:\/\/api.w.org\/{rel}","templated":true}]}}