{"id":394,"date":"2019-08-08T14:38:51","date_gmt":"2019-08-08T14:38:51","guid":{"rendered":"http:\/\/medicina.udd.cl\/obstetricia-santiago\/?p=281"},"modified":"2019-12-23T01:34:36","modified_gmt":"2019-12-23T01:34:36","slug":"matrones-y-matronas-participan-en-curso-de-manejo-avanzado-de-heridas-y-cuidados-de-la-piel","status":"publish","type":"post","link":"https:\/\/medicina.udd.cl\/obstetricia-santiago\/2019\/08\/08\/matrones-y-matronas-participan-en-curso-de-manejo-avanzado-de-heridas-y-cuidados-de-la-piel\/","title":{"rendered":"Matrones y matronas participan en curso de manejo avanzado de heridas y cuidados de la piel"},"content":{"rendered":"<div id=\"gallery-1\" class=\"carousel slide carousel-gallery\" data-ride=\"false\" data-interval=\"false\"><div class=\"carousel-inner\" role=\"listbox\"><figure class=\"carousel-item active\"><img loading=\"lazy\" decoding=\"async\" width=\"952\" height=\"534\" src=\"https:\/\/medicina.udd.cl\/obstetricia-santiago\/files\/2019\/08\/4-952x534.jpg\" class=\"attachment-landscape_952 size-landscape_952\" alt=\"\" srcset=\"https:\/\/medicina.udd.cl\/obstetricia-santiago\/files\/2019\/08\/4-952x534.jpg 952w, https:\/\/medicina.udd.cl\/obstetricia-santiago\/files\/2019\/08\/4-680x382.jpg 680w\" sizes=\"auto, (max-width: 952px) 100vw, 952px\" \/><\/figure><figure class=\"carousel-item\"><img loading=\"lazy\" decoding=\"async\" width=\"952\" height=\"534\" src=\"https:\/\/medicina.udd.cl\/obstetricia-santiago\/files\/2019\/08\/2-952x534.jpg\" class=\"attachment-landscape_952 size-landscape_952\" alt=\"\" srcset=\"https:\/\/medicina.udd.cl\/obstetricia-santiago\/files\/2019\/08\/2-952x534.jpg 952w, https:\/\/medicina.udd.cl\/obstetricia-santiago\/files\/2019\/08\/2-680x382.jpg 680w\" sizes=\"auto, (max-width: 952px) 100vw, 952px\" \/><\/figure><figure class=\"carousel-item\"><img loading=\"lazy\" decoding=\"async\" width=\"952\" height=\"534\" src=\"https:\/\/medicina.udd.cl\/obstetricia-santiago\/files\/2019\/08\/3-952x534.jpg\" class=\"attachment-landscape_952 size-landscape_952\" alt=\"\" srcset=\"https:\/\/medicina.udd.cl\/obstetricia-santiago\/files\/2019\/08\/3-952x534.jpg 952w, https:\/\/medicina.udd.cl\/obstetricia-santiago\/files\/2019\/08\/3-680x382.jpg 680w\" sizes=\"auto, (max-width: 952px) 100vw, 952px\" \/><\/figure><\/div><footer class=\"carousel-footer\"><div class=\"carousel-counter\"><span class=\"carousel-counter-current\"><\/span> \/ <span class=\"carousel-counter-total\"><\/span><\/div><a class=\"carousel-control-prev\" href=\"#gallery-1\" role=\"button\" data-slide=\"prev\"><svg aria-hidden=\"true\" class=\"svg-chevron-left-dims\"><use xlink:href='https:\/\/medicina.udd.cl\/obstetricia-santiago\/wp-content\/themes\/facultades-2018\/assets\/img\/svg\/dist\/main.svg?version=1695853099#chevron-left'><\/use><\/svg><span class=\"sr-only\">Anterior<\/span><\/a><a class=\"carousel-control-next\" href=\"#gallery-1\" role=\"button\" data-slide=\"next\"><svg aria-hidden=\"true\" class=\"svg-chevron-right-dims\"><use xlink:href='https:\/\/medicina.udd.cl\/obstetricia-santiago\/wp-content\/themes\/facultades-2018\/assets\/img\/svg\/dist\/main.svg?version=1695853099#chevron-right'><\/use><\/svg><span class=\"sr-only\">Siguiente<\/span><\/a><\/footer><\/div>\n<p>En el campus RESB de la Universidad del Desarrollo se llev\u00f3 a cabo el curso de \u201cActualizaci\u00f3n en Manejo Avanzado de Heridas y Cuidados de la Piel\u201d, organizado por la carrera de Obstetricia y la empresa Multinacional ConvaTec, dedicada a la venta de art\u00edculos para ostom\u00eda.<\/p>\n<p>En la actividad, orientada a profesionales de la salud, espec\u00edficamente matrones y matronas que se desempe\u00f1an en las ramas de Ginecolog\u00eda, Obstetricia y Neonatolog\u00eda, participaron profesionales de la salud y acad\u00e9micos de la Universidad del Desarrollo, el Hospital Padre Hurtado, Hospital Cl\u00ednico San Borja Arriar\u00e1n y Cl\u00ednica Alemana, quienes se capacitaron en conocimientos para el desarrollo de habilidades en relaci\u00f3n al tratamiento correcto de pacientes con heridas de dif\u00edcil manejo, as\u00ed como la prevenci\u00f3n de lesiones de la piel asociadas a la atenci\u00f3n sanitaria.<\/p>\n<p>\u201cEsta jornada responde a una necesidad latente de actualizaci\u00f3n permanente por parte de los profesionales de los distintos campos cl\u00ednicos, que prestaron servicios docentes-asistenciales durante el primer semestre a la carrera de Obstetricia y, con el fin de fortalecer nuevas alianzas a trav\u00e9s de la capacitaci\u00f3n en \u00e1reas espec\u00edficas de la profesi\u00f3n\u201d, destac\u00f3 Ma. Francisca Villal\u00f3n, docente y coordinadora del curso.<\/p>\n","protected":false},"excerpt":{"rendered":"<p>En la jornada, organizada por la carrera de Obstetricia, participaron profesionales de la salud de la Universidad Desarrollo, el Hospital Padre Hurtado, Hospital Cl\u00ednico San Borja Arriar\u00e1n y Cl\u00ednica Alemana<\/p>\n","protected":false},"author":9192194,"featured_media":357,"comment_status":"open","ping_status":"open","sticky":false,"template":"","format":"standard","meta":{"footnotes":""},"categories":[4],"tags":[],"class_list":["post-394","post","type-post","status-publish","format-standard","has-post-thumbnail","hentry","category-noticias"],"yoast_head":"<!-- This site is optimized with the Yoast SEO plugin v26.9 - https:\/\/yoast.com\/product\/yoast-seo-wordpress\/ -->\n<title>Matrones y matronas participan en curso de manejo avanzado de heridas y cuidados de la piel - Obstetricia<\/title>\n<meta name=\"robots\" content=\"index, follow, max-snippet:-1, max-image-preview:large, max-video-preview:-1\" \/>\n<link rel=\"canonical\" href=\"https:\/\/medicina.udd.cl\/obstetricia-santiago\/2019\/08\/08\/matrones-y-matronas-participan-en-curso-de-manejo-avanzado-de-heridas-y-cuidados-de-la-piel\/\" \/>\n<meta property=\"og:locale\" content=\"es_ES\" \/>\n<meta property=\"og:type\" content=\"article\" \/>\n<meta property=\"og:title\" content=\"Matrones y matronas participan en curso de manejo avanzado de heridas y cuidados de la piel - Obstetricia\" \/>\n<meta property=\"og:description\" content=\"En la jornada, organizada por la carrera de Obstetricia, participaron profesionales de la salud de la Universidad Desarrollo, el Hospital Padre Hurtado, Hospital Cl\u00ednico San Borja Arriar\u00e1n y Cl\u00ednica Alemana\" \/>\n<meta property=\"og:url\" content=\"https:\/\/medicina.udd.cl\/obstetricia-santiago\/2019\/08\/08\/matrones-y-matronas-participan-en-curso-de-manejo-avanzado-de-heridas-y-cuidados-de-la-piel\/\" \/>\n<meta property=\"og:site_name\" content=\"Obstetricia\" \/>\n<meta property=\"article:published_time\" content=\"2019-08-08T14:38:51+00:00\" \/>\n<meta property=\"article:modified_time\" content=\"2019-12-23T01:34:36+00:00\" \/>\n<meta property=\"og:image\" content=\"https:\/\/medicina.udd.cl\/obstetricia-santiago\/files\/2019\/08\/4.jpg\" \/>\n\t<meta property=\"og:image:width\" content=\"1215\" \/>\n\t<meta property=\"og:image:height\" content=\"1841\" \/>\n\t<meta property=\"og:image:type\" content=\"image\/jpeg\" \/>\n<meta name=\"author\" content=\"anaramirez\" \/>\n<meta name=\"twitter:card\" content=\"summary_large_image\" \/>\n<meta name=\"twitter:label1\" content=\"Escrito por\" \/>\n\t<meta name=\"twitter:data1\" content=\"anaramirez\" \/>\n\t<meta name=\"twitter:label2\" content=\"Tiempo de lectura\" \/>\n\t<meta name=\"twitter:data2\" content=\"1 minuto\" \/>\n<script type=\"application\/ld+json\" class=\"yoast-schema-graph\">{\"@context\":\"https:\/\/schema.org\",\"@graph\":[{\"@type\":\"Article\",\"@id\":\"https:\/\/medicina.udd.cl\/obstetricia-santiago\/2019\/08\/08\/matrones-y-matronas-participan-en-curso-de-manejo-avanzado-de-heridas-y-cuidados-de-la-piel\/#article\",\"isPartOf\":{\"@id\":\"https:\/\/medicina.udd.cl\/obstetricia-santiago\/2019\/08\/08\/matrones-y-matronas-participan-en-curso-de-manejo-avanzado-de-heridas-y-cuidados-de-la-piel\/\"},\"author\":{\"name\":\"anaramirez\",\"@id\":\"https:\/\/medicina.udd.cl\/obstetricia-santiago\/#\/schema\/person\/a6153bcbec1af5c60ee9a54bf350e50e\"},\"headline\":\"Matrones y matronas participan en curso de manejo avanzado de heridas y cuidados de la piel\",\"datePublished\":\"2019-08-08T14:38:51+00:00\",\"dateModified\":\"2019-12-23T01:34:36+00:00\",\"mainEntityOfPage\":{\"@id\":\"https:\/\/medicina.udd.cl\/obstetricia-santiago\/2019\/08\/08\/matrones-y-matronas-participan-en-curso-de-manejo-avanzado-de-heridas-y-cuidados-de-la-piel\/\"},\"wordCount\":231,\"commentCount\":0,\"image\":{\"@id\":\"https:\/\/medicina.udd.cl\/obstetricia-santiago\/2019\/08\/08\/matrones-y-matronas-participan-en-curso-de-manejo-avanzado-de-heridas-y-cuidados-de-la-piel\/#primaryimage\"},\"thumbnailUrl\":\"https:\/\/medicina.udd.cl\/obstetricia-santiago\/files\/2019\/08\/4.jpg\",\"articleSection\":[\"Noticias\"],\"inLanguage\":\"es\",\"potentialAction\":[{\"@type\":\"CommentAction\",\"name\":\"Comment\",\"target\":[\"https:\/\/medicina.udd.cl\/obstetricia-santiago\/2019\/08\/08\/matrones-y-matronas-participan-en-curso-de-manejo-avanzado-de-heridas-y-cuidados-de-la-piel\/#respond\"]}]},{\"@type\":\"WebPage\",\"@id\":\"https:\/\/medicina.udd.cl\/obstetricia-santiago\/2019\/08\/08\/matrones-y-matronas-participan-en-curso-de-manejo-avanzado-de-heridas-y-cuidados-de-la-piel\/\",\"url\":\"https:\/\/medicina.udd.cl\/obstetricia-santiago\/2019\/08\/08\/matrones-y-matronas-participan-en-curso-de-manejo-avanzado-de-heridas-y-cuidados-de-la-piel\/\",\"name\":\"Matrones y matronas participan en curso de manejo avanzado de heridas y cuidados de la piel - Obstetricia\",\"isPartOf\":{\"@id\":\"https:\/\/medicina.udd.cl\/obstetricia-santiago\/#website\"},\"primaryImageOfPage\":{\"@id\":\"https:\/\/medicina.udd.cl\/obstetricia-santiago\/2019\/08\/08\/matrones-y-matronas-participan-en-curso-de-manejo-avanzado-de-heridas-y-cuidados-de-la-piel\/#primaryimage\"},\"image\":{\"@id\":\"https:\/\/medicina.udd.cl\/obstetricia-santiago\/2019\/08\/08\/matrones-y-matronas-participan-en-curso-de-manejo-avanzado-de-heridas-y-cuidados-de-la-piel\/#primaryimage\"},\"thumbnailUrl\":\"https:\/\/medicina.udd.cl\/obstetricia-santiago\/files\/2019\/08\/4.jpg\",\"datePublished\":\"2019-08-08T14:38:51+00:00\",\"dateModified\":\"2019-12-23T01:34:36+00:00\",\"author\":{\"@id\":\"https:\/\/medicina.udd.cl\/obstetricia-santiago\/#\/schema\/person\/a6153bcbec1af5c60ee9a54bf350e50e\"},\"breadcrumb\":{\"@id\":\"https:\/\/medicina.udd.cl\/obstetricia-santiago\/2019\/08\/08\/matrones-y-matronas-participan-en-curso-de-manejo-avanzado-de-heridas-y-cuidados-de-la-piel\/#breadcrumb\"},\"inLanguage\":\"es\",\"potentialAction\":[{\"@type\":\"ReadAction\",\"target\":[\"https:\/\/medicina.udd.cl\/obstetricia-santiago\/2019\/08\/08\/matrones-y-matronas-participan-en-curso-de-manejo-avanzado-de-heridas-y-cuidados-de-la-piel\/\"]}]},{\"@type\":\"ImageObject\",\"inLanguage\":\"es\",\"@id\":\"https:\/\/medicina.udd.cl\/obstetricia-santiago\/2019\/08\/08\/matrones-y-matronas-participan-en-curso-de-manejo-avanzado-de-heridas-y-cuidados-de-la-piel\/#primaryimage\",\"url\":\"https:\/\/medicina.udd.cl\/obstetricia-santiago\/files\/2019\/08\/4.jpg\",\"contentUrl\":\"https:\/\/medicina.udd.cl\/obstetricia-santiago\/files\/2019\/08\/4.jpg\",\"width\":1215,\"height\":1841},{\"@type\":\"BreadcrumbList\",\"@id\":\"https:\/\/medicina.udd.cl\/obstetricia-santiago\/2019\/08\/08\/matrones-y-matronas-participan-en-curso-de-manejo-avanzado-de-heridas-y-cuidados-de-la-piel\/#breadcrumb\",\"itemListElement\":[{\"@type\":\"ListItem\",\"position\":1,\"name\":\"Portada\",\"item\":\"https:\/\/medicina.udd.cl\/obstetricia-santiago\/\"},{\"@type\":\"ListItem\",\"position\":2,\"name\":\"Matrones y matronas participan en curso de manejo avanzado de heridas y cuidados de la piel\"}]},{\"@type\":\"WebSite\",\"@id\":\"https:\/\/medicina.udd.cl\/obstetricia-santiago\/#website\",\"url\":\"https:\/\/medicina.udd.cl\/obstetricia-santiago\/\",\"name\":\"Obstetricia\",\"description\":\"Facultad de Medicina Cl\u00ednica Alemana Universidad del Desarrollo\",\"inLanguage\":\"es\"},{\"@type\":\"Person\",\"@id\":\"https:\/\/medicina.udd.cl\/obstetricia-santiago\/#\/schema\/person\/a6153bcbec1af5c60ee9a54bf350e50e\",\"name\":\"anaramirez\",\"image\":{\"@type\":\"ImageObject\",\"inLanguage\":\"es\",\"@id\":\"https:\/\/medicina.udd.cl\/obstetricia-santiago\/#\/schema\/person\/image\/\",\"url\":\"https:\/\/secure.gravatar.com\/avatar\/7951b2c13488540f5ce68d55abe3e023f8dff33769284143eb6d9863891b3b24?s=96&d=mm&r=g\",\"contentUrl\":\"https:\/\/secure.gravatar.com\/avatar\/7951b2c13488540f5ce68d55abe3e023f8dff33769284143eb6d9863891b3b24?s=96&d=mm&r=g\",\"caption\":\"anaramirez\"},\"url\":\"https:\/\/medicina.udd.cl\/obstetricia-santiago\/author\/anaramirez\/\"}]}<\/script>\n<!-- \/ Yoast SEO plugin. -->","yoast_head_json":{"title":"Matrones y matronas participan en curso de manejo avanzado de heridas y cuidados de la piel - Obstetricia","robots":{"index":"index","follow":"follow","max-snippet":"max-snippet:-1","max-image-preview":"max-image-preview:large","max-video-preview":"max-video-preview:-1"},"canonical":"https:\/\/medicina.udd.cl\/obstetricia-santiago\/2019\/08\/08\/matrones-y-matronas-participan-en-curso-de-manejo-avanzado-de-heridas-y-cuidados-de-la-piel\/","og_locale":"es_ES","og_type":"article","og_title":"Matrones y matronas participan en curso de manejo avanzado de heridas y cuidados de la piel - Obstetricia","og_description":"En la jornada, organizada por la carrera de Obstetricia, participaron profesionales de la salud de la Universidad Desarrollo, el Hospital Padre Hurtado, Hospital Cl\u00ednico San Borja Arriar\u00e1n y Cl\u00ednica Alemana","og_url":"https:\/\/medicina.udd.cl\/obstetricia-santiago\/2019\/08\/08\/matrones-y-matronas-participan-en-curso-de-manejo-avanzado-de-heridas-y-cuidados-de-la-piel\/","og_site_name":"Obstetricia","article_published_time":"2019-08-08T14:38:51+00:00","article_modified_time":"2019-12-23T01:34:36+00:00","og_image":[{"width":1215,"height":1841,"url":"https:\/\/medicina.udd.cl\/obstetricia-santiago\/files\/2019\/08\/4.jpg","type":"image\/jpeg"}],"author":"anaramirez","twitter_card":"summary_large_image","twitter_misc":{"Escrito por":"anaramirez","Tiempo de lectura":"1 minuto"},"schema":{"@context":"https:\/\/schema.org","@graph":[{"@type":"Article","@id":"https:\/\/medicina.udd.cl\/obstetricia-santiago\/2019\/08\/08\/matrones-y-matronas-participan-en-curso-de-manejo-avanzado-de-heridas-y-cuidados-de-la-piel\/#article","isPartOf":{"@id":"https:\/\/medicina.udd.cl\/obstetricia-santiago\/2019\/08\/08\/matrones-y-matronas-participan-en-curso-de-manejo-avanzado-de-heridas-y-cuidados-de-la-piel\/"},"author":{"name":"anaramirez","@id":"https:\/\/medicina.udd.cl\/obstetricia-santiago\/#\/schema\/person\/a6153bcbec1af5c60ee9a54bf350e50e"},"headline":"Matrones y matronas participan en curso de manejo avanzado de heridas y cuidados de la piel","datePublished":"2019-08-08T14:38:51+00:00","dateModified":"2019-12-23T01:34:36+00:00","mainEntityOfPage":{"@id":"https:\/\/medicina.udd.cl\/obstetricia-santiago\/2019\/08\/08\/matrones-y-matronas-participan-en-curso-de-manejo-avanzado-de-heridas-y-cuidados-de-la-piel\/"},"wordCount":231,"commentCount":0,"image":{"@id":"https:\/\/medicina.udd.cl\/obstetricia-santiago\/2019\/08\/08\/matrones-y-matronas-participan-en-curso-de-manejo-avanzado-de-heridas-y-cuidados-de-la-piel\/#primaryimage"},"thumbnailUrl":"https:\/\/medicina.udd.cl\/obstetricia-santiago\/files\/2019\/08\/4.jpg","articleSection":["Noticias"],"inLanguage":"es","potentialAction":[{"@type":"CommentAction","name":"Comment","target":["https:\/\/medicina.udd.cl\/obstetricia-santiago\/2019\/08\/08\/matrones-y-matronas-participan-en-curso-de-manejo-avanzado-de-heridas-y-cuidados-de-la-piel\/#respond"]}]},{"@type":"WebPage","@id":"https:\/\/medicina.udd.cl\/obstetricia-santiago\/2019\/08\/08\/matrones-y-matronas-participan-en-curso-de-manejo-avanzado-de-heridas-y-cuidados-de-la-piel\/","url":"https:\/\/medicina.udd.cl\/obstetricia-santiago\/2019\/08\/08\/matrones-y-matronas-participan-en-curso-de-manejo-avanzado-de-heridas-y-cuidados-de-la-piel\/","name":"Matrones y matronas participan en curso de manejo avanzado de heridas y cuidados de la piel - Obstetricia","isPartOf":{"@id":"https:\/\/medicina.udd.cl\/obstetricia-santiago\/#website"},"primaryImageOfPage":{"@id":"https:\/\/medicina.udd.cl\/obstetricia-santiago\/2019\/08\/08\/matrones-y-matronas-participan-en-curso-de-manejo-avanzado-de-heridas-y-cuidados-de-la-piel\/#primaryimage"},"image":{"@id":"https:\/\/medicina.udd.cl\/obstetricia-santiago\/2019\/08\/08\/matrones-y-matronas-participan-en-curso-de-manejo-avanzado-de-heridas-y-cuidados-de-la-piel\/#primaryimage"},"thumbnailUrl":"https:\/\/medicina.udd.cl\/obstetricia-santiago\/files\/2019\/08\/4.jpg","datePublished":"2019-08-08T14:38:51+00:00","dateModified":"2019-12-23T01:34:36+00:00","author":{"@id":"https:\/\/medicina.udd.cl\/obstetricia-santiago\/#\/schema\/person\/a6153bcbec1af5c60ee9a54bf350e50e"},"breadcrumb":{"@id":"https:\/\/medicina.udd.cl\/obstetricia-santiago\/2019\/08\/08\/matrones-y-matronas-participan-en-curso-de-manejo-avanzado-de-heridas-y-cuidados-de-la-piel\/#breadcrumb"},"inLanguage":"es","potentialAction":[{"@type":"ReadAction","target":["https:\/\/medicina.udd.cl\/obstetricia-santiago\/2019\/08\/08\/matrones-y-matronas-participan-en-curso-de-manejo-avanzado-de-heridas-y-cuidados-de-la-piel\/"]}]},{"@type":"ImageObject","inLanguage":"es","@id":"https:\/\/medicina.udd.cl\/obstetricia-santiago\/2019\/08\/08\/matrones-y-matronas-participan-en-curso-de-manejo-avanzado-de-heridas-y-cuidados-de-la-piel\/#primaryimage","url":"https:\/\/medicina.udd.cl\/obstetricia-santiago\/files\/2019\/08\/4.jpg","contentUrl":"https:\/\/medicina.udd.cl\/obstetricia-santiago\/files\/2019\/08\/4.jpg","width":1215,"height":1841},{"@type":"BreadcrumbList","@id":"https:\/\/medicina.udd.cl\/obstetricia-santiago\/2019\/08\/08\/matrones-y-matronas-participan-en-curso-de-manejo-avanzado-de-heridas-y-cuidados-de-la-piel\/#breadcrumb","itemListElement":[{"@type":"ListItem","position":1,"name":"Portada","item":"https:\/\/medicina.udd.cl\/obstetricia-santiago\/"},{"@type":"ListItem","position":2,"name":"Matrones y matronas participan en curso de manejo avanzado de heridas y cuidados de la piel"}]},{"@type":"WebSite","@id":"https:\/\/medicina.udd.cl\/obstetricia-santiago\/#website","url":"https:\/\/medicina.udd.cl\/obstetricia-santiago\/","name":"Obstetricia","description":"Facultad de Medicina Cl\u00ednica Alemana Universidad del Desarrollo","inLanguage":"es"},{"@type":"Person","@id":"https:\/\/medicina.udd.cl\/obstetricia-santiago\/#\/schema\/person\/a6153bcbec1af5c60ee9a54bf350e50e","name":"anaramirez","image":{"@type":"ImageObject","inLanguage":"es","@id":"https:\/\/medicina.udd.cl\/obstetricia-santiago\/#\/schema\/person\/image\/","url":"https:\/\/secure.gravatar.com\/avatar\/7951b2c13488540f5ce68d55abe3e023f8dff33769284143eb6d9863891b3b24?s=96&d=mm&r=g","contentUrl":"https:\/\/secure.gravatar.com\/avatar\/7951b2c13488540f5ce68d55abe3e023f8dff33769284143eb6d9863891b3b24?s=96&d=mm&r=g","caption":"anaramirez"},"url":"https:\/\/medicina.udd.cl\/obstetricia-santiago\/author\/anaramirez\/"}]}},"featured_image_url":"https:\/\/medicina.udd.cl\/obstetricia-santiago\/files\/2019\/08\/4.jpg","_links":{"self":[{"href":"https:\/\/medicina.udd.cl\/obstetricia-santiago\/wp-json\/wp\/v2\/posts\/394","targetHints":{"allow":["GET"]}}],"collection":[{"href":"https:\/\/medicina.udd.cl\/obstetricia-santiago\/wp-json\/wp\/v2\/posts"}],"about":[{"href":"https:\/\/medicina.udd.cl\/obstetricia-santiago\/wp-json\/wp\/v2\/types\/post"}],"author":[{"embeddable":true,"href":"https:\/\/medicina.udd.cl\/obstetricia-santiago\/wp-json\/wp\/v2\/users\/9192194"}],"replies":[{"embeddable":true,"href":"https:\/\/medicina.udd.cl\/obstetricia-santiago\/wp-json\/wp\/v2\/comments?post=394"}],"version-history":[{"count":1,"href":"https:\/\/medicina.udd.cl\/obstetricia-santiago\/wp-json\/wp\/v2\/posts\/394\/revisions"}],"predecessor-version":[{"id":406,"href":"https:\/\/medicina.udd.cl\/obstetricia-santiago\/wp-json\/wp\/v2\/posts\/394\/revisions\/406"}],"wp:featuredmedia":[{"embeddable":true,"href":"https:\/\/medicina.udd.cl\/obstetricia-santiago\/wp-json\/wp\/v2\/media\/357"}],"wp:attachment":[{"href":"https:\/\/medicina.udd.cl\/obstetricia-santiago\/wp-json\/wp\/v2\/media?parent=394"}],"wp:term":[{"taxonomy":"category","embeddable":true,"href":"https:\/\/medicina.udd.cl\/obstetricia-santiago\/wp-json\/wp\/v2\/categories?post=394"},{"taxonomy":"post_tag","embeddable":true,"href":"https:\/\/medicina.udd.cl\/obstetricia-santiago\/wp-json\/wp\/v2\/tags?post=394"}],"curies":[{"name":"wp","href":"https:\/\/api.w.org\/{rel}","templated":true}]}}