{"id":2712,"date":"2015-03-03T10:53:00","date_gmt":"2015-03-03T13:53:00","guid":{"rendered":"http:\/\/medicina.udd.cl\/odontologia-santiago\/?p=2712"},"modified":"2015-03-05T15:29:59","modified_gmt":"2015-03-05T18:29:59","slug":"facultad-de-medicina-recibe-nuevos-estudiantes","status":"publish","type":"post","link":"https:\/\/medicina.udd.cl\/odontologia-santiago\/noticias\/2015\/03\/03\/facultad-de-medicina-recibe-nuevos-estudiantes\/","title":{"rendered":"Facultad de Medicina recibe a nuevos estudiantes"},"content":{"rendered":"<div id=\"gallery-1\" class=\"carousel slide carousel-gallery\" data-ride=\"false\" data-interval=\"false\"><div class=\"carousel-inner\" role=\"listbox\"><figure class=\"carousel-item active\"><img loading=\"lazy\" decoding=\"async\" width=\"399\" height=\"534\" src=\"https:\/\/medicina.udd.cl\/odontologia-santiago\/files\/2015\/03\/Odonto-Puente-2015-1.jpg\" class=\"attachment-landscape_952 size-landscape_952\" alt=\"\" srcset=\"https:\/\/medicina.udd.cl\/odontologia-santiago\/files\/2015\/03\/Odonto-Puente-2015-1.jpg 968w, https:\/\/medicina.udd.cl\/odontologia-santiago\/files\/2015\/03\/Odonto-Puente-2015-1-224x300.jpg 224w, https:\/\/medicina.udd.cl\/odontologia-santiago\/files\/2015\/03\/Odonto-Puente-2015-1-768x1028.jpg 768w, https:\/\/medicina.udd.cl\/odontologia-santiago\/files\/2015\/03\/Odonto-Puente-2015-1-765x1024.jpg 765w, https:\/\/medicina.udd.cl\/odontologia-santiago\/files\/2015\/03\/Odonto-Puente-2015-1-717x960.jpg 717w\" sizes=\"auto, (max-width: 399px) 100vw, 399px\" \/><\/figure><figure class=\"carousel-item\"><img loading=\"lazy\" decoding=\"async\" width=\"715\" height=\"534\" src=\"https:\/\/medicina.udd.cl\/odontologia-santiago\/files\/2015\/03\/Odonto-Puente-2015-2.jpg\" class=\"attachment-landscape_952 size-landscape_952\" alt=\"\" srcset=\"https:\/\/medicina.udd.cl\/odontologia-santiago\/files\/2015\/03\/Odonto-Puente-2015-2.jpg 1296w, https:\/\/medicina.udd.cl\/odontologia-santiago\/files\/2015\/03\/Odonto-Puente-2015-2-300x224.jpg 300w, https:\/\/medicina.udd.cl\/odontologia-santiago\/files\/2015\/03\/Odonto-Puente-2015-2-768x574.jpg 768w, https:\/\/medicina.udd.cl\/odontologia-santiago\/files\/2015\/03\/Odonto-Puente-2015-2-1024x765.jpg 1024w, https:\/\/medicina.udd.cl\/odontologia-santiago\/files\/2015\/03\/Odonto-Puente-2015-2-960x717.jpg 960w\" sizes=\"auto, (max-width: 715px) 100vw, 715px\" \/><\/figure><figure class=\"carousel-item\"><img loading=\"lazy\" decoding=\"async\" width=\"802\" height=\"534\" src=\"https:\/\/medicina.udd.cl\/odontologia-santiago\/files\/2015\/03\/Odonto-Puente-Generanci\u00f3n-2015.jpg\" class=\"attachment-landscape_952 size-landscape_952\" alt=\"\" srcset=\"https:\/\/medicina.udd.cl\/odontologia-santiago\/files\/2015\/03\/Odonto-Puente-Generanci\u00f3n-2015.jpg 4000w, https:\/\/medicina.udd.cl\/odontologia-santiago\/files\/2015\/03\/Odonto-Puente-Generanci\u00f3n-2015-300x200.jpg 300w, https:\/\/medicina.udd.cl\/odontologia-santiago\/files\/2015\/03\/Odonto-Puente-Generanci\u00f3n-2015-768x511.jpg 768w, https:\/\/medicina.udd.cl\/odontologia-santiago\/files\/2015\/03\/Odonto-Puente-Generanci\u00f3n-2015-1024x682.jpg 1024w, https:\/\/medicina.udd.cl\/odontologia-santiago\/files\/2015\/03\/Odonto-Puente-Generanci\u00f3n-2015-960x639.jpg 960w\" sizes=\"auto, (max-width: 802px) 100vw, 802px\" \/><\/figure><figure class=\"carousel-item\"><img loading=\"lazy\" decoding=\"async\" width=\"802\" height=\"534\" src=\"https:\/\/medicina.udd.cl\/odontologia-santiago\/files\/2015\/03\/Puente-Odontolog\u00eda-3.jpg\" class=\"attachment-landscape_952 size-landscape_952\" alt=\"\" srcset=\"https:\/\/medicina.udd.cl\/odontologia-santiago\/files\/2015\/03\/Puente-Odontolog\u00eda-3.jpg 4000w, https:\/\/medicina.udd.cl\/odontologia-santiago\/files\/2015\/03\/Puente-Odontolog\u00eda-3-300x200.jpg 300w, https:\/\/medicina.udd.cl\/odontologia-santiago\/files\/2015\/03\/Puente-Odontolog\u00eda-3-768x511.jpg 768w, https:\/\/medicina.udd.cl\/odontologia-santiago\/files\/2015\/03\/Puente-Odontolog\u00eda-3-1024x682.jpg 1024w, https:\/\/medicina.udd.cl\/odontologia-santiago\/files\/2015\/03\/Puente-Odontolog\u00eda-3-960x639.jpg 960w\" sizes=\"auto, (max-width: 802px) 100vw, 802px\" \/><\/figure><figure class=\"carousel-item\"><img loading=\"lazy\" decoding=\"async\" width=\"802\" height=\"534\" src=\"https:\/\/medicina.udd.cl\/odontologia-santiago\/files\/2015\/03\/Puente-Odontolog\u00eda-1.jpg\" class=\"attachment-landscape_952 size-landscape_952\" alt=\"\" srcset=\"https:\/\/medicina.udd.cl\/odontologia-santiago\/files\/2015\/03\/Puente-Odontolog\u00eda-1.jpg 4000w, https:\/\/medicina.udd.cl\/odontologia-santiago\/files\/2015\/03\/Puente-Odontolog\u00eda-1-300x200.jpg 300w, https:\/\/medicina.udd.cl\/odontologia-santiago\/files\/2015\/03\/Puente-Odontolog\u00eda-1-768x511.jpg 768w, https:\/\/medicina.udd.cl\/odontologia-santiago\/files\/2015\/03\/Puente-Odontolog\u00eda-1-1024x682.jpg 1024w, https:\/\/medicina.udd.cl\/odontologia-santiago\/files\/2015\/03\/Puente-Odontolog\u00eda-1-960x639.jpg 960w\" sizes=\"auto, (max-width: 802px) 100vw, 802px\" \/><\/figure><figure class=\"carousel-item\"><img loading=\"lazy\" decoding=\"async\" width=\"802\" height=\"534\" src=\"https:\/\/medicina.udd.cl\/odontologia-santiago\/files\/2015\/03\/Puente-Nutrici\u00f3n.jpg\" class=\"attachment-landscape_952 size-landscape_952\" alt=\"\" srcset=\"https:\/\/medicina.udd.cl\/odontologia-santiago\/files\/2015\/03\/Puente-Nutrici\u00f3n.jpg 4000w, https:\/\/medicina.udd.cl\/odontologia-santiago\/files\/2015\/03\/Puente-Nutrici\u00f3n-300x200.jpg 300w, https:\/\/medicina.udd.cl\/odontologia-santiago\/files\/2015\/03\/Puente-Nutrici\u00f3n-768x511.jpg 768w, https:\/\/medicina.udd.cl\/odontologia-santiago\/files\/2015\/03\/Puente-Nutrici\u00f3n-1024x682.jpg 1024w, https:\/\/medicina.udd.cl\/odontologia-santiago\/files\/2015\/03\/Puente-Nutrici\u00f3n-960x639.jpg 960w\" sizes=\"auto, (max-width: 802px) 100vw, 802px\" \/><\/figure><figure class=\"carousel-item\"><img loading=\"lazy\" decoding=\"async\" width=\"802\" height=\"534\" src=\"https:\/\/medicina.udd.cl\/odontologia-santiago\/files\/2015\/03\/Puente-Medicina-1.jpg\" class=\"attachment-landscape_952 size-landscape_952\" alt=\"\" srcset=\"https:\/\/medicina.udd.cl\/odontologia-santiago\/files\/2015\/03\/Puente-Medicina-1.jpg 4000w, https:\/\/medicina.udd.cl\/odontologia-santiago\/files\/2015\/03\/Puente-Medicina-1-300x200.jpg 300w, https:\/\/medicina.udd.cl\/odontologia-santiago\/files\/2015\/03\/Puente-Medicina-1-768x511.jpg 768w, https:\/\/medicina.udd.cl\/odontologia-santiago\/files\/2015\/03\/Puente-Medicina-1-1024x682.jpg 1024w, https:\/\/medicina.udd.cl\/odontologia-santiago\/files\/2015\/03\/Puente-Medicina-1-960x639.jpg 960w\" sizes=\"auto, (max-width: 802px) 100vw, 802px\" \/><\/figure><figure class=\"carousel-item\"><img loading=\"lazy\" decoding=\"async\" width=\"802\" height=\"534\" src=\"https:\/\/medicina.udd.cl\/odontologia-santiago\/files\/2015\/03\/Puente-Kinesiolog\u00eda.jpg\" class=\"attachment-landscape_952 size-landscape_952\" alt=\"\" srcset=\"https:\/\/medicina.udd.cl\/odontologia-santiago\/files\/2015\/03\/Puente-Kinesiolog\u00eda.jpg 4000w, https:\/\/medicina.udd.cl\/odontologia-santiago\/files\/2015\/03\/Puente-Kinesiolog\u00eda-300x200.jpg 300w, https:\/\/medicina.udd.cl\/odontologia-santiago\/files\/2015\/03\/Puente-Kinesiolog\u00eda-768x511.jpg 768w, https:\/\/medicina.udd.cl\/odontologia-santiago\/files\/2015\/03\/Puente-Kinesiolog\u00eda-1024x682.jpg 1024w, https:\/\/medicina.udd.cl\/odontologia-santiago\/files\/2015\/03\/Puente-Kinesiolog\u00eda-960x639.jpg 960w\" sizes=\"auto, (max-width: 802px) 100vw, 802px\" \/><\/figure><figure class=\"carousel-item\"><img loading=\"lazy\" decoding=\"async\" width=\"802\" height=\"534\" src=\"https:\/\/medicina.udd.cl\/odontologia-santiago\/files\/2015\/03\/Puente-Fonoaudiolog\u00eda.jpg\" class=\"attachment-landscape_952 size-landscape_952\" alt=\"\" srcset=\"https:\/\/medicina.udd.cl\/odontologia-santiago\/files\/2015\/03\/Puente-Fonoaudiolog\u00eda.jpg 4000w, https:\/\/medicina.udd.cl\/odontologia-santiago\/files\/2015\/03\/Puente-Fonoaudiolog\u00eda-300x200.jpg 300w, https:\/\/medicina.udd.cl\/odontologia-santiago\/files\/2015\/03\/Puente-Fonoaudiolog\u00eda-768x511.jpg 768w, https:\/\/medicina.udd.cl\/odontologia-santiago\/files\/2015\/03\/Puente-Fonoaudiolog\u00eda-1024x682.jpg 1024w, https:\/\/medicina.udd.cl\/odontologia-santiago\/files\/2015\/03\/Puente-Fonoaudiolog\u00eda-960x639.jpg 960w\" sizes=\"auto, (max-width: 802px) 100vw, 802px\" \/><\/figure><figure class=\"carousel-item\"><img loading=\"lazy\" decoding=\"async\" width=\"802\" height=\"534\" src=\"https:\/\/medicina.udd.cl\/odontologia-santiago\/files\/2015\/03\/Puente-Enfermer\u00eda.jpg\" class=\"attachment-landscape_952 size-landscape_952\" alt=\"\" srcset=\"https:\/\/medicina.udd.cl\/odontologia-santiago\/files\/2015\/03\/Puente-Enfermer\u00eda.jpg 4000w, https:\/\/medicina.udd.cl\/odontologia-santiago\/files\/2015\/03\/Puente-Enfermer\u00eda-300x200.jpg 300w, https:\/\/medicina.udd.cl\/odontologia-santiago\/files\/2015\/03\/Puente-Enfermer\u00eda-768x511.jpg 768w, https:\/\/medicina.udd.cl\/odontologia-santiago\/files\/2015\/03\/Puente-Enfermer\u00eda-1024x682.jpg 1024w, https:\/\/medicina.udd.cl\/odontologia-santiago\/files\/2015\/03\/Puente-Enfermer\u00eda-960x639.jpg 960w\" sizes=\"auto, (max-width: 802px) 100vw, 802px\" \/><\/figure><\/div><footer class=\"carousel-footer\"><div class=\"carousel-counter\"><span class=\"carousel-counter-current\"><\/span> \/ <span class=\"carousel-counter-total\"><\/span><\/div><a class=\"carousel-control-prev\" href=\"#gallery-1\" role=\"button\" data-slide=\"prev\"><svg aria-hidden=\"true\" class=\"svg-chevron-left-dims\"><use xlink:href='https:\/\/medicina.udd.cl\/odontologia-santiago\/wp-content\/themes\/facultades-2018\/assets\/img\/svg\/dist\/main.svg?version=1695853099#chevron-left'><\/use><\/svg><span class=\"sr-only\">Anterior<\/span><\/a><a class=\"carousel-control-next\" href=\"#gallery-1\" role=\"button\" data-slide=\"next\"><svg aria-hidden=\"true\" class=\"svg-chevron-right-dims\"><use xlink:href='https:\/\/medicina.udd.cl\/odontologia-santiago\/wp-content\/themes\/facultades-2018\/assets\/img\/svg\/dist\/main.svg?version=1695853099#chevron-right'><\/use><\/svg><span class=\"sr-only\">Siguiente<\/span><\/a><\/footer><\/div>\n<p>\u201cEl tiempo que pase desde hoy hasta que les entreguemos su t\u00edtulo ser\u00e1 cort\u00edsimo. Por eso aprovechen de vivir la universidad, de aprender y prepararse, esta puede ser la etapa m\u00e1s linda de sus vidas\u201d, dijo el rector Federico Vald\u00e9s a los m\u00e1s de 500 estudiantes que esta semana ingresaron a la Facultad de Medicina CAS-UDD.<\/p>\n<p>Un discurso de bienvenida que abri\u00f3 el Programa Puente 2015, que tiene como principal objetivo familiarizar a los estudiantes con la vida universitaria e introducirlos en los temas m\u00e1s importantes de su carrera profesional.<\/p>\n<p>Es as\u00ed como los estudiantes pudieron conocer el testimonio de pacientes en recuperaci\u00f3n, tener el primer contacto con los centros de estudiantes, compartir con sus autoridades y realizar trabajos en equipo.<\/p>\n<p>En forma paralela, Asuntos Estudiantiles organiz\u00f3 una feria en el campus RESB en la que present\u00f3 los distintos programas que realiza durante todo el a\u00f1o y que est\u00e1n a disposici\u00f3n de los alumnos, como son los Trabajos Voluntarios, Huella, las selecciones deportivas y \u00a0el programa internacional Embajadores del Futuro, entre muchos otros.<\/p>\n<p><a href=\"http:\/\/www.udd.cl\/preguntas-frecuentes\/\">Ver Informaci\u00f3n Pr\u00e1ctica para Alumnos Nuevos<\/a><\/p>\n","protected":false},"excerpt":{"rendered":"<p>Son m\u00e1s de 500 los alumnos que ingresan a primer a\u00f1o de las siete carreras.<\/p>\n","protected":false},"author":40,"featured_media":2738,"comment_status":"open","ping_status":"open","sticky":false,"template":"","format":"standard","meta":{"footnotes":""},"categories":[4],"tags":[],"class_list":["post-2712","post","type-post","status-publish","format-standard","has-post-thumbnail","hentry","category-noticias"],"yoast_head":"<!-- This site is optimized with the Yoast SEO plugin v26.9 - https:\/\/yoast.com\/product\/yoast-seo-wordpress\/ -->\n<title>Facultad de Medicina recibe a nuevos estudiantes - Odontolog\u00eda<\/title>\n<meta name=\"robots\" content=\"index, follow, max-snippet:-1, max-image-preview:large, max-video-preview:-1\" \/>\n<link rel=\"canonical\" href=\"https:\/\/medicina.udd.cl\/odontologia-santiago\/noticias\/2015\/03\/03\/facultad-de-medicina-recibe-nuevos-estudiantes\/\" \/>\n<meta property=\"og:locale\" content=\"es_ES\" \/>\n<meta property=\"og:type\" content=\"article\" \/>\n<meta property=\"og:title\" content=\"Facultad de Medicina recibe a nuevos estudiantes - Odontolog\u00eda\" \/>\n<meta property=\"og:description\" content=\"Son m\u00e1s de 500 los alumnos que ingresan a primer a\u00f1o de las siete carreras.\" \/>\n<meta property=\"og:url\" content=\"https:\/\/medicina.udd.cl\/odontologia-santiago\/noticias\/2015\/03\/03\/facultad-de-medicina-recibe-nuevos-estudiantes\/\" \/>\n<meta property=\"og:site_name\" content=\"Odontolog\u00eda\" \/>\n<meta property=\"article:published_time\" content=\"2015-03-03T13:53:00+00:00\" \/>\n<meta property=\"article:modified_time\" content=\"2015-03-05T18:29:59+00:00\" \/>\n<meta property=\"og:image\" content=\"https:\/\/medicina.udd.cl\/odontologia-santiago\/files\/2015\/03\/Odonto-Puente-Generanci\u00f3n-2015-1024x682.jpg\" \/>\n\t<meta property=\"og:image:width\" content=\"1024\" \/>\n\t<meta property=\"og:image:height\" content=\"682\" \/>\n\t<meta property=\"og:image:type\" content=\"image\/jpeg\" \/>\n<meta name=\"twitter:label1\" content=\"Escrito por\" \/>\n\t<meta name=\"twitter:data1\" content=\"\" \/>\n\t<meta name=\"twitter:label2\" content=\"Tiempo de lectura\" \/>\n\t<meta name=\"twitter:data2\" content=\"1 minuto\" \/>\n<script type=\"application\/ld+json\" class=\"yoast-schema-graph\">{\"@context\":\"https:\/\/schema.org\",\"@graph\":[{\"@type\":\"Article\",\"@id\":\"https:\/\/medicina.udd.cl\/odontologia-santiago\/noticias\/2015\/03\/03\/facultad-de-medicina-recibe-nuevos-estudiantes\/#article\",\"isPartOf\":{\"@id\":\"https:\/\/medicina.udd.cl\/odontologia-santiago\/noticias\/2015\/03\/03\/facultad-de-medicina-recibe-nuevos-estudiantes\/\"},\"author\":{\"name\":\"\",\"@id\":\"\"},\"headline\":\"Facultad de Medicina recibe a nuevos estudiantes\",\"datePublished\":\"2015-03-03T13:53:00+00:00\",\"dateModified\":\"2015-03-05T18:29:59+00:00\",\"mainEntityOfPage\":{\"@id\":\"https:\/\/medicina.udd.cl\/odontologia-santiago\/noticias\/2015\/03\/03\/facultad-de-medicina-recibe-nuevos-estudiantes\/\"},\"wordCount\":198,\"commentCount\":0,\"image\":{\"@id\":\"https:\/\/medicina.udd.cl\/odontologia-santiago\/noticias\/2015\/03\/03\/facultad-de-medicina-recibe-nuevos-estudiantes\/#primaryimage\"},\"thumbnailUrl\":\"https:\/\/medicina.udd.cl\/odontologia-santiago\/files\/2015\/03\/Odonto-Puente-Generanci\u00f3n-2015.jpg\",\"articleSection\":[\"Noticias\"],\"inLanguage\":\"es\",\"potentialAction\":[{\"@type\":\"CommentAction\",\"name\":\"Comment\",\"target\":[\"https:\/\/medicina.udd.cl\/odontologia-santiago\/noticias\/2015\/03\/03\/facultad-de-medicina-recibe-nuevos-estudiantes\/#respond\"]}]},{\"@type\":\"WebPage\",\"@id\":\"https:\/\/medicina.udd.cl\/odontologia-santiago\/noticias\/2015\/03\/03\/facultad-de-medicina-recibe-nuevos-estudiantes\/\",\"url\":\"https:\/\/medicina.udd.cl\/odontologia-santiago\/noticias\/2015\/03\/03\/facultad-de-medicina-recibe-nuevos-estudiantes\/\",\"name\":\"Facultad de Medicina recibe a nuevos estudiantes - Odontolog\u00eda\",\"isPartOf\":{\"@id\":\"https:\/\/medicina.udd.cl\/odontologia-santiago\/#website\"},\"primaryImageOfPage\":{\"@id\":\"https:\/\/medicina.udd.cl\/odontologia-santiago\/noticias\/2015\/03\/03\/facultad-de-medicina-recibe-nuevos-estudiantes\/#primaryimage\"},\"image\":{\"@id\":\"https:\/\/medicina.udd.cl\/odontologia-santiago\/noticias\/2015\/03\/03\/facultad-de-medicina-recibe-nuevos-estudiantes\/#primaryimage\"},\"thumbnailUrl\":\"https:\/\/medicina.udd.cl\/odontologia-santiago\/files\/2015\/03\/Odonto-Puente-Generanci\u00f3n-2015.jpg\",\"datePublished\":\"2015-03-03T13:53:00+00:00\",\"dateModified\":\"2015-03-05T18:29:59+00:00\",\"author\":{\"@id\":\"\"},\"breadcrumb\":{\"@id\":\"https:\/\/medicina.udd.cl\/odontologia-santiago\/noticias\/2015\/03\/03\/facultad-de-medicina-recibe-nuevos-estudiantes\/#breadcrumb\"},\"inLanguage\":\"es\",\"potentialAction\":[{\"@type\":\"ReadAction\",\"target\":[\"https:\/\/medicina.udd.cl\/odontologia-santiago\/noticias\/2015\/03\/03\/facultad-de-medicina-recibe-nuevos-estudiantes\/\"]}]},{\"@type\":\"ImageObject\",\"inLanguage\":\"es\",\"@id\":\"https:\/\/medicina.udd.cl\/odontologia-santiago\/noticias\/2015\/03\/03\/facultad-de-medicina-recibe-nuevos-estudiantes\/#primaryimage\",\"url\":\"https:\/\/medicina.udd.cl\/odontologia-santiago\/files\/2015\/03\/Odonto-Puente-Generanci\u00f3n-2015.jpg\",\"contentUrl\":\"https:\/\/medicina.udd.cl\/odontologia-santiago\/files\/2015\/03\/Odonto-Puente-Generanci\u00f3n-2015.jpg\",\"width\":4000,\"height\":2664},{\"@type\":\"BreadcrumbList\",\"@id\":\"https:\/\/medicina.udd.cl\/odontologia-santiago\/noticias\/2015\/03\/03\/facultad-de-medicina-recibe-nuevos-estudiantes\/#breadcrumb\",\"itemListElement\":[{\"@type\":\"ListItem\",\"position\":1,\"name\":\"Home\",\"item\":\"https:\/\/medicina.udd.cl\/odontologia-santiago\/\"},{\"@type\":\"ListItem\",\"position\":2,\"name\":\"Facultad de Medicina recibe a nuevos estudiantes\"}]},{\"@type\":\"WebSite\",\"@id\":\"https:\/\/medicina.udd.cl\/odontologia-santiago\/#website\",\"url\":\"https:\/\/medicina.udd.cl\/odontologia-santiago\/\",\"name\":\"Odontolog\u00eda\",\"description\":\"Facultad de Medicina Cl\u00ednica Alemana Universidad del Desarrollo\",\"inLanguage\":\"es\"},{\"@type\":\"Person\",\"@id\":\"\",\"url\":\"https:\/\/medicina.udd.cl\/odontologia-santiago\/noticias\/author\/\"}]}<\/script>\n<!-- \/ Yoast SEO plugin. -->","yoast_head_json":{"title":"Facultad de Medicina recibe a nuevos estudiantes - Odontolog\u00eda","robots":{"index":"index","follow":"follow","max-snippet":"max-snippet:-1","max-image-preview":"max-image-preview:large","max-video-preview":"max-video-preview:-1"},"canonical":"https:\/\/medicina.udd.cl\/odontologia-santiago\/noticias\/2015\/03\/03\/facultad-de-medicina-recibe-nuevos-estudiantes\/","og_locale":"es_ES","og_type":"article","og_title":"Facultad de Medicina recibe a nuevos estudiantes - Odontolog\u00eda","og_description":"Son m\u00e1s de 500 los alumnos que ingresan a primer a\u00f1o de las siete carreras.","og_url":"https:\/\/medicina.udd.cl\/odontologia-santiago\/noticias\/2015\/03\/03\/facultad-de-medicina-recibe-nuevos-estudiantes\/","og_site_name":"Odontolog\u00eda","article_published_time":"2015-03-03T13:53:00+00:00","article_modified_time":"2015-03-05T18:29:59+00:00","og_image":[{"width":1024,"height":682,"url":"https:\/\/medicina.udd.cl\/odontologia-santiago\/files\/2015\/03\/Odonto-Puente-Generanci\u00f3n-2015-1024x682.jpg","type":"image\/jpeg"}],"twitter_misc":{"Escrito por":"","Tiempo de lectura":"1 minuto"},"schema":{"@context":"https:\/\/schema.org","@graph":[{"@type":"Article","@id":"https:\/\/medicina.udd.cl\/odontologia-santiago\/noticias\/2015\/03\/03\/facultad-de-medicina-recibe-nuevos-estudiantes\/#article","isPartOf":{"@id":"https:\/\/medicina.udd.cl\/odontologia-santiago\/noticias\/2015\/03\/03\/facultad-de-medicina-recibe-nuevos-estudiantes\/"},"author":{"name":"","@id":""},"headline":"Facultad de Medicina recibe a nuevos estudiantes","datePublished":"2015-03-03T13:53:00+00:00","dateModified":"2015-03-05T18:29:59+00:00","mainEntityOfPage":{"@id":"https:\/\/medicina.udd.cl\/odontologia-santiago\/noticias\/2015\/03\/03\/facultad-de-medicina-recibe-nuevos-estudiantes\/"},"wordCount":198,"commentCount":0,"image":{"@id":"https:\/\/medicina.udd.cl\/odontologia-santiago\/noticias\/2015\/03\/03\/facultad-de-medicina-recibe-nuevos-estudiantes\/#primaryimage"},"thumbnailUrl":"https:\/\/medicina.udd.cl\/odontologia-santiago\/files\/2015\/03\/Odonto-Puente-Generanci\u00f3n-2015.jpg","articleSection":["Noticias"],"inLanguage":"es","potentialAction":[{"@type":"CommentAction","name":"Comment","target":["https:\/\/medicina.udd.cl\/odontologia-santiago\/noticias\/2015\/03\/03\/facultad-de-medicina-recibe-nuevos-estudiantes\/#respond"]}]},{"@type":"WebPage","@id":"https:\/\/medicina.udd.cl\/odontologia-santiago\/noticias\/2015\/03\/03\/facultad-de-medicina-recibe-nuevos-estudiantes\/","url":"https:\/\/medicina.udd.cl\/odontologia-santiago\/noticias\/2015\/03\/03\/facultad-de-medicina-recibe-nuevos-estudiantes\/","name":"Facultad de Medicina recibe a nuevos estudiantes - Odontolog\u00eda","isPartOf":{"@id":"https:\/\/medicina.udd.cl\/odontologia-santiago\/#website"},"primaryImageOfPage":{"@id":"https:\/\/medicina.udd.cl\/odontologia-santiago\/noticias\/2015\/03\/03\/facultad-de-medicina-recibe-nuevos-estudiantes\/#primaryimage"},"image":{"@id":"https:\/\/medicina.udd.cl\/odontologia-santiago\/noticias\/2015\/03\/03\/facultad-de-medicina-recibe-nuevos-estudiantes\/#primaryimage"},"thumbnailUrl":"https:\/\/medicina.udd.cl\/odontologia-santiago\/files\/2015\/03\/Odonto-Puente-Generanci\u00f3n-2015.jpg","datePublished":"2015-03-03T13:53:00+00:00","dateModified":"2015-03-05T18:29:59+00:00","author":{"@id":""},"breadcrumb":{"@id":"https:\/\/medicina.udd.cl\/odontologia-santiago\/noticias\/2015\/03\/03\/facultad-de-medicina-recibe-nuevos-estudiantes\/#breadcrumb"},"inLanguage":"es","potentialAction":[{"@type":"ReadAction","target":["https:\/\/medicina.udd.cl\/odontologia-santiago\/noticias\/2015\/03\/03\/facultad-de-medicina-recibe-nuevos-estudiantes\/"]}]},{"@type":"ImageObject","inLanguage":"es","@id":"https:\/\/medicina.udd.cl\/odontologia-santiago\/noticias\/2015\/03\/03\/facultad-de-medicina-recibe-nuevos-estudiantes\/#primaryimage","url":"https:\/\/medicina.udd.cl\/odontologia-santiago\/files\/2015\/03\/Odonto-Puente-Generanci\u00f3n-2015.jpg","contentUrl":"https:\/\/medicina.udd.cl\/odontologia-santiago\/files\/2015\/03\/Odonto-Puente-Generanci\u00f3n-2015.jpg","width":4000,"height":2664},{"@type":"BreadcrumbList","@id":"https:\/\/medicina.udd.cl\/odontologia-santiago\/noticias\/2015\/03\/03\/facultad-de-medicina-recibe-nuevos-estudiantes\/#breadcrumb","itemListElement":[{"@type":"ListItem","position":1,"name":"Home","item":"https:\/\/medicina.udd.cl\/odontologia-santiago\/"},{"@type":"ListItem","position":2,"name":"Facultad de Medicina recibe a nuevos estudiantes"}]},{"@type":"WebSite","@id":"https:\/\/medicina.udd.cl\/odontologia-santiago\/#website","url":"https:\/\/medicina.udd.cl\/odontologia-santiago\/","name":"Odontolog\u00eda","description":"Facultad de Medicina Cl\u00ednica Alemana Universidad del Desarrollo","inLanguage":"es"},{"@type":"Person","@id":"","url":"https:\/\/medicina.udd.cl\/odontologia-santiago\/noticias\/author\/"}]}},"featured_image_url":"https:\/\/medicina.udd.cl\/odontologia-santiago\/files\/2015\/03\/Odonto-Puente-Generanci\u00f3n-2015.jpg","_links":{"self":[{"href":"https:\/\/medicina.udd.cl\/odontologia-santiago\/wp-json\/wp\/v2\/posts\/2712","targetHints":{"allow":["GET"]}}],"collection":[{"href":"https:\/\/medicina.udd.cl\/odontologia-santiago\/wp-json\/wp\/v2\/posts"}],"about":[{"href":"https:\/\/medicina.udd.cl\/odontologia-santiago\/wp-json\/wp\/v2\/types\/post"}],"author":[{"embeddable":true,"href":"https:\/\/medicina.udd.cl\/odontologia-santiago\/wp-json\/wp\/v2\/users\/40"}],"replies":[{"embeddable":true,"href":"https:\/\/medicina.udd.cl\/odontologia-santiago\/wp-json\/wp\/v2\/comments?post=2712"}],"version-history":[{"count":4,"href":"https:\/\/medicina.udd.cl\/odontologia-santiago\/wp-json\/wp\/v2\/posts\/2712\/revisions"}],"predecessor-version":[{"id":2735,"href":"https:\/\/medicina.udd.cl\/odontologia-santiago\/wp-json\/wp\/v2\/posts\/2712\/revisions\/2735"}],"wp:featuredmedia":[{"embeddable":true,"href":"https:\/\/medicina.udd.cl\/odontologia-santiago\/wp-json\/wp\/v2\/media\/2738"}],"wp:attachment":[{"href":"https:\/\/medicina.udd.cl\/odontologia-santiago\/wp-json\/wp\/v2\/media?parent=2712"}],"wp:term":[{"taxonomy":"category","embeddable":true,"href":"https:\/\/medicina.udd.cl\/odontologia-santiago\/wp-json\/wp\/v2\/categories?post=2712"},{"taxonomy":"post_tag","embeddable":true,"href":"https:\/\/medicina.udd.cl\/odontologia-santiago\/wp-json\/wp\/v2\/tags?post=2712"}],"curies":[{"name":"wp","href":"https:\/\/api.w.org\/{rel}","templated":true}]}}