{"id":2853,"date":"2015-04-28T15:50:28","date_gmt":"2015-04-28T18:50:28","guid":{"rendered":"http:\/\/medicina.udd.cl\/odontologia-santiago\/?p=2853"},"modified":"2015-05-26T11:11:17","modified_gmt":"2015-05-26T14:11:17","slug":"seminario-innovacion-en-la-rehabilitacion-oral","status":"publish","type":"post","link":"https:\/\/medicina.udd.cl\/odontologia-santiago\/noticias\/2015\/04\/28\/seminario-innovacion-en-la-rehabilitacion-oral\/","title":{"rendered":"Seminario en Innovaci\u00f3n en la Rehabilitaci\u00f3n Oral"},"content":{"rendered":"<p style=\"text-align: center;\"><a href=\"http:\/\/medicina.udd.cl\/odontologia-santiago\/files\/2015\/04\/Foto-seminario.jpg\"><img loading=\"lazy\" decoding=\"async\" class=\"size-medium wp-image-2854 aligncenter\" alt=\"Foto seminario\" src=\"http:\/\/medicina.udd.cl\/odontologia-santiago\/files\/2015\/04\/Foto-seminario-256x300.jpg\" width=\"256\" height=\"300\" srcset=\"https:\/\/medicina.udd.cl\/odontologia-santiago\/files\/2015\/04\/Foto-seminario-256x300.jpg 256w, https:\/\/medicina.udd.cl\/odontologia-santiago\/files\/2015\/04\/Foto-seminario-768x899.jpg 768w, https:\/\/medicina.udd.cl\/odontologia-santiago\/files\/2015\/04\/Foto-seminario-875x1024.jpg 875w, https:\/\/medicina.udd.cl\/odontologia-santiago\/files\/2015\/04\/Foto-seminario-820x960.jpg 820w\" sizes=\"auto, (max-width: 256px) 100vw, 256px\" \/><\/a><\/p>\n<p>La Sociedad Odontol\u00f3gica Cient\u00edfica de Alumnos de la UDD\u00a0y el Centro de Estudiantes de Odontolog\u00eda tienen el agrado de invitarlos a participar en el Seminario de Innovaci\u00f3n en la Rehabilitaci\u00f3n Oral, que contar\u00e1\u00a0con la ponencia de destacados expositores a nivel nacional.<\/p>\n<p>El encuentro se realizar\u00e1 el s\u00e1bado 6 de junio desde las 9 a las 13:30 horas, en el Aula Magna de la Facultad de Medicina CAS-UDD (Av. Las Condes 12.438, Lo Barnechea).<\/p>\n<h4>Inscripci\u00f3n: CUPOS AGOTADOS.<\/h4>\n<p>Valores (<strong><a href=\"http:\/\/medicina.udd.cl\/odontologia-santiago\/noticias\/2015\/04\/28\/datos-de-transferencia-seminario-innovacion-en-rehabiltiacion-oral\/\">datos de dep\u00f3sito ac\u00e1<\/a><\/strong>):<\/p>\n<ul>\n<li>1ra convocatoria 29 de abril a 16 de mayo: $3.000 estudiantes UDD &#8211; $4.000 estudiantes externos y profesionales<\/li>\n<li>2da convocatoria 17 de mayo a 5 de junio: $4.000 estudiantes UDD &#8211; $5.000 estudiantes externos y profesionales<\/li>\n<\/ul>\n<p>M\u00e1s informaci\u00f3n en el fanpage de Facebook <strong><a href=\"https:\/\/www.facebook.com\/social.udd\">social.udd<\/a><\/strong><\/p>\n<p>&nbsp;<\/p>\n","protected":false},"excerpt":{"rendered":"<p>La Sociedad Odontol\u00f3gica Cient\u00edfica de Alumnos de la UDD\u00a0y el Centro de Estudiantes de Odontolog\u00eda tienen el agrado de invitarlos a participar en el Seminario de Innovaci\u00f3n en la Rehabilitaci\u00f3n Oral, que contar\u00e1\u00a0con la ponencia de destacados expositores a nivel nacional. El encuentro se realizar\u00e1 el s\u00e1bado 6 de junio desde las 9 a las [&hellip;]<\/p>\n","protected":false},"author":40,"featured_media":2849,"comment_status":"open","ping_status":"open","sticky":false,"template":"","format":"standard","meta":{"footnotes":""},"categories":[9066,4],"tags":[],"class_list":["post-2853","post","type-post","status-publish","format-standard","has-post-thumbnail","hentry","category-estudiantes","category-noticias"],"yoast_head":"<!-- This site is optimized with the Yoast SEO plugin v26.9 - https:\/\/yoast.com\/product\/yoast-seo-wordpress\/ -->\n<title>Seminario en Innovaci\u00f3n en la Rehabilitaci\u00f3n Oral - Odontolog\u00eda<\/title>\n<meta name=\"robots\" content=\"index, follow, max-snippet:-1, max-image-preview:large, max-video-preview:-1\" \/>\n<link rel=\"canonical\" href=\"https:\/\/medicina.udd.cl\/odontologia-santiago\/noticias\/2015\/04\/28\/seminario-innovacion-en-la-rehabilitacion-oral\/\" \/>\n<meta property=\"og:locale\" content=\"es_ES\" \/>\n<meta property=\"og:type\" content=\"article\" \/>\n<meta property=\"og:title\" content=\"Seminario en Innovaci\u00f3n en la Rehabilitaci\u00f3n Oral - Odontolog\u00eda\" \/>\n<meta property=\"og:description\" content=\"La Sociedad Odontol\u00f3gica Cient\u00edfica de Alumnos de la UDD\u00a0y el Centro de Estudiantes de Odontolog\u00eda tienen el agrado de invitarlos a participar en el Seminario de Innovaci\u00f3n en la Rehabilitaci\u00f3n Oral, que contar\u00e1\u00a0con la ponencia de destacados expositores a nivel nacional. El encuentro se realizar\u00e1 el s\u00e1bado 6 de junio desde las 9 a las [&hellip;]\" \/>\n<meta property=\"og:url\" content=\"https:\/\/medicina.udd.cl\/odontologia-santiago\/noticias\/2015\/04\/28\/seminario-innovacion-en-la-rehabilitacion-oral\/\" \/>\n<meta property=\"og:site_name\" content=\"Odontolog\u00eda\" \/>\n<meta property=\"article:published_time\" content=\"2015-04-28T18:50:28+00:00\" \/>\n<meta property=\"article:modified_time\" content=\"2015-05-26T14:11:17+00:00\" \/>\n<meta property=\"og:image\" content=\"https:\/\/medicina.udd.cl\/odontologia-santiago\/files\/2015\/04\/Foto-sitio-web-947x1024.jpg\" \/>\n\t<meta property=\"og:image:width\" content=\"947\" \/>\n\t<meta property=\"og:image:height\" content=\"1024\" \/>\n\t<meta property=\"og:image:type\" content=\"image\/jpeg\" \/>\n<meta name=\"twitter:label1\" content=\"Escrito por\" \/>\n\t<meta name=\"twitter:data1\" content=\"\" \/>\n\t<meta name=\"twitter:label2\" content=\"Tiempo de lectura\" \/>\n\t<meta name=\"twitter:data2\" content=\"1 minuto\" \/>\n<script type=\"application\/ld+json\" class=\"yoast-schema-graph\">{\"@context\":\"https:\/\/schema.org\",\"@graph\":[{\"@type\":\"Article\",\"@id\":\"https:\/\/medicina.udd.cl\/odontologia-santiago\/noticias\/2015\/04\/28\/seminario-innovacion-en-la-rehabilitacion-oral\/#article\",\"isPartOf\":{\"@id\":\"https:\/\/medicina.udd.cl\/odontologia-santiago\/noticias\/2015\/04\/28\/seminario-innovacion-en-la-rehabilitacion-oral\/\"},\"author\":{\"name\":\"\",\"@id\":\"\"},\"headline\":\"Seminario en Innovaci\u00f3n en la Rehabilitaci\u00f3n Oral\",\"datePublished\":\"2015-04-28T18:50:28+00:00\",\"dateModified\":\"2015-05-26T14:11:17+00:00\",\"mainEntityOfPage\":{\"@id\":\"https:\/\/medicina.udd.cl\/odontologia-santiago\/noticias\/2015\/04\/28\/seminario-innovacion-en-la-rehabilitacion-oral\/\"},\"wordCount\":136,\"commentCount\":0,\"image\":{\"@id\":\"https:\/\/medicina.udd.cl\/odontologia-santiago\/noticias\/2015\/04\/28\/seminario-innovacion-en-la-rehabilitacion-oral\/#primaryimage\"},\"thumbnailUrl\":\"https:\/\/medicina.udd.cl\/odontologia-santiago\/files\/2015\/04\/Foto-sitio-web.jpg\",\"articleSection\":[\"Estudiantes\",\"Noticias\"],\"inLanguage\":\"es\",\"potentialAction\":[{\"@type\":\"CommentAction\",\"name\":\"Comment\",\"target\":[\"https:\/\/medicina.udd.cl\/odontologia-santiago\/noticias\/2015\/04\/28\/seminario-innovacion-en-la-rehabilitacion-oral\/#respond\"]}]},{\"@type\":\"WebPage\",\"@id\":\"https:\/\/medicina.udd.cl\/odontologia-santiago\/noticias\/2015\/04\/28\/seminario-innovacion-en-la-rehabilitacion-oral\/\",\"url\":\"https:\/\/medicina.udd.cl\/odontologia-santiago\/noticias\/2015\/04\/28\/seminario-innovacion-en-la-rehabilitacion-oral\/\",\"name\":\"Seminario en Innovaci\u00f3n en la Rehabilitaci\u00f3n Oral - Odontolog\u00eda\",\"isPartOf\":{\"@id\":\"https:\/\/medicina.udd.cl\/odontologia-santiago\/#website\"},\"primaryImageOfPage\":{\"@id\":\"https:\/\/medicina.udd.cl\/odontologia-santiago\/noticias\/2015\/04\/28\/seminario-innovacion-en-la-rehabilitacion-oral\/#primaryimage\"},\"image\":{\"@id\":\"https:\/\/medicina.udd.cl\/odontologia-santiago\/noticias\/2015\/04\/28\/seminario-innovacion-en-la-rehabilitacion-oral\/#primaryimage\"},\"thumbnailUrl\":\"https:\/\/medicina.udd.cl\/odontologia-santiago\/files\/2015\/04\/Foto-sitio-web.jpg\",\"datePublished\":\"2015-04-28T18:50:28+00:00\",\"dateModified\":\"2015-05-26T14:11:17+00:00\",\"author\":{\"@id\":\"\"},\"breadcrumb\":{\"@id\":\"https:\/\/medicina.udd.cl\/odontologia-santiago\/noticias\/2015\/04\/28\/seminario-innovacion-en-la-rehabilitacion-oral\/#breadcrumb\"},\"inLanguage\":\"es\",\"potentialAction\":[{\"@type\":\"ReadAction\",\"target\":[\"https:\/\/medicina.udd.cl\/odontologia-santiago\/noticias\/2015\/04\/28\/seminario-innovacion-en-la-rehabilitacion-oral\/\"]}]},{\"@type\":\"ImageObject\",\"inLanguage\":\"es\",\"@id\":\"https:\/\/medicina.udd.cl\/odontologia-santiago\/noticias\/2015\/04\/28\/seminario-innovacion-en-la-rehabilitacion-oral\/#primaryimage\",\"url\":\"https:\/\/medicina.udd.cl\/odontologia-santiago\/files\/2015\/04\/Foto-sitio-web.jpg\",\"contentUrl\":\"https:\/\/medicina.udd.cl\/odontologia-santiago\/files\/2015\/04\/Foto-sitio-web.jpg\",\"width\":3301,\"height\":3571},{\"@type\":\"BreadcrumbList\",\"@id\":\"https:\/\/medicina.udd.cl\/odontologia-santiago\/noticias\/2015\/04\/28\/seminario-innovacion-en-la-rehabilitacion-oral\/#breadcrumb\",\"itemListElement\":[{\"@type\":\"ListItem\",\"position\":1,\"name\":\"Home\",\"item\":\"https:\/\/medicina.udd.cl\/odontologia-santiago\/\"},{\"@type\":\"ListItem\",\"position\":2,\"name\":\"Seminario en Innovaci\u00f3n en la Rehabilitaci\u00f3n Oral\"}]},{\"@type\":\"WebSite\",\"@id\":\"https:\/\/medicina.udd.cl\/odontologia-santiago\/#website\",\"url\":\"https:\/\/medicina.udd.cl\/odontologia-santiago\/\",\"name\":\"Odontolog\u00eda\",\"description\":\"Facultad de Medicina Cl\u00ednica Alemana Universidad del Desarrollo\",\"inLanguage\":\"es\"},{\"@type\":\"Person\",\"@id\":\"\",\"url\":\"https:\/\/medicina.udd.cl\/odontologia-santiago\/noticias\/author\/\"}]}<\/script>\n<!-- \/ Yoast SEO plugin. -->","yoast_head_json":{"title":"Seminario en Innovaci\u00f3n en la Rehabilitaci\u00f3n Oral - Odontolog\u00eda","robots":{"index":"index","follow":"follow","max-snippet":"max-snippet:-1","max-image-preview":"max-image-preview:large","max-video-preview":"max-video-preview:-1"},"canonical":"https:\/\/medicina.udd.cl\/odontologia-santiago\/noticias\/2015\/04\/28\/seminario-innovacion-en-la-rehabilitacion-oral\/","og_locale":"es_ES","og_type":"article","og_title":"Seminario en Innovaci\u00f3n en la Rehabilitaci\u00f3n Oral - Odontolog\u00eda","og_description":"La Sociedad Odontol\u00f3gica Cient\u00edfica de Alumnos de la UDD\u00a0y el Centro de Estudiantes de Odontolog\u00eda tienen el agrado de invitarlos a participar en el Seminario de Innovaci\u00f3n en la Rehabilitaci\u00f3n Oral, que contar\u00e1\u00a0con la ponencia de destacados expositores a nivel nacional. El encuentro se realizar\u00e1 el s\u00e1bado 6 de junio desde las 9 a las [&hellip;]","og_url":"https:\/\/medicina.udd.cl\/odontologia-santiago\/noticias\/2015\/04\/28\/seminario-innovacion-en-la-rehabilitacion-oral\/","og_site_name":"Odontolog\u00eda","article_published_time":"2015-04-28T18:50:28+00:00","article_modified_time":"2015-05-26T14:11:17+00:00","og_image":[{"width":947,"height":1024,"url":"https:\/\/medicina.udd.cl\/odontologia-santiago\/files\/2015\/04\/Foto-sitio-web-947x1024.jpg","type":"image\/jpeg"}],"twitter_misc":{"Escrito por":"","Tiempo de lectura":"1 minuto"},"schema":{"@context":"https:\/\/schema.org","@graph":[{"@type":"Article","@id":"https:\/\/medicina.udd.cl\/odontologia-santiago\/noticias\/2015\/04\/28\/seminario-innovacion-en-la-rehabilitacion-oral\/#article","isPartOf":{"@id":"https:\/\/medicina.udd.cl\/odontologia-santiago\/noticias\/2015\/04\/28\/seminario-innovacion-en-la-rehabilitacion-oral\/"},"author":{"name":"","@id":""},"headline":"Seminario en Innovaci\u00f3n en la Rehabilitaci\u00f3n Oral","datePublished":"2015-04-28T18:50:28+00:00","dateModified":"2015-05-26T14:11:17+00:00","mainEntityOfPage":{"@id":"https:\/\/medicina.udd.cl\/odontologia-santiago\/noticias\/2015\/04\/28\/seminario-innovacion-en-la-rehabilitacion-oral\/"},"wordCount":136,"commentCount":0,"image":{"@id":"https:\/\/medicina.udd.cl\/odontologia-santiago\/noticias\/2015\/04\/28\/seminario-innovacion-en-la-rehabilitacion-oral\/#primaryimage"},"thumbnailUrl":"https:\/\/medicina.udd.cl\/odontologia-santiago\/files\/2015\/04\/Foto-sitio-web.jpg","articleSection":["Estudiantes","Noticias"],"inLanguage":"es","potentialAction":[{"@type":"CommentAction","name":"Comment","target":["https:\/\/medicina.udd.cl\/odontologia-santiago\/noticias\/2015\/04\/28\/seminario-innovacion-en-la-rehabilitacion-oral\/#respond"]}]},{"@type":"WebPage","@id":"https:\/\/medicina.udd.cl\/odontologia-santiago\/noticias\/2015\/04\/28\/seminario-innovacion-en-la-rehabilitacion-oral\/","url":"https:\/\/medicina.udd.cl\/odontologia-santiago\/noticias\/2015\/04\/28\/seminario-innovacion-en-la-rehabilitacion-oral\/","name":"Seminario en Innovaci\u00f3n en la Rehabilitaci\u00f3n Oral - Odontolog\u00eda","isPartOf":{"@id":"https:\/\/medicina.udd.cl\/odontologia-santiago\/#website"},"primaryImageOfPage":{"@id":"https:\/\/medicina.udd.cl\/odontologia-santiago\/noticias\/2015\/04\/28\/seminario-innovacion-en-la-rehabilitacion-oral\/#primaryimage"},"image":{"@id":"https:\/\/medicina.udd.cl\/odontologia-santiago\/noticias\/2015\/04\/28\/seminario-innovacion-en-la-rehabilitacion-oral\/#primaryimage"},"thumbnailUrl":"https:\/\/medicina.udd.cl\/odontologia-santiago\/files\/2015\/04\/Foto-sitio-web.jpg","datePublished":"2015-04-28T18:50:28+00:00","dateModified":"2015-05-26T14:11:17+00:00","author":{"@id":""},"breadcrumb":{"@id":"https:\/\/medicina.udd.cl\/odontologia-santiago\/noticias\/2015\/04\/28\/seminario-innovacion-en-la-rehabilitacion-oral\/#breadcrumb"},"inLanguage":"es","potentialAction":[{"@type":"ReadAction","target":["https:\/\/medicina.udd.cl\/odontologia-santiago\/noticias\/2015\/04\/28\/seminario-innovacion-en-la-rehabilitacion-oral\/"]}]},{"@type":"ImageObject","inLanguage":"es","@id":"https:\/\/medicina.udd.cl\/odontologia-santiago\/noticias\/2015\/04\/28\/seminario-innovacion-en-la-rehabilitacion-oral\/#primaryimage","url":"https:\/\/medicina.udd.cl\/odontologia-santiago\/files\/2015\/04\/Foto-sitio-web.jpg","contentUrl":"https:\/\/medicina.udd.cl\/odontologia-santiago\/files\/2015\/04\/Foto-sitio-web.jpg","width":3301,"height":3571},{"@type":"BreadcrumbList","@id":"https:\/\/medicina.udd.cl\/odontologia-santiago\/noticias\/2015\/04\/28\/seminario-innovacion-en-la-rehabilitacion-oral\/#breadcrumb","itemListElement":[{"@type":"ListItem","position":1,"name":"Home","item":"https:\/\/medicina.udd.cl\/odontologia-santiago\/"},{"@type":"ListItem","position":2,"name":"Seminario en Innovaci\u00f3n en la Rehabilitaci\u00f3n Oral"}]},{"@type":"WebSite","@id":"https:\/\/medicina.udd.cl\/odontologia-santiago\/#website","url":"https:\/\/medicina.udd.cl\/odontologia-santiago\/","name":"Odontolog\u00eda","description":"Facultad de Medicina Cl\u00ednica Alemana Universidad del Desarrollo","inLanguage":"es"},{"@type":"Person","@id":"","url":"https:\/\/medicina.udd.cl\/odontologia-santiago\/noticias\/author\/"}]}},"featured_image_url":"https:\/\/medicina.udd.cl\/odontologia-santiago\/files\/2015\/04\/Foto-sitio-web.jpg","_links":{"self":[{"href":"https:\/\/medicina.udd.cl\/odontologia-santiago\/wp-json\/wp\/v2\/posts\/2853","targetHints":{"allow":["GET"]}}],"collection":[{"href":"https:\/\/medicina.udd.cl\/odontologia-santiago\/wp-json\/wp\/v2\/posts"}],"about":[{"href":"https:\/\/medicina.udd.cl\/odontologia-santiago\/wp-json\/wp\/v2\/types\/post"}],"author":[{"embeddable":true,"href":"https:\/\/medicina.udd.cl\/odontologia-santiago\/wp-json\/wp\/v2\/users\/40"}],"replies":[{"embeddable":true,"href":"https:\/\/medicina.udd.cl\/odontologia-santiago\/wp-json\/wp\/v2\/comments?post=2853"}],"version-history":[{"count":22,"href":"https:\/\/medicina.udd.cl\/odontologia-santiago\/wp-json\/wp\/v2\/posts\/2853\/revisions"}],"predecessor-version":[{"id":2862,"href":"https:\/\/medicina.udd.cl\/odontologia-santiago\/wp-json\/wp\/v2\/posts\/2853\/revisions\/2862"}],"wp:featuredmedia":[{"embeddable":true,"href":"https:\/\/medicina.udd.cl\/odontologia-santiago\/wp-json\/wp\/v2\/media\/2849"}],"wp:attachment":[{"href":"https:\/\/medicina.udd.cl\/odontologia-santiago\/wp-json\/wp\/v2\/media?parent=2853"}],"wp:term":[{"taxonomy":"category","embeddable":true,"href":"https:\/\/medicina.udd.cl\/odontologia-santiago\/wp-json\/wp\/v2\/categories?post=2853"},{"taxonomy":"post_tag","embeddable":true,"href":"https:\/\/medicina.udd.cl\/odontologia-santiago\/wp-json\/wp\/v2\/tags?post=2853"}],"curies":[{"name":"wp","href":"https:\/\/api.w.org\/{rel}","templated":true}]}}