{"id":2884,"date":"2015-05-06T16:25:04","date_gmt":"2015-05-06T19:25:04","guid":{"rendered":"http:\/\/medicina.udd.cl\/odontologia-santiago\/?p=2884"},"modified":"2015-05-12T10:32:56","modified_gmt":"2015-05-12T13:32:56","slug":"egresada-de-odontologia-udd-en-destacado-encuentro-internacional","status":"publish","type":"post","link":"https:\/\/medicina.udd.cl\/odontologia-santiago\/noticias\/2015\/05\/06\/egresada-de-odontologia-udd-en-destacado-encuentro-internacional\/","title":{"rendered":"Egresada de Odontolog\u00eda UDD en destacado encuentro internacional"},"content":{"rendered":"<div id=\"gallery-1\" class=\"carousel slide carousel-gallery\" data-ride=\"false\" data-interval=\"false\"><div class=\"carousel-inner\" role=\"listbox\"><figure class=\"carousel-item active\"><img loading=\"lazy\" decoding=\"async\" width=\"381\" height=\"534\" src=\"https:\/\/medicina.udd.cl\/odontologia-santiago\/files\/2015\/05\/Poster-congreso.jpg\" class=\"attachment-landscape_952 size-landscape_952\" alt=\"\" srcset=\"https:\/\/medicina.udd.cl\/odontologia-santiago\/files\/2015\/05\/Poster-congreso.jpg 450w, https:\/\/medicina.udd.cl\/odontologia-santiago\/files\/2015\/05\/Poster-congreso-214x300.jpg 214w\" sizes=\"auto, (max-width: 381px) 100vw, 381px\" \/><\/figure><figure class=\"carousel-item\"><img loading=\"lazy\" decoding=\"async\" width=\"665\" height=\"450\" src=\"https:\/\/medicina.udd.cl\/odontologia-santiago\/files\/2015\/05\/Charla-Dr-Grayson.jpg\" class=\"attachment-landscape_952 size-landscape_952\" alt=\"\" srcset=\"https:\/\/medicina.udd.cl\/odontologia-santiago\/files\/2015\/05\/Charla-Dr-Grayson.jpg 665w, https:\/\/medicina.udd.cl\/odontologia-santiago\/files\/2015\/05\/Charla-Dr-Grayson-300x203.jpg 300w\" sizes=\"auto, (max-width: 665px) 100vw, 665px\" \/><\/figure><figure class=\"carousel-item\"><img loading=\"lazy\" decoding=\"async\" width=\"599\" height=\"450\" src=\"https:\/\/medicina.udd.cl\/odontologia-santiago\/files\/2015\/05\/Dr-Grayson-y-Dr-Cutting.jpg\" class=\"attachment-landscape_952 size-landscape_952\" alt=\"\" srcset=\"https:\/\/medicina.udd.cl\/odontologia-santiago\/files\/2015\/05\/Dr-Grayson-y-Dr-Cutting.jpg 599w, https:\/\/medicina.udd.cl\/odontologia-santiago\/files\/2015\/05\/Dr-Grayson-y-Dr-Cutting-300x225.jpg 300w\" sizes=\"auto, (max-width: 599px) 100vw, 599px\" \/><\/figure><\/div><footer class=\"carousel-footer\"><div class=\"carousel-counter\"><span class=\"carousel-counter-current\"><\/span> \/ <span class=\"carousel-counter-total\"><\/span><\/div><a class=\"carousel-control-prev\" href=\"#gallery-1\" role=\"button\" data-slide=\"prev\"><svg aria-hidden=\"true\" class=\"svg-chevron-left-dims\"><use xlink:href='https:\/\/medicina.udd.cl\/odontologia-santiago\/wp-content\/themes\/facultades-2018\/assets\/img\/svg\/dist\/main.svg?version=1695853099#chevron-left'><\/use><\/svg><span class=\"sr-only\">Anterior<\/span><\/a><a class=\"carousel-control-next\" href=\"#gallery-1\" role=\"button\" data-slide=\"next\"><svg aria-hidden=\"true\" class=\"svg-chevron-right-dims\"><use xlink:href='https:\/\/medicina.udd.cl\/odontologia-santiago\/wp-content\/themes\/facultades-2018\/assets\/img\/svg\/dist\/main.svg?version=1695853099#chevron-right'><\/use><\/svg><span class=\"sr-only\">Siguiente<\/span><\/a><\/footer><\/div>\n<p>La titulada de la carrera de Odontolog\u00eda, Tania Hechenleiter, particip\u00f3 en la Reuni\u00f3n Anual de la American Cleft- Palate Craniofacial Association, realizada en abril, en California. Es un congreso que se realiza todos los a\u00f1os y que convoca a distintas \u00e1reas de la salud en cuanto al tratamiento de pacientes con fisura labio palatina.<\/p>\n<p>Durante el encuentro, la odont\u00f3loga present el poster denominado \u201cComparative Study of two different presurgical orthopedic methods in patients with complete unilateral cleft lip and palate\u201d.<\/p>\n<p>Este trabajo corresponde a su tesis de pregrado, que fue realizada bajo la tutela del doctor Bol\u00edvar Valenzuela, director de la Especialidad de Ortodoncia y Ortopedia Dentomaxilofacial de la UDD.<\/p>\n<p>Tania cuenta que la investigaci\u00f3n presentada fue una comparaci\u00f3n de dos distintas ortopedias pre-quir\u00fargicas en pacientes lactantes con fisura unilateral completa.<\/p>\n<p>Agrega, adem\u00e1s \u201cque sin duda fue una experiencia muy enriquecedora en lo personal y profesional, ya que pude aprender de los \u00faltimos avances en los tratamientos\u00a0 y generar lazos con profesionales altamente especializados en el tema\u201d.<\/p>\n","protected":false},"excerpt":{"rendered":"<p>Tania Hechenleiter particip\u00f3 con un poster en la Reuni\u00f3n Anual de la American Cleft- Palate Craniofacial Association realizada en abril en California.<\/p>\n","protected":false},"author":42,"featured_media":2888,"comment_status":"open","ping_status":"open","sticky":false,"template":"","format":"standard","meta":{"footnotes":""},"categories":[9066,4],"tags":[],"class_list":["post-2884","post","type-post","status-publish","format-standard","has-post-thumbnail","hentry","category-estudiantes","category-noticias"],"yoast_head":"<!-- This site is optimized with the Yoast SEO plugin v26.9 - https:\/\/yoast.com\/product\/yoast-seo-wordpress\/ -->\n<title>Egresada de Odontolog\u00eda UDD en destacado encuentro internacional<\/title>\n<meta name=\"description\" content=\"La titulada de Odontolog\u00eda Tania Hechenleiter particip\u00f3 con un poster en la Reuni\u00f3n Anual de la American Cleft- Palate Craniofacial Association realizada en abril en California.\" \/>\n<meta name=\"robots\" content=\"index, follow, max-snippet:-1, max-image-preview:large, max-video-preview:-1\" \/>\n<link rel=\"canonical\" href=\"https:\/\/medicina.udd.cl\/odontologia-santiago\/noticias\/2015\/05\/06\/egresada-de-odontologia-udd-en-destacado-encuentro-internacional\/\" \/>\n<meta property=\"og:locale\" content=\"es_ES\" \/>\n<meta property=\"og:type\" content=\"article\" \/>\n<meta property=\"og:title\" content=\"Egresada de Odontolog\u00eda UDD en destacado encuentro internacional\" \/>\n<meta property=\"og:description\" content=\"La titulada de Odontolog\u00eda Tania Hechenleiter particip\u00f3 con un poster en la Reuni\u00f3n Anual de la American Cleft- Palate Craniofacial Association realizada en abril en California.\" \/>\n<meta property=\"og:url\" content=\"https:\/\/medicina.udd.cl\/odontologia-santiago\/noticias\/2015\/05\/06\/egresada-de-odontologia-udd-en-destacado-encuentro-internacional\/\" \/>\n<meta property=\"og:site_name\" content=\"Odontolog\u00eda\" \/>\n<meta property=\"article:published_time\" content=\"2015-05-06T19:25:04+00:00\" \/>\n<meta property=\"article:modified_time\" content=\"2015-05-12T13:32:56+00:00\" \/>\n<meta property=\"og:image\" content=\"https:\/\/medicina.udd.cl\/odontologia-santiago\/files\/2015\/05\/Poster-congreso-2.jpg\" \/>\n\t<meta property=\"og:image:width\" content=\"436\" \/>\n\t<meta property=\"og:image:height\" content=\"369\" \/>\n\t<meta property=\"og:image:type\" content=\"image\/jpeg\" \/>\n<meta name=\"twitter:label1\" content=\"Escrito por\" \/>\n\t<meta name=\"twitter:data1\" content=\"\" \/>\n\t<meta name=\"twitter:label2\" content=\"Tiempo de lectura\" \/>\n\t<meta name=\"twitter:data2\" content=\"1 minuto\" \/>\n<script type=\"application\/ld+json\" class=\"yoast-schema-graph\">{\"@context\":\"https:\/\/schema.org\",\"@graph\":[{\"@type\":\"Article\",\"@id\":\"https:\/\/medicina.udd.cl\/odontologia-santiago\/noticias\/2015\/05\/06\/egresada-de-odontologia-udd-en-destacado-encuentro-internacional\/#article\",\"isPartOf\":{\"@id\":\"https:\/\/medicina.udd.cl\/odontologia-santiago\/noticias\/2015\/05\/06\/egresada-de-odontologia-udd-en-destacado-encuentro-internacional\/\"},\"author\":{\"name\":\"\",\"@id\":\"\"},\"headline\":\"Egresada de Odontolog\u00eda UDD en destacado encuentro internacional\",\"datePublished\":\"2015-05-06T19:25:04+00:00\",\"dateModified\":\"2015-05-12T13:32:56+00:00\",\"mainEntityOfPage\":{\"@id\":\"https:\/\/medicina.udd.cl\/odontologia-santiago\/noticias\/2015\/05\/06\/egresada-de-odontologia-udd-en-destacado-encuentro-internacional\/\"},\"wordCount\":187,\"commentCount\":0,\"image\":{\"@id\":\"https:\/\/medicina.udd.cl\/odontologia-santiago\/noticias\/2015\/05\/06\/egresada-de-odontologia-udd-en-destacado-encuentro-internacional\/#primaryimage\"},\"thumbnailUrl\":\"https:\/\/medicina.udd.cl\/odontologia-santiago\/files\/2015\/05\/Poster-congreso-2.jpg\",\"articleSection\":[\"Estudiantes\",\"Noticias\"],\"inLanguage\":\"es\",\"potentialAction\":[{\"@type\":\"CommentAction\",\"name\":\"Comment\",\"target\":[\"https:\/\/medicina.udd.cl\/odontologia-santiago\/noticias\/2015\/05\/06\/egresada-de-odontologia-udd-en-destacado-encuentro-internacional\/#respond\"]}]},{\"@type\":\"WebPage\",\"@id\":\"https:\/\/medicina.udd.cl\/odontologia-santiago\/noticias\/2015\/05\/06\/egresada-de-odontologia-udd-en-destacado-encuentro-internacional\/\",\"url\":\"https:\/\/medicina.udd.cl\/odontologia-santiago\/noticias\/2015\/05\/06\/egresada-de-odontologia-udd-en-destacado-encuentro-internacional\/\",\"name\":\"Egresada de Odontolog\u00eda UDD en destacado encuentro internacional\",\"isPartOf\":{\"@id\":\"https:\/\/medicina.udd.cl\/odontologia-santiago\/#website\"},\"primaryImageOfPage\":{\"@id\":\"https:\/\/medicina.udd.cl\/odontologia-santiago\/noticias\/2015\/05\/06\/egresada-de-odontologia-udd-en-destacado-encuentro-internacional\/#primaryimage\"},\"image\":{\"@id\":\"https:\/\/medicina.udd.cl\/odontologia-santiago\/noticias\/2015\/05\/06\/egresada-de-odontologia-udd-en-destacado-encuentro-internacional\/#primaryimage\"},\"thumbnailUrl\":\"https:\/\/medicina.udd.cl\/odontologia-santiago\/files\/2015\/05\/Poster-congreso-2.jpg\",\"datePublished\":\"2015-05-06T19:25:04+00:00\",\"dateModified\":\"2015-05-12T13:32:56+00:00\",\"author\":{\"@id\":\"\"},\"description\":\"La titulada de Odontolog\u00eda Tania Hechenleiter particip\u00f3 con un poster en la Reuni\u00f3n Anual de la American Cleft- Palate Craniofacial Association realizada en abril en California.\",\"breadcrumb\":{\"@id\":\"https:\/\/medicina.udd.cl\/odontologia-santiago\/noticias\/2015\/05\/06\/egresada-de-odontologia-udd-en-destacado-encuentro-internacional\/#breadcrumb\"},\"inLanguage\":\"es\",\"potentialAction\":[{\"@type\":\"ReadAction\",\"target\":[\"https:\/\/medicina.udd.cl\/odontologia-santiago\/noticias\/2015\/05\/06\/egresada-de-odontologia-udd-en-destacado-encuentro-internacional\/\"]}]},{\"@type\":\"ImageObject\",\"inLanguage\":\"es\",\"@id\":\"https:\/\/medicina.udd.cl\/odontologia-santiago\/noticias\/2015\/05\/06\/egresada-de-odontologia-udd-en-destacado-encuentro-internacional\/#primaryimage\",\"url\":\"https:\/\/medicina.udd.cl\/odontologia-santiago\/files\/2015\/05\/Poster-congreso-2.jpg\",\"contentUrl\":\"https:\/\/medicina.udd.cl\/odontologia-santiago\/files\/2015\/05\/Poster-congreso-2.jpg\",\"width\":436,\"height\":369},{\"@type\":\"BreadcrumbList\",\"@id\":\"https:\/\/medicina.udd.cl\/odontologia-santiago\/noticias\/2015\/05\/06\/egresada-de-odontologia-udd-en-destacado-encuentro-internacional\/#breadcrumb\",\"itemListElement\":[{\"@type\":\"ListItem\",\"position\":1,\"name\":\"Home\",\"item\":\"https:\/\/medicina.udd.cl\/odontologia-santiago\/\"},{\"@type\":\"ListItem\",\"position\":2,\"name\":\"Egresada de Odontolog\u00eda UDD en destacado encuentro internacional\"}]},{\"@type\":\"WebSite\",\"@id\":\"https:\/\/medicina.udd.cl\/odontologia-santiago\/#website\",\"url\":\"https:\/\/medicina.udd.cl\/odontologia-santiago\/\",\"name\":\"Odontolog\u00eda\",\"description\":\"Facultad de Medicina Cl\u00ednica Alemana Universidad del Desarrollo\",\"inLanguage\":\"es\"},{\"@type\":\"Person\",\"@id\":\"\",\"url\":\"https:\/\/medicina.udd.cl\/odontologia-santiago\/noticias\/author\/\"}]}<\/script>\n<!-- \/ Yoast SEO plugin. -->","yoast_head_json":{"title":"Egresada de Odontolog\u00eda UDD en destacado encuentro internacional","description":"La titulada de Odontolog\u00eda Tania Hechenleiter particip\u00f3 con un poster en la Reuni\u00f3n Anual de la American Cleft- Palate Craniofacial Association realizada en abril en California.","robots":{"index":"index","follow":"follow","max-snippet":"max-snippet:-1","max-image-preview":"max-image-preview:large","max-video-preview":"max-video-preview:-1"},"canonical":"https:\/\/medicina.udd.cl\/odontologia-santiago\/noticias\/2015\/05\/06\/egresada-de-odontologia-udd-en-destacado-encuentro-internacional\/","og_locale":"es_ES","og_type":"article","og_title":"Egresada de Odontolog\u00eda UDD en destacado encuentro internacional","og_description":"La titulada de Odontolog\u00eda Tania Hechenleiter particip\u00f3 con un poster en la Reuni\u00f3n Anual de la American Cleft- Palate Craniofacial Association realizada en abril en California.","og_url":"https:\/\/medicina.udd.cl\/odontologia-santiago\/noticias\/2015\/05\/06\/egresada-de-odontologia-udd-en-destacado-encuentro-internacional\/","og_site_name":"Odontolog\u00eda","article_published_time":"2015-05-06T19:25:04+00:00","article_modified_time":"2015-05-12T13:32:56+00:00","og_image":[{"width":436,"height":369,"url":"https:\/\/medicina.udd.cl\/odontologia-santiago\/files\/2015\/05\/Poster-congreso-2.jpg","type":"image\/jpeg"}],"twitter_misc":{"Escrito por":"","Tiempo de lectura":"1 minuto"},"schema":{"@context":"https:\/\/schema.org","@graph":[{"@type":"Article","@id":"https:\/\/medicina.udd.cl\/odontologia-santiago\/noticias\/2015\/05\/06\/egresada-de-odontologia-udd-en-destacado-encuentro-internacional\/#article","isPartOf":{"@id":"https:\/\/medicina.udd.cl\/odontologia-santiago\/noticias\/2015\/05\/06\/egresada-de-odontologia-udd-en-destacado-encuentro-internacional\/"},"author":{"name":"","@id":""},"headline":"Egresada de Odontolog\u00eda UDD en destacado encuentro internacional","datePublished":"2015-05-06T19:25:04+00:00","dateModified":"2015-05-12T13:32:56+00:00","mainEntityOfPage":{"@id":"https:\/\/medicina.udd.cl\/odontologia-santiago\/noticias\/2015\/05\/06\/egresada-de-odontologia-udd-en-destacado-encuentro-internacional\/"},"wordCount":187,"commentCount":0,"image":{"@id":"https:\/\/medicina.udd.cl\/odontologia-santiago\/noticias\/2015\/05\/06\/egresada-de-odontologia-udd-en-destacado-encuentro-internacional\/#primaryimage"},"thumbnailUrl":"https:\/\/medicina.udd.cl\/odontologia-santiago\/files\/2015\/05\/Poster-congreso-2.jpg","articleSection":["Estudiantes","Noticias"],"inLanguage":"es","potentialAction":[{"@type":"CommentAction","name":"Comment","target":["https:\/\/medicina.udd.cl\/odontologia-santiago\/noticias\/2015\/05\/06\/egresada-de-odontologia-udd-en-destacado-encuentro-internacional\/#respond"]}]},{"@type":"WebPage","@id":"https:\/\/medicina.udd.cl\/odontologia-santiago\/noticias\/2015\/05\/06\/egresada-de-odontologia-udd-en-destacado-encuentro-internacional\/","url":"https:\/\/medicina.udd.cl\/odontologia-santiago\/noticias\/2015\/05\/06\/egresada-de-odontologia-udd-en-destacado-encuentro-internacional\/","name":"Egresada de Odontolog\u00eda UDD en destacado encuentro internacional","isPartOf":{"@id":"https:\/\/medicina.udd.cl\/odontologia-santiago\/#website"},"primaryImageOfPage":{"@id":"https:\/\/medicina.udd.cl\/odontologia-santiago\/noticias\/2015\/05\/06\/egresada-de-odontologia-udd-en-destacado-encuentro-internacional\/#primaryimage"},"image":{"@id":"https:\/\/medicina.udd.cl\/odontologia-santiago\/noticias\/2015\/05\/06\/egresada-de-odontologia-udd-en-destacado-encuentro-internacional\/#primaryimage"},"thumbnailUrl":"https:\/\/medicina.udd.cl\/odontologia-santiago\/files\/2015\/05\/Poster-congreso-2.jpg","datePublished":"2015-05-06T19:25:04+00:00","dateModified":"2015-05-12T13:32:56+00:00","author":{"@id":""},"description":"La titulada de Odontolog\u00eda Tania Hechenleiter particip\u00f3 con un poster en la Reuni\u00f3n Anual de la American Cleft- Palate Craniofacial Association realizada en abril en California.","breadcrumb":{"@id":"https:\/\/medicina.udd.cl\/odontologia-santiago\/noticias\/2015\/05\/06\/egresada-de-odontologia-udd-en-destacado-encuentro-internacional\/#breadcrumb"},"inLanguage":"es","potentialAction":[{"@type":"ReadAction","target":["https:\/\/medicina.udd.cl\/odontologia-santiago\/noticias\/2015\/05\/06\/egresada-de-odontologia-udd-en-destacado-encuentro-internacional\/"]}]},{"@type":"ImageObject","inLanguage":"es","@id":"https:\/\/medicina.udd.cl\/odontologia-santiago\/noticias\/2015\/05\/06\/egresada-de-odontologia-udd-en-destacado-encuentro-internacional\/#primaryimage","url":"https:\/\/medicina.udd.cl\/odontologia-santiago\/files\/2015\/05\/Poster-congreso-2.jpg","contentUrl":"https:\/\/medicina.udd.cl\/odontologia-santiago\/files\/2015\/05\/Poster-congreso-2.jpg","width":436,"height":369},{"@type":"BreadcrumbList","@id":"https:\/\/medicina.udd.cl\/odontologia-santiago\/noticias\/2015\/05\/06\/egresada-de-odontologia-udd-en-destacado-encuentro-internacional\/#breadcrumb","itemListElement":[{"@type":"ListItem","position":1,"name":"Home","item":"https:\/\/medicina.udd.cl\/odontologia-santiago\/"},{"@type":"ListItem","position":2,"name":"Egresada de Odontolog\u00eda UDD en destacado encuentro internacional"}]},{"@type":"WebSite","@id":"https:\/\/medicina.udd.cl\/odontologia-santiago\/#website","url":"https:\/\/medicina.udd.cl\/odontologia-santiago\/","name":"Odontolog\u00eda","description":"Facultad de Medicina Cl\u00ednica Alemana Universidad del Desarrollo","inLanguage":"es"},{"@type":"Person","@id":"","url":"https:\/\/medicina.udd.cl\/odontologia-santiago\/noticias\/author\/"}]}},"featured_image_url":"https:\/\/medicina.udd.cl\/odontologia-santiago\/files\/2015\/05\/Poster-congreso-2.jpg","_links":{"self":[{"href":"https:\/\/medicina.udd.cl\/odontologia-santiago\/wp-json\/wp\/v2\/posts\/2884","targetHints":{"allow":["GET"]}}],"collection":[{"href":"https:\/\/medicina.udd.cl\/odontologia-santiago\/wp-json\/wp\/v2\/posts"}],"about":[{"href":"https:\/\/medicina.udd.cl\/odontologia-santiago\/wp-json\/wp\/v2\/types\/post"}],"author":[{"embeddable":true,"href":"https:\/\/medicina.udd.cl\/odontologia-santiago\/wp-json\/wp\/v2\/users\/42"}],"replies":[{"embeddable":true,"href":"https:\/\/medicina.udd.cl\/odontologia-santiago\/wp-json\/wp\/v2\/comments?post=2884"}],"version-history":[{"count":4,"href":"https:\/\/medicina.udd.cl\/odontologia-santiago\/wp-json\/wp\/v2\/posts\/2884\/revisions"}],"predecessor-version":[{"id":2904,"href":"https:\/\/medicina.udd.cl\/odontologia-santiago\/wp-json\/wp\/v2\/posts\/2884\/revisions\/2904"}],"wp:featuredmedia":[{"embeddable":true,"href":"https:\/\/medicina.udd.cl\/odontologia-santiago\/wp-json\/wp\/v2\/media\/2888"}],"wp:attachment":[{"href":"https:\/\/medicina.udd.cl\/odontologia-santiago\/wp-json\/wp\/v2\/media?parent=2884"}],"wp:term":[{"taxonomy":"category","embeddable":true,"href":"https:\/\/medicina.udd.cl\/odontologia-santiago\/wp-json\/wp\/v2\/categories?post=2884"},{"taxonomy":"post_tag","embeddable":true,"href":"https:\/\/medicina.udd.cl\/odontologia-santiago\/wp-json\/wp\/v2\/tags?post=2884"}],"curies":[{"name":"wp","href":"https:\/\/api.w.org\/{rel}","templated":true}]}}