{"id":3881,"date":"2016-08-08T13:32:02","date_gmt":"2016-08-08T17:32:02","guid":{"rendered":"http:\/\/medicina.udd.cl\/odontologia-santiago\/?p=3881"},"modified":"2016-08-08T13:37:26","modified_gmt":"2016-08-08T17:37:26","slug":"675-estudiantes-asistieron-a-la-segunda-version-de-clinica-udd","status":"publish","type":"post","link":"https:\/\/medicina.udd.cl\/odontologia-santiago\/noticias\/2016\/08\/08\/675-estudiantes-asistieron-a-la-segunda-version-de-clinica-udd\/","title":{"rendered":"675 estudiantes asistieron a la segunda versi\u00f3n de Cl\u00ednica UDD"},"content":{"rendered":"<div id=\"gallery-1\" class=\"carousel slide carousel-gallery\" data-ride=\"false\" data-interval=\"false\"><div class=\"carousel-inner\" role=\"listbox\"><figure class=\"carousel-item active\"><img loading=\"lazy\" decoding=\"async\" width=\"801\" height=\"534\" src=\"https:\/\/medicina.udd.cl\/odontologia-santiago\/files\/2016\/08\/Cl\u00ednica-UDD-2-2.jpg\" class=\"attachment-landscape_952 size-landscape_952\" alt=\"\" srcset=\"https:\/\/medicina.udd.cl\/odontologia-santiago\/files\/2016\/08\/Cl\u00ednica-UDD-2-2.jpg 900w, https:\/\/medicina.udd.cl\/odontologia-santiago\/files\/2016\/08\/Cl\u00ednica-UDD-2-2-300x200.jpg 300w, https:\/\/medicina.udd.cl\/odontologia-santiago\/files\/2016\/08\/Cl\u00ednica-UDD-2-2-768x512.jpg 768w\" sizes=\"auto, (max-width: 801px) 100vw, 801px\" \/><\/figure><figure class=\"carousel-item\"><img loading=\"lazy\" decoding=\"async\" width=\"801\" height=\"534\" src=\"https:\/\/medicina.udd.cl\/odontologia-santiago\/files\/2016\/08\/Cl\u00ednica-UDD-2-3.jpg\" class=\"attachment-landscape_952 size-landscape_952\" alt=\"\" srcset=\"https:\/\/medicina.udd.cl\/odontologia-santiago\/files\/2016\/08\/Cl\u00ednica-UDD-2-3.jpg 900w, https:\/\/medicina.udd.cl\/odontologia-santiago\/files\/2016\/08\/Cl\u00ednica-UDD-2-3-300x200.jpg 300w, https:\/\/medicina.udd.cl\/odontologia-santiago\/files\/2016\/08\/Cl\u00ednica-UDD-2-3-768x512.jpg 768w\" sizes=\"auto, (max-width: 801px) 100vw, 801px\" \/><\/figure><figure class=\"carousel-item\"><img loading=\"lazy\" decoding=\"async\" width=\"801\" height=\"534\" src=\"https:\/\/medicina.udd.cl\/odontologia-santiago\/files\/2016\/08\/Cl\u00ednica-UDD-2-4.jpg\" class=\"attachment-landscape_952 size-landscape_952\" alt=\"\" srcset=\"https:\/\/medicina.udd.cl\/odontologia-santiago\/files\/2016\/08\/Cl\u00ednica-UDD-2-4.jpg 900w, https:\/\/medicina.udd.cl\/odontologia-santiago\/files\/2016\/08\/Cl\u00ednica-UDD-2-4-300x200.jpg 300w, https:\/\/medicina.udd.cl\/odontologia-santiago\/files\/2016\/08\/Cl\u00ednica-UDD-2-4-768x512.jpg 768w\" sizes=\"auto, (max-width: 801px) 100vw, 801px\" \/><\/figure><figure class=\"carousel-item\"><img loading=\"lazy\" decoding=\"async\" width=\"801\" height=\"534\" src=\"https:\/\/medicina.udd.cl\/odontologia-santiago\/files\/2016\/08\/Cl\u00ednica-UDD-2-5.jpg\" class=\"attachment-landscape_952 size-landscape_952\" alt=\"\" srcset=\"https:\/\/medicina.udd.cl\/odontologia-santiago\/files\/2016\/08\/Cl\u00ednica-UDD-2-5.jpg 900w, https:\/\/medicina.udd.cl\/odontologia-santiago\/files\/2016\/08\/Cl\u00ednica-UDD-2-5-300x200.jpg 300w, https:\/\/medicina.udd.cl\/odontologia-santiago\/files\/2016\/08\/Cl\u00ednica-UDD-2-5-768x512.jpg 768w\" sizes=\"auto, (max-width: 801px) 100vw, 801px\" \/><\/figure><figure class=\"carousel-item\"><img loading=\"lazy\" decoding=\"async\" width=\"801\" height=\"534\" src=\"https:\/\/medicina.udd.cl\/odontologia-santiago\/files\/2016\/08\/Cl\u00ednica-UDD-2-6.jpg\" class=\"attachment-landscape_952 size-landscape_952\" alt=\"\" srcset=\"https:\/\/medicina.udd.cl\/odontologia-santiago\/files\/2016\/08\/Cl\u00ednica-UDD-2-6.jpg 900w, https:\/\/medicina.udd.cl\/odontologia-santiago\/files\/2016\/08\/Cl\u00ednica-UDD-2-6-300x200.jpg 300w, https:\/\/medicina.udd.cl\/odontologia-santiago\/files\/2016\/08\/Cl\u00ednica-UDD-2-6-768x512.jpg 768w\" sizes=\"auto, (max-width: 801px) 100vw, 801px\" \/><\/figure><figure class=\"carousel-item\"><img loading=\"lazy\" decoding=\"async\" width=\"801\" height=\"534\" src=\"https:\/\/medicina.udd.cl\/odontologia-santiago\/files\/2016\/08\/Cl\u00ednica-UDD-2-7.jpg\" class=\"attachment-landscape_952 size-landscape_952\" alt=\"\" srcset=\"https:\/\/medicina.udd.cl\/odontologia-santiago\/files\/2016\/08\/Cl\u00ednica-UDD-2-7.jpg 900w, https:\/\/medicina.udd.cl\/odontologia-santiago\/files\/2016\/08\/Cl\u00ednica-UDD-2-7-300x200.jpg 300w, https:\/\/medicina.udd.cl\/odontologia-santiago\/files\/2016\/08\/Cl\u00ednica-UDD-2-7-768x512.jpg 768w\" sizes=\"auto, (max-width: 801px) 100vw, 801px\" \/><\/figure><figure class=\"carousel-item\"><img loading=\"lazy\" decoding=\"async\" width=\"801\" height=\"534\" src=\"https:\/\/medicina.udd.cl\/odontologia-santiago\/files\/2016\/08\/Cl\u00ednica-UDD-2-8.jpg\" class=\"attachment-landscape_952 size-landscape_952\" alt=\"\" srcset=\"https:\/\/medicina.udd.cl\/odontologia-santiago\/files\/2016\/08\/Cl\u00ednica-UDD-2-8.jpg 900w, https:\/\/medicina.udd.cl\/odontologia-santiago\/files\/2016\/08\/Cl\u00ednica-UDD-2-8-300x200.jpg 300w, https:\/\/medicina.udd.cl\/odontologia-santiago\/files\/2016\/08\/Cl\u00ednica-UDD-2-8-768x512.jpg 768w\" sizes=\"auto, (max-width: 801px) 100vw, 801px\" \/><\/figure><figure class=\"carousel-item\"><img loading=\"lazy\" decoding=\"async\" width=\"801\" height=\"534\" src=\"https:\/\/medicina.udd.cl\/odontologia-santiago\/files\/2016\/08\/Cl\u00ednica-UDD-2-9.jpg\" class=\"attachment-landscape_952 size-landscape_952\" alt=\"\" srcset=\"https:\/\/medicina.udd.cl\/odontologia-santiago\/files\/2016\/08\/Cl\u00ednica-UDD-2-9.jpg 900w, https:\/\/medicina.udd.cl\/odontologia-santiago\/files\/2016\/08\/Cl\u00ednica-UDD-2-9-300x200.jpg 300w, https:\/\/medicina.udd.cl\/odontologia-santiago\/files\/2016\/08\/Cl\u00ednica-UDD-2-9-768x512.jpg 768w\" sizes=\"auto, (max-width: 801px) 100vw, 801px\" \/><\/figure><figure class=\"carousel-item\"><img loading=\"lazy\" decoding=\"async\" width=\"801\" height=\"534\" src=\"https:\/\/medicina.udd.cl\/odontologia-santiago\/files\/2016\/08\/Cl\u00ednica-UDD-2-10.jpg\" class=\"attachment-landscape_952 size-landscape_952\" alt=\"\" srcset=\"https:\/\/medicina.udd.cl\/odontologia-santiago\/files\/2016\/08\/Cl\u00ednica-UDD-2-10.jpg 900w, https:\/\/medicina.udd.cl\/odontologia-santiago\/files\/2016\/08\/Cl\u00ednica-UDD-2-10-300x200.jpg 300w, https:\/\/medicina.udd.cl\/odontologia-santiago\/files\/2016\/08\/Cl\u00ednica-UDD-2-10-768x512.jpg 768w\" sizes=\"auto, (max-width: 801px) 100vw, 801px\" \/><\/figure><figure class=\"carousel-item\"><img loading=\"lazy\" decoding=\"async\" width=\"801\" height=\"534\" src=\"https:\/\/medicina.udd.cl\/odontologia-santiago\/files\/2016\/08\/Cl\u00ednica-UDD-2-11.jpg\" class=\"attachment-landscape_952 size-landscape_952\" alt=\"\" srcset=\"https:\/\/medicina.udd.cl\/odontologia-santiago\/files\/2016\/08\/Cl\u00ednica-UDD-2-11.jpg 900w, https:\/\/medicina.udd.cl\/odontologia-santiago\/files\/2016\/08\/Cl\u00ednica-UDD-2-11-300x200.jpg 300w, https:\/\/medicina.udd.cl\/odontologia-santiago\/files\/2016\/08\/Cl\u00ednica-UDD-2-11-768x512.jpg 768w\" sizes=\"auto, (max-width: 801px) 100vw, 801px\" \/><\/figure><figure class=\"carousel-item\"><img loading=\"lazy\" decoding=\"async\" width=\"801\" height=\"534\" src=\"https:\/\/medicina.udd.cl\/odontologia-santiago\/files\/2016\/08\/Cl\u00ednica-UDD-2-12.jpg\" class=\"attachment-landscape_952 size-landscape_952\" alt=\"\" srcset=\"https:\/\/medicina.udd.cl\/odontologia-santiago\/files\/2016\/08\/Cl\u00ednica-UDD-2-12.jpg 900w, https:\/\/medicina.udd.cl\/odontologia-santiago\/files\/2016\/08\/Cl\u00ednica-UDD-2-12-300x200.jpg 300w, https:\/\/medicina.udd.cl\/odontologia-santiago\/files\/2016\/08\/Cl\u00ednica-UDD-2-12-768x512.jpg 768w\" sizes=\"auto, (max-width: 801px) 100vw, 801px\" \/><\/figure><figure class=\"carousel-item\"><img loading=\"lazy\" decoding=\"async\" width=\"801\" height=\"534\" src=\"https:\/\/medicina.udd.cl\/odontologia-santiago\/files\/2016\/08\/Cl\u00ednica-UDD-2-13.jpg\" class=\"attachment-landscape_952 size-landscape_952\" alt=\"\" srcset=\"https:\/\/medicina.udd.cl\/odontologia-santiago\/files\/2016\/08\/Cl\u00ednica-UDD-2-13.jpg 900w, https:\/\/medicina.udd.cl\/odontologia-santiago\/files\/2016\/08\/Cl\u00ednica-UDD-2-13-300x200.jpg 300w, https:\/\/medicina.udd.cl\/odontologia-santiago\/files\/2016\/08\/Cl\u00ednica-UDD-2-13-768x512.jpg 768w\" sizes=\"auto, (max-width: 801px) 100vw, 801px\" \/><\/figure><figure class=\"carousel-item\"><img loading=\"lazy\" decoding=\"async\" width=\"801\" height=\"534\" src=\"https:\/\/medicina.udd.cl\/odontologia-santiago\/files\/2016\/08\/Cl\u00ednica-UDD-2-14.jpg\" class=\"attachment-landscape_952 size-landscape_952\" alt=\"\" srcset=\"https:\/\/medicina.udd.cl\/odontologia-santiago\/files\/2016\/08\/Cl\u00ednica-UDD-2-14.jpg 900w, https:\/\/medicina.udd.cl\/odontologia-santiago\/files\/2016\/08\/Cl\u00ednica-UDD-2-14-300x200.jpg 300w, https:\/\/medicina.udd.cl\/odontologia-santiago\/files\/2016\/08\/Cl\u00ednica-UDD-2-14-768x512.jpg 768w\" sizes=\"auto, (max-width: 801px) 100vw, 801px\" \/><\/figure><figure class=\"carousel-item\"><img loading=\"lazy\" decoding=\"async\" width=\"801\" height=\"534\" src=\"https:\/\/medicina.udd.cl\/odontologia-santiago\/files\/2016\/08\/Cl\u00ednica-UDD-2-15.jpg\" class=\"attachment-landscape_952 size-landscape_952\" alt=\"\" srcset=\"https:\/\/medicina.udd.cl\/odontologia-santiago\/files\/2016\/08\/Cl\u00ednica-UDD-2-15.jpg 900w, https:\/\/medicina.udd.cl\/odontologia-santiago\/files\/2016\/08\/Cl\u00ednica-UDD-2-15-300x200.jpg 300w, https:\/\/medicina.udd.cl\/odontologia-santiago\/files\/2016\/08\/Cl\u00ednica-UDD-2-15-768x512.jpg 768w\" sizes=\"auto, (max-width: 801px) 100vw, 801px\" \/><\/figure><figure class=\"carousel-item\"><img loading=\"lazy\" decoding=\"async\" width=\"801\" height=\"534\" src=\"https:\/\/medicina.udd.cl\/odontologia-santiago\/files\/2016\/08\/Cl\u00ednica-UDD-2-16.jpg\" class=\"attachment-landscape_952 size-landscape_952\" alt=\"\" srcset=\"https:\/\/medicina.udd.cl\/odontologia-santiago\/files\/2016\/08\/Cl\u00ednica-UDD-2-16.jpg 900w, https:\/\/medicina.udd.cl\/odontologia-santiago\/files\/2016\/08\/Cl\u00ednica-UDD-2-16-300x200.jpg 300w, https:\/\/medicina.udd.cl\/odontologia-santiago\/files\/2016\/08\/Cl\u00ednica-UDD-2-16-768x512.jpg 768w\" sizes=\"auto, (max-width: 801px) 100vw, 801px\" \/><\/figure><figure class=\"carousel-item\"><img loading=\"lazy\" decoding=\"async\" width=\"801\" height=\"534\" src=\"https:\/\/medicina.udd.cl\/odontologia-santiago\/files\/2016\/08\/Cl\u00ednica-UDD-2-17.jpg\" class=\"attachment-landscape_952 size-landscape_952\" alt=\"\" srcset=\"https:\/\/medicina.udd.cl\/odontologia-santiago\/files\/2016\/08\/Cl\u00ednica-UDD-2-17.jpg 900w, https:\/\/medicina.udd.cl\/odontologia-santiago\/files\/2016\/08\/Cl\u00ednica-UDD-2-17-300x200.jpg 300w, https:\/\/medicina.udd.cl\/odontologia-santiago\/files\/2016\/08\/Cl\u00ednica-UDD-2-17-768x512.jpg 768w\" sizes=\"auto, (max-width: 801px) 100vw, 801px\" \/><\/figure><figure class=\"carousel-item\"><img loading=\"lazy\" decoding=\"async\" width=\"801\" height=\"534\" src=\"https:\/\/medicina.udd.cl\/odontologia-santiago\/files\/2016\/08\/Cl\u00ednica-UDD-2-18.jpg\" class=\"attachment-landscape_952 size-landscape_952\" alt=\"\" srcset=\"https:\/\/medicina.udd.cl\/odontologia-santiago\/files\/2016\/08\/Cl\u00ednica-UDD-2-18.jpg 900w, https:\/\/medicina.udd.cl\/odontologia-santiago\/files\/2016\/08\/Cl\u00ednica-UDD-2-18-300x200.jpg 300w, https:\/\/medicina.udd.cl\/odontologia-santiago\/files\/2016\/08\/Cl\u00ednica-UDD-2-18-768x512.jpg 768w\" sizes=\"auto, (max-width: 801px) 100vw, 801px\" \/><\/figure><figure class=\"carousel-item\"><img loading=\"lazy\" decoding=\"async\" width=\"801\" height=\"534\" src=\"https:\/\/medicina.udd.cl\/odontologia-santiago\/files\/2016\/08\/Cl\u00ednica-UDD-2-19.jpg\" class=\"attachment-landscape_952 size-landscape_952\" alt=\"\" srcset=\"https:\/\/medicina.udd.cl\/odontologia-santiago\/files\/2016\/08\/Cl\u00ednica-UDD-2-19.jpg 900w, https:\/\/medicina.udd.cl\/odontologia-santiago\/files\/2016\/08\/Cl\u00ednica-UDD-2-19-300x200.jpg 300w, https:\/\/medicina.udd.cl\/odontologia-santiago\/files\/2016\/08\/Cl\u00ednica-UDD-2-19-768x512.jpg 768w\" sizes=\"auto, (max-width: 801px) 100vw, 801px\" \/><\/figure><figure class=\"carousel-item\"><img loading=\"lazy\" decoding=\"async\" width=\"801\" height=\"534\" src=\"https:\/\/medicina.udd.cl\/odontologia-santiago\/files\/2016\/08\/Cl\u00ednica-UDD-2-20.jpg\" class=\"attachment-landscape_952 size-landscape_952\" alt=\"\" srcset=\"https:\/\/medicina.udd.cl\/odontologia-santiago\/files\/2016\/08\/Cl\u00ednica-UDD-2-20.jpg 900w, https:\/\/medicina.udd.cl\/odontologia-santiago\/files\/2016\/08\/Cl\u00ednica-UDD-2-20-300x200.jpg 300w, https:\/\/medicina.udd.cl\/odontologia-santiago\/files\/2016\/08\/Cl\u00ednica-UDD-2-20-768x512.jpg 768w\" sizes=\"auto, (max-width: 801px) 100vw, 801px\" \/><\/figure><figure class=\"carousel-item\"><img loading=\"lazy\" decoding=\"async\" width=\"801\" height=\"534\" src=\"https:\/\/medicina.udd.cl\/odontologia-santiago\/files\/2016\/08\/Cl\u00ednica-UDD-2-21.jpg\" class=\"attachment-landscape_952 size-landscape_952\" alt=\"\" srcset=\"https:\/\/medicina.udd.cl\/odontologia-santiago\/files\/2016\/08\/Cl\u00ednica-UDD-2-21.jpg 900w, https:\/\/medicina.udd.cl\/odontologia-santiago\/files\/2016\/08\/Cl\u00ednica-UDD-2-21-300x200.jpg 300w, https:\/\/medicina.udd.cl\/odontologia-santiago\/files\/2016\/08\/Cl\u00ednica-UDD-2-21-768x512.jpg 768w\" sizes=\"auto, (max-width: 801px) 100vw, 801px\" \/><\/figure><figure class=\"carousel-item\"><img loading=\"lazy\" decoding=\"async\" width=\"801\" height=\"534\" src=\"https:\/\/medicina.udd.cl\/odontologia-santiago\/files\/2016\/08\/Cl\u00ednica-UDD-2-22.jpg\" class=\"attachment-landscape_952 size-landscape_952\" alt=\"\" srcset=\"https:\/\/medicina.udd.cl\/odontologia-santiago\/files\/2016\/08\/Cl\u00ednica-UDD-2-22.jpg 900w, https:\/\/medicina.udd.cl\/odontologia-santiago\/files\/2016\/08\/Cl\u00ednica-UDD-2-22-300x200.jpg 300w, https:\/\/medicina.udd.cl\/odontologia-santiago\/files\/2016\/08\/Cl\u00ednica-UDD-2-22-768x512.jpg 768w\" sizes=\"auto, (max-width: 801px) 100vw, 801px\" \/><\/figure><figure class=\"carousel-item\"><img loading=\"lazy\" decoding=\"async\" width=\"801\" height=\"534\" src=\"https:\/\/medicina.udd.cl\/odontologia-santiago\/files\/2016\/08\/Cl\u00ednica-UDD-2-23.jpg\" class=\"attachment-landscape_952 size-landscape_952\" alt=\"\" srcset=\"https:\/\/medicina.udd.cl\/odontologia-santiago\/files\/2016\/08\/Cl\u00ednica-UDD-2-23.jpg 900w, https:\/\/medicina.udd.cl\/odontologia-santiago\/files\/2016\/08\/Cl\u00ednica-UDD-2-23-300x200.jpg 300w, https:\/\/medicina.udd.cl\/odontologia-santiago\/files\/2016\/08\/Cl\u00ednica-UDD-2-23-768x512.jpg 768w\" sizes=\"auto, (max-width: 801px) 100vw, 801px\" \/><\/figure><figure class=\"carousel-item\"><img loading=\"lazy\" decoding=\"async\" width=\"801\" height=\"534\" src=\"https:\/\/medicina.udd.cl\/odontologia-santiago\/files\/2016\/08\/Cl\u00ednica-UDD-2-24.jpg\" class=\"attachment-landscape_952 size-landscape_952\" alt=\"\" srcset=\"https:\/\/medicina.udd.cl\/odontologia-santiago\/files\/2016\/08\/Cl\u00ednica-UDD-2-24.jpg 900w, https:\/\/medicina.udd.cl\/odontologia-santiago\/files\/2016\/08\/Cl\u00ednica-UDD-2-24-300x200.jpg 300w, https:\/\/medicina.udd.cl\/odontologia-santiago\/files\/2016\/08\/Cl\u00ednica-UDD-2-24-768x512.jpg 768w\" sizes=\"auto, (max-width: 801px) 100vw, 801px\" \/><\/figure><figure class=\"carousel-item\"><img loading=\"lazy\" decoding=\"async\" width=\"801\" height=\"534\" src=\"https:\/\/medicina.udd.cl\/odontologia-santiago\/files\/2016\/08\/Cl\u00ednica-UDD-2-25.jpg\" class=\"attachment-landscape_952 size-landscape_952\" alt=\"\" srcset=\"https:\/\/medicina.udd.cl\/odontologia-santiago\/files\/2016\/08\/Cl\u00ednica-UDD-2-25.jpg 900w, https:\/\/medicina.udd.cl\/odontologia-santiago\/files\/2016\/08\/Cl\u00ednica-UDD-2-25-300x200.jpg 300w, https:\/\/medicina.udd.cl\/odontologia-santiago\/files\/2016\/08\/Cl\u00ednica-UDD-2-25-768x512.jpg 768w\" sizes=\"auto, (max-width: 801px) 100vw, 801px\" \/><\/figure><figure class=\"carousel-item\"><img loading=\"lazy\" decoding=\"async\" width=\"801\" height=\"534\" src=\"https:\/\/medicina.udd.cl\/odontologia-santiago\/files\/2016\/08\/Cl\u00ednica-UDD-2-26.jpg\" class=\"attachment-landscape_952 size-landscape_952\" alt=\"\" srcset=\"https:\/\/medicina.udd.cl\/odontologia-santiago\/files\/2016\/08\/Cl\u00ednica-UDD-2-26.jpg 900w, https:\/\/medicina.udd.cl\/odontologia-santiago\/files\/2016\/08\/Cl\u00ednica-UDD-2-26-300x200.jpg 300w, https:\/\/medicina.udd.cl\/odontologia-santiago\/files\/2016\/08\/Cl\u00ednica-UDD-2-26-768x512.jpg 768w\" sizes=\"auto, (max-width: 801px) 100vw, 801px\" \/><\/figure><figure class=\"carousel-item\"><img loading=\"lazy\" decoding=\"async\" width=\"801\" height=\"534\" src=\"https:\/\/medicina.udd.cl\/odontologia-santiago\/files\/2016\/08\/Cl\u00ednica-UDD-2-27.jpg\" class=\"attachment-landscape_952 size-landscape_952\" alt=\"\" srcset=\"https:\/\/medicina.udd.cl\/odontologia-santiago\/files\/2016\/08\/Cl\u00ednica-UDD-2-27.jpg 900w, https:\/\/medicina.udd.cl\/odontologia-santiago\/files\/2016\/08\/Cl\u00ednica-UDD-2-27-300x200.jpg 300w, https:\/\/medicina.udd.cl\/odontologia-santiago\/files\/2016\/08\/Cl\u00ednica-UDD-2-27-768x512.jpg 768w\" sizes=\"auto, (max-width: 801px) 100vw, 801px\" \/><\/figure><figure class=\"carousel-item\"><img loading=\"lazy\" decoding=\"async\" width=\"801\" height=\"534\" src=\"https:\/\/medicina.udd.cl\/odontologia-santiago\/files\/2016\/08\/Cl\u00ednica-UDD-2-28.jpg\" class=\"attachment-landscape_952 size-landscape_952\" alt=\"\" srcset=\"https:\/\/medicina.udd.cl\/odontologia-santiago\/files\/2016\/08\/Cl\u00ednica-UDD-2-28.jpg 900w, https:\/\/medicina.udd.cl\/odontologia-santiago\/files\/2016\/08\/Cl\u00ednica-UDD-2-28-300x200.jpg 300w, https:\/\/medicina.udd.cl\/odontologia-santiago\/files\/2016\/08\/Cl\u00ednica-UDD-2-28-768x512.jpg 768w\" sizes=\"auto, (max-width: 801px) 100vw, 801px\" \/><\/figure><figure class=\"carousel-item\"><img loading=\"lazy\" decoding=\"async\" width=\"801\" height=\"534\" src=\"https:\/\/medicina.udd.cl\/odontologia-santiago\/files\/2016\/08\/Cl\u00ednica-UDD-2-29.jpg\" class=\"attachment-landscape_952 size-landscape_952\" alt=\"\" srcset=\"https:\/\/medicina.udd.cl\/odontologia-santiago\/files\/2016\/08\/Cl\u00ednica-UDD-2-29.jpg 900w, https:\/\/medicina.udd.cl\/odontologia-santiago\/files\/2016\/08\/Cl\u00ednica-UDD-2-29-300x200.jpg 300w, https:\/\/medicina.udd.cl\/odontologia-santiago\/files\/2016\/08\/Cl\u00ednica-UDD-2-29-768x512.jpg 768w\" sizes=\"auto, (max-width: 801px) 100vw, 801px\" \/><\/figure><figure class=\"carousel-item\"><img loading=\"lazy\" decoding=\"async\" width=\"801\" height=\"534\" src=\"https:\/\/medicina.udd.cl\/odontologia-santiago\/files\/2016\/08\/Cl\u00ednica-UDD-2-30.jpg\" class=\"attachment-landscape_952 size-landscape_952\" alt=\"\" srcset=\"https:\/\/medicina.udd.cl\/odontologia-santiago\/files\/2016\/08\/Cl\u00ednica-UDD-2-30.jpg 900w, https:\/\/medicina.udd.cl\/odontologia-santiago\/files\/2016\/08\/Cl\u00ednica-UDD-2-30-300x200.jpg 300w, https:\/\/medicina.udd.cl\/odontologia-santiago\/files\/2016\/08\/Cl\u00ednica-UDD-2-30-768x512.jpg 768w\" sizes=\"auto, (max-width: 801px) 100vw, 801px\" \/><\/figure><figure class=\"carousel-item\"><img loading=\"lazy\" decoding=\"async\" width=\"801\" height=\"534\" src=\"https:\/\/medicina.udd.cl\/odontologia-santiago\/files\/2016\/08\/Cl\u00ednica-UDD-2-31.jpg\" class=\"attachment-landscape_952 size-landscape_952\" alt=\"\" srcset=\"https:\/\/medicina.udd.cl\/odontologia-santiago\/files\/2016\/08\/Cl\u00ednica-UDD-2-31.jpg 900w, https:\/\/medicina.udd.cl\/odontologia-santiago\/files\/2016\/08\/Cl\u00ednica-UDD-2-31-300x200.jpg 300w, https:\/\/medicina.udd.cl\/odontologia-santiago\/files\/2016\/08\/Cl\u00ednica-UDD-2-31-768x512.jpg 768w\" sizes=\"auto, (max-width: 801px) 100vw, 801px\" \/><\/figure><figure class=\"carousel-item\"><img loading=\"lazy\" decoding=\"async\" width=\"801\" height=\"534\" src=\"https:\/\/medicina.udd.cl\/odontologia-santiago\/files\/2016\/08\/Cl\u00ednica-UDD-2-32.jpg\" class=\"attachment-landscape_952 size-landscape_952\" alt=\"\" srcset=\"https:\/\/medicina.udd.cl\/odontologia-santiago\/files\/2016\/08\/Cl\u00ednica-UDD-2-32.jpg 900w, https:\/\/medicina.udd.cl\/odontologia-santiago\/files\/2016\/08\/Cl\u00ednica-UDD-2-32-300x200.jpg 300w, https:\/\/medicina.udd.cl\/odontologia-santiago\/files\/2016\/08\/Cl\u00ednica-UDD-2-32-768x512.jpg 768w\" sizes=\"auto, (max-width: 801px) 100vw, 801px\" \/><\/figure><figure class=\"carousel-item\"><img loading=\"lazy\" decoding=\"async\" width=\"801\" height=\"534\" src=\"https:\/\/medicina.udd.cl\/odontologia-santiago\/files\/2016\/08\/Cl\u00ednica-UDD-2-33.jpg\" class=\"attachment-landscape_952 size-landscape_952\" alt=\"\" srcset=\"https:\/\/medicina.udd.cl\/odontologia-santiago\/files\/2016\/08\/Cl\u00ednica-UDD-2-33.jpg 900w, https:\/\/medicina.udd.cl\/odontologia-santiago\/files\/2016\/08\/Cl\u00ednica-UDD-2-33-300x200.jpg 300w, https:\/\/medicina.udd.cl\/odontologia-santiago\/files\/2016\/08\/Cl\u00ednica-UDD-2-33-768x512.jpg 768w\" sizes=\"auto, (max-width: 801px) 100vw, 801px\" \/><\/figure><figure class=\"carousel-item\"><img loading=\"lazy\" decoding=\"async\" width=\"801\" height=\"534\" src=\"https:\/\/medicina.udd.cl\/odontologia-santiago\/files\/2016\/08\/Cl\u00ednica-UDD-2-1.jpg\" class=\"attachment-landscape_952 size-landscape_952\" alt=\"\" srcset=\"https:\/\/medicina.udd.cl\/odontologia-santiago\/files\/2016\/08\/Cl\u00ednica-UDD-2-1.jpg 900w, https:\/\/medicina.udd.cl\/odontologia-santiago\/files\/2016\/08\/Cl\u00ednica-UDD-2-1-300x200.jpg 300w, https:\/\/medicina.udd.cl\/odontologia-santiago\/files\/2016\/08\/Cl\u00ednica-UDD-2-1-768x512.jpg 768w\" sizes=\"auto, (max-width: 801px) 100vw, 801px\" \/><\/figure><\/div><footer class=\"carousel-footer\"><div class=\"carousel-counter\"><span class=\"carousel-counter-current\"><\/span> \/ <span class=\"carousel-counter-total\"><\/span><\/div><a class=\"carousel-control-prev\" href=\"#gallery-1\" role=\"button\" data-slide=\"prev\"><svg aria-hidden=\"true\" class=\"svg-chevron-left-dims\"><use xlink:href='https:\/\/medicina.udd.cl\/odontologia-santiago\/wp-content\/themes\/facultades-2018\/assets\/img\/svg\/dist\/main.svg?version=1695853099#chevron-left'><\/use><\/svg><span class=\"sr-only\">Anterior<\/span><\/a><a class=\"carousel-control-next\" href=\"#gallery-1\" role=\"button\" data-slide=\"next\"><svg aria-hidden=\"true\" class=\"svg-chevron-right-dims\"><use xlink:href='https:\/\/medicina.udd.cl\/odontologia-santiago\/wp-content\/themes\/facultades-2018\/assets\/img\/svg\/dist\/main.svg?version=1695853099#chevron-right'><\/use><\/svg><span class=\"sr-only\">Siguiente<\/span><\/a><\/footer><\/div>\n<p style=\"text-align: justify\">El s\u00e1bado 06 de agosto, desde\u00a0las 10:30 horas, se realiz\u00f3 la segunda versi\u00f3n de \u201cCl\u00ednica UDD: Examina tu vocaci\u00f3n\u201d, actividad organizada por la Direcci\u00f3n de Admisi\u00f3n de la Universidad del Desarrollo, que cont\u00f3 con la presencia de 675 alumnos de III y IV medio de diferentes establecimientos educacionales del pa\u00eds.<\/p>\n<p style=\"text-align: justify\">El encuentro\u00a0comenz\u00f3 con las palabras de bienvenida del rector Federico Vald\u00e9s, quien dedic\u00f3 sentidas palabras a los estudiantes que asistieron al campo cl\u00ednico para resolver sus dudas y participar,\u00a0de acuerdo a sus intereses acad\u00e9micos, en los talleres pr\u00e1cticos de las siete carreras de la Salud.<\/p>\n<p style=\"text-align: justify\"><strong>Enfermer\u00eda<\/strong> estableci\u00f3 una estaci\u00f3n de punci\u00f3n venosa y curaci\u00f3n; <strong>Fonoaudiolog\u00eda<\/strong> realiz\u00f3 un taller de reconocimiento de las t\u00e9cnicas utilizadas para respirar adecuadamente y ejercicios de vocalizaci\u00f3n; <strong>Kinesiolog\u00eda <\/strong>ejecut\u00f3 cuatro actividades pr\u00e1cticas, destacando un taller sobre Neurorehabilitaci\u00f3n; y\u00a0<strong>Nutrici\u00f3n y Diet\u00e9tica<\/strong> cont\u00f3 con la participaci\u00f3n de egresados de la carrera que contaron c\u00f3mo ha sido su experiencia laboral.<\/p>\n<p style=\"text-align: justify\">Paralelamente,\u00a0<strong>Odontolog\u00eda<\/strong> llev\u00f3 a cabo una actividad pr\u00e1ctica de enfilado dentario en el laboratorio precl\u00ednico; <strong>Tecnolog\u00eda M\u00e9dica<\/strong> desarroll\u00f3 cuatro actividades vinculadas a las especialidades de la carrera, destacando el taller de agudeza visual; mientras que <strong>Medicina<\/strong> hizo un taller para que los estudiantes resolvieran sus preguntas sobre materias como Anatom\u00eda, Matem\u00e1tica y Qu\u00edmica, por mencionar algunas.<\/p>\n<p style=\"text-align: justify\">Finalmente, la Universidad seguir\u00e1 realizando actividades pr\u00e1cticas como el encuentro vocacional en Cl\u00ednica Alemana &#8211; que se realizar\u00e1 en\u00a0septiembre &#8211; y Explora UDD, agendada para\u00a0octubre, con el objetivo de ser un aporte para la orientaci\u00f3n y educaci\u00f3n de los futuros universitarios.<\/p>\n","protected":false},"excerpt":{"rendered":"<p>Con \u00e9xito se desarroll\u00f3 la jornada vocacional, que busca orientar a los alumnos de Ense\u00f1anza Media sobre el quehacer acad\u00e9mico y profesional de las carreras de la Salud impartidas por la UDD.<\/p>\n","protected":false},"author":9192192,"featured_media":3902,"comment_status":"open","ping_status":"open","sticky":false,"template":"","format":"standard","meta":{"footnotes":""},"categories":[4],"tags":[],"class_list":["post-3881","post","type-post","status-publish","format-standard","has-post-thumbnail","hentry","category-noticias"],"yoast_head":"<!-- This site is optimized with the Yoast SEO plugin v26.9 - https:\/\/yoast.com\/product\/yoast-seo-wordpress\/ -->\n<title>675 estudiantes asistieron a la segunda versi\u00f3n de Cl\u00ednica UDD - Odontolog\u00eda<\/title>\n<meta name=\"robots\" content=\"index, follow, max-snippet:-1, max-image-preview:large, max-video-preview:-1\" \/>\n<link rel=\"canonical\" href=\"https:\/\/medicina.udd.cl\/odontologia-santiago\/noticias\/2016\/08\/08\/675-estudiantes-asistieron-a-la-segunda-version-de-clinica-udd\/\" \/>\n<meta property=\"og:locale\" content=\"es_ES\" \/>\n<meta property=\"og:type\" content=\"article\" \/>\n<meta property=\"og:title\" content=\"675 estudiantes asistieron a la segunda versi\u00f3n de Cl\u00ednica UDD - Odontolog\u00eda\" \/>\n<meta property=\"og:description\" content=\"Con \u00e9xito se desarroll\u00f3 la jornada vocacional, que busca orientar a los alumnos de Ense\u00f1anza Media sobre el quehacer acad\u00e9mico y profesional de las carreras de la Salud impartidas por la UDD.\" \/>\n<meta property=\"og:url\" content=\"https:\/\/medicina.udd.cl\/odontologia-santiago\/noticias\/2016\/08\/08\/675-estudiantes-asistieron-a-la-segunda-version-de-clinica-udd\/\" \/>\n<meta property=\"og:site_name\" content=\"Odontolog\u00eda\" \/>\n<meta property=\"article:published_time\" content=\"2016-08-08T17:32:02+00:00\" \/>\n<meta property=\"article:modified_time\" content=\"2016-08-08T17:37:26+00:00\" \/>\n<meta property=\"og:image\" content=\"https:\/\/medicina.udd.cl\/odontologia-santiago\/files\/2016\/08\/Cl\u00ednica-UDD-2-21.jpg\" \/>\n\t<meta property=\"og:image:width\" content=\"900\" \/>\n\t<meta property=\"og:image:height\" content=\"600\" \/>\n\t<meta property=\"og:image:type\" content=\"image\/jpeg\" \/>\n<meta name=\"author\" content=\"paulinamunoz\" \/>\n<meta name=\"twitter:label1\" content=\"Escrito por\" \/>\n\t<meta name=\"twitter:data1\" content=\"paulinamunoz\" \/>\n\t<meta name=\"twitter:label2\" content=\"Tiempo de lectura\" \/>\n\t<meta name=\"twitter:data2\" content=\"1 minuto\" \/>\n<script type=\"application\/ld+json\" class=\"yoast-schema-graph\">{\"@context\":\"https:\/\/schema.org\",\"@graph\":[{\"@type\":\"Article\",\"@id\":\"https:\/\/medicina.udd.cl\/odontologia-santiago\/noticias\/2016\/08\/08\/675-estudiantes-asistieron-a-la-segunda-version-de-clinica-udd\/#article\",\"isPartOf\":{\"@id\":\"https:\/\/medicina.udd.cl\/odontologia-santiago\/noticias\/2016\/08\/08\/675-estudiantes-asistieron-a-la-segunda-version-de-clinica-udd\/\"},\"author\":{\"name\":\"paulinamunoz\",\"@id\":\"https:\/\/medicina.udd.cl\/odontologia-santiago\/#\/schema\/person\/8bbd66125b574a40ec467c180c11f2e3\"},\"headline\":\"675 estudiantes asistieron a la segunda versi\u00f3n de Cl\u00ednica UDD\",\"datePublished\":\"2016-08-08T17:32:02+00:00\",\"dateModified\":\"2016-08-08T17:37:26+00:00\",\"mainEntityOfPage\":{\"@id\":\"https:\/\/medicina.udd.cl\/odontologia-santiago\/noticias\/2016\/08\/08\/675-estudiantes-asistieron-a-la-segunda-version-de-clinica-udd\/\"},\"wordCount\":301,\"commentCount\":0,\"image\":{\"@id\":\"https:\/\/medicina.udd.cl\/odontologia-santiago\/noticias\/2016\/08\/08\/675-estudiantes-asistieron-a-la-segunda-version-de-clinica-udd\/#primaryimage\"},\"thumbnailUrl\":\"https:\/\/medicina.udd.cl\/odontologia-santiago\/files\/2016\/08\/Cl\u00ednica-UDD-2-21.jpg\",\"articleSection\":[\"Noticias\"],\"inLanguage\":\"es\",\"potentialAction\":[{\"@type\":\"CommentAction\",\"name\":\"Comment\",\"target\":[\"https:\/\/medicina.udd.cl\/odontologia-santiago\/noticias\/2016\/08\/08\/675-estudiantes-asistieron-a-la-segunda-version-de-clinica-udd\/#respond\"]}]},{\"@type\":\"WebPage\",\"@id\":\"https:\/\/medicina.udd.cl\/odontologia-santiago\/noticias\/2016\/08\/08\/675-estudiantes-asistieron-a-la-segunda-version-de-clinica-udd\/\",\"url\":\"https:\/\/medicina.udd.cl\/odontologia-santiago\/noticias\/2016\/08\/08\/675-estudiantes-asistieron-a-la-segunda-version-de-clinica-udd\/\",\"name\":\"675 estudiantes asistieron a la segunda versi\u00f3n de Cl\u00ednica UDD - Odontolog\u00eda\",\"isPartOf\":{\"@id\":\"https:\/\/medicina.udd.cl\/odontologia-santiago\/#website\"},\"primaryImageOfPage\":{\"@id\":\"https:\/\/medicina.udd.cl\/odontologia-santiago\/noticias\/2016\/08\/08\/675-estudiantes-asistieron-a-la-segunda-version-de-clinica-udd\/#primaryimage\"},\"image\":{\"@id\":\"https:\/\/medicina.udd.cl\/odontologia-santiago\/noticias\/2016\/08\/08\/675-estudiantes-asistieron-a-la-segunda-version-de-clinica-udd\/#primaryimage\"},\"thumbnailUrl\":\"https:\/\/medicina.udd.cl\/odontologia-santiago\/files\/2016\/08\/Cl\u00ednica-UDD-2-21.jpg\",\"datePublished\":\"2016-08-08T17:32:02+00:00\",\"dateModified\":\"2016-08-08T17:37:26+00:00\",\"author\":{\"@id\":\"https:\/\/medicina.udd.cl\/odontologia-santiago\/#\/schema\/person\/8bbd66125b574a40ec467c180c11f2e3\"},\"breadcrumb\":{\"@id\":\"https:\/\/medicina.udd.cl\/odontologia-santiago\/noticias\/2016\/08\/08\/675-estudiantes-asistieron-a-la-segunda-version-de-clinica-udd\/#breadcrumb\"},\"inLanguage\":\"es\",\"potentialAction\":[{\"@type\":\"ReadAction\",\"target\":[\"https:\/\/medicina.udd.cl\/odontologia-santiago\/noticias\/2016\/08\/08\/675-estudiantes-asistieron-a-la-segunda-version-de-clinica-udd\/\"]}]},{\"@type\":\"ImageObject\",\"inLanguage\":\"es\",\"@id\":\"https:\/\/medicina.udd.cl\/odontologia-santiago\/noticias\/2016\/08\/08\/675-estudiantes-asistieron-a-la-segunda-version-de-clinica-udd\/#primaryimage\",\"url\":\"https:\/\/medicina.udd.cl\/odontologia-santiago\/files\/2016\/08\/Cl\u00ednica-UDD-2-21.jpg\",\"contentUrl\":\"https:\/\/medicina.udd.cl\/odontologia-santiago\/files\/2016\/08\/Cl\u00ednica-UDD-2-21.jpg\",\"width\":900,\"height\":600},{\"@type\":\"BreadcrumbList\",\"@id\":\"https:\/\/medicina.udd.cl\/odontologia-santiago\/noticias\/2016\/08\/08\/675-estudiantes-asistieron-a-la-segunda-version-de-clinica-udd\/#breadcrumb\",\"itemListElement\":[{\"@type\":\"ListItem\",\"position\":1,\"name\":\"Home\",\"item\":\"https:\/\/medicina.udd.cl\/odontologia-santiago\/\"},{\"@type\":\"ListItem\",\"position\":2,\"name\":\"675 estudiantes asistieron a la segunda versi\u00f3n de Cl\u00ednica UDD\"}]},{\"@type\":\"WebSite\",\"@id\":\"https:\/\/medicina.udd.cl\/odontologia-santiago\/#website\",\"url\":\"https:\/\/medicina.udd.cl\/odontologia-santiago\/\",\"name\":\"Odontolog\u00eda\",\"description\":\"Facultad de Medicina Cl\u00ednica Alemana Universidad del Desarrollo\",\"inLanguage\":\"es\"},{\"@type\":\"Person\",\"@id\":\"https:\/\/medicina.udd.cl\/odontologia-santiago\/#\/schema\/person\/8bbd66125b574a40ec467c180c11f2e3\",\"name\":\"paulinamunoz\",\"image\":{\"@type\":\"ImageObject\",\"inLanguage\":\"es\",\"@id\":\"https:\/\/medicina.udd.cl\/odontologia-santiago\/#\/schema\/person\/image\/\",\"url\":\"https:\/\/secure.gravatar.com\/avatar\/748ce8fb74e8f8077c4966697a3b3710ca0019e71a62146890c0dcdc705e7f3d?s=96&d=mm&r=g\",\"contentUrl\":\"https:\/\/secure.gravatar.com\/avatar\/748ce8fb74e8f8077c4966697a3b3710ca0019e71a62146890c0dcdc705e7f3d?s=96&d=mm&r=g\",\"caption\":\"paulinamunoz\"},\"url\":\"https:\/\/medicina.udd.cl\/odontologia-santiago\/noticias\/author\/paulinamunoz\/\"}]}<\/script>\n<!-- \/ Yoast SEO plugin. -->","yoast_head_json":{"title":"675 estudiantes asistieron a la segunda versi\u00f3n de Cl\u00ednica UDD - Odontolog\u00eda","robots":{"index":"index","follow":"follow","max-snippet":"max-snippet:-1","max-image-preview":"max-image-preview:large","max-video-preview":"max-video-preview:-1"},"canonical":"https:\/\/medicina.udd.cl\/odontologia-santiago\/noticias\/2016\/08\/08\/675-estudiantes-asistieron-a-la-segunda-version-de-clinica-udd\/","og_locale":"es_ES","og_type":"article","og_title":"675 estudiantes asistieron a la segunda versi\u00f3n de Cl\u00ednica UDD - Odontolog\u00eda","og_description":"Con \u00e9xito se desarroll\u00f3 la jornada vocacional, que busca orientar a los alumnos de Ense\u00f1anza Media sobre el quehacer acad\u00e9mico y profesional de las carreras de la Salud impartidas por la UDD.","og_url":"https:\/\/medicina.udd.cl\/odontologia-santiago\/noticias\/2016\/08\/08\/675-estudiantes-asistieron-a-la-segunda-version-de-clinica-udd\/","og_site_name":"Odontolog\u00eda","article_published_time":"2016-08-08T17:32:02+00:00","article_modified_time":"2016-08-08T17:37:26+00:00","og_image":[{"width":900,"height":600,"url":"https:\/\/medicina.udd.cl\/odontologia-santiago\/files\/2016\/08\/Cl\u00ednica-UDD-2-21.jpg","type":"image\/jpeg"}],"author":"paulinamunoz","twitter_misc":{"Escrito por":"paulinamunoz","Tiempo de lectura":"1 minuto"},"schema":{"@context":"https:\/\/schema.org","@graph":[{"@type":"Article","@id":"https:\/\/medicina.udd.cl\/odontologia-santiago\/noticias\/2016\/08\/08\/675-estudiantes-asistieron-a-la-segunda-version-de-clinica-udd\/#article","isPartOf":{"@id":"https:\/\/medicina.udd.cl\/odontologia-santiago\/noticias\/2016\/08\/08\/675-estudiantes-asistieron-a-la-segunda-version-de-clinica-udd\/"},"author":{"name":"paulinamunoz","@id":"https:\/\/medicina.udd.cl\/odontologia-santiago\/#\/schema\/person\/8bbd66125b574a40ec467c180c11f2e3"},"headline":"675 estudiantes asistieron a la segunda versi\u00f3n de Cl\u00ednica UDD","datePublished":"2016-08-08T17:32:02+00:00","dateModified":"2016-08-08T17:37:26+00:00","mainEntityOfPage":{"@id":"https:\/\/medicina.udd.cl\/odontologia-santiago\/noticias\/2016\/08\/08\/675-estudiantes-asistieron-a-la-segunda-version-de-clinica-udd\/"},"wordCount":301,"commentCount":0,"image":{"@id":"https:\/\/medicina.udd.cl\/odontologia-santiago\/noticias\/2016\/08\/08\/675-estudiantes-asistieron-a-la-segunda-version-de-clinica-udd\/#primaryimage"},"thumbnailUrl":"https:\/\/medicina.udd.cl\/odontologia-santiago\/files\/2016\/08\/Cl\u00ednica-UDD-2-21.jpg","articleSection":["Noticias"],"inLanguage":"es","potentialAction":[{"@type":"CommentAction","name":"Comment","target":["https:\/\/medicina.udd.cl\/odontologia-santiago\/noticias\/2016\/08\/08\/675-estudiantes-asistieron-a-la-segunda-version-de-clinica-udd\/#respond"]}]},{"@type":"WebPage","@id":"https:\/\/medicina.udd.cl\/odontologia-santiago\/noticias\/2016\/08\/08\/675-estudiantes-asistieron-a-la-segunda-version-de-clinica-udd\/","url":"https:\/\/medicina.udd.cl\/odontologia-santiago\/noticias\/2016\/08\/08\/675-estudiantes-asistieron-a-la-segunda-version-de-clinica-udd\/","name":"675 estudiantes asistieron a la segunda versi\u00f3n de Cl\u00ednica UDD - Odontolog\u00eda","isPartOf":{"@id":"https:\/\/medicina.udd.cl\/odontologia-santiago\/#website"},"primaryImageOfPage":{"@id":"https:\/\/medicina.udd.cl\/odontologia-santiago\/noticias\/2016\/08\/08\/675-estudiantes-asistieron-a-la-segunda-version-de-clinica-udd\/#primaryimage"},"image":{"@id":"https:\/\/medicina.udd.cl\/odontologia-santiago\/noticias\/2016\/08\/08\/675-estudiantes-asistieron-a-la-segunda-version-de-clinica-udd\/#primaryimage"},"thumbnailUrl":"https:\/\/medicina.udd.cl\/odontologia-santiago\/files\/2016\/08\/Cl\u00ednica-UDD-2-21.jpg","datePublished":"2016-08-08T17:32:02+00:00","dateModified":"2016-08-08T17:37:26+00:00","author":{"@id":"https:\/\/medicina.udd.cl\/odontologia-santiago\/#\/schema\/person\/8bbd66125b574a40ec467c180c11f2e3"},"breadcrumb":{"@id":"https:\/\/medicina.udd.cl\/odontologia-santiago\/noticias\/2016\/08\/08\/675-estudiantes-asistieron-a-la-segunda-version-de-clinica-udd\/#breadcrumb"},"inLanguage":"es","potentialAction":[{"@type":"ReadAction","target":["https:\/\/medicina.udd.cl\/odontologia-santiago\/noticias\/2016\/08\/08\/675-estudiantes-asistieron-a-la-segunda-version-de-clinica-udd\/"]}]},{"@type":"ImageObject","inLanguage":"es","@id":"https:\/\/medicina.udd.cl\/odontologia-santiago\/noticias\/2016\/08\/08\/675-estudiantes-asistieron-a-la-segunda-version-de-clinica-udd\/#primaryimage","url":"https:\/\/medicina.udd.cl\/odontologia-santiago\/files\/2016\/08\/Cl\u00ednica-UDD-2-21.jpg","contentUrl":"https:\/\/medicina.udd.cl\/odontologia-santiago\/files\/2016\/08\/Cl\u00ednica-UDD-2-21.jpg","width":900,"height":600},{"@type":"BreadcrumbList","@id":"https:\/\/medicina.udd.cl\/odontologia-santiago\/noticias\/2016\/08\/08\/675-estudiantes-asistieron-a-la-segunda-version-de-clinica-udd\/#breadcrumb","itemListElement":[{"@type":"ListItem","position":1,"name":"Home","item":"https:\/\/medicina.udd.cl\/odontologia-santiago\/"},{"@type":"ListItem","position":2,"name":"675 estudiantes asistieron a la segunda versi\u00f3n de Cl\u00ednica UDD"}]},{"@type":"WebSite","@id":"https:\/\/medicina.udd.cl\/odontologia-santiago\/#website","url":"https:\/\/medicina.udd.cl\/odontologia-santiago\/","name":"Odontolog\u00eda","description":"Facultad de Medicina Cl\u00ednica Alemana Universidad del Desarrollo","inLanguage":"es"},{"@type":"Person","@id":"https:\/\/medicina.udd.cl\/odontologia-santiago\/#\/schema\/person\/8bbd66125b574a40ec467c180c11f2e3","name":"paulinamunoz","image":{"@type":"ImageObject","inLanguage":"es","@id":"https:\/\/medicina.udd.cl\/odontologia-santiago\/#\/schema\/person\/image\/","url":"https:\/\/secure.gravatar.com\/avatar\/748ce8fb74e8f8077c4966697a3b3710ca0019e71a62146890c0dcdc705e7f3d?s=96&d=mm&r=g","contentUrl":"https:\/\/secure.gravatar.com\/avatar\/748ce8fb74e8f8077c4966697a3b3710ca0019e71a62146890c0dcdc705e7f3d?s=96&d=mm&r=g","caption":"paulinamunoz"},"url":"https:\/\/medicina.udd.cl\/odontologia-santiago\/noticias\/author\/paulinamunoz\/"}]}},"featured_image_url":"https:\/\/medicina.udd.cl\/odontologia-santiago\/files\/2016\/08\/Cl\u00ednica-UDD-2-21.jpg","_links":{"self":[{"href":"https:\/\/medicina.udd.cl\/odontologia-santiago\/wp-json\/wp\/v2\/posts\/3881","targetHints":{"allow":["GET"]}}],"collection":[{"href":"https:\/\/medicina.udd.cl\/odontologia-santiago\/wp-json\/wp\/v2\/posts"}],"about":[{"href":"https:\/\/medicina.udd.cl\/odontologia-santiago\/wp-json\/wp\/v2\/types\/post"}],"author":[{"embeddable":true,"href":"https:\/\/medicina.udd.cl\/odontologia-santiago\/wp-json\/wp\/v2\/users\/9192192"}],"replies":[{"embeddable":true,"href":"https:\/\/medicina.udd.cl\/odontologia-santiago\/wp-json\/wp\/v2\/comments?post=3881"}],"version-history":[{"count":1,"href":"https:\/\/medicina.udd.cl\/odontologia-santiago\/wp-json\/wp\/v2\/posts\/3881\/revisions"}],"predecessor-version":[{"id":3915,"href":"https:\/\/medicina.udd.cl\/odontologia-santiago\/wp-json\/wp\/v2\/posts\/3881\/revisions\/3915"}],"wp:featuredmedia":[{"embeddable":true,"href":"https:\/\/medicina.udd.cl\/odontologia-santiago\/wp-json\/wp\/v2\/media\/3902"}],"wp:attachment":[{"href":"https:\/\/medicina.udd.cl\/odontologia-santiago\/wp-json\/wp\/v2\/media?parent=3881"}],"wp:term":[{"taxonomy":"category","embeddable":true,"href":"https:\/\/medicina.udd.cl\/odontologia-santiago\/wp-json\/wp\/v2\/categories?post=3881"},{"taxonomy":"post_tag","embeddable":true,"href":"https:\/\/medicina.udd.cl\/odontologia-santiago\/wp-json\/wp\/v2\/tags?post=3881"}],"curies":[{"name":"wp","href":"https:\/\/api.w.org\/{rel}","templated":true}]}}