{"id":5629,"date":"2019-11-11T11:29:48","date_gmt":"2019-11-11T14:29:48","guid":{"rendered":"http:\/\/medicina.udd.cl\/odontologia-santiago\/?p=5629"},"modified":"2019-12-22T22:34:27","modified_gmt":"2019-12-23T01:34:27","slug":"estudiantes-de-odontologia-realizan-actividad-en-centro-penitenciario-femenino-de-san-joaquin","status":"publish","type":"post","link":"https:\/\/medicina.udd.cl\/odontologia-santiago\/noticias\/2019\/11\/11\/estudiantes-de-odontologia-realizan-actividad-en-centro-penitenciario-femenino-de-san-joaquin\/","title":{"rendered":"Estudiantes de Odontolog\u00eda realizan actividad en Centro Penitenciario Femenino de San Joaqu\u00edn"},"content":{"rendered":"<div id=\"gallery-1\" class=\"carousel slide carousel-gallery\" data-ride=\"false\" data-interval=\"false\"><div class=\"carousel-inner\" role=\"listbox\"><figure class=\"carousel-item active\"><img loading=\"lazy\" decoding=\"async\" width=\"952\" height=\"534\" src=\"https:\/\/medicina.udd.cl\/odontologia-santiago\/files\/2019\/11\/bd709042-4fe5-4762-b8bd-8df7e9f34eb1-952x534.jpg\" class=\"attachment-landscape_952 size-landscape_952\" alt=\"\" srcset=\"https:\/\/medicina.udd.cl\/odontologia-santiago\/files\/2019\/11\/bd709042-4fe5-4762-b8bd-8df7e9f34eb1-952x534.jpg 952w, https:\/\/medicina.udd.cl\/odontologia-santiago\/files\/2019\/11\/bd709042-4fe5-4762-b8bd-8df7e9f34eb1-300x168.jpg 300w, https:\/\/medicina.udd.cl\/odontologia-santiago\/files\/2019\/11\/bd709042-4fe5-4762-b8bd-8df7e9f34eb1-768x431.jpg 768w, https:\/\/medicina.udd.cl\/odontologia-santiago\/files\/2019\/11\/bd709042-4fe5-4762-b8bd-8df7e9f34eb1-1024x575.jpg 1024w, https:\/\/medicina.udd.cl\/odontologia-santiago\/files\/2019\/11\/bd709042-4fe5-4762-b8bd-8df7e9f34eb1-680x382.jpg 680w, https:\/\/medicina.udd.cl\/odontologia-santiago\/files\/2019\/11\/bd709042-4fe5-4762-b8bd-8df7e9f34eb1.jpg 1181w\" sizes=\"auto, (max-width: 952px) 100vw, 952px\" \/><\/figure><figure class=\"carousel-item\"><img loading=\"lazy\" decoding=\"async\" width=\"952\" height=\"534\" src=\"https:\/\/medicina.udd.cl\/odontologia-santiago\/files\/2019\/11\/903d3e4a-277a-4cba-a34c-1879a4595c11-952x534.jpg\" class=\"attachment-landscape_952 size-landscape_952\" alt=\"\" srcset=\"https:\/\/medicina.udd.cl\/odontologia-santiago\/files\/2019\/11\/903d3e4a-277a-4cba-a34c-1879a4595c11-952x534.jpg 952w, https:\/\/medicina.udd.cl\/odontologia-santiago\/files\/2019\/11\/903d3e4a-277a-4cba-a34c-1879a4595c11-300x168.jpg 300w, https:\/\/medicina.udd.cl\/odontologia-santiago\/files\/2019\/11\/903d3e4a-277a-4cba-a34c-1879a4595c11-768x431.jpg 768w, https:\/\/medicina.udd.cl\/odontologia-santiago\/files\/2019\/11\/903d3e4a-277a-4cba-a34c-1879a4595c11-1024x575.jpg 1024w, https:\/\/medicina.udd.cl\/odontologia-santiago\/files\/2019\/11\/903d3e4a-277a-4cba-a34c-1879a4595c11-680x382.jpg 680w, https:\/\/medicina.udd.cl\/odontologia-santiago\/files\/2019\/11\/903d3e4a-277a-4cba-a34c-1879a4595c11.jpg 1181w\" sizes=\"auto, (max-width: 952px) 100vw, 952px\" \/><\/figure><figure class=\"carousel-item\"><img loading=\"lazy\" decoding=\"async\" width=\"591\" height=\"534\" src=\"https:\/\/medicina.udd.cl\/odontologia-santiago\/files\/2019\/11\/7a6e9a31-abbf-435e-867e-42c5c28a188c-591x534.jpg\" class=\"attachment-landscape_952 size-landscape_952\" alt=\"\" \/><\/figure><figure class=\"carousel-item\"><img loading=\"lazy\" decoding=\"async\" width=\"952\" height=\"534\" src=\"https:\/\/medicina.udd.cl\/odontologia-santiago\/files\/2019\/11\/0503a2ba-82e3-4f6a-9ce0-736c8602c7dc-952x534.jpg\" class=\"attachment-landscape_952 size-landscape_952\" alt=\"\" srcset=\"https:\/\/medicina.udd.cl\/odontologia-santiago\/files\/2019\/11\/0503a2ba-82e3-4f6a-9ce0-736c8602c7dc-952x534.jpg 952w, https:\/\/medicina.udd.cl\/odontologia-santiago\/files\/2019\/11\/0503a2ba-82e3-4f6a-9ce0-736c8602c7dc-300x168.jpg 300w, https:\/\/medicina.udd.cl\/odontologia-santiago\/files\/2019\/11\/0503a2ba-82e3-4f6a-9ce0-736c8602c7dc-768x431.jpg 768w, https:\/\/medicina.udd.cl\/odontologia-santiago\/files\/2019\/11\/0503a2ba-82e3-4f6a-9ce0-736c8602c7dc-1024x575.jpg 1024w, https:\/\/medicina.udd.cl\/odontologia-santiago\/files\/2019\/11\/0503a2ba-82e3-4f6a-9ce0-736c8602c7dc-680x382.jpg 680w, https:\/\/medicina.udd.cl\/odontologia-santiago\/files\/2019\/11\/0503a2ba-82e3-4f6a-9ce0-736c8602c7dc.jpg 1181w\" sizes=\"auto, (max-width: 952px) 100vw, 952px\" \/><\/figure><figure class=\"carousel-item\"><img loading=\"lazy\" decoding=\"async\" width=\"952\" height=\"534\" src=\"https:\/\/medicina.udd.cl\/odontologia-santiago\/files\/2019\/11\/61c57674-6261-4684-9cd2-5b53c58c20dd-952x534.jpg\" class=\"attachment-landscape_952 size-landscape_952\" alt=\"\" srcset=\"https:\/\/medicina.udd.cl\/odontologia-santiago\/files\/2019\/11\/61c57674-6261-4684-9cd2-5b53c58c20dd-952x534.jpg 952w, https:\/\/medicina.udd.cl\/odontologia-santiago\/files\/2019\/11\/61c57674-6261-4684-9cd2-5b53c58c20dd-300x168.jpg 300w, https:\/\/medicina.udd.cl\/odontologia-santiago\/files\/2019\/11\/61c57674-6261-4684-9cd2-5b53c58c20dd-768x431.jpg 768w, https:\/\/medicina.udd.cl\/odontologia-santiago\/files\/2019\/11\/61c57674-6261-4684-9cd2-5b53c58c20dd-1024x575.jpg 1024w, https:\/\/medicina.udd.cl\/odontologia-santiago\/files\/2019\/11\/61c57674-6261-4684-9cd2-5b53c58c20dd-680x382.jpg 680w, https:\/\/medicina.udd.cl\/odontologia-santiago\/files\/2019\/11\/61c57674-6261-4684-9cd2-5b53c58c20dd.jpg 1181w\" sizes=\"auto, (max-width: 952px) 100vw, 952px\" \/><\/figure><figure class=\"carousel-item\"><img loading=\"lazy\" decoding=\"async\" width=\"952\" height=\"534\" src=\"https:\/\/medicina.udd.cl\/odontologia-santiago\/files\/2019\/11\/27b89078-50c1-4d45-8db2-394eefbb9289-952x534.jpg\" class=\"attachment-landscape_952 size-landscape_952\" alt=\"\" srcset=\"https:\/\/medicina.udd.cl\/odontologia-santiago\/files\/2019\/11\/27b89078-50c1-4d45-8db2-394eefbb9289-952x534.jpg 952w, https:\/\/medicina.udd.cl\/odontologia-santiago\/files\/2019\/11\/27b89078-50c1-4d45-8db2-394eefbb9289-300x168.jpg 300w, https:\/\/medicina.udd.cl\/odontologia-santiago\/files\/2019\/11\/27b89078-50c1-4d45-8db2-394eefbb9289-768x431.jpg 768w, https:\/\/medicina.udd.cl\/odontologia-santiago\/files\/2019\/11\/27b89078-50c1-4d45-8db2-394eefbb9289-1024x575.jpg 1024w, https:\/\/medicina.udd.cl\/odontologia-santiago\/files\/2019\/11\/27b89078-50c1-4d45-8db2-394eefbb9289-680x382.jpg 680w, https:\/\/medicina.udd.cl\/odontologia-santiago\/files\/2019\/11\/27b89078-50c1-4d45-8db2-394eefbb9289.jpg 1181w\" sizes=\"auto, (max-width: 952px) 100vw, 952px\" \/><\/figure><figure class=\"carousel-item\"><img loading=\"lazy\" decoding=\"async\" width=\"952\" height=\"534\" src=\"https:\/\/medicina.udd.cl\/odontologia-santiago\/files\/2019\/11\/c90676c0-304f-4cf0-8cfe-4b5fcf1bc27a-952x534.jpg\" class=\"attachment-landscape_952 size-landscape_952\" alt=\"\" srcset=\"https:\/\/medicina.udd.cl\/odontologia-santiago\/files\/2019\/11\/c90676c0-304f-4cf0-8cfe-4b5fcf1bc27a-952x534.jpg 952w, https:\/\/medicina.udd.cl\/odontologia-santiago\/files\/2019\/11\/c90676c0-304f-4cf0-8cfe-4b5fcf1bc27a-300x168.jpg 300w, https:\/\/medicina.udd.cl\/odontologia-santiago\/files\/2019\/11\/c90676c0-304f-4cf0-8cfe-4b5fcf1bc27a-768x431.jpg 768w, https:\/\/medicina.udd.cl\/odontologia-santiago\/files\/2019\/11\/c90676c0-304f-4cf0-8cfe-4b5fcf1bc27a-1024x575.jpg 1024w, https:\/\/medicina.udd.cl\/odontologia-santiago\/files\/2019\/11\/c90676c0-304f-4cf0-8cfe-4b5fcf1bc27a-680x382.jpg 680w, https:\/\/medicina.udd.cl\/odontologia-santiago\/files\/2019\/11\/c90676c0-304f-4cf0-8cfe-4b5fcf1bc27a.jpg 1181w\" sizes=\"auto, (max-width: 952px) 100vw, 952px\" \/><\/figure><figure class=\"carousel-item\"><img loading=\"lazy\" decoding=\"async\" width=\"952\" height=\"534\" src=\"https:\/\/medicina.udd.cl\/odontologia-santiago\/files\/2019\/11\/cbf2f14f-0943-4af6-a5e0-1354e890e1e0-952x534.jpg\" class=\"attachment-landscape_952 size-landscape_952\" alt=\"\" srcset=\"https:\/\/medicina.udd.cl\/odontologia-santiago\/files\/2019\/11\/cbf2f14f-0943-4af6-a5e0-1354e890e1e0-952x534.jpg 952w, https:\/\/medicina.udd.cl\/odontologia-santiago\/files\/2019\/11\/cbf2f14f-0943-4af6-a5e0-1354e890e1e0-300x168.jpg 300w, https:\/\/medicina.udd.cl\/odontologia-santiago\/files\/2019\/11\/cbf2f14f-0943-4af6-a5e0-1354e890e1e0-768x431.jpg 768w, https:\/\/medicina.udd.cl\/odontologia-santiago\/files\/2019\/11\/cbf2f14f-0943-4af6-a5e0-1354e890e1e0-1024x575.jpg 1024w, https:\/\/medicina.udd.cl\/odontologia-santiago\/files\/2019\/11\/cbf2f14f-0943-4af6-a5e0-1354e890e1e0-680x382.jpg 680w, https:\/\/medicina.udd.cl\/odontologia-santiago\/files\/2019\/11\/cbf2f14f-0943-4af6-a5e0-1354e890e1e0.jpg 1181w\" sizes=\"auto, (max-width: 952px) 100vw, 952px\" \/><\/figure><\/div><footer class=\"carousel-footer\"><div class=\"carousel-counter\"><span class=\"carousel-counter-current\"><\/span> \/ <span class=\"carousel-counter-total\"><\/span><\/div><a class=\"carousel-control-prev\" href=\"#gallery-1\" role=\"button\" data-slide=\"prev\"><svg aria-hidden=\"true\" class=\"svg-chevron-left-dims\"><use xlink:href='https:\/\/medicina.udd.cl\/odontologia-santiago\/wp-content\/themes\/facultades-2018\/assets\/img\/svg\/dist\/main.svg?version=1695853099#chevron-left'><\/use><\/svg><span class=\"sr-only\">Anterior<\/span><\/a><a class=\"carousel-control-next\" href=\"#gallery-1\" role=\"button\" data-slide=\"next\"><svg aria-hidden=\"true\" class=\"svg-chevron-right-dims\"><use xlink:href='https:\/\/medicina.udd.cl\/odontologia-santiago\/wp-content\/themes\/facultades-2018\/assets\/img\/svg\/dist\/main.svg?version=1695853099#chevron-right'><\/use><\/svg><span class=\"sr-only\">Siguiente<\/span><\/a><\/footer><\/div>\n<p>Alumnos de 6\u00ba a\u00f1o de la carrera de Odontolog\u00eda de la Facultad de Medicina Cl\u00ednica Alemana Universidad del Desarrollo, participaron en una actividad de promoci\u00f3n y prevenci\u00f3n en salud en el Centro Penitenciario Femenino de San Joaqu\u00edn.<\/p>\n<p>Ana Villagr\u00e1n, Catalina Fritz, Valentina Aracena, Camila Meneses, Jos\u00e9 Santis, Sebasti\u00e1n Rivera y Crist\u00f3bal Villablanca, tuvieron la oportunidad de compartir una ma\u00f1ana con las mujeres internas del establecimiento, junto a Christian Alveal Guti\u00e9rrez, director nacional de Gendarmer\u00eda; Carolina Lav\u00edn, seremi de justicia; el Directorio de la Fundaci\u00f3n Prodemu y los tutores de internado de estos estudiantes, con el objetivo de entregar como representantes de la Universidad del Desarrollo, conocimientos sobre enfermedades m\u00e1s predisponentes de la cavidad oral, factores de riesgo, c\u00f3mo prevenir estas enfermedades, y entregarle a esta comunidad herramientas de prevenci\u00f3n, la cual fue apoyada por la empresa <em>Colgate<\/em>.<\/p>\n<p>Crist\u00f3bal Villablanca, interno de Odontolog\u00eda UDD, indic\u00f3 que esta experiencia signific\u00f3 mucho, tanto para \u00e9l como para sus compa\u00f1eros, debido al aporte que dieron a esta comunidad. \u00abQuedamos muy felices como grupo de poder entregar un granito de arena a estas lindas mujeres que, aunque no lo creamos, necesitan mucho del apoyo de todos nosotros\u00bb.<\/p>\n<p>Por su parte, la coordinadora acad\u00e9mica de la Carrera, Macarena Cabello, se\u00f1al\u00f3 la satisfacci\u00f3n que sienten de ver el compromiso de los alumnos por ayudar y brindar conocimientos a personas que lo necesiten. \u00abComo formadores de futuros odont\u00f3logos, nos enorgullece ver la motivaci\u00f3n y pasi\u00f3n con la que nuestros estudiantes organizan y se vinculan con entidades externas y aplican sus conocimientos para ense\u00f1ar acerca de la importancia de los cuidados en salud oral a gente que lo necesita\u00bb<\/p>\n","protected":false},"excerpt":{"rendered":"<p>Alumnos de 6\u00ba a\u00f1o de la carrera de Odontolog\u00eda de la Facultad de Medicina Cl\u00ednica Alemana Universidad del Desarrollo, participaron en una actividad de promoci\u00f3n y prevenci\u00f3n en salud en el Centro Penitenciario Femenino de San Joaqu\u00edn. Ana Villagr\u00e1n, Catalina Fritz, Valentina Aracena, Camila Meneses, Jos\u00e9 Santis, Sebasti\u00e1n Rivera y Crist\u00f3bal Villablanca, tuvieron la oportunidad [&hellip;]<\/p>\n","protected":false},"author":9192219,"featured_media":5635,"comment_status":"open","ping_status":"open","sticky":false,"template":"","format":"standard","meta":{"footnotes":""},"categories":[4],"tags":[],"class_list":["post-5629","post","type-post","status-publish","format-standard","has-post-thumbnail","hentry","category-noticias"],"yoast_head":"<!-- This site is optimized with the Yoast SEO plugin v26.9 - https:\/\/yoast.com\/product\/yoast-seo-wordpress\/ -->\n<title>Estudiantes de Odontolog\u00eda realizan actividad en Centro Penitenciario Femenino de San Joaqu\u00edn - Odontolog\u00eda<\/title>\n<meta name=\"robots\" content=\"index, follow, max-snippet:-1, max-image-preview:large, max-video-preview:-1\" \/>\n<link rel=\"canonical\" href=\"https:\/\/medicina.udd.cl\/odontologia-santiago\/noticias\/2019\/11\/11\/estudiantes-de-odontologia-realizan-actividad-en-centro-penitenciario-femenino-de-san-joaquin\/\" \/>\n<meta property=\"og:locale\" content=\"es_ES\" \/>\n<meta property=\"og:type\" content=\"article\" \/>\n<meta property=\"og:title\" content=\"Estudiantes de Odontolog\u00eda realizan actividad en Centro Penitenciario Femenino de San Joaqu\u00edn - Odontolog\u00eda\" \/>\n<meta property=\"og:description\" content=\"Alumnos de 6\u00ba a\u00f1o de la carrera de Odontolog\u00eda de la Facultad de Medicina Cl\u00ednica Alemana Universidad del Desarrollo, participaron en una actividad de promoci\u00f3n y prevenci\u00f3n en salud en el Centro Penitenciario Femenino de San Joaqu\u00edn. Ana Villagr\u00e1n, Catalina Fritz, Valentina Aracena, Camila Meneses, Jos\u00e9 Santis, Sebasti\u00e1n Rivera y Crist\u00f3bal Villablanca, tuvieron la oportunidad [&hellip;]\" \/>\n<meta property=\"og:url\" content=\"https:\/\/medicina.udd.cl\/odontologia-santiago\/noticias\/2019\/11\/11\/estudiantes-de-odontologia-realizan-actividad-en-centro-penitenciario-femenino-de-san-joaquin\/\" \/>\n<meta property=\"og:site_name\" content=\"Odontolog\u00eda\" \/>\n<meta property=\"article:published_time\" content=\"2019-11-11T14:29:48+00:00\" \/>\n<meta property=\"article:modified_time\" content=\"2019-12-23T01:34:27+00:00\" \/>\n<meta property=\"og:image\" content=\"https:\/\/medicina.udd.cl\/odontologia-santiago\/files\/2019\/11\/903d3e4a-277a-4cba-a34c-1879a4595c11.jpg\" \/>\n\t<meta property=\"og:image:width\" content=\"1181\" \/>\n\t<meta property=\"og:image:height\" content=\"663\" \/>\n\t<meta property=\"og:image:type\" content=\"image\/jpeg\" \/>\n<meta name=\"author\" content=\"rbraidy\" \/>\n<meta name=\"twitter:label1\" content=\"Escrito por\" \/>\n\t<meta name=\"twitter:data1\" content=\"rbraidy\" \/>\n\t<meta name=\"twitter:label2\" content=\"Tiempo de lectura\" \/>\n\t<meta name=\"twitter:data2\" content=\"1 minuto\" \/>\n<script type=\"application\/ld+json\" class=\"yoast-schema-graph\">{\"@context\":\"https:\/\/schema.org\",\"@graph\":[{\"@type\":\"Article\",\"@id\":\"https:\/\/medicina.udd.cl\/odontologia-santiago\/noticias\/2019\/11\/11\/estudiantes-de-odontologia-realizan-actividad-en-centro-penitenciario-femenino-de-san-joaquin\/#article\",\"isPartOf\":{\"@id\":\"https:\/\/medicina.udd.cl\/odontologia-santiago\/noticias\/2019\/11\/11\/estudiantes-de-odontologia-realizan-actividad-en-centro-penitenciario-femenino-de-san-joaquin\/\"},\"author\":{\"name\":\"rbraidy\",\"@id\":\"https:\/\/medicina.udd.cl\/odontologia-santiago\/#\/schema\/person\/dbc3705bf3a93e8be1ba6de0ef950341\"},\"headline\":\"Estudiantes de Odontolog\u00eda realizan actividad en Centro Penitenciario Femenino de San Joaqu\u00edn\",\"datePublished\":\"2019-11-11T14:29:48+00:00\",\"dateModified\":\"2019-12-23T01:34:27+00:00\",\"mainEntityOfPage\":{\"@id\":\"https:\/\/medicina.udd.cl\/odontologia-santiago\/noticias\/2019\/11\/11\/estudiantes-de-odontologia-realizan-actividad-en-centro-penitenciario-femenino-de-san-joaquin\/\"},\"wordCount\":312,\"commentCount\":0,\"image\":{\"@id\":\"https:\/\/medicina.udd.cl\/odontologia-santiago\/noticias\/2019\/11\/11\/estudiantes-de-odontologia-realizan-actividad-en-centro-penitenciario-femenino-de-san-joaquin\/#primaryimage\"},\"thumbnailUrl\":\"https:\/\/medicina.udd.cl\/odontologia-santiago\/files\/2019\/11\/903d3e4a-277a-4cba-a34c-1879a4595c11.jpg\",\"articleSection\":[\"Noticias\"],\"inLanguage\":\"es\",\"potentialAction\":[{\"@type\":\"CommentAction\",\"name\":\"Comment\",\"target\":[\"https:\/\/medicina.udd.cl\/odontologia-santiago\/noticias\/2019\/11\/11\/estudiantes-de-odontologia-realizan-actividad-en-centro-penitenciario-femenino-de-san-joaquin\/#respond\"]}]},{\"@type\":\"WebPage\",\"@id\":\"https:\/\/medicina.udd.cl\/odontologia-santiago\/noticias\/2019\/11\/11\/estudiantes-de-odontologia-realizan-actividad-en-centro-penitenciario-femenino-de-san-joaquin\/\",\"url\":\"https:\/\/medicina.udd.cl\/odontologia-santiago\/noticias\/2019\/11\/11\/estudiantes-de-odontologia-realizan-actividad-en-centro-penitenciario-femenino-de-san-joaquin\/\",\"name\":\"Estudiantes de Odontolog\u00eda realizan actividad en Centro Penitenciario Femenino de San Joaqu\u00edn - Odontolog\u00eda\",\"isPartOf\":{\"@id\":\"https:\/\/medicina.udd.cl\/odontologia-santiago\/#website\"},\"primaryImageOfPage\":{\"@id\":\"https:\/\/medicina.udd.cl\/odontologia-santiago\/noticias\/2019\/11\/11\/estudiantes-de-odontologia-realizan-actividad-en-centro-penitenciario-femenino-de-san-joaquin\/#primaryimage\"},\"image\":{\"@id\":\"https:\/\/medicina.udd.cl\/odontologia-santiago\/noticias\/2019\/11\/11\/estudiantes-de-odontologia-realizan-actividad-en-centro-penitenciario-femenino-de-san-joaquin\/#primaryimage\"},\"thumbnailUrl\":\"https:\/\/medicina.udd.cl\/odontologia-santiago\/files\/2019\/11\/903d3e4a-277a-4cba-a34c-1879a4595c11.jpg\",\"datePublished\":\"2019-11-11T14:29:48+00:00\",\"dateModified\":\"2019-12-23T01:34:27+00:00\",\"author\":{\"@id\":\"https:\/\/medicina.udd.cl\/odontologia-santiago\/#\/schema\/person\/dbc3705bf3a93e8be1ba6de0ef950341\"},\"breadcrumb\":{\"@id\":\"https:\/\/medicina.udd.cl\/odontologia-santiago\/noticias\/2019\/11\/11\/estudiantes-de-odontologia-realizan-actividad-en-centro-penitenciario-femenino-de-san-joaquin\/#breadcrumb\"},\"inLanguage\":\"es\",\"potentialAction\":[{\"@type\":\"ReadAction\",\"target\":[\"https:\/\/medicina.udd.cl\/odontologia-santiago\/noticias\/2019\/11\/11\/estudiantes-de-odontologia-realizan-actividad-en-centro-penitenciario-femenino-de-san-joaquin\/\"]}]},{\"@type\":\"ImageObject\",\"inLanguage\":\"es\",\"@id\":\"https:\/\/medicina.udd.cl\/odontologia-santiago\/noticias\/2019\/11\/11\/estudiantes-de-odontologia-realizan-actividad-en-centro-penitenciario-femenino-de-san-joaquin\/#primaryimage\",\"url\":\"https:\/\/medicina.udd.cl\/odontologia-santiago\/files\/2019\/11\/903d3e4a-277a-4cba-a34c-1879a4595c11.jpg\",\"contentUrl\":\"https:\/\/medicina.udd.cl\/odontologia-santiago\/files\/2019\/11\/903d3e4a-277a-4cba-a34c-1879a4595c11.jpg\",\"width\":1181,\"height\":663},{\"@type\":\"BreadcrumbList\",\"@id\":\"https:\/\/medicina.udd.cl\/odontologia-santiago\/noticias\/2019\/11\/11\/estudiantes-de-odontologia-realizan-actividad-en-centro-penitenciario-femenino-de-san-joaquin\/#breadcrumb\",\"itemListElement\":[{\"@type\":\"ListItem\",\"position\":1,\"name\":\"Home\",\"item\":\"https:\/\/medicina.udd.cl\/odontologia-santiago\/\"},{\"@type\":\"ListItem\",\"position\":2,\"name\":\"Estudiantes de Odontolog\u00eda realizan actividad en Centro Penitenciario Femenino de San Joaqu\u00edn\"}]},{\"@type\":\"WebSite\",\"@id\":\"https:\/\/medicina.udd.cl\/odontologia-santiago\/#website\",\"url\":\"https:\/\/medicina.udd.cl\/odontologia-santiago\/\",\"name\":\"Odontolog\u00eda\",\"description\":\"Facultad de Medicina Cl\u00ednica Alemana Universidad del Desarrollo\",\"inLanguage\":\"es\"},{\"@type\":\"Person\",\"@id\":\"https:\/\/medicina.udd.cl\/odontologia-santiago\/#\/schema\/person\/dbc3705bf3a93e8be1ba6de0ef950341\",\"name\":\"rbraidy\",\"image\":{\"@type\":\"ImageObject\",\"inLanguage\":\"es\",\"@id\":\"https:\/\/medicina.udd.cl\/odontologia-santiago\/#\/schema\/person\/image\/\",\"url\":\"https:\/\/secure.gravatar.com\/avatar\/0f8bc94637401590e45d2ce17eb65c274cb8870a219de6177f3f23e63fd8cdf3?s=96&d=mm&r=g\",\"contentUrl\":\"https:\/\/secure.gravatar.com\/avatar\/0f8bc94637401590e45d2ce17eb65c274cb8870a219de6177f3f23e63fd8cdf3?s=96&d=mm&r=g\",\"caption\":\"rbraidy\"},\"url\":\"https:\/\/medicina.udd.cl\/odontologia-santiago\/noticias\/author\/rbraidy\/\"}]}<\/script>\n<!-- \/ Yoast SEO plugin. -->","yoast_head_json":{"title":"Estudiantes de Odontolog\u00eda realizan actividad en Centro Penitenciario Femenino de San Joaqu\u00edn - Odontolog\u00eda","robots":{"index":"index","follow":"follow","max-snippet":"max-snippet:-1","max-image-preview":"max-image-preview:large","max-video-preview":"max-video-preview:-1"},"canonical":"https:\/\/medicina.udd.cl\/odontologia-santiago\/noticias\/2019\/11\/11\/estudiantes-de-odontologia-realizan-actividad-en-centro-penitenciario-femenino-de-san-joaquin\/","og_locale":"es_ES","og_type":"article","og_title":"Estudiantes de Odontolog\u00eda realizan actividad en Centro Penitenciario Femenino de San Joaqu\u00edn - Odontolog\u00eda","og_description":"Alumnos de 6\u00ba a\u00f1o de la carrera de Odontolog\u00eda de la Facultad de Medicina Cl\u00ednica Alemana Universidad del Desarrollo, participaron en una actividad de promoci\u00f3n y prevenci\u00f3n en salud en el Centro Penitenciario Femenino de San Joaqu\u00edn. Ana Villagr\u00e1n, Catalina Fritz, Valentina Aracena, Camila Meneses, Jos\u00e9 Santis, Sebasti\u00e1n Rivera y Crist\u00f3bal Villablanca, tuvieron la oportunidad [&hellip;]","og_url":"https:\/\/medicina.udd.cl\/odontologia-santiago\/noticias\/2019\/11\/11\/estudiantes-de-odontologia-realizan-actividad-en-centro-penitenciario-femenino-de-san-joaquin\/","og_site_name":"Odontolog\u00eda","article_published_time":"2019-11-11T14:29:48+00:00","article_modified_time":"2019-12-23T01:34:27+00:00","og_image":[{"width":1181,"height":663,"url":"https:\/\/medicina.udd.cl\/odontologia-santiago\/files\/2019\/11\/903d3e4a-277a-4cba-a34c-1879a4595c11.jpg","type":"image\/jpeg"}],"author":"rbraidy","twitter_misc":{"Escrito por":"rbraidy","Tiempo de lectura":"1 minuto"},"schema":{"@context":"https:\/\/schema.org","@graph":[{"@type":"Article","@id":"https:\/\/medicina.udd.cl\/odontologia-santiago\/noticias\/2019\/11\/11\/estudiantes-de-odontologia-realizan-actividad-en-centro-penitenciario-femenino-de-san-joaquin\/#article","isPartOf":{"@id":"https:\/\/medicina.udd.cl\/odontologia-santiago\/noticias\/2019\/11\/11\/estudiantes-de-odontologia-realizan-actividad-en-centro-penitenciario-femenino-de-san-joaquin\/"},"author":{"name":"rbraidy","@id":"https:\/\/medicina.udd.cl\/odontologia-santiago\/#\/schema\/person\/dbc3705bf3a93e8be1ba6de0ef950341"},"headline":"Estudiantes de Odontolog\u00eda realizan actividad en Centro Penitenciario Femenino de San Joaqu\u00edn","datePublished":"2019-11-11T14:29:48+00:00","dateModified":"2019-12-23T01:34:27+00:00","mainEntityOfPage":{"@id":"https:\/\/medicina.udd.cl\/odontologia-santiago\/noticias\/2019\/11\/11\/estudiantes-de-odontologia-realizan-actividad-en-centro-penitenciario-femenino-de-san-joaquin\/"},"wordCount":312,"commentCount":0,"image":{"@id":"https:\/\/medicina.udd.cl\/odontologia-santiago\/noticias\/2019\/11\/11\/estudiantes-de-odontologia-realizan-actividad-en-centro-penitenciario-femenino-de-san-joaquin\/#primaryimage"},"thumbnailUrl":"https:\/\/medicina.udd.cl\/odontologia-santiago\/files\/2019\/11\/903d3e4a-277a-4cba-a34c-1879a4595c11.jpg","articleSection":["Noticias"],"inLanguage":"es","potentialAction":[{"@type":"CommentAction","name":"Comment","target":["https:\/\/medicina.udd.cl\/odontologia-santiago\/noticias\/2019\/11\/11\/estudiantes-de-odontologia-realizan-actividad-en-centro-penitenciario-femenino-de-san-joaquin\/#respond"]}]},{"@type":"WebPage","@id":"https:\/\/medicina.udd.cl\/odontologia-santiago\/noticias\/2019\/11\/11\/estudiantes-de-odontologia-realizan-actividad-en-centro-penitenciario-femenino-de-san-joaquin\/","url":"https:\/\/medicina.udd.cl\/odontologia-santiago\/noticias\/2019\/11\/11\/estudiantes-de-odontologia-realizan-actividad-en-centro-penitenciario-femenino-de-san-joaquin\/","name":"Estudiantes de Odontolog\u00eda realizan actividad en Centro Penitenciario Femenino de San Joaqu\u00edn - Odontolog\u00eda","isPartOf":{"@id":"https:\/\/medicina.udd.cl\/odontologia-santiago\/#website"},"primaryImageOfPage":{"@id":"https:\/\/medicina.udd.cl\/odontologia-santiago\/noticias\/2019\/11\/11\/estudiantes-de-odontologia-realizan-actividad-en-centro-penitenciario-femenino-de-san-joaquin\/#primaryimage"},"image":{"@id":"https:\/\/medicina.udd.cl\/odontologia-santiago\/noticias\/2019\/11\/11\/estudiantes-de-odontologia-realizan-actividad-en-centro-penitenciario-femenino-de-san-joaquin\/#primaryimage"},"thumbnailUrl":"https:\/\/medicina.udd.cl\/odontologia-santiago\/files\/2019\/11\/903d3e4a-277a-4cba-a34c-1879a4595c11.jpg","datePublished":"2019-11-11T14:29:48+00:00","dateModified":"2019-12-23T01:34:27+00:00","author":{"@id":"https:\/\/medicina.udd.cl\/odontologia-santiago\/#\/schema\/person\/dbc3705bf3a93e8be1ba6de0ef950341"},"breadcrumb":{"@id":"https:\/\/medicina.udd.cl\/odontologia-santiago\/noticias\/2019\/11\/11\/estudiantes-de-odontologia-realizan-actividad-en-centro-penitenciario-femenino-de-san-joaquin\/#breadcrumb"},"inLanguage":"es","potentialAction":[{"@type":"ReadAction","target":["https:\/\/medicina.udd.cl\/odontologia-santiago\/noticias\/2019\/11\/11\/estudiantes-de-odontologia-realizan-actividad-en-centro-penitenciario-femenino-de-san-joaquin\/"]}]},{"@type":"ImageObject","inLanguage":"es","@id":"https:\/\/medicina.udd.cl\/odontologia-santiago\/noticias\/2019\/11\/11\/estudiantes-de-odontologia-realizan-actividad-en-centro-penitenciario-femenino-de-san-joaquin\/#primaryimage","url":"https:\/\/medicina.udd.cl\/odontologia-santiago\/files\/2019\/11\/903d3e4a-277a-4cba-a34c-1879a4595c11.jpg","contentUrl":"https:\/\/medicina.udd.cl\/odontologia-santiago\/files\/2019\/11\/903d3e4a-277a-4cba-a34c-1879a4595c11.jpg","width":1181,"height":663},{"@type":"BreadcrumbList","@id":"https:\/\/medicina.udd.cl\/odontologia-santiago\/noticias\/2019\/11\/11\/estudiantes-de-odontologia-realizan-actividad-en-centro-penitenciario-femenino-de-san-joaquin\/#breadcrumb","itemListElement":[{"@type":"ListItem","position":1,"name":"Home","item":"https:\/\/medicina.udd.cl\/odontologia-santiago\/"},{"@type":"ListItem","position":2,"name":"Estudiantes de Odontolog\u00eda realizan actividad en Centro Penitenciario Femenino de San Joaqu\u00edn"}]},{"@type":"WebSite","@id":"https:\/\/medicina.udd.cl\/odontologia-santiago\/#website","url":"https:\/\/medicina.udd.cl\/odontologia-santiago\/","name":"Odontolog\u00eda","description":"Facultad de Medicina Cl\u00ednica Alemana Universidad del Desarrollo","inLanguage":"es"},{"@type":"Person","@id":"https:\/\/medicina.udd.cl\/odontologia-santiago\/#\/schema\/person\/dbc3705bf3a93e8be1ba6de0ef950341","name":"rbraidy","image":{"@type":"ImageObject","inLanguage":"es","@id":"https:\/\/medicina.udd.cl\/odontologia-santiago\/#\/schema\/person\/image\/","url":"https:\/\/secure.gravatar.com\/avatar\/0f8bc94637401590e45d2ce17eb65c274cb8870a219de6177f3f23e63fd8cdf3?s=96&d=mm&r=g","contentUrl":"https:\/\/secure.gravatar.com\/avatar\/0f8bc94637401590e45d2ce17eb65c274cb8870a219de6177f3f23e63fd8cdf3?s=96&d=mm&r=g","caption":"rbraidy"},"url":"https:\/\/medicina.udd.cl\/odontologia-santiago\/noticias\/author\/rbraidy\/"}]}},"featured_image_url":"https:\/\/medicina.udd.cl\/odontologia-santiago\/files\/2019\/11\/903d3e4a-277a-4cba-a34c-1879a4595c11.jpg","_links":{"self":[{"href":"https:\/\/medicina.udd.cl\/odontologia-santiago\/wp-json\/wp\/v2\/posts\/5629","targetHints":{"allow":["GET"]}}],"collection":[{"href":"https:\/\/medicina.udd.cl\/odontologia-santiago\/wp-json\/wp\/v2\/posts"}],"about":[{"href":"https:\/\/medicina.udd.cl\/odontologia-santiago\/wp-json\/wp\/v2\/types\/post"}],"author":[{"embeddable":true,"href":"https:\/\/medicina.udd.cl\/odontologia-santiago\/wp-json\/wp\/v2\/users\/9192219"}],"replies":[{"embeddable":true,"href":"https:\/\/medicina.udd.cl\/odontologia-santiago\/wp-json\/wp\/v2\/comments?post=5629"}],"version-history":[{"count":1,"href":"https:\/\/medicina.udd.cl\/odontologia-santiago\/wp-json\/wp\/v2\/posts\/5629\/revisions"}],"predecessor-version":[{"id":5717,"href":"https:\/\/medicina.udd.cl\/odontologia-santiago\/wp-json\/wp\/v2\/posts\/5629\/revisions\/5717"}],"wp:featuredmedia":[{"embeddable":true,"href":"https:\/\/medicina.udd.cl\/odontologia-santiago\/wp-json\/wp\/v2\/media\/5635"}],"wp:attachment":[{"href":"https:\/\/medicina.udd.cl\/odontologia-santiago\/wp-json\/wp\/v2\/media?parent=5629"}],"wp:term":[{"taxonomy":"category","embeddable":true,"href":"https:\/\/medicina.udd.cl\/odontologia-santiago\/wp-json\/wp\/v2\/categories?post=5629"},{"taxonomy":"post_tag","embeddable":true,"href":"https:\/\/medicina.udd.cl\/odontologia-santiago\/wp-json\/wp\/v2\/tags?post=5629"}],"curies":[{"name":"wp","href":"https:\/\/api.w.org\/{rel}","templated":true}]}}