{"id":5653,"date":"2019-09-09T10:21:17","date_gmt":"2019-09-09T13:21:17","guid":{"rendered":"http:\/\/medicina.udd.cl\/odontologia-santiago\/?p=5539"},"modified":"2020-09-09T15:51:31","modified_gmt":"2020-09-09T18:51:31","slug":"odontologia-udd-realiza-voluntariado-con-discapacitados","status":"publish","type":"post","link":"https:\/\/medicina.udd.cl\/odontologia-santiago\/noticias\/2019\/09\/09\/odontologia-udd-realiza-voluntariado-con-discapacitados\/","title":{"rendered":"Odontolog\u00eda UDD realiza voluntariado con discapacitados"},"content":{"rendered":"<div id=\"gallery-1\" class=\"carousel slide carousel-gallery\" data-ride=\"false\" data-interval=\"false\"><div class=\"carousel-inner\" role=\"listbox\"><figure class=\"carousel-item active\"><img loading=\"lazy\" decoding=\"async\" width=\"354\" height=\"472\" src=\"https:\/\/medicina.udd.cl\/odontologia-santiago\/files\/2019\/09\/image002.png\" class=\"attachment-landscape_952 size-landscape_952\" alt=\"\" srcset=\"https:\/\/medicina.udd.cl\/odontologia-santiago\/files\/2019\/09\/image002.png 354w, https:\/\/medicina.udd.cl\/odontologia-santiago\/files\/2019\/09\/image002-225x300.png 225w\" sizes=\"auto, (max-width: 354px) 100vw, 354px\" \/><\/figure><figure class=\"carousel-item\"><img loading=\"lazy\" decoding=\"async\" width=\"744\" height=\"534\" src=\"https:\/\/medicina.udd.cl\/odontologia-santiago\/files\/2019\/09\/WhatsApp-Image-2019-08-24-at-13.39.04-744x534.jpeg\" class=\"attachment-landscape_952 size-landscape_952\" alt=\"\" srcset=\"https:\/\/medicina.udd.cl\/odontologia-santiago\/files\/2019\/09\/WhatsApp-Image-2019-08-24-at-13.39.04-744x534.jpeg 744w, https:\/\/medicina.udd.cl\/odontologia-santiago\/files\/2019\/09\/WhatsApp-Image-2019-08-24-at-13.39.04-286x205.jpeg 286w, https:\/\/medicina.udd.cl\/odontologia-santiago\/files\/2019\/09\/WhatsApp-Image-2019-08-24-at-13.39.04-87x62.jpeg 87w\" sizes=\"auto, (max-width: 744px) 100vw, 744px\" \/><\/figure><figure class=\"carousel-item\"><img loading=\"lazy\" decoding=\"async\" width=\"952\" height=\"534\" src=\"https:\/\/medicina.udd.cl\/odontologia-santiago\/files\/2019\/09\/WhatsApp-Image-2019-08-24-at-14.01.28-952x534.jpeg\" class=\"attachment-landscape_952 size-landscape_952\" alt=\"\" srcset=\"https:\/\/medicina.udd.cl\/odontologia-santiago\/files\/2019\/09\/WhatsApp-Image-2019-08-24-at-14.01.28-952x534.jpeg 952w, https:\/\/medicina.udd.cl\/odontologia-santiago\/files\/2019\/09\/WhatsApp-Image-2019-08-24-at-14.01.28-300x169.jpeg 300w, https:\/\/medicina.udd.cl\/odontologia-santiago\/files\/2019\/09\/WhatsApp-Image-2019-08-24-at-14.01.28-768x432.jpeg 768w, https:\/\/medicina.udd.cl\/odontologia-santiago\/files\/2019\/09\/WhatsApp-Image-2019-08-24-at-14.01.28-680x382.jpeg 680w\" sizes=\"auto, (max-width: 952px) 100vw, 952px\" \/><\/figure><figure class=\"carousel-item\"><img loading=\"lazy\" decoding=\"async\" width=\"952\" height=\"534\" src=\"https:\/\/medicina.udd.cl\/odontologia-santiago\/files\/2019\/09\/WhatsApp-Image-2019-08-24-at-14.01.31-952x534.jpeg\" class=\"attachment-landscape_952 size-landscape_952\" alt=\"\" srcset=\"https:\/\/medicina.udd.cl\/odontologia-santiago\/files\/2019\/09\/WhatsApp-Image-2019-08-24-at-14.01.31-952x534.jpeg 952w, https:\/\/medicina.udd.cl\/odontologia-santiago\/files\/2019\/09\/WhatsApp-Image-2019-08-24-at-14.01.31-300x169.jpeg 300w, https:\/\/medicina.udd.cl\/odontologia-santiago\/files\/2019\/09\/WhatsApp-Image-2019-08-24-at-14.01.31-768x432.jpeg 768w, https:\/\/medicina.udd.cl\/odontologia-santiago\/files\/2019\/09\/WhatsApp-Image-2019-08-24-at-14.01.31-680x382.jpeg 680w\" sizes=\"auto, (max-width: 952px) 100vw, 952px\" \/><\/figure><figure class=\"carousel-item\"><img loading=\"lazy\" decoding=\"async\" width=\"472\" height=\"472\" src=\"https:\/\/medicina.udd.cl\/odontologia-santiago\/files\/2019\/09\/image008.png\" class=\"attachment-landscape_952 size-landscape_952\" alt=\"\" srcset=\"https:\/\/medicina.udd.cl\/odontologia-santiago\/files\/2019\/09\/image008.png 472w, https:\/\/medicina.udd.cl\/odontologia-santiago\/files\/2019\/09\/image008-150x150.png 150w, https:\/\/medicina.udd.cl\/odontologia-santiago\/files\/2019\/09\/image008-300x300.png 300w, https:\/\/medicina.udd.cl\/odontologia-santiago\/files\/2019\/09\/image008-62x62.png 62w, https:\/\/medicina.udd.cl\/odontologia-santiago\/files\/2019\/09\/image008-250x250.png 250w, https:\/\/medicina.udd.cl\/odontologia-santiago\/files\/2019\/09\/image008-126x126.png 126w\" sizes=\"auto, (max-width: 472px) 100vw, 472px\" \/><\/figure><\/div><footer class=\"carousel-footer\"><div class=\"carousel-counter\"><span class=\"carousel-counter-current\"><\/span> \/ <span class=\"carousel-counter-total\"><\/span><\/div><a class=\"carousel-control-prev\" href=\"#gallery-1\" role=\"button\" data-slide=\"prev\"><svg aria-hidden=\"true\" class=\"svg-chevron-left-dims\"><use xlink:href='https:\/\/medicina.udd.cl\/odontologia-santiago\/wp-content\/themes\/facultades-2018\/assets\/img\/svg\/dist\/main.svg?version=1695853099#chevron-left'><\/use><\/svg><span class=\"sr-only\">Anterior<\/span><\/a><a class=\"carousel-control-next\" href=\"#gallery-1\" role=\"button\" data-slide=\"next\"><svg aria-hidden=\"true\" class=\"svg-chevron-right-dims\"><use xlink:href='https:\/\/medicina.udd.cl\/odontologia-santiago\/wp-content\/themes\/facultades-2018\/assets\/img\/svg\/dist\/main.svg?version=1695853099#chevron-right'><\/use><\/svg><span class=\"sr-only\">Siguiente<\/span><\/a><\/footer><\/div>\n<p>Todos los s\u00e1bados, cerca de 60 personas discapacitadas, pertenecientes a la Fundaci\u00f3n Sumergi2, se dan cita en la piscina del Club de Carabineros para realizar actividades acu\u00e1ticas y sub acu\u00e1ticas (buceo), dirigidas a personas de cualquier edad y condici\u00f3n social, que est\u00e9n en alguna situaci\u00f3n de discapacidad.<\/p>\n<p>En este contexto, durante dos jornadas, tres docentes y once estudiantes de la carrera Odontolog\u00eda de la Facultad de Medicina Cl\u00ednica Alemana Universidad del Desarrollo, se unieron a esta iniciativa de voluntariado y entregaron atenci\u00f3n dental a los asistentes, tanto participantes del curso como sus familias.<\/p>\n<p>Seg\u00fan explic\u00f3 la coordinadora de la Unidad Cl\u00ednica Asistencial de Cl\u00ednica UDD, quien gestion\u00f3 el operativo, durante estos dos d\u00edas se lograron realizar varias atenciones. \u201cPudimos llevar a cabo chequeos rutinarios, limpiezas bucales y algunos procedimientos sencillos. Esta instancia nos llena de alegr\u00eda y orgullo, pues resalta la labor de nuestros profesionales, quienes d\u00eda a d\u00eda se preocupan por la salud de las personas\u201d, explica.<\/p>\n<p>Por su parte, Oscar Urrejola, miembro activo de la Fundaci\u00f3n Sumergi2, se\u00f1al\u00f3 que jornadas como \u00e9sta fortalecen el objetivo principal de la Fundaci\u00f3n, que es contribuir al desarrollo personal de cada participante y brindarles momentos de calidad a personas con escasos recursos y con discapacidades como paraplejia, tetraplejia, s\u00edndrome de down, autismo, etc\u2026<\/p>\n<p>\u201cEstas actividades aumentan la confianza, mejoran el estado f\u00edsico y entregan libertad de movimiento a los participantes; y si esto se combina con atenci\u00f3n odontol\u00f3gica, se vuelve a\u00fan mucho m\u00e1s beneficioso para quienes participan. Todo esto genera un espacio integral de sana convivencia entre alumnos, familiares y voluntarios, en torno a estas actividades deportivas\u201d, finaliz\u00f3 Urrejola.<\/p>\n","protected":false},"excerpt":{"rendered":"<p>Estudiantes y docentes de la carrera realizaron atenciones odontol\u00f3gicas gratuitas a personas que integran la Fundaci\u00f3n sumergi2 y sus familias.<\/p>\n","protected":false},"author":9192218,"featured_media":6222,"comment_status":"open","ping_status":"open","sticky":false,"template":"","format":"standard","meta":{"footnotes":""},"categories":[4],"tags":[],"class_list":["post-5653","post","type-post","status-publish","format-standard","has-post-thumbnail","hentry","category-noticias"],"yoast_head":"<!-- This site is optimized with the Yoast SEO plugin v26.9 - https:\/\/yoast.com\/product\/yoast-seo-wordpress\/ -->\n<title>Odontolog\u00eda UDD realiza voluntariado con discapacitados - Odontolog\u00eda<\/title>\n<meta name=\"robots\" content=\"index, follow, max-snippet:-1, max-image-preview:large, max-video-preview:-1\" \/>\n<link rel=\"canonical\" href=\"https:\/\/medicina.udd.cl\/odontologia-santiago\/noticias\/2019\/09\/09\/odontologia-udd-realiza-voluntariado-con-discapacitados\/\" \/>\n<meta property=\"og:locale\" content=\"es_ES\" \/>\n<meta property=\"og:type\" content=\"article\" \/>\n<meta property=\"og:title\" content=\"Odontolog\u00eda UDD realiza voluntariado con discapacitados - Odontolog\u00eda\" \/>\n<meta property=\"og:description\" content=\"Estudiantes y docentes de la carrera realizaron atenciones odontol\u00f3gicas gratuitas a personas que integran la Fundaci\u00f3n sumergi2 y sus familias.\" \/>\n<meta property=\"og:url\" content=\"https:\/\/medicina.udd.cl\/odontologia-santiago\/noticias\/2019\/09\/09\/odontologia-udd-realiza-voluntariado-con-discapacitados\/\" \/>\n<meta property=\"og:site_name\" content=\"Odontolog\u00eda\" \/>\n<meta property=\"article:published_time\" content=\"2019-09-09T13:21:17+00:00\" \/>\n<meta property=\"article:modified_time\" content=\"2020-09-09T18:51:31+00:00\" \/>\n<meta property=\"og:image\" content=\"https:\/\/medicina.udd.cl\/odontologia-santiago\/files\/2019\/09\/odonto99.jpg\" \/>\n\t<meta property=\"og:image:width\" content=\"873\" \/>\n\t<meta property=\"og:image:height\" content=\"383\" \/>\n\t<meta property=\"og:image:type\" content=\"image\/jpeg\" \/>\n<meta name=\"twitter:label1\" content=\"Escrito por\" \/>\n\t<meta name=\"twitter:data1\" content=\"\" \/>\n\t<meta name=\"twitter:label2\" content=\"Tiempo de lectura\" \/>\n\t<meta name=\"twitter:data2\" content=\"1 minuto\" \/>\n<script type=\"application\/ld+json\" class=\"yoast-schema-graph\">{\"@context\":\"https:\/\/schema.org\",\"@graph\":[{\"@type\":\"Article\",\"@id\":\"https:\/\/medicina.udd.cl\/odontologia-santiago\/noticias\/2019\/09\/09\/odontologia-udd-realiza-voluntariado-con-discapacitados\/#article\",\"isPartOf\":{\"@id\":\"https:\/\/medicina.udd.cl\/odontologia-santiago\/noticias\/2019\/09\/09\/odontologia-udd-realiza-voluntariado-con-discapacitados\/\"},\"author\":{\"name\":\"\",\"@id\":\"\"},\"headline\":\"Odontolog\u00eda UDD realiza voluntariado con discapacitados\",\"datePublished\":\"2019-09-09T13:21:17+00:00\",\"dateModified\":\"2020-09-09T18:51:31+00:00\",\"mainEntityOfPage\":{\"@id\":\"https:\/\/medicina.udd.cl\/odontologia-santiago\/noticias\/2019\/09\/09\/odontologia-udd-realiza-voluntariado-con-discapacitados\/\"},\"wordCount\":301,\"commentCount\":0,\"image\":{\"@id\":\"https:\/\/medicina.udd.cl\/odontologia-santiago\/noticias\/2019\/09\/09\/odontologia-udd-realiza-voluntariado-con-discapacitados\/#primaryimage\"},\"thumbnailUrl\":\"https:\/\/medicina.udd.cl\/odontologia-santiago\/files\/2019\/09\/odonto99.jpg\",\"articleSection\":[\"Noticias\"],\"inLanguage\":\"es\",\"potentialAction\":[{\"@type\":\"CommentAction\",\"name\":\"Comment\",\"target\":[\"https:\/\/medicina.udd.cl\/odontologia-santiago\/noticias\/2019\/09\/09\/odontologia-udd-realiza-voluntariado-con-discapacitados\/#respond\"]}]},{\"@type\":\"WebPage\",\"@id\":\"https:\/\/medicina.udd.cl\/odontologia-santiago\/noticias\/2019\/09\/09\/odontologia-udd-realiza-voluntariado-con-discapacitados\/\",\"url\":\"https:\/\/medicina.udd.cl\/odontologia-santiago\/noticias\/2019\/09\/09\/odontologia-udd-realiza-voluntariado-con-discapacitados\/\",\"name\":\"Odontolog\u00eda UDD realiza voluntariado con discapacitados - Odontolog\u00eda\",\"isPartOf\":{\"@id\":\"https:\/\/medicina.udd.cl\/odontologia-santiago\/#website\"},\"primaryImageOfPage\":{\"@id\":\"https:\/\/medicina.udd.cl\/odontologia-santiago\/noticias\/2019\/09\/09\/odontologia-udd-realiza-voluntariado-con-discapacitados\/#primaryimage\"},\"image\":{\"@id\":\"https:\/\/medicina.udd.cl\/odontologia-santiago\/noticias\/2019\/09\/09\/odontologia-udd-realiza-voluntariado-con-discapacitados\/#primaryimage\"},\"thumbnailUrl\":\"https:\/\/medicina.udd.cl\/odontologia-santiago\/files\/2019\/09\/odonto99.jpg\",\"datePublished\":\"2019-09-09T13:21:17+00:00\",\"dateModified\":\"2020-09-09T18:51:31+00:00\",\"author\":{\"@id\":\"\"},\"breadcrumb\":{\"@id\":\"https:\/\/medicina.udd.cl\/odontologia-santiago\/noticias\/2019\/09\/09\/odontologia-udd-realiza-voluntariado-con-discapacitados\/#breadcrumb\"},\"inLanguage\":\"es\",\"potentialAction\":[{\"@type\":\"ReadAction\",\"target\":[\"https:\/\/medicina.udd.cl\/odontologia-santiago\/noticias\/2019\/09\/09\/odontologia-udd-realiza-voluntariado-con-discapacitados\/\"]}]},{\"@type\":\"ImageObject\",\"inLanguage\":\"es\",\"@id\":\"https:\/\/medicina.udd.cl\/odontologia-santiago\/noticias\/2019\/09\/09\/odontologia-udd-realiza-voluntariado-con-discapacitados\/#primaryimage\",\"url\":\"https:\/\/medicina.udd.cl\/odontologia-santiago\/files\/2019\/09\/odonto99.jpg\",\"contentUrl\":\"https:\/\/medicina.udd.cl\/odontologia-santiago\/files\/2019\/09\/odonto99.jpg\",\"width\":873,\"height\":383},{\"@type\":\"BreadcrumbList\",\"@id\":\"https:\/\/medicina.udd.cl\/odontologia-santiago\/noticias\/2019\/09\/09\/odontologia-udd-realiza-voluntariado-con-discapacitados\/#breadcrumb\",\"itemListElement\":[{\"@type\":\"ListItem\",\"position\":1,\"name\":\"Home\",\"item\":\"https:\/\/medicina.udd.cl\/odontologia-santiago\/\"},{\"@type\":\"ListItem\",\"position\":2,\"name\":\"Odontolog\u00eda UDD realiza voluntariado con discapacitados\"}]},{\"@type\":\"WebSite\",\"@id\":\"https:\/\/medicina.udd.cl\/odontologia-santiago\/#website\",\"url\":\"https:\/\/medicina.udd.cl\/odontologia-santiago\/\",\"name\":\"Odontolog\u00eda\",\"description\":\"Facultad de Medicina Cl\u00ednica Alemana Universidad del Desarrollo\",\"inLanguage\":\"es\"},{\"@type\":\"Person\",\"@id\":\"\",\"url\":\"https:\/\/medicina.udd.cl\/odontologia-santiago\/noticias\/author\/\"}]}<\/script>\n<!-- \/ Yoast SEO plugin. -->","yoast_head_json":{"title":"Odontolog\u00eda UDD realiza voluntariado con discapacitados - Odontolog\u00eda","robots":{"index":"index","follow":"follow","max-snippet":"max-snippet:-1","max-image-preview":"max-image-preview:large","max-video-preview":"max-video-preview:-1"},"canonical":"https:\/\/medicina.udd.cl\/odontologia-santiago\/noticias\/2019\/09\/09\/odontologia-udd-realiza-voluntariado-con-discapacitados\/","og_locale":"es_ES","og_type":"article","og_title":"Odontolog\u00eda UDD realiza voluntariado con discapacitados - Odontolog\u00eda","og_description":"Estudiantes y docentes de la carrera realizaron atenciones odontol\u00f3gicas gratuitas a personas que integran la Fundaci\u00f3n sumergi2 y sus familias.","og_url":"https:\/\/medicina.udd.cl\/odontologia-santiago\/noticias\/2019\/09\/09\/odontologia-udd-realiza-voluntariado-con-discapacitados\/","og_site_name":"Odontolog\u00eda","article_published_time":"2019-09-09T13:21:17+00:00","article_modified_time":"2020-09-09T18:51:31+00:00","og_image":[{"width":873,"height":383,"url":"https:\/\/medicina.udd.cl\/odontologia-santiago\/files\/2019\/09\/odonto99.jpg","type":"image\/jpeg"}],"twitter_misc":{"Escrito por":"","Tiempo de lectura":"1 minuto"},"schema":{"@context":"https:\/\/schema.org","@graph":[{"@type":"Article","@id":"https:\/\/medicina.udd.cl\/odontologia-santiago\/noticias\/2019\/09\/09\/odontologia-udd-realiza-voluntariado-con-discapacitados\/#article","isPartOf":{"@id":"https:\/\/medicina.udd.cl\/odontologia-santiago\/noticias\/2019\/09\/09\/odontologia-udd-realiza-voluntariado-con-discapacitados\/"},"author":{"name":"","@id":""},"headline":"Odontolog\u00eda UDD realiza voluntariado con discapacitados","datePublished":"2019-09-09T13:21:17+00:00","dateModified":"2020-09-09T18:51:31+00:00","mainEntityOfPage":{"@id":"https:\/\/medicina.udd.cl\/odontologia-santiago\/noticias\/2019\/09\/09\/odontologia-udd-realiza-voluntariado-con-discapacitados\/"},"wordCount":301,"commentCount":0,"image":{"@id":"https:\/\/medicina.udd.cl\/odontologia-santiago\/noticias\/2019\/09\/09\/odontologia-udd-realiza-voluntariado-con-discapacitados\/#primaryimage"},"thumbnailUrl":"https:\/\/medicina.udd.cl\/odontologia-santiago\/files\/2019\/09\/odonto99.jpg","articleSection":["Noticias"],"inLanguage":"es","potentialAction":[{"@type":"CommentAction","name":"Comment","target":["https:\/\/medicina.udd.cl\/odontologia-santiago\/noticias\/2019\/09\/09\/odontologia-udd-realiza-voluntariado-con-discapacitados\/#respond"]}]},{"@type":"WebPage","@id":"https:\/\/medicina.udd.cl\/odontologia-santiago\/noticias\/2019\/09\/09\/odontologia-udd-realiza-voluntariado-con-discapacitados\/","url":"https:\/\/medicina.udd.cl\/odontologia-santiago\/noticias\/2019\/09\/09\/odontologia-udd-realiza-voluntariado-con-discapacitados\/","name":"Odontolog\u00eda UDD realiza voluntariado con discapacitados - Odontolog\u00eda","isPartOf":{"@id":"https:\/\/medicina.udd.cl\/odontologia-santiago\/#website"},"primaryImageOfPage":{"@id":"https:\/\/medicina.udd.cl\/odontologia-santiago\/noticias\/2019\/09\/09\/odontologia-udd-realiza-voluntariado-con-discapacitados\/#primaryimage"},"image":{"@id":"https:\/\/medicina.udd.cl\/odontologia-santiago\/noticias\/2019\/09\/09\/odontologia-udd-realiza-voluntariado-con-discapacitados\/#primaryimage"},"thumbnailUrl":"https:\/\/medicina.udd.cl\/odontologia-santiago\/files\/2019\/09\/odonto99.jpg","datePublished":"2019-09-09T13:21:17+00:00","dateModified":"2020-09-09T18:51:31+00:00","author":{"@id":""},"breadcrumb":{"@id":"https:\/\/medicina.udd.cl\/odontologia-santiago\/noticias\/2019\/09\/09\/odontologia-udd-realiza-voluntariado-con-discapacitados\/#breadcrumb"},"inLanguage":"es","potentialAction":[{"@type":"ReadAction","target":["https:\/\/medicina.udd.cl\/odontologia-santiago\/noticias\/2019\/09\/09\/odontologia-udd-realiza-voluntariado-con-discapacitados\/"]}]},{"@type":"ImageObject","inLanguage":"es","@id":"https:\/\/medicina.udd.cl\/odontologia-santiago\/noticias\/2019\/09\/09\/odontologia-udd-realiza-voluntariado-con-discapacitados\/#primaryimage","url":"https:\/\/medicina.udd.cl\/odontologia-santiago\/files\/2019\/09\/odonto99.jpg","contentUrl":"https:\/\/medicina.udd.cl\/odontologia-santiago\/files\/2019\/09\/odonto99.jpg","width":873,"height":383},{"@type":"BreadcrumbList","@id":"https:\/\/medicina.udd.cl\/odontologia-santiago\/noticias\/2019\/09\/09\/odontologia-udd-realiza-voluntariado-con-discapacitados\/#breadcrumb","itemListElement":[{"@type":"ListItem","position":1,"name":"Home","item":"https:\/\/medicina.udd.cl\/odontologia-santiago\/"},{"@type":"ListItem","position":2,"name":"Odontolog\u00eda UDD realiza voluntariado con discapacitados"}]},{"@type":"WebSite","@id":"https:\/\/medicina.udd.cl\/odontologia-santiago\/#website","url":"https:\/\/medicina.udd.cl\/odontologia-santiago\/","name":"Odontolog\u00eda","description":"Facultad de Medicina Cl\u00ednica Alemana Universidad del Desarrollo","inLanguage":"es"},{"@type":"Person","@id":"","url":"https:\/\/medicina.udd.cl\/odontologia-santiago\/noticias\/author\/"}]}},"featured_image_url":"https:\/\/medicina.udd.cl\/odontologia-santiago\/files\/2019\/09\/odonto99.jpg","_links":{"self":[{"href":"https:\/\/medicina.udd.cl\/odontologia-santiago\/wp-json\/wp\/v2\/posts\/5653","targetHints":{"allow":["GET"]}}],"collection":[{"href":"https:\/\/medicina.udd.cl\/odontologia-santiago\/wp-json\/wp\/v2\/posts"}],"about":[{"href":"https:\/\/medicina.udd.cl\/odontologia-santiago\/wp-json\/wp\/v2\/types\/post"}],"author":[{"embeddable":true,"href":"https:\/\/medicina.udd.cl\/odontologia-santiago\/wp-json\/wp\/v2\/users\/9192218"}],"replies":[{"embeddable":true,"href":"https:\/\/medicina.udd.cl\/odontologia-santiago\/wp-json\/wp\/v2\/comments?post=5653"}],"version-history":[{"count":1,"href":"https:\/\/medicina.udd.cl\/odontologia-santiago\/wp-json\/wp\/v2\/posts\/5653\/revisions"}],"predecessor-version":[{"id":5720,"href":"https:\/\/medicina.udd.cl\/odontologia-santiago\/wp-json\/wp\/v2\/posts\/5653\/revisions\/5720"}],"wp:featuredmedia":[{"embeddable":true,"href":"https:\/\/medicina.udd.cl\/odontologia-santiago\/wp-json\/wp\/v2\/media\/6222"}],"wp:attachment":[{"href":"https:\/\/medicina.udd.cl\/odontologia-santiago\/wp-json\/wp\/v2\/media?parent=5653"}],"wp:term":[{"taxonomy":"category","embeddable":true,"href":"https:\/\/medicina.udd.cl\/odontologia-santiago\/wp-json\/wp\/v2\/categories?post=5653"},{"taxonomy":"post_tag","embeddable":true,"href":"https:\/\/medicina.udd.cl\/odontologia-santiago\/wp-json\/wp\/v2\/tags?post=5653"}],"curies":[{"name":"wp","href":"https:\/\/api.w.org\/{rel}","templated":true}]}}