{"id":652,"date":"2011-06-06T15:13:18","date_gmt":"2011-06-06T19:13:18","guid":{"rendered":"http:\/\/medicina.udd.cl\/odontologia-santiago\/?p=652"},"modified":"2011-06-07T12:02:50","modified_gmt":"2011-06-07T16:02:50","slug":"titulacion-diplomado-de-cirugia-bucal-y-traumatologia-dentoalveolar","status":"publish","type":"post","link":"https:\/\/medicina.udd.cl\/odontologia-santiago\/noticias\/2011\/06\/06\/titulacion-diplomado-de-cirugia-bucal-y-traumatologia-dentoalveolar\/","title":{"rendered":"Titulaci\u00f3n Diplomado de Cirug\u00eda Bucal y Traumatolog\u00eda Dentoalveolar"},"content":{"rendered":"<p style=\"text-align: justify;\">El pasado martes 31 de mayo se realiz\u00f3 la ceremonia de titulaci\u00f3n del Diplomado de Cirug\u00eda Bucal y Traumatolog\u00eda Dentoalveolar organizado por la carrera de Odontolog\u00eda de la Facultad de Medicina Cl\u00ednica Alemana Universidad del Desarrollo.<\/p>\n<p style=\"text-align: justify;\">El Dr. Julio Cifuentes, director del diplomado, fue el encargado de darle la bienvenida a los 8 alumnos que recibieron su diploma en el Auditorio Federico Haecker de Cl\u00ednica Alemana.<\/p>\n<p style=\"text-align: justify;\">Por su parte, el\u00a0Dr. Sebasti\u00e1n Baden present\u00f3 un caso cl\u00ednico sobre osteomielitis mandibular que dio paso\u00a0al discurso\u00a0de Lucineia Boesing quien, en representaci\u00f3n de sus compa\u00f1eros, dirigi\u00f3 unas palabras de agradecimiento a la universidad y al\u00a0equipo docente.<\/p>\n<p style=\"text-align: justify;\"><strong>Programa<\/strong><\/p>\n<p style=\"text-align: justify;\">Este diplomado, que se inici\u00f3 en el a\u00f1o 2009, tuvo como objetivo principal complementar y actualizar los conocimientos en cirug\u00eda oral y traumatolog\u00eda dentoalveolar de profesionales odont\u00f3logos. Adem\u00e1s, a lo largo del programa, adquirieron mayores competencias en temas relacionados a la prevenci\u00f3n, evaluaci\u00f3n, diagn\u00f3stico y tratamiento m\u00e9dico-quir\u00fargico de la patolog\u00eda infecciosa, secuelas del desdentamiento tumoral benigna, traum\u00e1tica y mal formativa que afecta a las estructuras dentarias, \u00f3seas y de tejidos blandos de la cavidad bucal.<\/p>\n<div id=\"gallery-1\" class=\"carousel slide carousel-gallery\" data-ride=\"false\" data-interval=\"false\"><div class=\"carousel-inner\" role=\"listbox\"><figure class=\"carousel-item active\"><img loading=\"lazy\" decoding=\"async\" width=\"804\" height=\"534\" src=\"https:\/\/medicina.udd.cl\/odontologia-santiago\/files\/2011\/06\/Titulados-diplomado.jpg\" class=\"attachment-landscape_952 size-landscape_952\" alt=\"\" srcset=\"https:\/\/medicina.udd.cl\/odontologia-santiago\/files\/2011\/06\/Titulados-diplomado.jpg 3216w, https:\/\/medicina.udd.cl\/odontologia-santiago\/files\/2011\/06\/Titulados-diplomado-300x199.jpg 300w, https:\/\/medicina.udd.cl\/odontologia-santiago\/files\/2011\/06\/Titulados-diplomado-768x510.jpg 768w, https:\/\/medicina.udd.cl\/odontologia-santiago\/files\/2011\/06\/Titulados-diplomado-1024x680.jpg 1024w, https:\/\/medicina.udd.cl\/odontologia-santiago\/files\/2011\/06\/Titulados-diplomado-960x638.jpg 960w\" sizes=\"auto, (max-width: 804px) 100vw, 804px\" \/><\/figure><figure class=\"carousel-item\"><img loading=\"lazy\" decoding=\"async\" width=\"727\" height=\"534\" src=\"https:\/\/medicina.udd.cl\/odontologia-santiago\/files\/2011\/06\/Padre-Dr.-Ignacio-Velasco-y-Dr.-Liberto-Figueroa.jpg\" class=\"attachment-landscape_952 size-landscape_952\" alt=\"\" srcset=\"https:\/\/medicina.udd.cl\/odontologia-santiago\/files\/2011\/06\/Padre-Dr.-Ignacio-Velasco-y-Dr.-Liberto-Figueroa.jpg 1000w, https:\/\/medicina.udd.cl\/odontologia-santiago\/files\/2011\/06\/Padre-Dr.-Ignacio-Velasco-y-Dr.-Liberto-Figueroa-300x221.jpg 300w, https:\/\/medicina.udd.cl\/odontologia-santiago\/files\/2011\/06\/Padre-Dr.-Ignacio-Velasco-y-Dr.-Liberto-Figueroa-768x564.jpg 768w, https:\/\/medicina.udd.cl\/odontologia-santiago\/files\/2011\/06\/Padre-Dr.-Ignacio-Velasco-y-Dr.-Liberto-Figueroa-960x706.jpg 960w\" sizes=\"auto, (max-width: 727px) 100vw, 727px\" \/><\/figure><figure class=\"carousel-item\"><img loading=\"lazy\" decoding=\"async\" width=\"823\" height=\"534\" src=\"https:\/\/medicina.udd.cl\/odontologia-santiago\/files\/2011\/06\/Dra.-Tanya-Ureta-y-Dra.-Joyce-Huberman.jpg\" class=\"attachment-landscape_952 size-landscape_952\" alt=\"\" srcset=\"https:\/\/medicina.udd.cl\/odontologia-santiago\/files\/2011\/06\/Dra.-Tanya-Ureta-y-Dra.-Joyce-Huberman.jpg 1000w, https:\/\/medicina.udd.cl\/odontologia-santiago\/files\/2011\/06\/Dra.-Tanya-Ureta-y-Dra.-Joyce-Huberman-300x195.jpg 300w, https:\/\/medicina.udd.cl\/odontologia-santiago\/files\/2011\/06\/Dra.-Tanya-Ureta-y-Dra.-Joyce-Huberman-768x498.jpg 768w, https:\/\/medicina.udd.cl\/odontologia-santiago\/files\/2011\/06\/Dra.-Tanya-Ureta-y-Dra.-Joyce-Huberman-125x80.jpg 125w, https:\/\/medicina.udd.cl\/odontologia-santiago\/files\/2011\/06\/Dra.-Tanya-Ureta-y-Dra.-Joyce-Huberman-340x220.jpg 340w, https:\/\/medicina.udd.cl\/odontologia-santiago\/files\/2011\/06\/Dra.-Tanya-Ureta-y-Dra.-Joyce-Huberman-960x623.jpg 960w\" sizes=\"auto, (max-width: 823px) 100vw, 823px\" \/><\/figure><figure class=\"carousel-item\"><img loading=\"lazy\" decoding=\"async\" width=\"802\" height=\"534\" src=\"https:\/\/medicina.udd.cl\/odontologia-santiago\/files\/2011\/06\/Dra.-Sandra-Bacian-y-Dr.-Luis-Vicentela.jpg\" class=\"attachment-landscape_952 size-landscape_952\" alt=\"\" srcset=\"https:\/\/medicina.udd.cl\/odontologia-santiago\/files\/2011\/06\/Dra.-Sandra-Bacian-y-Dr.-Luis-Vicentela.jpg 1000w, https:\/\/medicina.udd.cl\/odontologia-santiago\/files\/2011\/06\/Dra.-Sandra-Bacian-y-Dr.-Luis-Vicentela-300x200.jpg 300w, https:\/\/medicina.udd.cl\/odontologia-santiago\/files\/2011\/06\/Dra.-Sandra-Bacian-y-Dr.-Luis-Vicentela-768x511.jpg 768w, https:\/\/medicina.udd.cl\/odontologia-santiago\/files\/2011\/06\/Dra.-Sandra-Bacian-y-Dr.-Luis-Vicentela-960x639.jpg 960w\" sizes=\"auto, (max-width: 802px) 100vw, 802px\" \/><\/figure><figure class=\"carousel-item\"><img loading=\"lazy\" decoding=\"async\" width=\"796\" height=\"534\" src=\"https:\/\/medicina.udd.cl\/odontologia-santiago\/files\/2011\/06\/Dra.-Luceneia-Boesing-y-Dr.-Alfredo-Gantz.jpg\" class=\"attachment-landscape_952 size-landscape_952\" alt=\"\" srcset=\"https:\/\/medicina.udd.cl\/odontologia-santiago\/files\/2011\/06\/Dra.-Luceneia-Boesing-y-Dr.-Alfredo-Gantz.jpg 1000w, https:\/\/medicina.udd.cl\/odontologia-santiago\/files\/2011\/06\/Dra.-Luceneia-Boesing-y-Dr.-Alfredo-Gantz-300x201.jpg 300w, https:\/\/medicina.udd.cl\/odontologia-santiago\/files\/2011\/06\/Dra.-Luceneia-Boesing-y-Dr.-Alfredo-Gantz-768x515.jpg 768w, https:\/\/medicina.udd.cl\/odontologia-santiago\/files\/2011\/06\/Dra.-Luceneia-Boesing-y-Dr.-Alfredo-Gantz-960x644.jpg 960w\" sizes=\"auto, (max-width: 796px) 100vw, 796px\" \/><\/figure><figure class=\"carousel-item\"><img loading=\"lazy\" decoding=\"async\" width=\"788\" height=\"534\" src=\"https:\/\/medicina.udd.cl\/odontologia-santiago\/files\/2011\/06\/Dr.-Sebasti\u00e1n-Baden-y-Sr.-Cristi\u00e1n-Delgado.jpg\" class=\"attachment-landscape_952 size-landscape_952\" alt=\"\" srcset=\"https:\/\/medicina.udd.cl\/odontologia-santiago\/files\/2011\/06\/Dr.-Sebasti\u00e1n-Baden-y-Sr.-Cristi\u00e1n-Delgado.jpg 1000w, https:\/\/medicina.udd.cl\/odontologia-santiago\/files\/2011\/06\/Dr.-Sebasti\u00e1n-Baden-y-Sr.-Cristi\u00e1n-Delgado-300x203.jpg 300w, https:\/\/medicina.udd.cl\/odontologia-santiago\/files\/2011\/06\/Dr.-Sebasti\u00e1n-Baden-y-Sr.-Cristi\u00e1n-Delgado-768x521.jpg 768w, https:\/\/medicina.udd.cl\/odontologia-santiago\/files\/2011\/06\/Dr.-Sebasti\u00e1n-Baden-y-Sr.-Cristi\u00e1n-Delgado-960x651.jpg 960w\" sizes=\"auto, (max-width: 788px) 100vw, 788px\" \/><\/figure><figure class=\"carousel-item\"><img loading=\"lazy\" decoding=\"async\" width=\"783\" height=\"534\" src=\"https:\/\/medicina.udd.cl\/odontologia-santiago\/files\/2011\/06\/Dr.-Felipe-San-Mart\u00edn-y-Dr.-Julio-Cifuentes.jpg\" class=\"attachment-landscape_952 size-landscape_952\" alt=\"\" srcset=\"https:\/\/medicina.udd.cl\/odontologia-santiago\/files\/2011\/06\/Dr.-Felipe-San-Mart\u00edn-y-Dr.-Julio-Cifuentes.jpg 1000w, https:\/\/medicina.udd.cl\/odontologia-santiago\/files\/2011\/06\/Dr.-Felipe-San-Mart\u00edn-y-Dr.-Julio-Cifuentes-300x205.jpg 300w, https:\/\/medicina.udd.cl\/odontologia-santiago\/files\/2011\/06\/Dr.-Felipe-San-Mart\u00edn-y-Dr.-Julio-Cifuentes-768x524.jpg 768w, https:\/\/medicina.udd.cl\/odontologia-santiago\/files\/2011\/06\/Dr.-Felipe-San-Mart\u00edn-y-Dr.-Julio-Cifuentes-960x655.jpg 960w\" sizes=\"auto, (max-width: 783px) 100vw, 783px\" \/><\/figure><figure class=\"carousel-item\"><img loading=\"lazy\" decoding=\"async\" width=\"777\" height=\"534\" src=\"https:\/\/medicina.udd.cl\/odontologia-santiago\/files\/2011\/06\/Dr.-Felipe-Salinas-y-Dr.-Marcelo-Prenafeta.jpg\" class=\"attachment-landscape_952 size-landscape_952\" alt=\"\" srcset=\"https:\/\/medicina.udd.cl\/odontologia-santiago\/files\/2011\/06\/Dr.-Felipe-Salinas-y-Dr.-Marcelo-Prenafeta.jpg 1000w, https:\/\/medicina.udd.cl\/odontologia-santiago\/files\/2011\/06\/Dr.-Felipe-Salinas-y-Dr.-Marcelo-Prenafeta-300x206.jpg 300w, https:\/\/medicina.udd.cl\/odontologia-santiago\/files\/2011\/06\/Dr.-Felipe-Salinas-y-Dr.-Marcelo-Prenafeta-768x528.jpg 768w, https:\/\/medicina.udd.cl\/odontologia-santiago\/files\/2011\/06\/Dr.-Felipe-Salinas-y-Dr.-Marcelo-Prenafeta-960x660.jpg 960w\" sizes=\"auto, (max-width: 777px) 100vw, 777px\" \/><\/figure><figure class=\"carousel-item\"><img loading=\"lazy\" decoding=\"async\" width=\"768\" height=\"534\" src=\"https:\/\/medicina.udd.cl\/odontologia-santiago\/files\/2011\/06\/Dr.-Alejandro-Zurbuchen-y-Dra.-Valeria-G\u00f3mez.jpg\" class=\"attachment-landscape_952 size-landscape_952\" alt=\"\" srcset=\"https:\/\/medicina.udd.cl\/odontologia-santiago\/files\/2011\/06\/Dr.-Alejandro-Zurbuchen-y-Dra.-Valeria-G\u00f3mez.jpg 1000w, https:\/\/medicina.udd.cl\/odontologia-santiago\/files\/2011\/06\/Dr.-Alejandro-Zurbuchen-y-Dra.-Valeria-G\u00f3mez-300x209.jpg 300w, https:\/\/medicina.udd.cl\/odontologia-santiago\/files\/2011\/06\/Dr.-Alejandro-Zurbuchen-y-Dra.-Valeria-G\u00f3mez-768x534.jpg 768w, https:\/\/medicina.udd.cl\/odontologia-santiago\/files\/2011\/06\/Dr.-Alejandro-Zurbuchen-y-Dra.-Valeria-G\u00f3mez-365x255.jpg 365w, https:\/\/medicina.udd.cl\/odontologia-santiago\/files\/2011\/06\/Dr.-Alejandro-Zurbuchen-y-Dra.-Valeria-G\u00f3mez-960x667.jpg 960w\" sizes=\"auto, (max-width: 768px) 100vw, 768px\" \/><\/figure><figure class=\"carousel-item\"><img loading=\"lazy\" decoding=\"async\" width=\"738\" height=\"534\" src=\"https:\/\/medicina.udd.cl\/odontologia-santiago\/files\/2011\/06\/Dr.-Julio-Cifuentes.jpg\" class=\"attachment-landscape_952 size-landscape_952\" alt=\"\" srcset=\"https:\/\/medicina.udd.cl\/odontologia-santiago\/files\/2011\/06\/Dr.-Julio-Cifuentes.jpg 1000w, https:\/\/medicina.udd.cl\/odontologia-santiago\/files\/2011\/06\/Dr.-Julio-Cifuentes-300x217.jpg 300w, https:\/\/medicina.udd.cl\/odontologia-santiago\/files\/2011\/06\/Dr.-Julio-Cifuentes-768x556.jpg 768w, https:\/\/medicina.udd.cl\/odontologia-santiago\/files\/2011\/06\/Dr.-Julio-Cifuentes-87x62.jpg 87w, https:\/\/medicina.udd.cl\/odontologia-santiago\/files\/2011\/06\/Dr.-Julio-Cifuentes-960x695.jpg 960w\" sizes=\"auto, (max-width: 738px) 100vw, 738px\" \/><\/figure><\/div><footer class=\"carousel-footer\"><div class=\"carousel-counter\"><span class=\"carousel-counter-current\"><\/span> \/ <span class=\"carousel-counter-total\"><\/span><\/div><a class=\"carousel-control-prev\" href=\"#gallery-1\" role=\"button\" data-slide=\"prev\"><svg aria-hidden=\"true\" class=\"svg-chevron-left-dims\"><use xlink:href='https:\/\/medicina.udd.cl\/odontologia-santiago\/wp-content\/themes\/facultades-2018\/assets\/img\/svg\/dist\/main.svg?version=1695853099#chevron-left'><\/use><\/svg><span class=\"sr-only\">Anterior<\/span><\/a><a class=\"carousel-control-next\" href=\"#gallery-1\" role=\"button\" data-slide=\"next\"><svg aria-hidden=\"true\" class=\"svg-chevron-right-dims\"><use xlink:href='https:\/\/medicina.udd.cl\/odontologia-santiago\/wp-content\/themes\/facultades-2018\/assets\/img\/svg\/dist\/main.svg?version=1695853099#chevron-right'><\/use><\/svg><span class=\"sr-only\">Siguiente<\/span><\/a><\/footer><\/div>\n","protected":false},"excerpt":{"rendered":"<p>La ceremonia se realiz\u00f3 en el Auditorio Federico Haecker de Cl\u00ednica Alemana. <\/p>\n","protected":false},"author":1,"featured_media":0,"comment_status":"open","ping_status":"open","sticky":false,"template":"","format":"standard","meta":{"footnotes":""},"categories":[4],"tags":[],"class_list":["post-652","post","type-post","status-publish","format-standard","hentry","category-noticias"],"yoast_head":"<!-- This site is optimized with the Yoast SEO plugin v26.9 - https:\/\/yoast.com\/product\/yoast-seo-wordpress\/ -->\n<title>Titulaci\u00f3n Diplomado de Cirug\u00eda Bucal y Traumatolog\u00eda Dentoalveolar - Odontolog\u00eda<\/title>\n<meta name=\"robots\" content=\"index, follow, max-snippet:-1, max-image-preview:large, max-video-preview:-1\" \/>\n<link rel=\"canonical\" href=\"https:\/\/medicina.udd.cl\/odontologia-santiago\/noticias\/2011\/06\/06\/titulacion-diplomado-de-cirugia-bucal-y-traumatologia-dentoalveolar\/\" \/>\n<meta property=\"og:locale\" content=\"es_ES\" \/>\n<meta property=\"og:type\" content=\"article\" \/>\n<meta property=\"og:title\" content=\"Titulaci\u00f3n Diplomado de Cirug\u00eda Bucal y Traumatolog\u00eda Dentoalveolar - Odontolog\u00eda\" \/>\n<meta property=\"og:description\" content=\"La ceremonia se realiz\u00f3 en el Auditorio Federico Haecker de Cl\u00ednica Alemana.\" \/>\n<meta property=\"og:url\" content=\"https:\/\/medicina.udd.cl\/odontologia-santiago\/noticias\/2011\/06\/06\/titulacion-diplomado-de-cirugia-bucal-y-traumatologia-dentoalveolar\/\" \/>\n<meta property=\"og:site_name\" content=\"Odontolog\u00eda\" \/>\n<meta property=\"article:published_time\" content=\"2011-06-06T19:13:18+00:00\" \/>\n<meta property=\"article:modified_time\" content=\"2011-06-07T16:02:50+00:00\" \/>\n<meta property=\"og:image\" content=\"https:\/\/medicina.udd.cl\/odontologia-santiago\/files\/2011\/06\/Titulados-diplomado.jpg\" \/>\n<meta name=\"author\" content=\"admin\" \/>\n<meta name=\"twitter:label1\" content=\"Escrito por\" \/>\n\t<meta name=\"twitter:data1\" content=\"admin\" \/>\n\t<meta name=\"twitter:label2\" content=\"Tiempo de lectura\" \/>\n\t<meta name=\"twitter:data2\" content=\"1 minuto\" \/>\n<script type=\"application\/ld+json\" class=\"yoast-schema-graph\">{\"@context\":\"https:\/\/schema.org\",\"@graph\":[{\"@type\":\"Article\",\"@id\":\"https:\/\/medicina.udd.cl\/odontologia-santiago\/noticias\/2011\/06\/06\/titulacion-diplomado-de-cirugia-bucal-y-traumatologia-dentoalveolar\/#article\",\"isPartOf\":{\"@id\":\"https:\/\/medicina.udd.cl\/odontologia-santiago\/noticias\/2011\/06\/06\/titulacion-diplomado-de-cirugia-bucal-y-traumatologia-dentoalveolar\/\"},\"author\":{\"name\":\"admin\",\"@id\":\"https:\/\/medicina.udd.cl\/odontologia-santiago\/#\/schema\/person\/f7abfa784c86da427e89287831f96ab7\"},\"headline\":\"Titulaci\u00f3n Diplomado de Cirug\u00eda Bucal y Traumatolog\u00eda Dentoalveolar\",\"datePublished\":\"2011-06-06T19:13:18+00:00\",\"dateModified\":\"2011-06-07T16:02:50+00:00\",\"mainEntityOfPage\":{\"@id\":\"https:\/\/medicina.udd.cl\/odontologia-santiago\/noticias\/2011\/06\/06\/titulacion-diplomado-de-cirugia-bucal-y-traumatologia-dentoalveolar\/\"},\"wordCount\":215,\"commentCount\":0,\"articleSection\":[\"Noticias\"],\"inLanguage\":\"es\",\"potentialAction\":[{\"@type\":\"CommentAction\",\"name\":\"Comment\",\"target\":[\"https:\/\/medicina.udd.cl\/odontologia-santiago\/noticias\/2011\/06\/06\/titulacion-diplomado-de-cirugia-bucal-y-traumatologia-dentoalveolar\/#respond\"]}]},{\"@type\":\"WebPage\",\"@id\":\"https:\/\/medicina.udd.cl\/odontologia-santiago\/noticias\/2011\/06\/06\/titulacion-diplomado-de-cirugia-bucal-y-traumatologia-dentoalveolar\/\",\"url\":\"https:\/\/medicina.udd.cl\/odontologia-santiago\/noticias\/2011\/06\/06\/titulacion-diplomado-de-cirugia-bucal-y-traumatologia-dentoalveolar\/\",\"name\":\"Titulaci\u00f3n Diplomado de Cirug\u00eda Bucal y Traumatolog\u00eda Dentoalveolar - Odontolog\u00eda\",\"isPartOf\":{\"@id\":\"https:\/\/medicina.udd.cl\/odontologia-santiago\/#website\"},\"datePublished\":\"2011-06-06T19:13:18+00:00\",\"dateModified\":\"2011-06-07T16:02:50+00:00\",\"author\":{\"@id\":\"https:\/\/medicina.udd.cl\/odontologia-santiago\/#\/schema\/person\/f7abfa784c86da427e89287831f96ab7\"},\"breadcrumb\":{\"@id\":\"https:\/\/medicina.udd.cl\/odontologia-santiago\/noticias\/2011\/06\/06\/titulacion-diplomado-de-cirugia-bucal-y-traumatologia-dentoalveolar\/#breadcrumb\"},\"inLanguage\":\"es\",\"potentialAction\":[{\"@type\":\"ReadAction\",\"target\":[\"https:\/\/medicina.udd.cl\/odontologia-santiago\/noticias\/2011\/06\/06\/titulacion-diplomado-de-cirugia-bucal-y-traumatologia-dentoalveolar\/\"]}]},{\"@type\":\"BreadcrumbList\",\"@id\":\"https:\/\/medicina.udd.cl\/odontologia-santiago\/noticias\/2011\/06\/06\/titulacion-diplomado-de-cirugia-bucal-y-traumatologia-dentoalveolar\/#breadcrumb\",\"itemListElement\":[{\"@type\":\"ListItem\",\"position\":1,\"name\":\"Home\",\"item\":\"https:\/\/medicina.udd.cl\/odontologia-santiago\/\"},{\"@type\":\"ListItem\",\"position\":2,\"name\":\"Titulaci\u00f3n Diplomado de Cirug\u00eda Bucal y Traumatolog\u00eda Dentoalveolar\"}]},{\"@type\":\"WebSite\",\"@id\":\"https:\/\/medicina.udd.cl\/odontologia-santiago\/#website\",\"url\":\"https:\/\/medicina.udd.cl\/odontologia-santiago\/\",\"name\":\"Odontolog\u00eda\",\"description\":\"Facultad de Medicina Cl\u00ednica Alemana Universidad del Desarrollo\",\"inLanguage\":\"es\"},{\"@type\":\"Person\",\"@id\":\"https:\/\/medicina.udd.cl\/odontologia-santiago\/#\/schema\/person\/f7abfa784c86da427e89287831f96ab7\",\"name\":\"admin\",\"image\":{\"@type\":\"ImageObject\",\"inLanguage\":\"es\",\"@id\":\"https:\/\/medicina.udd.cl\/odontologia-santiago\/#\/schema\/person\/image\/\",\"url\":\"https:\/\/secure.gravatar.com\/avatar\/3cb6da298954dfb54457c0910b8c9ca010abd8d87a60f7d701b6ce4254e1c642?s=96&d=mm&r=g\",\"contentUrl\":\"https:\/\/secure.gravatar.com\/avatar\/3cb6da298954dfb54457c0910b8c9ca010abd8d87a60f7d701b6ce4254e1c642?s=96&d=mm&r=g\",\"caption\":\"admin\"},\"url\":\"https:\/\/medicina.udd.cl\/odontologia-santiago\/noticias\/author\/admin\/\"}]}<\/script>\n<!-- \/ Yoast SEO plugin. -->","yoast_head_json":{"title":"Titulaci\u00f3n Diplomado de Cirug\u00eda Bucal y Traumatolog\u00eda Dentoalveolar - Odontolog\u00eda","robots":{"index":"index","follow":"follow","max-snippet":"max-snippet:-1","max-image-preview":"max-image-preview:large","max-video-preview":"max-video-preview:-1"},"canonical":"https:\/\/medicina.udd.cl\/odontologia-santiago\/noticias\/2011\/06\/06\/titulacion-diplomado-de-cirugia-bucal-y-traumatologia-dentoalveolar\/","og_locale":"es_ES","og_type":"article","og_title":"Titulaci\u00f3n Diplomado de Cirug\u00eda Bucal y Traumatolog\u00eda Dentoalveolar - Odontolog\u00eda","og_description":"La ceremonia se realiz\u00f3 en el Auditorio Federico Haecker de Cl\u00ednica Alemana.","og_url":"https:\/\/medicina.udd.cl\/odontologia-santiago\/noticias\/2011\/06\/06\/titulacion-diplomado-de-cirugia-bucal-y-traumatologia-dentoalveolar\/","og_site_name":"Odontolog\u00eda","article_published_time":"2011-06-06T19:13:18+00:00","article_modified_time":"2011-06-07T16:02:50+00:00","og_image":[{"url":"https:\/\/medicina.udd.cl\/odontologia-santiago\/files\/2011\/06\/Titulados-diplomado.jpg","type":"","width":"","height":""}],"author":"admin","twitter_misc":{"Escrito por":"admin","Tiempo de lectura":"1 minuto"},"schema":{"@context":"https:\/\/schema.org","@graph":[{"@type":"Article","@id":"https:\/\/medicina.udd.cl\/odontologia-santiago\/noticias\/2011\/06\/06\/titulacion-diplomado-de-cirugia-bucal-y-traumatologia-dentoalveolar\/#article","isPartOf":{"@id":"https:\/\/medicina.udd.cl\/odontologia-santiago\/noticias\/2011\/06\/06\/titulacion-diplomado-de-cirugia-bucal-y-traumatologia-dentoalveolar\/"},"author":{"name":"admin","@id":"https:\/\/medicina.udd.cl\/odontologia-santiago\/#\/schema\/person\/f7abfa784c86da427e89287831f96ab7"},"headline":"Titulaci\u00f3n Diplomado de Cirug\u00eda Bucal y Traumatolog\u00eda Dentoalveolar","datePublished":"2011-06-06T19:13:18+00:00","dateModified":"2011-06-07T16:02:50+00:00","mainEntityOfPage":{"@id":"https:\/\/medicina.udd.cl\/odontologia-santiago\/noticias\/2011\/06\/06\/titulacion-diplomado-de-cirugia-bucal-y-traumatologia-dentoalveolar\/"},"wordCount":215,"commentCount":0,"articleSection":["Noticias"],"inLanguage":"es","potentialAction":[{"@type":"CommentAction","name":"Comment","target":["https:\/\/medicina.udd.cl\/odontologia-santiago\/noticias\/2011\/06\/06\/titulacion-diplomado-de-cirugia-bucal-y-traumatologia-dentoalveolar\/#respond"]}]},{"@type":"WebPage","@id":"https:\/\/medicina.udd.cl\/odontologia-santiago\/noticias\/2011\/06\/06\/titulacion-diplomado-de-cirugia-bucal-y-traumatologia-dentoalveolar\/","url":"https:\/\/medicina.udd.cl\/odontologia-santiago\/noticias\/2011\/06\/06\/titulacion-diplomado-de-cirugia-bucal-y-traumatologia-dentoalveolar\/","name":"Titulaci\u00f3n Diplomado de Cirug\u00eda Bucal y Traumatolog\u00eda Dentoalveolar - Odontolog\u00eda","isPartOf":{"@id":"https:\/\/medicina.udd.cl\/odontologia-santiago\/#website"},"datePublished":"2011-06-06T19:13:18+00:00","dateModified":"2011-06-07T16:02:50+00:00","author":{"@id":"https:\/\/medicina.udd.cl\/odontologia-santiago\/#\/schema\/person\/f7abfa784c86da427e89287831f96ab7"},"breadcrumb":{"@id":"https:\/\/medicina.udd.cl\/odontologia-santiago\/noticias\/2011\/06\/06\/titulacion-diplomado-de-cirugia-bucal-y-traumatologia-dentoalveolar\/#breadcrumb"},"inLanguage":"es","potentialAction":[{"@type":"ReadAction","target":["https:\/\/medicina.udd.cl\/odontologia-santiago\/noticias\/2011\/06\/06\/titulacion-diplomado-de-cirugia-bucal-y-traumatologia-dentoalveolar\/"]}]},{"@type":"BreadcrumbList","@id":"https:\/\/medicina.udd.cl\/odontologia-santiago\/noticias\/2011\/06\/06\/titulacion-diplomado-de-cirugia-bucal-y-traumatologia-dentoalveolar\/#breadcrumb","itemListElement":[{"@type":"ListItem","position":1,"name":"Home","item":"https:\/\/medicina.udd.cl\/odontologia-santiago\/"},{"@type":"ListItem","position":2,"name":"Titulaci\u00f3n Diplomado de Cirug\u00eda Bucal y Traumatolog\u00eda Dentoalveolar"}]},{"@type":"WebSite","@id":"https:\/\/medicina.udd.cl\/odontologia-santiago\/#website","url":"https:\/\/medicina.udd.cl\/odontologia-santiago\/","name":"Odontolog\u00eda","description":"Facultad de Medicina Cl\u00ednica Alemana Universidad del Desarrollo","inLanguage":"es"},{"@type":"Person","@id":"https:\/\/medicina.udd.cl\/odontologia-santiago\/#\/schema\/person\/f7abfa784c86da427e89287831f96ab7","name":"admin","image":{"@type":"ImageObject","inLanguage":"es","@id":"https:\/\/medicina.udd.cl\/odontologia-santiago\/#\/schema\/person\/image\/","url":"https:\/\/secure.gravatar.com\/avatar\/3cb6da298954dfb54457c0910b8c9ca010abd8d87a60f7d701b6ce4254e1c642?s=96&d=mm&r=g","contentUrl":"https:\/\/secure.gravatar.com\/avatar\/3cb6da298954dfb54457c0910b8c9ca010abd8d87a60f7d701b6ce4254e1c642?s=96&d=mm&r=g","caption":"admin"},"url":"https:\/\/medicina.udd.cl\/odontologia-santiago\/noticias\/author\/admin\/"}]}},"featured_image_url":null,"_links":{"self":[{"href":"https:\/\/medicina.udd.cl\/odontologia-santiago\/wp-json\/wp\/v2\/posts\/652","targetHints":{"allow":["GET"]}}],"collection":[{"href":"https:\/\/medicina.udd.cl\/odontologia-santiago\/wp-json\/wp\/v2\/posts"}],"about":[{"href":"https:\/\/medicina.udd.cl\/odontologia-santiago\/wp-json\/wp\/v2\/types\/post"}],"author":[{"embeddable":true,"href":"https:\/\/medicina.udd.cl\/odontologia-santiago\/wp-json\/wp\/v2\/users\/1"}],"replies":[{"embeddable":true,"href":"https:\/\/medicina.udd.cl\/odontologia-santiago\/wp-json\/wp\/v2\/comments?post=652"}],"version-history":[{"count":3,"href":"https:\/\/medicina.udd.cl\/odontologia-santiago\/wp-json\/wp\/v2\/posts\/652\/revisions"}],"predecessor-version":[{"id":666,"href":"https:\/\/medicina.udd.cl\/odontologia-santiago\/wp-json\/wp\/v2\/posts\/652\/revisions\/666"}],"wp:attachment":[{"href":"https:\/\/medicina.udd.cl\/odontologia-santiago\/wp-json\/wp\/v2\/media?parent=652"}],"wp:term":[{"taxonomy":"category","embeddable":true,"href":"https:\/\/medicina.udd.cl\/odontologia-santiago\/wp-json\/wp\/v2\/categories?post=652"},{"taxonomy":"post_tag","embeddable":true,"href":"https:\/\/medicina.udd.cl\/odontologia-santiago\/wp-json\/wp\/v2\/tags?post=652"}],"curies":[{"name":"wp","href":"https:\/\/api.w.org\/{rel}","templated":true}]}}