{"id":6538,"date":"2021-11-11T10:41:00","date_gmt":"2021-11-11T13:41:00","guid":{"rendered":"https:\/\/medicina.udd.cl\/odontologia-santiago\/?p=6538"},"modified":"2021-11-15T11:45:28","modified_gmt":"2021-11-15T14:45:28","slug":"docentes-de-odontologia-reconocidos-como-profesores-de-excelencia-2020-por-la-universidad-del-desarrollo","status":"publish","type":"post","link":"https:\/\/medicina.udd.cl\/odontologia-santiago\/noticias\/2021\/11\/11\/docentes-de-odontologia-reconocidos-como-profesores-de-excelencia-2020-por-la-universidad-del-desarrollo\/","title":{"rendered":"Docentes de Odontolog\u00eda reconocidos como Profesores de Excelencia 2020 por la Universidad del Desarrollo"},"content":{"rendered":"\n<figure class=\"wp-block-gallery columns-2 is-cropped wp-block-gallery-1 is-layout-flex wp-block-gallery-is-layout-flex\"><ul class=\"blocks-gallery-grid\"><li class=\"blocks-gallery-item\"><figure><img loading=\"lazy\" decoding=\"async\" width=\"1024\" height=\"682\" src=\"https:\/\/medicina.udd.cl\/odontologia-santiago\/files\/2021\/11\/IMG-20211109-WA0010-1024x682.jpg\" alt=\"\" data-id=\"6525\" data-full-url=\"https:\/\/medicina.udd.cl\/odontologia-santiago\/files\/2021\/11\/IMG-20211109-WA0010.jpg\" data-link=\"https:\/\/medicina.udd.cl\/odontologia-santiago\/noticias\/2021\/11\/10\/udd-premio-a-los-profesores-de-excelencia-de-pregrado-y-postgrado-del-ano-academico-2020\/img-20211109-wa0010\/\" class=\"wp-image-6525\" srcset=\"https:\/\/medicina.udd.cl\/odontologia-santiago\/files\/2021\/11\/IMG-20211109-WA0010-1024x682.jpg 1024w, https:\/\/medicina.udd.cl\/odontologia-santiago\/files\/2021\/11\/IMG-20211109-WA0010-300x200.jpg 300w, https:\/\/medicina.udd.cl\/odontologia-santiago\/files\/2021\/11\/IMG-20211109-WA0010-768x512.jpg 768w, https:\/\/medicina.udd.cl\/odontologia-santiago\/files\/2021\/11\/IMG-20211109-WA0010.jpg 1280w\" sizes=\"auto, (max-width: 1024px) 100vw, 1024px\" \/><figcaption class=\"blocks-gallery-item__caption\"><strong><em>Isabel Rodr\u00edguez Vargas<\/em><\/strong><\/figcaption><\/figure><\/li><li class=\"blocks-gallery-item\"><figure><img loading=\"lazy\" decoding=\"async\" width=\"1024\" height=\"682\" src=\"https:\/\/medicina.udd.cl\/odontologia-santiago\/files\/2021\/11\/IMG-20211109-WA0007-1024x682.jpg\" alt=\"\" data-id=\"6523\" data-full-url=\"https:\/\/medicina.udd.cl\/odontologia-santiago\/files\/2021\/11\/IMG-20211109-WA0007.jpg\" data-link=\"https:\/\/medicina.udd.cl\/odontologia-santiago\/noticias\/2021\/11\/10\/udd-premio-a-los-profesores-de-excelencia-de-pregrado-y-postgrado-del-ano-academico-2020\/img-20211109-wa0007\/\" class=\"wp-image-6523\" srcset=\"https:\/\/medicina.udd.cl\/odontologia-santiago\/files\/2021\/11\/IMG-20211109-WA0007-1024x682.jpg 1024w, https:\/\/medicina.udd.cl\/odontologia-santiago\/files\/2021\/11\/IMG-20211109-WA0007-300x200.jpg 300w, https:\/\/medicina.udd.cl\/odontologia-santiago\/files\/2021\/11\/IMG-20211109-WA0007-768x512.jpg 768w, https:\/\/medicina.udd.cl\/odontologia-santiago\/files\/2021\/11\/IMG-20211109-WA0007.jpg 1280w\" sizes=\"auto, (max-width: 1024px) 100vw, 1024px\" \/><figcaption class=\"blocks-gallery-item__caption\"><em> <strong>Andr\u00e9s Meli\u00e1n Rivas<\/strong><\/em><\/figcaption><\/figure><\/li><\/ul><\/figure>\n\n\n\n<p>Este lunes 8 de noviembre, se llev\u00f3 a cabo la tradicional ceremonia de premiaci\u00f3n a los Profesores de Excelencia de pregrado y postgrado de la Universidad del Desarrollo (UDD), correspondiente al a\u00f1o acad\u00e9mico 2020, la cual se efect\u00faa con el fin de reconocer el trabajo, dedicaci\u00f3n y esfuerzo de los docentes.<\/p>\n\n\n\n<p>La instancia inici\u00f3 con un discurso del rector UDD, Federico Vald\u00e9s Lafontaine, qui\u00e9n hizo un an\u00e1lisis de c\u00f3mo se ha desenvuelto la docencia en los \u00faltimos tiempos, la cual ha experimentado grandes cambios. Para finalizar, hizo \u00e9nfasis en el importante rol y desaf\u00edo que tendr\u00e1n los docentes en los pr\u00f3ximos a\u00f1os, considerando la acreditaci\u00f3n de excelencia por 6 a\u00f1os que obtuvo la universidad en todas sus \u00e1reas, otorgado recientemente por la Comisi\u00f3n Nacional de Acreditaci\u00f3n (CNA), el pasado 25 de septiembre.<\/p>\n\n\n\n<p>Seguidamente, se procedi\u00f3 a la premiaci\u00f3n de los docentes de excelencia de cada ciclo acad\u00e9mico de las carreras y postgrado, obteni\u00e9ndose esta distinci\u00f3n en base al m\u00e1s alto desempe\u00f1o percibido por los alumnos y las direcciones de carreras.<\/p>\n\n\n\n<p>Por parte de la carrera de Odontolog\u00eda, sede Santiago, de la Facultad de Medicina Cl\u00ednica Alemana Universidad del Desarrollo, este a\u00f1o se premi\u00f3 a los docentes <strong>Isabel Rodr\u00edguez Vargas<\/strong> y a <strong>Andr\u00e9s Meli\u00e1n Rivas<\/strong>.<\/p>\n\n\n\n<p>Isabel, que es docente del ramo de&nbsp;Cariolog\u00eda y adem\u00e1s, alumni de pre y postgrado UDD,  expres\u00f3 estar muy orgullosa de este reconocimiento que destaca su labor docente por parte de la UDD, donde se form\u00f3 como profesional y donde hoy trabaja con un gran equipo de profesores. \u00ab<em>Para mi es un honor trabajar con profesionales que fueron parte de mi formaci\u00f3n acad\u00e9mica. Estoy feliz con este reconocimiento<\/em>\u00ab. <\/p>\n\n\n\n<p>Asimismo, el profesor Andr\u00e9s Meli\u00e1n, docente de la asignatura de Anatom\u00eda,  se\u00f1al\u00f3 que este premio es muy importante para \u00e9l, no s\u00f3lo en lo acad\u00e9mico sino tambi\u00e9n en lo personal. \u00ab<em>El cari\u00f1o de los estudiantes y de mi equipo de trabajo, ha permitido hacer esto, que es lo que me gusta y me apasiona. Ense\u00f1ar y poder ser parte de la formaci\u00f3n de los futuros profesionales, inculcando no solo conocimiento, sino que formando personas integras y que amen tanto como yo lo que hacen. Es un honor recibir este premio<\/em>\u00ab. <\/p>\n","protected":false},"excerpt":{"rendered":"<p>Este lunes 8 de noviembre, se llev\u00f3 a cabo la tradicional ceremonia de premiaci\u00f3n a los Profesores de Excelencia de pregrado y postgrado de la Universidad del Desarrollo (UDD), correspondiente al a\u00f1o acad\u00e9mico 2020, la cual se efect\u00faa con el fin de reconocer el trabajo, dedicaci\u00f3n y esfuerzo de los docentes. La instancia inici\u00f3 con [&hellip;]<\/p>\n","protected":false},"author":9192219,"featured_media":6542,"comment_status":"open","ping_status":"open","sticky":false,"template":"","format":"standard","meta":{"footnotes":""},"categories":[4],"tags":[],"class_list":["post-6538","post","type-post","status-publish","format-standard","has-post-thumbnail","hentry","category-noticias"],"yoast_head":"<!-- This site is optimized with the Yoast SEO plugin v26.9 - https:\/\/yoast.com\/product\/yoast-seo-wordpress\/ -->\n<title>Docentes de Odontolog\u00eda reconocidos como Profesores de Excelencia 2020 por la Universidad del Desarrollo - Odontolog\u00eda<\/title>\n<meta name=\"robots\" content=\"index, follow, max-snippet:-1, max-image-preview:large, max-video-preview:-1\" \/>\n<link rel=\"canonical\" href=\"https:\/\/medicina.udd.cl\/odontologia-santiago\/noticias\/2021\/11\/11\/docentes-de-odontologia-reconocidos-como-profesores-de-excelencia-2020-por-la-universidad-del-desarrollo\/\" \/>\n<meta property=\"og:locale\" content=\"es_ES\" \/>\n<meta property=\"og:type\" content=\"article\" \/>\n<meta property=\"og:title\" content=\"Docentes de Odontolog\u00eda reconocidos como Profesores de Excelencia 2020 por la Universidad del Desarrollo - Odontolog\u00eda\" \/>\n<meta property=\"og:description\" content=\"Este lunes 8 de noviembre, se llev\u00f3 a cabo la tradicional ceremonia de premiaci\u00f3n a los Profesores de Excelencia de pregrado y postgrado de la Universidad del Desarrollo (UDD), correspondiente al a\u00f1o acad\u00e9mico 2020, la cual se efect\u00faa con el fin de reconocer el trabajo, dedicaci\u00f3n y esfuerzo de los docentes. La instancia inici\u00f3 con [&hellip;]\" \/>\n<meta property=\"og:url\" content=\"https:\/\/medicina.udd.cl\/odontologia-santiago\/noticias\/2021\/11\/11\/docentes-de-odontologia-reconocidos-como-profesores-de-excelencia-2020-por-la-universidad-del-desarrollo\/\" \/>\n<meta property=\"og:site_name\" content=\"Odontolog\u00eda\" \/>\n<meta property=\"article:published_time\" content=\"2021-11-11T13:41:00+00:00\" \/>\n<meta property=\"article:modified_time\" content=\"2021-11-15T14:45:28+00:00\" \/>\n<meta property=\"og:image\" content=\"https:\/\/medicina.udd.cl\/odontologia-santiago\/files\/2021\/11\/Portada-Profesores-Excelencia-Odonto-UDD-2020.2.jpg\" \/>\n\t<meta property=\"og:image:width\" content=\"378\" \/>\n\t<meta property=\"og:image:height\" content=\"352\" \/>\n\t<meta property=\"og:image:type\" content=\"image\/jpeg\" \/>\n<meta name=\"author\" content=\"rbraidy\" \/>\n<meta name=\"twitter:label1\" content=\"Escrito por\" \/>\n\t<meta name=\"twitter:data1\" content=\"rbraidy\" \/>\n\t<meta name=\"twitter:label2\" content=\"Tiempo de lectura\" \/>\n\t<meta name=\"twitter:data2\" content=\"2 minutos\" \/>\n<script type=\"application\/ld+json\" class=\"yoast-schema-graph\">{\"@context\":\"https:\/\/schema.org\",\"@graph\":[{\"@type\":\"Article\",\"@id\":\"https:\/\/medicina.udd.cl\/odontologia-santiago\/noticias\/2021\/11\/11\/docentes-de-odontologia-reconocidos-como-profesores-de-excelencia-2020-por-la-universidad-del-desarrollo\/#article\",\"isPartOf\":{\"@id\":\"https:\/\/medicina.udd.cl\/odontologia-santiago\/noticias\/2021\/11\/11\/docentes-de-odontologia-reconocidos-como-profesores-de-excelencia-2020-por-la-universidad-del-desarrollo\/\"},\"author\":{\"name\":\"rbraidy\",\"@id\":\"https:\/\/medicina.udd.cl\/odontologia-santiago\/#\/schema\/person\/dbc3705bf3a93e8be1ba6de0ef950341\"},\"headline\":\"Docentes de Odontolog\u00eda reconocidos como Profesores de Excelencia 2020 por la Universidad del Desarrollo\",\"datePublished\":\"2021-11-11T13:41:00+00:00\",\"dateModified\":\"2021-11-15T14:45:28+00:00\",\"mainEntityOfPage\":{\"@id\":\"https:\/\/medicina.udd.cl\/odontologia-santiago\/noticias\/2021\/11\/11\/docentes-de-odontologia-reconocidos-como-profesores-de-excelencia-2020-por-la-universidad-del-desarrollo\/\"},\"wordCount\":425,\"commentCount\":0,\"image\":{\"@id\":\"https:\/\/medicina.udd.cl\/odontologia-santiago\/noticias\/2021\/11\/11\/docentes-de-odontologia-reconocidos-como-profesores-de-excelencia-2020-por-la-universidad-del-desarrollo\/#primaryimage\"},\"thumbnailUrl\":\"https:\/\/medicina.udd.cl\/odontologia-santiago\/files\/2021\/11\/Portada-Profesores-Excelencia-Odonto-UDD-2020.2.jpg\",\"articleSection\":[\"Noticias\"],\"inLanguage\":\"es\",\"potentialAction\":[{\"@type\":\"CommentAction\",\"name\":\"Comment\",\"target\":[\"https:\/\/medicina.udd.cl\/odontologia-santiago\/noticias\/2021\/11\/11\/docentes-de-odontologia-reconocidos-como-profesores-de-excelencia-2020-por-la-universidad-del-desarrollo\/#respond\"]}]},{\"@type\":\"WebPage\",\"@id\":\"https:\/\/medicina.udd.cl\/odontologia-santiago\/noticias\/2021\/11\/11\/docentes-de-odontologia-reconocidos-como-profesores-de-excelencia-2020-por-la-universidad-del-desarrollo\/\",\"url\":\"https:\/\/medicina.udd.cl\/odontologia-santiago\/noticias\/2021\/11\/11\/docentes-de-odontologia-reconocidos-como-profesores-de-excelencia-2020-por-la-universidad-del-desarrollo\/\",\"name\":\"Docentes de Odontolog\u00eda reconocidos como Profesores de Excelencia 2020 por la Universidad del Desarrollo - Odontolog\u00eda\",\"isPartOf\":{\"@id\":\"https:\/\/medicina.udd.cl\/odontologia-santiago\/#website\"},\"primaryImageOfPage\":{\"@id\":\"https:\/\/medicina.udd.cl\/odontologia-santiago\/noticias\/2021\/11\/11\/docentes-de-odontologia-reconocidos-como-profesores-de-excelencia-2020-por-la-universidad-del-desarrollo\/#primaryimage\"},\"image\":{\"@id\":\"https:\/\/medicina.udd.cl\/odontologia-santiago\/noticias\/2021\/11\/11\/docentes-de-odontologia-reconocidos-como-profesores-de-excelencia-2020-por-la-universidad-del-desarrollo\/#primaryimage\"},\"thumbnailUrl\":\"https:\/\/medicina.udd.cl\/odontologia-santiago\/files\/2021\/11\/Portada-Profesores-Excelencia-Odonto-UDD-2020.2.jpg\",\"datePublished\":\"2021-11-11T13:41:00+00:00\",\"dateModified\":\"2021-11-15T14:45:28+00:00\",\"author\":{\"@id\":\"https:\/\/medicina.udd.cl\/odontologia-santiago\/#\/schema\/person\/dbc3705bf3a93e8be1ba6de0ef950341\"},\"breadcrumb\":{\"@id\":\"https:\/\/medicina.udd.cl\/odontologia-santiago\/noticias\/2021\/11\/11\/docentes-de-odontologia-reconocidos-como-profesores-de-excelencia-2020-por-la-universidad-del-desarrollo\/#breadcrumb\"},\"inLanguage\":\"es\",\"potentialAction\":[{\"@type\":\"ReadAction\",\"target\":[\"https:\/\/medicina.udd.cl\/odontologia-santiago\/noticias\/2021\/11\/11\/docentes-de-odontologia-reconocidos-como-profesores-de-excelencia-2020-por-la-universidad-del-desarrollo\/\"]}]},{\"@type\":\"ImageObject\",\"inLanguage\":\"es\",\"@id\":\"https:\/\/medicina.udd.cl\/odontologia-santiago\/noticias\/2021\/11\/11\/docentes-de-odontologia-reconocidos-como-profesores-de-excelencia-2020-por-la-universidad-del-desarrollo\/#primaryimage\",\"url\":\"https:\/\/medicina.udd.cl\/odontologia-santiago\/files\/2021\/11\/Portada-Profesores-Excelencia-Odonto-UDD-2020.2.jpg\",\"contentUrl\":\"https:\/\/medicina.udd.cl\/odontologia-santiago\/files\/2021\/11\/Portada-Profesores-Excelencia-Odonto-UDD-2020.2.jpg\",\"width\":378,\"height\":352},{\"@type\":\"BreadcrumbList\",\"@id\":\"https:\/\/medicina.udd.cl\/odontologia-santiago\/noticias\/2021\/11\/11\/docentes-de-odontologia-reconocidos-como-profesores-de-excelencia-2020-por-la-universidad-del-desarrollo\/#breadcrumb\",\"itemListElement\":[{\"@type\":\"ListItem\",\"position\":1,\"name\":\"Home\",\"item\":\"https:\/\/medicina.udd.cl\/odontologia-santiago\/\"},{\"@type\":\"ListItem\",\"position\":2,\"name\":\"Docentes de Odontolog\u00eda reconocidos como Profesores de Excelencia 2020 por la Universidad del Desarrollo\"}]},{\"@type\":\"WebSite\",\"@id\":\"https:\/\/medicina.udd.cl\/odontologia-santiago\/#website\",\"url\":\"https:\/\/medicina.udd.cl\/odontologia-santiago\/\",\"name\":\"Odontolog\u00eda\",\"description\":\"Facultad de Medicina Cl\u00ednica Alemana Universidad del Desarrollo\",\"inLanguage\":\"es\"},{\"@type\":\"Person\",\"@id\":\"https:\/\/medicina.udd.cl\/odontologia-santiago\/#\/schema\/person\/dbc3705bf3a93e8be1ba6de0ef950341\",\"name\":\"rbraidy\",\"image\":{\"@type\":\"ImageObject\",\"inLanguage\":\"es\",\"@id\":\"https:\/\/medicina.udd.cl\/odontologia-santiago\/#\/schema\/person\/image\/\",\"url\":\"https:\/\/secure.gravatar.com\/avatar\/0f8bc94637401590e45d2ce17eb65c274cb8870a219de6177f3f23e63fd8cdf3?s=96&d=mm&r=g\",\"contentUrl\":\"https:\/\/secure.gravatar.com\/avatar\/0f8bc94637401590e45d2ce17eb65c274cb8870a219de6177f3f23e63fd8cdf3?s=96&d=mm&r=g\",\"caption\":\"rbraidy\"},\"url\":\"https:\/\/medicina.udd.cl\/odontologia-santiago\/noticias\/author\/rbraidy\/\"}]}<\/script>\n<!-- \/ Yoast SEO plugin. -->","yoast_head_json":{"title":"Docentes de Odontolog\u00eda reconocidos como Profesores de Excelencia 2020 por la Universidad del Desarrollo - Odontolog\u00eda","robots":{"index":"index","follow":"follow","max-snippet":"max-snippet:-1","max-image-preview":"max-image-preview:large","max-video-preview":"max-video-preview:-1"},"canonical":"https:\/\/medicina.udd.cl\/odontologia-santiago\/noticias\/2021\/11\/11\/docentes-de-odontologia-reconocidos-como-profesores-de-excelencia-2020-por-la-universidad-del-desarrollo\/","og_locale":"es_ES","og_type":"article","og_title":"Docentes de Odontolog\u00eda reconocidos como Profesores de Excelencia 2020 por la Universidad del Desarrollo - Odontolog\u00eda","og_description":"Este lunes 8 de noviembre, se llev\u00f3 a cabo la tradicional ceremonia de premiaci\u00f3n a los Profesores de Excelencia de pregrado y postgrado de la Universidad del Desarrollo (UDD), correspondiente al a\u00f1o acad\u00e9mico 2020, la cual se efect\u00faa con el fin de reconocer el trabajo, dedicaci\u00f3n y esfuerzo de los docentes. La instancia inici\u00f3 con [&hellip;]","og_url":"https:\/\/medicina.udd.cl\/odontologia-santiago\/noticias\/2021\/11\/11\/docentes-de-odontologia-reconocidos-como-profesores-de-excelencia-2020-por-la-universidad-del-desarrollo\/","og_site_name":"Odontolog\u00eda","article_published_time":"2021-11-11T13:41:00+00:00","article_modified_time":"2021-11-15T14:45:28+00:00","og_image":[{"width":378,"height":352,"url":"https:\/\/medicina.udd.cl\/odontologia-santiago\/files\/2021\/11\/Portada-Profesores-Excelencia-Odonto-UDD-2020.2.jpg","type":"image\/jpeg"}],"author":"rbraidy","twitter_misc":{"Escrito por":"rbraidy","Tiempo de lectura":"2 minutos"},"schema":{"@context":"https:\/\/schema.org","@graph":[{"@type":"Article","@id":"https:\/\/medicina.udd.cl\/odontologia-santiago\/noticias\/2021\/11\/11\/docentes-de-odontologia-reconocidos-como-profesores-de-excelencia-2020-por-la-universidad-del-desarrollo\/#article","isPartOf":{"@id":"https:\/\/medicina.udd.cl\/odontologia-santiago\/noticias\/2021\/11\/11\/docentes-de-odontologia-reconocidos-como-profesores-de-excelencia-2020-por-la-universidad-del-desarrollo\/"},"author":{"name":"rbraidy","@id":"https:\/\/medicina.udd.cl\/odontologia-santiago\/#\/schema\/person\/dbc3705bf3a93e8be1ba6de0ef950341"},"headline":"Docentes de Odontolog\u00eda reconocidos como Profesores de Excelencia 2020 por la Universidad del Desarrollo","datePublished":"2021-11-11T13:41:00+00:00","dateModified":"2021-11-15T14:45:28+00:00","mainEntityOfPage":{"@id":"https:\/\/medicina.udd.cl\/odontologia-santiago\/noticias\/2021\/11\/11\/docentes-de-odontologia-reconocidos-como-profesores-de-excelencia-2020-por-la-universidad-del-desarrollo\/"},"wordCount":425,"commentCount":0,"image":{"@id":"https:\/\/medicina.udd.cl\/odontologia-santiago\/noticias\/2021\/11\/11\/docentes-de-odontologia-reconocidos-como-profesores-de-excelencia-2020-por-la-universidad-del-desarrollo\/#primaryimage"},"thumbnailUrl":"https:\/\/medicina.udd.cl\/odontologia-santiago\/files\/2021\/11\/Portada-Profesores-Excelencia-Odonto-UDD-2020.2.jpg","articleSection":["Noticias"],"inLanguage":"es","potentialAction":[{"@type":"CommentAction","name":"Comment","target":["https:\/\/medicina.udd.cl\/odontologia-santiago\/noticias\/2021\/11\/11\/docentes-de-odontologia-reconocidos-como-profesores-de-excelencia-2020-por-la-universidad-del-desarrollo\/#respond"]}]},{"@type":"WebPage","@id":"https:\/\/medicina.udd.cl\/odontologia-santiago\/noticias\/2021\/11\/11\/docentes-de-odontologia-reconocidos-como-profesores-de-excelencia-2020-por-la-universidad-del-desarrollo\/","url":"https:\/\/medicina.udd.cl\/odontologia-santiago\/noticias\/2021\/11\/11\/docentes-de-odontologia-reconocidos-como-profesores-de-excelencia-2020-por-la-universidad-del-desarrollo\/","name":"Docentes de Odontolog\u00eda reconocidos como Profesores de Excelencia 2020 por la Universidad del Desarrollo - Odontolog\u00eda","isPartOf":{"@id":"https:\/\/medicina.udd.cl\/odontologia-santiago\/#website"},"primaryImageOfPage":{"@id":"https:\/\/medicina.udd.cl\/odontologia-santiago\/noticias\/2021\/11\/11\/docentes-de-odontologia-reconocidos-como-profesores-de-excelencia-2020-por-la-universidad-del-desarrollo\/#primaryimage"},"image":{"@id":"https:\/\/medicina.udd.cl\/odontologia-santiago\/noticias\/2021\/11\/11\/docentes-de-odontologia-reconocidos-como-profesores-de-excelencia-2020-por-la-universidad-del-desarrollo\/#primaryimage"},"thumbnailUrl":"https:\/\/medicina.udd.cl\/odontologia-santiago\/files\/2021\/11\/Portada-Profesores-Excelencia-Odonto-UDD-2020.2.jpg","datePublished":"2021-11-11T13:41:00+00:00","dateModified":"2021-11-15T14:45:28+00:00","author":{"@id":"https:\/\/medicina.udd.cl\/odontologia-santiago\/#\/schema\/person\/dbc3705bf3a93e8be1ba6de0ef950341"},"breadcrumb":{"@id":"https:\/\/medicina.udd.cl\/odontologia-santiago\/noticias\/2021\/11\/11\/docentes-de-odontologia-reconocidos-como-profesores-de-excelencia-2020-por-la-universidad-del-desarrollo\/#breadcrumb"},"inLanguage":"es","potentialAction":[{"@type":"ReadAction","target":["https:\/\/medicina.udd.cl\/odontologia-santiago\/noticias\/2021\/11\/11\/docentes-de-odontologia-reconocidos-como-profesores-de-excelencia-2020-por-la-universidad-del-desarrollo\/"]}]},{"@type":"ImageObject","inLanguage":"es","@id":"https:\/\/medicina.udd.cl\/odontologia-santiago\/noticias\/2021\/11\/11\/docentes-de-odontologia-reconocidos-como-profesores-de-excelencia-2020-por-la-universidad-del-desarrollo\/#primaryimage","url":"https:\/\/medicina.udd.cl\/odontologia-santiago\/files\/2021\/11\/Portada-Profesores-Excelencia-Odonto-UDD-2020.2.jpg","contentUrl":"https:\/\/medicina.udd.cl\/odontologia-santiago\/files\/2021\/11\/Portada-Profesores-Excelencia-Odonto-UDD-2020.2.jpg","width":378,"height":352},{"@type":"BreadcrumbList","@id":"https:\/\/medicina.udd.cl\/odontologia-santiago\/noticias\/2021\/11\/11\/docentes-de-odontologia-reconocidos-como-profesores-de-excelencia-2020-por-la-universidad-del-desarrollo\/#breadcrumb","itemListElement":[{"@type":"ListItem","position":1,"name":"Home","item":"https:\/\/medicina.udd.cl\/odontologia-santiago\/"},{"@type":"ListItem","position":2,"name":"Docentes de Odontolog\u00eda reconocidos como Profesores de Excelencia 2020 por la Universidad del Desarrollo"}]},{"@type":"WebSite","@id":"https:\/\/medicina.udd.cl\/odontologia-santiago\/#website","url":"https:\/\/medicina.udd.cl\/odontologia-santiago\/","name":"Odontolog\u00eda","description":"Facultad de Medicina Cl\u00ednica Alemana Universidad del Desarrollo","inLanguage":"es"},{"@type":"Person","@id":"https:\/\/medicina.udd.cl\/odontologia-santiago\/#\/schema\/person\/dbc3705bf3a93e8be1ba6de0ef950341","name":"rbraidy","image":{"@type":"ImageObject","inLanguage":"es","@id":"https:\/\/medicina.udd.cl\/odontologia-santiago\/#\/schema\/person\/image\/","url":"https:\/\/secure.gravatar.com\/avatar\/0f8bc94637401590e45d2ce17eb65c274cb8870a219de6177f3f23e63fd8cdf3?s=96&d=mm&r=g","contentUrl":"https:\/\/secure.gravatar.com\/avatar\/0f8bc94637401590e45d2ce17eb65c274cb8870a219de6177f3f23e63fd8cdf3?s=96&d=mm&r=g","caption":"rbraidy"},"url":"https:\/\/medicina.udd.cl\/odontologia-santiago\/noticias\/author\/rbraidy\/"}]}},"featured_image_url":"https:\/\/medicina.udd.cl\/odontologia-santiago\/files\/2021\/11\/Portada-Profesores-Excelencia-Odonto-UDD-2020.2.jpg","_links":{"self":[{"href":"https:\/\/medicina.udd.cl\/odontologia-santiago\/wp-json\/wp\/v2\/posts\/6538","targetHints":{"allow":["GET"]}}],"collection":[{"href":"https:\/\/medicina.udd.cl\/odontologia-santiago\/wp-json\/wp\/v2\/posts"}],"about":[{"href":"https:\/\/medicina.udd.cl\/odontologia-santiago\/wp-json\/wp\/v2\/types\/post"}],"author":[{"embeddable":true,"href":"https:\/\/medicina.udd.cl\/odontologia-santiago\/wp-json\/wp\/v2\/users\/9192219"}],"replies":[{"embeddable":true,"href":"https:\/\/medicina.udd.cl\/odontologia-santiago\/wp-json\/wp\/v2\/comments?post=6538"}],"version-history":[{"count":2,"href":"https:\/\/medicina.udd.cl\/odontologia-santiago\/wp-json\/wp\/v2\/posts\/6538\/revisions"}],"predecessor-version":[{"id":6543,"href":"https:\/\/medicina.udd.cl\/odontologia-santiago\/wp-json\/wp\/v2\/posts\/6538\/revisions\/6543"}],"wp:featuredmedia":[{"embeddable":true,"href":"https:\/\/medicina.udd.cl\/odontologia-santiago\/wp-json\/wp\/v2\/media\/6542"}],"wp:attachment":[{"href":"https:\/\/medicina.udd.cl\/odontologia-santiago\/wp-json\/wp\/v2\/media?parent=6538"}],"wp:term":[{"taxonomy":"category","embeddable":true,"href":"https:\/\/medicina.udd.cl\/odontologia-santiago\/wp-json\/wp\/v2\/categories?post=6538"},{"taxonomy":"post_tag","embeddable":true,"href":"https:\/\/medicina.udd.cl\/odontologia-santiago\/wp-json\/wp\/v2\/tags?post=6538"}],"curies":[{"name":"wp","href":"https:\/\/api.w.org\/{rel}","templated":true}]}}