{"id":6924,"date":"2022-05-05T19:37:00","date_gmt":"2022-05-05T23:37:00","guid":{"rendered":"https:\/\/medicina.udd.cl\/odontologia-santiago\/?p=6924"},"modified":"2022-05-16T12:33:07","modified_gmt":"2022-05-16T16:33:07","slug":"odontologia-udd-presento-el-libro-encias-sanas-para-dormir-tranquilos","status":"publish","type":"post","link":"https:\/\/medicina.udd.cl\/odontologia-santiago\/noticias\/2022\/05\/05\/odontologia-udd-presento-el-libro-encias-sanas-para-dormir-tranquilos\/","title":{"rendered":"Odontolog\u00eda UDD present\u00f3 el libro \u201cEnc\u00edas Sanas para Dormir Tranquilos\u201d"},"content":{"rendered":"\n<div class=\"wp-block-image\"><figure class=\"alignright size-large is-resized\"><img loading=\"lazy\" decoding=\"async\" src=\"https:\/\/medicina.udd.cl\/odontologia-santiago\/files\/2022\/05\/conversatorio-encias-sanas-para-dormir-tranquilo-img.jpg\" alt=\"\" class=\"wp-image-6890\" width=\"500\" height=\"325\" srcset=\"https:\/\/medicina.udd.cl\/odontologia-santiago\/files\/2022\/05\/conversatorio-encias-sanas-para-dormir-tranquilo-img.jpg 1000w, https:\/\/medicina.udd.cl\/odontologia-santiago\/files\/2022\/05\/conversatorio-encias-sanas-para-dormir-tranquilo-img-300x195.jpg 300w, https:\/\/medicina.udd.cl\/odontologia-santiago\/files\/2022\/05\/conversatorio-encias-sanas-para-dormir-tranquilo-img-768x499.jpg 768w\" sizes=\"auto, (max-width: 500px) 100vw, 500px\" \/><\/figure><\/div>\n\n\n\n<p>En el marco de la semana de la enc\u00eda 2022, se realiz\u00f3 la presentaci\u00f3n del libro digital de cuentos ilustrados \u201c<a href=\"https:\/\/medicina.udd.cl\/files\/2022\/05\/Libro_Enc%C3%ADas_Sanas_para_dormir_tranquilos_Odontolog%C3%ADa_UDD_2022.pdf\">Enc\u00edas Sanas para Dormir Tranquilos<\/a>\u201d, una iniciativa de la carrera de Odontolog\u00eda de la Facultad de Medicina Cl\u00ednica Alemana Universidad del Desarrollo.<\/p>\n\n\n\n<p>En la presentaci\u00f3n, participaron la Dra. Denisse Hern\u00e1ndez Fortu\u00f1o, vicepresidenta de la Sociedad de Periodoncia de Chile, el Dr. Eduardo Aguilera, director del Post\u00edtulo de Periodoncia Odontolog\u00eda UDD, la Dra. Tania Alarc\u00f3n, profesora de Periodoncia Odontolog\u00eda UDD y la Sra. Mar\u00eda Josefina Valdivia, directora de la carrera Pedagog\u00eda en Educaci\u00f3n de P\u00e1rvulos UDD. El encuentro fue moderado por el Dr. Danilo Ocaranza, director de la carrera de Odontolog\u00eda de la Facultad de Medicina Cl\u00ednica Alemana Universidad del Desarrollo.<\/p>\n\n\n\n<p>Los cuentos fueron escritos y donados por personas cercanas al mundo de la periodoncia interesados en la educaci\u00f3n del autocuidado de la salud bucal. Las ilustraciones fueron realizadas por el artista V\u00edctor Hugo Riveros.<\/p>\n\n\n\n<p>En su quinto a\u00f1o, la semana de la enc\u00eda se realizar\u00e1 entre el 9 y el 13 de mayo y est\u00e1 dirigida por la Sociedad de Periodoncia de Chile, organizaci\u00f3n que promueve el estudio, difusi\u00f3n, progreso y perfeccionamiento de la Especialidad de Periodoncia, para contribuir a mejorar la salud periodontal de la poblaci\u00f3n, a generar v\u00ednculos entre los especialistas tanto del pa\u00eds como extranjeros y, en t\u00e9rminos generales, elevar el nivel cient\u00edfico t\u00e9cnico de la especialidad.<\/p>\n\n\n\n<p>Descarga el libro <strong><a href=\"https:\/\/medicina.udd.cl\/files\/2022\/05\/Libro_Enc%C3%ADas_Sanas_para_dormir_tranquilos_Odontolog%C3%ADa_UDD_2022.pdf\">AQU\u00cd<\/a><\/strong><\/p>\n\n\n\n<figure class=\"wp-block-gallery columns-3 is-cropped wp-block-gallery-1 is-layout-flex wp-block-gallery-is-layout-flex\"><ul class=\"blocks-gallery-grid\"><li class=\"blocks-gallery-item\"><figure><img loading=\"lazy\" decoding=\"async\" width=\"1024\" height=\"683\" src=\"https:\/\/medicina.udd.cl\/odontologia-santiago\/files\/2022\/05\/0Y6A2312-1024x683.jpg\" alt=\"\" data-id=\"6931\" data-full-url=\"https:\/\/medicina.udd.cl\/odontologia-santiago\/files\/2022\/05\/0Y6A2312-scaled.jpg\" data-link=\"https:\/\/medicina.udd.cl\/odontologia-santiago\/?attachment_id=6931\" class=\"wp-image-6931\" srcset=\"https:\/\/medicina.udd.cl\/odontologia-santiago\/files\/2022\/05\/0Y6A2312-1024x683.jpg 1024w, https:\/\/medicina.udd.cl\/odontologia-santiago\/files\/2022\/05\/0Y6A2312-300x200.jpg 300w, https:\/\/medicina.udd.cl\/odontologia-santiago\/files\/2022\/05\/0Y6A2312-768x512.jpg 768w, https:\/\/medicina.udd.cl\/odontologia-santiago\/files\/2022\/05\/0Y6A2312-1536x1024.jpg 1536w, https:\/\/medicina.udd.cl\/odontologia-santiago\/files\/2022\/05\/0Y6A2312-2048x1365.jpg 2048w\" sizes=\"auto, (max-width: 1024px) 100vw, 1024px\" \/><\/figure><\/li><li class=\"blocks-gallery-item\"><figure><img loading=\"lazy\" decoding=\"async\" width=\"1024\" height=\"683\" src=\"https:\/\/medicina.udd.cl\/odontologia-santiago\/files\/2022\/05\/0Y6A2293-1024x683.jpg\" alt=\"\" data-id=\"6927\" data-full-url=\"https:\/\/medicina.udd.cl\/odontologia-santiago\/files\/2022\/05\/0Y6A2293-scaled.jpg\" data-link=\"https:\/\/medicina.udd.cl\/odontologia-santiago\/?attachment_id=6927\" class=\"wp-image-6927\" srcset=\"https:\/\/medicina.udd.cl\/odontologia-santiago\/files\/2022\/05\/0Y6A2293-1024x683.jpg 1024w, https:\/\/medicina.udd.cl\/odontologia-santiago\/files\/2022\/05\/0Y6A2293-300x200.jpg 300w, https:\/\/medicina.udd.cl\/odontologia-santiago\/files\/2022\/05\/0Y6A2293-768x512.jpg 768w, https:\/\/medicina.udd.cl\/odontologia-santiago\/files\/2022\/05\/0Y6A2293-1536x1024.jpg 1536w, https:\/\/medicina.udd.cl\/odontologia-santiago\/files\/2022\/05\/0Y6A2293-2048x1365.jpg 2048w\" sizes=\"auto, (max-width: 1024px) 100vw, 1024px\" \/><\/figure><\/li><li class=\"blocks-gallery-item\"><figure><img loading=\"lazy\" decoding=\"async\" width=\"1024\" height=\"683\" src=\"https:\/\/medicina.udd.cl\/odontologia-santiago\/files\/2022\/05\/0Y6A2302-1024x683.jpg\" alt=\"\" data-id=\"6928\" data-full-url=\"https:\/\/medicina.udd.cl\/odontologia-santiago\/files\/2022\/05\/0Y6A2302-scaled.jpg\" data-link=\"https:\/\/medicina.udd.cl\/odontologia-santiago\/?attachment_id=6928\" class=\"wp-image-6928\" srcset=\"https:\/\/medicina.udd.cl\/odontologia-santiago\/files\/2022\/05\/0Y6A2302-1024x683.jpg 1024w, https:\/\/medicina.udd.cl\/odontologia-santiago\/files\/2022\/05\/0Y6A2302-300x200.jpg 300w, https:\/\/medicina.udd.cl\/odontologia-santiago\/files\/2022\/05\/0Y6A2302-768x512.jpg 768w, https:\/\/medicina.udd.cl\/odontologia-santiago\/files\/2022\/05\/0Y6A2302-1536x1024.jpg 1536w, https:\/\/medicina.udd.cl\/odontologia-santiago\/files\/2022\/05\/0Y6A2302-2048x1365.jpg 2048w\" sizes=\"auto, (max-width: 1024px) 100vw, 1024px\" \/><\/figure><\/li><li class=\"blocks-gallery-item\"><figure><img loading=\"lazy\" decoding=\"async\" width=\"1024\" height=\"630\" src=\"https:\/\/medicina.udd.cl\/odontologia-santiago\/files\/2022\/05\/0Y6A2286-1024x630.jpg\" alt=\"\" data-id=\"6926\" data-full-url=\"https:\/\/medicina.udd.cl\/odontologia-santiago\/files\/2022\/05\/0Y6A2286-scaled.jpg\" data-link=\"https:\/\/medicina.udd.cl\/odontologia-santiago\/?attachment_id=6926\" class=\"wp-image-6926\" srcset=\"https:\/\/medicina.udd.cl\/odontologia-santiago\/files\/2022\/05\/0Y6A2286-1024x630.jpg 1024w, https:\/\/medicina.udd.cl\/odontologia-santiago\/files\/2022\/05\/0Y6A2286-300x185.jpg 300w, https:\/\/medicina.udd.cl\/odontologia-santiago\/files\/2022\/05\/0Y6A2286-768x472.jpg 768w, https:\/\/medicina.udd.cl\/odontologia-santiago\/files\/2022\/05\/0Y6A2286-1536x945.jpg 1536w, https:\/\/medicina.udd.cl\/odontologia-santiago\/files\/2022\/05\/0Y6A2286-2048x1260.jpg 2048w\" sizes=\"auto, (max-width: 1024px) 100vw, 1024px\" \/><\/figure><\/li><li class=\"blocks-gallery-item\"><figure><img loading=\"lazy\" decoding=\"async\" width=\"1024\" height=\"724\" src=\"https:\/\/medicina.udd.cl\/odontologia-santiago\/files\/2022\/05\/0Y6A2281-1024x724.jpg\" alt=\"\" data-id=\"6925\" data-full-url=\"https:\/\/medicina.udd.cl\/odontologia-santiago\/files\/2022\/05\/0Y6A2281-scaled.jpg\" data-link=\"https:\/\/medicina.udd.cl\/odontologia-santiago\/?attachment_id=6925\" class=\"wp-image-6925\" srcset=\"https:\/\/medicina.udd.cl\/odontologia-santiago\/files\/2022\/05\/0Y6A2281-1024x724.jpg 1024w, https:\/\/medicina.udd.cl\/odontologia-santiago\/files\/2022\/05\/0Y6A2281-300x212.jpg 300w, https:\/\/medicina.udd.cl\/odontologia-santiago\/files\/2022\/05\/0Y6A2281-768x543.jpg 768w, https:\/\/medicina.udd.cl\/odontologia-santiago\/files\/2022\/05\/0Y6A2281-316x224.jpg 316w, https:\/\/medicina.udd.cl\/odontologia-santiago\/files\/2022\/05\/0Y6A2281-87x62.jpg 87w, https:\/\/medicina.udd.cl\/odontologia-santiago\/files\/2022\/05\/0Y6A2281-1536x1085.jpg 1536w, https:\/\/medicina.udd.cl\/odontologia-santiago\/files\/2022\/05\/0Y6A2281-2048x1447.jpg 2048w\" sizes=\"auto, (max-width: 1024px) 100vw, 1024px\" \/><\/figure><\/li><\/ul><\/figure>\n\n\n\n<p>Ver presentaci\u00f3n del libro:<\/p>\n\n\n\n<figure class=\"wp-block-embed-youtube wp-block-embed is-type-video is-provider-youtube wp-embed-aspect-16-9 wp-has-aspect-ratio\"><div class=\"wp-block-embed__wrapper\">\n<iframe loading=\"lazy\" title=\"Conversatorio y Lanzamiento de libro de cuentos ilustrados\" width=\"500\" height=\"281\" src=\"https:\/\/www.youtube.com\/embed\/9rtg3HVSaSs?start=102&#038;feature=oembed&#038;rel=0&#038;modestbranding=1&#038;autohide=1&#038;autoplay=0&#038;enablejsapi=1&#038;showinfo=0\" allowautoplay=\"allowautoplay\" frameborder=\"0\" allow=\"accelerometer; autoplay; clipboard-write; encrypted-media; gyroscope; picture-in-picture; web-share\" referrerpolicy=\"strict-origin-when-cross-origin\" allowfullscreen><\/iframe>\n<\/div><\/figure>\n\n\n\n<p><br><\/p>\n","protected":false},"excerpt":{"rendered":"<p>En el marco de la semana de la enc\u00eda 2022, se realiz\u00f3 la presentaci\u00f3n del libro digital de cuentos ilustrados \u201cEnc\u00edas Sanas para Dormir Tranquilos\u201d, una iniciativa de la carrera de Odontolog\u00eda de la Facultad de Medicina Cl\u00ednica Alemana Universidad del Desarrollo. En la presentaci\u00f3n, participaron la Dra. Denisse Hern\u00e1ndez Fortu\u00f1o, vicepresidenta de la Sociedad [&hellip;]<\/p>\n","protected":false},"author":9192219,"featured_media":6933,"comment_status":"open","ping_status":"open","sticky":false,"template":"","format":"standard","meta":{"footnotes":""},"categories":[4],"tags":[],"class_list":["post-6924","post","type-post","status-publish","format-standard","has-post-thumbnail","hentry","category-noticias"],"yoast_head":"<!-- This site is optimized with the Yoast SEO plugin v26.9 - https:\/\/yoast.com\/product\/yoast-seo-wordpress\/ -->\n<title>Odontolog\u00eda UDD present\u00f3 el libro \u201cEnc\u00edas Sanas para Dormir Tranquilos\u201d - Odontolog\u00eda<\/title>\n<meta name=\"robots\" content=\"index, follow, max-snippet:-1, max-image-preview:large, max-video-preview:-1\" \/>\n<link rel=\"canonical\" href=\"https:\/\/medicina.udd.cl\/odontologia-santiago\/noticias\/2022\/05\/05\/odontologia-udd-presento-el-libro-encias-sanas-para-dormir-tranquilos\/\" \/>\n<meta property=\"og:locale\" content=\"es_ES\" \/>\n<meta property=\"og:type\" content=\"article\" \/>\n<meta property=\"og:title\" content=\"Odontolog\u00eda UDD present\u00f3 el libro \u201cEnc\u00edas Sanas para Dormir Tranquilos\u201d - Odontolog\u00eda\" \/>\n<meta property=\"og:description\" content=\"En el marco de la semana de la enc\u00eda 2022, se realiz\u00f3 la presentaci\u00f3n del libro digital de cuentos ilustrados \u201cEnc\u00edas Sanas para Dormir Tranquilos\u201d, una iniciativa de la carrera de Odontolog\u00eda de la Facultad de Medicina Cl\u00ednica Alemana Universidad del Desarrollo. En la presentaci\u00f3n, participaron la Dra. Denisse Hern\u00e1ndez Fortu\u00f1o, vicepresidenta de la Sociedad [&hellip;]\" \/>\n<meta property=\"og:url\" content=\"https:\/\/medicina.udd.cl\/odontologia-santiago\/noticias\/2022\/05\/05\/odontologia-udd-presento-el-libro-encias-sanas-para-dormir-tranquilos\/\" \/>\n<meta property=\"og:site_name\" content=\"Odontolog\u00eda\" \/>\n<meta property=\"article:published_time\" content=\"2022-05-05T23:37:00+00:00\" \/>\n<meta property=\"article:modified_time\" content=\"2022-05-16T16:33:07+00:00\" \/>\n<meta property=\"og:image\" content=\"https:\/\/medicina.udd.cl\/odontologia-santiago\/files\/2022\/05\/20220506_195123_0000.png\" \/>\n\t<meta property=\"og:image:width\" content=\"270\" \/>\n\t<meta property=\"og:image:height\" content=\"182\" \/>\n\t<meta property=\"og:image:type\" content=\"image\/png\" \/>\n<meta name=\"author\" content=\"rbraidy\" \/>\n<meta name=\"twitter:label1\" content=\"Escrito por\" \/>\n\t<meta name=\"twitter:data1\" content=\"rbraidy\" \/>\n\t<meta name=\"twitter:label2\" content=\"Tiempo de lectura\" \/>\n\t<meta name=\"twitter:data2\" content=\"1 minuto\" \/>\n<script type=\"application\/ld+json\" class=\"yoast-schema-graph\">{\"@context\":\"https:\/\/schema.org\",\"@graph\":[{\"@type\":\"Article\",\"@id\":\"https:\/\/medicina.udd.cl\/odontologia-santiago\/noticias\/2022\/05\/05\/odontologia-udd-presento-el-libro-encias-sanas-para-dormir-tranquilos\/#article\",\"isPartOf\":{\"@id\":\"https:\/\/medicina.udd.cl\/odontologia-santiago\/noticias\/2022\/05\/05\/odontologia-udd-presento-el-libro-encias-sanas-para-dormir-tranquilos\/\"},\"author\":{\"name\":\"rbraidy\",\"@id\":\"https:\/\/medicina.udd.cl\/odontologia-santiago\/#\/schema\/person\/dbc3705bf3a93e8be1ba6de0ef950341\"},\"headline\":\"Odontolog\u00eda UDD present\u00f3 el libro \u201cEnc\u00edas Sanas para Dormir Tranquilos\u201d\",\"datePublished\":\"2022-05-05T23:37:00+00:00\",\"dateModified\":\"2022-05-16T16:33:07+00:00\",\"mainEntityOfPage\":{\"@id\":\"https:\/\/medicina.udd.cl\/odontologia-santiago\/noticias\/2022\/05\/05\/odontologia-udd-presento-el-libro-encias-sanas-para-dormir-tranquilos\/\"},\"wordCount\":289,\"commentCount\":0,\"image\":{\"@id\":\"https:\/\/medicina.udd.cl\/odontologia-santiago\/noticias\/2022\/05\/05\/odontologia-udd-presento-el-libro-encias-sanas-para-dormir-tranquilos\/#primaryimage\"},\"thumbnailUrl\":\"https:\/\/medicina.udd.cl\/odontologia-santiago\/files\/2022\/05\/20220506_195123_0000.png\",\"articleSection\":[\"Noticias\"],\"inLanguage\":\"es\",\"potentialAction\":[{\"@type\":\"CommentAction\",\"name\":\"Comment\",\"target\":[\"https:\/\/medicina.udd.cl\/odontologia-santiago\/noticias\/2022\/05\/05\/odontologia-udd-presento-el-libro-encias-sanas-para-dormir-tranquilos\/#respond\"]}]},{\"@type\":\"WebPage\",\"@id\":\"https:\/\/medicina.udd.cl\/odontologia-santiago\/noticias\/2022\/05\/05\/odontologia-udd-presento-el-libro-encias-sanas-para-dormir-tranquilos\/\",\"url\":\"https:\/\/medicina.udd.cl\/odontologia-santiago\/noticias\/2022\/05\/05\/odontologia-udd-presento-el-libro-encias-sanas-para-dormir-tranquilos\/\",\"name\":\"Odontolog\u00eda UDD present\u00f3 el libro \u201cEnc\u00edas Sanas para Dormir Tranquilos\u201d - Odontolog\u00eda\",\"isPartOf\":{\"@id\":\"https:\/\/medicina.udd.cl\/odontologia-santiago\/#website\"},\"primaryImageOfPage\":{\"@id\":\"https:\/\/medicina.udd.cl\/odontologia-santiago\/noticias\/2022\/05\/05\/odontologia-udd-presento-el-libro-encias-sanas-para-dormir-tranquilos\/#primaryimage\"},\"image\":{\"@id\":\"https:\/\/medicina.udd.cl\/odontologia-santiago\/noticias\/2022\/05\/05\/odontologia-udd-presento-el-libro-encias-sanas-para-dormir-tranquilos\/#primaryimage\"},\"thumbnailUrl\":\"https:\/\/medicina.udd.cl\/odontologia-santiago\/files\/2022\/05\/20220506_195123_0000.png\",\"datePublished\":\"2022-05-05T23:37:00+00:00\",\"dateModified\":\"2022-05-16T16:33:07+00:00\",\"author\":{\"@id\":\"https:\/\/medicina.udd.cl\/odontologia-santiago\/#\/schema\/person\/dbc3705bf3a93e8be1ba6de0ef950341\"},\"breadcrumb\":{\"@id\":\"https:\/\/medicina.udd.cl\/odontologia-santiago\/noticias\/2022\/05\/05\/odontologia-udd-presento-el-libro-encias-sanas-para-dormir-tranquilos\/#breadcrumb\"},\"inLanguage\":\"es\",\"potentialAction\":[{\"@type\":\"ReadAction\",\"target\":[\"https:\/\/medicina.udd.cl\/odontologia-santiago\/noticias\/2022\/05\/05\/odontologia-udd-presento-el-libro-encias-sanas-para-dormir-tranquilos\/\"]}]},{\"@type\":\"ImageObject\",\"inLanguage\":\"es\",\"@id\":\"https:\/\/medicina.udd.cl\/odontologia-santiago\/noticias\/2022\/05\/05\/odontologia-udd-presento-el-libro-encias-sanas-para-dormir-tranquilos\/#primaryimage\",\"url\":\"https:\/\/medicina.udd.cl\/odontologia-santiago\/files\/2022\/05\/20220506_195123_0000.png\",\"contentUrl\":\"https:\/\/medicina.udd.cl\/odontologia-santiago\/files\/2022\/05\/20220506_195123_0000.png\",\"width\":270,\"height\":182},{\"@type\":\"BreadcrumbList\",\"@id\":\"https:\/\/medicina.udd.cl\/odontologia-santiago\/noticias\/2022\/05\/05\/odontologia-udd-presento-el-libro-encias-sanas-para-dormir-tranquilos\/#breadcrumb\",\"itemListElement\":[{\"@type\":\"ListItem\",\"position\":1,\"name\":\"Home\",\"item\":\"https:\/\/medicina.udd.cl\/odontologia-santiago\/\"},{\"@type\":\"ListItem\",\"position\":2,\"name\":\"Odontolog\u00eda UDD present\u00f3 el libro \u201cEnc\u00edas Sanas para Dormir Tranquilos\u201d\"}]},{\"@type\":\"WebSite\",\"@id\":\"https:\/\/medicina.udd.cl\/odontologia-santiago\/#website\",\"url\":\"https:\/\/medicina.udd.cl\/odontologia-santiago\/\",\"name\":\"Odontolog\u00eda\",\"description\":\"Facultad de Medicina Cl\u00ednica Alemana Universidad del Desarrollo\",\"inLanguage\":\"es\"},{\"@type\":\"Person\",\"@id\":\"https:\/\/medicina.udd.cl\/odontologia-santiago\/#\/schema\/person\/dbc3705bf3a93e8be1ba6de0ef950341\",\"name\":\"rbraidy\",\"image\":{\"@type\":\"ImageObject\",\"inLanguage\":\"es\",\"@id\":\"https:\/\/medicina.udd.cl\/odontologia-santiago\/#\/schema\/person\/image\/\",\"url\":\"https:\/\/secure.gravatar.com\/avatar\/0f8bc94637401590e45d2ce17eb65c274cb8870a219de6177f3f23e63fd8cdf3?s=96&d=mm&r=g\",\"contentUrl\":\"https:\/\/secure.gravatar.com\/avatar\/0f8bc94637401590e45d2ce17eb65c274cb8870a219de6177f3f23e63fd8cdf3?s=96&d=mm&r=g\",\"caption\":\"rbraidy\"},\"url\":\"https:\/\/medicina.udd.cl\/odontologia-santiago\/noticias\/author\/rbraidy\/\"}]}<\/script>\n<!-- \/ Yoast SEO plugin. -->","yoast_head_json":{"title":"Odontolog\u00eda UDD present\u00f3 el libro \u201cEnc\u00edas Sanas para Dormir Tranquilos\u201d - Odontolog\u00eda","robots":{"index":"index","follow":"follow","max-snippet":"max-snippet:-1","max-image-preview":"max-image-preview:large","max-video-preview":"max-video-preview:-1"},"canonical":"https:\/\/medicina.udd.cl\/odontologia-santiago\/noticias\/2022\/05\/05\/odontologia-udd-presento-el-libro-encias-sanas-para-dormir-tranquilos\/","og_locale":"es_ES","og_type":"article","og_title":"Odontolog\u00eda UDD present\u00f3 el libro \u201cEnc\u00edas Sanas para Dormir Tranquilos\u201d - Odontolog\u00eda","og_description":"En el marco de la semana de la enc\u00eda 2022, se realiz\u00f3 la presentaci\u00f3n del libro digital de cuentos ilustrados \u201cEnc\u00edas Sanas para Dormir Tranquilos\u201d, una iniciativa de la carrera de Odontolog\u00eda de la Facultad de Medicina Cl\u00ednica Alemana Universidad del Desarrollo. En la presentaci\u00f3n, participaron la Dra. Denisse Hern\u00e1ndez Fortu\u00f1o, vicepresidenta de la Sociedad [&hellip;]","og_url":"https:\/\/medicina.udd.cl\/odontologia-santiago\/noticias\/2022\/05\/05\/odontologia-udd-presento-el-libro-encias-sanas-para-dormir-tranquilos\/","og_site_name":"Odontolog\u00eda","article_published_time":"2022-05-05T23:37:00+00:00","article_modified_time":"2022-05-16T16:33:07+00:00","og_image":[{"width":270,"height":182,"url":"https:\/\/medicina.udd.cl\/odontologia-santiago\/files\/2022\/05\/20220506_195123_0000.png","type":"image\/png"}],"author":"rbraidy","twitter_misc":{"Escrito por":"rbraidy","Tiempo de lectura":"1 minuto"},"schema":{"@context":"https:\/\/schema.org","@graph":[{"@type":"Article","@id":"https:\/\/medicina.udd.cl\/odontologia-santiago\/noticias\/2022\/05\/05\/odontologia-udd-presento-el-libro-encias-sanas-para-dormir-tranquilos\/#article","isPartOf":{"@id":"https:\/\/medicina.udd.cl\/odontologia-santiago\/noticias\/2022\/05\/05\/odontologia-udd-presento-el-libro-encias-sanas-para-dormir-tranquilos\/"},"author":{"name":"rbraidy","@id":"https:\/\/medicina.udd.cl\/odontologia-santiago\/#\/schema\/person\/dbc3705bf3a93e8be1ba6de0ef950341"},"headline":"Odontolog\u00eda UDD present\u00f3 el libro \u201cEnc\u00edas Sanas para Dormir Tranquilos\u201d","datePublished":"2022-05-05T23:37:00+00:00","dateModified":"2022-05-16T16:33:07+00:00","mainEntityOfPage":{"@id":"https:\/\/medicina.udd.cl\/odontologia-santiago\/noticias\/2022\/05\/05\/odontologia-udd-presento-el-libro-encias-sanas-para-dormir-tranquilos\/"},"wordCount":289,"commentCount":0,"image":{"@id":"https:\/\/medicina.udd.cl\/odontologia-santiago\/noticias\/2022\/05\/05\/odontologia-udd-presento-el-libro-encias-sanas-para-dormir-tranquilos\/#primaryimage"},"thumbnailUrl":"https:\/\/medicina.udd.cl\/odontologia-santiago\/files\/2022\/05\/20220506_195123_0000.png","articleSection":["Noticias"],"inLanguage":"es","potentialAction":[{"@type":"CommentAction","name":"Comment","target":["https:\/\/medicina.udd.cl\/odontologia-santiago\/noticias\/2022\/05\/05\/odontologia-udd-presento-el-libro-encias-sanas-para-dormir-tranquilos\/#respond"]}]},{"@type":"WebPage","@id":"https:\/\/medicina.udd.cl\/odontologia-santiago\/noticias\/2022\/05\/05\/odontologia-udd-presento-el-libro-encias-sanas-para-dormir-tranquilos\/","url":"https:\/\/medicina.udd.cl\/odontologia-santiago\/noticias\/2022\/05\/05\/odontologia-udd-presento-el-libro-encias-sanas-para-dormir-tranquilos\/","name":"Odontolog\u00eda UDD present\u00f3 el libro \u201cEnc\u00edas Sanas para Dormir Tranquilos\u201d - Odontolog\u00eda","isPartOf":{"@id":"https:\/\/medicina.udd.cl\/odontologia-santiago\/#website"},"primaryImageOfPage":{"@id":"https:\/\/medicina.udd.cl\/odontologia-santiago\/noticias\/2022\/05\/05\/odontologia-udd-presento-el-libro-encias-sanas-para-dormir-tranquilos\/#primaryimage"},"image":{"@id":"https:\/\/medicina.udd.cl\/odontologia-santiago\/noticias\/2022\/05\/05\/odontologia-udd-presento-el-libro-encias-sanas-para-dormir-tranquilos\/#primaryimage"},"thumbnailUrl":"https:\/\/medicina.udd.cl\/odontologia-santiago\/files\/2022\/05\/20220506_195123_0000.png","datePublished":"2022-05-05T23:37:00+00:00","dateModified":"2022-05-16T16:33:07+00:00","author":{"@id":"https:\/\/medicina.udd.cl\/odontologia-santiago\/#\/schema\/person\/dbc3705bf3a93e8be1ba6de0ef950341"},"breadcrumb":{"@id":"https:\/\/medicina.udd.cl\/odontologia-santiago\/noticias\/2022\/05\/05\/odontologia-udd-presento-el-libro-encias-sanas-para-dormir-tranquilos\/#breadcrumb"},"inLanguage":"es","potentialAction":[{"@type":"ReadAction","target":["https:\/\/medicina.udd.cl\/odontologia-santiago\/noticias\/2022\/05\/05\/odontologia-udd-presento-el-libro-encias-sanas-para-dormir-tranquilos\/"]}]},{"@type":"ImageObject","inLanguage":"es","@id":"https:\/\/medicina.udd.cl\/odontologia-santiago\/noticias\/2022\/05\/05\/odontologia-udd-presento-el-libro-encias-sanas-para-dormir-tranquilos\/#primaryimage","url":"https:\/\/medicina.udd.cl\/odontologia-santiago\/files\/2022\/05\/20220506_195123_0000.png","contentUrl":"https:\/\/medicina.udd.cl\/odontologia-santiago\/files\/2022\/05\/20220506_195123_0000.png","width":270,"height":182},{"@type":"BreadcrumbList","@id":"https:\/\/medicina.udd.cl\/odontologia-santiago\/noticias\/2022\/05\/05\/odontologia-udd-presento-el-libro-encias-sanas-para-dormir-tranquilos\/#breadcrumb","itemListElement":[{"@type":"ListItem","position":1,"name":"Home","item":"https:\/\/medicina.udd.cl\/odontologia-santiago\/"},{"@type":"ListItem","position":2,"name":"Odontolog\u00eda UDD present\u00f3 el libro \u201cEnc\u00edas Sanas para Dormir Tranquilos\u201d"}]},{"@type":"WebSite","@id":"https:\/\/medicina.udd.cl\/odontologia-santiago\/#website","url":"https:\/\/medicina.udd.cl\/odontologia-santiago\/","name":"Odontolog\u00eda","description":"Facultad de Medicina Cl\u00ednica Alemana Universidad del Desarrollo","inLanguage":"es"},{"@type":"Person","@id":"https:\/\/medicina.udd.cl\/odontologia-santiago\/#\/schema\/person\/dbc3705bf3a93e8be1ba6de0ef950341","name":"rbraidy","image":{"@type":"ImageObject","inLanguage":"es","@id":"https:\/\/medicina.udd.cl\/odontologia-santiago\/#\/schema\/person\/image\/","url":"https:\/\/secure.gravatar.com\/avatar\/0f8bc94637401590e45d2ce17eb65c274cb8870a219de6177f3f23e63fd8cdf3?s=96&d=mm&r=g","contentUrl":"https:\/\/secure.gravatar.com\/avatar\/0f8bc94637401590e45d2ce17eb65c274cb8870a219de6177f3f23e63fd8cdf3?s=96&d=mm&r=g","caption":"rbraidy"},"url":"https:\/\/medicina.udd.cl\/odontologia-santiago\/noticias\/author\/rbraidy\/"}]}},"featured_image_url":"https:\/\/medicina.udd.cl\/odontologia-santiago\/files\/2022\/05\/20220506_195123_0000.png","_links":{"self":[{"href":"https:\/\/medicina.udd.cl\/odontologia-santiago\/wp-json\/wp\/v2\/posts\/6924","targetHints":{"allow":["GET"]}}],"collection":[{"href":"https:\/\/medicina.udd.cl\/odontologia-santiago\/wp-json\/wp\/v2\/posts"}],"about":[{"href":"https:\/\/medicina.udd.cl\/odontologia-santiago\/wp-json\/wp\/v2\/types\/post"}],"author":[{"embeddable":true,"href":"https:\/\/medicina.udd.cl\/odontologia-santiago\/wp-json\/wp\/v2\/users\/9192219"}],"replies":[{"embeddable":true,"href":"https:\/\/medicina.udd.cl\/odontologia-santiago\/wp-json\/wp\/v2\/comments?post=6924"}],"version-history":[{"count":2,"href":"https:\/\/medicina.udd.cl\/odontologia-santiago\/wp-json\/wp\/v2\/posts\/6924\/revisions"}],"predecessor-version":[{"id":6941,"href":"https:\/\/medicina.udd.cl\/odontologia-santiago\/wp-json\/wp\/v2\/posts\/6924\/revisions\/6941"}],"wp:featuredmedia":[{"embeddable":true,"href":"https:\/\/medicina.udd.cl\/odontologia-santiago\/wp-json\/wp\/v2\/media\/6933"}],"wp:attachment":[{"href":"https:\/\/medicina.udd.cl\/odontologia-santiago\/wp-json\/wp\/v2\/media?parent=6924"}],"wp:term":[{"taxonomy":"category","embeddable":true,"href":"https:\/\/medicina.udd.cl\/odontologia-santiago\/wp-json\/wp\/v2\/categories?post=6924"},{"taxonomy":"post_tag","embeddable":true,"href":"https:\/\/medicina.udd.cl\/odontologia-santiago\/wp-json\/wp\/v2\/tags?post=6924"}],"curies":[{"name":"wp","href":"https:\/\/api.w.org\/{rel}","templated":true}]}}