{"id":7231,"date":"2022-08-08T10:03:00","date_gmt":"2022-08-08T14:03:00","guid":{"rendered":"https:\/\/medicina.udd.cl\/odontologia-santiago\/?p=7231"},"modified":"2022-08-30T12:00:47","modified_gmt":"2022-08-30T16:00:47","slug":"estudiantes-de-odontologia-udd-participaron-en-congreso-internacional-de-la-sociedad-de-protesis-y-rehabilitacion-oral-de-chile","status":"publish","type":"post","link":"https:\/\/medicina.udd.cl\/odontologia-santiago\/noticias\/2022\/08\/08\/estudiantes-de-odontologia-udd-participaron-en-congreso-internacional-de-la-sociedad-de-protesis-y-rehabilitacion-oral-de-chile\/","title":{"rendered":"Estudiantes de Odontolog\u00eda UDD participaron en Comisi\u00f3n de Apoyo del Congreso Internacional de la Sociedad de Pr\u00f3tesis y Rehabilitaci\u00f3n Oral de Chile"},"content":{"rendered":"\n<div class=\"wp-block-image\"><figure class=\"alignright size-large is-resized\"><img loading=\"lazy\" decoding=\"async\" src=\"https:\/\/medicina.udd.cl\/odontologia-santiago\/files\/2022\/08\/Odonto-Congreso-SPROCh-6-1024x768.jpg\" alt=\"\" class=\"wp-image-7237\" width=\"512\" height=\"384\" srcset=\"https:\/\/medicina.udd.cl\/odontologia-santiago\/files\/2022\/08\/Odonto-Congreso-SPROCh-6-1024x768.jpg 1024w, https:\/\/medicina.udd.cl\/odontologia-santiago\/files\/2022\/08\/Odonto-Congreso-SPROCh-6-300x225.jpg 300w, https:\/\/medicina.udd.cl\/odontologia-santiago\/files\/2022\/08\/Odonto-Congreso-SPROCh-6-768x576.jpg 768w, https:\/\/medicina.udd.cl\/odontologia-santiago\/files\/2022\/08\/Odonto-Congreso-SPROCh-6-1536x1152.jpg 1536w, https:\/\/medicina.udd.cl\/odontologia-santiago\/files\/2022\/08\/Odonto-Congreso-SPROCh-6-2048x1536.jpg 2048w\" sizes=\"auto, (max-width: 512px) 100vw, 512px\" \/><\/figure><\/div>\n\n\n\n<p>El pasado 5 y 6 de agosto,\nestudiantes de la carrera de Odontolog\u00eda de la Facultad de Medicina Cl\u00ednica\nAlemana Universidad del Desarrollo, participaron en el Congreso Internacional\nde la Sociedad de Pr\u00f3tesis y Rehabilitaci\u00f3n Oral de Chile (SPROCh), evento donde\nexpusieron destacados conferencistas de car\u00e1cter nacional e internacional, a\nprop\u00f3sito de la celebraci\u00f3n de los 70 a\u00f1os de dicha sociedad. <\/p>\n\n\n\n<p>En este congreso, los estudiantes Paloma Barrios, Fernanda Cox, Fernanda Infante, Constanza Konig, Valentina Pino, Ingrid Reeves y Fabiana S\u00e1nchez, destacaron por su participaci\u00f3n en la Comisi\u00f3n de Apoyo del congreso,  en conjunto con alumnos de otras universidades, quienes estuvieron a cargo de la Dra. Macarena Cabello, coordinadora acad\u00e9mica de Odontolog\u00eda UDD.<\/p>\n\n\n\n<p>Asimismo, docentes y egresados de la Universidad del Desarrollo participaron como asistentes en este evento internacional, como es el caso de las doctoras Sof\u00eda V\u00e1squez y Nicole Luttecke, ambas alumni UDD,  quienes fueron coautoras de p\u00f3ster durante el congreso.<\/p>\n\n\n\n<figure class=\"wp-block-gallery columns-3 is-cropped wp-block-gallery-1 is-layout-flex wp-block-gallery-is-layout-flex\"><ul class=\"blocks-gallery-grid\"><li class=\"blocks-gallery-item\"><figure><img loading=\"lazy\" decoding=\"async\" width=\"768\" height=\"1024\" src=\"https:\/\/medicina.udd.cl\/odontologia-santiago\/files\/2022\/08\/Odonto-Congreso-SPROCh-2-768x1024.jpg\" alt=\"\" data-id=\"7233\" data-full-url=\"https:\/\/medicina.udd.cl\/odontologia-santiago\/files\/2022\/08\/Odonto-Congreso-SPROCh-2-scaled.jpg\" data-link=\"https:\/\/medicina.udd.cl\/odontologia-santiago\/?attachment_id=7233\" class=\"wp-image-7233\" srcset=\"https:\/\/medicina.udd.cl\/odontologia-santiago\/files\/2022\/08\/Odonto-Congreso-SPROCh-2-768x1024.jpg 768w, https:\/\/medicina.udd.cl\/odontologia-santiago\/files\/2022\/08\/Odonto-Congreso-SPROCh-2-225x300.jpg 225w, https:\/\/medicina.udd.cl\/odontologia-santiago\/files\/2022\/08\/Odonto-Congreso-SPROCh-2-1152x1536.jpg 1152w, https:\/\/medicina.udd.cl\/odontologia-santiago\/files\/2022\/08\/Odonto-Congreso-SPROCh-2-1536x2048.jpg 1536w, https:\/\/medicina.udd.cl\/odontologia-santiago\/files\/2022\/08\/Odonto-Congreso-SPROCh-2-scaled.jpg 1920w\" sizes=\"auto, (max-width: 768px) 100vw, 768px\" \/><\/figure><\/li><li class=\"blocks-gallery-item\"><figure><img loading=\"lazy\" decoding=\"async\" width=\"768\" height=\"1024\" src=\"https:\/\/medicina.udd.cl\/odontologia-santiago\/files\/2022\/08\/Odonto-Congreso-SPROCh-4-768x1024.jpg\" alt=\"\" data-id=\"7235\" data-full-url=\"https:\/\/medicina.udd.cl\/odontologia-santiago\/files\/2022\/08\/Odonto-Congreso-SPROCh-4-scaled.jpg\" data-link=\"https:\/\/medicina.udd.cl\/odontologia-santiago\/?attachment_id=7235\" class=\"wp-image-7235\" srcset=\"https:\/\/medicina.udd.cl\/odontologia-santiago\/files\/2022\/08\/Odonto-Congreso-SPROCh-4-768x1024.jpg 768w, https:\/\/medicina.udd.cl\/odontologia-santiago\/files\/2022\/08\/Odonto-Congreso-SPROCh-4-225x300.jpg 225w, https:\/\/medicina.udd.cl\/odontologia-santiago\/files\/2022\/08\/Odonto-Congreso-SPROCh-4-1152x1536.jpg 1152w, https:\/\/medicina.udd.cl\/odontologia-santiago\/files\/2022\/08\/Odonto-Congreso-SPROCh-4-1536x2048.jpg 1536w, https:\/\/medicina.udd.cl\/odontologia-santiago\/files\/2022\/08\/Odonto-Congreso-SPROCh-4-scaled.jpg 1920w\" sizes=\"auto, (max-width: 768px) 100vw, 768px\" \/><\/figure><\/li><li class=\"blocks-gallery-item\"><figure><img loading=\"lazy\" decoding=\"async\" width=\"768\" height=\"1024\" src=\"https:\/\/medicina.udd.cl\/odontologia-santiago\/files\/2022\/08\/Odonto-Congreso-SPROCh-5-768x1024.jpg\" alt=\"\" data-id=\"7236\" data-full-url=\"https:\/\/medicina.udd.cl\/odontologia-santiago\/files\/2022\/08\/Odonto-Congreso-SPROCh-5-scaled.jpg\" data-link=\"https:\/\/medicina.udd.cl\/odontologia-santiago\/?attachment_id=7236\" class=\"wp-image-7236\" srcset=\"https:\/\/medicina.udd.cl\/odontologia-santiago\/files\/2022\/08\/Odonto-Congreso-SPROCh-5-768x1024.jpg 768w, https:\/\/medicina.udd.cl\/odontologia-santiago\/files\/2022\/08\/Odonto-Congreso-SPROCh-5-225x300.jpg 225w, https:\/\/medicina.udd.cl\/odontologia-santiago\/files\/2022\/08\/Odonto-Congreso-SPROCh-5-1152x1536.jpg 1152w, https:\/\/medicina.udd.cl\/odontologia-santiago\/files\/2022\/08\/Odonto-Congreso-SPROCh-5-1536x2048.jpg 1536w, https:\/\/medicina.udd.cl\/odontologia-santiago\/files\/2022\/08\/Odonto-Congreso-SPROCh-5-scaled.jpg 1920w\" sizes=\"auto, (max-width: 768px) 100vw, 768px\" \/><\/figure><\/li><\/ul><\/figure>\n","protected":false},"excerpt":{"rendered":"<p>El pasado 5 y 6 de agosto, estudiantes de la carrera de Odontolog\u00eda de la Facultad de Medicina Cl\u00ednica Alemana Universidad del Desarrollo, participaron en el Congreso Internacional de la Sociedad de Pr\u00f3tesis y Rehabilitaci\u00f3n Oral de Chile (SPROCh), evento donde expusieron destacados conferencistas de car\u00e1cter nacional e internacional, a prop\u00f3sito de la celebraci\u00f3n de [&hellip;]<\/p>\n","protected":false},"author":9192219,"featured_media":7237,"comment_status":"open","ping_status":"open","sticky":false,"template":"","format":"standard","meta":{"footnotes":""},"categories":[4],"tags":[],"class_list":["post-7231","post","type-post","status-publish","format-standard","has-post-thumbnail","hentry","category-noticias"],"yoast_head":"<!-- This site is optimized with the Yoast SEO plugin v26.9 - https:\/\/yoast.com\/product\/yoast-seo-wordpress\/ -->\n<title>Estudiantes de Odontolog\u00eda UDD participaron en Comisi\u00f3n de Apoyo del Congreso Internacional de la Sociedad de Pr\u00f3tesis y Rehabilitaci\u00f3n Oral de Chile - Odontolog\u00eda<\/title>\n<meta name=\"robots\" content=\"index, follow, max-snippet:-1, max-image-preview:large, max-video-preview:-1\" \/>\n<link rel=\"canonical\" href=\"https:\/\/medicina.udd.cl\/odontologia-santiago\/noticias\/2022\/08\/08\/estudiantes-de-odontologia-udd-participaron-en-congreso-internacional-de-la-sociedad-de-protesis-y-rehabilitacion-oral-de-chile\/\" \/>\n<meta property=\"og:locale\" content=\"es_ES\" \/>\n<meta property=\"og:type\" content=\"article\" \/>\n<meta property=\"og:title\" content=\"Estudiantes de Odontolog\u00eda UDD participaron en Comisi\u00f3n de Apoyo del Congreso Internacional de la Sociedad de Pr\u00f3tesis y Rehabilitaci\u00f3n Oral de Chile - Odontolog\u00eda\" \/>\n<meta property=\"og:description\" content=\"El pasado 5 y 6 de agosto, estudiantes de la carrera de Odontolog\u00eda de la Facultad de Medicina Cl\u00ednica Alemana Universidad del Desarrollo, participaron en el Congreso Internacional de la Sociedad de Pr\u00f3tesis y Rehabilitaci\u00f3n Oral de Chile (SPROCh), evento donde expusieron destacados conferencistas de car\u00e1cter nacional e internacional, a prop\u00f3sito de la celebraci\u00f3n de [&hellip;]\" \/>\n<meta property=\"og:url\" content=\"https:\/\/medicina.udd.cl\/odontologia-santiago\/noticias\/2022\/08\/08\/estudiantes-de-odontologia-udd-participaron-en-congreso-internacional-de-la-sociedad-de-protesis-y-rehabilitacion-oral-de-chile\/\" \/>\n<meta property=\"og:site_name\" content=\"Odontolog\u00eda\" \/>\n<meta property=\"article:published_time\" content=\"2022-08-08T14:03:00+00:00\" \/>\n<meta property=\"article:modified_time\" content=\"2022-08-30T16:00:47+00:00\" \/>\n<meta property=\"og:image\" content=\"https:\/\/medicina.udd.cl\/odontologia-santiago\/files\/2022\/08\/Odonto-Congreso-SPROCh-6-scaled.jpg\" \/>\n\t<meta property=\"og:image:width\" content=\"2560\" \/>\n\t<meta property=\"og:image:height\" content=\"1920\" \/>\n\t<meta property=\"og:image:type\" content=\"image\/jpeg\" \/>\n<meta name=\"author\" content=\"rbraidy\" \/>\n<meta name=\"twitter:label1\" content=\"Escrito por\" \/>\n\t<meta name=\"twitter:data1\" content=\"rbraidy\" \/>\n\t<meta name=\"twitter:label2\" content=\"Tiempo de lectura\" \/>\n\t<meta name=\"twitter:data2\" content=\"1 minuto\" \/>\n<script type=\"application\/ld+json\" class=\"yoast-schema-graph\">{\"@context\":\"https:\/\/schema.org\",\"@graph\":[{\"@type\":\"Article\",\"@id\":\"https:\/\/medicina.udd.cl\/odontologia-santiago\/noticias\/2022\/08\/08\/estudiantes-de-odontologia-udd-participaron-en-congreso-internacional-de-la-sociedad-de-protesis-y-rehabilitacion-oral-de-chile\/#article\",\"isPartOf\":{\"@id\":\"https:\/\/medicina.udd.cl\/odontologia-santiago\/noticias\/2022\/08\/08\/estudiantes-de-odontologia-udd-participaron-en-congreso-internacional-de-la-sociedad-de-protesis-y-rehabilitacion-oral-de-chile\/\"},\"author\":{\"name\":\"rbraidy\",\"@id\":\"https:\/\/medicina.udd.cl\/odontologia-santiago\/#\/schema\/person\/dbc3705bf3a93e8be1ba6de0ef950341\"},\"headline\":\"Estudiantes de Odontolog\u00eda UDD participaron en Comisi\u00f3n de Apoyo del Congreso Internacional de la Sociedad de Pr\u00f3tesis y Rehabilitaci\u00f3n Oral de Chile\",\"datePublished\":\"2022-08-08T14:03:00+00:00\",\"dateModified\":\"2022-08-30T16:00:47+00:00\",\"mainEntityOfPage\":{\"@id\":\"https:\/\/medicina.udd.cl\/odontologia-santiago\/noticias\/2022\/08\/08\/estudiantes-de-odontologia-udd-participaron-en-congreso-internacional-de-la-sociedad-de-protesis-y-rehabilitacion-oral-de-chile\/\"},\"wordCount\":191,\"commentCount\":0,\"image\":{\"@id\":\"https:\/\/medicina.udd.cl\/odontologia-santiago\/noticias\/2022\/08\/08\/estudiantes-de-odontologia-udd-participaron-en-congreso-internacional-de-la-sociedad-de-protesis-y-rehabilitacion-oral-de-chile\/#primaryimage\"},\"thumbnailUrl\":\"https:\/\/medicina.udd.cl\/odontologia-santiago\/files\/2022\/08\/Odonto-Congreso-SPROCh-6-scaled.jpg\",\"articleSection\":[\"Noticias\"],\"inLanguage\":\"es\",\"potentialAction\":[{\"@type\":\"CommentAction\",\"name\":\"Comment\",\"target\":[\"https:\/\/medicina.udd.cl\/odontologia-santiago\/noticias\/2022\/08\/08\/estudiantes-de-odontologia-udd-participaron-en-congreso-internacional-de-la-sociedad-de-protesis-y-rehabilitacion-oral-de-chile\/#respond\"]}]},{\"@type\":\"WebPage\",\"@id\":\"https:\/\/medicina.udd.cl\/odontologia-santiago\/noticias\/2022\/08\/08\/estudiantes-de-odontologia-udd-participaron-en-congreso-internacional-de-la-sociedad-de-protesis-y-rehabilitacion-oral-de-chile\/\",\"url\":\"https:\/\/medicina.udd.cl\/odontologia-santiago\/noticias\/2022\/08\/08\/estudiantes-de-odontologia-udd-participaron-en-congreso-internacional-de-la-sociedad-de-protesis-y-rehabilitacion-oral-de-chile\/\",\"name\":\"Estudiantes de Odontolog\u00eda UDD participaron en Comisi\u00f3n de Apoyo del Congreso Internacional de la Sociedad de Pr\u00f3tesis y Rehabilitaci\u00f3n Oral de Chile - Odontolog\u00eda\",\"isPartOf\":{\"@id\":\"https:\/\/medicina.udd.cl\/odontologia-santiago\/#website\"},\"primaryImageOfPage\":{\"@id\":\"https:\/\/medicina.udd.cl\/odontologia-santiago\/noticias\/2022\/08\/08\/estudiantes-de-odontologia-udd-participaron-en-congreso-internacional-de-la-sociedad-de-protesis-y-rehabilitacion-oral-de-chile\/#primaryimage\"},\"image\":{\"@id\":\"https:\/\/medicina.udd.cl\/odontologia-santiago\/noticias\/2022\/08\/08\/estudiantes-de-odontologia-udd-participaron-en-congreso-internacional-de-la-sociedad-de-protesis-y-rehabilitacion-oral-de-chile\/#primaryimage\"},\"thumbnailUrl\":\"https:\/\/medicina.udd.cl\/odontologia-santiago\/files\/2022\/08\/Odonto-Congreso-SPROCh-6-scaled.jpg\",\"datePublished\":\"2022-08-08T14:03:00+00:00\",\"dateModified\":\"2022-08-30T16:00:47+00:00\",\"author\":{\"@id\":\"https:\/\/medicina.udd.cl\/odontologia-santiago\/#\/schema\/person\/dbc3705bf3a93e8be1ba6de0ef950341\"},\"breadcrumb\":{\"@id\":\"https:\/\/medicina.udd.cl\/odontologia-santiago\/noticias\/2022\/08\/08\/estudiantes-de-odontologia-udd-participaron-en-congreso-internacional-de-la-sociedad-de-protesis-y-rehabilitacion-oral-de-chile\/#breadcrumb\"},\"inLanguage\":\"es\",\"potentialAction\":[{\"@type\":\"ReadAction\",\"target\":[\"https:\/\/medicina.udd.cl\/odontologia-santiago\/noticias\/2022\/08\/08\/estudiantes-de-odontologia-udd-participaron-en-congreso-internacional-de-la-sociedad-de-protesis-y-rehabilitacion-oral-de-chile\/\"]}]},{\"@type\":\"ImageObject\",\"inLanguage\":\"es\",\"@id\":\"https:\/\/medicina.udd.cl\/odontologia-santiago\/noticias\/2022\/08\/08\/estudiantes-de-odontologia-udd-participaron-en-congreso-internacional-de-la-sociedad-de-protesis-y-rehabilitacion-oral-de-chile\/#primaryimage\",\"url\":\"https:\/\/medicina.udd.cl\/odontologia-santiago\/files\/2022\/08\/Odonto-Congreso-SPROCh-6-scaled.jpg\",\"contentUrl\":\"https:\/\/medicina.udd.cl\/odontologia-santiago\/files\/2022\/08\/Odonto-Congreso-SPROCh-6-scaled.jpg\",\"width\":2560,\"height\":1920},{\"@type\":\"BreadcrumbList\",\"@id\":\"https:\/\/medicina.udd.cl\/odontologia-santiago\/noticias\/2022\/08\/08\/estudiantes-de-odontologia-udd-participaron-en-congreso-internacional-de-la-sociedad-de-protesis-y-rehabilitacion-oral-de-chile\/#breadcrumb\",\"itemListElement\":[{\"@type\":\"ListItem\",\"position\":1,\"name\":\"Home\",\"item\":\"https:\/\/medicina.udd.cl\/odontologia-santiago\/\"},{\"@type\":\"ListItem\",\"position\":2,\"name\":\"Estudiantes de Odontolog\u00eda UDD participaron en Comisi\u00f3n de Apoyo del Congreso Internacional de la Sociedad de Pr\u00f3tesis y Rehabilitaci\u00f3n Oral de Chile\"}]},{\"@type\":\"WebSite\",\"@id\":\"https:\/\/medicina.udd.cl\/odontologia-santiago\/#website\",\"url\":\"https:\/\/medicina.udd.cl\/odontologia-santiago\/\",\"name\":\"Odontolog\u00eda\",\"description\":\"Facultad de Medicina Cl\u00ednica Alemana Universidad del Desarrollo\",\"inLanguage\":\"es\"},{\"@type\":\"Person\",\"@id\":\"https:\/\/medicina.udd.cl\/odontologia-santiago\/#\/schema\/person\/dbc3705bf3a93e8be1ba6de0ef950341\",\"name\":\"rbraidy\",\"image\":{\"@type\":\"ImageObject\",\"inLanguage\":\"es\",\"@id\":\"https:\/\/medicina.udd.cl\/odontologia-santiago\/#\/schema\/person\/image\/\",\"url\":\"https:\/\/secure.gravatar.com\/avatar\/0f8bc94637401590e45d2ce17eb65c274cb8870a219de6177f3f23e63fd8cdf3?s=96&d=mm&r=g\",\"contentUrl\":\"https:\/\/secure.gravatar.com\/avatar\/0f8bc94637401590e45d2ce17eb65c274cb8870a219de6177f3f23e63fd8cdf3?s=96&d=mm&r=g\",\"caption\":\"rbraidy\"},\"url\":\"https:\/\/medicina.udd.cl\/odontologia-santiago\/noticias\/author\/rbraidy\/\"}]}<\/script>\n<!-- \/ Yoast SEO plugin. -->","yoast_head_json":{"title":"Estudiantes de Odontolog\u00eda UDD participaron en Comisi\u00f3n de Apoyo del Congreso Internacional de la Sociedad de Pr\u00f3tesis y Rehabilitaci\u00f3n Oral de Chile - Odontolog\u00eda","robots":{"index":"index","follow":"follow","max-snippet":"max-snippet:-1","max-image-preview":"max-image-preview:large","max-video-preview":"max-video-preview:-1"},"canonical":"https:\/\/medicina.udd.cl\/odontologia-santiago\/noticias\/2022\/08\/08\/estudiantes-de-odontologia-udd-participaron-en-congreso-internacional-de-la-sociedad-de-protesis-y-rehabilitacion-oral-de-chile\/","og_locale":"es_ES","og_type":"article","og_title":"Estudiantes de Odontolog\u00eda UDD participaron en Comisi\u00f3n de Apoyo del Congreso Internacional de la Sociedad de Pr\u00f3tesis y Rehabilitaci\u00f3n Oral de Chile - Odontolog\u00eda","og_description":"El pasado 5 y 6 de agosto, estudiantes de la carrera de Odontolog\u00eda de la Facultad de Medicina Cl\u00ednica Alemana Universidad del Desarrollo, participaron en el Congreso Internacional de la Sociedad de Pr\u00f3tesis y Rehabilitaci\u00f3n Oral de Chile (SPROCh), evento donde expusieron destacados conferencistas de car\u00e1cter nacional e internacional, a prop\u00f3sito de la celebraci\u00f3n de [&hellip;]","og_url":"https:\/\/medicina.udd.cl\/odontologia-santiago\/noticias\/2022\/08\/08\/estudiantes-de-odontologia-udd-participaron-en-congreso-internacional-de-la-sociedad-de-protesis-y-rehabilitacion-oral-de-chile\/","og_site_name":"Odontolog\u00eda","article_published_time":"2022-08-08T14:03:00+00:00","article_modified_time":"2022-08-30T16:00:47+00:00","og_image":[{"width":2560,"height":1920,"url":"https:\/\/medicina.udd.cl\/odontologia-santiago\/files\/2022\/08\/Odonto-Congreso-SPROCh-6-scaled.jpg","type":"image\/jpeg"}],"author":"rbraidy","twitter_misc":{"Escrito por":"rbraidy","Tiempo de lectura":"1 minuto"},"schema":{"@context":"https:\/\/schema.org","@graph":[{"@type":"Article","@id":"https:\/\/medicina.udd.cl\/odontologia-santiago\/noticias\/2022\/08\/08\/estudiantes-de-odontologia-udd-participaron-en-congreso-internacional-de-la-sociedad-de-protesis-y-rehabilitacion-oral-de-chile\/#article","isPartOf":{"@id":"https:\/\/medicina.udd.cl\/odontologia-santiago\/noticias\/2022\/08\/08\/estudiantes-de-odontologia-udd-participaron-en-congreso-internacional-de-la-sociedad-de-protesis-y-rehabilitacion-oral-de-chile\/"},"author":{"name":"rbraidy","@id":"https:\/\/medicina.udd.cl\/odontologia-santiago\/#\/schema\/person\/dbc3705bf3a93e8be1ba6de0ef950341"},"headline":"Estudiantes de Odontolog\u00eda UDD participaron en Comisi\u00f3n de Apoyo del Congreso Internacional de la Sociedad de Pr\u00f3tesis y Rehabilitaci\u00f3n Oral de Chile","datePublished":"2022-08-08T14:03:00+00:00","dateModified":"2022-08-30T16:00:47+00:00","mainEntityOfPage":{"@id":"https:\/\/medicina.udd.cl\/odontologia-santiago\/noticias\/2022\/08\/08\/estudiantes-de-odontologia-udd-participaron-en-congreso-internacional-de-la-sociedad-de-protesis-y-rehabilitacion-oral-de-chile\/"},"wordCount":191,"commentCount":0,"image":{"@id":"https:\/\/medicina.udd.cl\/odontologia-santiago\/noticias\/2022\/08\/08\/estudiantes-de-odontologia-udd-participaron-en-congreso-internacional-de-la-sociedad-de-protesis-y-rehabilitacion-oral-de-chile\/#primaryimage"},"thumbnailUrl":"https:\/\/medicina.udd.cl\/odontologia-santiago\/files\/2022\/08\/Odonto-Congreso-SPROCh-6-scaled.jpg","articleSection":["Noticias"],"inLanguage":"es","potentialAction":[{"@type":"CommentAction","name":"Comment","target":["https:\/\/medicina.udd.cl\/odontologia-santiago\/noticias\/2022\/08\/08\/estudiantes-de-odontologia-udd-participaron-en-congreso-internacional-de-la-sociedad-de-protesis-y-rehabilitacion-oral-de-chile\/#respond"]}]},{"@type":"WebPage","@id":"https:\/\/medicina.udd.cl\/odontologia-santiago\/noticias\/2022\/08\/08\/estudiantes-de-odontologia-udd-participaron-en-congreso-internacional-de-la-sociedad-de-protesis-y-rehabilitacion-oral-de-chile\/","url":"https:\/\/medicina.udd.cl\/odontologia-santiago\/noticias\/2022\/08\/08\/estudiantes-de-odontologia-udd-participaron-en-congreso-internacional-de-la-sociedad-de-protesis-y-rehabilitacion-oral-de-chile\/","name":"Estudiantes de Odontolog\u00eda UDD participaron en Comisi\u00f3n de Apoyo del Congreso Internacional de la Sociedad de Pr\u00f3tesis y Rehabilitaci\u00f3n Oral de Chile - Odontolog\u00eda","isPartOf":{"@id":"https:\/\/medicina.udd.cl\/odontologia-santiago\/#website"},"primaryImageOfPage":{"@id":"https:\/\/medicina.udd.cl\/odontologia-santiago\/noticias\/2022\/08\/08\/estudiantes-de-odontologia-udd-participaron-en-congreso-internacional-de-la-sociedad-de-protesis-y-rehabilitacion-oral-de-chile\/#primaryimage"},"image":{"@id":"https:\/\/medicina.udd.cl\/odontologia-santiago\/noticias\/2022\/08\/08\/estudiantes-de-odontologia-udd-participaron-en-congreso-internacional-de-la-sociedad-de-protesis-y-rehabilitacion-oral-de-chile\/#primaryimage"},"thumbnailUrl":"https:\/\/medicina.udd.cl\/odontologia-santiago\/files\/2022\/08\/Odonto-Congreso-SPROCh-6-scaled.jpg","datePublished":"2022-08-08T14:03:00+00:00","dateModified":"2022-08-30T16:00:47+00:00","author":{"@id":"https:\/\/medicina.udd.cl\/odontologia-santiago\/#\/schema\/person\/dbc3705bf3a93e8be1ba6de0ef950341"},"breadcrumb":{"@id":"https:\/\/medicina.udd.cl\/odontologia-santiago\/noticias\/2022\/08\/08\/estudiantes-de-odontologia-udd-participaron-en-congreso-internacional-de-la-sociedad-de-protesis-y-rehabilitacion-oral-de-chile\/#breadcrumb"},"inLanguage":"es","potentialAction":[{"@type":"ReadAction","target":["https:\/\/medicina.udd.cl\/odontologia-santiago\/noticias\/2022\/08\/08\/estudiantes-de-odontologia-udd-participaron-en-congreso-internacional-de-la-sociedad-de-protesis-y-rehabilitacion-oral-de-chile\/"]}]},{"@type":"ImageObject","inLanguage":"es","@id":"https:\/\/medicina.udd.cl\/odontologia-santiago\/noticias\/2022\/08\/08\/estudiantes-de-odontologia-udd-participaron-en-congreso-internacional-de-la-sociedad-de-protesis-y-rehabilitacion-oral-de-chile\/#primaryimage","url":"https:\/\/medicina.udd.cl\/odontologia-santiago\/files\/2022\/08\/Odonto-Congreso-SPROCh-6-scaled.jpg","contentUrl":"https:\/\/medicina.udd.cl\/odontologia-santiago\/files\/2022\/08\/Odonto-Congreso-SPROCh-6-scaled.jpg","width":2560,"height":1920},{"@type":"BreadcrumbList","@id":"https:\/\/medicina.udd.cl\/odontologia-santiago\/noticias\/2022\/08\/08\/estudiantes-de-odontologia-udd-participaron-en-congreso-internacional-de-la-sociedad-de-protesis-y-rehabilitacion-oral-de-chile\/#breadcrumb","itemListElement":[{"@type":"ListItem","position":1,"name":"Home","item":"https:\/\/medicina.udd.cl\/odontologia-santiago\/"},{"@type":"ListItem","position":2,"name":"Estudiantes de Odontolog\u00eda UDD participaron en Comisi\u00f3n de Apoyo del Congreso Internacional de la Sociedad de Pr\u00f3tesis y Rehabilitaci\u00f3n Oral de Chile"}]},{"@type":"WebSite","@id":"https:\/\/medicina.udd.cl\/odontologia-santiago\/#website","url":"https:\/\/medicina.udd.cl\/odontologia-santiago\/","name":"Odontolog\u00eda","description":"Facultad de Medicina Cl\u00ednica Alemana Universidad del Desarrollo","inLanguage":"es"},{"@type":"Person","@id":"https:\/\/medicina.udd.cl\/odontologia-santiago\/#\/schema\/person\/dbc3705bf3a93e8be1ba6de0ef950341","name":"rbraidy","image":{"@type":"ImageObject","inLanguage":"es","@id":"https:\/\/medicina.udd.cl\/odontologia-santiago\/#\/schema\/person\/image\/","url":"https:\/\/secure.gravatar.com\/avatar\/0f8bc94637401590e45d2ce17eb65c274cb8870a219de6177f3f23e63fd8cdf3?s=96&d=mm&r=g","contentUrl":"https:\/\/secure.gravatar.com\/avatar\/0f8bc94637401590e45d2ce17eb65c274cb8870a219de6177f3f23e63fd8cdf3?s=96&d=mm&r=g","caption":"rbraidy"},"url":"https:\/\/medicina.udd.cl\/odontologia-santiago\/noticias\/author\/rbraidy\/"}]}},"featured_image_url":"https:\/\/medicina.udd.cl\/odontologia-santiago\/files\/2022\/08\/Odonto-Congreso-SPROCh-6-scaled.jpg","_links":{"self":[{"href":"https:\/\/medicina.udd.cl\/odontologia-santiago\/wp-json\/wp\/v2\/posts\/7231","targetHints":{"allow":["GET"]}}],"collection":[{"href":"https:\/\/medicina.udd.cl\/odontologia-santiago\/wp-json\/wp\/v2\/posts"}],"about":[{"href":"https:\/\/medicina.udd.cl\/odontologia-santiago\/wp-json\/wp\/v2\/types\/post"}],"author":[{"embeddable":true,"href":"https:\/\/medicina.udd.cl\/odontologia-santiago\/wp-json\/wp\/v2\/users\/9192219"}],"replies":[{"embeddable":true,"href":"https:\/\/medicina.udd.cl\/odontologia-santiago\/wp-json\/wp\/v2\/comments?post=7231"}],"version-history":[{"count":5,"href":"https:\/\/medicina.udd.cl\/odontologia-santiago\/wp-json\/wp\/v2\/posts\/7231\/revisions"}],"predecessor-version":[{"id":7246,"href":"https:\/\/medicina.udd.cl\/odontologia-santiago\/wp-json\/wp\/v2\/posts\/7231\/revisions\/7246"}],"wp:featuredmedia":[{"embeddable":true,"href":"https:\/\/medicina.udd.cl\/odontologia-santiago\/wp-json\/wp\/v2\/media\/7237"}],"wp:attachment":[{"href":"https:\/\/medicina.udd.cl\/odontologia-santiago\/wp-json\/wp\/v2\/media?parent=7231"}],"wp:term":[{"taxonomy":"category","embeddable":true,"href":"https:\/\/medicina.udd.cl\/odontologia-santiago\/wp-json\/wp\/v2\/categories?post=7231"},{"taxonomy":"post_tag","embeddable":true,"href":"https:\/\/medicina.udd.cl\/odontologia-santiago\/wp-json\/wp\/v2\/tags?post=7231"}],"curies":[{"name":"wp","href":"https:\/\/api.w.org\/{rel}","templated":true}]}}