{"id":7857,"date":"2024-01-18T11:26:00","date_gmt":"2024-01-18T14:26:00","guid":{"rendered":"https:\/\/medicina.udd.cl\/odontologia-santiago\/?p=7857"},"modified":"2025-05-27T16:18:22","modified_gmt":"2025-05-27T20:18:22","slug":"un-total-de-61-nuevos-especialistas-odontologicos-udd-celebraron-su-logro","status":"publish","type":"post","link":"https:\/\/medicina.udd.cl\/odontologia-santiago\/noticias\/2024\/01\/18\/un-total-de-61-nuevos-especialistas-odontologicos-udd-celebraron-su-logro\/","title":{"rendered":"Un total de 61 nuevos especialistas odontol\u00f3gicos UDD celebraron su logro"},"content":{"rendered":"\n<figure class=\"wp-block-gallery has-nested-images columns-default is-cropped wp-block-gallery-1 is-layout-flex wp-block-gallery-is-layout-flex\">\n<figure class=\"wp-block-image size-large\"><a href=\"https:\/\/medicina.udd.cl\/odontologia-santiago\/files\/2024\/01\/odon-ceremonia-postitulos-especialidades-14-scaled.jpg\"><img loading=\"lazy\" decoding=\"async\" width=\"2560\" height=\"1707\" data-id=\"7899\" src=\"https:\/\/medicina.udd.cl\/odontologia-santiago\/files\/2024\/01\/odon-ceremonia-postitulos-especialidades-14-scaled.jpg\" alt=\"\" class=\"wp-image-7899\" srcset=\"https:\/\/medicina.udd.cl\/odontologia-santiago\/files\/2024\/01\/odon-ceremonia-postitulos-especialidades-14-scaled.jpg 2560w, https:\/\/medicina.udd.cl\/odontologia-santiago\/files\/2024\/01\/odon-ceremonia-postitulos-especialidades-14-300x200.jpg 300w, https:\/\/medicina.udd.cl\/odontologia-santiago\/files\/2024\/01\/odon-ceremonia-postitulos-especialidades-14-1024x683.jpg 1024w, https:\/\/medicina.udd.cl\/odontologia-santiago\/files\/2024\/01\/odon-ceremonia-postitulos-especialidades-14-768x512.jpg 768w, https:\/\/medicina.udd.cl\/odontologia-santiago\/files\/2024\/01\/odon-ceremonia-postitulos-especialidades-14-1536x1024.jpg 1536w, https:\/\/medicina.udd.cl\/odontologia-santiago\/files\/2024\/01\/odon-ceremonia-postitulos-especialidades-14-2048x1365.jpg 2048w\" sizes=\"auto, (max-width: 2560px) 100vw, 2560px\" \/><\/a><\/figure>\n\n\n\n<figure class=\"wp-block-image size-large\"><a href=\"https:\/\/medicina.udd.cl\/odontologia-santiago\/files\/2024\/01\/odon-ceremonia-postitulos-especialidades-15-scaled.jpg\"><img loading=\"lazy\" decoding=\"async\" width=\"2560\" height=\"1707\" data-id=\"7902\" src=\"https:\/\/medicina.udd.cl\/odontologia-santiago\/files\/2024\/01\/odon-ceremonia-postitulos-especialidades-15-scaled.jpg\" alt=\"\" class=\"wp-image-7902\" srcset=\"https:\/\/medicina.udd.cl\/odontologia-santiago\/files\/2024\/01\/odon-ceremonia-postitulos-especialidades-15-scaled.jpg 2560w, https:\/\/medicina.udd.cl\/odontologia-santiago\/files\/2024\/01\/odon-ceremonia-postitulos-especialidades-15-300x200.jpg 300w, https:\/\/medicina.udd.cl\/odontologia-santiago\/files\/2024\/01\/odon-ceremonia-postitulos-especialidades-15-1024x683.jpg 1024w, https:\/\/medicina.udd.cl\/odontologia-santiago\/files\/2024\/01\/odon-ceremonia-postitulos-especialidades-15-768x512.jpg 768w, https:\/\/medicina.udd.cl\/odontologia-santiago\/files\/2024\/01\/odon-ceremonia-postitulos-especialidades-15-1536x1024.jpg 1536w, https:\/\/medicina.udd.cl\/odontologia-santiago\/files\/2024\/01\/odon-ceremonia-postitulos-especialidades-15-2048x1365.jpg 2048w\" sizes=\"auto, (max-width: 2560px) 100vw, 2560px\" \/><\/a><\/figure>\n\n\n\n<figure class=\"wp-block-image size-large\"><a href=\"https:\/\/medicina.udd.cl\/odontologia-santiago\/files\/2024\/01\/odon-ceremonia-postitulos-especialidades-3-scaled.jpg\"><img loading=\"lazy\" decoding=\"async\" width=\"2560\" height=\"1707\" data-id=\"7866\" src=\"https:\/\/medicina.udd.cl\/odontologia-santiago\/files\/2024\/01\/odon-ceremonia-postitulos-especialidades-3-scaled.jpg\" alt=\"\" class=\"wp-image-7866\" srcset=\"https:\/\/medicina.udd.cl\/odontologia-santiago\/files\/2024\/01\/odon-ceremonia-postitulos-especialidades-3-scaled.jpg 2560w, https:\/\/medicina.udd.cl\/odontologia-santiago\/files\/2024\/01\/odon-ceremonia-postitulos-especialidades-3-300x200.jpg 300w, https:\/\/medicina.udd.cl\/odontologia-santiago\/files\/2024\/01\/odon-ceremonia-postitulos-especialidades-3-1024x683.jpg 1024w, https:\/\/medicina.udd.cl\/odontologia-santiago\/files\/2024\/01\/odon-ceremonia-postitulos-especialidades-3-768x512.jpg 768w, https:\/\/medicina.udd.cl\/odontologia-santiago\/files\/2024\/01\/odon-ceremonia-postitulos-especialidades-3-1536x1024.jpg 1536w, https:\/\/medicina.udd.cl\/odontologia-santiago\/files\/2024\/01\/odon-ceremonia-postitulos-especialidades-3-2048x1365.jpg 2048w\" sizes=\"auto, (max-width: 2560px) 100vw, 2560px\" \/><\/a><\/figure>\n<\/figure>\n\n\n\n<p>La Facultad de Medicina Cl\u00ednica Alemana Universidad del Desarrollo celebr\u00f3 con gran emoci\u00f3n la graduaci\u00f3n de 61 nuevos especialistas odontol\u00f3gicos pertenecientes a las generaciones 2020 y 2021. La destacada ceremonia tuvo lugar en el solemne Aula Magna del campus Rector Ernesto Silva Bafalluy.<\/p>\n\n\n\n<p>La directora de Postgrado UDD, Javiera Z\u00fa\u00f1iga Sep\u00falveda, la decana de la Facultad de Medicina, Dra. Marcela Castillo, y la vicedecana de Postgrado de la Facultad de Medicina, Dra. Carolina Acu\u00f1a Mujica, presidieron el evento, acompa\u00f1adas por el director de Postgrado de Odontolog\u00eda UDD, Dr. Alfredo Zunino Belmar. El acto cont\u00f3 con la presencia de los directores de los programas de post\u00edtulos de especialidades odontol\u00f3gicas, los graduados, sus familiares y amigos.<\/p>\n\n\n\n<p>En un discurso, el Dr. Alfredo Zunino felicit\u00f3 a los nuevos especialistas, resaltando la importancia de haber ganado la confianza de los pacientes y la comunidad, especialmente tras cuatro a\u00f1os de desaf\u00edos pand\u00e9micos. Asimismo, destac\u00f3 que la ceremonia marcaba el fin de una etapa de desarrollo y el comienzo de nuevos desaf\u00edos, agradeciendo al cuerpo acad\u00e9mico y alentando a los graduados a participar en el crecimiento constante de la Universidad del Desarrollo.<\/p>\n\n\n\n<p>La directora de Postgrado UDD, Javiera Z\u00fa\u00f1iga Sep\u00falveda, entreg\u00f3 el prestigioso premio a la excelencia \u00abUniversidad del Desarrollo\u00bb a los mejores alumnos de cada programa. Los galardonados fueron Bernardita Ladr\u00f3n De Guevara Silva y Diego Benedetto Evangelista Gonz\u00e1lez (Generaciones 2020 y 2021) del programa de Post\u00edtulo de Especialidad Odontol\u00f3gica en Implantolog\u00eda Buco Maxilofacial; Dalila Macarena Sandoval Salas y Mar\u00eda-Ignacia Sirhan Jalaff (Generaciones 2020 y 2021) del Programa de Post\u00edtulo de Especialidad Odontol\u00f3gica en Periodoncia; y Jos\u00e9 Tom\u00e1s Henao Fern\u00e1ndez (Generaci\u00f3n 2020) del Programa de Post\u00edtulo de Especialidad Odontol\u00f3gica en Rehabilitaci\u00f3n Oral, Menci\u00f3n en Pr\u00f3tesis Dento e Implanto Asistidas.<\/p>\n\n\n\n<p>La Dra. Mar\u00eda Alejandra Ayala Obando, especialista en Implantolog\u00eda Buco Maxilofacial, cerr\u00f3 la ceremonia dedicando unas palabras en representaci\u00f3n de todos los graduados. Un emotivo cierre para un importante hito acad\u00e9mico en la formaci\u00f3n de especialistas odontol\u00f3gicos en la Universidad del Desarrollo. La ceremonia completa puede revivirse a continuaci\u00f3n:<\/p>\n\n\n\n<figure class=\"wp-block-embed is-type-video is-provider-youtube wp-block-embed-youtube wp-embed-aspect-16-9 wp-has-aspect-ratio\"><div class=\"wp-block-embed__wrapper\">\n<iframe loading=\"lazy\" title=\"Ceremonia de Graduaci\u00f3n | Post\u00edtulos Especialidades Odontol\u00f3gicas | Sede Santiago\" width=\"500\" height=\"281\" src=\"https:\/\/www.youtube.com\/embed\/YT_KPMnZf1A?start=2079&#038;feature=oembed&#038;rel=0&#038;modestbranding=1&#038;autohide=1&#038;autoplay=0&#038;enablejsapi=1&#038;showinfo=0\" allowautoplay=\"allowautoplay\" frameborder=\"0\" allow=\"accelerometer; autoplay; clipboard-write; encrypted-media; gyroscope; picture-in-picture; web-share\" referrerpolicy=\"strict-origin-when-cross-origin\" allowfullscreen><\/iframe>\n<\/div><\/figure>\n\n\n\n<h2 class=\"wp-block-heading\">GALER\u00cdA<\/h2>\n\n\n\n<figure class=\"wp-block-gallery has-nested-images columns-default is-cropped wp-block-gallery-2 is-layout-flex wp-block-gallery-is-layout-flex\">\n<figure class=\"wp-block-image size-large\"><a href=\"https:\/\/medicina.udd.cl\/odontologia-santiago\/files\/2024\/01\/odon-ceremonia-postitulos-especialidades-1-scaled.jpg\"><img loading=\"lazy\" decoding=\"async\" width=\"2560\" height=\"1707\" data-id=\"7860\" src=\"https:\/\/medicina.udd.cl\/odontologia-santiago\/files\/2024\/01\/odon-ceremonia-postitulos-especialidades-1-scaled.jpg\" alt=\"\" class=\"wp-image-7860\" srcset=\"https:\/\/medicina.udd.cl\/odontologia-santiago\/files\/2024\/01\/odon-ceremonia-postitulos-especialidades-1-scaled.jpg 2560w, https:\/\/medicina.udd.cl\/odontologia-santiago\/files\/2024\/01\/odon-ceremonia-postitulos-especialidades-1-300x200.jpg 300w, https:\/\/medicina.udd.cl\/odontologia-santiago\/files\/2024\/01\/odon-ceremonia-postitulos-especialidades-1-1024x683.jpg 1024w, https:\/\/medicina.udd.cl\/odontologia-santiago\/files\/2024\/01\/odon-ceremonia-postitulos-especialidades-1-768x512.jpg 768w, https:\/\/medicina.udd.cl\/odontologia-santiago\/files\/2024\/01\/odon-ceremonia-postitulos-especialidades-1-1536x1024.jpg 1536w, https:\/\/medicina.udd.cl\/odontologia-santiago\/files\/2024\/01\/odon-ceremonia-postitulos-especialidades-1-2048x1365.jpg 2048w\" sizes=\"auto, (max-width: 2560px) 100vw, 2560px\" \/><\/a><\/figure>\n\n\n\n<figure class=\"wp-block-image size-large\"><a href=\"https:\/\/medicina.udd.cl\/odontologia-santiago\/files\/2024\/01\/odon-ceremonia-postitulos-especialidades-2-scaled.jpg\"><img loading=\"lazy\" decoding=\"async\" width=\"2560\" height=\"1707\" data-id=\"7863\" src=\"https:\/\/medicina.udd.cl\/odontologia-santiago\/files\/2024\/01\/odon-ceremonia-postitulos-especialidades-2-scaled.jpg\" alt=\"\" class=\"wp-image-7863\" srcset=\"https:\/\/medicina.udd.cl\/odontologia-santiago\/files\/2024\/01\/odon-ceremonia-postitulos-especialidades-2-scaled.jpg 2560w, https:\/\/medicina.udd.cl\/odontologia-santiago\/files\/2024\/01\/odon-ceremonia-postitulos-especialidades-2-300x200.jpg 300w, https:\/\/medicina.udd.cl\/odontologia-santiago\/files\/2024\/01\/odon-ceremonia-postitulos-especialidades-2-1024x683.jpg 1024w, https:\/\/medicina.udd.cl\/odontologia-santiago\/files\/2024\/01\/odon-ceremonia-postitulos-especialidades-2-768x512.jpg 768w, https:\/\/medicina.udd.cl\/odontologia-santiago\/files\/2024\/01\/odon-ceremonia-postitulos-especialidades-2-1536x1024.jpg 1536w, https:\/\/medicina.udd.cl\/odontologia-santiago\/files\/2024\/01\/odon-ceremonia-postitulos-especialidades-2-2048x1365.jpg 2048w\" sizes=\"auto, (max-width: 2560px) 100vw, 2560px\" \/><\/a><\/figure>\n\n\n\n<figure class=\"wp-block-image size-large\"><a href=\"https:\/\/medicina.udd.cl\/odontologia-santiago\/files\/2024\/01\/odon-ceremonia-postitulos-especialidades-4-scaled.jpg\"><img loading=\"lazy\" decoding=\"async\" width=\"2560\" height=\"1707\" data-id=\"7869\" src=\"https:\/\/medicina.udd.cl\/odontologia-santiago\/files\/2024\/01\/odon-ceremonia-postitulos-especialidades-4-scaled.jpg\" alt=\"\" class=\"wp-image-7869\" srcset=\"https:\/\/medicina.udd.cl\/odontologia-santiago\/files\/2024\/01\/odon-ceremonia-postitulos-especialidades-4-scaled.jpg 2560w, https:\/\/medicina.udd.cl\/odontologia-santiago\/files\/2024\/01\/odon-ceremonia-postitulos-especialidades-4-300x200.jpg 300w, https:\/\/medicina.udd.cl\/odontologia-santiago\/files\/2024\/01\/odon-ceremonia-postitulos-especialidades-4-1024x683.jpg 1024w, https:\/\/medicina.udd.cl\/odontologia-santiago\/files\/2024\/01\/odon-ceremonia-postitulos-especialidades-4-768x512.jpg 768w, https:\/\/medicina.udd.cl\/odontologia-santiago\/files\/2024\/01\/odon-ceremonia-postitulos-especialidades-4-1536x1024.jpg 1536w, https:\/\/medicina.udd.cl\/odontologia-santiago\/files\/2024\/01\/odon-ceremonia-postitulos-especialidades-4-2048x1365.jpg 2048w\" sizes=\"auto, (max-width: 2560px) 100vw, 2560px\" \/><\/a><\/figure>\n\n\n\n<figure class=\"wp-block-image size-large\"><a href=\"https:\/\/medicina.udd.cl\/odontologia-santiago\/files\/2024\/01\/odon-ceremonia-postitulos-especialidades-5-scaled.jpg\"><img loading=\"lazy\" decoding=\"async\" width=\"2560\" height=\"1706\" data-id=\"7872\" src=\"https:\/\/medicina.udd.cl\/odontologia-santiago\/files\/2024\/01\/odon-ceremonia-postitulos-especialidades-5-scaled.jpg\" alt=\"\" class=\"wp-image-7872\" srcset=\"https:\/\/medicina.udd.cl\/odontologia-santiago\/files\/2024\/01\/odon-ceremonia-postitulos-especialidades-5-scaled.jpg 2560w, https:\/\/medicina.udd.cl\/odontologia-santiago\/files\/2024\/01\/odon-ceremonia-postitulos-especialidades-5-300x200.jpg 300w, https:\/\/medicina.udd.cl\/odontologia-santiago\/files\/2024\/01\/odon-ceremonia-postitulos-especialidades-5-1024x683.jpg 1024w, https:\/\/medicina.udd.cl\/odontologia-santiago\/files\/2024\/01\/odon-ceremonia-postitulos-especialidades-5-768x512.jpg 768w, https:\/\/medicina.udd.cl\/odontologia-santiago\/files\/2024\/01\/odon-ceremonia-postitulos-especialidades-5-1536x1024.jpg 1536w, https:\/\/medicina.udd.cl\/odontologia-santiago\/files\/2024\/01\/odon-ceremonia-postitulos-especialidades-5-2048x1365.jpg 2048w\" sizes=\"auto, (max-width: 2560px) 100vw, 2560px\" \/><\/a><\/figure>\n\n\n\n<figure class=\"wp-block-image size-large\"><a href=\"https:\/\/medicina.udd.cl\/odontologia-santiago\/files\/2024\/01\/odon-ceremonia-postitulos-especialidades-6-scaled.jpg\"><img loading=\"lazy\" decoding=\"async\" width=\"2560\" height=\"1707\" data-id=\"7875\" src=\"https:\/\/medicina.udd.cl\/odontologia-santiago\/files\/2024\/01\/odon-ceremonia-postitulos-especialidades-6-scaled.jpg\" alt=\"\" class=\"wp-image-7875\" srcset=\"https:\/\/medicina.udd.cl\/odontologia-santiago\/files\/2024\/01\/odon-ceremonia-postitulos-especialidades-6-scaled.jpg 2560w, https:\/\/medicina.udd.cl\/odontologia-santiago\/files\/2024\/01\/odon-ceremonia-postitulos-especialidades-6-300x200.jpg 300w, https:\/\/medicina.udd.cl\/odontologia-santiago\/files\/2024\/01\/odon-ceremonia-postitulos-especialidades-6-1024x683.jpg 1024w, https:\/\/medicina.udd.cl\/odontologia-santiago\/files\/2024\/01\/odon-ceremonia-postitulos-especialidades-6-768x512.jpg 768w, https:\/\/medicina.udd.cl\/odontologia-santiago\/files\/2024\/01\/odon-ceremonia-postitulos-especialidades-6-1536x1024.jpg 1536w, https:\/\/medicina.udd.cl\/odontologia-santiago\/files\/2024\/01\/odon-ceremonia-postitulos-especialidades-6-2048x1365.jpg 2048w\" sizes=\"auto, (max-width: 2560px) 100vw, 2560px\" \/><\/a><\/figure>\n\n\n\n<figure class=\"wp-block-image size-large\"><a href=\"https:\/\/medicina.udd.cl\/odontologia-santiago\/files\/2024\/01\/odon-ceremonia-postitulos-especialidades-7-scaled.jpg\"><img loading=\"lazy\" decoding=\"async\" width=\"2560\" height=\"1707\" data-id=\"7878\" src=\"https:\/\/medicina.udd.cl\/odontologia-santiago\/files\/2024\/01\/odon-ceremonia-postitulos-especialidades-7-scaled.jpg\" alt=\"\" class=\"wp-image-7878\" srcset=\"https:\/\/medicina.udd.cl\/odontologia-santiago\/files\/2024\/01\/odon-ceremonia-postitulos-especialidades-7-scaled.jpg 2560w, https:\/\/medicina.udd.cl\/odontologia-santiago\/files\/2024\/01\/odon-ceremonia-postitulos-especialidades-7-300x200.jpg 300w, https:\/\/medicina.udd.cl\/odontologia-santiago\/files\/2024\/01\/odon-ceremonia-postitulos-especialidades-7-1024x683.jpg 1024w, https:\/\/medicina.udd.cl\/odontologia-santiago\/files\/2024\/01\/odon-ceremonia-postitulos-especialidades-7-768x512.jpg 768w, https:\/\/medicina.udd.cl\/odontologia-santiago\/files\/2024\/01\/odon-ceremonia-postitulos-especialidades-7-1536x1024.jpg 1536w, https:\/\/medicina.udd.cl\/odontologia-santiago\/files\/2024\/01\/odon-ceremonia-postitulos-especialidades-7-2048x1365.jpg 2048w\" sizes=\"auto, (max-width: 2560px) 100vw, 2560px\" \/><\/a><\/figure>\n\n\n\n<figure class=\"wp-block-image size-large\"><a href=\"https:\/\/medicina.udd.cl\/odontologia-santiago\/files\/2024\/01\/odon-ceremonia-postitulos-especialidades-8-scaled.jpg\"><img loading=\"lazy\" decoding=\"async\" width=\"2560\" height=\"1707\" data-id=\"7881\" src=\"https:\/\/medicina.udd.cl\/odontologia-santiago\/files\/2024\/01\/odon-ceremonia-postitulos-especialidades-8-scaled.jpg\" alt=\"\" class=\"wp-image-7881\" srcset=\"https:\/\/medicina.udd.cl\/odontologia-santiago\/files\/2024\/01\/odon-ceremonia-postitulos-especialidades-8-scaled.jpg 2560w, https:\/\/medicina.udd.cl\/odontologia-santiago\/files\/2024\/01\/odon-ceremonia-postitulos-especialidades-8-300x200.jpg 300w, https:\/\/medicina.udd.cl\/odontologia-santiago\/files\/2024\/01\/odon-ceremonia-postitulos-especialidades-8-1024x683.jpg 1024w, https:\/\/medicina.udd.cl\/odontologia-santiago\/files\/2024\/01\/odon-ceremonia-postitulos-especialidades-8-768x512.jpg 768w, https:\/\/medicina.udd.cl\/odontologia-santiago\/files\/2024\/01\/odon-ceremonia-postitulos-especialidades-8-1536x1024.jpg 1536w, https:\/\/medicina.udd.cl\/odontologia-santiago\/files\/2024\/01\/odon-ceremonia-postitulos-especialidades-8-2048x1365.jpg 2048w\" sizes=\"auto, (max-width: 2560px) 100vw, 2560px\" \/><\/a><\/figure>\n\n\n\n<figure class=\"wp-block-image size-large\"><a href=\"https:\/\/medicina.udd.cl\/odontologia-santiago\/files\/2024\/01\/odon-ceremonia-postitulos-especialidades-13-scaled.jpg\"><img loading=\"lazy\" decoding=\"async\" width=\"2560\" height=\"1707\" data-id=\"7896\" src=\"https:\/\/medicina.udd.cl\/odontologia-santiago\/files\/2024\/01\/odon-ceremonia-postitulos-especialidades-13-scaled.jpg\" alt=\"\" class=\"wp-image-7896\" srcset=\"https:\/\/medicina.udd.cl\/odontologia-santiago\/files\/2024\/01\/odon-ceremonia-postitulos-especialidades-13-scaled.jpg 2560w, https:\/\/medicina.udd.cl\/odontologia-santiago\/files\/2024\/01\/odon-ceremonia-postitulos-especialidades-13-300x200.jpg 300w, https:\/\/medicina.udd.cl\/odontologia-santiago\/files\/2024\/01\/odon-ceremonia-postitulos-especialidades-13-1024x683.jpg 1024w, https:\/\/medicina.udd.cl\/odontologia-santiago\/files\/2024\/01\/odon-ceremonia-postitulos-especialidades-13-768x512.jpg 768w, https:\/\/medicina.udd.cl\/odontologia-santiago\/files\/2024\/01\/odon-ceremonia-postitulos-especialidades-13-1536x1024.jpg 1536w, https:\/\/medicina.udd.cl\/odontologia-santiago\/files\/2024\/01\/odon-ceremonia-postitulos-especialidades-13-2048x1365.jpg 2048w\" sizes=\"auto, (max-width: 2560px) 100vw, 2560px\" \/><\/a><\/figure>\n\n\n\n<figure class=\"wp-block-image size-large\"><a href=\"https:\/\/medicina.udd.cl\/odontologia-santiago\/files\/2024\/01\/odon-ceremonia-postitulos-especialidades-9-scaled.jpg\"><img loading=\"lazy\" decoding=\"async\" width=\"2560\" height=\"1707\" data-id=\"7884\" src=\"https:\/\/medicina.udd.cl\/odontologia-santiago\/files\/2024\/01\/odon-ceremonia-postitulos-especialidades-9-scaled.jpg\" alt=\"\" class=\"wp-image-7884\" srcset=\"https:\/\/medicina.udd.cl\/odontologia-santiago\/files\/2024\/01\/odon-ceremonia-postitulos-especialidades-9-scaled.jpg 2560w, https:\/\/medicina.udd.cl\/odontologia-santiago\/files\/2024\/01\/odon-ceremonia-postitulos-especialidades-9-300x200.jpg 300w, https:\/\/medicina.udd.cl\/odontologia-santiago\/files\/2024\/01\/odon-ceremonia-postitulos-especialidades-9-1024x683.jpg 1024w, https:\/\/medicina.udd.cl\/odontologia-santiago\/files\/2024\/01\/odon-ceremonia-postitulos-especialidades-9-768x512.jpg 768w, https:\/\/medicina.udd.cl\/odontologia-santiago\/files\/2024\/01\/odon-ceremonia-postitulos-especialidades-9-1536x1024.jpg 1536w, https:\/\/medicina.udd.cl\/odontologia-santiago\/files\/2024\/01\/odon-ceremonia-postitulos-especialidades-9-2048x1365.jpg 2048w\" sizes=\"auto, (max-width: 2560px) 100vw, 2560px\" \/><\/a><\/figure>\n\n\n\n<figure class=\"wp-block-image size-large\"><a href=\"https:\/\/medicina.udd.cl\/odontologia-santiago\/files\/2024\/01\/odon-ceremonia-postitulos-especialidades-10-scaled.jpg\"><img loading=\"lazy\" decoding=\"async\" width=\"2560\" height=\"1707\" data-id=\"7887\" src=\"https:\/\/medicina.udd.cl\/odontologia-santiago\/files\/2024\/01\/odon-ceremonia-postitulos-especialidades-10-scaled.jpg\" alt=\"\" class=\"wp-image-7887\" srcset=\"https:\/\/medicina.udd.cl\/odontologia-santiago\/files\/2024\/01\/odon-ceremonia-postitulos-especialidades-10-scaled.jpg 2560w, https:\/\/medicina.udd.cl\/odontologia-santiago\/files\/2024\/01\/odon-ceremonia-postitulos-especialidades-10-300x200.jpg 300w, https:\/\/medicina.udd.cl\/odontologia-santiago\/files\/2024\/01\/odon-ceremonia-postitulos-especialidades-10-1024x683.jpg 1024w, https:\/\/medicina.udd.cl\/odontologia-santiago\/files\/2024\/01\/odon-ceremonia-postitulos-especialidades-10-768x512.jpg 768w, https:\/\/medicina.udd.cl\/odontologia-santiago\/files\/2024\/01\/odon-ceremonia-postitulos-especialidades-10-1536x1024.jpg 1536w, https:\/\/medicina.udd.cl\/odontologia-santiago\/files\/2024\/01\/odon-ceremonia-postitulos-especialidades-10-2048x1365.jpg 2048w\" sizes=\"auto, (max-width: 2560px) 100vw, 2560px\" \/><\/a><\/figure>\n\n\n\n<figure class=\"wp-block-image size-large\"><a href=\"https:\/\/medicina.udd.cl\/odontologia-santiago\/files\/2024\/01\/odon-ceremonia-postitulos-especialidades-11-scaled.jpg\"><img loading=\"lazy\" decoding=\"async\" width=\"2560\" height=\"1707\" data-id=\"7890\" src=\"https:\/\/medicina.udd.cl\/odontologia-santiago\/files\/2024\/01\/odon-ceremonia-postitulos-especialidades-11-scaled.jpg\" alt=\"\" class=\"wp-image-7890\" srcset=\"https:\/\/medicina.udd.cl\/odontologia-santiago\/files\/2024\/01\/odon-ceremonia-postitulos-especialidades-11-scaled.jpg 2560w, https:\/\/medicina.udd.cl\/odontologia-santiago\/files\/2024\/01\/odon-ceremonia-postitulos-especialidades-11-300x200.jpg 300w, https:\/\/medicina.udd.cl\/odontologia-santiago\/files\/2024\/01\/odon-ceremonia-postitulos-especialidades-11-1024x683.jpg 1024w, https:\/\/medicina.udd.cl\/odontologia-santiago\/files\/2024\/01\/odon-ceremonia-postitulos-especialidades-11-768x512.jpg 768w, https:\/\/medicina.udd.cl\/odontologia-santiago\/files\/2024\/01\/odon-ceremonia-postitulos-especialidades-11-1536x1024.jpg 1536w, https:\/\/medicina.udd.cl\/odontologia-santiago\/files\/2024\/01\/odon-ceremonia-postitulos-especialidades-11-2048x1365.jpg 2048w\" sizes=\"auto, (max-width: 2560px) 100vw, 2560px\" \/><\/a><\/figure>\n\n\n\n<figure class=\"wp-block-image size-large\"><a href=\"https:\/\/medicina.udd.cl\/odontologia-santiago\/files\/2024\/01\/odon-ceremonia-postitulos-especialidades-12-scaled.jpg\"><img loading=\"lazy\" decoding=\"async\" width=\"2560\" height=\"1707\" data-id=\"7893\" src=\"https:\/\/medicina.udd.cl\/odontologia-santiago\/files\/2024\/01\/odon-ceremonia-postitulos-especialidades-12-scaled.jpg\" alt=\"\" class=\"wp-image-7893\" srcset=\"https:\/\/medicina.udd.cl\/odontologia-santiago\/files\/2024\/01\/odon-ceremonia-postitulos-especialidades-12-scaled.jpg 2560w, https:\/\/medicina.udd.cl\/odontologia-santiago\/files\/2024\/01\/odon-ceremonia-postitulos-especialidades-12-300x200.jpg 300w, https:\/\/medicina.udd.cl\/odontologia-santiago\/files\/2024\/01\/odon-ceremonia-postitulos-especialidades-12-1024x683.jpg 1024w, https:\/\/medicina.udd.cl\/odontologia-santiago\/files\/2024\/01\/odon-ceremonia-postitulos-especialidades-12-768x512.jpg 768w, https:\/\/medicina.udd.cl\/odontologia-santiago\/files\/2024\/01\/odon-ceremonia-postitulos-especialidades-12-1536x1024.jpg 1536w, https:\/\/medicina.udd.cl\/odontologia-santiago\/files\/2024\/01\/odon-ceremonia-postitulos-especialidades-12-2048x1365.jpg 2048w\" sizes=\"auto, (max-width: 2560px) 100vw, 2560px\" \/><\/a><\/figure>\n<\/figure>\n","protected":false},"excerpt":{"rendered":"<p>La Facultad de Medicina Cl\u00ednica Alemana Universidad del Desarrollo celebr\u00f3 con gran emoci\u00f3n la graduaci\u00f3n de 61 nuevos especialistas odontol\u00f3gicos pertenecientes a las generaciones 2020 y 2021. La destacada ceremonia tuvo lugar en el solemne Aula Magna del campus Rector Ernesto Silva Bafalluy. La directora de Postgrado UDD, Javiera Z\u00fa\u00f1iga Sep\u00falveda, la decana de la [&hellip;]<\/p>\n","protected":false},"author":9192219,"featured_media":7875,"comment_status":"closed","ping_status":"open","sticky":false,"template":"","format":"standard","meta":{"footnotes":""},"categories":[4,9075],"tags":[],"class_list":["post-7857","post","type-post","status-publish","format-standard","has-post-thumbnail","hentry","category-noticias","category-postgrado"],"yoast_head":"<!-- This site is optimized with the Yoast SEO plugin v26.9 - https:\/\/yoast.com\/product\/yoast-seo-wordpress\/ -->\n<title>Un total de 61 nuevos especialistas odontol\u00f3gicos UDD celebraron su logro - Odontolog\u00eda<\/title>\n<meta name=\"robots\" content=\"index, follow, max-snippet:-1, max-image-preview:large, max-video-preview:-1\" \/>\n<link rel=\"canonical\" href=\"https:\/\/medicina.udd.cl\/odontologia-santiago\/noticias\/2024\/01\/18\/un-total-de-61-nuevos-especialistas-odontologicos-udd-celebraron-su-logro\/\" \/>\n<meta property=\"og:locale\" content=\"es_ES\" \/>\n<meta property=\"og:type\" content=\"article\" \/>\n<meta property=\"og:title\" content=\"Un total de 61 nuevos especialistas odontol\u00f3gicos UDD celebraron su logro - Odontolog\u00eda\" \/>\n<meta property=\"og:description\" content=\"La Facultad de Medicina Cl\u00ednica Alemana Universidad del Desarrollo celebr\u00f3 con gran emoci\u00f3n la graduaci\u00f3n de 61 nuevos especialistas odontol\u00f3gicos pertenecientes a las generaciones 2020 y 2021. La destacada ceremonia tuvo lugar en el solemne Aula Magna del campus Rector Ernesto Silva Bafalluy. La directora de Postgrado UDD, Javiera Z\u00fa\u00f1iga Sep\u00falveda, la decana de la [&hellip;]\" \/>\n<meta property=\"og:url\" content=\"https:\/\/medicina.udd.cl\/odontologia-santiago\/noticias\/2024\/01\/18\/un-total-de-61-nuevos-especialistas-odontologicos-udd-celebraron-su-logro\/\" \/>\n<meta property=\"og:site_name\" content=\"Odontolog\u00eda\" \/>\n<meta property=\"article:published_time\" content=\"2024-01-18T14:26:00+00:00\" \/>\n<meta property=\"article:modified_time\" content=\"2025-05-27T20:18:22+00:00\" \/>\n<meta property=\"og:image\" content=\"https:\/\/medicina.udd.cl\/odontologia-santiago\/files\/2024\/01\/odon-ceremonia-postitulos-especialidades-6-scaled.jpg\" \/>\n\t<meta property=\"og:image:width\" content=\"2560\" \/>\n\t<meta property=\"og:image:height\" content=\"1707\" \/>\n\t<meta property=\"og:image:type\" content=\"image\/jpeg\" \/>\n<meta name=\"author\" content=\"rbraidy\" \/>\n<meta name=\"twitter:label1\" content=\"Escrito por\" \/>\n\t<meta name=\"twitter:data1\" content=\"rbraidy\" \/>\n\t<meta name=\"twitter:label2\" content=\"Tiempo de lectura\" \/>\n\t<meta name=\"twitter:data2\" content=\"5 minutos\" \/>\n<script type=\"application\/ld+json\" class=\"yoast-schema-graph\">{\"@context\":\"https:\/\/schema.org\",\"@graph\":[{\"@type\":\"Article\",\"@id\":\"https:\/\/medicina.udd.cl\/odontologia-santiago\/noticias\/2024\/01\/18\/un-total-de-61-nuevos-especialistas-odontologicos-udd-celebraron-su-logro\/#article\",\"isPartOf\":{\"@id\":\"https:\/\/medicina.udd.cl\/odontologia-santiago\/noticias\/2024\/01\/18\/un-total-de-61-nuevos-especialistas-odontologicos-udd-celebraron-su-logro\/\"},\"author\":{\"name\":\"rbraidy\",\"@id\":\"https:\/\/medicina.udd.cl\/odontologia-santiago\/#\/schema\/person\/dbc3705bf3a93e8be1ba6de0ef950341\"},\"headline\":\"Un total de 61 nuevos especialistas odontol\u00f3gicos UDD celebraron su logro\",\"datePublished\":\"2024-01-18T14:26:00+00:00\",\"dateModified\":\"2025-05-27T20:18:22+00:00\",\"mainEntityOfPage\":{\"@id\":\"https:\/\/medicina.udd.cl\/odontologia-santiago\/noticias\/2024\/01\/18\/un-total-de-61-nuevos-especialistas-odontologicos-udd-celebraron-su-logro\/\"},\"wordCount\":391,\"image\":{\"@id\":\"https:\/\/medicina.udd.cl\/odontologia-santiago\/noticias\/2024\/01\/18\/un-total-de-61-nuevos-especialistas-odontologicos-udd-celebraron-su-logro\/#primaryimage\"},\"thumbnailUrl\":\"https:\/\/medicina.udd.cl\/odontologia-santiago\/files\/2024\/01\/odon-ceremonia-postitulos-especialidades-6-scaled.jpg\",\"articleSection\":[\"Noticias\",\"Postgrado\"],\"inLanguage\":\"es\"},{\"@type\":\"WebPage\",\"@id\":\"https:\/\/medicina.udd.cl\/odontologia-santiago\/noticias\/2024\/01\/18\/un-total-de-61-nuevos-especialistas-odontologicos-udd-celebraron-su-logro\/\",\"url\":\"https:\/\/medicina.udd.cl\/odontologia-santiago\/noticias\/2024\/01\/18\/un-total-de-61-nuevos-especialistas-odontologicos-udd-celebraron-su-logro\/\",\"name\":\"Un total de 61 nuevos especialistas odontol\u00f3gicos UDD celebraron su logro - Odontolog\u00eda\",\"isPartOf\":{\"@id\":\"https:\/\/medicina.udd.cl\/odontologia-santiago\/#website\"},\"primaryImageOfPage\":{\"@id\":\"https:\/\/medicina.udd.cl\/odontologia-santiago\/noticias\/2024\/01\/18\/un-total-de-61-nuevos-especialistas-odontologicos-udd-celebraron-su-logro\/#primaryimage\"},\"image\":{\"@id\":\"https:\/\/medicina.udd.cl\/odontologia-santiago\/noticias\/2024\/01\/18\/un-total-de-61-nuevos-especialistas-odontologicos-udd-celebraron-su-logro\/#primaryimage\"},\"thumbnailUrl\":\"https:\/\/medicina.udd.cl\/odontologia-santiago\/files\/2024\/01\/odon-ceremonia-postitulos-especialidades-6-scaled.jpg\",\"datePublished\":\"2024-01-18T14:26:00+00:00\",\"dateModified\":\"2025-05-27T20:18:22+00:00\",\"author\":{\"@id\":\"https:\/\/medicina.udd.cl\/odontologia-santiago\/#\/schema\/person\/dbc3705bf3a93e8be1ba6de0ef950341\"},\"breadcrumb\":{\"@id\":\"https:\/\/medicina.udd.cl\/odontologia-santiago\/noticias\/2024\/01\/18\/un-total-de-61-nuevos-especialistas-odontologicos-udd-celebraron-su-logro\/#breadcrumb\"},\"inLanguage\":\"es\",\"potentialAction\":[{\"@type\":\"ReadAction\",\"target\":[\"https:\/\/medicina.udd.cl\/odontologia-santiago\/noticias\/2024\/01\/18\/un-total-de-61-nuevos-especialistas-odontologicos-udd-celebraron-su-logro\/\"]}]},{\"@type\":\"ImageObject\",\"inLanguage\":\"es\",\"@id\":\"https:\/\/medicina.udd.cl\/odontologia-santiago\/noticias\/2024\/01\/18\/un-total-de-61-nuevos-especialistas-odontologicos-udd-celebraron-su-logro\/#primaryimage\",\"url\":\"https:\/\/medicina.udd.cl\/odontologia-santiago\/files\/2024\/01\/odon-ceremonia-postitulos-especialidades-6-scaled.jpg\",\"contentUrl\":\"https:\/\/medicina.udd.cl\/odontologia-santiago\/files\/2024\/01\/odon-ceremonia-postitulos-especialidades-6-scaled.jpg\",\"width\":2560,\"height\":1707},{\"@type\":\"BreadcrumbList\",\"@id\":\"https:\/\/medicina.udd.cl\/odontologia-santiago\/noticias\/2024\/01\/18\/un-total-de-61-nuevos-especialistas-odontologicos-udd-celebraron-su-logro\/#breadcrumb\",\"itemListElement\":[{\"@type\":\"ListItem\",\"position\":1,\"name\":\"Home\",\"item\":\"https:\/\/medicina.udd.cl\/odontologia-santiago\/\"},{\"@type\":\"ListItem\",\"position\":2,\"name\":\"Un total de 61 nuevos especialistas odontol\u00f3gicos UDD celebraron su logro\"}]},{\"@type\":\"WebSite\",\"@id\":\"https:\/\/medicina.udd.cl\/odontologia-santiago\/#website\",\"url\":\"https:\/\/medicina.udd.cl\/odontologia-santiago\/\",\"name\":\"Odontolog\u00eda\",\"description\":\"Facultad de Medicina Cl\u00ednica Alemana Universidad del Desarrollo\",\"inLanguage\":\"es\"},{\"@type\":\"Person\",\"@id\":\"https:\/\/medicina.udd.cl\/odontologia-santiago\/#\/schema\/person\/dbc3705bf3a93e8be1ba6de0ef950341\",\"name\":\"rbraidy\",\"image\":{\"@type\":\"ImageObject\",\"inLanguage\":\"es\",\"@id\":\"https:\/\/medicina.udd.cl\/odontologia-santiago\/#\/schema\/person\/image\/\",\"url\":\"https:\/\/secure.gravatar.com\/avatar\/0f8bc94637401590e45d2ce17eb65c274cb8870a219de6177f3f23e63fd8cdf3?s=96&d=mm&r=g\",\"contentUrl\":\"https:\/\/secure.gravatar.com\/avatar\/0f8bc94637401590e45d2ce17eb65c274cb8870a219de6177f3f23e63fd8cdf3?s=96&d=mm&r=g\",\"caption\":\"rbraidy\"},\"url\":\"https:\/\/medicina.udd.cl\/odontologia-santiago\/noticias\/author\/rbraidy\/\"}]}<\/script>\n<!-- \/ Yoast SEO plugin. -->","yoast_head_json":{"title":"Un total de 61 nuevos especialistas odontol\u00f3gicos UDD celebraron su logro - Odontolog\u00eda","robots":{"index":"index","follow":"follow","max-snippet":"max-snippet:-1","max-image-preview":"max-image-preview:large","max-video-preview":"max-video-preview:-1"},"canonical":"https:\/\/medicina.udd.cl\/odontologia-santiago\/noticias\/2024\/01\/18\/un-total-de-61-nuevos-especialistas-odontologicos-udd-celebraron-su-logro\/","og_locale":"es_ES","og_type":"article","og_title":"Un total de 61 nuevos especialistas odontol\u00f3gicos UDD celebraron su logro - Odontolog\u00eda","og_description":"La Facultad de Medicina Cl\u00ednica Alemana Universidad del Desarrollo celebr\u00f3 con gran emoci\u00f3n la graduaci\u00f3n de 61 nuevos especialistas odontol\u00f3gicos pertenecientes a las generaciones 2020 y 2021. La destacada ceremonia tuvo lugar en el solemne Aula Magna del campus Rector Ernesto Silva Bafalluy. La directora de Postgrado UDD, Javiera Z\u00fa\u00f1iga Sep\u00falveda, la decana de la [&hellip;]","og_url":"https:\/\/medicina.udd.cl\/odontologia-santiago\/noticias\/2024\/01\/18\/un-total-de-61-nuevos-especialistas-odontologicos-udd-celebraron-su-logro\/","og_site_name":"Odontolog\u00eda","article_published_time":"2024-01-18T14:26:00+00:00","article_modified_time":"2025-05-27T20:18:22+00:00","og_image":[{"width":2560,"height":1707,"url":"https:\/\/medicina.udd.cl\/odontologia-santiago\/files\/2024\/01\/odon-ceremonia-postitulos-especialidades-6-scaled.jpg","type":"image\/jpeg"}],"author":"rbraidy","twitter_misc":{"Escrito por":"rbraidy","Tiempo de lectura":"5 minutos"},"schema":{"@context":"https:\/\/schema.org","@graph":[{"@type":"Article","@id":"https:\/\/medicina.udd.cl\/odontologia-santiago\/noticias\/2024\/01\/18\/un-total-de-61-nuevos-especialistas-odontologicos-udd-celebraron-su-logro\/#article","isPartOf":{"@id":"https:\/\/medicina.udd.cl\/odontologia-santiago\/noticias\/2024\/01\/18\/un-total-de-61-nuevos-especialistas-odontologicos-udd-celebraron-su-logro\/"},"author":{"name":"rbraidy","@id":"https:\/\/medicina.udd.cl\/odontologia-santiago\/#\/schema\/person\/dbc3705bf3a93e8be1ba6de0ef950341"},"headline":"Un total de 61 nuevos especialistas odontol\u00f3gicos UDD celebraron su logro","datePublished":"2024-01-18T14:26:00+00:00","dateModified":"2025-05-27T20:18:22+00:00","mainEntityOfPage":{"@id":"https:\/\/medicina.udd.cl\/odontologia-santiago\/noticias\/2024\/01\/18\/un-total-de-61-nuevos-especialistas-odontologicos-udd-celebraron-su-logro\/"},"wordCount":391,"image":{"@id":"https:\/\/medicina.udd.cl\/odontologia-santiago\/noticias\/2024\/01\/18\/un-total-de-61-nuevos-especialistas-odontologicos-udd-celebraron-su-logro\/#primaryimage"},"thumbnailUrl":"https:\/\/medicina.udd.cl\/odontologia-santiago\/files\/2024\/01\/odon-ceremonia-postitulos-especialidades-6-scaled.jpg","articleSection":["Noticias","Postgrado"],"inLanguage":"es"},{"@type":"WebPage","@id":"https:\/\/medicina.udd.cl\/odontologia-santiago\/noticias\/2024\/01\/18\/un-total-de-61-nuevos-especialistas-odontologicos-udd-celebraron-su-logro\/","url":"https:\/\/medicina.udd.cl\/odontologia-santiago\/noticias\/2024\/01\/18\/un-total-de-61-nuevos-especialistas-odontologicos-udd-celebraron-su-logro\/","name":"Un total de 61 nuevos especialistas odontol\u00f3gicos UDD celebraron su logro - Odontolog\u00eda","isPartOf":{"@id":"https:\/\/medicina.udd.cl\/odontologia-santiago\/#website"},"primaryImageOfPage":{"@id":"https:\/\/medicina.udd.cl\/odontologia-santiago\/noticias\/2024\/01\/18\/un-total-de-61-nuevos-especialistas-odontologicos-udd-celebraron-su-logro\/#primaryimage"},"image":{"@id":"https:\/\/medicina.udd.cl\/odontologia-santiago\/noticias\/2024\/01\/18\/un-total-de-61-nuevos-especialistas-odontologicos-udd-celebraron-su-logro\/#primaryimage"},"thumbnailUrl":"https:\/\/medicina.udd.cl\/odontologia-santiago\/files\/2024\/01\/odon-ceremonia-postitulos-especialidades-6-scaled.jpg","datePublished":"2024-01-18T14:26:00+00:00","dateModified":"2025-05-27T20:18:22+00:00","author":{"@id":"https:\/\/medicina.udd.cl\/odontologia-santiago\/#\/schema\/person\/dbc3705bf3a93e8be1ba6de0ef950341"},"breadcrumb":{"@id":"https:\/\/medicina.udd.cl\/odontologia-santiago\/noticias\/2024\/01\/18\/un-total-de-61-nuevos-especialistas-odontologicos-udd-celebraron-su-logro\/#breadcrumb"},"inLanguage":"es","potentialAction":[{"@type":"ReadAction","target":["https:\/\/medicina.udd.cl\/odontologia-santiago\/noticias\/2024\/01\/18\/un-total-de-61-nuevos-especialistas-odontologicos-udd-celebraron-su-logro\/"]}]},{"@type":"ImageObject","inLanguage":"es","@id":"https:\/\/medicina.udd.cl\/odontologia-santiago\/noticias\/2024\/01\/18\/un-total-de-61-nuevos-especialistas-odontologicos-udd-celebraron-su-logro\/#primaryimage","url":"https:\/\/medicina.udd.cl\/odontologia-santiago\/files\/2024\/01\/odon-ceremonia-postitulos-especialidades-6-scaled.jpg","contentUrl":"https:\/\/medicina.udd.cl\/odontologia-santiago\/files\/2024\/01\/odon-ceremonia-postitulos-especialidades-6-scaled.jpg","width":2560,"height":1707},{"@type":"BreadcrumbList","@id":"https:\/\/medicina.udd.cl\/odontologia-santiago\/noticias\/2024\/01\/18\/un-total-de-61-nuevos-especialistas-odontologicos-udd-celebraron-su-logro\/#breadcrumb","itemListElement":[{"@type":"ListItem","position":1,"name":"Home","item":"https:\/\/medicina.udd.cl\/odontologia-santiago\/"},{"@type":"ListItem","position":2,"name":"Un total de 61 nuevos especialistas odontol\u00f3gicos UDD celebraron su logro"}]},{"@type":"WebSite","@id":"https:\/\/medicina.udd.cl\/odontologia-santiago\/#website","url":"https:\/\/medicina.udd.cl\/odontologia-santiago\/","name":"Odontolog\u00eda","description":"Facultad de Medicina Cl\u00ednica Alemana Universidad del Desarrollo","inLanguage":"es"},{"@type":"Person","@id":"https:\/\/medicina.udd.cl\/odontologia-santiago\/#\/schema\/person\/dbc3705bf3a93e8be1ba6de0ef950341","name":"rbraidy","image":{"@type":"ImageObject","inLanguage":"es","@id":"https:\/\/medicina.udd.cl\/odontologia-santiago\/#\/schema\/person\/image\/","url":"https:\/\/secure.gravatar.com\/avatar\/0f8bc94637401590e45d2ce17eb65c274cb8870a219de6177f3f23e63fd8cdf3?s=96&d=mm&r=g","contentUrl":"https:\/\/secure.gravatar.com\/avatar\/0f8bc94637401590e45d2ce17eb65c274cb8870a219de6177f3f23e63fd8cdf3?s=96&d=mm&r=g","caption":"rbraidy"},"url":"https:\/\/medicina.udd.cl\/odontologia-santiago\/noticias\/author\/rbraidy\/"}]}},"featured_image_url":"https:\/\/medicina.udd.cl\/odontologia-santiago\/files\/2024\/01\/odon-ceremonia-postitulos-especialidades-6-scaled.jpg","_links":{"self":[{"href":"https:\/\/medicina.udd.cl\/odontologia-santiago\/wp-json\/wp\/v2\/posts\/7857","targetHints":{"allow":["GET"]}}],"collection":[{"href":"https:\/\/medicina.udd.cl\/odontologia-santiago\/wp-json\/wp\/v2\/posts"}],"about":[{"href":"https:\/\/medicina.udd.cl\/odontologia-santiago\/wp-json\/wp\/v2\/types\/post"}],"author":[{"embeddable":true,"href":"https:\/\/medicina.udd.cl\/odontologia-santiago\/wp-json\/wp\/v2\/users\/9192219"}],"replies":[{"embeddable":true,"href":"https:\/\/medicina.udd.cl\/odontologia-santiago\/wp-json\/wp\/v2\/comments?post=7857"}],"version-history":[{"count":1,"href":"https:\/\/medicina.udd.cl\/odontologia-santiago\/wp-json\/wp\/v2\/posts\/7857\/revisions"}],"predecessor-version":[{"id":7905,"href":"https:\/\/medicina.udd.cl\/odontologia-santiago\/wp-json\/wp\/v2\/posts\/7857\/revisions\/7905"}],"wp:featuredmedia":[{"embeddable":true,"href":"https:\/\/medicina.udd.cl\/odontologia-santiago\/wp-json\/wp\/v2\/media\/7875"}],"wp:attachment":[{"href":"https:\/\/medicina.udd.cl\/odontologia-santiago\/wp-json\/wp\/v2\/media?parent=7857"}],"wp:term":[{"taxonomy":"category","embeddable":true,"href":"https:\/\/medicina.udd.cl\/odontologia-santiago\/wp-json\/wp\/v2\/categories?post=7857"},{"taxonomy":"post_tag","embeddable":true,"href":"https:\/\/medicina.udd.cl\/odontologia-santiago\/wp-json\/wp\/v2\/tags?post=7857"}],"curies":[{"name":"wp","href":"https:\/\/api.w.org\/{rel}","templated":true}]}}