{"id":820,"date":"2011-09-26T16:12:51","date_gmt":"2011-09-26T19:12:51","guid":{"rendered":"http:\/\/medicina.udd.cl\/odontologia-santiago\/?p=820"},"modified":"2011-09-26T16:12:51","modified_gmt":"2011-09-26T19:12:51","slug":"congreso-nacional-de-estudiantes-de-odontologia","status":"publish","type":"post","link":"https:\/\/medicina.udd.cl\/odontologia-santiago\/noticias\/2011\/09\/26\/congreso-nacional-de-estudiantes-de-odontologia\/","title":{"rendered":"Congreso Nacional de estudiantes de Odontolog\u00eda"},"content":{"rendered":"<p style=\"text-align: justify;\">Los estudiantes de 2\u00ba a\u00f1o de la carrera, Ignacio Go\u00f1i Hartard y Maximiliano Lobos Gaete, participaron en el Congreso Nacional de Estudiantes de Odontolog\u00eda(Conadeo 2011) realizado entre los d\u00edas 25 y 27 de agosto en\u00a0la Universidad de Valpara\u00edso.<\/p>\n<p style=\"text-align: justify;\">El encuentro congreg\u00f3 a m\u00e1s de 500 alumnos de todo Chile interesados en conocer y fomentar los avances en la\u00a0investigaci\u00f3n\u00a0de pregrado.<\/p>\n<p style=\"text-align: justify;\">En el caso de la Facultad de Medicina Cl\u00ednica Alemana Universidad del Desarrollo y, con el apoyo de la docente del curso de Biomateriales Odontol\u00f3gicos, Dra. Francisca Fierro, los estudiantes presentaron un trabajo sobre el conocimiento del riesgo de patolog\u00eda oral por tabaquismo en fumadores y no fumadores.<\/p>\n<p style=\"text-align: justify;\"><strong>Introducci\u00f3n del estudio<\/strong>:<\/p>\n<p style=\"text-align: justify;\">Los efectos del tabaco en los tejidos del organismo han sido estudiados por las diferentes ramas de la salud. El tabaco ha sido comprobado en m\u00faltiples estudios como un factor de riesgo para patolog\u00edas orales, dentro de las que se encuentran el carcinoma de c\u00e9lulas escamosas y la enfermedad periodontal, entre otras. En Chile la tasa de fumadores es de un 40,6%. A pesar del conocimiento de los profesionales de la salud y de campa\u00f1as estatales, se plantea que la poblaci\u00f3n de fumadores desconoce la repercusi\u00f3n del tabaco en la salud oral.<\/p>\n<p style=\"text-align: justify;\">\u00a0<div id=\"gallery-1\" class=\"carousel slide carousel-gallery\" data-ride=\"false\" data-interval=\"false\"><div class=\"carousel-inner\" role=\"listbox\"><figure class=\"carousel-item active\"><img loading=\"lazy\" decoding=\"async\" width=\"717\" height=\"534\" src=\"https:\/\/medicina.udd.cl\/odontologia-santiago\/files\/2011\/09\/Congreso-Nacional-de-estudiantes-de-Odontolog\u00eda-3.jpg\" class=\"attachment-landscape_952 size-landscape_952\" alt=\"\" srcset=\"https:\/\/medicina.udd.cl\/odontologia-santiago\/files\/2011\/09\/Congreso-Nacional-de-estudiantes-de-Odontolog\u00eda-3.jpg 2448w, https:\/\/medicina.udd.cl\/odontologia-santiago\/files\/2011\/09\/Congreso-Nacional-de-estudiantes-de-Odontolog\u00eda-3-300x223.jpg 300w, https:\/\/medicina.udd.cl\/odontologia-santiago\/files\/2011\/09\/Congreso-Nacional-de-estudiantes-de-Odontolog\u00eda-3-768x572.jpg 768w, https:\/\/medicina.udd.cl\/odontologia-santiago\/files\/2011\/09\/Congreso-Nacional-de-estudiantes-de-Odontolog\u00eda-3-1024x763.jpg 1024w, https:\/\/medicina.udd.cl\/odontologia-santiago\/files\/2011\/09\/Congreso-Nacional-de-estudiantes-de-Odontolog\u00eda-3-960x715.jpg 960w\" sizes=\"auto, (max-width: 717px) 100vw, 717px\" \/><\/figure><figure class=\"carousel-item\"><img loading=\"lazy\" decoding=\"async\" width=\"712\" height=\"534\" src=\"https:\/\/medicina.udd.cl\/odontologia-santiago\/files\/2011\/09\/Congreso-Nacional-de-estudiantes-de-Odontolog\u00eda-2.jpg\" class=\"attachment-landscape_952 size-landscape_952\" alt=\"\" srcset=\"https:\/\/medicina.udd.cl\/odontologia-santiago\/files\/2011\/09\/Congreso-Nacional-de-estudiantes-de-Odontolog\u00eda-2.jpg 3264w, https:\/\/medicina.udd.cl\/odontologia-santiago\/files\/2011\/09\/Congreso-Nacional-de-estudiantes-de-Odontolog\u00eda-2-300x225.jpg 300w, https:\/\/medicina.udd.cl\/odontologia-santiago\/files\/2011\/09\/Congreso-Nacional-de-estudiantes-de-Odontolog\u00eda-2-768x576.jpg 768w, https:\/\/medicina.udd.cl\/odontologia-santiago\/files\/2011\/09\/Congreso-Nacional-de-estudiantes-de-Odontolog\u00eda-2-1024x768.jpg 1024w, https:\/\/medicina.udd.cl\/odontologia-santiago\/files\/2011\/09\/Congreso-Nacional-de-estudiantes-de-Odontolog\u00eda-2-960x720.jpg 960w\" sizes=\"auto, (max-width: 712px) 100vw, 712px\" \/><\/figure><figure class=\"carousel-item\"><img loading=\"lazy\" decoding=\"async\" width=\"720\" height=\"534\" src=\"https:\/\/medicina.udd.cl\/odontologia-santiago\/files\/2011\/09\/Congreso-Nacional-de-estudiantes-de-Odontolog\u00eda-1.jpg\" class=\"attachment-landscape_952 size-landscape_952\" alt=\"\" srcset=\"https:\/\/medicina.udd.cl\/odontologia-santiago\/files\/2011\/09\/Congreso-Nacional-de-estudiantes-de-Odontolog\u00eda-1.jpg 3247w, https:\/\/medicina.udd.cl\/odontologia-santiago\/files\/2011\/09\/Congreso-Nacional-de-estudiantes-de-Odontolog\u00eda-1-300x223.jpg 300w, https:\/\/medicina.udd.cl\/odontologia-santiago\/files\/2011\/09\/Congreso-Nacional-de-estudiantes-de-Odontolog\u00eda-1-768x570.jpg 768w, https:\/\/medicina.udd.cl\/odontologia-santiago\/files\/2011\/09\/Congreso-Nacional-de-estudiantes-de-Odontolog\u00eda-1-1024x760.jpg 1024w, https:\/\/medicina.udd.cl\/odontologia-santiago\/files\/2011\/09\/Congreso-Nacional-de-estudiantes-de-Odontolog\u00eda-1-960x712.jpg 960w\" sizes=\"auto, (max-width: 720px) 100vw, 720px\" \/><\/figure><\/div><footer class=\"carousel-footer\"><div class=\"carousel-counter\"><span class=\"carousel-counter-current\"><\/span> \/ <span class=\"carousel-counter-total\"><\/span><\/div><a class=\"carousel-control-prev\" href=\"#gallery-1\" role=\"button\" data-slide=\"prev\"><svg aria-hidden=\"true\" class=\"svg-chevron-left-dims\"><use xlink:href='https:\/\/medicina.udd.cl\/odontologia-santiago\/wp-content\/themes\/facultades-2018\/assets\/img\/svg\/dist\/main.svg?version=1695853099#chevron-left'><\/use><\/svg><span class=\"sr-only\">Anterior<\/span><\/a><a class=\"carousel-control-next\" href=\"#gallery-1\" role=\"button\" data-slide=\"next\"><svg aria-hidden=\"true\" class=\"svg-chevron-right-dims\"><use xlink:href='https:\/\/medicina.udd.cl\/odontologia-santiago\/wp-content\/themes\/facultades-2018\/assets\/img\/svg\/dist\/main.svg?version=1695853099#chevron-right'><\/use><\/svg><span class=\"sr-only\">Siguiente<\/span><\/a><\/footer><\/div><\/p>\n","protected":false},"excerpt":{"rendered":"<p>Alumnos de la carrera presentaron un estudio sobre el riesgo del tabaco en la salud oral. <\/p>\n","protected":false},"author":1,"featured_media":0,"comment_status":"open","ping_status":"open","sticky":false,"template":"","format":"standard","meta":{"footnotes":""},"categories":[4],"tags":[],"class_list":["post-820","post","type-post","status-publish","format-standard","hentry","category-noticias"],"yoast_head":"<!-- This site is optimized with the Yoast SEO plugin v26.9 - https:\/\/yoast.com\/product\/yoast-seo-wordpress\/ -->\n<title>Congreso Nacional de estudiantes de Odontolog\u00eda  - Odontolog\u00eda<\/title>\n<meta name=\"robots\" content=\"index, follow, max-snippet:-1, max-image-preview:large, max-video-preview:-1\" \/>\n<link rel=\"canonical\" href=\"https:\/\/medicina.udd.cl\/odontologia-santiago\/noticias\/2011\/09\/26\/congreso-nacional-de-estudiantes-de-odontologia\/\" \/>\n<meta property=\"og:locale\" content=\"es_ES\" \/>\n<meta property=\"og:type\" content=\"article\" \/>\n<meta property=\"og:title\" content=\"Congreso Nacional de estudiantes de Odontolog\u00eda  - Odontolog\u00eda\" \/>\n<meta property=\"og:description\" content=\"Alumnos de la carrera presentaron un estudio sobre el riesgo del tabaco en la salud oral.\" \/>\n<meta property=\"og:url\" content=\"https:\/\/medicina.udd.cl\/odontologia-santiago\/noticias\/2011\/09\/26\/congreso-nacional-de-estudiantes-de-odontologia\/\" \/>\n<meta property=\"og:site_name\" content=\"Odontolog\u00eda\" \/>\n<meta property=\"article:published_time\" content=\"2011-09-26T19:12:51+00:00\" \/>\n<meta property=\"og:image\" content=\"https:\/\/medicina.udd.cl\/odontologia-santiago\/files\/2011\/09\/Congreso-Nacional-de-estudiantes-de-Odontolog\u00eda-3.jpg\" \/>\n<meta name=\"author\" content=\"admin\" \/>\n<meta name=\"twitter:label1\" content=\"Escrito por\" \/>\n\t<meta name=\"twitter:data1\" content=\"admin\" \/>\n\t<meta name=\"twitter:label2\" content=\"Tiempo de lectura\" \/>\n\t<meta name=\"twitter:data2\" content=\"1 minuto\" \/>\n<script type=\"application\/ld+json\" class=\"yoast-schema-graph\">{\"@context\":\"https:\/\/schema.org\",\"@graph\":[{\"@type\":\"Article\",\"@id\":\"https:\/\/medicina.udd.cl\/odontologia-santiago\/noticias\/2011\/09\/26\/congreso-nacional-de-estudiantes-de-odontologia\/#article\",\"isPartOf\":{\"@id\":\"https:\/\/medicina.udd.cl\/odontologia-santiago\/noticias\/2011\/09\/26\/congreso-nacional-de-estudiantes-de-odontologia\/\"},\"author\":{\"name\":\"admin\",\"@id\":\"https:\/\/medicina.udd.cl\/odontologia-santiago\/#\/schema\/person\/f7abfa784c86da427e89287831f96ab7\"},\"headline\":\"Congreso Nacional de estudiantes de Odontolog\u00eda\",\"datePublished\":\"2011-09-26T19:12:51+00:00\",\"mainEntityOfPage\":{\"@id\":\"https:\/\/medicina.udd.cl\/odontologia-santiago\/noticias\/2011\/09\/26\/congreso-nacional-de-estudiantes-de-odontologia\/\"},\"wordCount\":227,\"commentCount\":1,\"articleSection\":[\"Noticias\"],\"inLanguage\":\"es\",\"potentialAction\":[{\"@type\":\"CommentAction\",\"name\":\"Comment\",\"target\":[\"https:\/\/medicina.udd.cl\/odontologia-santiago\/noticias\/2011\/09\/26\/congreso-nacional-de-estudiantes-de-odontologia\/#respond\"]}]},{\"@type\":\"WebPage\",\"@id\":\"https:\/\/medicina.udd.cl\/odontologia-santiago\/noticias\/2011\/09\/26\/congreso-nacional-de-estudiantes-de-odontologia\/\",\"url\":\"https:\/\/medicina.udd.cl\/odontologia-santiago\/noticias\/2011\/09\/26\/congreso-nacional-de-estudiantes-de-odontologia\/\",\"name\":\"Congreso Nacional de estudiantes de Odontolog\u00eda - Odontolog\u00eda\",\"isPartOf\":{\"@id\":\"https:\/\/medicina.udd.cl\/odontologia-santiago\/#website\"},\"datePublished\":\"2011-09-26T19:12:51+00:00\",\"author\":{\"@id\":\"https:\/\/medicina.udd.cl\/odontologia-santiago\/#\/schema\/person\/f7abfa784c86da427e89287831f96ab7\"},\"breadcrumb\":{\"@id\":\"https:\/\/medicina.udd.cl\/odontologia-santiago\/noticias\/2011\/09\/26\/congreso-nacional-de-estudiantes-de-odontologia\/#breadcrumb\"},\"inLanguage\":\"es\",\"potentialAction\":[{\"@type\":\"ReadAction\",\"target\":[\"https:\/\/medicina.udd.cl\/odontologia-santiago\/noticias\/2011\/09\/26\/congreso-nacional-de-estudiantes-de-odontologia\/\"]}]},{\"@type\":\"BreadcrumbList\",\"@id\":\"https:\/\/medicina.udd.cl\/odontologia-santiago\/noticias\/2011\/09\/26\/congreso-nacional-de-estudiantes-de-odontologia\/#breadcrumb\",\"itemListElement\":[{\"@type\":\"ListItem\",\"position\":1,\"name\":\"Home\",\"item\":\"https:\/\/medicina.udd.cl\/odontologia-santiago\/\"},{\"@type\":\"ListItem\",\"position\":2,\"name\":\"Congreso Nacional de estudiantes de Odontolog\u00eda\"}]},{\"@type\":\"WebSite\",\"@id\":\"https:\/\/medicina.udd.cl\/odontologia-santiago\/#website\",\"url\":\"https:\/\/medicina.udd.cl\/odontologia-santiago\/\",\"name\":\"Odontolog\u00eda\",\"description\":\"Facultad de Medicina Cl\u00ednica Alemana Universidad del Desarrollo\",\"inLanguage\":\"es\"},{\"@type\":\"Person\",\"@id\":\"https:\/\/medicina.udd.cl\/odontologia-santiago\/#\/schema\/person\/f7abfa784c86da427e89287831f96ab7\",\"name\":\"admin\",\"image\":{\"@type\":\"ImageObject\",\"inLanguage\":\"es\",\"@id\":\"https:\/\/medicina.udd.cl\/odontologia-santiago\/#\/schema\/person\/image\/\",\"url\":\"https:\/\/secure.gravatar.com\/avatar\/3cb6da298954dfb54457c0910b8c9ca010abd8d87a60f7d701b6ce4254e1c642?s=96&d=mm&r=g\",\"contentUrl\":\"https:\/\/secure.gravatar.com\/avatar\/3cb6da298954dfb54457c0910b8c9ca010abd8d87a60f7d701b6ce4254e1c642?s=96&d=mm&r=g\",\"caption\":\"admin\"},\"url\":\"https:\/\/medicina.udd.cl\/odontologia-santiago\/noticias\/author\/admin\/\"}]}<\/script>\n<!-- \/ Yoast SEO plugin. -->","yoast_head_json":{"title":"Congreso Nacional de estudiantes de Odontolog\u00eda  - Odontolog\u00eda","robots":{"index":"index","follow":"follow","max-snippet":"max-snippet:-1","max-image-preview":"max-image-preview:large","max-video-preview":"max-video-preview:-1"},"canonical":"https:\/\/medicina.udd.cl\/odontologia-santiago\/noticias\/2011\/09\/26\/congreso-nacional-de-estudiantes-de-odontologia\/","og_locale":"es_ES","og_type":"article","og_title":"Congreso Nacional de estudiantes de Odontolog\u00eda  - Odontolog\u00eda","og_description":"Alumnos de la carrera presentaron un estudio sobre el riesgo del tabaco en la salud oral.","og_url":"https:\/\/medicina.udd.cl\/odontologia-santiago\/noticias\/2011\/09\/26\/congreso-nacional-de-estudiantes-de-odontologia\/","og_site_name":"Odontolog\u00eda","article_published_time":"2011-09-26T19:12:51+00:00","og_image":[{"url":"https:\/\/medicina.udd.cl\/odontologia-santiago\/files\/2011\/09\/Congreso-Nacional-de-estudiantes-de-Odontolog\u00eda-3.jpg","type":"","width":"","height":""}],"author":"admin","twitter_misc":{"Escrito por":"admin","Tiempo de lectura":"1 minuto"},"schema":{"@context":"https:\/\/schema.org","@graph":[{"@type":"Article","@id":"https:\/\/medicina.udd.cl\/odontologia-santiago\/noticias\/2011\/09\/26\/congreso-nacional-de-estudiantes-de-odontologia\/#article","isPartOf":{"@id":"https:\/\/medicina.udd.cl\/odontologia-santiago\/noticias\/2011\/09\/26\/congreso-nacional-de-estudiantes-de-odontologia\/"},"author":{"name":"admin","@id":"https:\/\/medicina.udd.cl\/odontologia-santiago\/#\/schema\/person\/f7abfa784c86da427e89287831f96ab7"},"headline":"Congreso Nacional de estudiantes de Odontolog\u00eda","datePublished":"2011-09-26T19:12:51+00:00","mainEntityOfPage":{"@id":"https:\/\/medicina.udd.cl\/odontologia-santiago\/noticias\/2011\/09\/26\/congreso-nacional-de-estudiantes-de-odontologia\/"},"wordCount":227,"commentCount":1,"articleSection":["Noticias"],"inLanguage":"es","potentialAction":[{"@type":"CommentAction","name":"Comment","target":["https:\/\/medicina.udd.cl\/odontologia-santiago\/noticias\/2011\/09\/26\/congreso-nacional-de-estudiantes-de-odontologia\/#respond"]}]},{"@type":"WebPage","@id":"https:\/\/medicina.udd.cl\/odontologia-santiago\/noticias\/2011\/09\/26\/congreso-nacional-de-estudiantes-de-odontologia\/","url":"https:\/\/medicina.udd.cl\/odontologia-santiago\/noticias\/2011\/09\/26\/congreso-nacional-de-estudiantes-de-odontologia\/","name":"Congreso Nacional de estudiantes de Odontolog\u00eda - Odontolog\u00eda","isPartOf":{"@id":"https:\/\/medicina.udd.cl\/odontologia-santiago\/#website"},"datePublished":"2011-09-26T19:12:51+00:00","author":{"@id":"https:\/\/medicina.udd.cl\/odontologia-santiago\/#\/schema\/person\/f7abfa784c86da427e89287831f96ab7"},"breadcrumb":{"@id":"https:\/\/medicina.udd.cl\/odontologia-santiago\/noticias\/2011\/09\/26\/congreso-nacional-de-estudiantes-de-odontologia\/#breadcrumb"},"inLanguage":"es","potentialAction":[{"@type":"ReadAction","target":["https:\/\/medicina.udd.cl\/odontologia-santiago\/noticias\/2011\/09\/26\/congreso-nacional-de-estudiantes-de-odontologia\/"]}]},{"@type":"BreadcrumbList","@id":"https:\/\/medicina.udd.cl\/odontologia-santiago\/noticias\/2011\/09\/26\/congreso-nacional-de-estudiantes-de-odontologia\/#breadcrumb","itemListElement":[{"@type":"ListItem","position":1,"name":"Home","item":"https:\/\/medicina.udd.cl\/odontologia-santiago\/"},{"@type":"ListItem","position":2,"name":"Congreso Nacional de estudiantes de Odontolog\u00eda"}]},{"@type":"WebSite","@id":"https:\/\/medicina.udd.cl\/odontologia-santiago\/#website","url":"https:\/\/medicina.udd.cl\/odontologia-santiago\/","name":"Odontolog\u00eda","description":"Facultad de Medicina Cl\u00ednica Alemana Universidad del Desarrollo","inLanguage":"es"},{"@type":"Person","@id":"https:\/\/medicina.udd.cl\/odontologia-santiago\/#\/schema\/person\/f7abfa784c86da427e89287831f96ab7","name":"admin","image":{"@type":"ImageObject","inLanguage":"es","@id":"https:\/\/medicina.udd.cl\/odontologia-santiago\/#\/schema\/person\/image\/","url":"https:\/\/secure.gravatar.com\/avatar\/3cb6da298954dfb54457c0910b8c9ca010abd8d87a60f7d701b6ce4254e1c642?s=96&d=mm&r=g","contentUrl":"https:\/\/secure.gravatar.com\/avatar\/3cb6da298954dfb54457c0910b8c9ca010abd8d87a60f7d701b6ce4254e1c642?s=96&d=mm&r=g","caption":"admin"},"url":"https:\/\/medicina.udd.cl\/odontologia-santiago\/noticias\/author\/admin\/"}]}},"featured_image_url":null,"_links":{"self":[{"href":"https:\/\/medicina.udd.cl\/odontologia-santiago\/wp-json\/wp\/v2\/posts\/820","targetHints":{"allow":["GET"]}}],"collection":[{"href":"https:\/\/medicina.udd.cl\/odontologia-santiago\/wp-json\/wp\/v2\/posts"}],"about":[{"href":"https:\/\/medicina.udd.cl\/odontologia-santiago\/wp-json\/wp\/v2\/types\/post"}],"author":[{"embeddable":true,"href":"https:\/\/medicina.udd.cl\/odontologia-santiago\/wp-json\/wp\/v2\/users\/1"}],"replies":[{"embeddable":true,"href":"https:\/\/medicina.udd.cl\/odontologia-santiago\/wp-json\/wp\/v2\/comments?post=820"}],"version-history":[{"count":1,"href":"https:\/\/medicina.udd.cl\/odontologia-santiago\/wp-json\/wp\/v2\/posts\/820\/revisions"}],"predecessor-version":[{"id":824,"href":"https:\/\/medicina.udd.cl\/odontologia-santiago\/wp-json\/wp\/v2\/posts\/820\/revisions\/824"}],"wp:attachment":[{"href":"https:\/\/medicina.udd.cl\/odontologia-santiago\/wp-json\/wp\/v2\/media?parent=820"}],"wp:term":[{"taxonomy":"category","embeddable":true,"href":"https:\/\/medicina.udd.cl\/odontologia-santiago\/wp-json\/wp\/v2\/categories?post=820"},{"taxonomy":"post_tag","embeddable":true,"href":"https:\/\/medicina.udd.cl\/odontologia-santiago\/wp-json\/wp\/v2\/tags?post=820"}],"curies":[{"name":"wp","href":"https:\/\/api.w.org\/{rel}","templated":true}]}}