{"id":8445,"date":"2024-08-22T11:33:00","date_gmt":"2024-08-22T15:33:00","guid":{"rendered":"https:\/\/medicina.udd.cl\/odontologia-santiago\/?p=8445"},"modified":"2024-08-22T11:33:02","modified_gmt":"2024-08-22T15:33:02","slug":"docentes-de-santiago-y-concepcion-se-reunen-para-avanzar-en-la-renovacion-curricular-de-la-carrera-de-odontologia","status":"publish","type":"post","link":"https:\/\/medicina.udd.cl\/odontologia-santiago\/noticias\/2024\/08\/22\/docentes-de-santiago-y-concepcion-se-reunen-para-avanzar-en-la-renovacion-curricular-de-la-carrera-de-odontologia\/","title":{"rendered":"Docentes de Santiago y Concepci\u00f3n se re\u00fanen para avanzar en la renovaci\u00f3n curricular de la carrera de Odontolog\u00eda"},"content":{"rendered":"\n<figure class=\"wp-block-image aligncenter size-large\"><a href=\"https:\/\/medicina.udd.cl\/odontologia-santiago\/files\/2024\/08\/odon-reunion-conce-renovacion-curricular-5-scaled.jpg\"><img loading=\"lazy\" decoding=\"async\" width=\"1024\" height=\"776\" src=\"https:\/\/medicina.udd.cl\/odontologia-santiago\/files\/2024\/08\/odon-reunion-conce-renovacion-curricular-5-1024x776.jpg\" alt=\"\" class=\"wp-image-8450\" srcset=\"https:\/\/medicina.udd.cl\/odontologia-santiago\/files\/2024\/08\/odon-reunion-conce-renovacion-curricular-5-1024x776.jpg 1024w, https:\/\/medicina.udd.cl\/odontologia-santiago\/files\/2024\/08\/odon-reunion-conce-renovacion-curricular-5-300x227.jpg 300w, https:\/\/medicina.udd.cl\/odontologia-santiago\/files\/2024\/08\/odon-reunion-conce-renovacion-curricular-5-768x582.jpg 768w, https:\/\/medicina.udd.cl\/odontologia-santiago\/files\/2024\/08\/odon-reunion-conce-renovacion-curricular-5-1536x1163.jpg 1536w, https:\/\/medicina.udd.cl\/odontologia-santiago\/files\/2024\/08\/odon-reunion-conce-renovacion-curricular-5-2048x1551.jpg 2048w\" sizes=\"auto, (max-width: 1024px) 100vw, 1024px\" \/><\/a><\/figure>\n\n\n\n<p>Con el anuncio de un Plan de Estudios renovado y acorde a los tiempos actuales, la carrera de Odontolog\u00eda de la Universidad del Desarrollo reuni\u00f3 a sus equipos de Santiago y Concepci\u00f3n para avanzar en los lineamientos que apuntan a una formaci\u00f3n en 5 a\u00f1os y medio.<\/p>\n\n\n\n<p>En una intensa jornada de trabajo que se extendi\u00f3 por dos d\u00edas en la ciudad de Concepci\u00f3n, m\u00e1s de 80 personas revisaron en detalle y editaron los Programas de Asignatura que conforman el Plan de Estudios, incorporando conceptos como integraci\u00f3n, interdisciplina y modernizaci\u00f3n tecnol\u00f3gica.<\/p>\n\n\n\n<p>La Dra. Marcela Castillo, decana de la Facultad de Medicina Cl\u00ednica Alemana Universidad del Desarrollo, expuso sobre los conceptos que explican la definici\u00f3n de un curr\u00edculum integrado, mencionando que\u00a0<em>\u201cpara odontolog\u00eda se define como una entrega completamente sincr\u00f3nica y transdisciplinaria de informaci\u00f3n entre las ciencias fundamentales y las ciencias cl\u00ednicas odontol\u00f3gicas a lo largo de todos los a\u00f1os de formaci\u00f3n\u201d.<\/em><\/p>\n\n\n\n<figure class=\"wp-block-gallery has-nested-images columns-default is-cropped wp-block-gallery-1 is-layout-flex wp-block-gallery-is-layout-flex\">\n<figure class=\"wp-block-image size-large\"><a href=\"https:\/\/medicina.udd.cl\/odontologia-santiago\/files\/2024\/08\/odon-reunion-conce-renovacion-curricular-8-scaled.jpg\"><img loading=\"lazy\" decoding=\"async\" width=\"1024\" height=\"529\" data-id=\"8453\" src=\"https:\/\/medicina.udd.cl\/odontologia-santiago\/files\/2024\/08\/odon-reunion-conce-renovacion-curricular-8-1024x529.jpg\" alt=\"\" class=\"wp-image-8453\" srcset=\"https:\/\/medicina.udd.cl\/odontologia-santiago\/files\/2024\/08\/odon-reunion-conce-renovacion-curricular-8-1024x529.jpg 1024w, https:\/\/medicina.udd.cl\/odontologia-santiago\/files\/2024\/08\/odon-reunion-conce-renovacion-curricular-8-300x155.jpg 300w, https:\/\/medicina.udd.cl\/odontologia-santiago\/files\/2024\/08\/odon-reunion-conce-renovacion-curricular-8-768x396.jpg 768w, https:\/\/medicina.udd.cl\/odontologia-santiago\/files\/2024\/08\/odon-reunion-conce-renovacion-curricular-8-288x150.jpg 288w, https:\/\/medicina.udd.cl\/odontologia-santiago\/files\/2024\/08\/odon-reunion-conce-renovacion-curricular-8-1536x793.jpg 1536w, https:\/\/medicina.udd.cl\/odontologia-santiago\/files\/2024\/08\/odon-reunion-conce-renovacion-curricular-8-2048x1057.jpg 2048w\" sizes=\"auto, (max-width: 1024px) 100vw, 1024px\" \/><\/a><\/figure>\n\n\n\n<figure class=\"wp-block-image size-large\"><a href=\"https:\/\/medicina.udd.cl\/odontologia-santiago\/files\/2024\/08\/odon-reunion-conce-renovacion-curricular-6-scaled.jpg\"><img loading=\"lazy\" decoding=\"async\" width=\"1024\" height=\"695\" data-id=\"8451\" src=\"https:\/\/medicina.udd.cl\/odontologia-santiago\/files\/2024\/08\/odon-reunion-conce-renovacion-curricular-6-1024x695.jpg\" alt=\"\" class=\"wp-image-8451\" srcset=\"https:\/\/medicina.udd.cl\/odontologia-santiago\/files\/2024\/08\/odon-reunion-conce-renovacion-curricular-6-1024x695.jpg 1024w, https:\/\/medicina.udd.cl\/odontologia-santiago\/files\/2024\/08\/odon-reunion-conce-renovacion-curricular-6-300x204.jpg 300w, https:\/\/medicina.udd.cl\/odontologia-santiago\/files\/2024\/08\/odon-reunion-conce-renovacion-curricular-6-768x521.jpg 768w, https:\/\/medicina.udd.cl\/odontologia-santiago\/files\/2024\/08\/odon-reunion-conce-renovacion-curricular-6-1536x1042.jpg 1536w, https:\/\/medicina.udd.cl\/odontologia-santiago\/files\/2024\/08\/odon-reunion-conce-renovacion-curricular-6-2048x1389.jpg 2048w\" sizes=\"auto, (max-width: 1024px) 100vw, 1024px\" \/><\/a><\/figure>\n\n\n\n<figure class=\"wp-block-image size-large\"><a href=\"https:\/\/medicina.udd.cl\/odontologia-santiago\/files\/2024\/08\/odon-reunion-conce-renovacion-curricular-1-scaled.jpg\"><img loading=\"lazy\" decoding=\"async\" width=\"1024\" height=\"533\" data-id=\"8446\" src=\"https:\/\/medicina.udd.cl\/odontologia-santiago\/files\/2024\/08\/odon-reunion-conce-renovacion-curricular-1-1024x533.jpg\" alt=\"\" class=\"wp-image-8446\" srcset=\"https:\/\/medicina.udd.cl\/odontologia-santiago\/files\/2024\/08\/odon-reunion-conce-renovacion-curricular-1-1024x533.jpg 1024w, https:\/\/medicina.udd.cl\/odontologia-santiago\/files\/2024\/08\/odon-reunion-conce-renovacion-curricular-1-300x156.jpg 300w, https:\/\/medicina.udd.cl\/odontologia-santiago\/files\/2024\/08\/odon-reunion-conce-renovacion-curricular-1-768x399.jpg 768w, https:\/\/medicina.udd.cl\/odontologia-santiago\/files\/2024\/08\/odon-reunion-conce-renovacion-curricular-1-288x150.jpg 288w, https:\/\/medicina.udd.cl\/odontologia-santiago\/files\/2024\/08\/odon-reunion-conce-renovacion-curricular-1-1536x799.jpg 1536w, https:\/\/medicina.udd.cl\/odontologia-santiago\/files\/2024\/08\/odon-reunion-conce-renovacion-curricular-1-2048x1065.jpg 2048w\" sizes=\"auto, (max-width: 1024px) 100vw, 1024px\" \/><\/a><\/figure>\n<\/figure>\n\n\n\n<p>Luego de las palabras de la Vicerrectora de Pregrado, Florencia Jofr\u00e9, quien respald\u00f3 el contenido de la reuni\u00f3n, con la exposici\u00f3n de Katherine Coloma y Javiera Rubio, del Centro de Innovaci\u00f3n Docente Institucional, los presentes pudieron dar una mirada al avance de algunas asignaturas integradas en la carrera, reconociendo como fundamental en este trabajo la disposici\u00f3n y coordinaci\u00f3n entre docentes.<\/p>\n\n\n\n<p><em>\u201cSeguiremos trabajando paulatinamente en esta renovaci\u00f3n, que contin\u00faa apuntando al compromiso de entregar la mejor formaci\u00f3n para nuestros estudiantes. Educar con calidad es el sello que nos hemos ganado como universidad y carrera y avanzaremos por ese camino\u201d<\/em>, se\u00f1al\u00f3 el Dr. Danilo Ocaranza, director de Odontolog\u00eda en Santiago.<\/p>\n\n\n\n<p>Por su parte, la Dra. Francisca Lecannelier, directora de la carrera en Concepci\u00f3n, se mostr\u00f3 agradecida del resultado obtenido, agregando que \u201cnos sentimos muy orgullosos de la motivaci\u00f3n demostrada por los equipos de ambas sedes. Esta jornada marca un hito que contribuye a seguir progresando por nuestra Malla Curricular renovada\u201d.<\/p>\n\n\n\n<figure class=\"wp-block-gallery has-nested-images columns-default is-cropped wp-block-gallery-2 is-layout-flex wp-block-gallery-is-layout-flex\">\n<figure class=\"wp-block-image size-large\"><a href=\"https:\/\/medicina.udd.cl\/odontologia-santiago\/files\/2024\/08\/odon-reunion-conce-renovacion-curricular-4-scaled.jpg\"><img loading=\"lazy\" decoding=\"async\" width=\"1024\" height=\"592\" data-id=\"8449\" src=\"https:\/\/medicina.udd.cl\/odontologia-santiago\/files\/2024\/08\/odon-reunion-conce-renovacion-curricular-4-1024x592.jpg\" alt=\"\" class=\"wp-image-8449\" srcset=\"https:\/\/medicina.udd.cl\/odontologia-santiago\/files\/2024\/08\/odon-reunion-conce-renovacion-curricular-4-1024x592.jpg 1024w, https:\/\/medicina.udd.cl\/odontologia-santiago\/files\/2024\/08\/odon-reunion-conce-renovacion-curricular-4-300x173.jpg 300w, https:\/\/medicina.udd.cl\/odontologia-santiago\/files\/2024\/08\/odon-reunion-conce-renovacion-curricular-4-768x444.jpg 768w, https:\/\/medicina.udd.cl\/odontologia-santiago\/files\/2024\/08\/odon-reunion-conce-renovacion-curricular-4-1536x888.jpg 1536w, https:\/\/medicina.udd.cl\/odontologia-santiago\/files\/2024\/08\/odon-reunion-conce-renovacion-curricular-4-2048x1184.jpg 2048w\" sizes=\"auto, (max-width: 1024px) 100vw, 1024px\" \/><\/a><\/figure>\n\n\n\n<figure class=\"wp-block-image size-large\"><a href=\"https:\/\/medicina.udd.cl\/odontologia-santiago\/files\/2024\/08\/odon-reunion-conce-renovacion-curricular-2-scaled.jpg\"><img loading=\"lazy\" decoding=\"async\" width=\"1024\" height=\"510\" data-id=\"8447\" src=\"https:\/\/medicina.udd.cl\/odontologia-santiago\/files\/2024\/08\/odon-reunion-conce-renovacion-curricular-2-1024x510.jpg\" alt=\"\" class=\"wp-image-8447\" srcset=\"https:\/\/medicina.udd.cl\/odontologia-santiago\/files\/2024\/08\/odon-reunion-conce-renovacion-curricular-2-1024x510.jpg 1024w, https:\/\/medicina.udd.cl\/odontologia-santiago\/files\/2024\/08\/odon-reunion-conce-renovacion-curricular-2-300x149.jpg 300w, https:\/\/medicina.udd.cl\/odontologia-santiago\/files\/2024\/08\/odon-reunion-conce-renovacion-curricular-2-768x382.jpg 768w, https:\/\/medicina.udd.cl\/odontologia-santiago\/files\/2024\/08\/odon-reunion-conce-renovacion-curricular-2-1536x765.jpg 1536w, https:\/\/medicina.udd.cl\/odontologia-santiago\/files\/2024\/08\/odon-reunion-conce-renovacion-curricular-2-2048x1019.jpg 2048w\" sizes=\"auto, (max-width: 1024px) 100vw, 1024px\" \/><\/a><\/figure>\n\n\n\n<figure class=\"wp-block-image size-large\"><a href=\"https:\/\/medicina.udd.cl\/odontologia-santiago\/files\/2024\/08\/odon-reunion-conce-renovacion-curricular-3-scaled.jpg\"><img loading=\"lazy\" decoding=\"async\" width=\"1024\" height=\"528\" data-id=\"8448\" src=\"https:\/\/medicina.udd.cl\/odontologia-santiago\/files\/2024\/08\/odon-reunion-conce-renovacion-curricular-3-1024x528.jpg\" alt=\"\" class=\"wp-image-8448\" srcset=\"https:\/\/medicina.udd.cl\/odontologia-santiago\/files\/2024\/08\/odon-reunion-conce-renovacion-curricular-3-1024x528.jpg 1024w, https:\/\/medicina.udd.cl\/odontologia-santiago\/files\/2024\/08\/odon-reunion-conce-renovacion-curricular-3-300x155.jpg 300w, https:\/\/medicina.udd.cl\/odontologia-santiago\/files\/2024\/08\/odon-reunion-conce-renovacion-curricular-3-768x396.jpg 768w, https:\/\/medicina.udd.cl\/odontologia-santiago\/files\/2024\/08\/odon-reunion-conce-renovacion-curricular-3-288x150.jpg 288w, https:\/\/medicina.udd.cl\/odontologia-santiago\/files\/2024\/08\/odon-reunion-conce-renovacion-curricular-3-1536x792.jpg 1536w, https:\/\/medicina.udd.cl\/odontologia-santiago\/files\/2024\/08\/odon-reunion-conce-renovacion-curricular-3-2048x1056.jpg 2048w\" sizes=\"auto, (max-width: 1024px) 100vw, 1024px\" \/><\/a><\/figure>\n<\/figure>\n\n\n\n<p>En una exposici\u00f3n concreta, did\u00e1ctica y ejemplificadora, los profesores Mar\u00eda de Los \u00c1ngeles Gajardo (Santiago) y Fernando Salgado (Concepci\u00f3n) presentaron&nbsp;<em>\u201cExperiencias Integradoras en Fundamentos Biol\u00f3gicos I\u201d<\/em>, concluyendo que&nbsp;<em>\u201ctrabajar con otros docentes para planificar e implementar actividades, laboratorios o talleres que cruzan los l\u00edmites de las materias tradicionales, permite estar al tanto del trabajo y metodolog\u00edas que usan otros acad\u00e9micos\u201d.<\/em><\/p>\n\n\n\n<p>Luego del trabajo pr\u00e1ctico guiado durante ambos d\u00edas por Katherine Mar\u00edn, directora de Unidad de Calidad de la Facultad de Medicina, los profesores de Odontolog\u00eda se mostraron agradecidos por esta instancia.&nbsp;<em>\u201cMe voy muy contenta, ya que he disfrutado y aprendido mucho en esta jornada. Ha sido un gusto trabajar de manera colaborativa con mis pares de Santiago. Me voy tranquila porque siento que el trabajo se logr\u00f3 en beneficio de nuestros estudiantes\u201d<\/em>, dijo M\u00f3nica Vergara, docente de Concepci\u00f3n, miembro del equipo de Psicolog\u00eda Cl\u00ednica.<\/p>\n\n\n\n<p>Finalmente, Andr\u00e9s Cordero, docente del \u00e1rea de Gesti\u00f3n de Santiago, a\u00f1adi\u00f3 que\u00a0<em>\u201ccomo profesional de la salud me encanta que hayamos trabajado desde el cari\u00f1o de la profesi\u00f3n hacia la formaci\u00f3n de nuestros futuros colegas. Me voy con el coraz\u00f3n lleno porque hemos podido hacer \u201cmatch\u201d con nuestros pares de Concepci\u00f3n y eso me encanta\u201d.<\/em><\/p>\n\n\n\n<figure class=\"wp-block-image aligncenter size-large\"><a href=\"https:\/\/medicina.udd.cl\/odontologia-santiago\/files\/2024\/08\/odon-reunion-conce-renovacion-curricular-7-scaled.jpg\"><img loading=\"lazy\" decoding=\"async\" width=\"1024\" height=\"726\" src=\"https:\/\/medicina.udd.cl\/odontologia-santiago\/files\/2024\/08\/odon-reunion-conce-renovacion-curricular-7-1024x726.jpg\" alt=\"\" class=\"wp-image-8452\" srcset=\"https:\/\/medicina.udd.cl\/odontologia-santiago\/files\/2024\/08\/odon-reunion-conce-renovacion-curricular-7-1024x726.jpg 1024w, https:\/\/medicina.udd.cl\/odontologia-santiago\/files\/2024\/08\/odon-reunion-conce-renovacion-curricular-7-300x213.jpg 300w, https:\/\/medicina.udd.cl\/odontologia-santiago\/files\/2024\/08\/odon-reunion-conce-renovacion-curricular-7-768x544.jpg 768w, https:\/\/medicina.udd.cl\/odontologia-santiago\/files\/2024\/08\/odon-reunion-conce-renovacion-curricular-7-316x224.jpg 316w, https:\/\/medicina.udd.cl\/odontologia-santiago\/files\/2024\/08\/odon-reunion-conce-renovacion-curricular-7-87x62.jpg 87w, https:\/\/medicina.udd.cl\/odontologia-santiago\/files\/2024\/08\/odon-reunion-conce-renovacion-curricular-7-1536x1088.jpg 1536w, https:\/\/medicina.udd.cl\/odontologia-santiago\/files\/2024\/08\/odon-reunion-conce-renovacion-curricular-7-2048x1451.jpg 2048w\" sizes=\"auto, (max-width: 1024px) 100vw, 1024px\" \/><\/a><\/figure>\n\n\n\n<p><\/p>\n","protected":false},"excerpt":{"rendered":"<p>Con el anuncio de un Plan de Estudios renovado y acorde a los tiempos actuales, la carrera de Odontolog\u00eda de la Universidad del Desarrollo reuni\u00f3 a sus equipos de Santiago y Concepci\u00f3n para avanzar en los lineamientos que apuntan a una formaci\u00f3n en 5 a\u00f1os y medio. En una intensa jornada de trabajo que se [&hellip;]<\/p>\n","protected":false},"author":9192219,"featured_media":8450,"comment_status":"closed","ping_status":"open","sticky":false,"template":"","format":"standard","meta":{"footnotes":""},"categories":[4],"tags":[],"class_list":["post-8445","post","type-post","status-publish","format-standard","has-post-thumbnail","hentry","category-noticias"],"yoast_head":"<!-- This site is optimized with the Yoast SEO plugin v26.9 - https:\/\/yoast.com\/product\/yoast-seo-wordpress\/ -->\n<title>Docentes de Santiago y Concepci\u00f3n se re\u00fanen para avanzar en la renovaci\u00f3n curricular de la carrera de Odontolog\u00eda - Odontolog\u00eda<\/title>\n<meta name=\"robots\" content=\"index, follow, max-snippet:-1, max-image-preview:large, max-video-preview:-1\" \/>\n<link rel=\"canonical\" href=\"https:\/\/medicina.udd.cl\/odontologia-santiago\/noticias\/2024\/08\/22\/docentes-de-santiago-y-concepcion-se-reunen-para-avanzar-en-la-renovacion-curricular-de-la-carrera-de-odontologia\/\" \/>\n<meta property=\"og:locale\" content=\"es_ES\" \/>\n<meta property=\"og:type\" content=\"article\" \/>\n<meta property=\"og:title\" content=\"Docentes de Santiago y Concepci\u00f3n se re\u00fanen para avanzar en la renovaci\u00f3n curricular de la carrera de Odontolog\u00eda - Odontolog\u00eda\" \/>\n<meta property=\"og:description\" content=\"Con el anuncio de un Plan de Estudios renovado y acorde a los tiempos actuales, la carrera de Odontolog\u00eda de la Universidad del Desarrollo reuni\u00f3 a sus equipos de Santiago y Concepci\u00f3n para avanzar en los lineamientos que apuntan a una formaci\u00f3n en 5 a\u00f1os y medio. En una intensa jornada de trabajo que se [&hellip;]\" \/>\n<meta property=\"og:url\" content=\"https:\/\/medicina.udd.cl\/odontologia-santiago\/noticias\/2024\/08\/22\/docentes-de-santiago-y-concepcion-se-reunen-para-avanzar-en-la-renovacion-curricular-de-la-carrera-de-odontologia\/\" \/>\n<meta property=\"og:site_name\" content=\"Odontolog\u00eda\" \/>\n<meta property=\"article:published_time\" content=\"2024-08-22T15:33:00+00:00\" \/>\n<meta property=\"article:modified_time\" content=\"2024-08-22T15:33:02+00:00\" \/>\n<meta property=\"og:image\" content=\"https:\/\/medicina.udd.cl\/odontologia-santiago\/files\/2024\/08\/odon-reunion-conce-renovacion-curricular-5-scaled.jpg\" \/>\n\t<meta property=\"og:image:width\" content=\"2560\" \/>\n\t<meta property=\"og:image:height\" content=\"1939\" \/>\n\t<meta property=\"og:image:type\" content=\"image\/jpeg\" \/>\n<meta name=\"author\" content=\"rbraidy\" \/>\n<meta name=\"twitter:label1\" content=\"Escrito por\" \/>\n\t<meta name=\"twitter:data1\" content=\"rbraidy\" \/>\n\t<meta name=\"twitter:label2\" content=\"Tiempo de lectura\" \/>\n\t<meta name=\"twitter:data2\" content=\"5 minutos\" \/>\n<script type=\"application\/ld+json\" class=\"yoast-schema-graph\">{\"@context\":\"https:\/\/schema.org\",\"@graph\":[{\"@type\":\"Article\",\"@id\":\"https:\/\/medicina.udd.cl\/odontologia-santiago\/noticias\/2024\/08\/22\/docentes-de-santiago-y-concepcion-se-reunen-para-avanzar-en-la-renovacion-curricular-de-la-carrera-de-odontologia\/#article\",\"isPartOf\":{\"@id\":\"https:\/\/medicina.udd.cl\/odontologia-santiago\/noticias\/2024\/08\/22\/docentes-de-santiago-y-concepcion-se-reunen-para-avanzar-en-la-renovacion-curricular-de-la-carrera-de-odontologia\/\"},\"author\":{\"name\":\"rbraidy\",\"@id\":\"https:\/\/medicina.udd.cl\/odontologia-santiago\/#\/schema\/person\/dbc3705bf3a93e8be1ba6de0ef950341\"},\"headline\":\"Docentes de Santiago y Concepci\u00f3n se re\u00fanen para avanzar en la renovaci\u00f3n curricular de la carrera de Odontolog\u00eda\",\"datePublished\":\"2024-08-22T15:33:00+00:00\",\"dateModified\":\"2024-08-22T15:33:02+00:00\",\"mainEntityOfPage\":{\"@id\":\"https:\/\/medicina.udd.cl\/odontologia-santiago\/noticias\/2024\/08\/22\/docentes-de-santiago-y-concepcion-se-reunen-para-avanzar-en-la-renovacion-curricular-de-la-carrera-de-odontologia\/\"},\"wordCount\":588,\"image\":{\"@id\":\"https:\/\/medicina.udd.cl\/odontologia-santiago\/noticias\/2024\/08\/22\/docentes-de-santiago-y-concepcion-se-reunen-para-avanzar-en-la-renovacion-curricular-de-la-carrera-de-odontologia\/#primaryimage\"},\"thumbnailUrl\":\"https:\/\/medicina.udd.cl\/odontologia-santiago\/files\/2024\/08\/odon-reunion-conce-renovacion-curricular-5-scaled.jpg\",\"articleSection\":[\"Noticias\"],\"inLanguage\":\"es\"},{\"@type\":\"WebPage\",\"@id\":\"https:\/\/medicina.udd.cl\/odontologia-santiago\/noticias\/2024\/08\/22\/docentes-de-santiago-y-concepcion-se-reunen-para-avanzar-en-la-renovacion-curricular-de-la-carrera-de-odontologia\/\",\"url\":\"https:\/\/medicina.udd.cl\/odontologia-santiago\/noticias\/2024\/08\/22\/docentes-de-santiago-y-concepcion-se-reunen-para-avanzar-en-la-renovacion-curricular-de-la-carrera-de-odontologia\/\",\"name\":\"Docentes de Santiago y Concepci\u00f3n se re\u00fanen para avanzar en la renovaci\u00f3n curricular de la carrera de Odontolog\u00eda - Odontolog\u00eda\",\"isPartOf\":{\"@id\":\"https:\/\/medicina.udd.cl\/odontologia-santiago\/#website\"},\"primaryImageOfPage\":{\"@id\":\"https:\/\/medicina.udd.cl\/odontologia-santiago\/noticias\/2024\/08\/22\/docentes-de-santiago-y-concepcion-se-reunen-para-avanzar-en-la-renovacion-curricular-de-la-carrera-de-odontologia\/#primaryimage\"},\"image\":{\"@id\":\"https:\/\/medicina.udd.cl\/odontologia-santiago\/noticias\/2024\/08\/22\/docentes-de-santiago-y-concepcion-se-reunen-para-avanzar-en-la-renovacion-curricular-de-la-carrera-de-odontologia\/#primaryimage\"},\"thumbnailUrl\":\"https:\/\/medicina.udd.cl\/odontologia-santiago\/files\/2024\/08\/odon-reunion-conce-renovacion-curricular-5-scaled.jpg\",\"datePublished\":\"2024-08-22T15:33:00+00:00\",\"dateModified\":\"2024-08-22T15:33:02+00:00\",\"author\":{\"@id\":\"https:\/\/medicina.udd.cl\/odontologia-santiago\/#\/schema\/person\/dbc3705bf3a93e8be1ba6de0ef950341\"},\"breadcrumb\":{\"@id\":\"https:\/\/medicina.udd.cl\/odontologia-santiago\/noticias\/2024\/08\/22\/docentes-de-santiago-y-concepcion-se-reunen-para-avanzar-en-la-renovacion-curricular-de-la-carrera-de-odontologia\/#breadcrumb\"},\"inLanguage\":\"es\",\"potentialAction\":[{\"@type\":\"ReadAction\",\"target\":[\"https:\/\/medicina.udd.cl\/odontologia-santiago\/noticias\/2024\/08\/22\/docentes-de-santiago-y-concepcion-se-reunen-para-avanzar-en-la-renovacion-curricular-de-la-carrera-de-odontologia\/\"]}]},{\"@type\":\"ImageObject\",\"inLanguage\":\"es\",\"@id\":\"https:\/\/medicina.udd.cl\/odontologia-santiago\/noticias\/2024\/08\/22\/docentes-de-santiago-y-concepcion-se-reunen-para-avanzar-en-la-renovacion-curricular-de-la-carrera-de-odontologia\/#primaryimage\",\"url\":\"https:\/\/medicina.udd.cl\/odontologia-santiago\/files\/2024\/08\/odon-reunion-conce-renovacion-curricular-5-scaled.jpg\",\"contentUrl\":\"https:\/\/medicina.udd.cl\/odontologia-santiago\/files\/2024\/08\/odon-reunion-conce-renovacion-curricular-5-scaled.jpg\",\"width\":2560,\"height\":1939},{\"@type\":\"BreadcrumbList\",\"@id\":\"https:\/\/medicina.udd.cl\/odontologia-santiago\/noticias\/2024\/08\/22\/docentes-de-santiago-y-concepcion-se-reunen-para-avanzar-en-la-renovacion-curricular-de-la-carrera-de-odontologia\/#breadcrumb\",\"itemListElement\":[{\"@type\":\"ListItem\",\"position\":1,\"name\":\"Home\",\"item\":\"https:\/\/medicina.udd.cl\/odontologia-santiago\/\"},{\"@type\":\"ListItem\",\"position\":2,\"name\":\"Docentes de Santiago y Concepci\u00f3n se re\u00fanen para avanzar en la renovaci\u00f3n curricular de la carrera de Odontolog\u00eda\"}]},{\"@type\":\"WebSite\",\"@id\":\"https:\/\/medicina.udd.cl\/odontologia-santiago\/#website\",\"url\":\"https:\/\/medicina.udd.cl\/odontologia-santiago\/\",\"name\":\"Odontolog\u00eda\",\"description\":\"Facultad de Medicina Cl\u00ednica Alemana Universidad del Desarrollo\",\"inLanguage\":\"es\"},{\"@type\":\"Person\",\"@id\":\"https:\/\/medicina.udd.cl\/odontologia-santiago\/#\/schema\/person\/dbc3705bf3a93e8be1ba6de0ef950341\",\"name\":\"rbraidy\",\"image\":{\"@type\":\"ImageObject\",\"inLanguage\":\"es\",\"@id\":\"https:\/\/medicina.udd.cl\/odontologia-santiago\/#\/schema\/person\/image\/\",\"url\":\"https:\/\/secure.gravatar.com\/avatar\/0f8bc94637401590e45d2ce17eb65c274cb8870a219de6177f3f23e63fd8cdf3?s=96&d=mm&r=g\",\"contentUrl\":\"https:\/\/secure.gravatar.com\/avatar\/0f8bc94637401590e45d2ce17eb65c274cb8870a219de6177f3f23e63fd8cdf3?s=96&d=mm&r=g\",\"caption\":\"rbraidy\"},\"url\":\"https:\/\/medicina.udd.cl\/odontologia-santiago\/noticias\/author\/rbraidy\/\"}]}<\/script>\n<!-- \/ Yoast SEO plugin. -->","yoast_head_json":{"title":"Docentes de Santiago y Concepci\u00f3n se re\u00fanen para avanzar en la renovaci\u00f3n curricular de la carrera de Odontolog\u00eda - Odontolog\u00eda","robots":{"index":"index","follow":"follow","max-snippet":"max-snippet:-1","max-image-preview":"max-image-preview:large","max-video-preview":"max-video-preview:-1"},"canonical":"https:\/\/medicina.udd.cl\/odontologia-santiago\/noticias\/2024\/08\/22\/docentes-de-santiago-y-concepcion-se-reunen-para-avanzar-en-la-renovacion-curricular-de-la-carrera-de-odontologia\/","og_locale":"es_ES","og_type":"article","og_title":"Docentes de Santiago y Concepci\u00f3n se re\u00fanen para avanzar en la renovaci\u00f3n curricular de la carrera de Odontolog\u00eda - Odontolog\u00eda","og_description":"Con el anuncio de un Plan de Estudios renovado y acorde a los tiempos actuales, la carrera de Odontolog\u00eda de la Universidad del Desarrollo reuni\u00f3 a sus equipos de Santiago y Concepci\u00f3n para avanzar en los lineamientos que apuntan a una formaci\u00f3n en 5 a\u00f1os y medio. En una intensa jornada de trabajo que se [&hellip;]","og_url":"https:\/\/medicina.udd.cl\/odontologia-santiago\/noticias\/2024\/08\/22\/docentes-de-santiago-y-concepcion-se-reunen-para-avanzar-en-la-renovacion-curricular-de-la-carrera-de-odontologia\/","og_site_name":"Odontolog\u00eda","article_published_time":"2024-08-22T15:33:00+00:00","article_modified_time":"2024-08-22T15:33:02+00:00","og_image":[{"width":2560,"height":1939,"url":"https:\/\/medicina.udd.cl\/odontologia-santiago\/files\/2024\/08\/odon-reunion-conce-renovacion-curricular-5-scaled.jpg","type":"image\/jpeg"}],"author":"rbraidy","twitter_misc":{"Escrito por":"rbraidy","Tiempo de lectura":"5 minutos"},"schema":{"@context":"https:\/\/schema.org","@graph":[{"@type":"Article","@id":"https:\/\/medicina.udd.cl\/odontologia-santiago\/noticias\/2024\/08\/22\/docentes-de-santiago-y-concepcion-se-reunen-para-avanzar-en-la-renovacion-curricular-de-la-carrera-de-odontologia\/#article","isPartOf":{"@id":"https:\/\/medicina.udd.cl\/odontologia-santiago\/noticias\/2024\/08\/22\/docentes-de-santiago-y-concepcion-se-reunen-para-avanzar-en-la-renovacion-curricular-de-la-carrera-de-odontologia\/"},"author":{"name":"rbraidy","@id":"https:\/\/medicina.udd.cl\/odontologia-santiago\/#\/schema\/person\/dbc3705bf3a93e8be1ba6de0ef950341"},"headline":"Docentes de Santiago y Concepci\u00f3n se re\u00fanen para avanzar en la renovaci\u00f3n curricular de la carrera de Odontolog\u00eda","datePublished":"2024-08-22T15:33:00+00:00","dateModified":"2024-08-22T15:33:02+00:00","mainEntityOfPage":{"@id":"https:\/\/medicina.udd.cl\/odontologia-santiago\/noticias\/2024\/08\/22\/docentes-de-santiago-y-concepcion-se-reunen-para-avanzar-en-la-renovacion-curricular-de-la-carrera-de-odontologia\/"},"wordCount":588,"image":{"@id":"https:\/\/medicina.udd.cl\/odontologia-santiago\/noticias\/2024\/08\/22\/docentes-de-santiago-y-concepcion-se-reunen-para-avanzar-en-la-renovacion-curricular-de-la-carrera-de-odontologia\/#primaryimage"},"thumbnailUrl":"https:\/\/medicina.udd.cl\/odontologia-santiago\/files\/2024\/08\/odon-reunion-conce-renovacion-curricular-5-scaled.jpg","articleSection":["Noticias"],"inLanguage":"es"},{"@type":"WebPage","@id":"https:\/\/medicina.udd.cl\/odontologia-santiago\/noticias\/2024\/08\/22\/docentes-de-santiago-y-concepcion-se-reunen-para-avanzar-en-la-renovacion-curricular-de-la-carrera-de-odontologia\/","url":"https:\/\/medicina.udd.cl\/odontologia-santiago\/noticias\/2024\/08\/22\/docentes-de-santiago-y-concepcion-se-reunen-para-avanzar-en-la-renovacion-curricular-de-la-carrera-de-odontologia\/","name":"Docentes de Santiago y Concepci\u00f3n se re\u00fanen para avanzar en la renovaci\u00f3n curricular de la carrera de Odontolog\u00eda - Odontolog\u00eda","isPartOf":{"@id":"https:\/\/medicina.udd.cl\/odontologia-santiago\/#website"},"primaryImageOfPage":{"@id":"https:\/\/medicina.udd.cl\/odontologia-santiago\/noticias\/2024\/08\/22\/docentes-de-santiago-y-concepcion-se-reunen-para-avanzar-en-la-renovacion-curricular-de-la-carrera-de-odontologia\/#primaryimage"},"image":{"@id":"https:\/\/medicina.udd.cl\/odontologia-santiago\/noticias\/2024\/08\/22\/docentes-de-santiago-y-concepcion-se-reunen-para-avanzar-en-la-renovacion-curricular-de-la-carrera-de-odontologia\/#primaryimage"},"thumbnailUrl":"https:\/\/medicina.udd.cl\/odontologia-santiago\/files\/2024\/08\/odon-reunion-conce-renovacion-curricular-5-scaled.jpg","datePublished":"2024-08-22T15:33:00+00:00","dateModified":"2024-08-22T15:33:02+00:00","author":{"@id":"https:\/\/medicina.udd.cl\/odontologia-santiago\/#\/schema\/person\/dbc3705bf3a93e8be1ba6de0ef950341"},"breadcrumb":{"@id":"https:\/\/medicina.udd.cl\/odontologia-santiago\/noticias\/2024\/08\/22\/docentes-de-santiago-y-concepcion-se-reunen-para-avanzar-en-la-renovacion-curricular-de-la-carrera-de-odontologia\/#breadcrumb"},"inLanguage":"es","potentialAction":[{"@type":"ReadAction","target":["https:\/\/medicina.udd.cl\/odontologia-santiago\/noticias\/2024\/08\/22\/docentes-de-santiago-y-concepcion-se-reunen-para-avanzar-en-la-renovacion-curricular-de-la-carrera-de-odontologia\/"]}]},{"@type":"ImageObject","inLanguage":"es","@id":"https:\/\/medicina.udd.cl\/odontologia-santiago\/noticias\/2024\/08\/22\/docentes-de-santiago-y-concepcion-se-reunen-para-avanzar-en-la-renovacion-curricular-de-la-carrera-de-odontologia\/#primaryimage","url":"https:\/\/medicina.udd.cl\/odontologia-santiago\/files\/2024\/08\/odon-reunion-conce-renovacion-curricular-5-scaled.jpg","contentUrl":"https:\/\/medicina.udd.cl\/odontologia-santiago\/files\/2024\/08\/odon-reunion-conce-renovacion-curricular-5-scaled.jpg","width":2560,"height":1939},{"@type":"BreadcrumbList","@id":"https:\/\/medicina.udd.cl\/odontologia-santiago\/noticias\/2024\/08\/22\/docentes-de-santiago-y-concepcion-se-reunen-para-avanzar-en-la-renovacion-curricular-de-la-carrera-de-odontologia\/#breadcrumb","itemListElement":[{"@type":"ListItem","position":1,"name":"Home","item":"https:\/\/medicina.udd.cl\/odontologia-santiago\/"},{"@type":"ListItem","position":2,"name":"Docentes de Santiago y Concepci\u00f3n se re\u00fanen para avanzar en la renovaci\u00f3n curricular de la carrera de Odontolog\u00eda"}]},{"@type":"WebSite","@id":"https:\/\/medicina.udd.cl\/odontologia-santiago\/#website","url":"https:\/\/medicina.udd.cl\/odontologia-santiago\/","name":"Odontolog\u00eda","description":"Facultad de Medicina Cl\u00ednica Alemana Universidad del Desarrollo","inLanguage":"es"},{"@type":"Person","@id":"https:\/\/medicina.udd.cl\/odontologia-santiago\/#\/schema\/person\/dbc3705bf3a93e8be1ba6de0ef950341","name":"rbraidy","image":{"@type":"ImageObject","inLanguage":"es","@id":"https:\/\/medicina.udd.cl\/odontologia-santiago\/#\/schema\/person\/image\/","url":"https:\/\/secure.gravatar.com\/avatar\/0f8bc94637401590e45d2ce17eb65c274cb8870a219de6177f3f23e63fd8cdf3?s=96&d=mm&r=g","contentUrl":"https:\/\/secure.gravatar.com\/avatar\/0f8bc94637401590e45d2ce17eb65c274cb8870a219de6177f3f23e63fd8cdf3?s=96&d=mm&r=g","caption":"rbraidy"},"url":"https:\/\/medicina.udd.cl\/odontologia-santiago\/noticias\/author\/rbraidy\/"}]}},"featured_image_url":"https:\/\/medicina.udd.cl\/odontologia-santiago\/files\/2024\/08\/odon-reunion-conce-renovacion-curricular-5-scaled.jpg","_links":{"self":[{"href":"https:\/\/medicina.udd.cl\/odontologia-santiago\/wp-json\/wp\/v2\/posts\/8445","targetHints":{"allow":["GET"]}}],"collection":[{"href":"https:\/\/medicina.udd.cl\/odontologia-santiago\/wp-json\/wp\/v2\/posts"}],"about":[{"href":"https:\/\/medicina.udd.cl\/odontologia-santiago\/wp-json\/wp\/v2\/types\/post"}],"author":[{"embeddable":true,"href":"https:\/\/medicina.udd.cl\/odontologia-santiago\/wp-json\/wp\/v2\/users\/9192219"}],"replies":[{"embeddable":true,"href":"https:\/\/medicina.udd.cl\/odontologia-santiago\/wp-json\/wp\/v2\/comments?post=8445"}],"version-history":[{"count":1,"href":"https:\/\/medicina.udd.cl\/odontologia-santiago\/wp-json\/wp\/v2\/posts\/8445\/revisions"}],"predecessor-version":[{"id":8454,"href":"https:\/\/medicina.udd.cl\/odontologia-santiago\/wp-json\/wp\/v2\/posts\/8445\/revisions\/8454"}],"wp:featuredmedia":[{"embeddable":true,"href":"https:\/\/medicina.udd.cl\/odontologia-santiago\/wp-json\/wp\/v2\/media\/8450"}],"wp:attachment":[{"href":"https:\/\/medicina.udd.cl\/odontologia-santiago\/wp-json\/wp\/v2\/media?parent=8445"}],"wp:term":[{"taxonomy":"category","embeddable":true,"href":"https:\/\/medicina.udd.cl\/odontologia-santiago\/wp-json\/wp\/v2\/categories?post=8445"},{"taxonomy":"post_tag","embeddable":true,"href":"https:\/\/medicina.udd.cl\/odontologia-santiago\/wp-json\/wp\/v2\/tags?post=8445"}],"curies":[{"name":"wp","href":"https:\/\/api.w.org\/{rel}","templated":true}]}}