{"id":9646,"date":"2026-05-18T15:57:37","date_gmt":"2026-05-18T19:57:37","guid":{"rendered":"https:\/\/medicina.udd.cl\/odontologia-santiago\/?p=9646"},"modified":"2026-08-09T16:08:49","modified_gmt":"2026-08-09T20:08:49","slug":"jornada-de-rehabilitacion-oral-abordo-la-toma-de-decisiones-clinicas-el-flujo-digital-y-los-protocolos-para-carillas-indirectas","status":"publish","type":"post","link":"https:\/\/medicina.udd.cl\/odontologia-santiago\/noticias\/2026\/05\/18\/jornada-de-rehabilitacion-oral-abordo-la-toma-de-decisiones-clinicas-el-flujo-digital-y-los-protocolos-para-carillas-indirectas\/","title":{"rendered":"Jornada de Rehabilitaci\u00f3n Oral abord\u00f3 la toma de decisiones cl\u00ednicas, el flujo digital y los protocolos para carillas indirectas"},"content":{"rendered":"\n<ul class=\"wp-block-list\">\n<li><em>La actividad, desarrollada durante dos s\u00e1bados en la Cl\u00ednica UDD, permiti\u00f3 conocer el modelo cl\u00ednico y formativo del Post\u00edtulo de Especialidad Odontol\u00f3gica en Rehabilitaci\u00f3n Oral, Menci\u00f3n en Pr\u00f3tesis Dento e Implanto Asistidas, integrando experiencias de egresados, discusi\u00f3n de casos y demostraciones pr\u00e1cticas.<\/em><\/li>\n<\/ul>\n\n\n\n<figure class=\"wp-block-gallery has-nested-images columns-default is-cropped wp-block-gallery-1 is-layout-flex wp-block-gallery-is-layout-flex\">\n<figure class=\"wp-block-image size-large\"><a href=\"https:\/\/medicina.udd.cl\/odontologia-santiago\/files\/2026\/08\/a18db15c-bd8f-40a7-80a1-78589234c9de.jpg\"><img loading=\"lazy\" decoding=\"async\" width=\"1024\" height=\"768\" data-id=\"9642\" src=\"https:\/\/medicina.udd.cl\/odontologia-santiago\/files\/2026\/08\/a18db15c-bd8f-40a7-80a1-78589234c9de-1024x768.jpg\" alt=\"\" class=\"wp-image-9642\" srcset=\"https:\/\/medicina.udd.cl\/odontologia-santiago\/files\/2026\/08\/a18db15c-bd8f-40a7-80a1-78589234c9de-1024x768.jpg 1024w, https:\/\/medicina.udd.cl\/odontologia-santiago\/files\/2026\/08\/a18db15c-bd8f-40a7-80a1-78589234c9de-300x225.jpg 300w, https:\/\/medicina.udd.cl\/odontologia-santiago\/files\/2026\/08\/a18db15c-bd8f-40a7-80a1-78589234c9de-768x576.jpg 768w, https:\/\/medicina.udd.cl\/odontologia-santiago\/files\/2026\/08\/a18db15c-bd8f-40a7-80a1-78589234c9de.jpg 1280w\" sizes=\"auto, (max-width: 1024px) 100vw, 1024px\" \/><\/a><\/figure>\n\n\n\n<figure class=\"wp-block-image size-large\"><a href=\"https:\/\/medicina.udd.cl\/odontologia-santiago\/files\/2026\/08\/3e6d77a4-6a56-4c6b-bd0d-d43e63d6ca82.jpg\"><img loading=\"lazy\" decoding=\"async\" width=\"576\" height=\"1024\" data-id=\"9637\" src=\"https:\/\/medicina.udd.cl\/odontologia-santiago\/files\/2026\/08\/3e6d77a4-6a56-4c6b-bd0d-d43e63d6ca82-576x1024.jpg\" alt=\"\" class=\"wp-image-9637\" srcset=\"https:\/\/medicina.udd.cl\/odontologia-santiago\/files\/2026\/08\/3e6d77a4-6a56-4c6b-bd0d-d43e63d6ca82-576x1024.jpg 576w, https:\/\/medicina.udd.cl\/odontologia-santiago\/files\/2026\/08\/3e6d77a4-6a56-4c6b-bd0d-d43e63d6ca82-169x300.jpg 169w, https:\/\/medicina.udd.cl\/odontologia-santiago\/files\/2026\/08\/3e6d77a4-6a56-4c6b-bd0d-d43e63d6ca82-768x1365.jpg 768w, https:\/\/medicina.udd.cl\/odontologia-santiago\/files\/2026\/08\/3e6d77a4-6a56-4c6b-bd0d-d43e63d6ca82-864x1536.jpg 864w, https:\/\/medicina.udd.cl\/odontologia-santiago\/files\/2026\/08\/3e6d77a4-6a56-4c6b-bd0d-d43e63d6ca82.jpg 900w\" sizes=\"auto, (max-width: 576px) 100vw, 576px\" \/><\/a><\/figure>\n\n\n\n<figure class=\"wp-block-image size-large\"><a href=\"https:\/\/medicina.udd.cl\/odontologia-santiago\/files\/2026\/08\/img_0333-scaled.jpg\"><img loading=\"lazy\" decoding=\"async\" width=\"768\" height=\"1024\" data-id=\"9630\" src=\"https:\/\/medicina.udd.cl\/odontologia-santiago\/files\/2026\/08\/img_0333-768x1024.jpg\" alt=\"\" class=\"wp-image-9630\" srcset=\"https:\/\/medicina.udd.cl\/odontologia-santiago\/files\/2026\/08\/img_0333-768x1024.jpg 768w, https:\/\/medicina.udd.cl\/odontologia-santiago\/files\/2026\/08\/img_0333-225x300.jpg 225w, https:\/\/medicina.udd.cl\/odontologia-santiago\/files\/2026\/08\/img_0333-1152x1536.jpg 1152w, https:\/\/medicina.udd.cl\/odontologia-santiago\/files\/2026\/08\/img_0333-1536x2048.jpg 1536w, https:\/\/medicina.udd.cl\/odontologia-santiago\/files\/2026\/08\/img_0333-scaled.jpg 1920w\" sizes=\"auto, (max-width: 768px) 100vw, 768px\" \/><\/a><\/figure>\n<\/figure>\n\n\n\n<p>Con el prop\u00f3sito de acercar a la comunidad odontol\u00f3gica el enfoque formativo, la trayectoria acad\u00e9mica y el modelo cl\u00ednico del <strong><a href=\"https:\/\/postgrados.udd.cl\/programas\/postitulo-de-especialidad-odontologica-en-rehabilitacion-oral-mencion-en-protesis-dento-e-implanto-asistidas-145087\/\" id=\"https:\/\/postgrados.udd.cl\/programas\/postitulo-de-especialidad-odontologica-en-rehabilitacion-oral-mencion-en-protesis-dento-e-implanto-asistidas-145087\/\">Post\u00edtulo de Especialidad Odontol\u00f3gica en Rehabilitaci\u00f3n Oral, Menci\u00f3n en Pr\u00f3tesis Dento e Implanto Asistidas<\/a><\/strong> de la <strong><a href=\"https:\/\/medicina.udd.cl\/\" id=\"https:\/\/medicina.udd.cl\/\">Facultad de Medicina Cl\u00ednica Alemana Universidad del Desarrollo<\/a><\/strong>, se desarroll\u00f3 la jornada <strong>\u201cToma de Decisiones Cl\u00ednicas, Flujo Digital y Protocolos para Carillas Indirectas\u201d<\/strong>.<\/p>\n\n\n\n<p>La iniciativa se llev\u00f3 a cabo durante dos jornadas acad\u00e9micas presenciales en la <strong><a href=\"https:\/\/clinicaudd.udd.cl\/\" id=\"https:\/\/clinicaudd.udd.cl\/\">Cl\u00ednica UDD<\/a><\/strong>, combinando presentaci\u00f3n del programa, experiencias de egresados, discusi\u00f3n cl\u00ednica y demostraciones pr\u00e1cticas precl\u00ednicas. De esta manera, los participantes pudieron aproximarse al modelo de formaci\u00f3n del programa y conocer c\u00f3mo la planificaci\u00f3n cl\u00ednica, las herramientas digitales y el trabajo interdisciplinario se articulan en la rehabilitaci\u00f3n oral contempor\u00e1nea.<\/p>\n\n\n\n<h3 class=\"wp-block-heading\">De la experiencia cl\u00ednica a la pr\u00e1ctica<\/h3>\n\n\n\n<p>La primera jornada, realizada el s\u00e1bado 25 de abril, estuvo orientada a la <strong>rehabilitaci\u00f3n oral en la pr\u00e1ctica cl\u00ednica<\/strong>, incorporando la experiencia de egresados del programa y la resoluci\u00f3n de un caso cl\u00ednico mediante herramientas digitales.<\/p>\n\n\n\n<p>Durante la actividad se abordaron distintas etapas del proceso rehabilitador, desde el diagn\u00f3stico y la planificaci\u00f3n terap\u00e9utica hasta la integraci\u00f3n de herramientas digitales y la discusi\u00f3n de alternativas de tratamiento. Este espacio permiti\u00f3 poner en evidencia el razonamiento cl\u00ednico que caracteriza al Post\u00edtulo y la importancia de una planificaci\u00f3n integral para la toma de decisiones.<\/p>\n\n\n\n<p>La jornada tambi\u00e9n contempl\u00f3 una demostraci\u00f3n pr\u00e1ctica de procedimientos restauradores utilizados en la rehabilitaci\u00f3n oral contempor\u00e1nea, incluyendo el <strong>tallado de carillas sobre mock-up y la provisionalizaci\u00f3n adhesiva<\/strong>, acercando a los asistentes a procedimientos que forman parte del trabajo cl\u00ednico en esta \u00e1rea.<\/p>\n\n\n\n<h3 class=\"wp-block-heading\">Tecnolog\u00eda digital aplicada a la rehabilitaci\u00f3n oral<\/h3>\n\n\n\n<p>La segunda jornada, realizada el s\u00e1bado 16 de mayo, tuvo como eje la <strong>odontolog\u00eda digital en rehabilitaci\u00f3n oral<\/strong>, con \u00e9nfasis en el diagn\u00f3stico, la planificaci\u00f3n y el flujo cl\u00ednico digital.<\/p>\n\n\n\n<p>Al igual que en la primera instancia, se present\u00f3 el programa y se compartieron testimonios de egresados, quienes, a trav\u00e9s de material audiovisual, dieron cuenta de su experiencia formativa y de la influencia del Post\u00edtulo en su desarrollo profesional y pr\u00e1ctica cl\u00ednica.<\/p>\n\n\n\n<p>La discusi\u00f3n cl\u00ednica se centr\u00f3 en la resoluci\u00f3n de un caso complejo, abordando el diagn\u00f3stico, la planificaci\u00f3n terap\u00e9utica, la integraci\u00f3n de herramientas digitales y las distintas alternativas de tratamiento. En este contexto, se destac\u00f3 la necesidad de integrar la planificaci\u00f3n cl\u00ednica tradicional con las nuevas herramientas disponibles en la odontolog\u00eda contempor\u00e1nea.<\/p>\n\n\n\n<p>Como parte de la demostraci\u00f3n pr\u00e1ctica, los asistentes pudieron conocer aplicaciones cl\u00ednicas del <strong>escaneo intraoral<\/strong>, observando la captura digital de arcadas completas, la identificaci\u00f3n de errores frecuentes y distintas estrategias para corregir y optimizar el proceso de captura.<\/p>\n\n\n\n<h3 class=\"wp-block-heading\">Una mirada integral a la formaci\u00f3n en Rehabilitaci\u00f3n Oral<\/h3>\n\n\n\n<p>A trav\u00e9s de estas dos jornadas, el Post\u00edtulo de Especialidad Odontol\u00f3gica en Rehabilitaci\u00f3n Oral busc\u00f3 mostrar a la comunidad odontol\u00f3gica una propuesta formativa que combina <strong>fundamentos cl\u00ednicos, planificaci\u00f3n, tecnolog\u00eda y experiencia pr\u00e1ctica<\/strong>, poniendo en el centro el razonamiento necesario para abordar casos de distinta complejidad.<\/p>\n\n\n\n<p>La instancia permiti\u00f3, adem\u00e1s, generar un espacio de encuentro y vinculaci\u00f3n entre profesionales, acad\u00e9micos y egresados, favoreciendo el intercambio de experiencias y la aproximaci\u00f3n a un modelo de formaci\u00f3n que busca responder a los desaf\u00edos actuales de la rehabilitaci\u00f3n oral.<\/p>\n\n\n\n<figure class=\"wp-block-gallery has-nested-images columns-default is-cropped wp-block-gallery-2 is-layout-flex wp-block-gallery-is-layout-flex\">\n<figure class=\"wp-block-image size-large\"><a href=\"https:\/\/medicina.udd.cl\/odontologia-santiago\/files\/2026\/08\/img_9871-scaled.jpg\"><img loading=\"lazy\" decoding=\"async\" width=\"768\" height=\"1024\" data-id=\"9631\" src=\"https:\/\/medicina.udd.cl\/odontologia-santiago\/files\/2026\/08\/img_9871-768x1024.jpg\" alt=\"\" class=\"wp-image-9631\" srcset=\"https:\/\/medicina.udd.cl\/odontologia-santiago\/files\/2026\/08\/img_9871-768x1024.jpg 768w, https:\/\/medicina.udd.cl\/odontologia-santiago\/files\/2026\/08\/img_9871-225x300.jpg 225w, https:\/\/medicina.udd.cl\/odontologia-santiago\/files\/2026\/08\/img_9871-1152x1536.jpg 1152w, https:\/\/medicina.udd.cl\/odontologia-santiago\/files\/2026\/08\/img_9871-1536x2048.jpg 1536w, https:\/\/medicina.udd.cl\/odontologia-santiago\/files\/2026\/08\/img_9871-scaled.jpg 1920w\" sizes=\"auto, (max-width: 768px) 100vw, 768px\" \/><\/a><\/figure>\n\n\n\n<figure class=\"wp-block-image size-large\"><a href=\"https:\/\/medicina.udd.cl\/odontologia-santiago\/files\/2026\/08\/img_9894-scaled.jpg\"><img loading=\"lazy\" decoding=\"async\" width=\"576\" height=\"1024\" data-id=\"9633\" src=\"https:\/\/medicina.udd.cl\/odontologia-santiago\/files\/2026\/08\/img_9894-576x1024.jpg\" alt=\"\" class=\"wp-image-9633\" srcset=\"https:\/\/medicina.udd.cl\/odontologia-santiago\/files\/2026\/08\/img_9894-576x1024.jpg 576w, https:\/\/medicina.udd.cl\/odontologia-santiago\/files\/2026\/08\/img_9894-169x300.jpg 169w, https:\/\/medicina.udd.cl\/odontologia-santiago\/files\/2026\/08\/img_9894-768x1365.jpg 768w, https:\/\/medicina.udd.cl\/odontologia-santiago\/files\/2026\/08\/img_9894-864x1536.jpg 864w, https:\/\/medicina.udd.cl\/odontologia-santiago\/files\/2026\/08\/img_9894-1152x2048.jpg 1152w, https:\/\/medicina.udd.cl\/odontologia-santiago\/files\/2026\/08\/img_9894-scaled.jpg 1440w\" sizes=\"auto, (max-width: 576px) 100vw, 576px\" \/><\/a><\/figure>\n\n\n\n<figure class=\"wp-block-image size-large\"><a href=\"https:\/\/medicina.udd.cl\/odontologia-santiago\/files\/2026\/08\/img_0320-scaled.jpg\"><img loading=\"lazy\" decoding=\"async\" width=\"768\" height=\"1024\" data-id=\"9626\" src=\"https:\/\/medicina.udd.cl\/odontologia-santiago\/files\/2026\/08\/img_0320-768x1024.jpg\" alt=\"\" class=\"wp-image-9626\" srcset=\"https:\/\/medicina.udd.cl\/odontologia-santiago\/files\/2026\/08\/img_0320-768x1024.jpg 768w, https:\/\/medicina.udd.cl\/odontologia-santiago\/files\/2026\/08\/img_0320-225x300.jpg 225w, https:\/\/medicina.udd.cl\/odontologia-santiago\/files\/2026\/08\/img_0320-1152x1536.jpg 1152w, https:\/\/medicina.udd.cl\/odontologia-santiago\/files\/2026\/08\/img_0320-1536x2048.jpg 1536w, https:\/\/medicina.udd.cl\/odontologia-santiago\/files\/2026\/08\/img_0320-scaled.jpg 1920w\" sizes=\"auto, (max-width: 768px) 100vw, 768px\" \/><\/a><\/figure>\n\n\n\n<figure class=\"wp-block-image size-large\"><a href=\"https:\/\/medicina.udd.cl\/odontologia-santiago\/files\/2026\/08\/img_0326-scaled.jpg\"><img loading=\"lazy\" decoding=\"async\" width=\"768\" height=\"1024\" data-id=\"9629\" src=\"https:\/\/medicina.udd.cl\/odontologia-santiago\/files\/2026\/08\/img_0326-768x1024.jpg\" alt=\"\" class=\"wp-image-9629\" srcset=\"https:\/\/medicina.udd.cl\/odontologia-santiago\/files\/2026\/08\/img_0326-768x1024.jpg 768w, https:\/\/medicina.udd.cl\/odontologia-santiago\/files\/2026\/08\/img_0326-225x300.jpg 225w, https:\/\/medicina.udd.cl\/odontologia-santiago\/files\/2026\/08\/img_0326-1152x1536.jpg 1152w, https:\/\/medicina.udd.cl\/odontologia-santiago\/files\/2026\/08\/img_0326-1536x2048.jpg 1536w, https:\/\/medicina.udd.cl\/odontologia-santiago\/files\/2026\/08\/img_0326-scaled.jpg 1920w\" sizes=\"auto, (max-width: 768px) 100vw, 768px\" \/><\/a><\/figure>\n\n\n\n<figure class=\"wp-block-image size-large\"><a href=\"https:\/\/medicina.udd.cl\/odontologia-santiago\/files\/2026\/08\/9dbe7d50-2f1b-4e88-83e9-174743e86465-scaled.jpg\"><img loading=\"lazy\" decoding=\"async\" width=\"768\" height=\"1024\" data-id=\"9639\" src=\"https:\/\/medicina.udd.cl\/odontologia-santiago\/files\/2026\/08\/9dbe7d50-2f1b-4e88-83e9-174743e86465-768x1024.jpg\" alt=\"\" class=\"wp-image-9639\" srcset=\"https:\/\/medicina.udd.cl\/odontologia-santiago\/files\/2026\/08\/9dbe7d50-2f1b-4e88-83e9-174743e86465-768x1024.jpg 768w, https:\/\/medicina.udd.cl\/odontologia-santiago\/files\/2026\/08\/9dbe7d50-2f1b-4e88-83e9-174743e86465-225x300.jpg 225w, https:\/\/medicina.udd.cl\/odontologia-santiago\/files\/2026\/08\/9dbe7d50-2f1b-4e88-83e9-174743e86465-1152x1536.jpg 1152w, https:\/\/medicina.udd.cl\/odontologia-santiago\/files\/2026\/08\/9dbe7d50-2f1b-4e88-83e9-174743e86465-1536x2048.jpg 1536w, https:\/\/medicina.udd.cl\/odontologia-santiago\/files\/2026\/08\/9dbe7d50-2f1b-4e88-83e9-174743e86465-scaled.jpg 1920w\" sizes=\"auto, (max-width: 768px) 100vw, 768px\" \/><\/a><\/figure>\n\n\n\n<figure class=\"wp-block-image size-large\"><a href=\"https:\/\/medicina.udd.cl\/odontologia-santiago\/files\/2026\/08\/img_0319-scaled.jpg\"><img loading=\"lazy\" decoding=\"async\" width=\"768\" height=\"1024\" data-id=\"9645\" src=\"https:\/\/medicina.udd.cl\/odontologia-santiago\/files\/2026\/08\/img_0319-768x1024.jpg\" alt=\"\" class=\"wp-image-9645\" srcset=\"https:\/\/medicina.udd.cl\/odontologia-santiago\/files\/2026\/08\/img_0319-768x1024.jpg 768w, https:\/\/medicina.udd.cl\/odontologia-santiago\/files\/2026\/08\/img_0319-225x300.jpg 225w, https:\/\/medicina.udd.cl\/odontologia-santiago\/files\/2026\/08\/img_0319-1152x1536.jpg 1152w, https:\/\/medicina.udd.cl\/odontologia-santiago\/files\/2026\/08\/img_0319-1536x2048.jpg 1536w, https:\/\/medicina.udd.cl\/odontologia-santiago\/files\/2026\/08\/img_0319-scaled.jpg 1920w\" sizes=\"auto, (max-width: 768px) 100vw, 768px\" \/><\/a><\/figure>\n\n\n\n<figure class=\"wp-block-image size-large\"><a href=\"https:\/\/medicina.udd.cl\/odontologia-santiago\/files\/2026\/08\/c8beb2d3-72bf-4240-bba3-8d94d472152f-scaled.jpg\"><img loading=\"lazy\" decoding=\"async\" width=\"768\" height=\"1024\" data-id=\"9644\" src=\"https:\/\/medicina.udd.cl\/odontologia-santiago\/files\/2026\/08\/c8beb2d3-72bf-4240-bba3-8d94d472152f-768x1024.jpg\" alt=\"\" class=\"wp-image-9644\" srcset=\"https:\/\/medicina.udd.cl\/odontologia-santiago\/files\/2026\/08\/c8beb2d3-72bf-4240-bba3-8d94d472152f-768x1024.jpg 768w, https:\/\/medicina.udd.cl\/odontologia-santiago\/files\/2026\/08\/c8beb2d3-72bf-4240-bba3-8d94d472152f-225x300.jpg 225w, https:\/\/medicina.udd.cl\/odontologia-santiago\/files\/2026\/08\/c8beb2d3-72bf-4240-bba3-8d94d472152f-1152x1536.jpg 1152w, https:\/\/medicina.udd.cl\/odontologia-santiago\/files\/2026\/08\/c8beb2d3-72bf-4240-bba3-8d94d472152f-1536x2048.jpg 1536w, https:\/\/medicina.udd.cl\/odontologia-santiago\/files\/2026\/08\/c8beb2d3-72bf-4240-bba3-8d94d472152f-scaled.jpg 1920w\" sizes=\"auto, (max-width: 768px) 100vw, 768px\" \/><\/a><\/figure>\n\n\n\n<figure class=\"wp-block-image size-large\"><a href=\"https:\/\/medicina.udd.cl\/odontologia-santiago\/files\/2026\/08\/222febfa-fe14-4484-b287-e4e658d7d600.jpg\"><img loading=\"lazy\" decoding=\"async\" width=\"1024\" height=\"465\" data-id=\"9640\" src=\"https:\/\/medicina.udd.cl\/odontologia-santiago\/files\/2026\/08\/222febfa-fe14-4484-b287-e4e658d7d600-1024x465.jpg\" alt=\"\" class=\"wp-image-9640\" srcset=\"https:\/\/medicina.udd.cl\/odontologia-santiago\/files\/2026\/08\/222febfa-fe14-4484-b287-e4e658d7d600-1024x465.jpg 1024w, https:\/\/medicina.udd.cl\/odontologia-santiago\/files\/2026\/08\/222febfa-fe14-4484-b287-e4e658d7d600-300x136.jpg 300w, https:\/\/medicina.udd.cl\/odontologia-santiago\/files\/2026\/08\/222febfa-fe14-4484-b287-e4e658d7d600-768x349.jpg 768w, https:\/\/medicina.udd.cl\/odontologia-santiago\/files\/2026\/08\/222febfa-fe14-4484-b287-e4e658d7d600.jpg 1280w\" sizes=\"auto, (max-width: 1024px) 100vw, 1024px\" \/><\/a><\/figure>\n\n\n\n<figure class=\"wp-block-image size-large\"><a href=\"https:\/\/medicina.udd.cl\/odontologia-santiago\/files\/2026\/08\/be2003c6-74e4-489b-af77-b8423f816814-scaled.jpg\"><img loading=\"lazy\" decoding=\"async\" width=\"768\" height=\"1024\" data-id=\"9643\" src=\"https:\/\/medicina.udd.cl\/odontologia-santiago\/files\/2026\/08\/be2003c6-74e4-489b-af77-b8423f816814-768x1024.jpg\" alt=\"\" class=\"wp-image-9643\" srcset=\"https:\/\/medicina.udd.cl\/odontologia-santiago\/files\/2026\/08\/be2003c6-74e4-489b-af77-b8423f816814-768x1024.jpg 768w, https:\/\/medicina.udd.cl\/odontologia-santiago\/files\/2026\/08\/be2003c6-74e4-489b-af77-b8423f816814-225x300.jpg 225w, https:\/\/medicina.udd.cl\/odontologia-santiago\/files\/2026\/08\/be2003c6-74e4-489b-af77-b8423f816814-1152x1536.jpg 1152w, https:\/\/medicina.udd.cl\/odontologia-santiago\/files\/2026\/08\/be2003c6-74e4-489b-af77-b8423f816814-1536x2048.jpg 1536w, https:\/\/medicina.udd.cl\/odontologia-santiago\/files\/2026\/08\/be2003c6-74e4-489b-af77-b8423f816814-scaled.jpg 1920w\" sizes=\"auto, (max-width: 768px) 100vw, 768px\" \/><\/a><\/figure>\n\n\n\n<figure class=\"wp-block-image size-large\"><a href=\"https:\/\/medicina.udd.cl\/odontologia-santiago\/files\/2026\/08\/0de90151-621a-4815-a147-68576e5376a7.jpg\"><img loading=\"lazy\" decoding=\"async\" width=\"1024\" height=\"768\" data-id=\"9636\" src=\"https:\/\/medicina.udd.cl\/odontologia-santiago\/files\/2026\/08\/0de90151-621a-4815-a147-68576e5376a7-1024x768.jpg\" alt=\"\" class=\"wp-image-9636\" srcset=\"https:\/\/medicina.udd.cl\/odontologia-santiago\/files\/2026\/08\/0de90151-621a-4815-a147-68576e5376a7-1024x768.jpg 1024w, https:\/\/medicina.udd.cl\/odontologia-santiago\/files\/2026\/08\/0de90151-621a-4815-a147-68576e5376a7-300x225.jpg 300w, https:\/\/medicina.udd.cl\/odontologia-santiago\/files\/2026\/08\/0de90151-621a-4815-a147-68576e5376a7-768x576.jpg 768w, https:\/\/medicina.udd.cl\/odontologia-santiago\/files\/2026\/08\/0de90151-621a-4815-a147-68576e5376a7.jpg 1280w\" sizes=\"auto, (max-width: 1024px) 100vw, 1024px\" \/><\/a><\/figure>\n\n\n\n<figure class=\"wp-block-image size-large\"><a href=\"https:\/\/medicina.udd.cl\/odontologia-santiago\/files\/2026\/08\/831f2221-a76a-4236-82c5-61e390984ac1-scaled.jpg\"><img loading=\"lazy\" decoding=\"async\" width=\"768\" height=\"1024\" data-id=\"9641\" src=\"https:\/\/medicina.udd.cl\/odontologia-santiago\/files\/2026\/08\/831f2221-a76a-4236-82c5-61e390984ac1-768x1024.jpg\" alt=\"\" class=\"wp-image-9641\" srcset=\"https:\/\/medicina.udd.cl\/odontologia-santiago\/files\/2026\/08\/831f2221-a76a-4236-82c5-61e390984ac1-768x1024.jpg 768w, https:\/\/medicina.udd.cl\/odontologia-santiago\/files\/2026\/08\/831f2221-a76a-4236-82c5-61e390984ac1-225x300.jpg 225w, https:\/\/medicina.udd.cl\/odontologia-santiago\/files\/2026\/08\/831f2221-a76a-4236-82c5-61e390984ac1-1152x1536.jpg 1152w, https:\/\/medicina.udd.cl\/odontologia-santiago\/files\/2026\/08\/831f2221-a76a-4236-82c5-61e390984ac1-1536x2048.jpg 1536w, https:\/\/medicina.udd.cl\/odontologia-santiago\/files\/2026\/08\/831f2221-a76a-4236-82c5-61e390984ac1-scaled.jpg 1920w\" sizes=\"auto, (max-width: 768px) 100vw, 768px\" \/><\/a><\/figure>\n\n\n\n<figure class=\"wp-block-image size-large\"><a href=\"https:\/\/medicina.udd.cl\/odontologia-santiago\/files\/2026\/08\/img_0323-scaled.jpg\"><img loading=\"lazy\" decoding=\"async\" width=\"768\" height=\"1024\" data-id=\"9627\" src=\"https:\/\/medicina.udd.cl\/odontologia-santiago\/files\/2026\/08\/img_0323-768x1024.jpg\" alt=\"\" class=\"wp-image-9627\" srcset=\"https:\/\/medicina.udd.cl\/odontologia-santiago\/files\/2026\/08\/img_0323-768x1024.jpg 768w, https:\/\/medicina.udd.cl\/odontologia-santiago\/files\/2026\/08\/img_0323-225x300.jpg 225w, https:\/\/medicina.udd.cl\/odontologia-santiago\/files\/2026\/08\/img_0323-1152x1536.jpg 1152w, https:\/\/medicina.udd.cl\/odontologia-santiago\/files\/2026\/08\/img_0323-1536x2048.jpg 1536w, https:\/\/medicina.udd.cl\/odontologia-santiago\/files\/2026\/08\/img_0323-scaled.jpg 1920w\" sizes=\"auto, (max-width: 768px) 100vw, 768px\" \/><\/a><\/figure>\n\n\n\n<figure class=\"wp-block-image size-large\"><a href=\"https:\/\/medicina.udd.cl\/odontologia-santiago\/files\/2026\/08\/img_0325-scaled.jpg\"><img loading=\"lazy\" decoding=\"async\" width=\"768\" height=\"1024\" data-id=\"9628\" src=\"https:\/\/medicina.udd.cl\/odontologia-santiago\/files\/2026\/08\/img_0325-768x1024.jpg\" alt=\"\" class=\"wp-image-9628\" srcset=\"https:\/\/medicina.udd.cl\/odontologia-santiago\/files\/2026\/08\/img_0325-768x1024.jpg 768w, https:\/\/medicina.udd.cl\/odontologia-santiago\/files\/2026\/08\/img_0325-225x300.jpg 225w, https:\/\/medicina.udd.cl\/odontologia-santiago\/files\/2026\/08\/img_0325-1152x1536.jpg 1152w, https:\/\/medicina.udd.cl\/odontologia-santiago\/files\/2026\/08\/img_0325-1536x2048.jpg 1536w, https:\/\/medicina.udd.cl\/odontologia-santiago\/files\/2026\/08\/img_0325-scaled.jpg 1920w\" sizes=\"auto, (max-width: 768px) 100vw, 768px\" \/><\/a><\/figure>\n\n\n\n<figure class=\"wp-block-image size-large\"><a href=\"https:\/\/medicina.udd.cl\/odontologia-santiago\/files\/2026\/08\/img_9913-scaled.jpg\"><img loading=\"lazy\" decoding=\"async\" width=\"768\" height=\"1024\" data-id=\"9634\" src=\"https:\/\/medicina.udd.cl\/odontologia-santiago\/files\/2026\/08\/img_9913-768x1024.jpg\" alt=\"\" class=\"wp-image-9634\" srcset=\"https:\/\/medicina.udd.cl\/odontologia-santiago\/files\/2026\/08\/img_9913-768x1024.jpg 768w, https:\/\/medicina.udd.cl\/odontologia-santiago\/files\/2026\/08\/img_9913-225x300.jpg 225w, https:\/\/medicina.udd.cl\/odontologia-santiago\/files\/2026\/08\/img_9913-1152x1536.jpg 1152w, https:\/\/medicina.udd.cl\/odontologia-santiago\/files\/2026\/08\/img_9913-1536x2048.jpg 1536w, https:\/\/medicina.udd.cl\/odontologia-santiago\/files\/2026\/08\/img_9913-scaled.jpg 1920w\" sizes=\"auto, (max-width: 768px) 100vw, 768px\" \/><\/a><\/figure>\n<\/figure>\n","protected":false},"excerpt":{"rendered":"<p>Con el prop\u00f3sito de acercar a la comunidad odontol\u00f3gica el enfoque formativo, la trayectoria acad\u00e9mica y el modelo cl\u00ednico del Post\u00edtulo de Especialidad Odontol\u00f3gica en Rehabilitaci\u00f3n Oral, Menci\u00f3n en Pr\u00f3tesis Dento e Implanto Asistidas de la Facultad de Medicina Cl\u00ednica Alemana Universidad del Desarrollo, se desarroll\u00f3 la jornada \u201cToma de Decisiones Cl\u00ednicas, Flujo Digital y [&hellip;]<\/p>\n","protected":false},"author":9192219,"featured_media":9630,"comment_status":"closed","ping_status":"open","sticky":false,"template":"","format":"standard","meta":{"footnotes":""},"categories":[4,9075],"tags":[],"class_list":["post-9646","post","type-post","status-publish","format-standard","has-post-thumbnail","hentry","category-noticias","category-postgrado"],"yoast_head":"<!-- This site is optimized with the Yoast SEO plugin v26.9 - https:\/\/yoast.com\/product\/yoast-seo-wordpress\/ -->\n<title>Jornada de Rehabilitaci\u00f3n Oral abord\u00f3 la toma de decisiones cl\u00ednicas, el flujo digital y los protocolos para carillas indirectas - Odontolog\u00eda<\/title>\n<meta name=\"robots\" content=\"index, follow, max-snippet:-1, max-image-preview:large, max-video-preview:-1\" \/>\n<link rel=\"canonical\" href=\"https:\/\/medicina.udd.cl\/odontologia-santiago\/noticias\/2026\/05\/18\/jornada-de-rehabilitacion-oral-abordo-la-toma-de-decisiones-clinicas-el-flujo-digital-y-los-protocolos-para-carillas-indirectas\/\" \/>\n<meta property=\"og:locale\" content=\"es_ES\" \/>\n<meta property=\"og:type\" content=\"article\" \/>\n<meta property=\"og:title\" content=\"Jornada de Rehabilitaci\u00f3n Oral abord\u00f3 la toma de decisiones cl\u00ednicas, el flujo digital y los protocolos para carillas indirectas - Odontolog\u00eda\" \/>\n<meta property=\"og:description\" content=\"Con el prop\u00f3sito de acercar a la comunidad odontol\u00f3gica el enfoque formativo, la trayectoria acad\u00e9mica y el modelo cl\u00ednico del Post\u00edtulo de Especialidad Odontol\u00f3gica en Rehabilitaci\u00f3n Oral, Menci\u00f3n en Pr\u00f3tesis Dento e Implanto Asistidas de la Facultad de Medicina Cl\u00ednica Alemana Universidad del Desarrollo, se desarroll\u00f3 la jornada \u201cToma de Decisiones Cl\u00ednicas, Flujo Digital y [&hellip;]\" \/>\n<meta property=\"og:url\" content=\"https:\/\/medicina.udd.cl\/odontologia-santiago\/noticias\/2026\/05\/18\/jornada-de-rehabilitacion-oral-abordo-la-toma-de-decisiones-clinicas-el-flujo-digital-y-los-protocolos-para-carillas-indirectas\/\" \/>\n<meta property=\"og:site_name\" content=\"Odontolog\u00eda\" \/>\n<meta property=\"article:published_time\" content=\"2026-05-18T19:57:37+00:00\" \/>\n<meta property=\"article:modified_time\" content=\"2026-08-09T20:08:49+00:00\" \/>\n<meta property=\"og:image\" content=\"https:\/\/medicina.udd.cl\/odontologia-santiago\/files\/2026\/08\/img_0333-scaled.jpg\" \/>\n\t<meta property=\"og:image:width\" content=\"1920\" \/>\n\t<meta property=\"og:image:height\" content=\"2560\" \/>\n\t<meta property=\"og:image:type\" content=\"image\/jpeg\" \/>\n<meta name=\"author\" content=\"rbraidy\" \/>\n<meta name=\"twitter:label1\" content=\"Escrito por\" \/>\n\t<meta name=\"twitter:data1\" content=\"rbraidy\" \/>\n\t<meta name=\"twitter:label2\" content=\"Tiempo de lectura\" \/>\n\t<meta name=\"twitter:data2\" content=\"7 minutos\" \/>\n<script type=\"application\/ld+json\" class=\"yoast-schema-graph\">{\"@context\":\"https:\/\/schema.org\",\"@graph\":[{\"@type\":\"Article\",\"@id\":\"https:\/\/medicina.udd.cl\/odontologia-santiago\/noticias\/2026\/05\/18\/jornada-de-rehabilitacion-oral-abordo-la-toma-de-decisiones-clinicas-el-flujo-digital-y-los-protocolos-para-carillas-indirectas\/#article\",\"isPartOf\":{\"@id\":\"https:\/\/medicina.udd.cl\/odontologia-santiago\/noticias\/2026\/05\/18\/jornada-de-rehabilitacion-oral-abordo-la-toma-de-decisiones-clinicas-el-flujo-digital-y-los-protocolos-para-carillas-indirectas\/\"},\"author\":{\"name\":\"rbraidy\",\"@id\":\"https:\/\/medicina.udd.cl\/odontologia-santiago\/#\/schema\/person\/dbc3705bf3a93e8be1ba6de0ef950341\"},\"headline\":\"Jornada de Rehabilitaci\u00f3n Oral abord\u00f3 la toma de decisiones cl\u00ednicas, el flujo digital y los protocolos para carillas indirectas\",\"datePublished\":\"2026-05-18T19:57:37+00:00\",\"dateModified\":\"2026-08-09T20:08:49+00:00\",\"mainEntityOfPage\":{\"@id\":\"https:\/\/medicina.udd.cl\/odontologia-santiago\/noticias\/2026\/05\/18\/jornada-de-rehabilitacion-oral-abordo-la-toma-de-decisiones-clinicas-el-flujo-digital-y-los-protocolos-para-carillas-indirectas\/\"},\"wordCount\":685,\"image\":{\"@id\":\"https:\/\/medicina.udd.cl\/odontologia-santiago\/noticias\/2026\/05\/18\/jornada-de-rehabilitacion-oral-abordo-la-toma-de-decisiones-clinicas-el-flujo-digital-y-los-protocolos-para-carillas-indirectas\/#primaryimage\"},\"thumbnailUrl\":\"https:\/\/medicina.udd.cl\/odontologia-santiago\/files\/2026\/08\/img_0333-scaled.jpg\",\"articleSection\":[\"Noticias\",\"Postgrado\"],\"inLanguage\":\"es\"},{\"@type\":\"WebPage\",\"@id\":\"https:\/\/medicina.udd.cl\/odontologia-santiago\/noticias\/2026\/05\/18\/jornada-de-rehabilitacion-oral-abordo-la-toma-de-decisiones-clinicas-el-flujo-digital-y-los-protocolos-para-carillas-indirectas\/\",\"url\":\"https:\/\/medicina.udd.cl\/odontologia-santiago\/noticias\/2026\/05\/18\/jornada-de-rehabilitacion-oral-abordo-la-toma-de-decisiones-clinicas-el-flujo-digital-y-los-protocolos-para-carillas-indirectas\/\",\"name\":\"Jornada de Rehabilitaci\u00f3n Oral abord\u00f3 la toma de decisiones cl\u00ednicas, el flujo digital y los protocolos para carillas indirectas - Odontolog\u00eda\",\"isPartOf\":{\"@id\":\"https:\/\/medicina.udd.cl\/odontologia-santiago\/#website\"},\"primaryImageOfPage\":{\"@id\":\"https:\/\/medicina.udd.cl\/odontologia-santiago\/noticias\/2026\/05\/18\/jornada-de-rehabilitacion-oral-abordo-la-toma-de-decisiones-clinicas-el-flujo-digital-y-los-protocolos-para-carillas-indirectas\/#primaryimage\"},\"image\":{\"@id\":\"https:\/\/medicina.udd.cl\/odontologia-santiago\/noticias\/2026\/05\/18\/jornada-de-rehabilitacion-oral-abordo-la-toma-de-decisiones-clinicas-el-flujo-digital-y-los-protocolos-para-carillas-indirectas\/#primaryimage\"},\"thumbnailUrl\":\"https:\/\/medicina.udd.cl\/odontologia-santiago\/files\/2026\/08\/img_0333-scaled.jpg\",\"datePublished\":\"2026-05-18T19:57:37+00:00\",\"dateModified\":\"2026-08-09T20:08:49+00:00\",\"author\":{\"@id\":\"https:\/\/medicina.udd.cl\/odontologia-santiago\/#\/schema\/person\/dbc3705bf3a93e8be1ba6de0ef950341\"},\"breadcrumb\":{\"@id\":\"https:\/\/medicina.udd.cl\/odontologia-santiago\/noticias\/2026\/05\/18\/jornada-de-rehabilitacion-oral-abordo-la-toma-de-decisiones-clinicas-el-flujo-digital-y-los-protocolos-para-carillas-indirectas\/#breadcrumb\"},\"inLanguage\":\"es\",\"potentialAction\":[{\"@type\":\"ReadAction\",\"target\":[\"https:\/\/medicina.udd.cl\/odontologia-santiago\/noticias\/2026\/05\/18\/jornada-de-rehabilitacion-oral-abordo-la-toma-de-decisiones-clinicas-el-flujo-digital-y-los-protocolos-para-carillas-indirectas\/\"]}]},{\"@type\":\"ImageObject\",\"inLanguage\":\"es\",\"@id\":\"https:\/\/medicina.udd.cl\/odontologia-santiago\/noticias\/2026\/05\/18\/jornada-de-rehabilitacion-oral-abordo-la-toma-de-decisiones-clinicas-el-flujo-digital-y-los-protocolos-para-carillas-indirectas\/#primaryimage\",\"url\":\"https:\/\/medicina.udd.cl\/odontologia-santiago\/files\/2026\/08\/img_0333-scaled.jpg\",\"contentUrl\":\"https:\/\/medicina.udd.cl\/odontologia-santiago\/files\/2026\/08\/img_0333-scaled.jpg\",\"width\":1920,\"height\":2560},{\"@type\":\"BreadcrumbList\",\"@id\":\"https:\/\/medicina.udd.cl\/odontologia-santiago\/noticias\/2026\/05\/18\/jornada-de-rehabilitacion-oral-abordo-la-toma-de-decisiones-clinicas-el-flujo-digital-y-los-protocolos-para-carillas-indirectas\/#breadcrumb\",\"itemListElement\":[{\"@type\":\"ListItem\",\"position\":1,\"name\":\"Home\",\"item\":\"https:\/\/medicina.udd.cl\/odontologia-santiago\/\"},{\"@type\":\"ListItem\",\"position\":2,\"name\":\"Jornada de Rehabilitaci\u00f3n Oral abord\u00f3 la toma de decisiones cl\u00ednicas, el flujo digital y los protocolos para carillas indirectas\"}]},{\"@type\":\"WebSite\",\"@id\":\"https:\/\/medicina.udd.cl\/odontologia-santiago\/#website\",\"url\":\"https:\/\/medicina.udd.cl\/odontologia-santiago\/\",\"name\":\"Odontolog\u00eda\",\"description\":\"Facultad de Medicina Cl\u00ednica Alemana Universidad del Desarrollo\",\"inLanguage\":\"es\"},{\"@type\":\"Person\",\"@id\":\"https:\/\/medicina.udd.cl\/odontologia-santiago\/#\/schema\/person\/dbc3705bf3a93e8be1ba6de0ef950341\",\"name\":\"rbraidy\",\"image\":{\"@type\":\"ImageObject\",\"inLanguage\":\"es\",\"@id\":\"https:\/\/medicina.udd.cl\/odontologia-santiago\/#\/schema\/person\/image\/\",\"url\":\"https:\/\/secure.gravatar.com\/avatar\/0f8bc94637401590e45d2ce17eb65c274cb8870a219de6177f3f23e63fd8cdf3?s=96&d=mm&r=g\",\"contentUrl\":\"https:\/\/secure.gravatar.com\/avatar\/0f8bc94637401590e45d2ce17eb65c274cb8870a219de6177f3f23e63fd8cdf3?s=96&d=mm&r=g\",\"caption\":\"rbraidy\"},\"url\":\"https:\/\/medicina.udd.cl\/odontologia-santiago\/noticias\/author\/rbraidy\/\"}]}<\/script>\n<!-- \/ Yoast SEO plugin. -->","yoast_head_json":{"title":"Jornada de Rehabilitaci\u00f3n Oral abord\u00f3 la toma de decisiones cl\u00ednicas, el flujo digital y los protocolos para carillas indirectas - Odontolog\u00eda","robots":{"index":"index","follow":"follow","max-snippet":"max-snippet:-1","max-image-preview":"max-image-preview:large","max-video-preview":"max-video-preview:-1"},"canonical":"https:\/\/medicina.udd.cl\/odontologia-santiago\/noticias\/2026\/05\/18\/jornada-de-rehabilitacion-oral-abordo-la-toma-de-decisiones-clinicas-el-flujo-digital-y-los-protocolos-para-carillas-indirectas\/","og_locale":"es_ES","og_type":"article","og_title":"Jornada de Rehabilitaci\u00f3n Oral abord\u00f3 la toma de decisiones cl\u00ednicas, el flujo digital y los protocolos para carillas indirectas - Odontolog\u00eda","og_description":"Con el prop\u00f3sito de acercar a la comunidad odontol\u00f3gica el enfoque formativo, la trayectoria acad\u00e9mica y el modelo cl\u00ednico del Post\u00edtulo de Especialidad Odontol\u00f3gica en Rehabilitaci\u00f3n Oral, Menci\u00f3n en Pr\u00f3tesis Dento e Implanto Asistidas de la Facultad de Medicina Cl\u00ednica Alemana Universidad del Desarrollo, se desarroll\u00f3 la jornada \u201cToma de Decisiones Cl\u00ednicas, Flujo Digital y [&hellip;]","og_url":"https:\/\/medicina.udd.cl\/odontologia-santiago\/noticias\/2026\/05\/18\/jornada-de-rehabilitacion-oral-abordo-la-toma-de-decisiones-clinicas-el-flujo-digital-y-los-protocolos-para-carillas-indirectas\/","og_site_name":"Odontolog\u00eda","article_published_time":"2026-05-18T19:57:37+00:00","article_modified_time":"2026-08-09T20:08:49+00:00","og_image":[{"width":1920,"height":2560,"url":"https:\/\/medicina.udd.cl\/odontologia-santiago\/files\/2026\/08\/img_0333-scaled.jpg","type":"image\/jpeg"}],"author":"rbraidy","twitter_misc":{"Escrito por":"rbraidy","Tiempo de lectura":"7 minutos"},"schema":{"@context":"https:\/\/schema.org","@graph":[{"@type":"Article","@id":"https:\/\/medicina.udd.cl\/odontologia-santiago\/noticias\/2026\/05\/18\/jornada-de-rehabilitacion-oral-abordo-la-toma-de-decisiones-clinicas-el-flujo-digital-y-los-protocolos-para-carillas-indirectas\/#article","isPartOf":{"@id":"https:\/\/medicina.udd.cl\/odontologia-santiago\/noticias\/2026\/05\/18\/jornada-de-rehabilitacion-oral-abordo-la-toma-de-decisiones-clinicas-el-flujo-digital-y-los-protocolos-para-carillas-indirectas\/"},"author":{"name":"rbraidy","@id":"https:\/\/medicina.udd.cl\/odontologia-santiago\/#\/schema\/person\/dbc3705bf3a93e8be1ba6de0ef950341"},"headline":"Jornada de Rehabilitaci\u00f3n Oral abord\u00f3 la toma de decisiones cl\u00ednicas, el flujo digital y los protocolos para carillas indirectas","datePublished":"2026-05-18T19:57:37+00:00","dateModified":"2026-08-09T20:08:49+00:00","mainEntityOfPage":{"@id":"https:\/\/medicina.udd.cl\/odontologia-santiago\/noticias\/2026\/05\/18\/jornada-de-rehabilitacion-oral-abordo-la-toma-de-decisiones-clinicas-el-flujo-digital-y-los-protocolos-para-carillas-indirectas\/"},"wordCount":685,"image":{"@id":"https:\/\/medicina.udd.cl\/odontologia-santiago\/noticias\/2026\/05\/18\/jornada-de-rehabilitacion-oral-abordo-la-toma-de-decisiones-clinicas-el-flujo-digital-y-los-protocolos-para-carillas-indirectas\/#primaryimage"},"thumbnailUrl":"https:\/\/medicina.udd.cl\/odontologia-santiago\/files\/2026\/08\/img_0333-scaled.jpg","articleSection":["Noticias","Postgrado"],"inLanguage":"es"},{"@type":"WebPage","@id":"https:\/\/medicina.udd.cl\/odontologia-santiago\/noticias\/2026\/05\/18\/jornada-de-rehabilitacion-oral-abordo-la-toma-de-decisiones-clinicas-el-flujo-digital-y-los-protocolos-para-carillas-indirectas\/","url":"https:\/\/medicina.udd.cl\/odontologia-santiago\/noticias\/2026\/05\/18\/jornada-de-rehabilitacion-oral-abordo-la-toma-de-decisiones-clinicas-el-flujo-digital-y-los-protocolos-para-carillas-indirectas\/","name":"Jornada de Rehabilitaci\u00f3n Oral abord\u00f3 la toma de decisiones cl\u00ednicas, el flujo digital y los protocolos para carillas indirectas - Odontolog\u00eda","isPartOf":{"@id":"https:\/\/medicina.udd.cl\/odontologia-santiago\/#website"},"primaryImageOfPage":{"@id":"https:\/\/medicina.udd.cl\/odontologia-santiago\/noticias\/2026\/05\/18\/jornada-de-rehabilitacion-oral-abordo-la-toma-de-decisiones-clinicas-el-flujo-digital-y-los-protocolos-para-carillas-indirectas\/#primaryimage"},"image":{"@id":"https:\/\/medicina.udd.cl\/odontologia-santiago\/noticias\/2026\/05\/18\/jornada-de-rehabilitacion-oral-abordo-la-toma-de-decisiones-clinicas-el-flujo-digital-y-los-protocolos-para-carillas-indirectas\/#primaryimage"},"thumbnailUrl":"https:\/\/medicina.udd.cl\/odontologia-santiago\/files\/2026\/08\/img_0333-scaled.jpg","datePublished":"2026-05-18T19:57:37+00:00","dateModified":"2026-08-09T20:08:49+00:00","author":{"@id":"https:\/\/medicina.udd.cl\/odontologia-santiago\/#\/schema\/person\/dbc3705bf3a93e8be1ba6de0ef950341"},"breadcrumb":{"@id":"https:\/\/medicina.udd.cl\/odontologia-santiago\/noticias\/2026\/05\/18\/jornada-de-rehabilitacion-oral-abordo-la-toma-de-decisiones-clinicas-el-flujo-digital-y-los-protocolos-para-carillas-indirectas\/#breadcrumb"},"inLanguage":"es","potentialAction":[{"@type":"ReadAction","target":["https:\/\/medicina.udd.cl\/odontologia-santiago\/noticias\/2026\/05\/18\/jornada-de-rehabilitacion-oral-abordo-la-toma-de-decisiones-clinicas-el-flujo-digital-y-los-protocolos-para-carillas-indirectas\/"]}]},{"@type":"ImageObject","inLanguage":"es","@id":"https:\/\/medicina.udd.cl\/odontologia-santiago\/noticias\/2026\/05\/18\/jornada-de-rehabilitacion-oral-abordo-la-toma-de-decisiones-clinicas-el-flujo-digital-y-los-protocolos-para-carillas-indirectas\/#primaryimage","url":"https:\/\/medicina.udd.cl\/odontologia-santiago\/files\/2026\/08\/img_0333-scaled.jpg","contentUrl":"https:\/\/medicina.udd.cl\/odontologia-santiago\/files\/2026\/08\/img_0333-scaled.jpg","width":1920,"height":2560},{"@type":"BreadcrumbList","@id":"https:\/\/medicina.udd.cl\/odontologia-santiago\/noticias\/2026\/05\/18\/jornada-de-rehabilitacion-oral-abordo-la-toma-de-decisiones-clinicas-el-flujo-digital-y-los-protocolos-para-carillas-indirectas\/#breadcrumb","itemListElement":[{"@type":"ListItem","position":1,"name":"Home","item":"https:\/\/medicina.udd.cl\/odontologia-santiago\/"},{"@type":"ListItem","position":2,"name":"Jornada de Rehabilitaci\u00f3n Oral abord\u00f3 la toma de decisiones cl\u00ednicas, el flujo digital y los protocolos para carillas indirectas"}]},{"@type":"WebSite","@id":"https:\/\/medicina.udd.cl\/odontologia-santiago\/#website","url":"https:\/\/medicina.udd.cl\/odontologia-santiago\/","name":"Odontolog\u00eda","description":"Facultad de Medicina Cl\u00ednica Alemana Universidad del Desarrollo","inLanguage":"es"},{"@type":"Person","@id":"https:\/\/medicina.udd.cl\/odontologia-santiago\/#\/schema\/person\/dbc3705bf3a93e8be1ba6de0ef950341","name":"rbraidy","image":{"@type":"ImageObject","inLanguage":"es","@id":"https:\/\/medicina.udd.cl\/odontologia-santiago\/#\/schema\/person\/image\/","url":"https:\/\/secure.gravatar.com\/avatar\/0f8bc94637401590e45d2ce17eb65c274cb8870a219de6177f3f23e63fd8cdf3?s=96&d=mm&r=g","contentUrl":"https:\/\/secure.gravatar.com\/avatar\/0f8bc94637401590e45d2ce17eb65c274cb8870a219de6177f3f23e63fd8cdf3?s=96&d=mm&r=g","caption":"rbraidy"},"url":"https:\/\/medicina.udd.cl\/odontologia-santiago\/noticias\/author\/rbraidy\/"}]}},"featured_image_url":"https:\/\/medicina.udd.cl\/odontologia-santiago\/files\/2026\/08\/img_0333-scaled.jpg","_links":{"self":[{"href":"https:\/\/medicina.udd.cl\/odontologia-santiago\/wp-json\/wp\/v2\/posts\/9646","targetHints":{"allow":["GET"]}}],"collection":[{"href":"https:\/\/medicina.udd.cl\/odontologia-santiago\/wp-json\/wp\/v2\/posts"}],"about":[{"href":"https:\/\/medicina.udd.cl\/odontologia-santiago\/wp-json\/wp\/v2\/types\/post"}],"author":[{"embeddable":true,"href":"https:\/\/medicina.udd.cl\/odontologia-santiago\/wp-json\/wp\/v2\/users\/9192219"}],"replies":[{"embeddable":true,"href":"https:\/\/medicina.udd.cl\/odontologia-santiago\/wp-json\/wp\/v2\/comments?post=9646"}],"version-history":[{"count":1,"href":"https:\/\/medicina.udd.cl\/odontologia-santiago\/wp-json\/wp\/v2\/posts\/9646\/revisions"}],"predecessor-version":[{"id":9647,"href":"https:\/\/medicina.udd.cl\/odontologia-santiago\/wp-json\/wp\/v2\/posts\/9646\/revisions\/9647"}],"wp:featuredmedia":[{"embeddable":true,"href":"https:\/\/medicina.udd.cl\/odontologia-santiago\/wp-json\/wp\/v2\/media\/9630"}],"wp:attachment":[{"href":"https:\/\/medicina.udd.cl\/odontologia-santiago\/wp-json\/wp\/v2\/media?parent=9646"}],"wp:term":[{"taxonomy":"category","embeddable":true,"href":"https:\/\/medicina.udd.cl\/odontologia-santiago\/wp-json\/wp\/v2\/categories?post=9646"},{"taxonomy":"post_tag","embeddable":true,"href":"https:\/\/medicina.udd.cl\/odontologia-santiago\/wp-json\/wp\/v2\/tags?post=9646"}],"curies":[{"name":"wp","href":"https:\/\/api.w.org\/{rel}","templated":true}]}}