{"id":9684,"date":"2026-04-20T12:38:08","date_gmt":"2026-04-20T16:38:08","guid":{"rendered":"https:\/\/medicina.udd.cl\/odontologia-santiago\/?p=9684"},"modified":"2026-08-10T12:48:28","modified_gmt":"2026-08-10T16:48:28","slug":"estudiantes-de-ortodoncia-udd-fortalecen-su-formacion-clinica-en-experiencia-academica-internacional-en-brasil","status":"publish","type":"post","link":"https:\/\/medicina.udd.cl\/odontologia-santiago\/noticias\/2026\/04\/20\/estudiantes-de-ortodoncia-udd-fortalecen-su-formacion-clinica-en-experiencia-academica-internacional-en-brasil\/","title":{"rendered":"Estudiantes de Ortodoncia UDD fortalecen su formaci\u00f3n cl\u00ednica en experiencia acad\u00e9mica internacional en Brasil"},"content":{"rendered":"\n<p><\/p>\n\n\n\n<figure class=\"wp-block-gallery has-nested-images columns-default is-cropped wp-block-gallery-1 is-layout-flex wp-block-gallery-is-layout-flex\">\n<figure class=\"wp-block-image size-large\"><a href=\"https:\/\/medicina.udd.cl\/odontologia-santiago\/files\/2026\/08\/odon-implanto-en-brasil-2026-6-scaled.jpg\"><img loading=\"lazy\" decoding=\"async\" width=\"1024\" height=\"473\" data-id=\"9680\" src=\"https:\/\/medicina.udd.cl\/odontologia-santiago\/files\/2026\/08\/odon-implanto-en-brasil-2026-6-1024x473.jpg\" alt=\"\" class=\"wp-image-9680\" srcset=\"https:\/\/medicina.udd.cl\/odontologia-santiago\/files\/2026\/08\/odon-implanto-en-brasil-2026-6-1024x473.jpg 1024w, https:\/\/medicina.udd.cl\/odontologia-santiago\/files\/2026\/08\/odon-implanto-en-brasil-2026-6-300x139.jpg 300w, https:\/\/medicina.udd.cl\/odontologia-santiago\/files\/2026\/08\/odon-implanto-en-brasil-2026-6-768x355.jpg 768w, https:\/\/medicina.udd.cl\/odontologia-santiago\/files\/2026\/08\/odon-implanto-en-brasil-2026-6-1536x710.jpg 1536w, https:\/\/medicina.udd.cl\/odontologia-santiago\/files\/2026\/08\/odon-implanto-en-brasil-2026-6-2048x946.jpg 2048w\" sizes=\"auto, (max-width: 1024px) 100vw, 1024px\" \/><\/a><\/figure>\n\n\n\n<figure class=\"wp-block-image size-large\"><a href=\"https:\/\/medicina.udd.cl\/odontologia-santiago\/files\/2026\/08\/odon-implanto-en-brasil-2026-5-scaled.jpg\"><img loading=\"lazy\" decoding=\"async\" width=\"768\" height=\"1024\" data-id=\"9679\" src=\"https:\/\/medicina.udd.cl\/odontologia-santiago\/files\/2026\/08\/odon-implanto-en-brasil-2026-5-768x1024.jpg\" alt=\"\" class=\"wp-image-9679\" srcset=\"https:\/\/medicina.udd.cl\/odontologia-santiago\/files\/2026\/08\/odon-implanto-en-brasil-2026-5-768x1024.jpg 768w, https:\/\/medicina.udd.cl\/odontologia-santiago\/files\/2026\/08\/odon-implanto-en-brasil-2026-5-225x300.jpg 225w, https:\/\/medicina.udd.cl\/odontologia-santiago\/files\/2026\/08\/odon-implanto-en-brasil-2026-5-1152x1536.jpg 1152w, https:\/\/medicina.udd.cl\/odontologia-santiago\/files\/2026\/08\/odon-implanto-en-brasil-2026-5-1536x2048.jpg 1536w, https:\/\/medicina.udd.cl\/odontologia-santiago\/files\/2026\/08\/odon-implanto-en-brasil-2026-5-scaled.jpg 1920w\" sizes=\"auto, (max-width: 768px) 100vw, 768px\" \/><\/a><\/figure>\n\n\n\n<figure class=\"wp-block-image size-large\"><a href=\"https:\/\/medicina.udd.cl\/odontologia-santiago\/files\/2026\/08\/odon-implanto-en-brasil-2026-4-scaled.jpg\"><img loading=\"lazy\" decoding=\"async\" width=\"768\" height=\"1024\" data-id=\"9678\" src=\"https:\/\/medicina.udd.cl\/odontologia-santiago\/files\/2026\/08\/odon-implanto-en-brasil-2026-4-768x1024.jpg\" alt=\"\" class=\"wp-image-9678\" srcset=\"https:\/\/medicina.udd.cl\/odontologia-santiago\/files\/2026\/08\/odon-implanto-en-brasil-2026-4-768x1024.jpg 768w, https:\/\/medicina.udd.cl\/odontologia-santiago\/files\/2026\/08\/odon-implanto-en-brasil-2026-4-225x300.jpg 225w, https:\/\/medicina.udd.cl\/odontologia-santiago\/files\/2026\/08\/odon-implanto-en-brasil-2026-4-1152x1536.jpg 1152w, https:\/\/medicina.udd.cl\/odontologia-santiago\/files\/2026\/08\/odon-implanto-en-brasil-2026-4-1536x2048.jpg 1536w, https:\/\/medicina.udd.cl\/odontologia-santiago\/files\/2026\/08\/odon-implanto-en-brasil-2026-4-scaled.jpg 1920w\" sizes=\"auto, (max-width: 768px) 100vw, 768px\" \/><\/a><\/figure>\n<\/figure>\n\n\n\n<p>Del 12 al 18 de abril, los 16 estudiantes del<strong> <a href=\"https:\/\/postgrados.udd.cl\/programas\/postitulo-de-especialidad-odontologica-en-ortodoncia-y-ortopedia-dentomaxilofacial-238801\/\" id=\"https:\/\/postgrados.udd.cl\/programas\/postitulo-de-especialidad-odontologica-en-ortodoncia-y-ortopedia-dentomaxilofacial-238801\/\">Post\u00edtulo de Especialidad Odontol\u00f3gica en Ortodoncia y Ortopedia Dentomaxilofacial<\/a> <\/strong>de la<strong> <a href=\"https:\/\/medicina.udd.cl\/\" id=\"https:\/\/medicina.udd.cl\/\">Facultad de Medicina Cl\u00ednica Alemana Universidad del Desarrollo (UDD)<\/a>, <\/strong>junto a la totalidad de su cuerpo docente, viajaron a Campinas, Brasil, para participar en una nueva versi\u00f3n del tradicional viaje acad\u00e9mico del programa.<\/p>\n\n\n\n<p>En esta oportunidad, la delegaci\u00f3n realiz\u00f3 un curso intensivo sobre alineadores invisibles, dictado por el destacado especialista internacional <strong><a href=\"https:\/\/eduardomacluf.com\/principal\" id=\"https:\/\/eduardomacluf.com\/principal\">Dr. Eduardo Macluf<\/a><\/strong>, instancia que permiti\u00f3 a los estudiantes profundizar en una de las \u00e1reas de mayor desarrollo e innovaci\u00f3n dentro de la ortodoncia contempor\u00e1nea.<\/p>\n\n\n\n<p>La tem\u00e1tica de esta experiencia acad\u00e9mica surgi\u00f3 a partir de los propios intereses e inquietudes planteados por los estudiantes, permitiendo as\u00ed vincular directamente sus necesidades formativas con las \u00faltimas tendencias y herramientas disponibles en la especialidad.<\/p>\n\n\n\n<h2 class=\"wp-block-heading\">Innovaci\u00f3n cl\u00ednica y aprendizaje pr\u00e1ctico<\/h2>\n\n\n\n<p>Durante cinco d\u00edas, el programa de capacitaci\u00f3n contempl\u00f3 una combinaci\u00f3n de contenidos te\u00f3ricos y un taller pr\u00e1ctico, enfocados en el <strong>dise\u00f1o, planificaci\u00f3n y biomec\u00e1nica de tratamientos con alineadores invisibles<\/strong>.<\/p>\n\n\n\n<p>A trav\u00e9s de esta metodolog\u00eda, los estudiantes tuvieron la oportunidad de actualizar y profundizar sus conocimientos sobre protocolos cl\u00ednicos de vanguardia, incorporando nuevas herramientas tecnol\u00f3gicas aplicadas al diagn\u00f3stico y planificaci\u00f3n de tratamientos.<\/p>\n\n\n\n<p>Asimismo, la experiencia pr\u00e1ctica permiti\u00f3 desarrollar destrezas avanzadas de planificaci\u00f3n bajo la tutor\u00eda directa del Dr. Macluf, reconocido por su trayectoria en esta \u00e1rea. A esto se sum\u00f3 el an\u00e1lisis y discusi\u00f3n de casos cl\u00ednicos complejos junto al cuerpo docente de la UDD, favoreciendo el intercambio de experiencias y el debate en torno a distintas alternativas terap\u00e9uticas.<\/p>\n\n\n\n<p>De esta manera, la actividad no solo aport\u00f3 nuevos conocimientos t\u00e9cnicos, sino que tambi\u00e9n permiti\u00f3 a los estudiantes integrar distintas perspectivas cl\u00ednicas y fortalecer su capacidad de toma de decisiones frente a casos de mayor complejidad.<\/p>\n\n\n\n<h2 class=\"wp-block-heading\">Un espacio para compartir y fortalecer la comunidad del programa<\/h2>\n\n\n\n<figure class=\"wp-block-image aligncenter size-large\"><a href=\"https:\/\/medicina.udd.cl\/odontologia-santiago\/files\/2026\/08\/odon-implanto-en-brasil-2026-3-scaled.jpg\"><img loading=\"lazy\" decoding=\"async\" width=\"1024\" height=\"768\" src=\"https:\/\/medicina.udd.cl\/odontologia-santiago\/files\/2026\/08\/odon-implanto-en-brasil-2026-3-1024x768.jpg\" alt=\"\" class=\"wp-image-9677\" srcset=\"https:\/\/medicina.udd.cl\/odontologia-santiago\/files\/2026\/08\/odon-implanto-en-brasil-2026-3-1024x768.jpg 1024w, https:\/\/medicina.udd.cl\/odontologia-santiago\/files\/2026\/08\/odon-implanto-en-brasil-2026-3-300x225.jpg 300w, https:\/\/medicina.udd.cl\/odontologia-santiago\/files\/2026\/08\/odon-implanto-en-brasil-2026-3-768x576.jpg 768w, https:\/\/medicina.udd.cl\/odontologia-santiago\/files\/2026\/08\/odon-implanto-en-brasil-2026-3-1536x1152.jpg 1536w, https:\/\/medicina.udd.cl\/odontologia-santiago\/files\/2026\/08\/odon-implanto-en-brasil-2026-3-2048x1536.jpg 2048w\" sizes=\"auto, (max-width: 1024px) 100vw, 1024px\" \/><\/a><\/figure>\n\n\n\n<p>La experiencia en Campinas tambi\u00e9n contempl\u00f3 importantes espacios de convivencia entre estudiantes y profesores. Luego de las jornadas acad\u00e9micas, la delegaci\u00f3n tuvo instancias de esparcimiento que contribuyeron a fortalecer los v\u00ednculos y el sentido de comunidad que caracteriza al programa.<\/p>\n\n\n\n<p>Uno de los momentos destacados de la estad\u00eda fue el <strong>torneo de Beach Tennis<\/strong>, organizado especialmente por el <strong>Dr. Eduardo Macluf<\/strong> y su familia. La actividad permiti\u00f3 compartir en un ambiente distendido y reflej\u00f3, adem\u00e1s, la c\u00e1lida recepci\u00f3n que tuvo la delegaci\u00f3n durante su visita a Brasil.<\/p>\n\n\n\n<p>Este tipo de instancias complementa la formaci\u00f3n acad\u00e9mica y cl\u00ednica, generando oportunidades para fortalecer la camarader\u00eda y el trabajo en equipo entre estudiantes y docentes.<\/p>\n\n\n\n<p>El viaje acad\u00e9mico a Campinas constituye as\u00ed una nueva experiencia internacional que reafirma el compromiso del <strong><a href=\"https:\/\/postgrados.udd.cl\/programas\/postitulo-de-especialidad-odontologica-en-ortodoncia-y-ortopedia-dentomaxilofacial-238801\/\" id=\"https:\/\/postgrados.udd.cl\/programas\/postitulo-de-especialidad-odontologica-en-ortodoncia-y-ortopedia-dentomaxilofacial-238801\/\">Post\u00edtulo de Especialidad Odontol\u00f3gica en Ortodoncia y Ortopedia Dentomaxilofacial UDD<\/a><\/strong> con una formaci\u00f3n de excelencia, conectada con los avances de la especialidad y orientada al aprendizaje continuo.<\/p>\n\n\n\n<p>A trav\u00e9s de estas experiencias, el programa busca que sus estudiantes no solo incorporen herramientas y conocimientos cl\u00ednicos de vanguardia, sino que tambi\u00e9n desarrollen una mirada integral de su profesi\u00f3n, fortaleciendo el intercambio acad\u00e9mico, la colaboraci\u00f3n y los v\u00ednculos que acompa\u00f1an su formaci\u00f3n como especialistas.<\/p>\n\n\n\n<figure class=\"wp-block-gallery has-nested-images columns-default is-cropped wp-block-gallery-2 is-layout-flex wp-block-gallery-is-layout-flex\">\n<figure class=\"wp-block-image size-large\"><a href=\"https:\/\/medicina.udd.cl\/odontologia-santiago\/files\/2026\/08\/odon-implanto-en-brasil-2026-7.jpg\"><img loading=\"lazy\" decoding=\"async\" width=\"768\" height=\"1024\" data-id=\"9681\" src=\"https:\/\/medicina.udd.cl\/odontologia-santiago\/files\/2026\/08\/odon-implanto-en-brasil-2026-7-768x1024.jpg\" alt=\"\" class=\"wp-image-9681\" srcset=\"https:\/\/medicina.udd.cl\/odontologia-santiago\/files\/2026\/08\/odon-implanto-en-brasil-2026-7-768x1024.jpg 768w, https:\/\/medicina.udd.cl\/odontologia-santiago\/files\/2026\/08\/odon-implanto-en-brasil-2026-7-225x300.jpg 225w, https:\/\/medicina.udd.cl\/odontologia-santiago\/files\/2026\/08\/odon-implanto-en-brasil-2026-7-1152x1536.jpg 1152w, https:\/\/medicina.udd.cl\/odontologia-santiago\/files\/2026\/08\/odon-implanto-en-brasil-2026-7.jpg 1200w\" sizes=\"auto, (max-width: 768px) 100vw, 768px\" \/><\/a><\/figure>\n\n\n\n<figure class=\"wp-block-image size-large\"><a href=\"https:\/\/medicina.udd.cl\/odontologia-santiago\/files\/2026\/08\/odon-implanto-en-brasil-2026-1-scaled.jpg\"><img loading=\"lazy\" decoding=\"async\" width=\"768\" height=\"1024\" data-id=\"9675\" src=\"https:\/\/medicina.udd.cl\/odontologia-santiago\/files\/2026\/08\/odon-implanto-en-brasil-2026-1-768x1024.jpg\" alt=\"\" class=\"wp-image-9675\" srcset=\"https:\/\/medicina.udd.cl\/odontologia-santiago\/files\/2026\/08\/odon-implanto-en-brasil-2026-1-768x1024.jpg 768w, https:\/\/medicina.udd.cl\/odontologia-santiago\/files\/2026\/08\/odon-implanto-en-brasil-2026-1-225x300.jpg 225w, https:\/\/medicina.udd.cl\/odontologia-santiago\/files\/2026\/08\/odon-implanto-en-brasil-2026-1-1152x1536.jpg 1152w, https:\/\/medicina.udd.cl\/odontologia-santiago\/files\/2026\/08\/odon-implanto-en-brasil-2026-1-1536x2048.jpg 1536w, https:\/\/medicina.udd.cl\/odontologia-santiago\/files\/2026\/08\/odon-implanto-en-brasil-2026-1-scaled.jpg 1920w\" sizes=\"auto, (max-width: 768px) 100vw, 768px\" \/><\/a><\/figure>\n\n\n\n<figure class=\"wp-block-image size-large\"><a href=\"https:\/\/medicina.udd.cl\/odontologia-santiago\/files\/2026\/08\/odon-implanto-en-brasil-2026-9.jpg\"><img loading=\"lazy\" decoding=\"async\" width=\"768\" height=\"1024\" data-id=\"9683\" src=\"https:\/\/medicina.udd.cl\/odontologia-santiago\/files\/2026\/08\/odon-implanto-en-brasil-2026-9-768x1024.jpg\" alt=\"\" class=\"wp-image-9683\" srcset=\"https:\/\/medicina.udd.cl\/odontologia-santiago\/files\/2026\/08\/odon-implanto-en-brasil-2026-9-768x1024.jpg 768w, https:\/\/medicina.udd.cl\/odontologia-santiago\/files\/2026\/08\/odon-implanto-en-brasil-2026-9-225x300.jpg 225w, https:\/\/medicina.udd.cl\/odontologia-santiago\/files\/2026\/08\/odon-implanto-en-brasil-2026-9-1152x1536.jpg 1152w, https:\/\/medicina.udd.cl\/odontologia-santiago\/files\/2026\/08\/odon-implanto-en-brasil-2026-9.jpg 1200w\" sizes=\"auto, (max-width: 768px) 100vw, 768px\" \/><\/a><\/figure>\n\n\n\n<figure class=\"wp-block-image size-large\"><a href=\"https:\/\/medicina.udd.cl\/odontologia-santiago\/files\/2026\/08\/odon-implanto-en-brasil-2026-2-scaled.jpg\"><img loading=\"lazy\" decoding=\"async\" width=\"1024\" height=\"768\" data-id=\"9676\" src=\"https:\/\/medicina.udd.cl\/odontologia-santiago\/files\/2026\/08\/odon-implanto-en-brasil-2026-2-1024x768.jpg\" alt=\"\" class=\"wp-image-9676\" srcset=\"https:\/\/medicina.udd.cl\/odontologia-santiago\/files\/2026\/08\/odon-implanto-en-brasil-2026-2-1024x768.jpg 1024w, https:\/\/medicina.udd.cl\/odontologia-santiago\/files\/2026\/08\/odon-implanto-en-brasil-2026-2-300x225.jpg 300w, https:\/\/medicina.udd.cl\/odontologia-santiago\/files\/2026\/08\/odon-implanto-en-brasil-2026-2-768x576.jpg 768w, https:\/\/medicina.udd.cl\/odontologia-santiago\/files\/2026\/08\/odon-implanto-en-brasil-2026-2-1536x1152.jpg 1536w, https:\/\/medicina.udd.cl\/odontologia-santiago\/files\/2026\/08\/odon-implanto-en-brasil-2026-2-2048x1536.jpg 2048w\" sizes=\"auto, (max-width: 1024px) 100vw, 1024px\" \/><\/a><\/figure>\n\n\n\n<figure class=\"wp-block-image size-large\"><a href=\"https:\/\/medicina.udd.cl\/odontologia-santiago\/files\/2026\/08\/odon-implanto-en-brasil-2026-8.jpg\"><img loading=\"lazy\" decoding=\"async\" width=\"768\" height=\"1024\" data-id=\"9682\" src=\"https:\/\/medicina.udd.cl\/odontologia-santiago\/files\/2026\/08\/odon-implanto-en-brasil-2026-8-768x1024.jpg\" alt=\"\" class=\"wp-image-9682\" srcset=\"https:\/\/medicina.udd.cl\/odontologia-santiago\/files\/2026\/08\/odon-implanto-en-brasil-2026-8-768x1024.jpg 768w, https:\/\/medicina.udd.cl\/odontologia-santiago\/files\/2026\/08\/odon-implanto-en-brasil-2026-8-225x300.jpg 225w, https:\/\/medicina.udd.cl\/odontologia-santiago\/files\/2026\/08\/odon-implanto-en-brasil-2026-8-1152x1536.jpg 1152w, https:\/\/medicina.udd.cl\/odontologia-santiago\/files\/2026\/08\/odon-implanto-en-brasil-2026-8.jpg 1200w\" sizes=\"auto, (max-width: 768px) 100vw, 768px\" \/><\/a><\/figure>\n<\/figure>\n","protected":false},"excerpt":{"rendered":"<p>Del 12 al 18 de abril, los 16 estudiantes del Post\u00edtulo de Especialidad Odontol\u00f3gica en Ortodoncia y Ortopedia Dentomaxilofacial de la Facultad de Medicina Cl\u00ednica Alemana Universidad del Desarrollo (UDD), junto a la totalidad de su cuerpo docente, viajaron a Campinas, Brasil, para participar en una nueva versi\u00f3n del tradicional viaje acad\u00e9mico del programa. En [&hellip;]<\/p>\n","protected":false},"author":9192219,"featured_media":9680,"comment_status":"closed","ping_status":"open","sticky":false,"template":"","format":"standard","meta":{"footnotes":""},"categories":[4,9075],"tags":[],"class_list":["post-9684","post","type-post","status-publish","format-standard","has-post-thumbnail","hentry","category-noticias","category-postgrado"],"yoast_head":"<!-- This site is optimized with the Yoast SEO plugin v26.9 - https:\/\/yoast.com\/product\/yoast-seo-wordpress\/ -->\n<title>Estudiantes de Ortodoncia UDD fortalecen su formaci\u00f3n cl\u00ednica en experiencia acad\u00e9mica internacional en Brasil - Odontolog\u00eda<\/title>\n<meta name=\"robots\" content=\"index, follow, max-snippet:-1, max-image-preview:large, max-video-preview:-1\" \/>\n<link rel=\"canonical\" href=\"https:\/\/medicina.udd.cl\/odontologia-santiago\/noticias\/2026\/04\/20\/estudiantes-de-ortodoncia-udd-fortalecen-su-formacion-clinica-en-experiencia-academica-internacional-en-brasil\/\" \/>\n<meta property=\"og:locale\" content=\"es_ES\" \/>\n<meta property=\"og:type\" content=\"article\" \/>\n<meta property=\"og:title\" content=\"Estudiantes de Ortodoncia UDD fortalecen su formaci\u00f3n cl\u00ednica en experiencia acad\u00e9mica internacional en Brasil - Odontolog\u00eda\" \/>\n<meta property=\"og:description\" content=\"Del 12 al 18 de abril, los 16 estudiantes del Post\u00edtulo de Especialidad Odontol\u00f3gica en Ortodoncia y Ortopedia Dentomaxilofacial de la Facultad de Medicina Cl\u00ednica Alemana Universidad del Desarrollo (UDD), junto a la totalidad de su cuerpo docente, viajaron a Campinas, Brasil, para participar en una nueva versi\u00f3n del tradicional viaje acad\u00e9mico del programa. En [&hellip;]\" \/>\n<meta property=\"og:url\" content=\"https:\/\/medicina.udd.cl\/odontologia-santiago\/noticias\/2026\/04\/20\/estudiantes-de-ortodoncia-udd-fortalecen-su-formacion-clinica-en-experiencia-academica-internacional-en-brasil\/\" \/>\n<meta property=\"og:site_name\" content=\"Odontolog\u00eda\" \/>\n<meta property=\"article:published_time\" content=\"2026-04-20T16:38:08+00:00\" \/>\n<meta property=\"article:modified_time\" content=\"2026-08-10T16:48:28+00:00\" \/>\n<meta property=\"og:image\" content=\"https:\/\/medicina.udd.cl\/odontologia-santiago\/files\/2026\/08\/odon-implanto-en-brasil-2026-6-scaled.jpg\" \/>\n\t<meta property=\"og:image:width\" content=\"2560\" \/>\n\t<meta property=\"og:image:height\" content=\"1183\" \/>\n\t<meta property=\"og:image:type\" content=\"image\/jpeg\" \/>\n<meta name=\"author\" content=\"rbraidy\" \/>\n<meta name=\"twitter:label1\" content=\"Escrito por\" \/>\n\t<meta name=\"twitter:data1\" content=\"rbraidy\" \/>\n\t<meta name=\"twitter:label2\" content=\"Tiempo de lectura\" \/>\n\t<meta name=\"twitter:data2\" content=\"5 minutos\" \/>\n<script type=\"application\/ld+json\" class=\"yoast-schema-graph\">{\"@context\":\"https:\/\/schema.org\",\"@graph\":[{\"@type\":\"Article\",\"@id\":\"https:\/\/medicina.udd.cl\/odontologia-santiago\/noticias\/2026\/04\/20\/estudiantes-de-ortodoncia-udd-fortalecen-su-formacion-clinica-en-experiencia-academica-internacional-en-brasil\/#article\",\"isPartOf\":{\"@id\":\"https:\/\/medicina.udd.cl\/odontologia-santiago\/noticias\/2026\/04\/20\/estudiantes-de-ortodoncia-udd-fortalecen-su-formacion-clinica-en-experiencia-academica-internacional-en-brasil\/\"},\"author\":{\"name\":\"rbraidy\",\"@id\":\"https:\/\/medicina.udd.cl\/odontologia-santiago\/#\/schema\/person\/dbc3705bf3a93e8be1ba6de0ef950341\"},\"headline\":\"Estudiantes de Ortodoncia UDD fortalecen su formaci\u00f3n cl\u00ednica en experiencia acad\u00e9mica internacional en Brasil\",\"datePublished\":\"2026-04-20T16:38:08+00:00\",\"dateModified\":\"2026-08-10T16:48:28+00:00\",\"mainEntityOfPage\":{\"@id\":\"https:\/\/medicina.udd.cl\/odontologia-santiago\/noticias\/2026\/04\/20\/estudiantes-de-ortodoncia-udd-fortalecen-su-formacion-clinica-en-experiencia-academica-internacional-en-brasil\/\"},\"wordCount\":579,\"image\":{\"@id\":\"https:\/\/medicina.udd.cl\/odontologia-santiago\/noticias\/2026\/04\/20\/estudiantes-de-ortodoncia-udd-fortalecen-su-formacion-clinica-en-experiencia-academica-internacional-en-brasil\/#primaryimage\"},\"thumbnailUrl\":\"https:\/\/medicina.udd.cl\/odontologia-santiago\/files\/2026\/08\/odon-implanto-en-brasil-2026-6-scaled.jpg\",\"articleSection\":[\"Noticias\",\"Postgrado\"],\"inLanguage\":\"es\"},{\"@type\":\"WebPage\",\"@id\":\"https:\/\/medicina.udd.cl\/odontologia-santiago\/noticias\/2026\/04\/20\/estudiantes-de-ortodoncia-udd-fortalecen-su-formacion-clinica-en-experiencia-academica-internacional-en-brasil\/\",\"url\":\"https:\/\/medicina.udd.cl\/odontologia-santiago\/noticias\/2026\/04\/20\/estudiantes-de-ortodoncia-udd-fortalecen-su-formacion-clinica-en-experiencia-academica-internacional-en-brasil\/\",\"name\":\"Estudiantes de Ortodoncia UDD fortalecen su formaci\u00f3n cl\u00ednica en experiencia acad\u00e9mica internacional en Brasil - Odontolog\u00eda\",\"isPartOf\":{\"@id\":\"https:\/\/medicina.udd.cl\/odontologia-santiago\/#website\"},\"primaryImageOfPage\":{\"@id\":\"https:\/\/medicina.udd.cl\/odontologia-santiago\/noticias\/2026\/04\/20\/estudiantes-de-ortodoncia-udd-fortalecen-su-formacion-clinica-en-experiencia-academica-internacional-en-brasil\/#primaryimage\"},\"image\":{\"@id\":\"https:\/\/medicina.udd.cl\/odontologia-santiago\/noticias\/2026\/04\/20\/estudiantes-de-ortodoncia-udd-fortalecen-su-formacion-clinica-en-experiencia-academica-internacional-en-brasil\/#primaryimage\"},\"thumbnailUrl\":\"https:\/\/medicina.udd.cl\/odontologia-santiago\/files\/2026\/08\/odon-implanto-en-brasil-2026-6-scaled.jpg\",\"datePublished\":\"2026-04-20T16:38:08+00:00\",\"dateModified\":\"2026-08-10T16:48:28+00:00\",\"author\":{\"@id\":\"https:\/\/medicina.udd.cl\/odontologia-santiago\/#\/schema\/person\/dbc3705bf3a93e8be1ba6de0ef950341\"},\"breadcrumb\":{\"@id\":\"https:\/\/medicina.udd.cl\/odontologia-santiago\/noticias\/2026\/04\/20\/estudiantes-de-ortodoncia-udd-fortalecen-su-formacion-clinica-en-experiencia-academica-internacional-en-brasil\/#breadcrumb\"},\"inLanguage\":\"es\",\"potentialAction\":[{\"@type\":\"ReadAction\",\"target\":[\"https:\/\/medicina.udd.cl\/odontologia-santiago\/noticias\/2026\/04\/20\/estudiantes-de-ortodoncia-udd-fortalecen-su-formacion-clinica-en-experiencia-academica-internacional-en-brasil\/\"]}]},{\"@type\":\"ImageObject\",\"inLanguage\":\"es\",\"@id\":\"https:\/\/medicina.udd.cl\/odontologia-santiago\/noticias\/2026\/04\/20\/estudiantes-de-ortodoncia-udd-fortalecen-su-formacion-clinica-en-experiencia-academica-internacional-en-brasil\/#primaryimage\",\"url\":\"https:\/\/medicina.udd.cl\/odontologia-santiago\/files\/2026\/08\/odon-implanto-en-brasil-2026-6-scaled.jpg\",\"contentUrl\":\"https:\/\/medicina.udd.cl\/odontologia-santiago\/files\/2026\/08\/odon-implanto-en-brasil-2026-6-scaled.jpg\",\"width\":2560,\"height\":1183},{\"@type\":\"BreadcrumbList\",\"@id\":\"https:\/\/medicina.udd.cl\/odontologia-santiago\/noticias\/2026\/04\/20\/estudiantes-de-ortodoncia-udd-fortalecen-su-formacion-clinica-en-experiencia-academica-internacional-en-brasil\/#breadcrumb\",\"itemListElement\":[{\"@type\":\"ListItem\",\"position\":1,\"name\":\"Home\",\"item\":\"https:\/\/medicina.udd.cl\/odontologia-santiago\/\"},{\"@type\":\"ListItem\",\"position\":2,\"name\":\"Estudiantes de Ortodoncia UDD fortalecen su formaci\u00f3n cl\u00ednica en experiencia acad\u00e9mica internacional en Brasil\"}]},{\"@type\":\"WebSite\",\"@id\":\"https:\/\/medicina.udd.cl\/odontologia-santiago\/#website\",\"url\":\"https:\/\/medicina.udd.cl\/odontologia-santiago\/\",\"name\":\"Odontolog\u00eda\",\"description\":\"Facultad de Medicina Cl\u00ednica Alemana Universidad del Desarrollo\",\"inLanguage\":\"es\"},{\"@type\":\"Person\",\"@id\":\"https:\/\/medicina.udd.cl\/odontologia-santiago\/#\/schema\/person\/dbc3705bf3a93e8be1ba6de0ef950341\",\"name\":\"rbraidy\",\"image\":{\"@type\":\"ImageObject\",\"inLanguage\":\"es\",\"@id\":\"https:\/\/medicina.udd.cl\/odontologia-santiago\/#\/schema\/person\/image\/\",\"url\":\"https:\/\/secure.gravatar.com\/avatar\/0f8bc94637401590e45d2ce17eb65c274cb8870a219de6177f3f23e63fd8cdf3?s=96&d=mm&r=g\",\"contentUrl\":\"https:\/\/secure.gravatar.com\/avatar\/0f8bc94637401590e45d2ce17eb65c274cb8870a219de6177f3f23e63fd8cdf3?s=96&d=mm&r=g\",\"caption\":\"rbraidy\"},\"url\":\"https:\/\/medicina.udd.cl\/odontologia-santiago\/noticias\/author\/rbraidy\/\"}]}<\/script>\n<!-- \/ Yoast SEO plugin. -->","yoast_head_json":{"title":"Estudiantes de Ortodoncia UDD fortalecen su formaci\u00f3n cl\u00ednica en experiencia acad\u00e9mica internacional en Brasil - Odontolog\u00eda","robots":{"index":"index","follow":"follow","max-snippet":"max-snippet:-1","max-image-preview":"max-image-preview:large","max-video-preview":"max-video-preview:-1"},"canonical":"https:\/\/medicina.udd.cl\/odontologia-santiago\/noticias\/2026\/04\/20\/estudiantes-de-ortodoncia-udd-fortalecen-su-formacion-clinica-en-experiencia-academica-internacional-en-brasil\/","og_locale":"es_ES","og_type":"article","og_title":"Estudiantes de Ortodoncia UDD fortalecen su formaci\u00f3n cl\u00ednica en experiencia acad\u00e9mica internacional en Brasil - Odontolog\u00eda","og_description":"Del 12 al 18 de abril, los 16 estudiantes del Post\u00edtulo de Especialidad Odontol\u00f3gica en Ortodoncia y Ortopedia Dentomaxilofacial de la Facultad de Medicina Cl\u00ednica Alemana Universidad del Desarrollo (UDD), junto a la totalidad de su cuerpo docente, viajaron a Campinas, Brasil, para participar en una nueva versi\u00f3n del tradicional viaje acad\u00e9mico del programa. En [&hellip;]","og_url":"https:\/\/medicina.udd.cl\/odontologia-santiago\/noticias\/2026\/04\/20\/estudiantes-de-ortodoncia-udd-fortalecen-su-formacion-clinica-en-experiencia-academica-internacional-en-brasil\/","og_site_name":"Odontolog\u00eda","article_published_time":"2026-04-20T16:38:08+00:00","article_modified_time":"2026-08-10T16:48:28+00:00","og_image":[{"width":2560,"height":1183,"url":"https:\/\/medicina.udd.cl\/odontologia-santiago\/files\/2026\/08\/odon-implanto-en-brasil-2026-6-scaled.jpg","type":"image\/jpeg"}],"author":"rbraidy","twitter_misc":{"Escrito por":"rbraidy","Tiempo de lectura":"5 minutos"},"schema":{"@context":"https:\/\/schema.org","@graph":[{"@type":"Article","@id":"https:\/\/medicina.udd.cl\/odontologia-santiago\/noticias\/2026\/04\/20\/estudiantes-de-ortodoncia-udd-fortalecen-su-formacion-clinica-en-experiencia-academica-internacional-en-brasil\/#article","isPartOf":{"@id":"https:\/\/medicina.udd.cl\/odontologia-santiago\/noticias\/2026\/04\/20\/estudiantes-de-ortodoncia-udd-fortalecen-su-formacion-clinica-en-experiencia-academica-internacional-en-brasil\/"},"author":{"name":"rbraidy","@id":"https:\/\/medicina.udd.cl\/odontologia-santiago\/#\/schema\/person\/dbc3705bf3a93e8be1ba6de0ef950341"},"headline":"Estudiantes de Ortodoncia UDD fortalecen su formaci\u00f3n cl\u00ednica en experiencia acad\u00e9mica internacional en Brasil","datePublished":"2026-04-20T16:38:08+00:00","dateModified":"2026-08-10T16:48:28+00:00","mainEntityOfPage":{"@id":"https:\/\/medicina.udd.cl\/odontologia-santiago\/noticias\/2026\/04\/20\/estudiantes-de-ortodoncia-udd-fortalecen-su-formacion-clinica-en-experiencia-academica-internacional-en-brasil\/"},"wordCount":579,"image":{"@id":"https:\/\/medicina.udd.cl\/odontologia-santiago\/noticias\/2026\/04\/20\/estudiantes-de-ortodoncia-udd-fortalecen-su-formacion-clinica-en-experiencia-academica-internacional-en-brasil\/#primaryimage"},"thumbnailUrl":"https:\/\/medicina.udd.cl\/odontologia-santiago\/files\/2026\/08\/odon-implanto-en-brasil-2026-6-scaled.jpg","articleSection":["Noticias","Postgrado"],"inLanguage":"es"},{"@type":"WebPage","@id":"https:\/\/medicina.udd.cl\/odontologia-santiago\/noticias\/2026\/04\/20\/estudiantes-de-ortodoncia-udd-fortalecen-su-formacion-clinica-en-experiencia-academica-internacional-en-brasil\/","url":"https:\/\/medicina.udd.cl\/odontologia-santiago\/noticias\/2026\/04\/20\/estudiantes-de-ortodoncia-udd-fortalecen-su-formacion-clinica-en-experiencia-academica-internacional-en-brasil\/","name":"Estudiantes de Ortodoncia UDD fortalecen su formaci\u00f3n cl\u00ednica en experiencia acad\u00e9mica internacional en Brasil - Odontolog\u00eda","isPartOf":{"@id":"https:\/\/medicina.udd.cl\/odontologia-santiago\/#website"},"primaryImageOfPage":{"@id":"https:\/\/medicina.udd.cl\/odontologia-santiago\/noticias\/2026\/04\/20\/estudiantes-de-ortodoncia-udd-fortalecen-su-formacion-clinica-en-experiencia-academica-internacional-en-brasil\/#primaryimage"},"image":{"@id":"https:\/\/medicina.udd.cl\/odontologia-santiago\/noticias\/2026\/04\/20\/estudiantes-de-ortodoncia-udd-fortalecen-su-formacion-clinica-en-experiencia-academica-internacional-en-brasil\/#primaryimage"},"thumbnailUrl":"https:\/\/medicina.udd.cl\/odontologia-santiago\/files\/2026\/08\/odon-implanto-en-brasil-2026-6-scaled.jpg","datePublished":"2026-04-20T16:38:08+00:00","dateModified":"2026-08-10T16:48:28+00:00","author":{"@id":"https:\/\/medicina.udd.cl\/odontologia-santiago\/#\/schema\/person\/dbc3705bf3a93e8be1ba6de0ef950341"},"breadcrumb":{"@id":"https:\/\/medicina.udd.cl\/odontologia-santiago\/noticias\/2026\/04\/20\/estudiantes-de-ortodoncia-udd-fortalecen-su-formacion-clinica-en-experiencia-academica-internacional-en-brasil\/#breadcrumb"},"inLanguage":"es","potentialAction":[{"@type":"ReadAction","target":["https:\/\/medicina.udd.cl\/odontologia-santiago\/noticias\/2026\/04\/20\/estudiantes-de-ortodoncia-udd-fortalecen-su-formacion-clinica-en-experiencia-academica-internacional-en-brasil\/"]}]},{"@type":"ImageObject","inLanguage":"es","@id":"https:\/\/medicina.udd.cl\/odontologia-santiago\/noticias\/2026\/04\/20\/estudiantes-de-ortodoncia-udd-fortalecen-su-formacion-clinica-en-experiencia-academica-internacional-en-brasil\/#primaryimage","url":"https:\/\/medicina.udd.cl\/odontologia-santiago\/files\/2026\/08\/odon-implanto-en-brasil-2026-6-scaled.jpg","contentUrl":"https:\/\/medicina.udd.cl\/odontologia-santiago\/files\/2026\/08\/odon-implanto-en-brasil-2026-6-scaled.jpg","width":2560,"height":1183},{"@type":"BreadcrumbList","@id":"https:\/\/medicina.udd.cl\/odontologia-santiago\/noticias\/2026\/04\/20\/estudiantes-de-ortodoncia-udd-fortalecen-su-formacion-clinica-en-experiencia-academica-internacional-en-brasil\/#breadcrumb","itemListElement":[{"@type":"ListItem","position":1,"name":"Home","item":"https:\/\/medicina.udd.cl\/odontologia-santiago\/"},{"@type":"ListItem","position":2,"name":"Estudiantes de Ortodoncia UDD fortalecen su formaci\u00f3n cl\u00ednica en experiencia acad\u00e9mica internacional en Brasil"}]},{"@type":"WebSite","@id":"https:\/\/medicina.udd.cl\/odontologia-santiago\/#website","url":"https:\/\/medicina.udd.cl\/odontologia-santiago\/","name":"Odontolog\u00eda","description":"Facultad de Medicina Cl\u00ednica Alemana Universidad del Desarrollo","inLanguage":"es"},{"@type":"Person","@id":"https:\/\/medicina.udd.cl\/odontologia-santiago\/#\/schema\/person\/dbc3705bf3a93e8be1ba6de0ef950341","name":"rbraidy","image":{"@type":"ImageObject","inLanguage":"es","@id":"https:\/\/medicina.udd.cl\/odontologia-santiago\/#\/schema\/person\/image\/","url":"https:\/\/secure.gravatar.com\/avatar\/0f8bc94637401590e45d2ce17eb65c274cb8870a219de6177f3f23e63fd8cdf3?s=96&d=mm&r=g","contentUrl":"https:\/\/secure.gravatar.com\/avatar\/0f8bc94637401590e45d2ce17eb65c274cb8870a219de6177f3f23e63fd8cdf3?s=96&d=mm&r=g","caption":"rbraidy"},"url":"https:\/\/medicina.udd.cl\/odontologia-santiago\/noticias\/author\/rbraidy\/"}]}},"featured_image_url":"https:\/\/medicina.udd.cl\/odontologia-santiago\/files\/2026\/08\/odon-implanto-en-brasil-2026-6-scaled.jpg","_links":{"self":[{"href":"https:\/\/medicina.udd.cl\/odontologia-santiago\/wp-json\/wp\/v2\/posts\/9684","targetHints":{"allow":["GET"]}}],"collection":[{"href":"https:\/\/medicina.udd.cl\/odontologia-santiago\/wp-json\/wp\/v2\/posts"}],"about":[{"href":"https:\/\/medicina.udd.cl\/odontologia-santiago\/wp-json\/wp\/v2\/types\/post"}],"author":[{"embeddable":true,"href":"https:\/\/medicina.udd.cl\/odontologia-santiago\/wp-json\/wp\/v2\/users\/9192219"}],"replies":[{"embeddable":true,"href":"https:\/\/medicina.udd.cl\/odontologia-santiago\/wp-json\/wp\/v2\/comments?post=9684"}],"version-history":[{"count":1,"href":"https:\/\/medicina.udd.cl\/odontologia-santiago\/wp-json\/wp\/v2\/posts\/9684\/revisions"}],"predecessor-version":[{"id":9685,"href":"https:\/\/medicina.udd.cl\/odontologia-santiago\/wp-json\/wp\/v2\/posts\/9684\/revisions\/9685"}],"wp:featuredmedia":[{"embeddable":true,"href":"https:\/\/medicina.udd.cl\/odontologia-santiago\/wp-json\/wp\/v2\/media\/9680"}],"wp:attachment":[{"href":"https:\/\/medicina.udd.cl\/odontologia-santiago\/wp-json\/wp\/v2\/media?parent=9684"}],"wp:term":[{"taxonomy":"category","embeddable":true,"href":"https:\/\/medicina.udd.cl\/odontologia-santiago\/wp-json\/wp\/v2\/categories?post=9684"},{"taxonomy":"post_tag","embeddable":true,"href":"https:\/\/medicina.udd.cl\/odontologia-santiago\/wp-json\/wp\/v2\/tags?post=9684"}],"curies":[{"name":"wp","href":"https:\/\/api.w.org\/{rel}","templated":true}]}}