{"id":9711,"date":"2026-09-02T17:40:12","date_gmt":"2026-09-02T21:40:12","guid":{"rendered":"https:\/\/medicina.udd.cl\/odontologia-santiago\/?p=9711"},"modified":"2026-09-02T17:40:13","modified_gmt":"2026-09-02T21:40:13","slug":"director-de-odontologia-udd-participa-en-las-2das-jornadas-de-innovacion-odontologica-del-servicio-de-salud-metropolitano-occidente","status":"publish","type":"post","link":"https:\/\/medicina.udd.cl\/odontologia-santiago\/noticias\/2026\/09\/02\/director-de-odontologia-udd-participa-en-las-2das-jornadas-de-innovacion-odontologica-del-servicio-de-salud-metropolitano-occidente\/","title":{"rendered":"Director de Odontolog\u00eda UDD participa en las 2das Jornadas de Innovaci\u00f3n Odontol\u00f3gica del Servicio de Salud Metropolitano Occidente"},"content":{"rendered":"\n<ul class=\"wp-block-list\">\n<li><strong><em>Felipe Williamson present\u00f3 evidencia sobre la relaci\u00f3n entre el s\u00edndrome metab\u00f3lico y distintos indicadores de deterioro de la salud bucal en Chile, relevando la importancia de comprender la salud oral como parte integral de la salud de las personas.<\/em><\/strong><\/li>\n<\/ul>\n\n\n\n<figure class=\"wp-block-gallery has-nested-images columns-default is-cropped wp-block-gallery-1 is-layout-flex wp-block-gallery-is-layout-flex\">\n<figure class=\"wp-block-image size-large\"><a href=\"https:\/\/medicina.udd.cl\/odontologia-santiago\/files\/2026\/09\/odon-felipe-williamson-en-jornada-innovacion-1-scaled.jpg\"><img loading=\"lazy\" decoding=\"async\" width=\"1024\" height=\"683\" data-id=\"9706\" src=\"https:\/\/medicina.udd.cl\/odontologia-santiago\/files\/2026\/09\/odon-felipe-williamson-en-jornada-innovacion-1-1024x683.jpg\" alt=\"\" class=\"wp-image-9706\" srcset=\"https:\/\/medicina.udd.cl\/odontologia-santiago\/files\/2026\/09\/odon-felipe-williamson-en-jornada-innovacion-1-1024x683.jpg 1024w, https:\/\/medicina.udd.cl\/odontologia-santiago\/files\/2026\/09\/odon-felipe-williamson-en-jornada-innovacion-1-300x200.jpg 300w, https:\/\/medicina.udd.cl\/odontologia-santiago\/files\/2026\/09\/odon-felipe-williamson-en-jornada-innovacion-1-768x512.jpg 768w, https:\/\/medicina.udd.cl\/odontologia-santiago\/files\/2026\/09\/odon-felipe-williamson-en-jornada-innovacion-1-1536x1024.jpg 1536w\" sizes=\"auto, (max-width: 1024px) 100vw, 1024px\" \/><\/a><\/figure>\n\n\n\n<figure class=\"wp-block-image size-large\"><a href=\"https:\/\/medicina.udd.cl\/odontologia-santiago\/files\/2026\/09\/odon-felipe-williamson-en-jornada-innovacion-3.jpeg\"><img loading=\"lazy\" decoding=\"async\" width=\"1024\" height=\"575\" data-id=\"9708\" src=\"https:\/\/medicina.udd.cl\/odontologia-santiago\/files\/2026\/09\/odon-felipe-williamson-en-jornada-innovacion-3-1024x575.jpeg\" alt=\"\" class=\"wp-image-9708\" srcset=\"https:\/\/medicina.udd.cl\/odontologia-santiago\/files\/2026\/09\/odon-felipe-williamson-en-jornada-innovacion-3-1024x575.jpeg 1024w, https:\/\/medicina.udd.cl\/odontologia-santiago\/files\/2026\/09\/odon-felipe-williamson-en-jornada-innovacion-3-300x169.jpeg 300w, https:\/\/medicina.udd.cl\/odontologia-santiago\/files\/2026\/09\/odon-felipe-williamson-en-jornada-innovacion-3-768x431.jpeg 768w, https:\/\/medicina.udd.cl\/odontologia-santiago\/files\/2026\/09\/odon-felipe-williamson-en-jornada-innovacion-3-952x534.jpeg 952w, https:\/\/medicina.udd.cl\/odontologia-santiago\/files\/2026\/09\/odon-felipe-williamson-en-jornada-innovacion-3-680x382.jpeg 680w, https:\/\/medicina.udd.cl\/odontologia-santiago\/files\/2026\/09\/odon-felipe-williamson-en-jornada-innovacion-3.jpeg 1280w\" sizes=\"auto, (max-width: 1024px) 100vw, 1024px\" \/><\/a><\/figure>\n\n\n\n<figure class=\"wp-block-image size-large\"><a href=\"https:\/\/medicina.udd.cl\/odontologia-santiago\/files\/2026\/09\/odon-felipe-williamson-en-jornada-innovacion-5.jpeg\"><img loading=\"lazy\" decoding=\"async\" width=\"1024\" height=\"575\" data-id=\"9709\" src=\"https:\/\/medicina.udd.cl\/odontologia-santiago\/files\/2026\/09\/odon-felipe-williamson-en-jornada-innovacion-5-1024x575.jpeg\" alt=\"\" class=\"wp-image-9709\" srcset=\"https:\/\/medicina.udd.cl\/odontologia-santiago\/files\/2026\/09\/odon-felipe-williamson-en-jornada-innovacion-5-1024x575.jpeg 1024w, https:\/\/medicina.udd.cl\/odontologia-santiago\/files\/2026\/09\/odon-felipe-williamson-en-jornada-innovacion-5-300x169.jpeg 300w, https:\/\/medicina.udd.cl\/odontologia-santiago\/files\/2026\/09\/odon-felipe-williamson-en-jornada-innovacion-5-768x431.jpeg 768w, https:\/\/medicina.udd.cl\/odontologia-santiago\/files\/2026\/09\/odon-felipe-williamson-en-jornada-innovacion-5-952x534.jpeg 952w, https:\/\/medicina.udd.cl\/odontologia-santiago\/files\/2026\/09\/odon-felipe-williamson-en-jornada-innovacion-5-680x382.jpeg 680w, https:\/\/medicina.udd.cl\/odontologia-santiago\/files\/2026\/09\/odon-felipe-williamson-en-jornada-innovacion-5.jpeg 1280w\" sizes=\"auto, (max-width: 1024px) 100vw, 1024px\" \/><\/a><\/figure>\n\n\n\n<figure class=\"wp-block-image size-large\"><a href=\"https:\/\/medicina.udd.cl\/odontologia-santiago\/files\/2026\/09\/odon-felipe-williamson-en-jornada-innovacion-5-scaled.jpg\"><img loading=\"lazy\" decoding=\"async\" width=\"1024\" height=\"683\" data-id=\"9710\" src=\"https:\/\/medicina.udd.cl\/odontologia-santiago\/files\/2026\/09\/odon-felipe-williamson-en-jornada-innovacion-5-1024x683.jpg\" alt=\"\" class=\"wp-image-9710\" srcset=\"https:\/\/medicina.udd.cl\/odontologia-santiago\/files\/2026\/09\/odon-felipe-williamson-en-jornada-innovacion-5-1024x683.jpg 1024w, https:\/\/medicina.udd.cl\/odontologia-santiago\/files\/2026\/09\/odon-felipe-williamson-en-jornada-innovacion-5-300x200.jpg 300w, https:\/\/medicina.udd.cl\/odontologia-santiago\/files\/2026\/09\/odon-felipe-williamson-en-jornada-innovacion-5-768x512.jpg 768w, https:\/\/medicina.udd.cl\/odontologia-santiago\/files\/2026\/09\/odon-felipe-williamson-en-jornada-innovacion-5-1536x1024.jpg 1536w, https:\/\/medicina.udd.cl\/odontologia-santiago\/files\/2026\/09\/odon-felipe-williamson-en-jornada-innovacion-5-2048x1365.jpg 2048w\" sizes=\"auto, (max-width: 1024px) 100vw, 1024px\" \/><\/a><\/figure>\n<\/figure>\n\n\n\n<p>El director de la carrera de&nbsp;<strong><a href=\"https:\/\/medicina.udd.cl\/odontologia-santiago\/\">Odontolog\u00eda<\/a><\/strong>&nbsp;de la&nbsp;<strong><a href=\"https:\/\/medicina.udd.cl\/\">Facultad de Medicina Cl\u00ednica Alemana Universidad del Desarrollo (UDD)<\/a><\/strong>,&nbsp;<strong><a href=\"https:\/\/medicina.udd.cl\/odontologia-santiago\/nuestro-equipo\/#!\/modal\/9560\/felipe-williamson-dargham\">Felipe Williamson<\/a><\/strong>, particip\u00f3 como expositor en las&nbsp;<strong>2das Jornadas de Innovaci\u00f3n Odontol\u00f3gica<\/strong>, organizadas por el Servicio de Salud Metropolitano Occidente (SSMOCC), instancia que reuni\u00f3 a profesionales de la red asistencial y representantes del mundo acad\u00e9mico en torno a los desaf\u00edos actuales de la atenci\u00f3n odontol\u00f3gica.<\/p>\n\n\n\n<p>En la oportunidad, el acad\u00e9mico present\u00f3 la charla&nbsp;<strong>\u201cRelaci\u00f3n entre el s\u00edndrome metab\u00f3lico e indicadores de deterioro de la salud bucal en Chile\u201d<\/strong>, trabajo desarrollado a partir del an\u00e1lisis de datos de la&nbsp;<strong>Encuesta Nacional de Salud 2016-2017<\/strong>. Su presentaci\u00f3n permiti\u00f3 relevar la estrecha relaci\u00f3n existente entre la salud bucal y la salud sist\u00e9mica, evidenciando que ambas no pueden comprenderse de manera aislada.<\/p>\n\n\n\n<p>Durante su exposici\u00f3n, Williamson destac\u00f3 adem\u00e1s el rol de los&nbsp;<strong>determinantes sociales de la salud<\/strong>, los cuales influyen tanto en la aparici\u00f3n de enfermedades como en las posibilidades de prevenci\u00f3n, acceso, control y mantenimiento de la salud a lo largo de la vida.<\/p>\n\n\n\n<p>Esta mirada adquiere especial relevancia en el contexto de la&nbsp;<strong>Atenci\u00f3n Primaria y del Modelo de Atenci\u00f3n Integral de Salud Familiar y Comunitaria<\/strong>, as\u00ed como de estrategias como la&nbsp;<strong>ECICEP<\/strong>, que promueven un abordaje centrado en las personas, su contexto y trayectoria de salud, particularmente frente a la multimorbilidad y las enfermedades cr\u00f3nicas.<\/p>\n\n\n\n<p><em>\u201cDesde esta perspectiva, la salud bucal debe ser entendida como parte inseparable de la salud integral, fortaleciendo su incorporaci\u00f3n en estrategias interdisciplinarias de prevenci\u00f3n, seguimiento y cuidado\u201d<\/em>, se\u00f1al\u00f3&nbsp;<strong>Felipe Williamson.<\/strong><\/p>\n\n\n\n<h3 class=\"wp-block-heading\">Vinculaci\u00f3n entre academia y red p\u00fablica<\/h3>\n\n\n\n<p>Para la carrera de Odontolog\u00eda UDD, la participaci\u00f3n en este tipo de espacios representa una oportunidad para&nbsp;<strong>acercar la evidencia cient\u00edfica a la pr\u00e1ctica asistencial<\/strong>&nbsp;y contribuir, desde la academia, a abordar los desaf\u00edos de salud de la poblaci\u00f3n desde una perspectiva integral, interdisciplinaria y socialmente contextualizada.<\/p>\n\n\n\n<p><em>\u201cGenerar y transferir conocimiento capaz de impactar en la atenci\u00f3n y calidad de vida de las personas constituye una parte fundamental de nuestro rol\u201d<\/em>, destac\u00f3 el director de Odontolog\u00eda UDD.<\/p>\n\n\n\n<p>Las&nbsp;<strong>2das Jornadas de Innovaci\u00f3n Odontol\u00f3gica<\/strong>&nbsp;se consolidaron como un espacio de encuentro entre profesionales de la red asistencial y el mundo acad\u00e9mico, orientado al intercambio de evidencia, innovaci\u00f3n y buenas pr\u00e1cticas. La jornada abord\u00f3 tem\u00e1ticas como&nbsp;<strong>pol\u00edticas p\u00fablicas, inteligencia artificial, humanizaci\u00f3n de la atenci\u00f3n y nuevos modelos de cuidado odontol\u00f3gico<\/strong>, favoreciendo el di\u00e1logo entre la academia, la Atenci\u00f3n Primaria y los distintos niveles de la red de salud.<\/p>\n\n\n\n<figure class=\"wp-block-gallery has-nested-images columns-default is-cropped wp-block-gallery-2 is-layout-flex wp-block-gallery-is-layout-flex\">\n<figure class=\"wp-block-image size-large\"><a href=\"https:\/\/medicina.udd.cl\/odontologia-santiago\/files\/2026\/09\/afiche-innovacion-odonto_2026.jpg\"><img loading=\"lazy\" decoding=\"async\" width=\"576\" height=\"1024\" data-id=\"9705\" src=\"https:\/\/medicina.udd.cl\/odontologia-santiago\/files\/2026\/09\/afiche-innovacion-odonto_2026-576x1024.jpg\" alt=\"\" class=\"wp-image-9705\" srcset=\"https:\/\/medicina.udd.cl\/odontologia-santiago\/files\/2026\/09\/afiche-innovacion-odonto_2026-576x1024.jpg 576w, https:\/\/medicina.udd.cl\/odontologia-santiago\/files\/2026\/09\/afiche-innovacion-odonto_2026-169x300.jpg 169w, https:\/\/medicina.udd.cl\/odontologia-santiago\/files\/2026\/09\/afiche-innovacion-odonto_2026-768x1365.jpg 768w, https:\/\/medicina.udd.cl\/odontologia-santiago\/files\/2026\/09\/afiche-innovacion-odonto_2026-864x1536.jpg 864w, https:\/\/medicina.udd.cl\/odontologia-santiago\/files\/2026\/09\/afiche-innovacion-odonto_2026.jpg 1080w\" sizes=\"auto, (max-width: 576px) 100vw, 576px\" \/><\/a><\/figure>\n\n\n\n<figure class=\"wp-block-image size-large\"><a href=\"https:\/\/medicina.udd.cl\/odontologia-santiago\/files\/2026\/09\/odon-felipe-williamson-en-jornada-innovacion-2-scaled.jpg\"><img loading=\"lazy\" decoding=\"async\" width=\"683\" height=\"1024\" data-id=\"9707\" src=\"https:\/\/medicina.udd.cl\/odontologia-santiago\/files\/2026\/09\/odon-felipe-williamson-en-jornada-innovacion-2-683x1024.jpg\" alt=\"\" class=\"wp-image-9707\" srcset=\"https:\/\/medicina.udd.cl\/odontologia-santiago\/files\/2026\/09\/odon-felipe-williamson-en-jornada-innovacion-2-683x1024.jpg 683w, https:\/\/medicina.udd.cl\/odontologia-santiago\/files\/2026\/09\/odon-felipe-williamson-en-jornada-innovacion-2-200x300.jpg 200w, https:\/\/medicina.udd.cl\/odontologia-santiago\/files\/2026\/09\/odon-felipe-williamson-en-jornada-innovacion-2-768x1152.jpg 768w, https:\/\/medicina.udd.cl\/odontologia-santiago\/files\/2026\/09\/odon-felipe-williamson-en-jornada-innovacion-2-1024x1536.jpg 1024w, https:\/\/medicina.udd.cl\/odontologia-santiago\/files\/2026\/09\/odon-felipe-williamson-en-jornada-innovacion-2-1365x2048.jpg 1365w, https:\/\/medicina.udd.cl\/odontologia-santiago\/files\/2026\/09\/odon-felipe-williamson-en-jornada-innovacion-2-scaled.jpg 1707w\" sizes=\"auto, (max-width: 683px) 100vw, 683px\" \/><\/a><\/figure>\n<\/figure>\n","protected":false},"excerpt":{"rendered":"<p>El director de la carrera de&nbsp;Odontolog\u00eda&nbsp;de la&nbsp;Facultad de Medicina Cl\u00ednica Alemana Universidad del Desarrollo (UDD),&nbsp;Felipe Williamson, particip\u00f3 como expositor en las&nbsp;2das Jornadas de Innovaci\u00f3n Odontol\u00f3gica, organizadas por el Servicio de Salud Metropolitano Occidente (SSMOCC), instancia que reuni\u00f3 a profesionales de la red asistencial y representantes del mundo acad\u00e9mico en torno a los desaf\u00edos actuales de [&hellip;]<\/p>\n","protected":false},"author":9192219,"featured_media":9710,"comment_status":"closed","ping_status":"open","sticky":false,"template":"","format":"standard","meta":{"footnotes":""},"categories":[4],"tags":[],"class_list":["post-9711","post","type-post","status-publish","format-standard","has-post-thumbnail","hentry","category-noticias"],"yoast_head":"<!-- This site is optimized with the Yoast SEO plugin v26.9 - https:\/\/yoast.com\/product\/yoast-seo-wordpress\/ -->\n<title>Director de Odontolog\u00eda UDD participa en las 2das Jornadas de Innovaci\u00f3n Odontol\u00f3gica del Servicio de Salud Metropolitano Occidente - Odontolog\u00eda<\/title>\n<meta name=\"robots\" content=\"index, follow, max-snippet:-1, max-image-preview:large, max-video-preview:-1\" \/>\n<link rel=\"canonical\" href=\"https:\/\/medicina.udd.cl\/odontologia-santiago\/noticias\/2026\/09\/02\/director-de-odontologia-udd-participa-en-las-2das-jornadas-de-innovacion-odontologica-del-servicio-de-salud-metropolitano-occidente\/\" \/>\n<meta property=\"og:locale\" content=\"es_ES\" \/>\n<meta property=\"og:type\" content=\"article\" \/>\n<meta property=\"og:title\" content=\"Director de Odontolog\u00eda UDD participa en las 2das Jornadas de Innovaci\u00f3n Odontol\u00f3gica del Servicio de Salud Metropolitano Occidente - Odontolog\u00eda\" \/>\n<meta property=\"og:description\" content=\"El director de la carrera de&nbsp;Odontolog\u00eda&nbsp;de la&nbsp;Facultad de Medicina Cl\u00ednica Alemana Universidad del Desarrollo (UDD),&nbsp;Felipe Williamson, particip\u00f3 como expositor en las&nbsp;2das Jornadas de Innovaci\u00f3n Odontol\u00f3gica, organizadas por el Servicio de Salud Metropolitano Occidente (SSMOCC), instancia que reuni\u00f3 a profesionales de la red asistencial y representantes del mundo acad\u00e9mico en torno a los desaf\u00edos actuales de [&hellip;]\" \/>\n<meta property=\"og:url\" content=\"https:\/\/medicina.udd.cl\/odontologia-santiago\/noticias\/2026\/09\/02\/director-de-odontologia-udd-participa-en-las-2das-jornadas-de-innovacion-odontologica-del-servicio-de-salud-metropolitano-occidente\/\" \/>\n<meta property=\"og:site_name\" content=\"Odontolog\u00eda\" \/>\n<meta property=\"article:published_time\" content=\"2026-09-02T21:40:12+00:00\" \/>\n<meta property=\"article:modified_time\" content=\"2026-09-02T21:40:13+00:00\" \/>\n<meta property=\"og:image\" content=\"https:\/\/medicina.udd.cl\/odontologia-santiago\/files\/2026\/09\/odon-felipe-williamson-en-jornada-innovacion-5-scaled.jpg\" \/>\n\t<meta property=\"og:image:width\" content=\"2560\" \/>\n\t<meta property=\"og:image:height\" content=\"1707\" \/>\n\t<meta property=\"og:image:type\" content=\"image\/jpeg\" \/>\n<meta name=\"author\" content=\"rbraidy\" \/>\n<meta name=\"twitter:label1\" content=\"Escrito por\" \/>\n\t<meta name=\"twitter:data1\" content=\"rbraidy\" \/>\n\t<meta name=\"twitter:label2\" content=\"Tiempo de lectura\" \/>\n\t<meta name=\"twitter:data2\" content=\"4 minutos\" \/>\n<script type=\"application\/ld+json\" class=\"yoast-schema-graph\">{\"@context\":\"https:\/\/schema.org\",\"@graph\":[{\"@type\":\"Article\",\"@id\":\"https:\/\/medicina.udd.cl\/odontologia-santiago\/noticias\/2026\/09\/02\/director-de-odontologia-udd-participa-en-las-2das-jornadas-de-innovacion-odontologica-del-servicio-de-salud-metropolitano-occidente\/#article\",\"isPartOf\":{\"@id\":\"https:\/\/medicina.udd.cl\/odontologia-santiago\/noticias\/2026\/09\/02\/director-de-odontologia-udd-participa-en-las-2das-jornadas-de-innovacion-odontologica-del-servicio-de-salud-metropolitano-occidente\/\"},\"author\":{\"name\":\"rbraidy\",\"@id\":\"https:\/\/medicina.udd.cl\/odontologia-santiago\/#\/schema\/person\/dbc3705bf3a93e8be1ba6de0ef950341\"},\"headline\":\"Director de Odontolog\u00eda UDD participa en las 2das Jornadas de Innovaci\u00f3n Odontol\u00f3gica del Servicio de Salud Metropolitano Occidente\",\"datePublished\":\"2026-09-02T21:40:12+00:00\",\"dateModified\":\"2026-09-02T21:40:13+00:00\",\"mainEntityOfPage\":{\"@id\":\"https:\/\/medicina.udd.cl\/odontologia-santiago\/noticias\/2026\/09\/02\/director-de-odontologia-udd-participa-en-las-2das-jornadas-de-innovacion-odontologica-del-servicio-de-salud-metropolitano-occidente\/\"},\"wordCount\":532,\"image\":{\"@id\":\"https:\/\/medicina.udd.cl\/odontologia-santiago\/noticias\/2026\/09\/02\/director-de-odontologia-udd-participa-en-las-2das-jornadas-de-innovacion-odontologica-del-servicio-de-salud-metropolitano-occidente\/#primaryimage\"},\"thumbnailUrl\":\"https:\/\/medicina.udd.cl\/odontologia-santiago\/files\/2026\/09\/odon-felipe-williamson-en-jornada-innovacion-5-scaled.jpg\",\"articleSection\":[\"Noticias\"],\"inLanguage\":\"es\"},{\"@type\":\"WebPage\",\"@id\":\"https:\/\/medicina.udd.cl\/odontologia-santiago\/noticias\/2026\/09\/02\/director-de-odontologia-udd-participa-en-las-2das-jornadas-de-innovacion-odontologica-del-servicio-de-salud-metropolitano-occidente\/\",\"url\":\"https:\/\/medicina.udd.cl\/odontologia-santiago\/noticias\/2026\/09\/02\/director-de-odontologia-udd-participa-en-las-2das-jornadas-de-innovacion-odontologica-del-servicio-de-salud-metropolitano-occidente\/\",\"name\":\"Director de Odontolog\u00eda UDD participa en las 2das Jornadas de Innovaci\u00f3n Odontol\u00f3gica del Servicio de Salud Metropolitano Occidente - Odontolog\u00eda\",\"isPartOf\":{\"@id\":\"https:\/\/medicina.udd.cl\/odontologia-santiago\/#website\"},\"primaryImageOfPage\":{\"@id\":\"https:\/\/medicina.udd.cl\/odontologia-santiago\/noticias\/2026\/09\/02\/director-de-odontologia-udd-participa-en-las-2das-jornadas-de-innovacion-odontologica-del-servicio-de-salud-metropolitano-occidente\/#primaryimage\"},\"image\":{\"@id\":\"https:\/\/medicina.udd.cl\/odontologia-santiago\/noticias\/2026\/09\/02\/director-de-odontologia-udd-participa-en-las-2das-jornadas-de-innovacion-odontologica-del-servicio-de-salud-metropolitano-occidente\/#primaryimage\"},\"thumbnailUrl\":\"https:\/\/medicina.udd.cl\/odontologia-santiago\/files\/2026\/09\/odon-felipe-williamson-en-jornada-innovacion-5-scaled.jpg\",\"datePublished\":\"2026-09-02T21:40:12+00:00\",\"dateModified\":\"2026-09-02T21:40:13+00:00\",\"author\":{\"@id\":\"https:\/\/medicina.udd.cl\/odontologia-santiago\/#\/schema\/person\/dbc3705bf3a93e8be1ba6de0ef950341\"},\"breadcrumb\":{\"@id\":\"https:\/\/medicina.udd.cl\/odontologia-santiago\/noticias\/2026\/09\/02\/director-de-odontologia-udd-participa-en-las-2das-jornadas-de-innovacion-odontologica-del-servicio-de-salud-metropolitano-occidente\/#breadcrumb\"},\"inLanguage\":\"es\",\"potentialAction\":[{\"@type\":\"ReadAction\",\"target\":[\"https:\/\/medicina.udd.cl\/odontologia-santiago\/noticias\/2026\/09\/02\/director-de-odontologia-udd-participa-en-las-2das-jornadas-de-innovacion-odontologica-del-servicio-de-salud-metropolitano-occidente\/\"]}]},{\"@type\":\"ImageObject\",\"inLanguage\":\"es\",\"@id\":\"https:\/\/medicina.udd.cl\/odontologia-santiago\/noticias\/2026\/09\/02\/director-de-odontologia-udd-participa-en-las-2das-jornadas-de-innovacion-odontologica-del-servicio-de-salud-metropolitano-occidente\/#primaryimage\",\"url\":\"https:\/\/medicina.udd.cl\/odontologia-santiago\/files\/2026\/09\/odon-felipe-williamson-en-jornada-innovacion-5-scaled.jpg\",\"contentUrl\":\"https:\/\/medicina.udd.cl\/odontologia-santiago\/files\/2026\/09\/odon-felipe-williamson-en-jornada-innovacion-5-scaled.jpg\",\"width\":2560,\"height\":1707},{\"@type\":\"BreadcrumbList\",\"@id\":\"https:\/\/medicina.udd.cl\/odontologia-santiago\/noticias\/2026\/09\/02\/director-de-odontologia-udd-participa-en-las-2das-jornadas-de-innovacion-odontologica-del-servicio-de-salud-metropolitano-occidente\/#breadcrumb\",\"itemListElement\":[{\"@type\":\"ListItem\",\"position\":1,\"name\":\"Home\",\"item\":\"https:\/\/medicina.udd.cl\/odontologia-santiago\/\"},{\"@type\":\"ListItem\",\"position\":2,\"name\":\"Director de Odontolog\u00eda UDD participa en las 2das Jornadas de Innovaci\u00f3n Odontol\u00f3gica del Servicio de Salud Metropolitano Occidente\"}]},{\"@type\":\"WebSite\",\"@id\":\"https:\/\/medicina.udd.cl\/odontologia-santiago\/#website\",\"url\":\"https:\/\/medicina.udd.cl\/odontologia-santiago\/\",\"name\":\"Odontolog\u00eda\",\"description\":\"Facultad de Medicina Cl\u00ednica Alemana Universidad del Desarrollo\",\"inLanguage\":\"es\"},{\"@type\":\"Person\",\"@id\":\"https:\/\/medicina.udd.cl\/odontologia-santiago\/#\/schema\/person\/dbc3705bf3a93e8be1ba6de0ef950341\",\"name\":\"rbraidy\",\"image\":{\"@type\":\"ImageObject\",\"inLanguage\":\"es\",\"@id\":\"https:\/\/medicina.udd.cl\/odontologia-santiago\/#\/schema\/person\/image\/\",\"url\":\"https:\/\/secure.gravatar.com\/avatar\/0f8bc94637401590e45d2ce17eb65c274cb8870a219de6177f3f23e63fd8cdf3?s=96&d=mm&r=g\",\"contentUrl\":\"https:\/\/secure.gravatar.com\/avatar\/0f8bc94637401590e45d2ce17eb65c274cb8870a219de6177f3f23e63fd8cdf3?s=96&d=mm&r=g\",\"caption\":\"rbraidy\"},\"url\":\"https:\/\/medicina.udd.cl\/odontologia-santiago\/noticias\/author\/rbraidy\/\"}]}<\/script>\n<!-- \/ Yoast SEO plugin. -->","yoast_head_json":{"title":"Director de Odontolog\u00eda UDD participa en las 2das Jornadas de Innovaci\u00f3n Odontol\u00f3gica del Servicio de Salud Metropolitano Occidente - Odontolog\u00eda","robots":{"index":"index","follow":"follow","max-snippet":"max-snippet:-1","max-image-preview":"max-image-preview:large","max-video-preview":"max-video-preview:-1"},"canonical":"https:\/\/medicina.udd.cl\/odontologia-santiago\/noticias\/2026\/09\/02\/director-de-odontologia-udd-participa-en-las-2das-jornadas-de-innovacion-odontologica-del-servicio-de-salud-metropolitano-occidente\/","og_locale":"es_ES","og_type":"article","og_title":"Director de Odontolog\u00eda UDD participa en las 2das Jornadas de Innovaci\u00f3n Odontol\u00f3gica del Servicio de Salud Metropolitano Occidente - Odontolog\u00eda","og_description":"El director de la carrera de&nbsp;Odontolog\u00eda&nbsp;de la&nbsp;Facultad de Medicina Cl\u00ednica Alemana Universidad del Desarrollo (UDD),&nbsp;Felipe Williamson, particip\u00f3 como expositor en las&nbsp;2das Jornadas de Innovaci\u00f3n Odontol\u00f3gica, organizadas por el Servicio de Salud Metropolitano Occidente (SSMOCC), instancia que reuni\u00f3 a profesionales de la red asistencial y representantes del mundo acad\u00e9mico en torno a los desaf\u00edos actuales de [&hellip;]","og_url":"https:\/\/medicina.udd.cl\/odontologia-santiago\/noticias\/2026\/09\/02\/director-de-odontologia-udd-participa-en-las-2das-jornadas-de-innovacion-odontologica-del-servicio-de-salud-metropolitano-occidente\/","og_site_name":"Odontolog\u00eda","article_published_time":"2026-09-02T21:40:12+00:00","article_modified_time":"2026-09-02T21:40:13+00:00","og_image":[{"width":2560,"height":1707,"url":"https:\/\/medicina.udd.cl\/odontologia-santiago\/files\/2026\/09\/odon-felipe-williamson-en-jornada-innovacion-5-scaled.jpg","type":"image\/jpeg"}],"author":"rbraidy","twitter_misc":{"Escrito por":"rbraidy","Tiempo de lectura":"4 minutos"},"schema":{"@context":"https:\/\/schema.org","@graph":[{"@type":"Article","@id":"https:\/\/medicina.udd.cl\/odontologia-santiago\/noticias\/2026\/09\/02\/director-de-odontologia-udd-participa-en-las-2das-jornadas-de-innovacion-odontologica-del-servicio-de-salud-metropolitano-occidente\/#article","isPartOf":{"@id":"https:\/\/medicina.udd.cl\/odontologia-santiago\/noticias\/2026\/09\/02\/director-de-odontologia-udd-participa-en-las-2das-jornadas-de-innovacion-odontologica-del-servicio-de-salud-metropolitano-occidente\/"},"author":{"name":"rbraidy","@id":"https:\/\/medicina.udd.cl\/odontologia-santiago\/#\/schema\/person\/dbc3705bf3a93e8be1ba6de0ef950341"},"headline":"Director de Odontolog\u00eda UDD participa en las 2das Jornadas de Innovaci\u00f3n Odontol\u00f3gica del Servicio de Salud Metropolitano Occidente","datePublished":"2026-09-02T21:40:12+00:00","dateModified":"2026-09-02T21:40:13+00:00","mainEntityOfPage":{"@id":"https:\/\/medicina.udd.cl\/odontologia-santiago\/noticias\/2026\/09\/02\/director-de-odontologia-udd-participa-en-las-2das-jornadas-de-innovacion-odontologica-del-servicio-de-salud-metropolitano-occidente\/"},"wordCount":532,"image":{"@id":"https:\/\/medicina.udd.cl\/odontologia-santiago\/noticias\/2026\/09\/02\/director-de-odontologia-udd-participa-en-las-2das-jornadas-de-innovacion-odontologica-del-servicio-de-salud-metropolitano-occidente\/#primaryimage"},"thumbnailUrl":"https:\/\/medicina.udd.cl\/odontologia-santiago\/files\/2026\/09\/odon-felipe-williamson-en-jornada-innovacion-5-scaled.jpg","articleSection":["Noticias"],"inLanguage":"es"},{"@type":"WebPage","@id":"https:\/\/medicina.udd.cl\/odontologia-santiago\/noticias\/2026\/09\/02\/director-de-odontologia-udd-participa-en-las-2das-jornadas-de-innovacion-odontologica-del-servicio-de-salud-metropolitano-occidente\/","url":"https:\/\/medicina.udd.cl\/odontologia-santiago\/noticias\/2026\/09\/02\/director-de-odontologia-udd-participa-en-las-2das-jornadas-de-innovacion-odontologica-del-servicio-de-salud-metropolitano-occidente\/","name":"Director de Odontolog\u00eda UDD participa en las 2das Jornadas de Innovaci\u00f3n Odontol\u00f3gica del Servicio de Salud Metropolitano Occidente - Odontolog\u00eda","isPartOf":{"@id":"https:\/\/medicina.udd.cl\/odontologia-santiago\/#website"},"primaryImageOfPage":{"@id":"https:\/\/medicina.udd.cl\/odontologia-santiago\/noticias\/2026\/09\/02\/director-de-odontologia-udd-participa-en-las-2das-jornadas-de-innovacion-odontologica-del-servicio-de-salud-metropolitano-occidente\/#primaryimage"},"image":{"@id":"https:\/\/medicina.udd.cl\/odontologia-santiago\/noticias\/2026\/09\/02\/director-de-odontologia-udd-participa-en-las-2das-jornadas-de-innovacion-odontologica-del-servicio-de-salud-metropolitano-occidente\/#primaryimage"},"thumbnailUrl":"https:\/\/medicina.udd.cl\/odontologia-santiago\/files\/2026\/09\/odon-felipe-williamson-en-jornada-innovacion-5-scaled.jpg","datePublished":"2026-09-02T21:40:12+00:00","dateModified":"2026-09-02T21:40:13+00:00","author":{"@id":"https:\/\/medicina.udd.cl\/odontologia-santiago\/#\/schema\/person\/dbc3705bf3a93e8be1ba6de0ef950341"},"breadcrumb":{"@id":"https:\/\/medicina.udd.cl\/odontologia-santiago\/noticias\/2026\/09\/02\/director-de-odontologia-udd-participa-en-las-2das-jornadas-de-innovacion-odontologica-del-servicio-de-salud-metropolitano-occidente\/#breadcrumb"},"inLanguage":"es","potentialAction":[{"@type":"ReadAction","target":["https:\/\/medicina.udd.cl\/odontologia-santiago\/noticias\/2026\/09\/02\/director-de-odontologia-udd-participa-en-las-2das-jornadas-de-innovacion-odontologica-del-servicio-de-salud-metropolitano-occidente\/"]}]},{"@type":"ImageObject","inLanguage":"es","@id":"https:\/\/medicina.udd.cl\/odontologia-santiago\/noticias\/2026\/09\/02\/director-de-odontologia-udd-participa-en-las-2das-jornadas-de-innovacion-odontologica-del-servicio-de-salud-metropolitano-occidente\/#primaryimage","url":"https:\/\/medicina.udd.cl\/odontologia-santiago\/files\/2026\/09\/odon-felipe-williamson-en-jornada-innovacion-5-scaled.jpg","contentUrl":"https:\/\/medicina.udd.cl\/odontologia-santiago\/files\/2026\/09\/odon-felipe-williamson-en-jornada-innovacion-5-scaled.jpg","width":2560,"height":1707},{"@type":"BreadcrumbList","@id":"https:\/\/medicina.udd.cl\/odontologia-santiago\/noticias\/2026\/09\/02\/director-de-odontologia-udd-participa-en-las-2das-jornadas-de-innovacion-odontologica-del-servicio-de-salud-metropolitano-occidente\/#breadcrumb","itemListElement":[{"@type":"ListItem","position":1,"name":"Home","item":"https:\/\/medicina.udd.cl\/odontologia-santiago\/"},{"@type":"ListItem","position":2,"name":"Director de Odontolog\u00eda UDD participa en las 2das Jornadas de Innovaci\u00f3n Odontol\u00f3gica del Servicio de Salud Metropolitano Occidente"}]},{"@type":"WebSite","@id":"https:\/\/medicina.udd.cl\/odontologia-santiago\/#website","url":"https:\/\/medicina.udd.cl\/odontologia-santiago\/","name":"Odontolog\u00eda","description":"Facultad de Medicina Cl\u00ednica Alemana Universidad del Desarrollo","inLanguage":"es"},{"@type":"Person","@id":"https:\/\/medicina.udd.cl\/odontologia-santiago\/#\/schema\/person\/dbc3705bf3a93e8be1ba6de0ef950341","name":"rbraidy","image":{"@type":"ImageObject","inLanguage":"es","@id":"https:\/\/medicina.udd.cl\/odontologia-santiago\/#\/schema\/person\/image\/","url":"https:\/\/secure.gravatar.com\/avatar\/0f8bc94637401590e45d2ce17eb65c274cb8870a219de6177f3f23e63fd8cdf3?s=96&d=mm&r=g","contentUrl":"https:\/\/secure.gravatar.com\/avatar\/0f8bc94637401590e45d2ce17eb65c274cb8870a219de6177f3f23e63fd8cdf3?s=96&d=mm&r=g","caption":"rbraidy"},"url":"https:\/\/medicina.udd.cl\/odontologia-santiago\/noticias\/author\/rbraidy\/"}]}},"featured_image_url":"https:\/\/medicina.udd.cl\/odontologia-santiago\/files\/2026\/09\/odon-felipe-williamson-en-jornada-innovacion-5-scaled.jpg","_links":{"self":[{"href":"https:\/\/medicina.udd.cl\/odontologia-santiago\/wp-json\/wp\/v2\/posts\/9711","targetHints":{"allow":["GET"]}}],"collection":[{"href":"https:\/\/medicina.udd.cl\/odontologia-santiago\/wp-json\/wp\/v2\/posts"}],"about":[{"href":"https:\/\/medicina.udd.cl\/odontologia-santiago\/wp-json\/wp\/v2\/types\/post"}],"author":[{"embeddable":true,"href":"https:\/\/medicina.udd.cl\/odontologia-santiago\/wp-json\/wp\/v2\/users\/9192219"}],"replies":[{"embeddable":true,"href":"https:\/\/medicina.udd.cl\/odontologia-santiago\/wp-json\/wp\/v2\/comments?post=9711"}],"version-history":[{"count":1,"href":"https:\/\/medicina.udd.cl\/odontologia-santiago\/wp-json\/wp\/v2\/posts\/9711\/revisions"}],"predecessor-version":[{"id":9712,"href":"https:\/\/medicina.udd.cl\/odontologia-santiago\/wp-json\/wp\/v2\/posts\/9711\/revisions\/9712"}],"wp:featuredmedia":[{"embeddable":true,"href":"https:\/\/medicina.udd.cl\/odontologia-santiago\/wp-json\/wp\/v2\/media\/9710"}],"wp:attachment":[{"href":"https:\/\/medicina.udd.cl\/odontologia-santiago\/wp-json\/wp\/v2\/media?parent=9711"}],"wp:term":[{"taxonomy":"category","embeddable":true,"href":"https:\/\/medicina.udd.cl\/odontologia-santiago\/wp-json\/wp\/v2\/categories?post=9711"},{"taxonomy":"post_tag","embeddable":true,"href":"https:\/\/medicina.udd.cl\/odontologia-santiago\/wp-json\/wp\/v2\/tags?post=9711"}],"curies":[{"name":"wp","href":"https:\/\/api.w.org\/{rel}","templated":true}]}}