{"id":1263,"date":"2012-02-02T08:57:57","date_gmt":"2012-02-02T11:57:57","guid":{"rendered":"http:\/\/medicina.udd.cl\/tecnologia-medica-santiago\/?p=1263"},"modified":"2012-02-02T09:16:16","modified_gmt":"2012-02-02T12:16:16","slug":"mi-experiencia-en-las-practicas-rurales-en-chiloe","status":"publish","type":"post","link":"https:\/\/medicina.udd.cl\/tecnologia-medica-santiago\/noticias\/2012\/02\/02\/mi-experiencia-en-las-practicas-rurales-en-chiloe\/","title":{"rendered":"Mi experiencia en las pr\u00e1cticas rurales en Chilo\u00e9"},"content":{"rendered":"<p style=\"text-align: justify;\"><a href=\"http:\/\/medicina.udd.cl\/tecnologia-medica-santiago\/files\/2012\/02\/Pr\u00e1cticas-rurales-en-Chiloe-2.jpg\"><img loading=\"lazy\" decoding=\"async\" class=\"alignright size-medium wp-image-1266\" title=\"Pr\u00e1cticas rurales en Chiloe\" src=\"http:\/\/medicina.udd.cl\/tecnologia-medica-santiago\/files\/2012\/02\/Pr\u00e1cticas-rurales-en-Chiloe-2-e1328184557388-276x300.jpg\" alt=\"\" width=\"276\" height=\"300\" srcset=\"https:\/\/medicina.udd.cl\/tecnologia-medica-santiago\/files\/2012\/02\/Pr\u00e1cticas-rurales-en-Chiloe-2-e1328184557388-276x300.jpg 276w, https:\/\/medicina.udd.cl\/tecnologia-medica-santiago\/files\/2012\/02\/Pr\u00e1cticas-rurales-en-Chiloe-2-e1328184557388-768x835.jpg 768w, https:\/\/medicina.udd.cl\/tecnologia-medica-santiago\/files\/2012\/02\/Pr\u00e1cticas-rurales-en-Chiloe-2-e1328184557388-942x1024.jpg 942w, https:\/\/medicina.udd.cl\/tecnologia-medica-santiago\/files\/2012\/02\/Pr\u00e1cticas-rurales-en-Chiloe-2-e1328184557388-883x960.jpg 883w\" sizes=\"auto, (max-width: 276px) 100vw, 276px\" \/><\/a>La verdad es algo dif\u00edcil poder plasmar en letras tantas emociones vividas en esta experiencia, es como tratar de explicar lo que nos hace sentir el recuerdo de esa persona especial, o ese momento inolvidable en nuestras memorias, pero tratar\u00e9 de relatar de mejor forma lo que signific\u00f3 para m\u00ed\u00a0este gran viaje&#8230; Desde un principio fue interesante la idea de participar en una pr\u00e1ctica rural en un lugar tan remoto y m\u00e1gico como Chilo\u00e9, toda la gente con la que comentaba sobre esto dec\u00eda que me iba a enamorar de esta tierra y\u00a0la verdad es nunca pens\u00e9 que de verdad ser\u00eda as\u00ed.<\/p>\n<p style=\"text-align: justify;\">Cuando llegamos los alumnos de todas las carreras de la salud, tuvimos una peque\u00f1a charla sobre la situaci\u00f3n epidemiol\u00f3gica en Chilo\u00e9. Al d\u00eda siguiente ten\u00edamos que estar en el otro extremo de la cuidad en la ma\u00f1ana y entre que la \u00fanica micro de Quell\u00f3n no pasaba, el taxi que tampoco llegaba y luego de cierto tiempo esperando pudimos llegar al famoso CESFAM en donde nos mandaron a mil lugares para presentarnos con las autoridades correspondientes. Luego\u00a0sucedi\u00f3 lo mejor que nos pudo haber pasado en ese momento, nos dieron el dato de lo que ser\u00eda la casa que nos acoger\u00eda por las dos semanas, simplemente perfecta y econ\u00f3mica.<\/p>\n<p style=\"text-align: justify;\">Los siguientes d\u00edas fueron de conocer un poco el trabajo realizado en la atenci\u00f3n primaria en Quell\u00f3n, espec\u00edficamente en el CECOF Rukalaf, a veces todos juntos y otras veces en las \u00e1reas de cada uno. Por mi parte, vi unas cosas bastantes interesantes: c\u00f3mo se tomaba la muestra para el examen del PAP o c\u00f3mo se colocaba un dispositivo intrauterino anticonceptivo (la famosa T de cobre) experiencias\u2026 fuera de lo com\u00fan.<\/p>\n<p style=\"text-align: justify;\">Como ya pasaba el tiempo \u00edbamos conociendo gente del rubro, los cuales siempre nos invitaban a ir con ellos y conocer sus trabajos (la verdad esto pas\u00f3 m\u00e1s con mis compa\u00f1eras que conmigo porque en la atenci\u00f3n primaria de Quell\u00f3n no hab\u00edan Tecn\u00f3logos M\u00e9dicos) y con esto empezaron a autogestionarse nuestras actividades, y apareci\u00f3 la gran tarea que nos dio nuestro encargado, sugerir distintos modelos de encuesta de satisfacci\u00f3n de usuario para poder implementarla en el CECOF Rukalaf.<\/p>\n<p style=\"text-align: justify;\">Pasados los d\u00edas cada vez nos \u00edbamos conociendo m\u00e1s entre nosotros, la convivencia era buen\u00edsima y mejoraba a\u00fan m\u00e1s, entre un calef\u00f3n que simplemente nos gan\u00f3 a todos, duchas eternas en las ma\u00f1anas, el compartir pulgas y alergias donde un pa\u00f1uelo desechable era m\u00e1s preciado que la misma comida, una estufa que nunca lleg\u00f3 y que nuestra casa era el paseo ahumada de los perros callejeros de Quell\u00f3n, fueron cosas divertidas que iban haciendo a este viaje especial y a nuestro grupo m\u00e1s unido.<\/p>\n<p style=\"text-align: justify;\"><strong><a href=\"http:\/\/medicina.udd.cl\/tecnologia-medica-santiago\/files\/2012\/02\/Pr\u00e1cticas-rurales-en-Chilo\u00e9-1.jpg\"><img loading=\"lazy\" decoding=\"async\" class=\"alignleft size-medium wp-image-1265\" title=\"Pr\u00e1cticas rurales en Chilo\u00e9\" src=\"http:\/\/medicina.udd.cl\/tecnologia-medica-santiago\/files\/2012\/02\/Pr\u00e1cticas-rurales-en-Chilo\u00e9-1-e1328184658741-280x300.jpg\" alt=\"\" width=\"280\" height=\"300\" srcset=\"https:\/\/medicina.udd.cl\/tecnologia-medica-santiago\/files\/2012\/02\/Pr\u00e1cticas-rurales-en-Chilo\u00e9-1-e1328184658741-280x300.jpg 280w, https:\/\/medicina.udd.cl\/tecnologia-medica-santiago\/files\/2012\/02\/Pr\u00e1cticas-rurales-en-Chilo\u00e9-1-e1328184658741-768x821.jpg 768w, https:\/\/medicina.udd.cl\/tecnologia-medica-santiago\/files\/2012\/02\/Pr\u00e1cticas-rurales-en-Chilo\u00e9-1-e1328184658741-957x1024.jpg 957w, https:\/\/medicina.udd.cl\/tecnologia-medica-santiago\/files\/2012\/02\/Pr\u00e1cticas-rurales-en-Chilo\u00e9-1-e1328184658741-898x960.jpg 898w\" sizes=\"auto, (max-width: 280px) 100vw, 280px\" \/><\/a>Al llegar al laboratorio del Hospital de Quell\u00f3n me encontr\u00e9 con una realidad distinta, totalmente fuera de lo que estoy acostumbrado a ver en Santiago, un lugar donde con los m\u00ednimos recursos se debe sacar adelante el servicio y de una manera \u00f3ptima, lo cual se hace muy bien a mi parecer. Con esto me di cuenta que a pesar de no contar con lo mejor para hacer tu trabajo, puedes y debes entregar un servicio de calidad, sobre todo a una comunidad que lo necesita enormemente, eso es vocaci\u00f3n a mi parecer y en el Hospital hay mucha.<\/strong><\/p>\n<p style=\"text-align: justify;\">El otro lugar donde estuve, el laboratorio privado, es un servicio que est\u00e1 creciendo, en v\u00edas de acreditaci\u00f3n que todos los laboratorios de este tipo deben someterse, espero que les vaya muy bien y siempre estar\u00e9 muy agradecido de la forma en la que me recibieron y a las \u00a0grandes personas que trabajan y sacan adelante los ex\u00e1menes de la comunidad, ya que ellos cuentan con un convenio con el CESFAM donde se les derivan los ex\u00e1menes de la comunidad requeridos por esta instituci\u00f3n, por lo cual no s\u00f3lo entregan servicio particular, sino que tambi\u00e9n lo hacen a una gran parte de la poblaci\u00f3n que se atiende en el sector p\u00fablico.<\/p>\n<p style=\"text-align: justify;\">Cuando ya la semana llegaba a su fin nos d\u00e1bamos cuenta que hab\u00eda tanto por hacer y tan poco tiempo que hasta evaluamos quedarnos una semana m\u00e1s, porque nos hab\u00eda encantado este lugar y ve\u00edamos la necesidad de profesionales del \u00e1rea de salud y sobre todo con vocaci\u00f3n como para estar en este lugar rec\u00f3ndito haciendo lo que a uno le gusta, pero todos ten\u00edamos compromisos en Santiago y deb\u00edamos volver, ser\u00e1 para otra ocasi\u00f3n dijimos y con un nudo en la garganta junto con muchos sentimientos encontrados de querer quedarnos tuvimos que partir, con la promesa de alg\u00fan d\u00eda volver.<\/p>\n<p style=\"text-align: justify;\"><strong>Esta experiencia para m\u00ed fue incre\u00edble ya que me sirvi\u00f3 para ver otras realidades\u00a0de la salud de Chile, ver c\u00f3mo profesionales con recursos limitados realizan un trabajo hermoso donde una de sus grandes motivaciones es el amor a lo que hacen junto con el gran cari\u00f1o con el que la gente les responde a su labor&#8230; ese es el mejor sueldo que uno puede recibir.<\/strong><\/p>\n<p style=\"text-align: justify;\">Tambi\u00e9n conoc\u00ed gente incre\u00edble. Al pasar el tiempo se cre\u00f3 una relaci\u00f3n muy buena entre los integrantes del grupo y si me preguntan yo feliz volver\u00eda con ellas a donde nos digan que necesitan gente para pr\u00e1cticas rurales. Me siento afortunado de haber estado con gente que de seguro ser\u00e1n grandes profesionales y tambi\u00e9n grandes personas. En cuanto a m\u00ed, me llevo un recuerdo inolvidable de esta pr\u00e1ctica, entre gente maravillosa que nos hizo sentir como en casa, una realidad que est\u00e1 bien orientada, pero a\u00fan falta mucho por hacer sobre todo en temas de gesti\u00f3n, lugares que superan mis mejores sue\u00f1os y un deseo enorme de volver que espero alg\u00fan d\u00eda cumplir.<\/p>\n<p style=\"text-align: center;\"><a href=\"http:\/\/medicina.udd.cl\/tecnologia-medica-santiago\/files\/2012\/02\/Pr\u00e1cticas-rurales-en-Chilo\u00e9-3.jpg\"><img loading=\"lazy\" decoding=\"async\" class=\"aligncenter size-large wp-image-1267\" title=\"Pr\u00e1cticas rurales en Chilo\u00e9\" src=\"http:\/\/medicina.udd.cl\/tecnologia-medica-santiago\/files\/2012\/02\/Pr\u00e1cticas-rurales-en-Chilo\u00e9-3-1024x768.jpg\" alt=\"\" width=\"442\" height=\"332\" srcset=\"https:\/\/medicina.udd.cl\/tecnologia-medica-santiago\/files\/2012\/02\/Pr\u00e1cticas-rurales-en-Chilo\u00e9-3-1024x768.jpg 1024w, https:\/\/medicina.udd.cl\/tecnologia-medica-santiago\/files\/2012\/02\/Pr\u00e1cticas-rurales-en-Chilo\u00e9-3-300x225.jpg 300w, https:\/\/medicina.udd.cl\/tecnologia-medica-santiago\/files\/2012\/02\/Pr\u00e1cticas-rurales-en-Chilo\u00e9-3-768x576.jpg 768w, https:\/\/medicina.udd.cl\/tecnologia-medica-santiago\/files\/2012\/02\/Pr\u00e1cticas-rurales-en-Chilo\u00e9-3-960x720.jpg 960w\" sizes=\"auto, (max-width: 442px) 100vw, 442px\" \/><\/a><\/p>\n","protected":false},"excerpt":{"rendered":"<p>Relato de Christian Verdugo Escaffi, alumno de 5\u00b0 a\u00f1o de la especialidad de Morfofisiopatolog\u00eda y Citodiagn\u00f3stico de Tecnolog\u00eda M\u00e9dica.<\/p>\n","protected":false},"author":1,"featured_media":0,"comment_status":"open","ping_status":"open","sticky":false,"template":"","format":"standard","meta":{"footnotes":""},"categories":[4],"tags":[],"class_list":["post-1263","post","type-post","status-publish","format-standard","hentry","category-noticias"],"yoast_head":"<!-- This site is optimized with the Yoast SEO plugin v26.9 - https:\/\/yoast.com\/product\/yoast-seo-wordpress\/ -->\n<title>Mi experiencia en las pr\u00e1cticas rurales en Chilo\u00e9 - Tecnolog\u00eda M\u00e9dica<\/title>\n<meta name=\"robots\" content=\"index, follow, max-snippet:-1, max-image-preview:large, max-video-preview:-1\" \/>\n<link rel=\"canonical\" href=\"https:\/\/medicina.udd.cl\/tecnologia-medica-santiago\/noticias\/2012\/02\/02\/mi-experiencia-en-las-practicas-rurales-en-chiloe\/\" \/>\n<meta property=\"og:locale\" content=\"es_ES\" \/>\n<meta property=\"og:type\" content=\"article\" \/>\n<meta property=\"og:title\" content=\"Mi experiencia en las pr\u00e1cticas rurales en Chilo\u00e9 - Tecnolog\u00eda M\u00e9dica\" \/>\n<meta property=\"og:description\" content=\"Relato de Christian Verdugo Escaffi, alumno de 5\u00b0 a\u00f1o de la especialidad de Morfofisiopatolog\u00eda y Citodiagn\u00f3stico de Tecnolog\u00eda M\u00e9dica.\" \/>\n<meta property=\"og:url\" content=\"https:\/\/medicina.udd.cl\/tecnologia-medica-santiago\/noticias\/2012\/02\/02\/mi-experiencia-en-las-practicas-rurales-en-chiloe\/\" \/>\n<meta property=\"og:site_name\" content=\"Tecnolog\u00eda M\u00e9dica\" \/>\n<meta property=\"article:published_time\" content=\"2012-02-02T11:57:57+00:00\" \/>\n<meta property=\"article:modified_time\" content=\"2012-02-02T12:16:16+00:00\" \/>\n<meta name=\"author\" content=\"admin\" \/>\n<meta name=\"twitter:label1\" content=\"Escrito por\" \/>\n\t<meta name=\"twitter:data1\" content=\"admin\" \/>\n\t<meta name=\"twitter:label2\" content=\"Tiempo de lectura\" \/>\n\t<meta name=\"twitter:data2\" content=\"5 minutos\" \/>\n<script type=\"application\/ld+json\" class=\"yoast-schema-graph\">{\"@context\":\"https:\/\/schema.org\",\"@graph\":[{\"@type\":\"Article\",\"@id\":\"https:\/\/medicina.udd.cl\/tecnologia-medica-santiago\/noticias\/2012\/02\/02\/mi-experiencia-en-las-practicas-rurales-en-chiloe\/#article\",\"isPartOf\":{\"@id\":\"https:\/\/medicina.udd.cl\/tecnologia-medica-santiago\/noticias\/2012\/02\/02\/mi-experiencia-en-las-practicas-rurales-en-chiloe\/\"},\"author\":{\"name\":\"admin\",\"@id\":\"https:\/\/medicina.udd.cl\/tecnologia-medica-santiago\/#\/schema\/person\/f7abfa784c86da427e89287831f96ab7\"},\"headline\":\"Mi experiencia en las pr\u00e1cticas rurales en Chilo\u00e9\",\"datePublished\":\"2012-02-02T11:57:57+00:00\",\"dateModified\":\"2012-02-02T12:16:16+00:00\",\"mainEntityOfPage\":{\"@id\":\"https:\/\/medicina.udd.cl\/tecnologia-medica-santiago\/noticias\/2012\/02\/02\/mi-experiencia-en-las-practicas-rurales-en-chiloe\/\"},\"wordCount\":1026,\"commentCount\":0,\"articleSection\":[\"Noticias\"],\"inLanguage\":\"es\",\"potentialAction\":[{\"@type\":\"CommentAction\",\"name\":\"Comment\",\"target\":[\"https:\/\/medicina.udd.cl\/tecnologia-medica-santiago\/noticias\/2012\/02\/02\/mi-experiencia-en-las-practicas-rurales-en-chiloe\/#respond\"]}]},{\"@type\":\"WebPage\",\"@id\":\"https:\/\/medicina.udd.cl\/tecnologia-medica-santiago\/noticias\/2012\/02\/02\/mi-experiencia-en-las-practicas-rurales-en-chiloe\/\",\"url\":\"https:\/\/medicina.udd.cl\/tecnologia-medica-santiago\/noticias\/2012\/02\/02\/mi-experiencia-en-las-practicas-rurales-en-chiloe\/\",\"name\":\"Mi experiencia en las pr\u00e1cticas rurales en Chilo\u00e9 - Tecnolog\u00eda M\u00e9dica\",\"isPartOf\":{\"@id\":\"https:\/\/medicina.udd.cl\/tecnologia-medica-santiago\/#website\"},\"datePublished\":\"2012-02-02T11:57:57+00:00\",\"dateModified\":\"2012-02-02T12:16:16+00:00\",\"author\":{\"@id\":\"https:\/\/medicina.udd.cl\/tecnologia-medica-santiago\/#\/schema\/person\/f7abfa784c86da427e89287831f96ab7\"},\"breadcrumb\":{\"@id\":\"https:\/\/medicina.udd.cl\/tecnologia-medica-santiago\/noticias\/2012\/02\/02\/mi-experiencia-en-las-practicas-rurales-en-chiloe\/#breadcrumb\"},\"inLanguage\":\"es\",\"potentialAction\":[{\"@type\":\"ReadAction\",\"target\":[\"https:\/\/medicina.udd.cl\/tecnologia-medica-santiago\/noticias\/2012\/02\/02\/mi-experiencia-en-las-practicas-rurales-en-chiloe\/\"]}]},{\"@type\":\"BreadcrumbList\",\"@id\":\"https:\/\/medicina.udd.cl\/tecnologia-medica-santiago\/noticias\/2012\/02\/02\/mi-experiencia-en-las-practicas-rurales-en-chiloe\/#breadcrumb\",\"itemListElement\":[{\"@type\":\"ListItem\",\"position\":1,\"name\":\"Home\",\"item\":\"https:\/\/medicina.udd.cl\/tecnologia-medica-santiago\/\"},{\"@type\":\"ListItem\",\"position\":2,\"name\":\"Mi experiencia en las pr\u00e1cticas rurales en Chilo\u00e9\"}]},{\"@type\":\"WebSite\",\"@id\":\"https:\/\/medicina.udd.cl\/tecnologia-medica-santiago\/#website\",\"url\":\"https:\/\/medicina.udd.cl\/tecnologia-medica-santiago\/\",\"name\":\"Tecnolog\u00eda M\u00e9dica\",\"description\":\"Facultad de Medicina Cl\u00ednica Alemana Universidad del Desarrollo\",\"inLanguage\":\"es\"},{\"@type\":\"Person\",\"@id\":\"https:\/\/medicina.udd.cl\/tecnologia-medica-santiago\/#\/schema\/person\/f7abfa784c86da427e89287831f96ab7\",\"name\":\"admin\",\"image\":{\"@type\":\"ImageObject\",\"inLanguage\":\"es\",\"@id\":\"https:\/\/medicina.udd.cl\/tecnologia-medica-santiago\/#\/schema\/person\/image\/\",\"url\":\"https:\/\/secure.gravatar.com\/avatar\/3cb6da298954dfb54457c0910b8c9ca010abd8d87a60f7d701b6ce4254e1c642?s=96&d=mm&r=g\",\"contentUrl\":\"https:\/\/secure.gravatar.com\/avatar\/3cb6da298954dfb54457c0910b8c9ca010abd8d87a60f7d701b6ce4254e1c642?s=96&d=mm&r=g\",\"caption\":\"admin\"},\"url\":\"https:\/\/medicina.udd.cl\/tecnologia-medica-santiago\/noticias\/author\/admin\/\"}]}<\/script>\n<!-- \/ Yoast SEO plugin. -->","yoast_head_json":{"title":"Mi experiencia en las pr\u00e1cticas rurales en Chilo\u00e9 - Tecnolog\u00eda M\u00e9dica","robots":{"index":"index","follow":"follow","max-snippet":"max-snippet:-1","max-image-preview":"max-image-preview:large","max-video-preview":"max-video-preview:-1"},"canonical":"https:\/\/medicina.udd.cl\/tecnologia-medica-santiago\/noticias\/2012\/02\/02\/mi-experiencia-en-las-practicas-rurales-en-chiloe\/","og_locale":"es_ES","og_type":"article","og_title":"Mi experiencia en las pr\u00e1cticas rurales en Chilo\u00e9 - Tecnolog\u00eda M\u00e9dica","og_description":"Relato de Christian Verdugo Escaffi, alumno de 5\u00b0 a\u00f1o de la especialidad de Morfofisiopatolog\u00eda y Citodiagn\u00f3stico de Tecnolog\u00eda M\u00e9dica.","og_url":"https:\/\/medicina.udd.cl\/tecnologia-medica-santiago\/noticias\/2012\/02\/02\/mi-experiencia-en-las-practicas-rurales-en-chiloe\/","og_site_name":"Tecnolog\u00eda M\u00e9dica","article_published_time":"2012-02-02T11:57:57+00:00","article_modified_time":"2012-02-02T12:16:16+00:00","author":"admin","twitter_misc":{"Escrito por":"admin","Tiempo de lectura":"5 minutos"},"schema":{"@context":"https:\/\/schema.org","@graph":[{"@type":"Article","@id":"https:\/\/medicina.udd.cl\/tecnologia-medica-santiago\/noticias\/2012\/02\/02\/mi-experiencia-en-las-practicas-rurales-en-chiloe\/#article","isPartOf":{"@id":"https:\/\/medicina.udd.cl\/tecnologia-medica-santiago\/noticias\/2012\/02\/02\/mi-experiencia-en-las-practicas-rurales-en-chiloe\/"},"author":{"name":"admin","@id":"https:\/\/medicina.udd.cl\/tecnologia-medica-santiago\/#\/schema\/person\/f7abfa784c86da427e89287831f96ab7"},"headline":"Mi experiencia en las pr\u00e1cticas rurales en Chilo\u00e9","datePublished":"2012-02-02T11:57:57+00:00","dateModified":"2012-02-02T12:16:16+00:00","mainEntityOfPage":{"@id":"https:\/\/medicina.udd.cl\/tecnologia-medica-santiago\/noticias\/2012\/02\/02\/mi-experiencia-en-las-practicas-rurales-en-chiloe\/"},"wordCount":1026,"commentCount":0,"articleSection":["Noticias"],"inLanguage":"es","potentialAction":[{"@type":"CommentAction","name":"Comment","target":["https:\/\/medicina.udd.cl\/tecnologia-medica-santiago\/noticias\/2012\/02\/02\/mi-experiencia-en-las-practicas-rurales-en-chiloe\/#respond"]}]},{"@type":"WebPage","@id":"https:\/\/medicina.udd.cl\/tecnologia-medica-santiago\/noticias\/2012\/02\/02\/mi-experiencia-en-las-practicas-rurales-en-chiloe\/","url":"https:\/\/medicina.udd.cl\/tecnologia-medica-santiago\/noticias\/2012\/02\/02\/mi-experiencia-en-las-practicas-rurales-en-chiloe\/","name":"Mi experiencia en las pr\u00e1cticas rurales en Chilo\u00e9 - Tecnolog\u00eda M\u00e9dica","isPartOf":{"@id":"https:\/\/medicina.udd.cl\/tecnologia-medica-santiago\/#website"},"datePublished":"2012-02-02T11:57:57+00:00","dateModified":"2012-02-02T12:16:16+00:00","author":{"@id":"https:\/\/medicina.udd.cl\/tecnologia-medica-santiago\/#\/schema\/person\/f7abfa784c86da427e89287831f96ab7"},"breadcrumb":{"@id":"https:\/\/medicina.udd.cl\/tecnologia-medica-santiago\/noticias\/2012\/02\/02\/mi-experiencia-en-las-practicas-rurales-en-chiloe\/#breadcrumb"},"inLanguage":"es","potentialAction":[{"@type":"ReadAction","target":["https:\/\/medicina.udd.cl\/tecnologia-medica-santiago\/noticias\/2012\/02\/02\/mi-experiencia-en-las-practicas-rurales-en-chiloe\/"]}]},{"@type":"BreadcrumbList","@id":"https:\/\/medicina.udd.cl\/tecnologia-medica-santiago\/noticias\/2012\/02\/02\/mi-experiencia-en-las-practicas-rurales-en-chiloe\/#breadcrumb","itemListElement":[{"@type":"ListItem","position":1,"name":"Home","item":"https:\/\/medicina.udd.cl\/tecnologia-medica-santiago\/"},{"@type":"ListItem","position":2,"name":"Mi experiencia en las pr\u00e1cticas rurales en Chilo\u00e9"}]},{"@type":"WebSite","@id":"https:\/\/medicina.udd.cl\/tecnologia-medica-santiago\/#website","url":"https:\/\/medicina.udd.cl\/tecnologia-medica-santiago\/","name":"Tecnolog\u00eda M\u00e9dica","description":"Facultad de Medicina Cl\u00ednica Alemana Universidad del Desarrollo","inLanguage":"es"},{"@type":"Person","@id":"https:\/\/medicina.udd.cl\/tecnologia-medica-santiago\/#\/schema\/person\/f7abfa784c86da427e89287831f96ab7","name":"admin","image":{"@type":"ImageObject","inLanguage":"es","@id":"https:\/\/medicina.udd.cl\/tecnologia-medica-santiago\/#\/schema\/person\/image\/","url":"https:\/\/secure.gravatar.com\/avatar\/3cb6da298954dfb54457c0910b8c9ca010abd8d87a60f7d701b6ce4254e1c642?s=96&d=mm&r=g","contentUrl":"https:\/\/secure.gravatar.com\/avatar\/3cb6da298954dfb54457c0910b8c9ca010abd8d87a60f7d701b6ce4254e1c642?s=96&d=mm&r=g","caption":"admin"},"url":"https:\/\/medicina.udd.cl\/tecnologia-medica-santiago\/noticias\/author\/admin\/"}]}},"featured_image_url":null,"_links":{"self":[{"href":"https:\/\/medicina.udd.cl\/tecnologia-medica-santiago\/wp-json\/wp\/v2\/posts\/1263","targetHints":{"allow":["GET"]}}],"collection":[{"href":"https:\/\/medicina.udd.cl\/tecnologia-medica-santiago\/wp-json\/wp\/v2\/posts"}],"about":[{"href":"https:\/\/medicina.udd.cl\/tecnologia-medica-santiago\/wp-json\/wp\/v2\/types\/post"}],"author":[{"embeddable":true,"href":"https:\/\/medicina.udd.cl\/tecnologia-medica-santiago\/wp-json\/wp\/v2\/users\/1"}],"replies":[{"embeddable":true,"href":"https:\/\/medicina.udd.cl\/tecnologia-medica-santiago\/wp-json\/wp\/v2\/comments?post=1263"}],"version-history":[{"count":7,"href":"https:\/\/medicina.udd.cl\/tecnologia-medica-santiago\/wp-json\/wp\/v2\/posts\/1263\/revisions"}],"predecessor-version":[{"id":1273,"href":"https:\/\/medicina.udd.cl\/tecnologia-medica-santiago\/wp-json\/wp\/v2\/posts\/1263\/revisions\/1273"}],"wp:attachment":[{"href":"https:\/\/medicina.udd.cl\/tecnologia-medica-santiago\/wp-json\/wp\/v2\/media?parent=1263"}],"wp:term":[{"taxonomy":"category","embeddable":true,"href":"https:\/\/medicina.udd.cl\/tecnologia-medica-santiago\/wp-json\/wp\/v2\/categories?post=1263"},{"taxonomy":"post_tag","embeddable":true,"href":"https:\/\/medicina.udd.cl\/tecnologia-medica-santiago\/wp-json\/wp\/v2\/tags?post=1263"}],"curies":[{"name":"wp","href":"https:\/\/api.w.org\/{rel}","templated":true}]}}