{"id":2380,"date":"2013-08-08T15:29:19","date_gmt":"2013-08-08T19:29:19","guid":{"rendered":"http:\/\/medicina.udd.cl\/tecnologia-medica-santiago\/?p=2380"},"modified":"2013-08-12T15:30:18","modified_gmt":"2013-08-12T19:30:18","slug":"docentes-de-tecnologia-medica-asistieron-al-mayor-encuentro-publico-privado-de-salud","status":"publish","type":"post","link":"https:\/\/medicina.udd.cl\/tecnologia-medica-santiago\/noticias\/2013\/08\/08\/docentes-de-tecnologia-medica-asistieron-al-mayor-encuentro-publico-privado-de-salud\/","title":{"rendered":"Docentes de Tecnolog\u00eda M\u00e9dica asistieron al mayor encuentro p\u00fablico-privado de Salud"},"content":{"rendered":"<div id=\"gallery-1\" class=\"carousel slide carousel-gallery\" data-ride=\"false\" data-interval=\"false\"><div class=\"carousel-inner\" role=\"listbox\"><figure class=\"carousel-item active\"><img loading=\"lazy\" decoding=\"async\" width=\"805\" height=\"534\" src=\"https:\/\/medicina.udd.cl\/tecnologia-medica-santiago\/files\/2013\/08\/Dr.-Enrique-Paris-presidente-Colegio-M\u00e9dico.jpg\" class=\"attachment-landscape_952 size-landscape_952\" alt=\"\" srcset=\"https:\/\/medicina.udd.cl\/tecnologia-medica-santiago\/files\/2013\/08\/Dr.-Enrique-Paris-presidente-Colegio-M\u00e9dico.jpg 1349w, https:\/\/medicina.udd.cl\/tecnologia-medica-santiago\/files\/2013\/08\/Dr.-Enrique-Paris-presidente-Colegio-M\u00e9dico-300x199.jpg 300w, https:\/\/medicina.udd.cl\/tecnologia-medica-santiago\/files\/2013\/08\/Dr.-Enrique-Paris-presidente-Colegio-M\u00e9dico-768x510.jpg 768w, https:\/\/medicina.udd.cl\/tecnologia-medica-santiago\/files\/2013\/08\/Dr.-Enrique-Paris-presidente-Colegio-M\u00e9dico-1024x679.jpg 1024w, https:\/\/medicina.udd.cl\/tecnologia-medica-santiago\/files\/2013\/08\/Dr.-Enrique-Paris-presidente-Colegio-M\u00e9dico-960x637.jpg 960w\" sizes=\"auto, (max-width: 805px) 100vw, 805px\" \/><\/figure><figure class=\"carousel-item\"><img loading=\"lazy\" decoding=\"async\" width=\"805\" height=\"534\" src=\"https:\/\/medicina.udd.cl\/tecnologia-medica-santiago\/files\/2013\/08\/Stand-de-empresas.jpg\" class=\"attachment-landscape_952 size-landscape_952\" alt=\"\" srcset=\"https:\/\/medicina.udd.cl\/tecnologia-medica-santiago\/files\/2013\/08\/Stand-de-empresas.jpg 1349w, https:\/\/medicina.udd.cl\/tecnologia-medica-santiago\/files\/2013\/08\/Stand-de-empresas-300x199.jpg 300w, https:\/\/medicina.udd.cl\/tecnologia-medica-santiago\/files\/2013\/08\/Stand-de-empresas-768x510.jpg 768w, https:\/\/medicina.udd.cl\/tecnologia-medica-santiago\/files\/2013\/08\/Stand-de-empresas-1024x679.jpg 1024w, https:\/\/medicina.udd.cl\/tecnologia-medica-santiago\/files\/2013\/08\/Stand-de-empresas-960x637.jpg 960w\" sizes=\"auto, (max-width: 805px) 100vw, 805px\" \/><\/figure><\/div><footer class=\"carousel-footer\"><div class=\"carousel-counter\"><span class=\"carousel-counter-current\"><\/span> \/ <span class=\"carousel-counter-total\"><\/span><\/div><a class=\"carousel-control-prev\" href=\"#gallery-1\" role=\"button\" data-slide=\"prev\"><svg aria-hidden=\"true\" class=\"svg-chevron-left-dims\"><use xlink:href='https:\/\/medicina.udd.cl\/tecnologia-medica-santiago\/wp-content\/themes\/facultades-2018\/assets\/img\/svg\/dist\/main.svg?version=1695853099#chevron-left'><\/use><\/svg><span class=\"sr-only\">Anterior<\/span><\/a><a class=\"carousel-control-next\" href=\"#gallery-1\" role=\"button\" data-slide=\"next\"><svg aria-hidden=\"true\" class=\"svg-chevron-right-dims\"><use xlink:href='https:\/\/medicina.udd.cl\/tecnologia-medica-santiago\/wp-content\/themes\/facultades-2018\/assets\/img\/svg\/dist\/main.svg?version=1695853099#chevron-right'><\/use><\/svg><span class=\"sr-only\">Siguiente<\/span><\/a><\/footer><\/div>\n<p>\u201cColegios profesionales y formaci\u00f3n acad\u00e9mica\u201d fue la exposici\u00f3n a la que asistieron las autoridades y docentes de Tecnolog\u00eda M\u00e9dica, en donde se profundizaron temas como la eficiencia y objetivos del Examen \u00danico Nacional de Competencias en Medicina, Enfermer\u00eda y Cirujanos Dentistas.<\/p>\n<p>Estos talleres fueron dirigidos por los presidentes de los colegios de cada especialidad, en una instancia que estuvo inserta en la tercera versi\u00f3n de la Expo Hospital 2013 que se realiz\u00f3 en Espacio Riesco.<\/p>\n<p>En el encuentro participaron 160 empresas expositoras de Am\u00e9rica, Europa y Asia para presentar los \u00faltimos avances en tecnolog\u00eda, productos y servicios para hospitales y Cl\u00ednicas.<\/p>\n","protected":false},"excerpt":{"rendered":"<p>La directora de carrera, Mar\u00eda Adriana Parra, y la coordinadora general del laboratorio, Evelyn Cobo, participaron en talleres de la Expo Hospital 2013.<\/p>\n","protected":false},"author":40,"featured_media":2381,"comment_status":"open","ping_status":"open","sticky":false,"template":"","format":"standard","meta":{"footnotes":""},"categories":[4],"tags":[],"class_list":["post-2380","post","type-post","status-publish","format-standard","has-post-thumbnail","hentry","category-noticias"],"yoast_head":"<!-- This site is optimized with the Yoast SEO plugin v26.9 - https:\/\/yoast.com\/product\/yoast-seo-wordpress\/ -->\n<title>Docentes de Tecnolog\u00eda M\u00e9dica asistieron al mayor encuentro p\u00fablico-privado de Salud - Tecnolog\u00eda M\u00e9dica<\/title>\n<meta name=\"robots\" content=\"index, follow, max-snippet:-1, max-image-preview:large, max-video-preview:-1\" \/>\n<link rel=\"canonical\" href=\"https:\/\/medicina.udd.cl\/tecnologia-medica-santiago\/noticias\/2013\/08\/08\/docentes-de-tecnologia-medica-asistieron-al-mayor-encuentro-publico-privado-de-salud\/\" \/>\n<meta property=\"og:locale\" content=\"es_ES\" \/>\n<meta property=\"og:type\" content=\"article\" \/>\n<meta property=\"og:title\" content=\"Docentes de Tecnolog\u00eda M\u00e9dica asistieron al mayor encuentro p\u00fablico-privado de Salud - Tecnolog\u00eda M\u00e9dica\" \/>\n<meta property=\"og:description\" content=\"La directora de carrera, Mar\u00eda Adriana Parra, y la coordinadora general del laboratorio, Evelyn Cobo, participaron en talleres de la Expo Hospital 2013.\" \/>\n<meta property=\"og:url\" content=\"https:\/\/medicina.udd.cl\/tecnologia-medica-santiago\/noticias\/2013\/08\/08\/docentes-de-tecnologia-medica-asistieron-al-mayor-encuentro-publico-privado-de-salud\/\" \/>\n<meta property=\"og:site_name\" content=\"Tecnolog\u00eda M\u00e9dica\" \/>\n<meta property=\"article:published_time\" content=\"2013-08-08T19:29:19+00:00\" \/>\n<meta property=\"article:modified_time\" content=\"2013-08-12T19:30:18+00:00\" \/>\n<meta property=\"og:image\" content=\"https:\/\/medicina.udd.cl\/tecnologia-medica-santiago\/files\/2013\/08\/Dr.-Enrique-Paris-presidente-Colegio-M\u00e9dico.jpg\" \/>\n\t<meta property=\"og:image:width\" content=\"1349\" \/>\n\t<meta property=\"og:image:height\" content=\"895\" \/>\n\t<meta property=\"og:image:type\" content=\"image\/jpeg\" \/>\n<meta name=\"twitter:label1\" content=\"Escrito por\" \/>\n\t<meta name=\"twitter:data1\" content=\"\" \/>\n\t<meta name=\"twitter:label2\" content=\"Tiempo de lectura\" \/>\n\t<meta name=\"twitter:data2\" content=\"1 minuto\" \/>\n<script type=\"application\/ld+json\" class=\"yoast-schema-graph\">{\"@context\":\"https:\/\/schema.org\",\"@graph\":[{\"@type\":\"Article\",\"@id\":\"https:\/\/medicina.udd.cl\/tecnologia-medica-santiago\/noticias\/2013\/08\/08\/docentes-de-tecnologia-medica-asistieron-al-mayor-encuentro-publico-privado-de-salud\/#article\",\"isPartOf\":{\"@id\":\"https:\/\/medicina.udd.cl\/tecnologia-medica-santiago\/noticias\/2013\/08\/08\/docentes-de-tecnologia-medica-asistieron-al-mayor-encuentro-publico-privado-de-salud\/\"},\"author\":{\"name\":\"\",\"@id\":\"\"},\"headline\":\"Docentes de Tecnolog\u00eda M\u00e9dica asistieron al mayor encuentro p\u00fablico-privado de Salud\",\"datePublished\":\"2013-08-08T19:29:19+00:00\",\"dateModified\":\"2013-08-12T19:30:18+00:00\",\"mainEntityOfPage\":{\"@id\":\"https:\/\/medicina.udd.cl\/tecnologia-medica-santiago\/noticias\/2013\/08\/08\/docentes-de-tecnologia-medica-asistieron-al-mayor-encuentro-publico-privado-de-salud\/\"},\"wordCount\":125,\"commentCount\":0,\"image\":{\"@id\":\"https:\/\/medicina.udd.cl\/tecnologia-medica-santiago\/noticias\/2013\/08\/08\/docentes-de-tecnologia-medica-asistieron-al-mayor-encuentro-publico-privado-de-salud\/#primaryimage\"},\"thumbnailUrl\":\"https:\/\/medicina.udd.cl\/tecnologia-medica-santiago\/files\/2013\/08\/Dr.-Enrique-Paris-presidente-Colegio-M\u00e9dico.jpg\",\"articleSection\":[\"Noticias\"],\"inLanguage\":\"es\",\"potentialAction\":[{\"@type\":\"CommentAction\",\"name\":\"Comment\",\"target\":[\"https:\/\/medicina.udd.cl\/tecnologia-medica-santiago\/noticias\/2013\/08\/08\/docentes-de-tecnologia-medica-asistieron-al-mayor-encuentro-publico-privado-de-salud\/#respond\"]}]},{\"@type\":\"WebPage\",\"@id\":\"https:\/\/medicina.udd.cl\/tecnologia-medica-santiago\/noticias\/2013\/08\/08\/docentes-de-tecnologia-medica-asistieron-al-mayor-encuentro-publico-privado-de-salud\/\",\"url\":\"https:\/\/medicina.udd.cl\/tecnologia-medica-santiago\/noticias\/2013\/08\/08\/docentes-de-tecnologia-medica-asistieron-al-mayor-encuentro-publico-privado-de-salud\/\",\"name\":\"Docentes de Tecnolog\u00eda M\u00e9dica asistieron al mayor encuentro p\u00fablico-privado de Salud - Tecnolog\u00eda M\u00e9dica\",\"isPartOf\":{\"@id\":\"https:\/\/medicina.udd.cl\/tecnologia-medica-santiago\/#website\"},\"primaryImageOfPage\":{\"@id\":\"https:\/\/medicina.udd.cl\/tecnologia-medica-santiago\/noticias\/2013\/08\/08\/docentes-de-tecnologia-medica-asistieron-al-mayor-encuentro-publico-privado-de-salud\/#primaryimage\"},\"image\":{\"@id\":\"https:\/\/medicina.udd.cl\/tecnologia-medica-santiago\/noticias\/2013\/08\/08\/docentes-de-tecnologia-medica-asistieron-al-mayor-encuentro-publico-privado-de-salud\/#primaryimage\"},\"thumbnailUrl\":\"https:\/\/medicina.udd.cl\/tecnologia-medica-santiago\/files\/2013\/08\/Dr.-Enrique-Paris-presidente-Colegio-M\u00e9dico.jpg\",\"datePublished\":\"2013-08-08T19:29:19+00:00\",\"dateModified\":\"2013-08-12T19:30:18+00:00\",\"author\":{\"@id\":\"\"},\"breadcrumb\":{\"@id\":\"https:\/\/medicina.udd.cl\/tecnologia-medica-santiago\/noticias\/2013\/08\/08\/docentes-de-tecnologia-medica-asistieron-al-mayor-encuentro-publico-privado-de-salud\/#breadcrumb\"},\"inLanguage\":\"es\",\"potentialAction\":[{\"@type\":\"ReadAction\",\"target\":[\"https:\/\/medicina.udd.cl\/tecnologia-medica-santiago\/noticias\/2013\/08\/08\/docentes-de-tecnologia-medica-asistieron-al-mayor-encuentro-publico-privado-de-salud\/\"]}]},{\"@type\":\"ImageObject\",\"inLanguage\":\"es\",\"@id\":\"https:\/\/medicina.udd.cl\/tecnologia-medica-santiago\/noticias\/2013\/08\/08\/docentes-de-tecnologia-medica-asistieron-al-mayor-encuentro-publico-privado-de-salud\/#primaryimage\",\"url\":\"https:\/\/medicina.udd.cl\/tecnologia-medica-santiago\/files\/2013\/08\/Dr.-Enrique-Paris-presidente-Colegio-M\u00e9dico.jpg\",\"contentUrl\":\"https:\/\/medicina.udd.cl\/tecnologia-medica-santiago\/files\/2013\/08\/Dr.-Enrique-Paris-presidente-Colegio-M\u00e9dico.jpg\",\"width\":1349,\"height\":895},{\"@type\":\"BreadcrumbList\",\"@id\":\"https:\/\/medicina.udd.cl\/tecnologia-medica-santiago\/noticias\/2013\/08\/08\/docentes-de-tecnologia-medica-asistieron-al-mayor-encuentro-publico-privado-de-salud\/#breadcrumb\",\"itemListElement\":[{\"@type\":\"ListItem\",\"position\":1,\"name\":\"Home\",\"item\":\"https:\/\/medicina.udd.cl\/tecnologia-medica-santiago\/\"},{\"@type\":\"ListItem\",\"position\":2,\"name\":\"Docentes de Tecnolog\u00eda M\u00e9dica asistieron al mayor encuentro p\u00fablico-privado de Salud\"}]},{\"@type\":\"WebSite\",\"@id\":\"https:\/\/medicina.udd.cl\/tecnologia-medica-santiago\/#website\",\"url\":\"https:\/\/medicina.udd.cl\/tecnologia-medica-santiago\/\",\"name\":\"Tecnolog\u00eda M\u00e9dica\",\"description\":\"Facultad de Medicina Cl\u00ednica Alemana Universidad del Desarrollo\",\"inLanguage\":\"es\"},{\"@type\":\"Person\",\"@id\":\"\",\"url\":\"https:\/\/medicina.udd.cl\/tecnologia-medica-santiago\/noticias\/author\/\"}]}<\/script>\n<!-- \/ Yoast SEO plugin. -->","yoast_head_json":{"title":"Docentes de Tecnolog\u00eda M\u00e9dica asistieron al mayor encuentro p\u00fablico-privado de Salud - Tecnolog\u00eda M\u00e9dica","robots":{"index":"index","follow":"follow","max-snippet":"max-snippet:-1","max-image-preview":"max-image-preview:large","max-video-preview":"max-video-preview:-1"},"canonical":"https:\/\/medicina.udd.cl\/tecnologia-medica-santiago\/noticias\/2013\/08\/08\/docentes-de-tecnologia-medica-asistieron-al-mayor-encuentro-publico-privado-de-salud\/","og_locale":"es_ES","og_type":"article","og_title":"Docentes de Tecnolog\u00eda M\u00e9dica asistieron al mayor encuentro p\u00fablico-privado de Salud - Tecnolog\u00eda M\u00e9dica","og_description":"La directora de carrera, Mar\u00eda Adriana Parra, y la coordinadora general del laboratorio, Evelyn Cobo, participaron en talleres de la Expo Hospital 2013.","og_url":"https:\/\/medicina.udd.cl\/tecnologia-medica-santiago\/noticias\/2013\/08\/08\/docentes-de-tecnologia-medica-asistieron-al-mayor-encuentro-publico-privado-de-salud\/","og_site_name":"Tecnolog\u00eda M\u00e9dica","article_published_time":"2013-08-08T19:29:19+00:00","article_modified_time":"2013-08-12T19:30:18+00:00","og_image":[{"width":1349,"height":895,"url":"https:\/\/medicina.udd.cl\/tecnologia-medica-santiago\/files\/2013\/08\/Dr.-Enrique-Paris-presidente-Colegio-M\u00e9dico.jpg","type":"image\/jpeg"}],"twitter_misc":{"Escrito por":"","Tiempo de lectura":"1 minuto"},"schema":{"@context":"https:\/\/schema.org","@graph":[{"@type":"Article","@id":"https:\/\/medicina.udd.cl\/tecnologia-medica-santiago\/noticias\/2013\/08\/08\/docentes-de-tecnologia-medica-asistieron-al-mayor-encuentro-publico-privado-de-salud\/#article","isPartOf":{"@id":"https:\/\/medicina.udd.cl\/tecnologia-medica-santiago\/noticias\/2013\/08\/08\/docentes-de-tecnologia-medica-asistieron-al-mayor-encuentro-publico-privado-de-salud\/"},"author":{"name":"","@id":""},"headline":"Docentes de Tecnolog\u00eda M\u00e9dica asistieron al mayor encuentro p\u00fablico-privado de Salud","datePublished":"2013-08-08T19:29:19+00:00","dateModified":"2013-08-12T19:30:18+00:00","mainEntityOfPage":{"@id":"https:\/\/medicina.udd.cl\/tecnologia-medica-santiago\/noticias\/2013\/08\/08\/docentes-de-tecnologia-medica-asistieron-al-mayor-encuentro-publico-privado-de-salud\/"},"wordCount":125,"commentCount":0,"image":{"@id":"https:\/\/medicina.udd.cl\/tecnologia-medica-santiago\/noticias\/2013\/08\/08\/docentes-de-tecnologia-medica-asistieron-al-mayor-encuentro-publico-privado-de-salud\/#primaryimage"},"thumbnailUrl":"https:\/\/medicina.udd.cl\/tecnologia-medica-santiago\/files\/2013\/08\/Dr.-Enrique-Paris-presidente-Colegio-M\u00e9dico.jpg","articleSection":["Noticias"],"inLanguage":"es","potentialAction":[{"@type":"CommentAction","name":"Comment","target":["https:\/\/medicina.udd.cl\/tecnologia-medica-santiago\/noticias\/2013\/08\/08\/docentes-de-tecnologia-medica-asistieron-al-mayor-encuentro-publico-privado-de-salud\/#respond"]}]},{"@type":"WebPage","@id":"https:\/\/medicina.udd.cl\/tecnologia-medica-santiago\/noticias\/2013\/08\/08\/docentes-de-tecnologia-medica-asistieron-al-mayor-encuentro-publico-privado-de-salud\/","url":"https:\/\/medicina.udd.cl\/tecnologia-medica-santiago\/noticias\/2013\/08\/08\/docentes-de-tecnologia-medica-asistieron-al-mayor-encuentro-publico-privado-de-salud\/","name":"Docentes de Tecnolog\u00eda M\u00e9dica asistieron al mayor encuentro p\u00fablico-privado de Salud - Tecnolog\u00eda M\u00e9dica","isPartOf":{"@id":"https:\/\/medicina.udd.cl\/tecnologia-medica-santiago\/#website"},"primaryImageOfPage":{"@id":"https:\/\/medicina.udd.cl\/tecnologia-medica-santiago\/noticias\/2013\/08\/08\/docentes-de-tecnologia-medica-asistieron-al-mayor-encuentro-publico-privado-de-salud\/#primaryimage"},"image":{"@id":"https:\/\/medicina.udd.cl\/tecnologia-medica-santiago\/noticias\/2013\/08\/08\/docentes-de-tecnologia-medica-asistieron-al-mayor-encuentro-publico-privado-de-salud\/#primaryimage"},"thumbnailUrl":"https:\/\/medicina.udd.cl\/tecnologia-medica-santiago\/files\/2013\/08\/Dr.-Enrique-Paris-presidente-Colegio-M\u00e9dico.jpg","datePublished":"2013-08-08T19:29:19+00:00","dateModified":"2013-08-12T19:30:18+00:00","author":{"@id":""},"breadcrumb":{"@id":"https:\/\/medicina.udd.cl\/tecnologia-medica-santiago\/noticias\/2013\/08\/08\/docentes-de-tecnologia-medica-asistieron-al-mayor-encuentro-publico-privado-de-salud\/#breadcrumb"},"inLanguage":"es","potentialAction":[{"@type":"ReadAction","target":["https:\/\/medicina.udd.cl\/tecnologia-medica-santiago\/noticias\/2013\/08\/08\/docentes-de-tecnologia-medica-asistieron-al-mayor-encuentro-publico-privado-de-salud\/"]}]},{"@type":"ImageObject","inLanguage":"es","@id":"https:\/\/medicina.udd.cl\/tecnologia-medica-santiago\/noticias\/2013\/08\/08\/docentes-de-tecnologia-medica-asistieron-al-mayor-encuentro-publico-privado-de-salud\/#primaryimage","url":"https:\/\/medicina.udd.cl\/tecnologia-medica-santiago\/files\/2013\/08\/Dr.-Enrique-Paris-presidente-Colegio-M\u00e9dico.jpg","contentUrl":"https:\/\/medicina.udd.cl\/tecnologia-medica-santiago\/files\/2013\/08\/Dr.-Enrique-Paris-presidente-Colegio-M\u00e9dico.jpg","width":1349,"height":895},{"@type":"BreadcrumbList","@id":"https:\/\/medicina.udd.cl\/tecnologia-medica-santiago\/noticias\/2013\/08\/08\/docentes-de-tecnologia-medica-asistieron-al-mayor-encuentro-publico-privado-de-salud\/#breadcrumb","itemListElement":[{"@type":"ListItem","position":1,"name":"Home","item":"https:\/\/medicina.udd.cl\/tecnologia-medica-santiago\/"},{"@type":"ListItem","position":2,"name":"Docentes de Tecnolog\u00eda M\u00e9dica asistieron al mayor encuentro p\u00fablico-privado de Salud"}]},{"@type":"WebSite","@id":"https:\/\/medicina.udd.cl\/tecnologia-medica-santiago\/#website","url":"https:\/\/medicina.udd.cl\/tecnologia-medica-santiago\/","name":"Tecnolog\u00eda M\u00e9dica","description":"Facultad de Medicina Cl\u00ednica Alemana Universidad del Desarrollo","inLanguage":"es"},{"@type":"Person","@id":"","url":"https:\/\/medicina.udd.cl\/tecnologia-medica-santiago\/noticias\/author\/"}]}},"featured_image_url":"https:\/\/medicina.udd.cl\/tecnologia-medica-santiago\/files\/2013\/08\/Dr.-Enrique-Paris-presidente-Colegio-M\u00e9dico.jpg","_links":{"self":[{"href":"https:\/\/medicina.udd.cl\/tecnologia-medica-santiago\/wp-json\/wp\/v2\/posts\/2380","targetHints":{"allow":["GET"]}}],"collection":[{"href":"https:\/\/medicina.udd.cl\/tecnologia-medica-santiago\/wp-json\/wp\/v2\/posts"}],"about":[{"href":"https:\/\/medicina.udd.cl\/tecnologia-medica-santiago\/wp-json\/wp\/v2\/types\/post"}],"author":[{"embeddable":true,"href":"https:\/\/medicina.udd.cl\/tecnologia-medica-santiago\/wp-json\/wp\/v2\/users\/40"}],"replies":[{"embeddable":true,"href":"https:\/\/medicina.udd.cl\/tecnologia-medica-santiago\/wp-json\/wp\/v2\/comments?post=2380"}],"version-history":[{"count":2,"href":"https:\/\/medicina.udd.cl\/tecnologia-medica-santiago\/wp-json\/wp\/v2\/posts\/2380\/revisions"}],"predecessor-version":[{"id":2384,"href":"https:\/\/medicina.udd.cl\/tecnologia-medica-santiago\/wp-json\/wp\/v2\/posts\/2380\/revisions\/2384"}],"wp:featuredmedia":[{"embeddable":true,"href":"https:\/\/medicina.udd.cl\/tecnologia-medica-santiago\/wp-json\/wp\/v2\/media\/2381"}],"wp:attachment":[{"href":"https:\/\/medicina.udd.cl\/tecnologia-medica-santiago\/wp-json\/wp\/v2\/media?parent=2380"}],"wp:term":[{"taxonomy":"category","embeddable":true,"href":"https:\/\/medicina.udd.cl\/tecnologia-medica-santiago\/wp-json\/wp\/v2\/categories?post=2380"},{"taxonomy":"post_tag","embeddable":true,"href":"https:\/\/medicina.udd.cl\/tecnologia-medica-santiago\/wp-json\/wp\/v2\/tags?post=2380"}],"curies":[{"name":"wp","href":"https:\/\/api.w.org\/{rel}","templated":true}]}}