{"id":2496,"date":"2013-09-09T10:04:44","date_gmt":"2013-09-09T14:04:44","guid":{"rendered":"http:\/\/medicina.udd.cl\/tecnologia-medica-santiago\/?p=2496"},"modified":"2013-11-07T17:27:37","modified_gmt":"2013-11-07T20:27:37","slug":"tecnologia-medica-presente-en-importante-evento-de-salud","status":"publish","type":"post","link":"https:\/\/medicina.udd.cl\/tecnologia-medica-santiago\/noticias\/2013\/09\/09\/tecnologia-medica-presente-en-importante-evento-de-salud\/","title":{"rendered":"Tecnolog\u00eda M\u00e9dica presente en importante evento de Salud"},"content":{"rendered":"<div id=\"gallery-1\" class=\"carousel slide carousel-gallery\" data-ride=\"false\" data-interval=\"false\"><div class=\"carousel-inner\" role=\"listbox\"><figure class=\"carousel-item active\"><img loading=\"lazy\" decoding=\"async\" width=\"712\" height=\"534\" src=\"https:\/\/medicina.udd.cl\/tecnologia-medica-santiago\/files\/2013\/09\/Julio-Gonz\u00e1lez-Camilo-Rosas-Rosa-Oyarce-y-Mar\u00eda-Adriana-Parra.jpg\" class=\"attachment-landscape_952 size-landscape_952\" alt=\"\" srcset=\"https:\/\/medicina.udd.cl\/tecnologia-medica-santiago\/files\/2013\/09\/Julio-Gonz\u00e1lez-Camilo-Rosas-Rosa-Oyarce-y-Mar\u00eda-Adriana-Parra.jpg 2560w, https:\/\/medicina.udd.cl\/tecnologia-medica-santiago\/files\/2013\/09\/Julio-Gonz\u00e1lez-Camilo-Rosas-Rosa-Oyarce-y-Mar\u00eda-Adriana-Parra-300x225.jpg 300w, https:\/\/medicina.udd.cl\/tecnologia-medica-santiago\/files\/2013\/09\/Julio-Gonz\u00e1lez-Camilo-Rosas-Rosa-Oyarce-y-Mar\u00eda-Adriana-Parra-768x576.jpg 768w, https:\/\/medicina.udd.cl\/tecnologia-medica-santiago\/files\/2013\/09\/Julio-Gonz\u00e1lez-Camilo-Rosas-Rosa-Oyarce-y-Mar\u00eda-Adriana-Parra-1024x768.jpg 1024w, https:\/\/medicina.udd.cl\/tecnologia-medica-santiago\/files\/2013\/09\/Julio-Gonz\u00e1lez-Camilo-Rosas-Rosa-Oyarce-y-Mar\u00eda-Adriana-Parra-960x720.jpg 960w\" sizes=\"auto, (max-width: 712px) 100vw, 712px\" \/><\/figure><figure class=\"carousel-item\"><img loading=\"lazy\" decoding=\"async\" width=\"801\" height=\"534\" src=\"https:\/\/medicina.udd.cl\/tecnologia-medica-santiago\/files\/2013\/09\/Firma-de-protocolo-Intersectorial-de-Salud.jpg\" class=\"attachment-landscape_952 size-landscape_952\" alt=\"\" srcset=\"https:\/\/medicina.udd.cl\/tecnologia-medica-santiago\/files\/2013\/09\/Firma-de-protocolo-Intersectorial-de-Salud.jpg 4608w, https:\/\/medicina.udd.cl\/tecnologia-medica-santiago\/files\/2013\/09\/Firma-de-protocolo-Intersectorial-de-Salud-300x200.jpg 300w, https:\/\/medicina.udd.cl\/tecnologia-medica-santiago\/files\/2013\/09\/Firma-de-protocolo-Intersectorial-de-Salud-768x512.jpg 768w, https:\/\/medicina.udd.cl\/tecnologia-medica-santiago\/files\/2013\/09\/Firma-de-protocolo-Intersectorial-de-Salud-1024x683.jpg 1024w, https:\/\/medicina.udd.cl\/tecnologia-medica-santiago\/files\/2013\/09\/Firma-de-protocolo-Intersectorial-de-Salud-960x640.jpg 960w\" sizes=\"auto, (max-width: 801px) 100vw, 801px\" \/><\/figure><\/div><footer class=\"carousel-footer\"><div class=\"carousel-counter\"><span class=\"carousel-counter-current\"><\/span> \/ <span class=\"carousel-counter-total\"><\/span><\/div><a class=\"carousel-control-prev\" href=\"#gallery-1\" role=\"button\" data-slide=\"prev\"><svg aria-hidden=\"true\" class=\"svg-chevron-left-dims\"><use xlink:href='https:\/\/medicina.udd.cl\/tecnologia-medica-santiago\/wp-content\/themes\/facultades-2018\/assets\/img\/svg\/dist\/main.svg?version=1695853099#chevron-left'><\/use><\/svg><span class=\"sr-only\">Anterior<\/span><\/a><a class=\"carousel-control-next\" href=\"#gallery-1\" role=\"button\" data-slide=\"next\"><svg aria-hidden=\"true\" class=\"svg-chevron-right-dims\"><use xlink:href='https:\/\/medicina.udd.cl\/tecnologia-medica-santiago\/wp-content\/themes\/facultades-2018\/assets\/img\/svg\/dist\/main.svg?version=1695853099#chevron-right'><\/use><\/svg><span class=\"sr-only\">Siguiente<\/span><\/a><\/footer><\/div>\n<p>Autoridades ministeriales y la Seremi de Salud de la Regi\u00f3n Metropolitana firmaron un protocolo de acuerdo intersectorial del Comit\u00e9 de Emergencia de Salud, ceremonia de la que fueron parte las autoridades de Tecnolog\u00eda M\u00e9dica de la Facultad de Medicina CAS-UDD.<\/p>\n<p>Mar\u00eda Adriana Parra, directora de carrera, y Julio Gonz\u00e1lez, coordinador de Postgrado, estuvieron presentes en la creaci\u00f3n de esta alianza que considera un protocolo frente a emergencias qu\u00edmicas, radiol\u00f3gicas, s\u00edsmicas, comunicaciones y corte de suministro de agua y luz.<\/p>\n<p>Este proyecto fue presentado por Camilo Rozas, quien es jefe del Comit\u00e9 Operativo de Emergencias y docente de Tecnolog\u00eda M\u00e9dica de la UDD.<\/p>\n","protected":false},"excerpt":{"rendered":"<p>Directora de carrera y Coordinador de Postgrado fueron invitados a la ceremonia de Entrega de Protocolos Sectoriales en Emergencias y Desastres del Sector Salud de la Regi\u00f3n Metropolitana.<\/p>\n","protected":false},"author":40,"featured_media":2502,"comment_status":"open","ping_status":"open","sticky":false,"template":"","format":"standard","meta":{"footnotes":""},"categories":[4],"tags":[],"class_list":["post-2496","post","type-post","status-publish","format-standard","has-post-thumbnail","hentry","category-noticias"],"yoast_head":"<!-- This site is optimized with the Yoast SEO plugin v26.9 - https:\/\/yoast.com\/product\/yoast-seo-wordpress\/ -->\n<title>Tecnolog\u00eda M\u00e9dica presente en importante evento de Salud - Tecnolog\u00eda M\u00e9dica<\/title>\n<meta name=\"robots\" content=\"index, follow, max-snippet:-1, max-image-preview:large, max-video-preview:-1\" \/>\n<link rel=\"canonical\" href=\"https:\/\/medicina.udd.cl\/tecnologia-medica-santiago\/noticias\/2013\/09\/09\/tecnologia-medica-presente-en-importante-evento-de-salud\/\" \/>\n<meta property=\"og:locale\" content=\"es_ES\" \/>\n<meta property=\"og:type\" content=\"article\" \/>\n<meta property=\"og:title\" content=\"Tecnolog\u00eda M\u00e9dica presente en importante evento de Salud - Tecnolog\u00eda M\u00e9dica\" \/>\n<meta property=\"og:description\" content=\"Directora de carrera y Coordinador de Postgrado fueron invitados a la ceremonia de Entrega de Protocolos Sectoriales en Emergencias y Desastres del Sector Salud de la Regi\u00f3n Metropolitana.\" \/>\n<meta property=\"og:url\" content=\"https:\/\/medicina.udd.cl\/tecnologia-medica-santiago\/noticias\/2013\/09\/09\/tecnologia-medica-presente-en-importante-evento-de-salud\/\" \/>\n<meta property=\"og:site_name\" content=\"Tecnolog\u00eda M\u00e9dica\" \/>\n<meta property=\"article:published_time\" content=\"2013-09-09T14:04:44+00:00\" \/>\n<meta property=\"article:modified_time\" content=\"2013-11-07T20:27:37+00:00\" \/>\n<meta property=\"og:image\" content=\"https:\/\/medicina.udd.cl\/tecnologia-medica-santiago\/files\/2013\/09\/Julio-Gonz\u00e1lez-Camilo-Rosas-Rosa-Oyarce-y-Mar\u00eda-Adriana-Parra.jpg\" \/>\n\t<meta property=\"og:image:width\" content=\"2560\" \/>\n\t<meta property=\"og:image:height\" content=\"1920\" \/>\n\t<meta property=\"og:image:type\" content=\"image\/jpeg\" \/>\n<meta name=\"twitter:label1\" content=\"Escrito por\" \/>\n\t<meta name=\"twitter:data1\" content=\"\" \/>\n\t<meta name=\"twitter:label2\" content=\"Tiempo de lectura\" \/>\n\t<meta name=\"twitter:data2\" content=\"1 minuto\" \/>\n<script type=\"application\/ld+json\" class=\"yoast-schema-graph\">{\"@context\":\"https:\/\/schema.org\",\"@graph\":[{\"@type\":\"Article\",\"@id\":\"https:\/\/medicina.udd.cl\/tecnologia-medica-santiago\/noticias\/2013\/09\/09\/tecnologia-medica-presente-en-importante-evento-de-salud\/#article\",\"isPartOf\":{\"@id\":\"https:\/\/medicina.udd.cl\/tecnologia-medica-santiago\/noticias\/2013\/09\/09\/tecnologia-medica-presente-en-importante-evento-de-salud\/\"},\"author\":{\"name\":\"\",\"@id\":\"\"},\"headline\":\"Tecnolog\u00eda M\u00e9dica presente en importante evento de Salud\",\"datePublished\":\"2013-09-09T14:04:44+00:00\",\"dateModified\":\"2013-11-07T20:27:37+00:00\",\"mainEntityOfPage\":{\"@id\":\"https:\/\/medicina.udd.cl\/tecnologia-medica-santiago\/noticias\/2013\/09\/09\/tecnologia-medica-presente-en-importante-evento-de-salud\/\"},\"wordCount\":125,\"commentCount\":0,\"image\":{\"@id\":\"https:\/\/medicina.udd.cl\/tecnologia-medica-santiago\/noticias\/2013\/09\/09\/tecnologia-medica-presente-en-importante-evento-de-salud\/#primaryimage\"},\"thumbnailUrl\":\"https:\/\/medicina.udd.cl\/tecnologia-medica-santiago\/files\/2013\/09\/Julio-Gonz\u00e1lez-Camilo-Rosas-Rosa-Oyarce-y-Mar\u00eda-Adriana-Parra.jpg\",\"articleSection\":[\"Noticias\"],\"inLanguage\":\"es\",\"potentialAction\":[{\"@type\":\"CommentAction\",\"name\":\"Comment\",\"target\":[\"https:\/\/medicina.udd.cl\/tecnologia-medica-santiago\/noticias\/2013\/09\/09\/tecnologia-medica-presente-en-importante-evento-de-salud\/#respond\"]}]},{\"@type\":\"WebPage\",\"@id\":\"https:\/\/medicina.udd.cl\/tecnologia-medica-santiago\/noticias\/2013\/09\/09\/tecnologia-medica-presente-en-importante-evento-de-salud\/\",\"url\":\"https:\/\/medicina.udd.cl\/tecnologia-medica-santiago\/noticias\/2013\/09\/09\/tecnologia-medica-presente-en-importante-evento-de-salud\/\",\"name\":\"Tecnolog\u00eda M\u00e9dica presente en importante evento de Salud - Tecnolog\u00eda M\u00e9dica\",\"isPartOf\":{\"@id\":\"https:\/\/medicina.udd.cl\/tecnologia-medica-santiago\/#website\"},\"primaryImageOfPage\":{\"@id\":\"https:\/\/medicina.udd.cl\/tecnologia-medica-santiago\/noticias\/2013\/09\/09\/tecnologia-medica-presente-en-importante-evento-de-salud\/#primaryimage\"},\"image\":{\"@id\":\"https:\/\/medicina.udd.cl\/tecnologia-medica-santiago\/noticias\/2013\/09\/09\/tecnologia-medica-presente-en-importante-evento-de-salud\/#primaryimage\"},\"thumbnailUrl\":\"https:\/\/medicina.udd.cl\/tecnologia-medica-santiago\/files\/2013\/09\/Julio-Gonz\u00e1lez-Camilo-Rosas-Rosa-Oyarce-y-Mar\u00eda-Adriana-Parra.jpg\",\"datePublished\":\"2013-09-09T14:04:44+00:00\",\"dateModified\":\"2013-11-07T20:27:37+00:00\",\"author\":{\"@id\":\"\"},\"breadcrumb\":{\"@id\":\"https:\/\/medicina.udd.cl\/tecnologia-medica-santiago\/noticias\/2013\/09\/09\/tecnologia-medica-presente-en-importante-evento-de-salud\/#breadcrumb\"},\"inLanguage\":\"es\",\"potentialAction\":[{\"@type\":\"ReadAction\",\"target\":[\"https:\/\/medicina.udd.cl\/tecnologia-medica-santiago\/noticias\/2013\/09\/09\/tecnologia-medica-presente-en-importante-evento-de-salud\/\"]}]},{\"@type\":\"ImageObject\",\"inLanguage\":\"es\",\"@id\":\"https:\/\/medicina.udd.cl\/tecnologia-medica-santiago\/noticias\/2013\/09\/09\/tecnologia-medica-presente-en-importante-evento-de-salud\/#primaryimage\",\"url\":\"https:\/\/medicina.udd.cl\/tecnologia-medica-santiago\/files\/2013\/09\/Julio-Gonz\u00e1lez-Camilo-Rosas-Rosa-Oyarce-y-Mar\u00eda-Adriana-Parra.jpg\",\"contentUrl\":\"https:\/\/medicina.udd.cl\/tecnologia-medica-santiago\/files\/2013\/09\/Julio-Gonz\u00e1lez-Camilo-Rosas-Rosa-Oyarce-y-Mar\u00eda-Adriana-Parra.jpg\",\"width\":2560,\"height\":1920},{\"@type\":\"BreadcrumbList\",\"@id\":\"https:\/\/medicina.udd.cl\/tecnologia-medica-santiago\/noticias\/2013\/09\/09\/tecnologia-medica-presente-en-importante-evento-de-salud\/#breadcrumb\",\"itemListElement\":[{\"@type\":\"ListItem\",\"position\":1,\"name\":\"Home\",\"item\":\"https:\/\/medicina.udd.cl\/tecnologia-medica-santiago\/\"},{\"@type\":\"ListItem\",\"position\":2,\"name\":\"Tecnolog\u00eda M\u00e9dica presente en importante evento de Salud\"}]},{\"@type\":\"WebSite\",\"@id\":\"https:\/\/medicina.udd.cl\/tecnologia-medica-santiago\/#website\",\"url\":\"https:\/\/medicina.udd.cl\/tecnologia-medica-santiago\/\",\"name\":\"Tecnolog\u00eda M\u00e9dica\",\"description\":\"Facultad de Medicina Cl\u00ednica Alemana Universidad del Desarrollo\",\"inLanguage\":\"es\"},{\"@type\":\"Person\",\"@id\":\"\",\"url\":\"https:\/\/medicina.udd.cl\/tecnologia-medica-santiago\/noticias\/author\/\"}]}<\/script>\n<!-- \/ Yoast SEO plugin. -->","yoast_head_json":{"title":"Tecnolog\u00eda M\u00e9dica presente en importante evento de Salud - Tecnolog\u00eda M\u00e9dica","robots":{"index":"index","follow":"follow","max-snippet":"max-snippet:-1","max-image-preview":"max-image-preview:large","max-video-preview":"max-video-preview:-1"},"canonical":"https:\/\/medicina.udd.cl\/tecnologia-medica-santiago\/noticias\/2013\/09\/09\/tecnologia-medica-presente-en-importante-evento-de-salud\/","og_locale":"es_ES","og_type":"article","og_title":"Tecnolog\u00eda M\u00e9dica presente en importante evento de Salud - Tecnolog\u00eda M\u00e9dica","og_description":"Directora de carrera y Coordinador de Postgrado fueron invitados a la ceremonia de Entrega de Protocolos Sectoriales en Emergencias y Desastres del Sector Salud de la Regi\u00f3n Metropolitana.","og_url":"https:\/\/medicina.udd.cl\/tecnologia-medica-santiago\/noticias\/2013\/09\/09\/tecnologia-medica-presente-en-importante-evento-de-salud\/","og_site_name":"Tecnolog\u00eda M\u00e9dica","article_published_time":"2013-09-09T14:04:44+00:00","article_modified_time":"2013-11-07T20:27:37+00:00","og_image":[{"width":2560,"height":1920,"url":"https:\/\/medicina.udd.cl\/tecnologia-medica-santiago\/files\/2013\/09\/Julio-Gonz\u00e1lez-Camilo-Rosas-Rosa-Oyarce-y-Mar\u00eda-Adriana-Parra.jpg","type":"image\/jpeg"}],"twitter_misc":{"Escrito por":"","Tiempo de lectura":"1 minuto"},"schema":{"@context":"https:\/\/schema.org","@graph":[{"@type":"Article","@id":"https:\/\/medicina.udd.cl\/tecnologia-medica-santiago\/noticias\/2013\/09\/09\/tecnologia-medica-presente-en-importante-evento-de-salud\/#article","isPartOf":{"@id":"https:\/\/medicina.udd.cl\/tecnologia-medica-santiago\/noticias\/2013\/09\/09\/tecnologia-medica-presente-en-importante-evento-de-salud\/"},"author":{"name":"","@id":""},"headline":"Tecnolog\u00eda M\u00e9dica presente en importante evento de Salud","datePublished":"2013-09-09T14:04:44+00:00","dateModified":"2013-11-07T20:27:37+00:00","mainEntityOfPage":{"@id":"https:\/\/medicina.udd.cl\/tecnologia-medica-santiago\/noticias\/2013\/09\/09\/tecnologia-medica-presente-en-importante-evento-de-salud\/"},"wordCount":125,"commentCount":0,"image":{"@id":"https:\/\/medicina.udd.cl\/tecnologia-medica-santiago\/noticias\/2013\/09\/09\/tecnologia-medica-presente-en-importante-evento-de-salud\/#primaryimage"},"thumbnailUrl":"https:\/\/medicina.udd.cl\/tecnologia-medica-santiago\/files\/2013\/09\/Julio-Gonz\u00e1lez-Camilo-Rosas-Rosa-Oyarce-y-Mar\u00eda-Adriana-Parra.jpg","articleSection":["Noticias"],"inLanguage":"es","potentialAction":[{"@type":"CommentAction","name":"Comment","target":["https:\/\/medicina.udd.cl\/tecnologia-medica-santiago\/noticias\/2013\/09\/09\/tecnologia-medica-presente-en-importante-evento-de-salud\/#respond"]}]},{"@type":"WebPage","@id":"https:\/\/medicina.udd.cl\/tecnologia-medica-santiago\/noticias\/2013\/09\/09\/tecnologia-medica-presente-en-importante-evento-de-salud\/","url":"https:\/\/medicina.udd.cl\/tecnologia-medica-santiago\/noticias\/2013\/09\/09\/tecnologia-medica-presente-en-importante-evento-de-salud\/","name":"Tecnolog\u00eda M\u00e9dica presente en importante evento de Salud - Tecnolog\u00eda M\u00e9dica","isPartOf":{"@id":"https:\/\/medicina.udd.cl\/tecnologia-medica-santiago\/#website"},"primaryImageOfPage":{"@id":"https:\/\/medicina.udd.cl\/tecnologia-medica-santiago\/noticias\/2013\/09\/09\/tecnologia-medica-presente-en-importante-evento-de-salud\/#primaryimage"},"image":{"@id":"https:\/\/medicina.udd.cl\/tecnologia-medica-santiago\/noticias\/2013\/09\/09\/tecnologia-medica-presente-en-importante-evento-de-salud\/#primaryimage"},"thumbnailUrl":"https:\/\/medicina.udd.cl\/tecnologia-medica-santiago\/files\/2013\/09\/Julio-Gonz\u00e1lez-Camilo-Rosas-Rosa-Oyarce-y-Mar\u00eda-Adriana-Parra.jpg","datePublished":"2013-09-09T14:04:44+00:00","dateModified":"2013-11-07T20:27:37+00:00","author":{"@id":""},"breadcrumb":{"@id":"https:\/\/medicina.udd.cl\/tecnologia-medica-santiago\/noticias\/2013\/09\/09\/tecnologia-medica-presente-en-importante-evento-de-salud\/#breadcrumb"},"inLanguage":"es","potentialAction":[{"@type":"ReadAction","target":["https:\/\/medicina.udd.cl\/tecnologia-medica-santiago\/noticias\/2013\/09\/09\/tecnologia-medica-presente-en-importante-evento-de-salud\/"]}]},{"@type":"ImageObject","inLanguage":"es","@id":"https:\/\/medicina.udd.cl\/tecnologia-medica-santiago\/noticias\/2013\/09\/09\/tecnologia-medica-presente-en-importante-evento-de-salud\/#primaryimage","url":"https:\/\/medicina.udd.cl\/tecnologia-medica-santiago\/files\/2013\/09\/Julio-Gonz\u00e1lez-Camilo-Rosas-Rosa-Oyarce-y-Mar\u00eda-Adriana-Parra.jpg","contentUrl":"https:\/\/medicina.udd.cl\/tecnologia-medica-santiago\/files\/2013\/09\/Julio-Gonz\u00e1lez-Camilo-Rosas-Rosa-Oyarce-y-Mar\u00eda-Adriana-Parra.jpg","width":2560,"height":1920},{"@type":"BreadcrumbList","@id":"https:\/\/medicina.udd.cl\/tecnologia-medica-santiago\/noticias\/2013\/09\/09\/tecnologia-medica-presente-en-importante-evento-de-salud\/#breadcrumb","itemListElement":[{"@type":"ListItem","position":1,"name":"Home","item":"https:\/\/medicina.udd.cl\/tecnologia-medica-santiago\/"},{"@type":"ListItem","position":2,"name":"Tecnolog\u00eda M\u00e9dica presente en importante evento de Salud"}]},{"@type":"WebSite","@id":"https:\/\/medicina.udd.cl\/tecnologia-medica-santiago\/#website","url":"https:\/\/medicina.udd.cl\/tecnologia-medica-santiago\/","name":"Tecnolog\u00eda M\u00e9dica","description":"Facultad de Medicina Cl\u00ednica Alemana Universidad del Desarrollo","inLanguage":"es"},{"@type":"Person","@id":"","url":"https:\/\/medicina.udd.cl\/tecnologia-medica-santiago\/noticias\/author\/"}]}},"featured_image_url":"https:\/\/medicina.udd.cl\/tecnologia-medica-santiago\/files\/2013\/09\/Julio-Gonz\u00e1lez-Camilo-Rosas-Rosa-Oyarce-y-Mar\u00eda-Adriana-Parra.jpg","_links":{"self":[{"href":"https:\/\/medicina.udd.cl\/tecnologia-medica-santiago\/wp-json\/wp\/v2\/posts\/2496","targetHints":{"allow":["GET"]}}],"collection":[{"href":"https:\/\/medicina.udd.cl\/tecnologia-medica-santiago\/wp-json\/wp\/v2\/posts"}],"about":[{"href":"https:\/\/medicina.udd.cl\/tecnologia-medica-santiago\/wp-json\/wp\/v2\/types\/post"}],"author":[{"embeddable":true,"href":"https:\/\/medicina.udd.cl\/tecnologia-medica-santiago\/wp-json\/wp\/v2\/users\/40"}],"replies":[{"embeddable":true,"href":"https:\/\/medicina.udd.cl\/tecnologia-medica-santiago\/wp-json\/wp\/v2\/comments?post=2496"}],"version-history":[{"count":3,"href":"https:\/\/medicina.udd.cl\/tecnologia-medica-santiago\/wp-json\/wp\/v2\/posts\/2496\/revisions"}],"predecessor-version":[{"id":2504,"href":"https:\/\/medicina.udd.cl\/tecnologia-medica-santiago\/wp-json\/wp\/v2\/posts\/2496\/revisions\/2504"}],"wp:featuredmedia":[{"embeddable":true,"href":"https:\/\/medicina.udd.cl\/tecnologia-medica-santiago\/wp-json\/wp\/v2\/media\/2502"}],"wp:attachment":[{"href":"https:\/\/medicina.udd.cl\/tecnologia-medica-santiago\/wp-json\/wp\/v2\/media?parent=2496"}],"wp:term":[{"taxonomy":"category","embeddable":true,"href":"https:\/\/medicina.udd.cl\/tecnologia-medica-santiago\/wp-json\/wp\/v2\/categories?post=2496"},{"taxonomy":"post_tag","embeddable":true,"href":"https:\/\/medicina.udd.cl\/tecnologia-medica-santiago\/wp-json\/wp\/v2\/tags?post=2496"}],"curies":[{"name":"wp","href":"https:\/\/api.w.org\/{rel}","templated":true}]}}