{"id":3233,"date":"2014-11-11T12:36:18","date_gmt":"2014-11-11T15:36:18","guid":{"rendered":"http:\/\/medicina.udd.cl\/tecnologia-medica-santiago\/?p=3233"},"modified":"2014-11-12T09:20:10","modified_gmt":"2014-11-12T12:20:10","slug":"tecnologia-medica-participa-en-i-jornadas-de-investigacion-de-clinica-alemana","status":"publish","type":"post","link":"https:\/\/medicina.udd.cl\/tecnologia-medica-santiago\/noticias\/2014\/11\/11\/tecnologia-medica-participa-en-i-jornadas-de-investigacion-de-clinica-alemana\/","title":{"rendered":"Tecnolog\u00eda M\u00e9dica participa en I Jornadas de Investigaci\u00f3n de Cl\u00ednica Alemana"},"content":{"rendered":"<p><a href=\"http:\/\/medicina.udd.cl\/tecnologia-medica-santiago\/files\/2014\/11\/Mar\u00eda-Adriana-Parra-y-Sara-Morales.jpg\"><img loading=\"lazy\" decoding=\"async\" class=\"alignright size-medium wp-image-3234\" alt=\"Mar\u00eda Adriana Parra y Sara Morales\" src=\"http:\/\/medicina.udd.cl\/tecnologia-medica-santiago\/files\/2014\/11\/Mar\u00eda-Adriana-Parra-y-Sara-Morales-300x261.jpg\" width=\"300\" height=\"261\" \/><\/a>Estimular y promover el desarrollo de la investigaci\u00f3n cl\u00ednica de alto impacto, as\u00ed como conocer la visi\u00f3n de l\u00edderes nacionales en la Investigaci\u00f3n Biom\u00e9dica de Chile, fueron os objetivos de la I Jornadas de Investigaci\u00f3n que organiz\u00f3 Cl\u00ednica Alemana el 6 de noviembre.<\/p>\n<p>Una actividad a la que asisti\u00f3 la directora de Tecnolog\u00eda M\u00e9dica Mar\u00eda Adriana Parra, el coordinador de campos cl\u00ednicos de la especialidad de Imagenolog\u00eda y F\u00edsica M\u00e9dica de la carrera, Ricardo Castillo &#8211; quien tambi\u00e9n es coordinador de los Seminarios de Investigaci\u00f3n (tesis) que realizan los egresados en su etapa de Habilitaci\u00f3n Profesional de 5to a\u00f1o de la carrera- y el docente Marco Jim\u00e9nez. Tambi\u00e9n participaron la coordinadora de campos cl\u00ednicos de Oftalmolog\u00eda Patricia Santander y la profesora de la especialidad Javiera Correa.<\/p>\n<p>Ambos docentes resaltaron el rol de los Tecn\u00f3logos M\u00e9dicos en la Investigaci\u00f3n, puesto que gran parte de los trabajos presentados en esta instancia revelaron la realizaci\u00f3n de procedimientos hechos por estos profesionales en sus distintas especialidades, que aportan a los diagn\u00f3sticos cl\u00ednicos.<\/p>\n<p>En esta Jornada y en la modalidad de poster la profesora de Tecnolog\u00eda M\u00e9dica UDD y coordinadora de Microbiolog\u00eda de Cl\u00ednica Alemana, Sara Morales, present\u00f3 el trabajo: \u201cDetecci\u00f3n de Campylobacter por cultivo en muestras de deposici\u00f3n de rutina. \u00bfuna necesidad?\u201d<\/p>\n<p><a href=\"http:\/\/medicina.udd.cl\/tecnologia-medica-santiago\/files\/2014\/11\/Investigaciones.jpg\"><img loading=\"lazy\" decoding=\"async\" class=\"aligncenter size-medium wp-image-3235\" alt=\"Investigaciones\" src=\"http:\/\/medicina.udd.cl\/tecnologia-medica-santiago\/files\/2014\/11\/Investigaciones-300x122.jpg\" width=\"300\" height=\"122\" \/><\/a><\/p>\n<p>Como cierre de este a\u00f1o, la carrera se propuso realizar en la Facultad de Medicina la I Jornada de Investigaci\u00f3n en Tecnolog\u00eda M\u00e9dica en la UDD, en donde se presentar\u00e1n los trabajos realizados durante 2014 por los egresados de las cuatros especialidades que imparte la carrera: Bioanalisis Cl\u00ednico, Hematolog\u00eda Y Banco de Sangre; Morfofisiopatolog\u00eda y Citodiagn\u00f3stico; Imagenolog\u00eda y F\u00edsica M\u00e9dica y por primera vez de Oftalmolog\u00eda y Optometr\u00eda, puesto que se titular\u00e1n los primeros egresados de dicha especialidad.<\/p>\n<p>Es muy importante para la escuela de Tecnolog\u00eda M\u00e9dica potenciar la investigaci\u00f3n en sus alumnos como herramienta de formaci\u00f3n permanente y desarrollo profesional.<\/p>\n<p><strong>Estos son algunas de las investigaciones que se realizaron a\u00f1os anteriores:<\/strong><\/p>\n<ul>\n<li><strong>2011:<\/strong> Caracterizaci\u00f3n inmunocitoqu\u00edmica de los patrones de expresi\u00f3n de las teneurinas 2 y 4 en l\u00edneas celulares de c\u00e1ncer de ovario y mama.\u00a0Estudiante: Viviana Paulina Orellana Villena.Tutora: Annemarie Ziegler Bonicalzi BQ.Ph.D<\/li>\n<li><strong>2012:<\/strong> Estudio de homing mioc\u00e1rdico de c\u00e9lulas madre mesenquim\u00e1ticas transplantadas en ratones obesos que presentan el s\u00edndrome metab\u00f3lico.\u00a0Estudiante: Manuel Francisco Lecanda Garnham.\u00a0Tutor: Sebasti\u00e1n Calligaris Caprioglio BQ.Ph.D<\/li>\n<li><strong>2013:<\/strong> Concordancia entre el SPECT y el SPECT-CT en la evaluaci\u00f3n de pacientes con Parkisonismo con el uso del Tc-99m TRODAT-1.\u00a0Estudiante: Cristi\u00e1n Andr\u00e9s Montalba Zalaquet.\u00a0Tutores: Dr. Arturo Baeza y T.M. Mar\u00eda Paz Mart\u00ednez.<\/li>\n<\/ul>\n","protected":false},"excerpt":{"rendered":"<p>Estimular y promover el desarrollo de la investigaci\u00f3n cl\u00ednica de alto impacto, as\u00ed como conocer la visi\u00f3n de l\u00edderes nacionales en la Investigaci\u00f3n Biom\u00e9dica de Chile, fueron os objetivos de la I Jornadas de Investigaci\u00f3n que organiz\u00f3 Cl\u00ednica Alemana el 6 de noviembre. Una actividad a la que asisti\u00f3 la directora de Tecnolog\u00eda M\u00e9dica Mar\u00eda [&hellip;]<\/p>\n","protected":false},"author":40,"featured_media":3234,"comment_status":"open","ping_status":"open","sticky":false,"template":"","format":"standard","meta":{"footnotes":""},"categories":[4],"tags":[],"class_list":["post-3233","post","type-post","status-publish","format-standard","has-post-thumbnail","hentry","category-noticias"],"yoast_head":"<!-- This site is optimized with the Yoast SEO plugin v26.9 - https:\/\/yoast.com\/product\/yoast-seo-wordpress\/ -->\n<title>Tecnolog\u00eda M\u00e9dica participa en I Jornadas de Investigaci\u00f3n de Cl\u00ednica Alemana - Tecnolog\u00eda M\u00e9dica<\/title>\n<meta name=\"robots\" content=\"index, follow, max-snippet:-1, max-image-preview:large, max-video-preview:-1\" \/>\n<link rel=\"canonical\" href=\"https:\/\/medicina.udd.cl\/tecnologia-medica-santiago\/noticias\/2014\/11\/11\/tecnologia-medica-participa-en-i-jornadas-de-investigacion-de-clinica-alemana\/\" \/>\n<meta property=\"og:locale\" content=\"es_ES\" \/>\n<meta property=\"og:type\" content=\"article\" \/>\n<meta property=\"og:title\" content=\"Tecnolog\u00eda M\u00e9dica participa en I Jornadas de Investigaci\u00f3n de Cl\u00ednica Alemana - Tecnolog\u00eda M\u00e9dica\" \/>\n<meta property=\"og:description\" content=\"Estimular y promover el desarrollo de la investigaci\u00f3n cl\u00ednica de alto impacto, as\u00ed como conocer la visi\u00f3n de l\u00edderes nacionales en la Investigaci\u00f3n Biom\u00e9dica de Chile, fueron os objetivos de la I Jornadas de Investigaci\u00f3n que organiz\u00f3 Cl\u00ednica Alemana el 6 de noviembre. Una actividad a la que asisti\u00f3 la directora de Tecnolog\u00eda M\u00e9dica Mar\u00eda [&hellip;]\" \/>\n<meta property=\"og:url\" content=\"https:\/\/medicina.udd.cl\/tecnologia-medica-santiago\/noticias\/2014\/11\/11\/tecnologia-medica-participa-en-i-jornadas-de-investigacion-de-clinica-alemana\/\" \/>\n<meta property=\"og:site_name\" content=\"Tecnolog\u00eda M\u00e9dica\" \/>\n<meta property=\"article:published_time\" content=\"2014-11-11T15:36:18+00:00\" \/>\n<meta property=\"article:modified_time\" content=\"2014-11-12T12:20:10+00:00\" \/>\n<meta property=\"og:image\" content=\"https:\/\/medicina.udd.cl\/tecnologia-medica-santiago\/files\/2014\/11\/Mar\u00eda-Adriana-Parra-y-Sara-Morales.jpg\" \/>\n\t<meta property=\"og:image:width\" content=\"712\" \/>\n\t<meta property=\"og:image:height\" content=\"621\" \/>\n\t<meta property=\"og:image:type\" content=\"image\/jpeg\" \/>\n<meta name=\"twitter:label1\" content=\"Escrito por\" \/>\n\t<meta name=\"twitter:data1\" content=\"\" \/>\n\t<meta name=\"twitter:label2\" content=\"Tiempo de lectura\" \/>\n\t<meta name=\"twitter:data2\" content=\"2 minutos\" \/>\n<script type=\"application\/ld+json\" class=\"yoast-schema-graph\">{\"@context\":\"https:\/\/schema.org\",\"@graph\":[{\"@type\":\"Article\",\"@id\":\"https:\/\/medicina.udd.cl\/tecnologia-medica-santiago\/noticias\/2014\/11\/11\/tecnologia-medica-participa-en-i-jornadas-de-investigacion-de-clinica-alemana\/#article\",\"isPartOf\":{\"@id\":\"https:\/\/medicina.udd.cl\/tecnologia-medica-santiago\/noticias\/2014\/11\/11\/tecnologia-medica-participa-en-i-jornadas-de-investigacion-de-clinica-alemana\/\"},\"author\":{\"name\":\"\",\"@id\":\"\"},\"headline\":\"Tecnolog\u00eda M\u00e9dica participa en I Jornadas de Investigaci\u00f3n de Cl\u00ednica Alemana\",\"datePublished\":\"2014-11-11T15:36:18+00:00\",\"dateModified\":\"2014-11-12T12:20:10+00:00\",\"mainEntityOfPage\":{\"@id\":\"https:\/\/medicina.udd.cl\/tecnologia-medica-santiago\/noticias\/2014\/11\/11\/tecnologia-medica-participa-en-i-jornadas-de-investigacion-de-clinica-alemana\/\"},\"wordCount\":501,\"commentCount\":0,\"image\":{\"@id\":\"https:\/\/medicina.udd.cl\/tecnologia-medica-santiago\/noticias\/2014\/11\/11\/tecnologia-medica-participa-en-i-jornadas-de-investigacion-de-clinica-alemana\/#primaryimage\"},\"thumbnailUrl\":\"https:\/\/medicina.udd.cl\/tecnologia-medica-santiago\/files\/2014\/11\/Mar\u00eda-Adriana-Parra-y-Sara-Morales.jpg\",\"articleSection\":[\"Noticias\"],\"inLanguage\":\"es\",\"potentialAction\":[{\"@type\":\"CommentAction\",\"name\":\"Comment\",\"target\":[\"https:\/\/medicina.udd.cl\/tecnologia-medica-santiago\/noticias\/2014\/11\/11\/tecnologia-medica-participa-en-i-jornadas-de-investigacion-de-clinica-alemana\/#respond\"]}]},{\"@type\":\"WebPage\",\"@id\":\"https:\/\/medicina.udd.cl\/tecnologia-medica-santiago\/noticias\/2014\/11\/11\/tecnologia-medica-participa-en-i-jornadas-de-investigacion-de-clinica-alemana\/\",\"url\":\"https:\/\/medicina.udd.cl\/tecnologia-medica-santiago\/noticias\/2014\/11\/11\/tecnologia-medica-participa-en-i-jornadas-de-investigacion-de-clinica-alemana\/\",\"name\":\"Tecnolog\u00eda M\u00e9dica participa en I Jornadas de Investigaci\u00f3n de Cl\u00ednica Alemana - Tecnolog\u00eda M\u00e9dica\",\"isPartOf\":{\"@id\":\"https:\/\/medicina.udd.cl\/tecnologia-medica-santiago\/#website\"},\"primaryImageOfPage\":{\"@id\":\"https:\/\/medicina.udd.cl\/tecnologia-medica-santiago\/noticias\/2014\/11\/11\/tecnologia-medica-participa-en-i-jornadas-de-investigacion-de-clinica-alemana\/#primaryimage\"},\"image\":{\"@id\":\"https:\/\/medicina.udd.cl\/tecnologia-medica-santiago\/noticias\/2014\/11\/11\/tecnologia-medica-participa-en-i-jornadas-de-investigacion-de-clinica-alemana\/#primaryimage\"},\"thumbnailUrl\":\"https:\/\/medicina.udd.cl\/tecnologia-medica-santiago\/files\/2014\/11\/Mar\u00eda-Adriana-Parra-y-Sara-Morales.jpg\",\"datePublished\":\"2014-11-11T15:36:18+00:00\",\"dateModified\":\"2014-11-12T12:20:10+00:00\",\"author\":{\"@id\":\"\"},\"breadcrumb\":{\"@id\":\"https:\/\/medicina.udd.cl\/tecnologia-medica-santiago\/noticias\/2014\/11\/11\/tecnologia-medica-participa-en-i-jornadas-de-investigacion-de-clinica-alemana\/#breadcrumb\"},\"inLanguage\":\"es\",\"potentialAction\":[{\"@type\":\"ReadAction\",\"target\":[\"https:\/\/medicina.udd.cl\/tecnologia-medica-santiago\/noticias\/2014\/11\/11\/tecnologia-medica-participa-en-i-jornadas-de-investigacion-de-clinica-alemana\/\"]}]},{\"@type\":\"ImageObject\",\"inLanguage\":\"es\",\"@id\":\"https:\/\/medicina.udd.cl\/tecnologia-medica-santiago\/noticias\/2014\/11\/11\/tecnologia-medica-participa-en-i-jornadas-de-investigacion-de-clinica-alemana\/#primaryimage\",\"url\":\"https:\/\/medicina.udd.cl\/tecnologia-medica-santiago\/files\/2014\/11\/Mar\u00eda-Adriana-Parra-y-Sara-Morales.jpg\",\"contentUrl\":\"https:\/\/medicina.udd.cl\/tecnologia-medica-santiago\/files\/2014\/11\/Mar\u00eda-Adriana-Parra-y-Sara-Morales.jpg\",\"width\":712,\"height\":621},{\"@type\":\"BreadcrumbList\",\"@id\":\"https:\/\/medicina.udd.cl\/tecnologia-medica-santiago\/noticias\/2014\/11\/11\/tecnologia-medica-participa-en-i-jornadas-de-investigacion-de-clinica-alemana\/#breadcrumb\",\"itemListElement\":[{\"@type\":\"ListItem\",\"position\":1,\"name\":\"Home\",\"item\":\"https:\/\/medicina.udd.cl\/tecnologia-medica-santiago\/\"},{\"@type\":\"ListItem\",\"position\":2,\"name\":\"Tecnolog\u00eda M\u00e9dica participa en I Jornadas de Investigaci\u00f3n de Cl\u00ednica Alemana\"}]},{\"@type\":\"WebSite\",\"@id\":\"https:\/\/medicina.udd.cl\/tecnologia-medica-santiago\/#website\",\"url\":\"https:\/\/medicina.udd.cl\/tecnologia-medica-santiago\/\",\"name\":\"Tecnolog\u00eda M\u00e9dica\",\"description\":\"Facultad de Medicina Cl\u00ednica Alemana Universidad del Desarrollo\",\"inLanguage\":\"es\"},{\"@type\":\"Person\",\"@id\":\"\",\"url\":\"https:\/\/medicina.udd.cl\/tecnologia-medica-santiago\/noticias\/author\/\"}]}<\/script>\n<!-- \/ Yoast SEO plugin. -->","yoast_head_json":{"title":"Tecnolog\u00eda M\u00e9dica participa en I Jornadas de Investigaci\u00f3n de Cl\u00ednica Alemana - Tecnolog\u00eda M\u00e9dica","robots":{"index":"index","follow":"follow","max-snippet":"max-snippet:-1","max-image-preview":"max-image-preview:large","max-video-preview":"max-video-preview:-1"},"canonical":"https:\/\/medicina.udd.cl\/tecnologia-medica-santiago\/noticias\/2014\/11\/11\/tecnologia-medica-participa-en-i-jornadas-de-investigacion-de-clinica-alemana\/","og_locale":"es_ES","og_type":"article","og_title":"Tecnolog\u00eda M\u00e9dica participa en I Jornadas de Investigaci\u00f3n de Cl\u00ednica Alemana - Tecnolog\u00eda M\u00e9dica","og_description":"Estimular y promover el desarrollo de la investigaci\u00f3n cl\u00ednica de alto impacto, as\u00ed como conocer la visi\u00f3n de l\u00edderes nacionales en la Investigaci\u00f3n Biom\u00e9dica de Chile, fueron os objetivos de la I Jornadas de Investigaci\u00f3n que organiz\u00f3 Cl\u00ednica Alemana el 6 de noviembre. Una actividad a la que asisti\u00f3 la directora de Tecnolog\u00eda M\u00e9dica Mar\u00eda [&hellip;]","og_url":"https:\/\/medicina.udd.cl\/tecnologia-medica-santiago\/noticias\/2014\/11\/11\/tecnologia-medica-participa-en-i-jornadas-de-investigacion-de-clinica-alemana\/","og_site_name":"Tecnolog\u00eda M\u00e9dica","article_published_time":"2014-11-11T15:36:18+00:00","article_modified_time":"2014-11-12T12:20:10+00:00","og_image":[{"width":712,"height":621,"url":"https:\/\/medicina.udd.cl\/tecnologia-medica-santiago\/files\/2014\/11\/Mar\u00eda-Adriana-Parra-y-Sara-Morales.jpg","type":"image\/jpeg"}],"twitter_misc":{"Escrito por":"","Tiempo de lectura":"2 minutos"},"schema":{"@context":"https:\/\/schema.org","@graph":[{"@type":"Article","@id":"https:\/\/medicina.udd.cl\/tecnologia-medica-santiago\/noticias\/2014\/11\/11\/tecnologia-medica-participa-en-i-jornadas-de-investigacion-de-clinica-alemana\/#article","isPartOf":{"@id":"https:\/\/medicina.udd.cl\/tecnologia-medica-santiago\/noticias\/2014\/11\/11\/tecnologia-medica-participa-en-i-jornadas-de-investigacion-de-clinica-alemana\/"},"author":{"name":"","@id":""},"headline":"Tecnolog\u00eda M\u00e9dica participa en I Jornadas de Investigaci\u00f3n de Cl\u00ednica Alemana","datePublished":"2014-11-11T15:36:18+00:00","dateModified":"2014-11-12T12:20:10+00:00","mainEntityOfPage":{"@id":"https:\/\/medicina.udd.cl\/tecnologia-medica-santiago\/noticias\/2014\/11\/11\/tecnologia-medica-participa-en-i-jornadas-de-investigacion-de-clinica-alemana\/"},"wordCount":501,"commentCount":0,"image":{"@id":"https:\/\/medicina.udd.cl\/tecnologia-medica-santiago\/noticias\/2014\/11\/11\/tecnologia-medica-participa-en-i-jornadas-de-investigacion-de-clinica-alemana\/#primaryimage"},"thumbnailUrl":"https:\/\/medicina.udd.cl\/tecnologia-medica-santiago\/files\/2014\/11\/Mar\u00eda-Adriana-Parra-y-Sara-Morales.jpg","articleSection":["Noticias"],"inLanguage":"es","potentialAction":[{"@type":"CommentAction","name":"Comment","target":["https:\/\/medicina.udd.cl\/tecnologia-medica-santiago\/noticias\/2014\/11\/11\/tecnologia-medica-participa-en-i-jornadas-de-investigacion-de-clinica-alemana\/#respond"]}]},{"@type":"WebPage","@id":"https:\/\/medicina.udd.cl\/tecnologia-medica-santiago\/noticias\/2014\/11\/11\/tecnologia-medica-participa-en-i-jornadas-de-investigacion-de-clinica-alemana\/","url":"https:\/\/medicina.udd.cl\/tecnologia-medica-santiago\/noticias\/2014\/11\/11\/tecnologia-medica-participa-en-i-jornadas-de-investigacion-de-clinica-alemana\/","name":"Tecnolog\u00eda M\u00e9dica participa en I Jornadas de Investigaci\u00f3n de Cl\u00ednica Alemana - Tecnolog\u00eda M\u00e9dica","isPartOf":{"@id":"https:\/\/medicina.udd.cl\/tecnologia-medica-santiago\/#website"},"primaryImageOfPage":{"@id":"https:\/\/medicina.udd.cl\/tecnologia-medica-santiago\/noticias\/2014\/11\/11\/tecnologia-medica-participa-en-i-jornadas-de-investigacion-de-clinica-alemana\/#primaryimage"},"image":{"@id":"https:\/\/medicina.udd.cl\/tecnologia-medica-santiago\/noticias\/2014\/11\/11\/tecnologia-medica-participa-en-i-jornadas-de-investigacion-de-clinica-alemana\/#primaryimage"},"thumbnailUrl":"https:\/\/medicina.udd.cl\/tecnologia-medica-santiago\/files\/2014\/11\/Mar\u00eda-Adriana-Parra-y-Sara-Morales.jpg","datePublished":"2014-11-11T15:36:18+00:00","dateModified":"2014-11-12T12:20:10+00:00","author":{"@id":""},"breadcrumb":{"@id":"https:\/\/medicina.udd.cl\/tecnologia-medica-santiago\/noticias\/2014\/11\/11\/tecnologia-medica-participa-en-i-jornadas-de-investigacion-de-clinica-alemana\/#breadcrumb"},"inLanguage":"es","potentialAction":[{"@type":"ReadAction","target":["https:\/\/medicina.udd.cl\/tecnologia-medica-santiago\/noticias\/2014\/11\/11\/tecnologia-medica-participa-en-i-jornadas-de-investigacion-de-clinica-alemana\/"]}]},{"@type":"ImageObject","inLanguage":"es","@id":"https:\/\/medicina.udd.cl\/tecnologia-medica-santiago\/noticias\/2014\/11\/11\/tecnologia-medica-participa-en-i-jornadas-de-investigacion-de-clinica-alemana\/#primaryimage","url":"https:\/\/medicina.udd.cl\/tecnologia-medica-santiago\/files\/2014\/11\/Mar\u00eda-Adriana-Parra-y-Sara-Morales.jpg","contentUrl":"https:\/\/medicina.udd.cl\/tecnologia-medica-santiago\/files\/2014\/11\/Mar\u00eda-Adriana-Parra-y-Sara-Morales.jpg","width":712,"height":621},{"@type":"BreadcrumbList","@id":"https:\/\/medicina.udd.cl\/tecnologia-medica-santiago\/noticias\/2014\/11\/11\/tecnologia-medica-participa-en-i-jornadas-de-investigacion-de-clinica-alemana\/#breadcrumb","itemListElement":[{"@type":"ListItem","position":1,"name":"Home","item":"https:\/\/medicina.udd.cl\/tecnologia-medica-santiago\/"},{"@type":"ListItem","position":2,"name":"Tecnolog\u00eda M\u00e9dica participa en I Jornadas de Investigaci\u00f3n de Cl\u00ednica Alemana"}]},{"@type":"WebSite","@id":"https:\/\/medicina.udd.cl\/tecnologia-medica-santiago\/#website","url":"https:\/\/medicina.udd.cl\/tecnologia-medica-santiago\/","name":"Tecnolog\u00eda M\u00e9dica","description":"Facultad de Medicina Cl\u00ednica Alemana Universidad del Desarrollo","inLanguage":"es"},{"@type":"Person","@id":"","url":"https:\/\/medicina.udd.cl\/tecnologia-medica-santiago\/noticias\/author\/"}]}},"featured_image_url":"https:\/\/medicina.udd.cl\/tecnologia-medica-santiago\/files\/2014\/11\/Mar\u00eda-Adriana-Parra-y-Sara-Morales.jpg","_links":{"self":[{"href":"https:\/\/medicina.udd.cl\/tecnologia-medica-santiago\/wp-json\/wp\/v2\/posts\/3233","targetHints":{"allow":["GET"]}}],"collection":[{"href":"https:\/\/medicina.udd.cl\/tecnologia-medica-santiago\/wp-json\/wp\/v2\/posts"}],"about":[{"href":"https:\/\/medicina.udd.cl\/tecnologia-medica-santiago\/wp-json\/wp\/v2\/types\/post"}],"author":[{"embeddable":true,"href":"https:\/\/medicina.udd.cl\/tecnologia-medica-santiago\/wp-json\/wp\/v2\/users\/40"}],"replies":[{"embeddable":true,"href":"https:\/\/medicina.udd.cl\/tecnologia-medica-santiago\/wp-json\/wp\/v2\/comments?post=3233"}],"version-history":[{"count":4,"href":"https:\/\/medicina.udd.cl\/tecnologia-medica-santiago\/wp-json\/wp\/v2\/posts\/3233\/revisions"}],"predecessor-version":[{"id":3238,"href":"https:\/\/medicina.udd.cl\/tecnologia-medica-santiago\/wp-json\/wp\/v2\/posts\/3233\/revisions\/3238"}],"wp:featuredmedia":[{"embeddable":true,"href":"https:\/\/medicina.udd.cl\/tecnologia-medica-santiago\/wp-json\/wp\/v2\/media\/3234"}],"wp:attachment":[{"href":"https:\/\/medicina.udd.cl\/tecnologia-medica-santiago\/wp-json\/wp\/v2\/media?parent=3233"}],"wp:term":[{"taxonomy":"category","embeddable":true,"href":"https:\/\/medicina.udd.cl\/tecnologia-medica-santiago\/wp-json\/wp\/v2\/categories?post=3233"},{"taxonomy":"post_tag","embeddable":true,"href":"https:\/\/medicina.udd.cl\/tecnologia-medica-santiago\/wp-json\/wp\/v2\/tags?post=3233"}],"curies":[{"name":"wp","href":"https:\/\/api.w.org\/{rel}","templated":true}]}}