{"id":5633,"date":"2019-04-10T14:03:24","date_gmt":"2019-04-10T17:03:24","guid":{"rendered":"http:\/\/medicina.udd.cl\/tecnologia-medica-santiago\/?p=5633"},"modified":"2019-12-22T22:33:25","modified_gmt":"2019-12-23T01:33:25","slug":"expertos-nacionales-e-internacionales-analizan-proteccion-radiologica-en-chile","status":"publish","type":"post","link":"https:\/\/medicina.udd.cl\/tecnologia-medica-santiago\/noticias\/2019\/04\/10\/expertos-nacionales-e-internacionales-analizan-proteccion-radiologica-en-chile\/","title":{"rendered":"Expertos nacionales e internacionales analizan protecci\u00f3n radiol\u00f3gica en Chile"},"content":{"rendered":"<div id=\"gallery-1\" class=\"carousel slide carousel-gallery\" data-ride=\"false\" data-interval=\"false\"><div class=\"carousel-inner\" role=\"listbox\"><figure class=\"carousel-item active\"><img loading=\"lazy\" decoding=\"async\" width=\"712\" height=\"534\" src=\"https:\/\/medicina.udd.cl\/tecnologia-medica-santiago\/files\/2019\/04\/IMG_5770.jpg\" class=\"attachment-landscape_952 size-landscape_952\" alt=\"\" srcset=\"https:\/\/medicina.udd.cl\/tecnologia-medica-santiago\/files\/2019\/04\/IMG_5770.jpg 3264w, https:\/\/medicina.udd.cl\/tecnologia-medica-santiago\/files\/2019\/04\/IMG_5770-300x225.jpg 300w, https:\/\/medicina.udd.cl\/tecnologia-medica-santiago\/files\/2019\/04\/IMG_5770-768x576.jpg 768w, https:\/\/medicina.udd.cl\/tecnologia-medica-santiago\/files\/2019\/04\/IMG_5770-1024x768.jpg 1024w, https:\/\/medicina.udd.cl\/tecnologia-medica-santiago\/files\/2019\/04\/IMG_5770-960x720.jpg 960w\" sizes=\"auto, (max-width: 712px) 100vw, 712px\" \/><\/figure><figure class=\"carousel-item\"><img loading=\"lazy\" decoding=\"async\" width=\"712\" height=\"534\" src=\"https:\/\/medicina.udd.cl\/tecnologia-medica-santiago\/files\/2019\/04\/IMG_5784.jpg\" class=\"attachment-landscape_952 size-landscape_952\" alt=\"\" srcset=\"https:\/\/medicina.udd.cl\/tecnologia-medica-santiago\/files\/2019\/04\/IMG_5784.jpg 3264w, https:\/\/medicina.udd.cl\/tecnologia-medica-santiago\/files\/2019\/04\/IMG_5784-300x225.jpg 300w, https:\/\/medicina.udd.cl\/tecnologia-medica-santiago\/files\/2019\/04\/IMG_5784-768x576.jpg 768w, https:\/\/medicina.udd.cl\/tecnologia-medica-santiago\/files\/2019\/04\/IMG_5784-1024x768.jpg 1024w, https:\/\/medicina.udd.cl\/tecnologia-medica-santiago\/files\/2019\/04\/IMG_5784-960x720.jpg 960w\" sizes=\"auto, (max-width: 712px) 100vw, 712px\" \/><\/figure><figure class=\"carousel-item\"><img loading=\"lazy\" decoding=\"async\" width=\"712\" height=\"534\" src=\"https:\/\/medicina.udd.cl\/tecnologia-medica-santiago\/files\/2019\/04\/IMG_5799.jpg\" class=\"attachment-landscape_952 size-landscape_952\" alt=\"\" srcset=\"https:\/\/medicina.udd.cl\/tecnologia-medica-santiago\/files\/2019\/04\/IMG_5799.jpg 3264w, https:\/\/medicina.udd.cl\/tecnologia-medica-santiago\/files\/2019\/04\/IMG_5799-300x225.jpg 300w, https:\/\/medicina.udd.cl\/tecnologia-medica-santiago\/files\/2019\/04\/IMG_5799-768x576.jpg 768w, https:\/\/medicina.udd.cl\/tecnologia-medica-santiago\/files\/2019\/04\/IMG_5799-1024x768.jpg 1024w, https:\/\/medicina.udd.cl\/tecnologia-medica-santiago\/files\/2019\/04\/IMG_5799-960x720.jpg 960w\" sizes=\"auto, (max-width: 712px) 100vw, 712px\" \/><\/figure><figure class=\"carousel-item\"><img loading=\"lazy\" decoding=\"async\" width=\"512\" height=\"384\" src=\"https:\/\/medicina.udd.cl\/tecnologia-medica-santiago\/files\/2019\/04\/78300d2224e6482256ff59a6de6803257b87fdd8eb38c1499212323b70ec93cf-1.jpg\" class=\"attachment-landscape_952 size-landscape_952\" alt=\"\" srcset=\"https:\/\/medicina.udd.cl\/tecnologia-medica-santiago\/files\/2019\/04\/78300d2224e6482256ff59a6de6803257b87fdd8eb38c1499212323b70ec93cf-1.jpg 512w, https:\/\/medicina.udd.cl\/tecnologia-medica-santiago\/files\/2019\/04\/78300d2224e6482256ff59a6de6803257b87fdd8eb38c1499212323b70ec93cf-1-300x225.jpg 300w\" sizes=\"auto, (max-width: 512px) 100vw, 512px\" \/><\/figure><\/div><footer class=\"carousel-footer\"><div class=\"carousel-counter\"><span class=\"carousel-counter-current\"><\/span> \/ <span class=\"carousel-counter-total\"><\/span><\/div><a class=\"carousel-control-prev\" href=\"#gallery-1\" role=\"button\" data-slide=\"prev\"><svg aria-hidden=\"true\" class=\"svg-chevron-left-dims\"><use xlink:href='https:\/\/medicina.udd.cl\/tecnologia-medica-santiago\/wp-content\/themes\/facultades-2018\/assets\/img\/svg\/dist\/main.svg?version=1695853099#chevron-left'><\/use><\/svg><span class=\"sr-only\">Anterior<\/span><\/a><a class=\"carousel-control-next\" href=\"#gallery-1\" role=\"button\" data-slide=\"next\"><svg aria-hidden=\"true\" class=\"svg-chevron-right-dims\"><use xlink:href='https:\/\/medicina.udd.cl\/tecnologia-medica-santiago\/wp-content\/themes\/facultades-2018\/assets\/img\/svg\/dist\/main.svg?version=1695853099#chevron-right'><\/use><\/svg><span class=\"sr-only\">Siguiente<\/span><\/a><\/footer><\/div>\n<p>Una concurrida asistencia de tecn\u00f3logos m\u00e9dicos, f\u00edsicos m\u00e9dicos, Radi\u00f3logos y otros profesionales del \u00e1rea p\u00fablica y privada participaron como expositores y en la mesa redonda, abordando los desaf\u00edos actuales de la radioprotecci\u00f3n en radiodiagn\u00f3stico e intervencionismo, en especial relaci\u00f3n a la dosis que reciben los pacientes sometidos a estos procedimientos.<\/p>\n<p>El seminario se inici\u00f3 con las palabras de bienvenida de la directora de Tecnolog\u00eda M\u00e9dica UDD-CAS, la TM M. Adriana Parra; del Jefe del Departamento de Im\u00e1genes de Cl\u00ednica Alemana, Dr. Pablo Soffia; y del Decano de la Facultad Ciencias de la Salud U. Tarapac\u00e1 TM Dr. Carlos \u00dabeda; y cont\u00f3 con la destacada participaci\u00f3n del profesor, PhD. Eliseo Va\u00f1o Carruana, de la Universidad Complutense de Madrid y miembro de la Comisi\u00f3n Internacional de Protecci\u00f3n Radiol\u00f3gica, quien trat\u00f3 los temas: Recomendaciones de la Comisi\u00f3n Internacional de Protecci\u00f3n Radiol\u00f3gica y Normativa Europea, adem\u00e1s de la experiencia espa\u00f1ola en las nuevas normas b\u00e1sicas internacionales.<\/p>\n<p>Como parte del Panel nacional participaron T.M. Enrique Viveros, presidente de la Sociedad Chilena de Protecci\u00f3n Radiol\u00f3gica (SOCHIPRA), el Dr. Pablo Soffia S., el F.M. Jos\u00e9 Luis Rodriguez, presidente de la Sociedad Chilena de F\u00edsica M\u00e9dica (SOFIMECH), el Dr. Gian Paolo Zamboni, radi\u00f3logo intervencionista de Cl\u00ednica Alemana y del Hospital de Urgencia Asistencia P\u00fablica, y la Dra. Patricia Miranda, especialista del Hospital Luis Calvo Mackenna. Todos los expositores nacionales abordaron la realidad nacional desde cada uno de sus \u00e1mbitos, mostrando los desaf\u00edos presentes y futuros.<\/p>\n<p>El evento finaliz\u00f3 con una mesa redonda, presidida por el T.M. Carlos Ubeda y el TM Ricardo Castillo, representando a la Cl\u00ednica Alemana y la Carrera de Tecnolog\u00eda M\u00e9dica.\u00a0 Adem\u00e1s,\u00a0participaron miembros del Ministerio de Salud (Minsal), del Colegio de Tecn\u00f3logos M\u00e9dicos, de la Sociedad de F\u00edsica M\u00e9dica de Chile, y representantes de universidades que imparten la carrera de Tecnolog\u00eda M\u00e9dica. El centro de la discusi\u00f3n fue la necesidad de actualizar la legislaci\u00f3n nacional vigente respecto a protecci\u00f3n radiol\u00f3gica en procedimientos diagn\u00f3sticos que entregan las nuevas herramientas tecnol\u00f3gicas. y las oportunidades de mejora del mismo.<\/p>\n","protected":false},"excerpt":{"rendered":"<p>La carrera de Tecnolog\u00eda M\u00e9dica organiz\u00f3 un seminario con la ponencia de expertos, entre ellos el profesor Eliseo Va\u00f1o, de la Universidad Complutense de Madrid y miembro de la Comisi\u00f3n Internacional de Protecci\u00f3n Radiol\u00f3gica<\/p>\n","protected":false},"author":9192218,"featured_media":5634,"comment_status":"open","ping_status":"open","sticky":false,"template":"","format":"standard","meta":{"footnotes":""},"categories":[4],"tags":[],"class_list":["post-5633","post","type-post","status-publish","format-standard","has-post-thumbnail","hentry","category-noticias"],"yoast_head":"<!-- This site is optimized with the Yoast SEO plugin v26.9 - https:\/\/yoast.com\/product\/yoast-seo-wordpress\/ -->\n<title>Expertos nacionales e internacionales analizan protecci\u00f3n radiol\u00f3gica en Chile - Tecnolog\u00eda M\u00e9dica<\/title>\n<meta name=\"robots\" content=\"index, follow, max-snippet:-1, max-image-preview:large, max-video-preview:-1\" \/>\n<link rel=\"canonical\" href=\"https:\/\/medicina.udd.cl\/tecnologia-medica-santiago\/noticias\/2019\/04\/10\/expertos-nacionales-e-internacionales-analizan-proteccion-radiologica-en-chile\/\" \/>\n<meta property=\"og:locale\" content=\"es_ES\" \/>\n<meta property=\"og:type\" content=\"article\" \/>\n<meta property=\"og:title\" content=\"Expertos nacionales e internacionales analizan protecci\u00f3n radiol\u00f3gica en Chile - Tecnolog\u00eda M\u00e9dica\" \/>\n<meta property=\"og:description\" content=\"La carrera de Tecnolog\u00eda M\u00e9dica organiz\u00f3 un seminario con la ponencia de expertos, entre ellos el profesor Eliseo Va\u00f1o, de la Universidad Complutense de Madrid y miembro de la Comisi\u00f3n Internacional de Protecci\u00f3n Radiol\u00f3gica\" \/>\n<meta property=\"og:url\" content=\"https:\/\/medicina.udd.cl\/tecnologia-medica-santiago\/noticias\/2019\/04\/10\/expertos-nacionales-e-internacionales-analizan-proteccion-radiologica-en-chile\/\" \/>\n<meta property=\"og:site_name\" content=\"Tecnolog\u00eda M\u00e9dica\" \/>\n<meta property=\"article:published_time\" content=\"2019-04-10T17:03:24+00:00\" \/>\n<meta property=\"article:modified_time\" content=\"2019-12-23T01:33:25+00:00\" \/>\n<meta property=\"og:image\" content=\"https:\/\/medicina.udd.cl\/tecnologia-medica-santiago\/files\/2019\/04\/78300d2224e6482256ff59a6de6803257b87fdd8eb38c1499212323b70ec93cf.jpg\" \/>\n\t<meta property=\"og:image:width\" content=\"512\" \/>\n\t<meta property=\"og:image:height\" content=\"384\" \/>\n\t<meta property=\"og:image:type\" content=\"image\/jpeg\" \/>\n<meta name=\"twitter:label1\" content=\"Escrito por\" \/>\n\t<meta name=\"twitter:data1\" content=\"\" \/>\n\t<meta name=\"twitter:label2\" content=\"Tiempo de lectura\" \/>\n\t<meta name=\"twitter:data2\" content=\"2 minutos\" \/>\n<script type=\"application\/ld+json\" class=\"yoast-schema-graph\">{\"@context\":\"https:\/\/schema.org\",\"@graph\":[{\"@type\":\"Article\",\"@id\":\"https:\/\/medicina.udd.cl\/tecnologia-medica-santiago\/noticias\/2019\/04\/10\/expertos-nacionales-e-internacionales-analizan-proteccion-radiologica-en-chile\/#article\",\"isPartOf\":{\"@id\":\"https:\/\/medicina.udd.cl\/tecnologia-medica-santiago\/noticias\/2019\/04\/10\/expertos-nacionales-e-internacionales-analizan-proteccion-radiologica-en-chile\/\"},\"author\":{\"name\":\"\",\"@id\":\"\"},\"headline\":\"Expertos nacionales e internacionales analizan protecci\u00f3n radiol\u00f3gica en Chile\",\"datePublished\":\"2019-04-10T17:03:24+00:00\",\"dateModified\":\"2019-12-23T01:33:25+00:00\",\"mainEntityOfPage\":{\"@id\":\"https:\/\/medicina.udd.cl\/tecnologia-medica-santiago\/noticias\/2019\/04\/10\/expertos-nacionales-e-internacionales-analizan-proteccion-radiologica-en-chile\/\"},\"wordCount\":397,\"commentCount\":0,\"image\":{\"@id\":\"https:\/\/medicina.udd.cl\/tecnologia-medica-santiago\/noticias\/2019\/04\/10\/expertos-nacionales-e-internacionales-analizan-proteccion-radiologica-en-chile\/#primaryimage\"},\"thumbnailUrl\":\"https:\/\/medicina.udd.cl\/tecnologia-medica-santiago\/files\/2019\/04\/78300d2224e6482256ff59a6de6803257b87fdd8eb38c1499212323b70ec93cf.jpg\",\"articleSection\":[\"Noticias\"],\"inLanguage\":\"es\",\"potentialAction\":[{\"@type\":\"CommentAction\",\"name\":\"Comment\",\"target\":[\"https:\/\/medicina.udd.cl\/tecnologia-medica-santiago\/noticias\/2019\/04\/10\/expertos-nacionales-e-internacionales-analizan-proteccion-radiologica-en-chile\/#respond\"]}]},{\"@type\":\"WebPage\",\"@id\":\"https:\/\/medicina.udd.cl\/tecnologia-medica-santiago\/noticias\/2019\/04\/10\/expertos-nacionales-e-internacionales-analizan-proteccion-radiologica-en-chile\/\",\"url\":\"https:\/\/medicina.udd.cl\/tecnologia-medica-santiago\/noticias\/2019\/04\/10\/expertos-nacionales-e-internacionales-analizan-proteccion-radiologica-en-chile\/\",\"name\":\"Expertos nacionales e internacionales analizan protecci\u00f3n radiol\u00f3gica en Chile - Tecnolog\u00eda M\u00e9dica\",\"isPartOf\":{\"@id\":\"https:\/\/medicina.udd.cl\/tecnologia-medica-santiago\/#website\"},\"primaryImageOfPage\":{\"@id\":\"https:\/\/medicina.udd.cl\/tecnologia-medica-santiago\/noticias\/2019\/04\/10\/expertos-nacionales-e-internacionales-analizan-proteccion-radiologica-en-chile\/#primaryimage\"},\"image\":{\"@id\":\"https:\/\/medicina.udd.cl\/tecnologia-medica-santiago\/noticias\/2019\/04\/10\/expertos-nacionales-e-internacionales-analizan-proteccion-radiologica-en-chile\/#primaryimage\"},\"thumbnailUrl\":\"https:\/\/medicina.udd.cl\/tecnologia-medica-santiago\/files\/2019\/04\/78300d2224e6482256ff59a6de6803257b87fdd8eb38c1499212323b70ec93cf.jpg\",\"datePublished\":\"2019-04-10T17:03:24+00:00\",\"dateModified\":\"2019-12-23T01:33:25+00:00\",\"author\":{\"@id\":\"\"},\"breadcrumb\":{\"@id\":\"https:\/\/medicina.udd.cl\/tecnologia-medica-santiago\/noticias\/2019\/04\/10\/expertos-nacionales-e-internacionales-analizan-proteccion-radiologica-en-chile\/#breadcrumb\"},\"inLanguage\":\"es\",\"potentialAction\":[{\"@type\":\"ReadAction\",\"target\":[\"https:\/\/medicina.udd.cl\/tecnologia-medica-santiago\/noticias\/2019\/04\/10\/expertos-nacionales-e-internacionales-analizan-proteccion-radiologica-en-chile\/\"]}]},{\"@type\":\"ImageObject\",\"inLanguage\":\"es\",\"@id\":\"https:\/\/medicina.udd.cl\/tecnologia-medica-santiago\/noticias\/2019\/04\/10\/expertos-nacionales-e-internacionales-analizan-proteccion-radiologica-en-chile\/#primaryimage\",\"url\":\"https:\/\/medicina.udd.cl\/tecnologia-medica-santiago\/files\/2019\/04\/78300d2224e6482256ff59a6de6803257b87fdd8eb38c1499212323b70ec93cf.jpg\",\"contentUrl\":\"https:\/\/medicina.udd.cl\/tecnologia-medica-santiago\/files\/2019\/04\/78300d2224e6482256ff59a6de6803257b87fdd8eb38c1499212323b70ec93cf.jpg\",\"width\":512,\"height\":384},{\"@type\":\"BreadcrumbList\",\"@id\":\"https:\/\/medicina.udd.cl\/tecnologia-medica-santiago\/noticias\/2019\/04\/10\/expertos-nacionales-e-internacionales-analizan-proteccion-radiologica-en-chile\/#breadcrumb\",\"itemListElement\":[{\"@type\":\"ListItem\",\"position\":1,\"name\":\"Home\",\"item\":\"https:\/\/medicina.udd.cl\/tecnologia-medica-santiago\/\"},{\"@type\":\"ListItem\",\"position\":2,\"name\":\"Expertos nacionales e internacionales analizan protecci\u00f3n radiol\u00f3gica en Chile\"}]},{\"@type\":\"WebSite\",\"@id\":\"https:\/\/medicina.udd.cl\/tecnologia-medica-santiago\/#website\",\"url\":\"https:\/\/medicina.udd.cl\/tecnologia-medica-santiago\/\",\"name\":\"Tecnolog\u00eda M\u00e9dica\",\"description\":\"Facultad de Medicina Cl\u00ednica Alemana Universidad del Desarrollo\",\"inLanguage\":\"es\"},{\"@type\":\"Person\",\"@id\":\"\",\"url\":\"https:\/\/medicina.udd.cl\/tecnologia-medica-santiago\/noticias\/author\/\"}]}<\/script>\n<!-- \/ Yoast SEO plugin. -->","yoast_head_json":{"title":"Expertos nacionales e internacionales analizan protecci\u00f3n radiol\u00f3gica en Chile - Tecnolog\u00eda M\u00e9dica","robots":{"index":"index","follow":"follow","max-snippet":"max-snippet:-1","max-image-preview":"max-image-preview:large","max-video-preview":"max-video-preview:-1"},"canonical":"https:\/\/medicina.udd.cl\/tecnologia-medica-santiago\/noticias\/2019\/04\/10\/expertos-nacionales-e-internacionales-analizan-proteccion-radiologica-en-chile\/","og_locale":"es_ES","og_type":"article","og_title":"Expertos nacionales e internacionales analizan protecci\u00f3n radiol\u00f3gica en Chile - Tecnolog\u00eda M\u00e9dica","og_description":"La carrera de Tecnolog\u00eda M\u00e9dica organiz\u00f3 un seminario con la ponencia de expertos, entre ellos el profesor Eliseo Va\u00f1o, de la Universidad Complutense de Madrid y miembro de la Comisi\u00f3n Internacional de Protecci\u00f3n Radiol\u00f3gica","og_url":"https:\/\/medicina.udd.cl\/tecnologia-medica-santiago\/noticias\/2019\/04\/10\/expertos-nacionales-e-internacionales-analizan-proteccion-radiologica-en-chile\/","og_site_name":"Tecnolog\u00eda M\u00e9dica","article_published_time":"2019-04-10T17:03:24+00:00","article_modified_time":"2019-12-23T01:33:25+00:00","og_image":[{"width":512,"height":384,"url":"https:\/\/medicina.udd.cl\/tecnologia-medica-santiago\/files\/2019\/04\/78300d2224e6482256ff59a6de6803257b87fdd8eb38c1499212323b70ec93cf.jpg","type":"image\/jpeg"}],"twitter_misc":{"Escrito por":"","Tiempo de lectura":"2 minutos"},"schema":{"@context":"https:\/\/schema.org","@graph":[{"@type":"Article","@id":"https:\/\/medicina.udd.cl\/tecnologia-medica-santiago\/noticias\/2019\/04\/10\/expertos-nacionales-e-internacionales-analizan-proteccion-radiologica-en-chile\/#article","isPartOf":{"@id":"https:\/\/medicina.udd.cl\/tecnologia-medica-santiago\/noticias\/2019\/04\/10\/expertos-nacionales-e-internacionales-analizan-proteccion-radiologica-en-chile\/"},"author":{"name":"","@id":""},"headline":"Expertos nacionales e internacionales analizan protecci\u00f3n radiol\u00f3gica en Chile","datePublished":"2019-04-10T17:03:24+00:00","dateModified":"2019-12-23T01:33:25+00:00","mainEntityOfPage":{"@id":"https:\/\/medicina.udd.cl\/tecnologia-medica-santiago\/noticias\/2019\/04\/10\/expertos-nacionales-e-internacionales-analizan-proteccion-radiologica-en-chile\/"},"wordCount":397,"commentCount":0,"image":{"@id":"https:\/\/medicina.udd.cl\/tecnologia-medica-santiago\/noticias\/2019\/04\/10\/expertos-nacionales-e-internacionales-analizan-proteccion-radiologica-en-chile\/#primaryimage"},"thumbnailUrl":"https:\/\/medicina.udd.cl\/tecnologia-medica-santiago\/files\/2019\/04\/78300d2224e6482256ff59a6de6803257b87fdd8eb38c1499212323b70ec93cf.jpg","articleSection":["Noticias"],"inLanguage":"es","potentialAction":[{"@type":"CommentAction","name":"Comment","target":["https:\/\/medicina.udd.cl\/tecnologia-medica-santiago\/noticias\/2019\/04\/10\/expertos-nacionales-e-internacionales-analizan-proteccion-radiologica-en-chile\/#respond"]}]},{"@type":"WebPage","@id":"https:\/\/medicina.udd.cl\/tecnologia-medica-santiago\/noticias\/2019\/04\/10\/expertos-nacionales-e-internacionales-analizan-proteccion-radiologica-en-chile\/","url":"https:\/\/medicina.udd.cl\/tecnologia-medica-santiago\/noticias\/2019\/04\/10\/expertos-nacionales-e-internacionales-analizan-proteccion-radiologica-en-chile\/","name":"Expertos nacionales e internacionales analizan protecci\u00f3n radiol\u00f3gica en Chile - Tecnolog\u00eda M\u00e9dica","isPartOf":{"@id":"https:\/\/medicina.udd.cl\/tecnologia-medica-santiago\/#website"},"primaryImageOfPage":{"@id":"https:\/\/medicina.udd.cl\/tecnologia-medica-santiago\/noticias\/2019\/04\/10\/expertos-nacionales-e-internacionales-analizan-proteccion-radiologica-en-chile\/#primaryimage"},"image":{"@id":"https:\/\/medicina.udd.cl\/tecnologia-medica-santiago\/noticias\/2019\/04\/10\/expertos-nacionales-e-internacionales-analizan-proteccion-radiologica-en-chile\/#primaryimage"},"thumbnailUrl":"https:\/\/medicina.udd.cl\/tecnologia-medica-santiago\/files\/2019\/04\/78300d2224e6482256ff59a6de6803257b87fdd8eb38c1499212323b70ec93cf.jpg","datePublished":"2019-04-10T17:03:24+00:00","dateModified":"2019-12-23T01:33:25+00:00","author":{"@id":""},"breadcrumb":{"@id":"https:\/\/medicina.udd.cl\/tecnologia-medica-santiago\/noticias\/2019\/04\/10\/expertos-nacionales-e-internacionales-analizan-proteccion-radiologica-en-chile\/#breadcrumb"},"inLanguage":"es","potentialAction":[{"@type":"ReadAction","target":["https:\/\/medicina.udd.cl\/tecnologia-medica-santiago\/noticias\/2019\/04\/10\/expertos-nacionales-e-internacionales-analizan-proteccion-radiologica-en-chile\/"]}]},{"@type":"ImageObject","inLanguage":"es","@id":"https:\/\/medicina.udd.cl\/tecnologia-medica-santiago\/noticias\/2019\/04\/10\/expertos-nacionales-e-internacionales-analizan-proteccion-radiologica-en-chile\/#primaryimage","url":"https:\/\/medicina.udd.cl\/tecnologia-medica-santiago\/files\/2019\/04\/78300d2224e6482256ff59a6de6803257b87fdd8eb38c1499212323b70ec93cf.jpg","contentUrl":"https:\/\/medicina.udd.cl\/tecnologia-medica-santiago\/files\/2019\/04\/78300d2224e6482256ff59a6de6803257b87fdd8eb38c1499212323b70ec93cf.jpg","width":512,"height":384},{"@type":"BreadcrumbList","@id":"https:\/\/medicina.udd.cl\/tecnologia-medica-santiago\/noticias\/2019\/04\/10\/expertos-nacionales-e-internacionales-analizan-proteccion-radiologica-en-chile\/#breadcrumb","itemListElement":[{"@type":"ListItem","position":1,"name":"Home","item":"https:\/\/medicina.udd.cl\/tecnologia-medica-santiago\/"},{"@type":"ListItem","position":2,"name":"Expertos nacionales e internacionales analizan protecci\u00f3n radiol\u00f3gica en Chile"}]},{"@type":"WebSite","@id":"https:\/\/medicina.udd.cl\/tecnologia-medica-santiago\/#website","url":"https:\/\/medicina.udd.cl\/tecnologia-medica-santiago\/","name":"Tecnolog\u00eda M\u00e9dica","description":"Facultad de Medicina Cl\u00ednica Alemana Universidad del Desarrollo","inLanguage":"es"},{"@type":"Person","@id":"","url":"https:\/\/medicina.udd.cl\/tecnologia-medica-santiago\/noticias\/author\/"}]}},"featured_image_url":"https:\/\/medicina.udd.cl\/tecnologia-medica-santiago\/files\/2019\/04\/78300d2224e6482256ff59a6de6803257b87fdd8eb38c1499212323b70ec93cf.jpg","_links":{"self":[{"href":"https:\/\/medicina.udd.cl\/tecnologia-medica-santiago\/wp-json\/wp\/v2\/posts\/5633","targetHints":{"allow":["GET"]}}],"collection":[{"href":"https:\/\/medicina.udd.cl\/tecnologia-medica-santiago\/wp-json\/wp\/v2\/posts"}],"about":[{"href":"https:\/\/medicina.udd.cl\/tecnologia-medica-santiago\/wp-json\/wp\/v2\/types\/post"}],"author":[{"embeddable":true,"href":"https:\/\/medicina.udd.cl\/tecnologia-medica-santiago\/wp-json\/wp\/v2\/users\/9192218"}],"replies":[{"embeddable":true,"href":"https:\/\/medicina.udd.cl\/tecnologia-medica-santiago\/wp-json\/wp\/v2\/comments?post=5633"}],"version-history":[{"count":4,"href":"https:\/\/medicina.udd.cl\/tecnologia-medica-santiago\/wp-json\/wp\/v2\/posts\/5633\/revisions"}],"predecessor-version":[{"id":5653,"href":"https:\/\/medicina.udd.cl\/tecnologia-medica-santiago\/wp-json\/wp\/v2\/posts\/5633\/revisions\/5653"}],"wp:featuredmedia":[{"embeddable":true,"href":"https:\/\/medicina.udd.cl\/tecnologia-medica-santiago\/wp-json\/wp\/v2\/media\/5634"}],"wp:attachment":[{"href":"https:\/\/medicina.udd.cl\/tecnologia-medica-santiago\/wp-json\/wp\/v2\/media?parent=5633"}],"wp:term":[{"taxonomy":"category","embeddable":true,"href":"https:\/\/medicina.udd.cl\/tecnologia-medica-santiago\/wp-json\/wp\/v2\/categories?post=5633"},{"taxonomy":"post_tag","embeddable":true,"href":"https:\/\/medicina.udd.cl\/tecnologia-medica-santiago\/wp-json\/wp\/v2\/tags?post=5633"}],"curies":[{"name":"wp","href":"https:\/\/api.w.org\/{rel}","templated":true}]}}