{"id":6503,"date":"2020-09-22T17:47:16","date_gmt":"2020-09-22T20:47:16","guid":{"rendered":"http:\/\/medicina.udd.cl\/tecnologia-medica-santiago\/?p=6503"},"modified":"2020-09-22T20:43:33","modified_gmt":"2020-09-22T23:43:33","slug":"comprometida-participacion-de-estudiantes-de-tecnologia-medica-en-voluntariado-sonrie-udd","status":"publish","type":"post","link":"https:\/\/medicina.udd.cl\/tecnologia-medica-santiago\/noticias\/2020\/09\/22\/comprometida-participacion-de-estudiantes-de-tecnologia-medica-en-voluntariado-sonrie-udd\/","title":{"rendered":"Comprometida participaci\u00f3n de estudiantes de Tecnolog\u00eda M\u00e9dica en voluntariado Sonr\u00ede UDD"},"content":{"rendered":"\n<figure class=\"wp-block-gallery columns-3 is-cropped wp-block-gallery-1 is-layout-flex wp-block-gallery-is-layout-flex\"><ul class=\"blocks-gallery-grid\"><li class=\"blocks-gallery-item\"><figure><img loading=\"lazy\" decoding=\"async\" width=\"731\" height=\"1024\" src=\"https:\/\/medicina.udd.cl\/tecnologia-medica-santiago\/files\/2020\/09\/Covid-folleto-definitivo-731x1024.png\" alt=\"\" data-id=\"6504\" data-link=\"https:\/\/medicina.udd.cl\/tecnologia-medica-santiago\/?attachment_id=6504\" class=\"wp-image-6504\" srcset=\"https:\/\/medicina.udd.cl\/tecnologia-medica-santiago\/files\/2020\/09\/Covid-folleto-definitivo-731x1024.png 731w, https:\/\/medicina.udd.cl\/tecnologia-medica-santiago\/files\/2020\/09\/Covid-folleto-definitivo-214x300.png 214w, https:\/\/medicina.udd.cl\/tecnologia-medica-santiago\/files\/2020\/09\/Covid-folleto-definitivo-768x1075.png 768w, https:\/\/medicina.udd.cl\/tecnologia-medica-santiago\/files\/2020\/09\/Covid-folleto-definitivo-1097x1536.png 1097w, https:\/\/medicina.udd.cl\/tecnologia-medica-santiago\/files\/2020\/09\/Covid-folleto-definitivo-1463x2048.png 1463w, https:\/\/medicina.udd.cl\/tecnologia-medica-santiago\/files\/2020\/09\/Covid-folleto-definitivo.png 1890w\" sizes=\"auto, (max-width: 731px) 100vw, 731px\" \/><\/figure><\/li><li class=\"blocks-gallery-item\"><figure><img loading=\"lazy\" decoding=\"async\" width=\"707\" height=\"1000\" src=\"https:\/\/medicina.udd.cl\/tecnologia-medica-santiago\/files\/2020\/09\/WhatsApp-Image-2020-09-22-at-19.25.55.jpeg\" alt=\"\" data-id=\"6511\" data-full-url=\"https:\/\/medicina.udd.cl\/tecnologia-medica-santiago\/files\/2020\/09\/WhatsApp-Image-2020-09-22-at-19.25.55.jpeg\" data-link=\"https:\/\/medicina.udd.cl\/tecnologia-medica-santiago\/noticias\/2020\/09\/22\/comprometida-participacion-de-estudiantes-de-tecnologia-medica-en-voluntariado-sonrie-udd\/whatsapp-image-2020-09-22-at-19-25-55\/\" class=\"wp-image-6511\" srcset=\"https:\/\/medicina.udd.cl\/tecnologia-medica-santiago\/files\/2020\/09\/WhatsApp-Image-2020-09-22-at-19.25.55.jpeg 707w, https:\/\/medicina.udd.cl\/tecnologia-medica-santiago\/files\/2020\/09\/WhatsApp-Image-2020-09-22-at-19.25.55-212x300.jpeg 212w\" sizes=\"auto, (max-width: 707px) 100vw, 707px\" \/><\/figure><\/li><li class=\"blocks-gallery-item\"><figure><img loading=\"lazy\" decoding=\"async\" width=\"535\" height=\"756\" src=\"https:\/\/medicina.udd.cl\/tecnologia-medica-santiago\/files\/2020\/09\/folleto-diabetes.jpg\" alt=\"\" data-id=\"6506\" data-link=\"https:\/\/medicina.udd.cl\/tecnologia-medica-santiago\/?attachment_id=6506\" class=\"wp-image-6506\" srcset=\"https:\/\/medicina.udd.cl\/tecnologia-medica-santiago\/files\/2020\/09\/folleto-diabetes.jpg 535w, https:\/\/medicina.udd.cl\/tecnologia-medica-santiago\/files\/2020\/09\/folleto-diabetes-212x300.jpg 212w\" sizes=\"auto, (max-width: 535px) 100vw, 535px\" \/><\/figure><\/li><li class=\"blocks-gallery-item\"><figure><img loading=\"lazy\" decoding=\"async\" width=\"1024\" height=\"585\" src=\"https:\/\/medicina.udd.cl\/tecnologia-medica-santiago\/files\/2020\/09\/IMG_6188-1024x585.jpg\" alt=\"\" data-id=\"6507\" data-link=\"https:\/\/medicina.udd.cl\/tecnologia-medica-santiago\/?attachment_id=6507\" class=\"wp-image-6507\" srcset=\"https:\/\/medicina.udd.cl\/tecnologia-medica-santiago\/files\/2020\/09\/IMG_6188-1024x585.jpg 1024w, https:\/\/medicina.udd.cl\/tecnologia-medica-santiago\/files\/2020\/09\/IMG_6188-300x171.jpg 300w, https:\/\/medicina.udd.cl\/tecnologia-medica-santiago\/files\/2020\/09\/IMG_6188-768x438.jpg 768w, https:\/\/medicina.udd.cl\/tecnologia-medica-santiago\/files\/2020\/09\/IMG_6188-1536x877.jpg 1536w, https:\/\/medicina.udd.cl\/tecnologia-medica-santiago\/files\/2020\/09\/IMG_6188-2048x1169.jpg 2048w\" sizes=\"auto, (max-width: 1024px) 100vw, 1024px\" \/><\/figure><\/li><li class=\"blocks-gallery-item\"><figure><img loading=\"lazy\" decoding=\"async\" width=\"1024\" height=\"718\" src=\"https:\/\/medicina.udd.cl\/tecnologia-medica-santiago\/files\/2020\/09\/IMG_6227-1024x718.jpg\" alt=\"\" data-id=\"6508\" data-link=\"https:\/\/medicina.udd.cl\/tecnologia-medica-santiago\/?attachment_id=6508\" class=\"wp-image-6508\" srcset=\"https:\/\/medicina.udd.cl\/tecnologia-medica-santiago\/files\/2020\/09\/IMG_6227-1024x718.jpg 1024w, https:\/\/medicina.udd.cl\/tecnologia-medica-santiago\/files\/2020\/09\/IMG_6227-300x210.jpg 300w, https:\/\/medicina.udd.cl\/tecnologia-medica-santiago\/files\/2020\/09\/IMG_6227-768x538.jpg 768w, https:\/\/medicina.udd.cl\/tecnologia-medica-santiago\/files\/2020\/09\/IMG_6227-87x62.jpg 87w, https:\/\/medicina.udd.cl\/tecnologia-medica-santiago\/files\/2020\/09\/IMG_6227-1536x1076.jpg 1536w, https:\/\/medicina.udd.cl\/tecnologia-medica-santiago\/files\/2020\/09\/IMG_6227-2048x1435.jpg 2048w\" sizes=\"auto, (max-width: 1024px) 100vw, 1024px\" \/><\/figure><\/li><li class=\"blocks-gallery-item\"><figure><img loading=\"lazy\" decoding=\"async\" width=\"983\" height=\"637\" src=\"https:\/\/medicina.udd.cl\/tecnologia-medica-santiago\/files\/2020\/09\/PHOTO-2020-07-29-20-03-36.jpg\" alt=\"\" data-id=\"6509\" data-link=\"https:\/\/medicina.udd.cl\/tecnologia-medica-santiago\/?attachment_id=6509\" class=\"wp-image-6509\" srcset=\"https:\/\/medicina.udd.cl\/tecnologia-medica-santiago\/files\/2020\/09\/PHOTO-2020-07-29-20-03-36.jpg 983w, https:\/\/medicina.udd.cl\/tecnologia-medica-santiago\/files\/2020\/09\/PHOTO-2020-07-29-20-03-36-300x194.jpg 300w, https:\/\/medicina.udd.cl\/tecnologia-medica-santiago\/files\/2020\/09\/PHOTO-2020-07-29-20-03-36-768x498.jpg 768w\" sizes=\"auto, (max-width: 983px) 100vw, 983px\" \/><\/figure><\/li><\/ul><\/figure>\n\n\n\n<p>Desde hace varios a\u00f1os, la Direcci\u00f3n de Asuntos\nEstudiantiles (DAE) de la Universidad del Desarrollo, realiza el Voluntariado Sonr\u00ede\nUDD, entre otras actividades de vinculaci\u00f3n con el medio y ayuda a la comunidad,\nel cual se realiza en invierno y verano, en distintos lugares del pa\u00eds. <\/p>\n\n\n\n<p>La carrera de Tecnolog\u00eda M\u00e9dica ha estado presente\ndesde sus inicios, gracias a Guislaine Aldana, coordinadora del Laboratorio, de\nAdmisi\u00f3n y Vinculaci\u00f3n con el Medio, \u201cque se convirti\u00f3 en \u2018el motor\u2019 de la\nactividad, motivando y comprometiendo a los estudiantes de todos los cursos,\nincluso a titulados, para que sigan participando con el mismo entusiasmo de\ncuando eran estudiantes. Es m\u00e1s, llama la atenci\u00f3n c\u00f3mo alumnos de primer a\u00f1o\nque llevan s\u00f3lo un semestre en la carrera, se inscriben para estar presentes en\nesta obra maravillosa\u201d, cuenta la directora Mar\u00eda Adriana Parra. <\/p>\n\n\n\n<p>Este invierno, dada la contingencia, la actividad se llev\u00f3 a cabo de manera virtual la \u00faltima semana de julio, bajo el lema \u201cSonr\u00ede UDD en casa\u201d, donde las atenciones de manera presencial fueron reemplazadas por contactos online con recintos de ancianos, con actividades dirigidas tanto a los residentes como a sus cuidadores. <\/p>\n\n\n\n<p>En esta ocasi\u00f3n, los voluntarios de la carrera de Tecnolog\u00eda M\u00e9dica, que habitualmente realizan ex\u00e1menes diagn\u00f3sticos y entregan lentes a personas que por a\u00f1os no hab\u00edan sido atendidas por alteraciones en su sistema visual, realizaron charlas donde abordaron temas como c\u00e1ncer, diabetes, Covid-19, entre otros, logrando tal compromiso, que los estudiantes mantuvieron el contacto una semana m\u00e1s de finalizado el programa. <\/p>\n\n\n\n<p>Adem\u00e1s de las charlas cient\u00edficas, los estudiantes y el equipo docente participaron en entretenidas instancias de relajaci\u00f3n emocional, viviendo gratos momentos para compartir en los dif\u00edciles tiempos de pandemia que se viven actualmente.<\/p>\n\n\n\n<p>Para finalizar, y como sucede tradicionalmente, el\nequipo de carrera cerr\u00f3 la actividad con momentos de reflexi\u00f3n, donde se escriben\ny comparten profundos y emocionantes mensajes, \u201ccreando lazos de amistad y\nequipo que quedan para siempre\u201d, cuenta Mar\u00eda Adriana Parra. <\/p>\n\n\n\n<p>Cabe destacar la participaci\u00f3n de Sara Morales,\ncoordinadora de la especialidad de Bioan\u00e1lisis Cl\u00ednico, Hematolog\u00eda y Medicina\nTransfusional, quien asumi\u00f3 la coordinaci\u00f3n de la carrera en este voluntariado.\nLa directora Mar\u00eda Adriana Parra, que participa activamente con sus\nestudiantes, agradece a Guislaine su entrega todos estos a\u00f1os, a los voluntarios\ny destaca al alumno coordinador, Julio Santelices. <\/p>\n","protected":false},"excerpt":{"rendered":"<p>Desde hace varios a\u00f1os, la Direcci\u00f3n de Asuntos Estudiantiles (DAE) de la Universidad del Desarrollo, realiza el Voluntariado Sonr\u00ede UDD, entre otras actividades de vinculaci\u00f3n con el medio y ayuda a la comunidad, el cual se realiza en invierno y verano, en distintos lugares del pa\u00eds. La carrera de Tecnolog\u00eda M\u00e9dica ha estado presente desde [&hellip;]<\/p>\n","protected":false},"author":42,"featured_media":6507,"comment_status":"open","ping_status":"open","sticky":false,"template":"","format":"standard","meta":{"footnotes":""},"categories":[4],"tags":[],"class_list":["post-6503","post","type-post","status-publish","format-standard","has-post-thumbnail","hentry","category-noticias"],"yoast_head":"<!-- This site is optimized with the Yoast SEO plugin v26.9 - https:\/\/yoast.com\/product\/yoast-seo-wordpress\/ -->\n<title>Comprometida participaci\u00f3n de estudiantes de Tecnolog\u00eda M\u00e9dica en voluntariado Sonr\u00ede UDD - Tecnolog\u00eda M\u00e9dica<\/title>\n<meta name=\"robots\" content=\"index, follow, max-snippet:-1, max-image-preview:large, max-video-preview:-1\" \/>\n<link rel=\"canonical\" href=\"https:\/\/medicina.udd.cl\/tecnologia-medica-santiago\/noticias\/2020\/09\/22\/comprometida-participacion-de-estudiantes-de-tecnologia-medica-en-voluntariado-sonrie-udd\/\" \/>\n<meta property=\"og:locale\" content=\"es_ES\" \/>\n<meta property=\"og:type\" content=\"article\" \/>\n<meta property=\"og:title\" content=\"Comprometida participaci\u00f3n de estudiantes de Tecnolog\u00eda M\u00e9dica en voluntariado Sonr\u00ede UDD - Tecnolog\u00eda M\u00e9dica\" \/>\n<meta property=\"og:description\" content=\"Desde hace varios a\u00f1os, la Direcci\u00f3n de Asuntos Estudiantiles (DAE) de la Universidad del Desarrollo, realiza el Voluntariado Sonr\u00ede UDD, entre otras actividades de vinculaci\u00f3n con el medio y ayuda a la comunidad, el cual se realiza en invierno y verano, en distintos lugares del pa\u00eds. La carrera de Tecnolog\u00eda M\u00e9dica ha estado presente desde [&hellip;]\" \/>\n<meta property=\"og:url\" content=\"https:\/\/medicina.udd.cl\/tecnologia-medica-santiago\/noticias\/2020\/09\/22\/comprometida-participacion-de-estudiantes-de-tecnologia-medica-en-voluntariado-sonrie-udd\/\" \/>\n<meta property=\"og:site_name\" content=\"Tecnolog\u00eda M\u00e9dica\" \/>\n<meta property=\"article:published_time\" content=\"2020-09-22T20:47:16+00:00\" \/>\n<meta property=\"article:modified_time\" content=\"2020-09-22T23:43:33+00:00\" \/>\n<meta property=\"og:image\" content=\"https:\/\/medicina.udd.cl\/tecnologia-medica-santiago\/files\/2020\/09\/IMG_6188-scaled.jpg\" \/>\n\t<meta property=\"og:image:width\" content=\"2560\" \/>\n\t<meta property=\"og:image:height\" content=\"1461\" \/>\n\t<meta property=\"og:image:type\" content=\"image\/jpeg\" \/>\n<meta name=\"twitter:label1\" content=\"Escrito por\" \/>\n\t<meta name=\"twitter:data1\" content=\"\" \/>\n\t<meta name=\"twitter:label2\" content=\"Tiempo de lectura\" \/>\n\t<meta name=\"twitter:data2\" content=\"2 minutos\" \/>\n<script type=\"application\/ld+json\" class=\"yoast-schema-graph\">{\"@context\":\"https:\/\/schema.org\",\"@graph\":[{\"@type\":\"Article\",\"@id\":\"https:\/\/medicina.udd.cl\/tecnologia-medica-santiago\/noticias\/2020\/09\/22\/comprometida-participacion-de-estudiantes-de-tecnologia-medica-en-voluntariado-sonrie-udd\/#article\",\"isPartOf\":{\"@id\":\"https:\/\/medicina.udd.cl\/tecnologia-medica-santiago\/noticias\/2020\/09\/22\/comprometida-participacion-de-estudiantes-de-tecnologia-medica-en-voluntariado-sonrie-udd\/\"},\"author\":{\"name\":\"\",\"@id\":\"\"},\"headline\":\"Comprometida participaci\u00f3n de estudiantes de Tecnolog\u00eda M\u00e9dica en voluntariado Sonr\u00ede UDD\",\"datePublished\":\"2020-09-22T20:47:16+00:00\",\"dateModified\":\"2020-09-22T23:43:33+00:00\",\"mainEntityOfPage\":{\"@id\":\"https:\/\/medicina.udd.cl\/tecnologia-medica-santiago\/noticias\/2020\/09\/22\/comprometida-participacion-de-estudiantes-de-tecnologia-medica-en-voluntariado-sonrie-udd\/\"},\"wordCount\":434,\"commentCount\":0,\"image\":{\"@id\":\"https:\/\/medicina.udd.cl\/tecnologia-medica-santiago\/noticias\/2020\/09\/22\/comprometida-participacion-de-estudiantes-de-tecnologia-medica-en-voluntariado-sonrie-udd\/#primaryimage\"},\"thumbnailUrl\":\"https:\/\/medicina.udd.cl\/tecnologia-medica-santiago\/files\/2020\/09\/IMG_6188-scaled.jpg\",\"articleSection\":[\"Noticias\"],\"inLanguage\":\"es\",\"potentialAction\":[{\"@type\":\"CommentAction\",\"name\":\"Comment\",\"target\":[\"https:\/\/medicina.udd.cl\/tecnologia-medica-santiago\/noticias\/2020\/09\/22\/comprometida-participacion-de-estudiantes-de-tecnologia-medica-en-voluntariado-sonrie-udd\/#respond\"]}]},{\"@type\":\"WebPage\",\"@id\":\"https:\/\/medicina.udd.cl\/tecnologia-medica-santiago\/noticias\/2020\/09\/22\/comprometida-participacion-de-estudiantes-de-tecnologia-medica-en-voluntariado-sonrie-udd\/\",\"url\":\"https:\/\/medicina.udd.cl\/tecnologia-medica-santiago\/noticias\/2020\/09\/22\/comprometida-participacion-de-estudiantes-de-tecnologia-medica-en-voluntariado-sonrie-udd\/\",\"name\":\"Comprometida participaci\u00f3n de estudiantes de Tecnolog\u00eda M\u00e9dica en voluntariado Sonr\u00ede UDD - Tecnolog\u00eda M\u00e9dica\",\"isPartOf\":{\"@id\":\"https:\/\/medicina.udd.cl\/tecnologia-medica-santiago\/#website\"},\"primaryImageOfPage\":{\"@id\":\"https:\/\/medicina.udd.cl\/tecnologia-medica-santiago\/noticias\/2020\/09\/22\/comprometida-participacion-de-estudiantes-de-tecnologia-medica-en-voluntariado-sonrie-udd\/#primaryimage\"},\"image\":{\"@id\":\"https:\/\/medicina.udd.cl\/tecnologia-medica-santiago\/noticias\/2020\/09\/22\/comprometida-participacion-de-estudiantes-de-tecnologia-medica-en-voluntariado-sonrie-udd\/#primaryimage\"},\"thumbnailUrl\":\"https:\/\/medicina.udd.cl\/tecnologia-medica-santiago\/files\/2020\/09\/IMG_6188-scaled.jpg\",\"datePublished\":\"2020-09-22T20:47:16+00:00\",\"dateModified\":\"2020-09-22T23:43:33+00:00\",\"author\":{\"@id\":\"\"},\"breadcrumb\":{\"@id\":\"https:\/\/medicina.udd.cl\/tecnologia-medica-santiago\/noticias\/2020\/09\/22\/comprometida-participacion-de-estudiantes-de-tecnologia-medica-en-voluntariado-sonrie-udd\/#breadcrumb\"},\"inLanguage\":\"es\",\"potentialAction\":[{\"@type\":\"ReadAction\",\"target\":[\"https:\/\/medicina.udd.cl\/tecnologia-medica-santiago\/noticias\/2020\/09\/22\/comprometida-participacion-de-estudiantes-de-tecnologia-medica-en-voluntariado-sonrie-udd\/\"]}]},{\"@type\":\"ImageObject\",\"inLanguage\":\"es\",\"@id\":\"https:\/\/medicina.udd.cl\/tecnologia-medica-santiago\/noticias\/2020\/09\/22\/comprometida-participacion-de-estudiantes-de-tecnologia-medica-en-voluntariado-sonrie-udd\/#primaryimage\",\"url\":\"https:\/\/medicina.udd.cl\/tecnologia-medica-santiago\/files\/2020\/09\/IMG_6188-scaled.jpg\",\"contentUrl\":\"https:\/\/medicina.udd.cl\/tecnologia-medica-santiago\/files\/2020\/09\/IMG_6188-scaled.jpg\",\"width\":2560,\"height\":1461},{\"@type\":\"BreadcrumbList\",\"@id\":\"https:\/\/medicina.udd.cl\/tecnologia-medica-santiago\/noticias\/2020\/09\/22\/comprometida-participacion-de-estudiantes-de-tecnologia-medica-en-voluntariado-sonrie-udd\/#breadcrumb\",\"itemListElement\":[{\"@type\":\"ListItem\",\"position\":1,\"name\":\"Home\",\"item\":\"https:\/\/medicina.udd.cl\/tecnologia-medica-santiago\/\"},{\"@type\":\"ListItem\",\"position\":2,\"name\":\"Comprometida participaci\u00f3n de estudiantes de Tecnolog\u00eda M\u00e9dica en voluntariado Sonr\u00ede UDD\"}]},{\"@type\":\"WebSite\",\"@id\":\"https:\/\/medicina.udd.cl\/tecnologia-medica-santiago\/#website\",\"url\":\"https:\/\/medicina.udd.cl\/tecnologia-medica-santiago\/\",\"name\":\"Tecnolog\u00eda M\u00e9dica\",\"description\":\"Facultad de Medicina Cl\u00ednica Alemana Universidad del Desarrollo\",\"inLanguage\":\"es\"},{\"@type\":\"Person\",\"@id\":\"\",\"url\":\"https:\/\/medicina.udd.cl\/tecnologia-medica-santiago\/noticias\/author\/\"}]}<\/script>\n<!-- \/ Yoast SEO plugin. -->","yoast_head_json":{"title":"Comprometida participaci\u00f3n de estudiantes de Tecnolog\u00eda M\u00e9dica en voluntariado Sonr\u00ede UDD - Tecnolog\u00eda M\u00e9dica","robots":{"index":"index","follow":"follow","max-snippet":"max-snippet:-1","max-image-preview":"max-image-preview:large","max-video-preview":"max-video-preview:-1"},"canonical":"https:\/\/medicina.udd.cl\/tecnologia-medica-santiago\/noticias\/2020\/09\/22\/comprometida-participacion-de-estudiantes-de-tecnologia-medica-en-voluntariado-sonrie-udd\/","og_locale":"es_ES","og_type":"article","og_title":"Comprometida participaci\u00f3n de estudiantes de Tecnolog\u00eda M\u00e9dica en voluntariado Sonr\u00ede UDD - Tecnolog\u00eda M\u00e9dica","og_description":"Desde hace varios a\u00f1os, la Direcci\u00f3n de Asuntos Estudiantiles (DAE) de la Universidad del Desarrollo, realiza el Voluntariado Sonr\u00ede UDD, entre otras actividades de vinculaci\u00f3n con el medio y ayuda a la comunidad, el cual se realiza en invierno y verano, en distintos lugares del pa\u00eds. La carrera de Tecnolog\u00eda M\u00e9dica ha estado presente desde [&hellip;]","og_url":"https:\/\/medicina.udd.cl\/tecnologia-medica-santiago\/noticias\/2020\/09\/22\/comprometida-participacion-de-estudiantes-de-tecnologia-medica-en-voluntariado-sonrie-udd\/","og_site_name":"Tecnolog\u00eda M\u00e9dica","article_published_time":"2020-09-22T20:47:16+00:00","article_modified_time":"2020-09-22T23:43:33+00:00","og_image":[{"width":2560,"height":1461,"url":"https:\/\/medicina.udd.cl\/tecnologia-medica-santiago\/files\/2020\/09\/IMG_6188-scaled.jpg","type":"image\/jpeg"}],"twitter_misc":{"Escrito por":"","Tiempo de lectura":"2 minutos"},"schema":{"@context":"https:\/\/schema.org","@graph":[{"@type":"Article","@id":"https:\/\/medicina.udd.cl\/tecnologia-medica-santiago\/noticias\/2020\/09\/22\/comprometida-participacion-de-estudiantes-de-tecnologia-medica-en-voluntariado-sonrie-udd\/#article","isPartOf":{"@id":"https:\/\/medicina.udd.cl\/tecnologia-medica-santiago\/noticias\/2020\/09\/22\/comprometida-participacion-de-estudiantes-de-tecnologia-medica-en-voluntariado-sonrie-udd\/"},"author":{"name":"","@id":""},"headline":"Comprometida participaci\u00f3n de estudiantes de Tecnolog\u00eda M\u00e9dica en voluntariado Sonr\u00ede UDD","datePublished":"2020-09-22T20:47:16+00:00","dateModified":"2020-09-22T23:43:33+00:00","mainEntityOfPage":{"@id":"https:\/\/medicina.udd.cl\/tecnologia-medica-santiago\/noticias\/2020\/09\/22\/comprometida-participacion-de-estudiantes-de-tecnologia-medica-en-voluntariado-sonrie-udd\/"},"wordCount":434,"commentCount":0,"image":{"@id":"https:\/\/medicina.udd.cl\/tecnologia-medica-santiago\/noticias\/2020\/09\/22\/comprometida-participacion-de-estudiantes-de-tecnologia-medica-en-voluntariado-sonrie-udd\/#primaryimage"},"thumbnailUrl":"https:\/\/medicina.udd.cl\/tecnologia-medica-santiago\/files\/2020\/09\/IMG_6188-scaled.jpg","articleSection":["Noticias"],"inLanguage":"es","potentialAction":[{"@type":"CommentAction","name":"Comment","target":["https:\/\/medicina.udd.cl\/tecnologia-medica-santiago\/noticias\/2020\/09\/22\/comprometida-participacion-de-estudiantes-de-tecnologia-medica-en-voluntariado-sonrie-udd\/#respond"]}]},{"@type":"WebPage","@id":"https:\/\/medicina.udd.cl\/tecnologia-medica-santiago\/noticias\/2020\/09\/22\/comprometida-participacion-de-estudiantes-de-tecnologia-medica-en-voluntariado-sonrie-udd\/","url":"https:\/\/medicina.udd.cl\/tecnologia-medica-santiago\/noticias\/2020\/09\/22\/comprometida-participacion-de-estudiantes-de-tecnologia-medica-en-voluntariado-sonrie-udd\/","name":"Comprometida participaci\u00f3n de estudiantes de Tecnolog\u00eda M\u00e9dica en voluntariado Sonr\u00ede UDD - Tecnolog\u00eda M\u00e9dica","isPartOf":{"@id":"https:\/\/medicina.udd.cl\/tecnologia-medica-santiago\/#website"},"primaryImageOfPage":{"@id":"https:\/\/medicina.udd.cl\/tecnologia-medica-santiago\/noticias\/2020\/09\/22\/comprometida-participacion-de-estudiantes-de-tecnologia-medica-en-voluntariado-sonrie-udd\/#primaryimage"},"image":{"@id":"https:\/\/medicina.udd.cl\/tecnologia-medica-santiago\/noticias\/2020\/09\/22\/comprometida-participacion-de-estudiantes-de-tecnologia-medica-en-voluntariado-sonrie-udd\/#primaryimage"},"thumbnailUrl":"https:\/\/medicina.udd.cl\/tecnologia-medica-santiago\/files\/2020\/09\/IMG_6188-scaled.jpg","datePublished":"2020-09-22T20:47:16+00:00","dateModified":"2020-09-22T23:43:33+00:00","author":{"@id":""},"breadcrumb":{"@id":"https:\/\/medicina.udd.cl\/tecnologia-medica-santiago\/noticias\/2020\/09\/22\/comprometida-participacion-de-estudiantes-de-tecnologia-medica-en-voluntariado-sonrie-udd\/#breadcrumb"},"inLanguage":"es","potentialAction":[{"@type":"ReadAction","target":["https:\/\/medicina.udd.cl\/tecnologia-medica-santiago\/noticias\/2020\/09\/22\/comprometida-participacion-de-estudiantes-de-tecnologia-medica-en-voluntariado-sonrie-udd\/"]}]},{"@type":"ImageObject","inLanguage":"es","@id":"https:\/\/medicina.udd.cl\/tecnologia-medica-santiago\/noticias\/2020\/09\/22\/comprometida-participacion-de-estudiantes-de-tecnologia-medica-en-voluntariado-sonrie-udd\/#primaryimage","url":"https:\/\/medicina.udd.cl\/tecnologia-medica-santiago\/files\/2020\/09\/IMG_6188-scaled.jpg","contentUrl":"https:\/\/medicina.udd.cl\/tecnologia-medica-santiago\/files\/2020\/09\/IMG_6188-scaled.jpg","width":2560,"height":1461},{"@type":"BreadcrumbList","@id":"https:\/\/medicina.udd.cl\/tecnologia-medica-santiago\/noticias\/2020\/09\/22\/comprometida-participacion-de-estudiantes-de-tecnologia-medica-en-voluntariado-sonrie-udd\/#breadcrumb","itemListElement":[{"@type":"ListItem","position":1,"name":"Home","item":"https:\/\/medicina.udd.cl\/tecnologia-medica-santiago\/"},{"@type":"ListItem","position":2,"name":"Comprometida participaci\u00f3n de estudiantes de Tecnolog\u00eda M\u00e9dica en voluntariado Sonr\u00ede UDD"}]},{"@type":"WebSite","@id":"https:\/\/medicina.udd.cl\/tecnologia-medica-santiago\/#website","url":"https:\/\/medicina.udd.cl\/tecnologia-medica-santiago\/","name":"Tecnolog\u00eda M\u00e9dica","description":"Facultad de Medicina Cl\u00ednica Alemana Universidad del Desarrollo","inLanguage":"es"},{"@type":"Person","@id":"","url":"https:\/\/medicina.udd.cl\/tecnologia-medica-santiago\/noticias\/author\/"}]}},"featured_image_url":"https:\/\/medicina.udd.cl\/tecnologia-medica-santiago\/files\/2020\/09\/IMG_6188-scaled.jpg","_links":{"self":[{"href":"https:\/\/medicina.udd.cl\/tecnologia-medica-santiago\/wp-json\/wp\/v2\/posts\/6503","targetHints":{"allow":["GET"]}}],"collection":[{"href":"https:\/\/medicina.udd.cl\/tecnologia-medica-santiago\/wp-json\/wp\/v2\/posts"}],"about":[{"href":"https:\/\/medicina.udd.cl\/tecnologia-medica-santiago\/wp-json\/wp\/v2\/types\/post"}],"author":[{"embeddable":true,"href":"https:\/\/medicina.udd.cl\/tecnologia-medica-santiago\/wp-json\/wp\/v2\/users\/42"}],"replies":[{"embeddable":true,"href":"https:\/\/medicina.udd.cl\/tecnologia-medica-santiago\/wp-json\/wp\/v2\/comments?post=6503"}],"version-history":[{"count":3,"href":"https:\/\/medicina.udd.cl\/tecnologia-medica-santiago\/wp-json\/wp\/v2\/posts\/6503\/revisions"}],"predecessor-version":[{"id":6513,"href":"https:\/\/medicina.udd.cl\/tecnologia-medica-santiago\/wp-json\/wp\/v2\/posts\/6503\/revisions\/6513"}],"wp:featuredmedia":[{"embeddable":true,"href":"https:\/\/medicina.udd.cl\/tecnologia-medica-santiago\/wp-json\/wp\/v2\/media\/6507"}],"wp:attachment":[{"href":"https:\/\/medicina.udd.cl\/tecnologia-medica-santiago\/wp-json\/wp\/v2\/media?parent=6503"}],"wp:term":[{"taxonomy":"category","embeddable":true,"href":"https:\/\/medicina.udd.cl\/tecnologia-medica-santiago\/wp-json\/wp\/v2\/categories?post=6503"},{"taxonomy":"post_tag","embeddable":true,"href":"https:\/\/medicina.udd.cl\/tecnologia-medica-santiago\/wp-json\/wp\/v2\/tags?post=6503"}],"curies":[{"name":"wp","href":"https:\/\/api.w.org\/{rel}","templated":true}]}}