{"id":6634,"date":"2020-12-01T17:54:32","date_gmt":"2020-12-01T20:54:32","guid":{"rendered":"http:\/\/medicina.udd.cl\/tecnologia-medica-santiago\/?p=6634"},"modified":"2020-12-01T17:54:33","modified_gmt":"2020-12-01T20:54:33","slug":"alumni-udd-dicto-charla-sobre-estrategias-para-la-busqueda-laboral-en-tecnologia-medica","status":"publish","type":"post","link":"https:\/\/medicina.udd.cl\/tecnologia-medica-santiago\/noticias\/2020\/12\/01\/alumni-udd-dicto-charla-sobre-estrategias-para-la-busqueda-laboral-en-tecnologia-medica\/","title":{"rendered":"Alumni UDD dict\u00f3 charla sobre estrategias para la b\u00fasqueda laboral en Tecnolog\u00eda M\u00e9dica"},"content":{"rendered":"\n<figure class=\"wp-block-image size-large is-style-default\"><img loading=\"lazy\" decoding=\"async\" width=\"1024\" height=\"481\" src=\"https:\/\/medicina.udd.cl\/tecnologia-medica-santiago\/files\/2020\/12\/charla-Alumni-TM-1024x481.jpg\" alt=\"\" class=\"wp-image-6635\" srcset=\"https:\/\/medicina.udd.cl\/tecnologia-medica-santiago\/files\/2020\/12\/charla-Alumni-TM-1024x481.jpg 1024w, https:\/\/medicina.udd.cl\/tecnologia-medica-santiago\/files\/2020\/12\/charla-Alumni-TM-300x141.jpg 300w, https:\/\/medicina.udd.cl\/tecnologia-medica-santiago\/files\/2020\/12\/charla-Alumni-TM-768x360.jpg 768w, https:\/\/medicina.udd.cl\/tecnologia-medica-santiago\/files\/2020\/12\/charla-Alumni-TM.jpg 1029w\" sizes=\"auto, (max-width: 1024px) 100vw, 1024px\" \/><\/figure>\n\n\n\n<p>Alumni\nUDD dict\u00f3 la charla \u201cEstrategias para la b\u00fasqueda laboral\u201d para los egresados y\ntitulados de Tecnolog\u00eda M\u00e9dica de la Facultad de Medicina Cl\u00ednica Alemana Universidad\ndel Desarrollo.<\/p>\n\n\n\n<p>La\nactividad estuvo a cargo de Esteban Abarca, coordinador de Alumni, quien dio la\nbienvenida a los 25 inscritos de todas las especialidades de la carrera, adem\u00e1s\nde entregar el saludo de la directora Mar\u00eda Adriana Parra, que tambi\u00e9n estuvo\npresente en la actividad.<\/p>\n\n\n\n<p>Posteriormente,\nMariana Brevis, coordinadora de Empleabilidad de Alumni UDD y con amplia\nexperiencia en el \u00e1rea de reclutamiento y selecci\u00f3n, inici\u00f3 su presentaci\u00f3n y\nconversaci\u00f3n con los asistentes, instancia en la que explic\u00f3 la importancia de\nestar preparado para enfrentar el mundo laboral que, hoy en d\u00eda, es muy din\u00e1mico\ny cambiante. <\/p>\n\n\n\n<p>A su\nvez, coment\u00f3 los aspectos que hay que considerar en la b\u00fasqueda de un trabajo,\nentre ellos, la reflexi\u00f3n personal, la introspecci\u00f3n, conocerse uno mismo, las\ncompetencias que se tienen, la propuesta de valor, c\u00f3mo comprender el mercado,\nla educaci\u00f3n continua, networking y c\u00f3mo llegar a ser un profesional integral. <\/p>\n\n\n\n<p>Cabe destacar que parte importante de la actividad fue destinada a la realizaci\u00f3n de una inducci\u00f3n para confeccionar un curr\u00edculum vitae de impacto que, si bien puede parecer simple, es la mejor carta de presentaci\u00f3n junto a una entrevista, seg\u00fan como se enfoque y redacte. <\/p>\n\n\n\n<p>La\ncarrera agradece a Alumni UDD la realizaci\u00f3n de esta actividad y el apoyo\nofrecido para resolver dudas que puedan surgir entre los profesionales y\nfuturos tecn\u00f3logos m\u00e9dicos que est\u00e9n en b\u00fasqueda de nuevas oportunidades laborales.\n<\/p>\n","protected":false},"excerpt":{"rendered":"<p>Alumni UDD dict\u00f3 la charla \u201cEstrategias para la b\u00fasqueda laboral\u201d para los egresados y titulados de Tecnolog\u00eda M\u00e9dica de la Facultad de Medicina Cl\u00ednica Alemana Universidad del Desarrollo. La actividad estuvo a cargo de Esteban Abarca, coordinador de Alumni, quien dio la bienvenida a los 25 inscritos de todas las especialidades de la carrera, adem\u00e1s [&hellip;]<\/p>\n","protected":false},"author":42,"featured_media":6635,"comment_status":"open","ping_status":"open","sticky":false,"template":"","format":"standard","meta":{"footnotes":""},"categories":[4],"tags":[],"class_list":["post-6634","post","type-post","status-publish","format-standard","has-post-thumbnail","hentry","category-noticias"],"yoast_head":"<!-- This site is optimized with the Yoast SEO plugin v26.9 - https:\/\/yoast.com\/product\/yoast-seo-wordpress\/ -->\n<title>Alumni UDD dict\u00f3 charla sobre estrategias para la b\u00fasqueda laboral en Tecnolog\u00eda M\u00e9dica - Tecnolog\u00eda M\u00e9dica<\/title>\n<meta name=\"robots\" content=\"index, follow, max-snippet:-1, max-image-preview:large, max-video-preview:-1\" \/>\n<link rel=\"canonical\" href=\"https:\/\/medicina.udd.cl\/tecnologia-medica-santiago\/noticias\/2020\/12\/01\/alumni-udd-dicto-charla-sobre-estrategias-para-la-busqueda-laboral-en-tecnologia-medica\/\" \/>\n<meta property=\"og:locale\" content=\"es_ES\" \/>\n<meta property=\"og:type\" content=\"article\" \/>\n<meta property=\"og:title\" content=\"Alumni UDD dict\u00f3 charla sobre estrategias para la b\u00fasqueda laboral en Tecnolog\u00eda M\u00e9dica - Tecnolog\u00eda M\u00e9dica\" \/>\n<meta property=\"og:description\" content=\"Alumni UDD dict\u00f3 la charla \u201cEstrategias para la b\u00fasqueda laboral\u201d para los egresados y titulados de Tecnolog\u00eda M\u00e9dica de la Facultad de Medicina Cl\u00ednica Alemana Universidad del Desarrollo. La actividad estuvo a cargo de Esteban Abarca, coordinador de Alumni, quien dio la bienvenida a los 25 inscritos de todas las especialidades de la carrera, adem\u00e1s [&hellip;]\" \/>\n<meta property=\"og:url\" content=\"https:\/\/medicina.udd.cl\/tecnologia-medica-santiago\/noticias\/2020\/12\/01\/alumni-udd-dicto-charla-sobre-estrategias-para-la-busqueda-laboral-en-tecnologia-medica\/\" \/>\n<meta property=\"og:site_name\" content=\"Tecnolog\u00eda M\u00e9dica\" \/>\n<meta property=\"article:published_time\" content=\"2020-12-01T20:54:32+00:00\" \/>\n<meta property=\"article:modified_time\" content=\"2020-12-01T20:54:33+00:00\" \/>\n<meta property=\"og:image\" content=\"https:\/\/medicina.udd.cl\/tecnologia-medica-santiago\/files\/2020\/12\/charla-Alumni-TM.jpg\" \/>\n\t<meta property=\"og:image:width\" content=\"1029\" \/>\n\t<meta property=\"og:image:height\" content=\"483\" \/>\n\t<meta property=\"og:image:type\" content=\"image\/jpeg\" \/>\n<meta name=\"twitter:label1\" content=\"Escrito por\" \/>\n\t<meta name=\"twitter:data1\" content=\"\" \/>\n\t<meta name=\"twitter:label2\" content=\"Tiempo de lectura\" \/>\n\t<meta name=\"twitter:data2\" content=\"1 minuto\" \/>\n<script type=\"application\/ld+json\" class=\"yoast-schema-graph\">{\"@context\":\"https:\/\/schema.org\",\"@graph\":[{\"@type\":\"Article\",\"@id\":\"https:\/\/medicina.udd.cl\/tecnologia-medica-santiago\/noticias\/2020\/12\/01\/alumni-udd-dicto-charla-sobre-estrategias-para-la-busqueda-laboral-en-tecnologia-medica\/#article\",\"isPartOf\":{\"@id\":\"https:\/\/medicina.udd.cl\/tecnologia-medica-santiago\/noticias\/2020\/12\/01\/alumni-udd-dicto-charla-sobre-estrategias-para-la-busqueda-laboral-en-tecnologia-medica\/\"},\"author\":{\"name\":\"\",\"@id\":\"\"},\"headline\":\"Alumni UDD dict\u00f3 charla sobre estrategias para la b\u00fasqueda laboral en Tecnolog\u00eda M\u00e9dica\",\"datePublished\":\"2020-12-01T20:54:32+00:00\",\"dateModified\":\"2020-12-01T20:54:33+00:00\",\"mainEntityOfPage\":{\"@id\":\"https:\/\/medicina.udd.cl\/tecnologia-medica-santiago\/noticias\/2020\/12\/01\/alumni-udd-dicto-charla-sobre-estrategias-para-la-busqueda-laboral-en-tecnologia-medica\/\"},\"wordCount\":299,\"commentCount\":0,\"image\":{\"@id\":\"https:\/\/medicina.udd.cl\/tecnologia-medica-santiago\/noticias\/2020\/12\/01\/alumni-udd-dicto-charla-sobre-estrategias-para-la-busqueda-laboral-en-tecnologia-medica\/#primaryimage\"},\"thumbnailUrl\":\"https:\/\/medicina.udd.cl\/tecnologia-medica-santiago\/files\/2020\/12\/charla-Alumni-TM.jpg\",\"articleSection\":[\"Noticias\"],\"inLanguage\":\"es\",\"potentialAction\":[{\"@type\":\"CommentAction\",\"name\":\"Comment\",\"target\":[\"https:\/\/medicina.udd.cl\/tecnologia-medica-santiago\/noticias\/2020\/12\/01\/alumni-udd-dicto-charla-sobre-estrategias-para-la-busqueda-laboral-en-tecnologia-medica\/#respond\"]}]},{\"@type\":\"WebPage\",\"@id\":\"https:\/\/medicina.udd.cl\/tecnologia-medica-santiago\/noticias\/2020\/12\/01\/alumni-udd-dicto-charla-sobre-estrategias-para-la-busqueda-laboral-en-tecnologia-medica\/\",\"url\":\"https:\/\/medicina.udd.cl\/tecnologia-medica-santiago\/noticias\/2020\/12\/01\/alumni-udd-dicto-charla-sobre-estrategias-para-la-busqueda-laboral-en-tecnologia-medica\/\",\"name\":\"Alumni UDD dict\u00f3 charla sobre estrategias para la b\u00fasqueda laboral en Tecnolog\u00eda M\u00e9dica - Tecnolog\u00eda M\u00e9dica\",\"isPartOf\":{\"@id\":\"https:\/\/medicina.udd.cl\/tecnologia-medica-santiago\/#website\"},\"primaryImageOfPage\":{\"@id\":\"https:\/\/medicina.udd.cl\/tecnologia-medica-santiago\/noticias\/2020\/12\/01\/alumni-udd-dicto-charla-sobre-estrategias-para-la-busqueda-laboral-en-tecnologia-medica\/#primaryimage\"},\"image\":{\"@id\":\"https:\/\/medicina.udd.cl\/tecnologia-medica-santiago\/noticias\/2020\/12\/01\/alumni-udd-dicto-charla-sobre-estrategias-para-la-busqueda-laboral-en-tecnologia-medica\/#primaryimage\"},\"thumbnailUrl\":\"https:\/\/medicina.udd.cl\/tecnologia-medica-santiago\/files\/2020\/12\/charla-Alumni-TM.jpg\",\"datePublished\":\"2020-12-01T20:54:32+00:00\",\"dateModified\":\"2020-12-01T20:54:33+00:00\",\"author\":{\"@id\":\"\"},\"breadcrumb\":{\"@id\":\"https:\/\/medicina.udd.cl\/tecnologia-medica-santiago\/noticias\/2020\/12\/01\/alumni-udd-dicto-charla-sobre-estrategias-para-la-busqueda-laboral-en-tecnologia-medica\/#breadcrumb\"},\"inLanguage\":\"es\",\"potentialAction\":[{\"@type\":\"ReadAction\",\"target\":[\"https:\/\/medicina.udd.cl\/tecnologia-medica-santiago\/noticias\/2020\/12\/01\/alumni-udd-dicto-charla-sobre-estrategias-para-la-busqueda-laboral-en-tecnologia-medica\/\"]}]},{\"@type\":\"ImageObject\",\"inLanguage\":\"es\",\"@id\":\"https:\/\/medicina.udd.cl\/tecnologia-medica-santiago\/noticias\/2020\/12\/01\/alumni-udd-dicto-charla-sobre-estrategias-para-la-busqueda-laboral-en-tecnologia-medica\/#primaryimage\",\"url\":\"https:\/\/medicina.udd.cl\/tecnologia-medica-santiago\/files\/2020\/12\/charla-Alumni-TM.jpg\",\"contentUrl\":\"https:\/\/medicina.udd.cl\/tecnologia-medica-santiago\/files\/2020\/12\/charla-Alumni-TM.jpg\",\"width\":1029,\"height\":483},{\"@type\":\"BreadcrumbList\",\"@id\":\"https:\/\/medicina.udd.cl\/tecnologia-medica-santiago\/noticias\/2020\/12\/01\/alumni-udd-dicto-charla-sobre-estrategias-para-la-busqueda-laboral-en-tecnologia-medica\/#breadcrumb\",\"itemListElement\":[{\"@type\":\"ListItem\",\"position\":1,\"name\":\"Home\",\"item\":\"https:\/\/medicina.udd.cl\/tecnologia-medica-santiago\/\"},{\"@type\":\"ListItem\",\"position\":2,\"name\":\"Alumni UDD dict\u00f3 charla sobre estrategias para la b\u00fasqueda laboral en Tecnolog\u00eda M\u00e9dica\"}]},{\"@type\":\"WebSite\",\"@id\":\"https:\/\/medicina.udd.cl\/tecnologia-medica-santiago\/#website\",\"url\":\"https:\/\/medicina.udd.cl\/tecnologia-medica-santiago\/\",\"name\":\"Tecnolog\u00eda M\u00e9dica\",\"description\":\"Facultad de Medicina Cl\u00ednica Alemana Universidad del Desarrollo\",\"inLanguage\":\"es\"},{\"@type\":\"Person\",\"@id\":\"\",\"url\":\"https:\/\/medicina.udd.cl\/tecnologia-medica-santiago\/noticias\/author\/\"}]}<\/script>\n<!-- \/ Yoast SEO plugin. -->","yoast_head_json":{"title":"Alumni UDD dict\u00f3 charla sobre estrategias para la b\u00fasqueda laboral en Tecnolog\u00eda M\u00e9dica - Tecnolog\u00eda M\u00e9dica","robots":{"index":"index","follow":"follow","max-snippet":"max-snippet:-1","max-image-preview":"max-image-preview:large","max-video-preview":"max-video-preview:-1"},"canonical":"https:\/\/medicina.udd.cl\/tecnologia-medica-santiago\/noticias\/2020\/12\/01\/alumni-udd-dicto-charla-sobre-estrategias-para-la-busqueda-laboral-en-tecnologia-medica\/","og_locale":"es_ES","og_type":"article","og_title":"Alumni UDD dict\u00f3 charla sobre estrategias para la b\u00fasqueda laboral en Tecnolog\u00eda M\u00e9dica - Tecnolog\u00eda M\u00e9dica","og_description":"Alumni UDD dict\u00f3 la charla \u201cEstrategias para la b\u00fasqueda laboral\u201d para los egresados y titulados de Tecnolog\u00eda M\u00e9dica de la Facultad de Medicina Cl\u00ednica Alemana Universidad del Desarrollo. La actividad estuvo a cargo de Esteban Abarca, coordinador de Alumni, quien dio la bienvenida a los 25 inscritos de todas las especialidades de la carrera, adem\u00e1s [&hellip;]","og_url":"https:\/\/medicina.udd.cl\/tecnologia-medica-santiago\/noticias\/2020\/12\/01\/alumni-udd-dicto-charla-sobre-estrategias-para-la-busqueda-laboral-en-tecnologia-medica\/","og_site_name":"Tecnolog\u00eda M\u00e9dica","article_published_time":"2020-12-01T20:54:32+00:00","article_modified_time":"2020-12-01T20:54:33+00:00","og_image":[{"width":1029,"height":483,"url":"https:\/\/medicina.udd.cl\/tecnologia-medica-santiago\/files\/2020\/12\/charla-Alumni-TM.jpg","type":"image\/jpeg"}],"twitter_misc":{"Escrito por":"","Tiempo de lectura":"1 minuto"},"schema":{"@context":"https:\/\/schema.org","@graph":[{"@type":"Article","@id":"https:\/\/medicina.udd.cl\/tecnologia-medica-santiago\/noticias\/2020\/12\/01\/alumni-udd-dicto-charla-sobre-estrategias-para-la-busqueda-laboral-en-tecnologia-medica\/#article","isPartOf":{"@id":"https:\/\/medicina.udd.cl\/tecnologia-medica-santiago\/noticias\/2020\/12\/01\/alumni-udd-dicto-charla-sobre-estrategias-para-la-busqueda-laboral-en-tecnologia-medica\/"},"author":{"name":"","@id":""},"headline":"Alumni UDD dict\u00f3 charla sobre estrategias para la b\u00fasqueda laboral en Tecnolog\u00eda M\u00e9dica","datePublished":"2020-12-01T20:54:32+00:00","dateModified":"2020-12-01T20:54:33+00:00","mainEntityOfPage":{"@id":"https:\/\/medicina.udd.cl\/tecnologia-medica-santiago\/noticias\/2020\/12\/01\/alumni-udd-dicto-charla-sobre-estrategias-para-la-busqueda-laboral-en-tecnologia-medica\/"},"wordCount":299,"commentCount":0,"image":{"@id":"https:\/\/medicina.udd.cl\/tecnologia-medica-santiago\/noticias\/2020\/12\/01\/alumni-udd-dicto-charla-sobre-estrategias-para-la-busqueda-laboral-en-tecnologia-medica\/#primaryimage"},"thumbnailUrl":"https:\/\/medicina.udd.cl\/tecnologia-medica-santiago\/files\/2020\/12\/charla-Alumni-TM.jpg","articleSection":["Noticias"],"inLanguage":"es","potentialAction":[{"@type":"CommentAction","name":"Comment","target":["https:\/\/medicina.udd.cl\/tecnologia-medica-santiago\/noticias\/2020\/12\/01\/alumni-udd-dicto-charla-sobre-estrategias-para-la-busqueda-laboral-en-tecnologia-medica\/#respond"]}]},{"@type":"WebPage","@id":"https:\/\/medicina.udd.cl\/tecnologia-medica-santiago\/noticias\/2020\/12\/01\/alumni-udd-dicto-charla-sobre-estrategias-para-la-busqueda-laboral-en-tecnologia-medica\/","url":"https:\/\/medicina.udd.cl\/tecnologia-medica-santiago\/noticias\/2020\/12\/01\/alumni-udd-dicto-charla-sobre-estrategias-para-la-busqueda-laboral-en-tecnologia-medica\/","name":"Alumni UDD dict\u00f3 charla sobre estrategias para la b\u00fasqueda laboral en Tecnolog\u00eda M\u00e9dica - Tecnolog\u00eda M\u00e9dica","isPartOf":{"@id":"https:\/\/medicina.udd.cl\/tecnologia-medica-santiago\/#website"},"primaryImageOfPage":{"@id":"https:\/\/medicina.udd.cl\/tecnologia-medica-santiago\/noticias\/2020\/12\/01\/alumni-udd-dicto-charla-sobre-estrategias-para-la-busqueda-laboral-en-tecnologia-medica\/#primaryimage"},"image":{"@id":"https:\/\/medicina.udd.cl\/tecnologia-medica-santiago\/noticias\/2020\/12\/01\/alumni-udd-dicto-charla-sobre-estrategias-para-la-busqueda-laboral-en-tecnologia-medica\/#primaryimage"},"thumbnailUrl":"https:\/\/medicina.udd.cl\/tecnologia-medica-santiago\/files\/2020\/12\/charla-Alumni-TM.jpg","datePublished":"2020-12-01T20:54:32+00:00","dateModified":"2020-12-01T20:54:33+00:00","author":{"@id":""},"breadcrumb":{"@id":"https:\/\/medicina.udd.cl\/tecnologia-medica-santiago\/noticias\/2020\/12\/01\/alumni-udd-dicto-charla-sobre-estrategias-para-la-busqueda-laboral-en-tecnologia-medica\/#breadcrumb"},"inLanguage":"es","potentialAction":[{"@type":"ReadAction","target":["https:\/\/medicina.udd.cl\/tecnologia-medica-santiago\/noticias\/2020\/12\/01\/alumni-udd-dicto-charla-sobre-estrategias-para-la-busqueda-laboral-en-tecnologia-medica\/"]}]},{"@type":"ImageObject","inLanguage":"es","@id":"https:\/\/medicina.udd.cl\/tecnologia-medica-santiago\/noticias\/2020\/12\/01\/alumni-udd-dicto-charla-sobre-estrategias-para-la-busqueda-laboral-en-tecnologia-medica\/#primaryimage","url":"https:\/\/medicina.udd.cl\/tecnologia-medica-santiago\/files\/2020\/12\/charla-Alumni-TM.jpg","contentUrl":"https:\/\/medicina.udd.cl\/tecnologia-medica-santiago\/files\/2020\/12\/charla-Alumni-TM.jpg","width":1029,"height":483},{"@type":"BreadcrumbList","@id":"https:\/\/medicina.udd.cl\/tecnologia-medica-santiago\/noticias\/2020\/12\/01\/alumni-udd-dicto-charla-sobre-estrategias-para-la-busqueda-laboral-en-tecnologia-medica\/#breadcrumb","itemListElement":[{"@type":"ListItem","position":1,"name":"Home","item":"https:\/\/medicina.udd.cl\/tecnologia-medica-santiago\/"},{"@type":"ListItem","position":2,"name":"Alumni UDD dict\u00f3 charla sobre estrategias para la b\u00fasqueda laboral en Tecnolog\u00eda M\u00e9dica"}]},{"@type":"WebSite","@id":"https:\/\/medicina.udd.cl\/tecnologia-medica-santiago\/#website","url":"https:\/\/medicina.udd.cl\/tecnologia-medica-santiago\/","name":"Tecnolog\u00eda M\u00e9dica","description":"Facultad de Medicina Cl\u00ednica Alemana Universidad del Desarrollo","inLanguage":"es"},{"@type":"Person","@id":"","url":"https:\/\/medicina.udd.cl\/tecnologia-medica-santiago\/noticias\/author\/"}]}},"featured_image_url":"https:\/\/medicina.udd.cl\/tecnologia-medica-santiago\/files\/2020\/12\/charla-Alumni-TM.jpg","_links":{"self":[{"href":"https:\/\/medicina.udd.cl\/tecnologia-medica-santiago\/wp-json\/wp\/v2\/posts\/6634","targetHints":{"allow":["GET"]}}],"collection":[{"href":"https:\/\/medicina.udd.cl\/tecnologia-medica-santiago\/wp-json\/wp\/v2\/posts"}],"about":[{"href":"https:\/\/medicina.udd.cl\/tecnologia-medica-santiago\/wp-json\/wp\/v2\/types\/post"}],"author":[{"embeddable":true,"href":"https:\/\/medicina.udd.cl\/tecnologia-medica-santiago\/wp-json\/wp\/v2\/users\/42"}],"replies":[{"embeddable":true,"href":"https:\/\/medicina.udd.cl\/tecnologia-medica-santiago\/wp-json\/wp\/v2\/comments?post=6634"}],"version-history":[{"count":1,"href":"https:\/\/medicina.udd.cl\/tecnologia-medica-santiago\/wp-json\/wp\/v2\/posts\/6634\/revisions"}],"predecessor-version":[{"id":6636,"href":"https:\/\/medicina.udd.cl\/tecnologia-medica-santiago\/wp-json\/wp\/v2\/posts\/6634\/revisions\/6636"}],"wp:featuredmedia":[{"embeddable":true,"href":"https:\/\/medicina.udd.cl\/tecnologia-medica-santiago\/wp-json\/wp\/v2\/media\/6635"}],"wp:attachment":[{"href":"https:\/\/medicina.udd.cl\/tecnologia-medica-santiago\/wp-json\/wp\/v2\/media?parent=6634"}],"wp:term":[{"taxonomy":"category","embeddable":true,"href":"https:\/\/medicina.udd.cl\/tecnologia-medica-santiago\/wp-json\/wp\/v2\/categories?post=6634"},{"taxonomy":"post_tag","embeddable":true,"href":"https:\/\/medicina.udd.cl\/tecnologia-medica-santiago\/wp-json\/wp\/v2\/tags?post=6634"}],"curies":[{"name":"wp","href":"https:\/\/api.w.org\/{rel}","templated":true}]}}