{"id":75,"date":"2010-05-16T12:18:04","date_gmt":"2010-05-16T16:18:04","guid":{"rendered":"http:\/\/medicina.udd.cl\/tecnologia-medica-santiago\/2010\/05\/16\/tecnologia-medica-celebro-su-semana-puente\/"},"modified":"2010-05-17T10:35:34","modified_gmt":"2010-05-17T14:35:34","slug":"tecnologia-medica-celebro-su-semana-puente","status":"publish","type":"post","link":"https:\/\/medicina.udd.cl\/tecnologia-medica-santiago\/noticias\/2010\/05\/16\/tecnologia-medica-celebro-su-semana-puente\/","title":{"rendered":"Tecnolog\u00eda M\u00e9dica celebr\u00f3 su Semana Puente"},"content":{"rendered":"<p style=\"text-align: justify\"><a href=\"http:\/\/medicina.udd.cl\/tecnologia-medica-santiago\/files\/2010\/05\/1-Puente.jpg\"><img loading=\"lazy\" decoding=\"async\" class=\"alignleft size-full wp-image-83\" title=\"1 Puente\" src=\"http:\/\/medicina.udd.cl\/tecnologia-medica-santiago\/files\/2010\/05\/1-Puente.jpg\" alt=\"\" width=\"254\" height=\"170\" \/><\/a>El d\u00eda 8 de marzo se dio inicio a\u00a0las actividades acad\u00e9micas con los alumnos de primer a\u00f1o de la carrera de Tecnolog\u00eda M\u00e9dica de la Facultad de Medicina Cl\u00ednica Alemana Universidad del Desarrollo.<\/p>\n<p style=\"text-align: justify\">Como ya es tradici\u00f3n,\u00a0los estudiantes partieron con\u00a0la Semana\u00a0Puente, programa que los prepara para la vida universitaria, incluyendo\u00a0actividades\u00a0con pacientes y clases interactivas que les permiten enfrentar mejor su vida en la UDD.<\/p>\n<p style=\"text-align: justify\">La bienvenida estuvo a cargo de sus docentes; de la directora de la carrera, Mar\u00eda Adriana Parra\u00a0y\u00a0la coordinadora acad\u00e9mica, Catherine Castro quienes les contaron, a trav\u00e9s de su experiencia, c\u00f3mo ser\u00e1 su futura profesi\u00f3n. Adem\u00e1s, el coordinador de imagenolog\u00eda y f\u00edsica m\u00e9dica, Ra\u00fal Torres, introdujo a los alumnos sobre la b\u00fasqueda de informaci\u00f3n de distintas enfermedades.<\/p>\n<p style=\"text-align: justify\">Las actividades concluyen con un asado organizado por la direcci\u00f3n de asuntos estudiantiles (DAE) en el campus San Carlos de Apoquindo.<\/p>\n","protected":false},"excerpt":{"rendered":"<p>El d\u00eda 8 de marzo se dio inicio a\u00a0las actividades acad\u00e9micas con los alumnos de primer a\u00f1o de la carrera de Tecnolog\u00eda M\u00e9dica de la Facultad de Medicina Cl\u00ednica Alemana Universidad del Desarrollo. Como ya es tradici\u00f3n,\u00a0los estudiantes partieron con\u00a0la Semana\u00a0Puente, programa que los prepara para la vida universitaria, incluyendo\u00a0actividades\u00a0con pacientes y clases interactivas que [&hellip;]<\/p>\n","protected":false},"author":1,"featured_media":0,"comment_status":"open","ping_status":"open","sticky":false,"template":"","format":"standard","meta":{"footnotes":""},"categories":[4],"tags":[],"class_list":["post-75","post","type-post","status-publish","format-standard","hentry","category-noticias"],"yoast_head":"<!-- This site is optimized with the Yoast SEO plugin v26.9 - https:\/\/yoast.com\/product\/yoast-seo-wordpress\/ -->\n<title>Tecnolog\u00eda M\u00e9dica celebr\u00f3 su Semana Puente - Tecnolog\u00eda M\u00e9dica<\/title>\n<meta name=\"robots\" content=\"index, follow, max-snippet:-1, max-image-preview:large, max-video-preview:-1\" \/>\n<link rel=\"canonical\" href=\"https:\/\/medicina.udd.cl\/tecnologia-medica-santiago\/noticias\/2010\/05\/16\/tecnologia-medica-celebro-su-semana-puente\/\" \/>\n<meta property=\"og:locale\" content=\"es_ES\" \/>\n<meta property=\"og:type\" content=\"article\" \/>\n<meta property=\"og:title\" content=\"Tecnolog\u00eda M\u00e9dica celebr\u00f3 su Semana Puente - Tecnolog\u00eda M\u00e9dica\" \/>\n<meta property=\"og:description\" content=\"El d\u00eda 8 de marzo se dio inicio a\u00a0las actividades acad\u00e9micas con los alumnos de primer a\u00f1o de la carrera de Tecnolog\u00eda M\u00e9dica de la Facultad de Medicina Cl\u00ednica Alemana Universidad del Desarrollo. Como ya es tradici\u00f3n,\u00a0los estudiantes partieron con\u00a0la Semana\u00a0Puente, programa que los prepara para la vida universitaria, incluyendo\u00a0actividades\u00a0con pacientes y clases interactivas que [&hellip;]\" \/>\n<meta property=\"og:url\" content=\"https:\/\/medicina.udd.cl\/tecnologia-medica-santiago\/noticias\/2010\/05\/16\/tecnologia-medica-celebro-su-semana-puente\/\" \/>\n<meta property=\"og:site_name\" content=\"Tecnolog\u00eda M\u00e9dica\" \/>\n<meta property=\"article:published_time\" content=\"2010-05-16T16:18:04+00:00\" \/>\n<meta property=\"article:modified_time\" content=\"2010-05-17T14:35:34+00:00\" \/>\n<meta property=\"og:image\" content=\"http:\/\/medicina.udd.cl\/tecnologia-medica-santiago\/files\/2010\/05\/1-Puente.jpg\" \/>\n<meta name=\"author\" content=\"admin\" \/>\n<meta name=\"twitter:label1\" content=\"Escrito por\" \/>\n\t<meta name=\"twitter:data1\" content=\"admin\" \/>\n\t<meta name=\"twitter:label2\" content=\"Tiempo de lectura\" \/>\n\t<meta name=\"twitter:data2\" content=\"1 minuto\" \/>\n<script type=\"application\/ld+json\" class=\"yoast-schema-graph\">{\"@context\":\"https:\/\/schema.org\",\"@graph\":[{\"@type\":\"Article\",\"@id\":\"https:\/\/medicina.udd.cl\/tecnologia-medica-santiago\/noticias\/2010\/05\/16\/tecnologia-medica-celebro-su-semana-puente\/#article\",\"isPartOf\":{\"@id\":\"https:\/\/medicina.udd.cl\/tecnologia-medica-santiago\/noticias\/2010\/05\/16\/tecnologia-medica-celebro-su-semana-puente\/\"},\"author\":{\"name\":\"admin\",\"@id\":\"https:\/\/medicina.udd.cl\/tecnologia-medica-santiago\/#\/schema\/person\/f7abfa784c86da427e89287831f96ab7\"},\"headline\":\"Tecnolog\u00eda M\u00e9dica celebr\u00f3 su Semana Puente\",\"datePublished\":\"2010-05-16T16:18:04+00:00\",\"dateModified\":\"2010-05-17T14:35:34+00:00\",\"mainEntityOfPage\":{\"@id\":\"https:\/\/medicina.udd.cl\/tecnologia-medica-santiago\/noticias\/2010\/05\/16\/tecnologia-medica-celebro-su-semana-puente\/\"},\"wordCount\":176,\"commentCount\":0,\"image\":{\"@id\":\"https:\/\/medicina.udd.cl\/tecnologia-medica-santiago\/noticias\/2010\/05\/16\/tecnologia-medica-celebro-su-semana-puente\/#primaryimage\"},\"thumbnailUrl\":\"http:\/\/medicina.udd.cl\/tecnologia-medica-santiago\/files\/2010\/05\/1-Puente.jpg\",\"articleSection\":[\"Noticias\"],\"inLanguage\":\"es\",\"potentialAction\":[{\"@type\":\"CommentAction\",\"name\":\"Comment\",\"target\":[\"https:\/\/medicina.udd.cl\/tecnologia-medica-santiago\/noticias\/2010\/05\/16\/tecnologia-medica-celebro-su-semana-puente\/#respond\"]}]},{\"@type\":\"WebPage\",\"@id\":\"https:\/\/medicina.udd.cl\/tecnologia-medica-santiago\/noticias\/2010\/05\/16\/tecnologia-medica-celebro-su-semana-puente\/\",\"url\":\"https:\/\/medicina.udd.cl\/tecnologia-medica-santiago\/noticias\/2010\/05\/16\/tecnologia-medica-celebro-su-semana-puente\/\",\"name\":\"Tecnolog\u00eda M\u00e9dica celebr\u00f3 su Semana Puente - Tecnolog\u00eda M\u00e9dica\",\"isPartOf\":{\"@id\":\"https:\/\/medicina.udd.cl\/tecnologia-medica-santiago\/#website\"},\"primaryImageOfPage\":{\"@id\":\"https:\/\/medicina.udd.cl\/tecnologia-medica-santiago\/noticias\/2010\/05\/16\/tecnologia-medica-celebro-su-semana-puente\/#primaryimage\"},\"image\":{\"@id\":\"https:\/\/medicina.udd.cl\/tecnologia-medica-santiago\/noticias\/2010\/05\/16\/tecnologia-medica-celebro-su-semana-puente\/#primaryimage\"},\"thumbnailUrl\":\"http:\/\/medicina.udd.cl\/tecnologia-medica-santiago\/files\/2010\/05\/1-Puente.jpg\",\"datePublished\":\"2010-05-16T16:18:04+00:00\",\"dateModified\":\"2010-05-17T14:35:34+00:00\",\"author\":{\"@id\":\"https:\/\/medicina.udd.cl\/tecnologia-medica-santiago\/#\/schema\/person\/f7abfa784c86da427e89287831f96ab7\"},\"breadcrumb\":{\"@id\":\"https:\/\/medicina.udd.cl\/tecnologia-medica-santiago\/noticias\/2010\/05\/16\/tecnologia-medica-celebro-su-semana-puente\/#breadcrumb\"},\"inLanguage\":\"es\",\"potentialAction\":[{\"@type\":\"ReadAction\",\"target\":[\"https:\/\/medicina.udd.cl\/tecnologia-medica-santiago\/noticias\/2010\/05\/16\/tecnologia-medica-celebro-su-semana-puente\/\"]}]},{\"@type\":\"ImageObject\",\"inLanguage\":\"es\",\"@id\":\"https:\/\/medicina.udd.cl\/tecnologia-medica-santiago\/noticias\/2010\/05\/16\/tecnologia-medica-celebro-su-semana-puente\/#primaryimage\",\"url\":\"http:\/\/medicina.udd.cl\/tecnologia-medica-santiago\/files\/2010\/05\/1-Puente.jpg\",\"contentUrl\":\"http:\/\/medicina.udd.cl\/tecnologia-medica-santiago\/files\/2010\/05\/1-Puente.jpg\"},{\"@type\":\"BreadcrumbList\",\"@id\":\"https:\/\/medicina.udd.cl\/tecnologia-medica-santiago\/noticias\/2010\/05\/16\/tecnologia-medica-celebro-su-semana-puente\/#breadcrumb\",\"itemListElement\":[{\"@type\":\"ListItem\",\"position\":1,\"name\":\"Home\",\"item\":\"https:\/\/medicina.udd.cl\/tecnologia-medica-santiago\/\"},{\"@type\":\"ListItem\",\"position\":2,\"name\":\"Tecnolog\u00eda M\u00e9dica celebr\u00f3 su Semana Puente\"}]},{\"@type\":\"WebSite\",\"@id\":\"https:\/\/medicina.udd.cl\/tecnologia-medica-santiago\/#website\",\"url\":\"https:\/\/medicina.udd.cl\/tecnologia-medica-santiago\/\",\"name\":\"Tecnolog\u00eda M\u00e9dica\",\"description\":\"Facultad de Medicina Cl\u00ednica Alemana Universidad del Desarrollo\",\"inLanguage\":\"es\"},{\"@type\":\"Person\",\"@id\":\"https:\/\/medicina.udd.cl\/tecnologia-medica-santiago\/#\/schema\/person\/f7abfa784c86da427e89287831f96ab7\",\"name\":\"admin\",\"image\":{\"@type\":\"ImageObject\",\"inLanguage\":\"es\",\"@id\":\"https:\/\/medicina.udd.cl\/tecnologia-medica-santiago\/#\/schema\/person\/image\/\",\"url\":\"https:\/\/secure.gravatar.com\/avatar\/3cb6da298954dfb54457c0910b8c9ca010abd8d87a60f7d701b6ce4254e1c642?s=96&d=mm&r=g\",\"contentUrl\":\"https:\/\/secure.gravatar.com\/avatar\/3cb6da298954dfb54457c0910b8c9ca010abd8d87a60f7d701b6ce4254e1c642?s=96&d=mm&r=g\",\"caption\":\"admin\"},\"url\":\"https:\/\/medicina.udd.cl\/tecnologia-medica-santiago\/noticias\/author\/admin\/\"}]}<\/script>\n<!-- \/ Yoast SEO plugin. -->","yoast_head_json":{"title":"Tecnolog\u00eda M\u00e9dica celebr\u00f3 su Semana Puente - Tecnolog\u00eda M\u00e9dica","robots":{"index":"index","follow":"follow","max-snippet":"max-snippet:-1","max-image-preview":"max-image-preview:large","max-video-preview":"max-video-preview:-1"},"canonical":"https:\/\/medicina.udd.cl\/tecnologia-medica-santiago\/noticias\/2010\/05\/16\/tecnologia-medica-celebro-su-semana-puente\/","og_locale":"es_ES","og_type":"article","og_title":"Tecnolog\u00eda M\u00e9dica celebr\u00f3 su Semana Puente - Tecnolog\u00eda M\u00e9dica","og_description":"El d\u00eda 8 de marzo se dio inicio a\u00a0las actividades acad\u00e9micas con los alumnos de primer a\u00f1o de la carrera de Tecnolog\u00eda M\u00e9dica de la Facultad de Medicina Cl\u00ednica Alemana Universidad del Desarrollo. Como ya es tradici\u00f3n,\u00a0los estudiantes partieron con\u00a0la Semana\u00a0Puente, programa que los prepara para la vida universitaria, incluyendo\u00a0actividades\u00a0con pacientes y clases interactivas que [&hellip;]","og_url":"https:\/\/medicina.udd.cl\/tecnologia-medica-santiago\/noticias\/2010\/05\/16\/tecnologia-medica-celebro-su-semana-puente\/","og_site_name":"Tecnolog\u00eda M\u00e9dica","article_published_time":"2010-05-16T16:18:04+00:00","article_modified_time":"2010-05-17T14:35:34+00:00","og_image":[{"url":"http:\/\/medicina.udd.cl\/tecnologia-medica-santiago\/files\/2010\/05\/1-Puente.jpg","type":"","width":"","height":""}],"author":"admin","twitter_misc":{"Escrito por":"admin","Tiempo de lectura":"1 minuto"},"schema":{"@context":"https:\/\/schema.org","@graph":[{"@type":"Article","@id":"https:\/\/medicina.udd.cl\/tecnologia-medica-santiago\/noticias\/2010\/05\/16\/tecnologia-medica-celebro-su-semana-puente\/#article","isPartOf":{"@id":"https:\/\/medicina.udd.cl\/tecnologia-medica-santiago\/noticias\/2010\/05\/16\/tecnologia-medica-celebro-su-semana-puente\/"},"author":{"name":"admin","@id":"https:\/\/medicina.udd.cl\/tecnologia-medica-santiago\/#\/schema\/person\/f7abfa784c86da427e89287831f96ab7"},"headline":"Tecnolog\u00eda M\u00e9dica celebr\u00f3 su Semana Puente","datePublished":"2010-05-16T16:18:04+00:00","dateModified":"2010-05-17T14:35:34+00:00","mainEntityOfPage":{"@id":"https:\/\/medicina.udd.cl\/tecnologia-medica-santiago\/noticias\/2010\/05\/16\/tecnologia-medica-celebro-su-semana-puente\/"},"wordCount":176,"commentCount":0,"image":{"@id":"https:\/\/medicina.udd.cl\/tecnologia-medica-santiago\/noticias\/2010\/05\/16\/tecnologia-medica-celebro-su-semana-puente\/#primaryimage"},"thumbnailUrl":"http:\/\/medicina.udd.cl\/tecnologia-medica-santiago\/files\/2010\/05\/1-Puente.jpg","articleSection":["Noticias"],"inLanguage":"es","potentialAction":[{"@type":"CommentAction","name":"Comment","target":["https:\/\/medicina.udd.cl\/tecnologia-medica-santiago\/noticias\/2010\/05\/16\/tecnologia-medica-celebro-su-semana-puente\/#respond"]}]},{"@type":"WebPage","@id":"https:\/\/medicina.udd.cl\/tecnologia-medica-santiago\/noticias\/2010\/05\/16\/tecnologia-medica-celebro-su-semana-puente\/","url":"https:\/\/medicina.udd.cl\/tecnologia-medica-santiago\/noticias\/2010\/05\/16\/tecnologia-medica-celebro-su-semana-puente\/","name":"Tecnolog\u00eda M\u00e9dica celebr\u00f3 su Semana Puente - Tecnolog\u00eda M\u00e9dica","isPartOf":{"@id":"https:\/\/medicina.udd.cl\/tecnologia-medica-santiago\/#website"},"primaryImageOfPage":{"@id":"https:\/\/medicina.udd.cl\/tecnologia-medica-santiago\/noticias\/2010\/05\/16\/tecnologia-medica-celebro-su-semana-puente\/#primaryimage"},"image":{"@id":"https:\/\/medicina.udd.cl\/tecnologia-medica-santiago\/noticias\/2010\/05\/16\/tecnologia-medica-celebro-su-semana-puente\/#primaryimage"},"thumbnailUrl":"http:\/\/medicina.udd.cl\/tecnologia-medica-santiago\/files\/2010\/05\/1-Puente.jpg","datePublished":"2010-05-16T16:18:04+00:00","dateModified":"2010-05-17T14:35:34+00:00","author":{"@id":"https:\/\/medicina.udd.cl\/tecnologia-medica-santiago\/#\/schema\/person\/f7abfa784c86da427e89287831f96ab7"},"breadcrumb":{"@id":"https:\/\/medicina.udd.cl\/tecnologia-medica-santiago\/noticias\/2010\/05\/16\/tecnologia-medica-celebro-su-semana-puente\/#breadcrumb"},"inLanguage":"es","potentialAction":[{"@type":"ReadAction","target":["https:\/\/medicina.udd.cl\/tecnologia-medica-santiago\/noticias\/2010\/05\/16\/tecnologia-medica-celebro-su-semana-puente\/"]}]},{"@type":"ImageObject","inLanguage":"es","@id":"https:\/\/medicina.udd.cl\/tecnologia-medica-santiago\/noticias\/2010\/05\/16\/tecnologia-medica-celebro-su-semana-puente\/#primaryimage","url":"http:\/\/medicina.udd.cl\/tecnologia-medica-santiago\/files\/2010\/05\/1-Puente.jpg","contentUrl":"http:\/\/medicina.udd.cl\/tecnologia-medica-santiago\/files\/2010\/05\/1-Puente.jpg"},{"@type":"BreadcrumbList","@id":"https:\/\/medicina.udd.cl\/tecnologia-medica-santiago\/noticias\/2010\/05\/16\/tecnologia-medica-celebro-su-semana-puente\/#breadcrumb","itemListElement":[{"@type":"ListItem","position":1,"name":"Home","item":"https:\/\/medicina.udd.cl\/tecnologia-medica-santiago\/"},{"@type":"ListItem","position":2,"name":"Tecnolog\u00eda M\u00e9dica celebr\u00f3 su Semana Puente"}]},{"@type":"WebSite","@id":"https:\/\/medicina.udd.cl\/tecnologia-medica-santiago\/#website","url":"https:\/\/medicina.udd.cl\/tecnologia-medica-santiago\/","name":"Tecnolog\u00eda M\u00e9dica","description":"Facultad de Medicina Cl\u00ednica Alemana Universidad del Desarrollo","inLanguage":"es"},{"@type":"Person","@id":"https:\/\/medicina.udd.cl\/tecnologia-medica-santiago\/#\/schema\/person\/f7abfa784c86da427e89287831f96ab7","name":"admin","image":{"@type":"ImageObject","inLanguage":"es","@id":"https:\/\/medicina.udd.cl\/tecnologia-medica-santiago\/#\/schema\/person\/image\/","url":"https:\/\/secure.gravatar.com\/avatar\/3cb6da298954dfb54457c0910b8c9ca010abd8d87a60f7d701b6ce4254e1c642?s=96&d=mm&r=g","contentUrl":"https:\/\/secure.gravatar.com\/avatar\/3cb6da298954dfb54457c0910b8c9ca010abd8d87a60f7d701b6ce4254e1c642?s=96&d=mm&r=g","caption":"admin"},"url":"https:\/\/medicina.udd.cl\/tecnologia-medica-santiago\/noticias\/author\/admin\/"}]}},"featured_image_url":null,"_links":{"self":[{"href":"https:\/\/medicina.udd.cl\/tecnologia-medica-santiago\/wp-json\/wp\/v2\/posts\/75","targetHints":{"allow":["GET"]}}],"collection":[{"href":"https:\/\/medicina.udd.cl\/tecnologia-medica-santiago\/wp-json\/wp\/v2\/posts"}],"about":[{"href":"https:\/\/medicina.udd.cl\/tecnologia-medica-santiago\/wp-json\/wp\/v2\/types\/post"}],"author":[{"embeddable":true,"href":"https:\/\/medicina.udd.cl\/tecnologia-medica-santiago\/wp-json\/wp\/v2\/users\/1"}],"replies":[{"embeddable":true,"href":"https:\/\/medicina.udd.cl\/tecnologia-medica-santiago\/wp-json\/wp\/v2\/comments?post=75"}],"version-history":[{"count":2,"href":"https:\/\/medicina.udd.cl\/tecnologia-medica-santiago\/wp-json\/wp\/v2\/posts\/75\/revisions"}],"predecessor-version":[{"id":84,"href":"https:\/\/medicina.udd.cl\/tecnologia-medica-santiago\/wp-json\/wp\/v2\/posts\/75\/revisions\/84"}],"wp:attachment":[{"href":"https:\/\/medicina.udd.cl\/tecnologia-medica-santiago\/wp-json\/wp\/v2\/media?parent=75"}],"wp:term":[{"taxonomy":"category","embeddable":true,"href":"https:\/\/medicina.udd.cl\/tecnologia-medica-santiago\/wp-json\/wp\/v2\/categories?post=75"},{"taxonomy":"post_tag","embeddable":true,"href":"https:\/\/medicina.udd.cl\/tecnologia-medica-santiago\/wp-json\/wp\/v2\/tags?post=75"}],"curies":[{"name":"wp","href":"https:\/\/api.w.org\/{rel}","templated":true}]}}