{"id":8427,"date":"2023-10-02T14:51:00","date_gmt":"2023-10-02T17:51:00","guid":{"rendered":"https:\/\/medicina.udd.cl\/tecnologia-medica-santiago\/?p=8427"},"modified":"2023-10-18T14:54:29","modified_gmt":"2023-10-18T17:54:29","slug":"celebracion-por-el-dia-del-tecnologo-medico","status":"publish","type":"post","link":"https:\/\/medicina.udd.cl\/tecnologia-medica-santiago\/noticias\/2023\/10\/02\/celebracion-por-el-dia-del-tecnologo-medico\/","title":{"rendered":"Celebraci\u00f3n por el D\u00eda del Tecn\u00f3logo M\u00e9dico"},"content":{"rendered":"\n<figure class=\"wp-block-image aligncenter size-full\"><a href=\"https:\/\/medicina.udd.cl\/tecnologia-medica-santiago\/files\/2023\/10\/tm-dia-del-tecnologo-medico-2023-7.webp\"><img loading=\"lazy\" decoding=\"async\" width=\"1080\" height=\"1080\" src=\"https:\/\/medicina.udd.cl\/tecnologia-medica-santiago\/files\/2023\/10\/tm-dia-del-tecnologo-medico-2023-7.webp\" alt=\"\" class=\"wp-image-8434\" \/><\/a><\/figure>\n\n\n\n<p>La carrera de Tecnolog\u00eda M\u00e9dica de la Facultad de Medicina Cl\u00ednica Alemana Universidad del Desarrollo, vivi\u00f3 un emocionante momento de celebraci\u00f3n durante la conmemoraci\u00f3n del D\u00eda del Tecn\u00f3logo M\u00e9dico. La ceremonia cont\u00f3 con la participaci\u00f3n de la decana Dra. Marcela Castillo, la directora de la carrera, TM. Mar\u00eda Adriana Parra, as\u00ed como coordinadores de las diversas especialidades, docentes y estudiantes.<\/p>\n\n\n\n<p>Uno de los momentos m\u00e1s destacados del evento fue la entrega de merecidos reconocimientos por parte del Centro de Estudiantes de la carrera a docentes, alumnos y a la directora Mar\u00eda Adriana Parra por su gran labor en el \u00e1mbito de la Tecnolog\u00eda M\u00e9dica.<\/p>\n\n\n\n<p>En un discurso emotivo, la directora Mar\u00eda Adriana Parra expres\u00f3 su gratitud y reflexion\u00f3 sobre la importancia de la celebraci\u00f3n: \u00abAgradezco que est\u00e9n con nosotros celebrando los 75 a\u00f1os de la Tecnolog\u00eda M\u00e9dica en Chile y los 17 a\u00f1os en la Universidad del Desarrollo. Hoy afirmo que han sido hermosos a\u00f1os llenos de alegr\u00edas, penas, logros, desaf\u00edos y grandes cambios.\u00bb<\/p>\n\n\n\n<p>Mar\u00eda Adriana Parra tambi\u00e9n comparti\u00f3 la noticia de que, por segundo a\u00f1o consecutivo, el Colegio de Tecn\u00f3logos M\u00e9dicos de Chile premi\u00f3 a la Universidad del Desarrollo por una tesis ejemplar. La tesis galardonada, titulada&nbsp;<em>\u00abComparaci\u00f3n del rendimiento diagn\u00f3stico del software Rapid AI: versus el informe radiol\u00f3gico en la detecci\u00f3n de hemorragias cerebrales en tomograf\u00eda computada de cerebro sin contraste en Cl\u00ednica Alemana de Santiago durante el a\u00f1o 2021\u00bb<\/em>, fue realizada por Dominique Carrasco, Rosario P\u00e9rez Valenzuela, Jos\u00e9 Tom\u00e1s Puentes y bajo la gu\u00eda del profesor Ricardo Castillo.<\/p>\n\n\n\n<p>La directora tambi\u00e9n hizo hincapi\u00e9 en el proceso de certificaci\u00f3n que est\u00e1n atravesando, subrayando la importancia de la unidad y la colaboraci\u00f3n.&nbsp;<em>\u00abEn el proceso de certificaci\u00f3n que estamos viviendo, todos debemos estar m\u00e1s unidos que nunca, mostrar lo que hemos hecho y c\u00f3mo hemos gestionado en \u00e1mbitos docentes, de vinculaci\u00f3n con el medio y de investigaci\u00f3n, entre otros. Esperamos que los resultados sean tan buenos o incluso mejores que la acreditaci\u00f3n de 5 a\u00f1os que obtuvimos en 2016, cuando fuimos reconocidos como la mejor carrera de Tecnolog\u00eda M\u00e9dica en una universidad privada en ese momento\u00bb<\/em>, concluy\u00f3 Mar\u00eda Adriana Parra.<\/p>\n\n\n\n<figure class=\"wp-block-gallery has-nested-images columns-default is-cropped wp-block-gallery-1 is-layout-flex wp-block-gallery-is-layout-flex\">\n<figure class=\"wp-block-image size-large\"><a href=\"https:\/\/medicina.udd.cl\/tecnologia-medica-santiago\/files\/2023\/10\/tm-dia-del-tecnologo-medico-2023-2.webp\"><img loading=\"lazy\" decoding=\"async\" width=\"1080\" height=\"1080\" data-id=\"8429\" src=\"https:\/\/medicina.udd.cl\/tecnologia-medica-santiago\/files\/2023\/10\/tm-dia-del-tecnologo-medico-2023-2.webp\" alt=\"\" class=\"wp-image-8429\" \/><\/a><\/figure>\n\n\n\n<figure class=\"wp-block-image size-large\"><a href=\"https:\/\/medicina.udd.cl\/tecnologia-medica-santiago\/files\/2023\/10\/tm-dia-del-tecnologo-medico-2023-4.webp\"><img loading=\"lazy\" decoding=\"async\" width=\"1080\" height=\"1080\" data-id=\"8431\" src=\"https:\/\/medicina.udd.cl\/tecnologia-medica-santiago\/files\/2023\/10\/tm-dia-del-tecnologo-medico-2023-4.webp\" alt=\"\" class=\"wp-image-8431\" \/><\/a><\/figure>\n\n\n\n<figure class=\"wp-block-image size-large\"><a href=\"https:\/\/medicina.udd.cl\/tecnologia-medica-santiago\/files\/2023\/10\/tm-dia-del-tecnologo-medico-2023-3.webp\"><img loading=\"lazy\" decoding=\"async\" width=\"1080\" height=\"1080\" data-id=\"8430\" src=\"https:\/\/medicina.udd.cl\/tecnologia-medica-santiago\/files\/2023\/10\/tm-dia-del-tecnologo-medico-2023-3.webp\" alt=\"\" class=\"wp-image-8430\" \/><\/a><\/figure>\n\n\n\n<figure class=\"wp-block-image size-large\"><a href=\"https:\/\/medicina.udd.cl\/tecnologia-medica-santiago\/files\/2023\/10\/tm-dia-del-tecnologo-medico-2023-5.webp\"><img loading=\"lazy\" decoding=\"async\" width=\"1080\" height=\"1080\" data-id=\"8432\" src=\"https:\/\/medicina.udd.cl\/tecnologia-medica-santiago\/files\/2023\/10\/tm-dia-del-tecnologo-medico-2023-5.webp\" alt=\"\" class=\"wp-image-8432\" \/><\/a><\/figure>\n\n\n\n<figure class=\"wp-block-image size-large\"><a href=\"https:\/\/medicina.udd.cl\/tecnologia-medica-santiago\/files\/2023\/10\/tm-dia-del-tecnologo-medico-2023-6.webp\"><img loading=\"lazy\" decoding=\"async\" width=\"1080\" height=\"1080\" data-id=\"8433\" src=\"https:\/\/medicina.udd.cl\/tecnologia-medica-santiago\/files\/2023\/10\/tm-dia-del-tecnologo-medico-2023-6.webp\" alt=\"\" class=\"wp-image-8433\" \/><\/a><\/figure>\n<\/figure>\n","protected":false},"excerpt":{"rendered":"<p>La carrera de Tecnolog\u00eda M\u00e9dica de la Facultad de Medicina Cl\u00ednica Alemana Universidad del Desarrollo, vivi\u00f3 un emocionante momento de celebraci\u00f3n durante la conmemoraci\u00f3n del D\u00eda del Tecn\u00f3logo M\u00e9dico. La ceremonia cont\u00f3 con la participaci\u00f3n de la decana Dra. Marcela Castillo, la directora de la carrera, TM. Mar\u00eda Adriana Parra, as\u00ed como coordinadores de las [&hellip;]<\/p>\n","protected":false},"author":9192219,"featured_media":8434,"comment_status":"closed","ping_status":"open","sticky":false,"template":"","format":"standard","meta":{"footnotes":""},"categories":[4],"tags":[],"class_list":["post-8427","post","type-post","status-publish","format-standard","has-post-thumbnail","hentry","category-noticias"],"yoast_head":"<!-- This site is optimized with the Yoast SEO plugin v26.9 - https:\/\/yoast.com\/product\/yoast-seo-wordpress\/ -->\n<title>Celebraci\u00f3n por el D\u00eda del Tecn\u00f3logo M\u00e9dico - Tecnolog\u00eda M\u00e9dica<\/title>\n<meta name=\"robots\" content=\"index, follow, max-snippet:-1, max-image-preview:large, max-video-preview:-1\" \/>\n<link rel=\"canonical\" href=\"https:\/\/medicina.udd.cl\/tecnologia-medica-santiago\/noticias\/2023\/10\/02\/celebracion-por-el-dia-del-tecnologo-medico\/\" \/>\n<meta property=\"og:locale\" content=\"es_ES\" \/>\n<meta property=\"og:type\" content=\"article\" \/>\n<meta property=\"og:title\" content=\"Celebraci\u00f3n por el D\u00eda del Tecn\u00f3logo M\u00e9dico - Tecnolog\u00eda M\u00e9dica\" \/>\n<meta property=\"og:description\" content=\"La carrera de Tecnolog\u00eda M\u00e9dica de la Facultad de Medicina Cl\u00ednica Alemana Universidad del Desarrollo, vivi\u00f3 un emocionante momento de celebraci\u00f3n durante la conmemoraci\u00f3n del D\u00eda del Tecn\u00f3logo M\u00e9dico. La ceremonia cont\u00f3 con la participaci\u00f3n de la decana Dra. Marcela Castillo, la directora de la carrera, TM. Mar\u00eda Adriana Parra, as\u00ed como coordinadores de las [&hellip;]\" \/>\n<meta property=\"og:url\" content=\"https:\/\/medicina.udd.cl\/tecnologia-medica-santiago\/noticias\/2023\/10\/02\/celebracion-por-el-dia-del-tecnologo-medico\/\" \/>\n<meta property=\"og:site_name\" content=\"Tecnolog\u00eda M\u00e9dica\" \/>\n<meta property=\"article:published_time\" content=\"2023-10-02T17:51:00+00:00\" \/>\n<meta property=\"article:modified_time\" content=\"2023-10-18T17:54:29+00:00\" \/>\n<meta property=\"og:image\" content=\"https:\/\/medicina.udd.cl\/tecnologia-medica-santiago\/files\/2023\/10\/tm-dia-del-tecnologo-medico-2023-7.webp\" \/>\n\t<meta property=\"og:image:width\" content=\"1080\" \/>\n\t<meta property=\"og:image:height\" content=\"1080\" \/>\n\t<meta property=\"og:image:type\" content=\"image\/jpeg\" \/>\n<meta name=\"author\" content=\"rbraidy\" \/>\n<meta name=\"twitter:label1\" content=\"Escrito por\" \/>\n\t<meta name=\"twitter:data1\" content=\"rbraidy\" \/>\n\t<meta name=\"twitter:label2\" content=\"Tiempo de lectura\" \/>\n\t<meta name=\"twitter:data2\" content=\"3 minutos\" \/>\n<script type=\"application\/ld+json\" class=\"yoast-schema-graph\">{\"@context\":\"https:\/\/schema.org\",\"@graph\":[{\"@type\":\"Article\",\"@id\":\"https:\/\/medicina.udd.cl\/tecnologia-medica-santiago\/noticias\/2023\/10\/02\/celebracion-por-el-dia-del-tecnologo-medico\/#article\",\"isPartOf\":{\"@id\":\"https:\/\/medicina.udd.cl\/tecnologia-medica-santiago\/noticias\/2023\/10\/02\/celebracion-por-el-dia-del-tecnologo-medico\/\"},\"author\":{\"name\":\"rbraidy\",\"@id\":\"https:\/\/medicina.udd.cl\/tecnologia-medica-santiago\/#\/schema\/person\/dbc3705bf3a93e8be1ba6de0ef950341\"},\"headline\":\"Celebraci\u00f3n por el D\u00eda del Tecn\u00f3logo M\u00e9dico\",\"datePublished\":\"2023-10-02T17:51:00+00:00\",\"dateModified\":\"2023-10-18T17:54:29+00:00\",\"mainEntityOfPage\":{\"@id\":\"https:\/\/medicina.udd.cl\/tecnologia-medica-santiago\/noticias\/2023\/10\/02\/celebracion-por-el-dia-del-tecnologo-medico\/\"},\"wordCount\":412,\"image\":{\"@id\":\"https:\/\/medicina.udd.cl\/tecnologia-medica-santiago\/noticias\/2023\/10\/02\/celebracion-por-el-dia-del-tecnologo-medico\/#primaryimage\"},\"thumbnailUrl\":\"https:\/\/medicina.udd.cl\/tecnologia-medica-santiago\/files\/2023\/10\/tm-dia-del-tecnologo-medico-2023-7.webp\",\"articleSection\":[\"Noticias\"],\"inLanguage\":\"es\"},{\"@type\":\"WebPage\",\"@id\":\"https:\/\/medicina.udd.cl\/tecnologia-medica-santiago\/noticias\/2023\/10\/02\/celebracion-por-el-dia-del-tecnologo-medico\/\",\"url\":\"https:\/\/medicina.udd.cl\/tecnologia-medica-santiago\/noticias\/2023\/10\/02\/celebracion-por-el-dia-del-tecnologo-medico\/\",\"name\":\"Celebraci\u00f3n por el D\u00eda del Tecn\u00f3logo M\u00e9dico - Tecnolog\u00eda M\u00e9dica\",\"isPartOf\":{\"@id\":\"https:\/\/medicina.udd.cl\/tecnologia-medica-santiago\/#website\"},\"primaryImageOfPage\":{\"@id\":\"https:\/\/medicina.udd.cl\/tecnologia-medica-santiago\/noticias\/2023\/10\/02\/celebracion-por-el-dia-del-tecnologo-medico\/#primaryimage\"},\"image\":{\"@id\":\"https:\/\/medicina.udd.cl\/tecnologia-medica-santiago\/noticias\/2023\/10\/02\/celebracion-por-el-dia-del-tecnologo-medico\/#primaryimage\"},\"thumbnailUrl\":\"https:\/\/medicina.udd.cl\/tecnologia-medica-santiago\/files\/2023\/10\/tm-dia-del-tecnologo-medico-2023-7.webp\",\"datePublished\":\"2023-10-02T17:51:00+00:00\",\"dateModified\":\"2023-10-18T17:54:29+00:00\",\"author\":{\"@id\":\"https:\/\/medicina.udd.cl\/tecnologia-medica-santiago\/#\/schema\/person\/dbc3705bf3a93e8be1ba6de0ef950341\"},\"breadcrumb\":{\"@id\":\"https:\/\/medicina.udd.cl\/tecnologia-medica-santiago\/noticias\/2023\/10\/02\/celebracion-por-el-dia-del-tecnologo-medico\/#breadcrumb\"},\"inLanguage\":\"es\",\"potentialAction\":[{\"@type\":\"ReadAction\",\"target\":[\"https:\/\/medicina.udd.cl\/tecnologia-medica-santiago\/noticias\/2023\/10\/02\/celebracion-por-el-dia-del-tecnologo-medico\/\"]}]},{\"@type\":\"ImageObject\",\"inLanguage\":\"es\",\"@id\":\"https:\/\/medicina.udd.cl\/tecnologia-medica-santiago\/noticias\/2023\/10\/02\/celebracion-por-el-dia-del-tecnologo-medico\/#primaryimage\",\"url\":\"https:\/\/medicina.udd.cl\/tecnologia-medica-santiago\/files\/2023\/10\/tm-dia-del-tecnologo-medico-2023-7.webp\",\"contentUrl\":\"https:\/\/medicina.udd.cl\/tecnologia-medica-santiago\/files\/2023\/10\/tm-dia-del-tecnologo-medico-2023-7.webp\",\"width\":1080,\"height\":1080},{\"@type\":\"BreadcrumbList\",\"@id\":\"https:\/\/medicina.udd.cl\/tecnologia-medica-santiago\/noticias\/2023\/10\/02\/celebracion-por-el-dia-del-tecnologo-medico\/#breadcrumb\",\"itemListElement\":[{\"@type\":\"ListItem\",\"position\":1,\"name\":\"Home\",\"item\":\"https:\/\/medicina.udd.cl\/tecnologia-medica-santiago\/\"},{\"@type\":\"ListItem\",\"position\":2,\"name\":\"Celebraci\u00f3n por el D\u00eda del Tecn\u00f3logo M\u00e9dico\"}]},{\"@type\":\"WebSite\",\"@id\":\"https:\/\/medicina.udd.cl\/tecnologia-medica-santiago\/#website\",\"url\":\"https:\/\/medicina.udd.cl\/tecnologia-medica-santiago\/\",\"name\":\"Tecnolog\u00eda M\u00e9dica\",\"description\":\"Facultad de Medicina Cl\u00ednica Alemana Universidad del Desarrollo\",\"inLanguage\":\"es\"},{\"@type\":\"Person\",\"@id\":\"https:\/\/medicina.udd.cl\/tecnologia-medica-santiago\/#\/schema\/person\/dbc3705bf3a93e8be1ba6de0ef950341\",\"name\":\"rbraidy\",\"image\":{\"@type\":\"ImageObject\",\"inLanguage\":\"es\",\"@id\":\"https:\/\/medicina.udd.cl\/tecnologia-medica-santiago\/#\/schema\/person\/image\/\",\"url\":\"https:\/\/secure.gravatar.com\/avatar\/0f8bc94637401590e45d2ce17eb65c274cb8870a219de6177f3f23e63fd8cdf3?s=96&d=mm&r=g\",\"contentUrl\":\"https:\/\/secure.gravatar.com\/avatar\/0f8bc94637401590e45d2ce17eb65c274cb8870a219de6177f3f23e63fd8cdf3?s=96&d=mm&r=g\",\"caption\":\"rbraidy\"},\"url\":\"https:\/\/medicina.udd.cl\/tecnologia-medica-santiago\/noticias\/author\/rbraidy\/\"}]}<\/script>\n<!-- \/ Yoast SEO plugin. -->","yoast_head_json":{"title":"Celebraci\u00f3n por el D\u00eda del Tecn\u00f3logo M\u00e9dico - Tecnolog\u00eda M\u00e9dica","robots":{"index":"index","follow":"follow","max-snippet":"max-snippet:-1","max-image-preview":"max-image-preview:large","max-video-preview":"max-video-preview:-1"},"canonical":"https:\/\/medicina.udd.cl\/tecnologia-medica-santiago\/noticias\/2023\/10\/02\/celebracion-por-el-dia-del-tecnologo-medico\/","og_locale":"es_ES","og_type":"article","og_title":"Celebraci\u00f3n por el D\u00eda del Tecn\u00f3logo M\u00e9dico - Tecnolog\u00eda M\u00e9dica","og_description":"La carrera de Tecnolog\u00eda M\u00e9dica de la Facultad de Medicina Cl\u00ednica Alemana Universidad del Desarrollo, vivi\u00f3 un emocionante momento de celebraci\u00f3n durante la conmemoraci\u00f3n del D\u00eda del Tecn\u00f3logo M\u00e9dico. La ceremonia cont\u00f3 con la participaci\u00f3n de la decana Dra. Marcela Castillo, la directora de la carrera, TM. Mar\u00eda Adriana Parra, as\u00ed como coordinadores de las [&hellip;]","og_url":"https:\/\/medicina.udd.cl\/tecnologia-medica-santiago\/noticias\/2023\/10\/02\/celebracion-por-el-dia-del-tecnologo-medico\/","og_site_name":"Tecnolog\u00eda M\u00e9dica","article_published_time":"2023-10-02T17:51:00+00:00","article_modified_time":"2023-10-18T17:54:29+00:00","og_image":[{"width":1080,"height":1080,"url":"https:\/\/medicina.udd.cl\/tecnologia-medica-santiago\/files\/2023\/10\/tm-dia-del-tecnologo-medico-2023-7.webp","type":"image\/jpeg"}],"author":"rbraidy","twitter_misc":{"Escrito por":"rbraidy","Tiempo de lectura":"3 minutos"},"schema":{"@context":"https:\/\/schema.org","@graph":[{"@type":"Article","@id":"https:\/\/medicina.udd.cl\/tecnologia-medica-santiago\/noticias\/2023\/10\/02\/celebracion-por-el-dia-del-tecnologo-medico\/#article","isPartOf":{"@id":"https:\/\/medicina.udd.cl\/tecnologia-medica-santiago\/noticias\/2023\/10\/02\/celebracion-por-el-dia-del-tecnologo-medico\/"},"author":{"name":"rbraidy","@id":"https:\/\/medicina.udd.cl\/tecnologia-medica-santiago\/#\/schema\/person\/dbc3705bf3a93e8be1ba6de0ef950341"},"headline":"Celebraci\u00f3n por el D\u00eda del Tecn\u00f3logo M\u00e9dico","datePublished":"2023-10-02T17:51:00+00:00","dateModified":"2023-10-18T17:54:29+00:00","mainEntityOfPage":{"@id":"https:\/\/medicina.udd.cl\/tecnologia-medica-santiago\/noticias\/2023\/10\/02\/celebracion-por-el-dia-del-tecnologo-medico\/"},"wordCount":412,"image":{"@id":"https:\/\/medicina.udd.cl\/tecnologia-medica-santiago\/noticias\/2023\/10\/02\/celebracion-por-el-dia-del-tecnologo-medico\/#primaryimage"},"thumbnailUrl":"https:\/\/medicina.udd.cl\/tecnologia-medica-santiago\/files\/2023\/10\/tm-dia-del-tecnologo-medico-2023-7.webp","articleSection":["Noticias"],"inLanguage":"es"},{"@type":"WebPage","@id":"https:\/\/medicina.udd.cl\/tecnologia-medica-santiago\/noticias\/2023\/10\/02\/celebracion-por-el-dia-del-tecnologo-medico\/","url":"https:\/\/medicina.udd.cl\/tecnologia-medica-santiago\/noticias\/2023\/10\/02\/celebracion-por-el-dia-del-tecnologo-medico\/","name":"Celebraci\u00f3n por el D\u00eda del Tecn\u00f3logo M\u00e9dico - Tecnolog\u00eda M\u00e9dica","isPartOf":{"@id":"https:\/\/medicina.udd.cl\/tecnologia-medica-santiago\/#website"},"primaryImageOfPage":{"@id":"https:\/\/medicina.udd.cl\/tecnologia-medica-santiago\/noticias\/2023\/10\/02\/celebracion-por-el-dia-del-tecnologo-medico\/#primaryimage"},"image":{"@id":"https:\/\/medicina.udd.cl\/tecnologia-medica-santiago\/noticias\/2023\/10\/02\/celebracion-por-el-dia-del-tecnologo-medico\/#primaryimage"},"thumbnailUrl":"https:\/\/medicina.udd.cl\/tecnologia-medica-santiago\/files\/2023\/10\/tm-dia-del-tecnologo-medico-2023-7.webp","datePublished":"2023-10-02T17:51:00+00:00","dateModified":"2023-10-18T17:54:29+00:00","author":{"@id":"https:\/\/medicina.udd.cl\/tecnologia-medica-santiago\/#\/schema\/person\/dbc3705bf3a93e8be1ba6de0ef950341"},"breadcrumb":{"@id":"https:\/\/medicina.udd.cl\/tecnologia-medica-santiago\/noticias\/2023\/10\/02\/celebracion-por-el-dia-del-tecnologo-medico\/#breadcrumb"},"inLanguage":"es","potentialAction":[{"@type":"ReadAction","target":["https:\/\/medicina.udd.cl\/tecnologia-medica-santiago\/noticias\/2023\/10\/02\/celebracion-por-el-dia-del-tecnologo-medico\/"]}]},{"@type":"ImageObject","inLanguage":"es","@id":"https:\/\/medicina.udd.cl\/tecnologia-medica-santiago\/noticias\/2023\/10\/02\/celebracion-por-el-dia-del-tecnologo-medico\/#primaryimage","url":"https:\/\/medicina.udd.cl\/tecnologia-medica-santiago\/files\/2023\/10\/tm-dia-del-tecnologo-medico-2023-7.webp","contentUrl":"https:\/\/medicina.udd.cl\/tecnologia-medica-santiago\/files\/2023\/10\/tm-dia-del-tecnologo-medico-2023-7.webp","width":1080,"height":1080},{"@type":"BreadcrumbList","@id":"https:\/\/medicina.udd.cl\/tecnologia-medica-santiago\/noticias\/2023\/10\/02\/celebracion-por-el-dia-del-tecnologo-medico\/#breadcrumb","itemListElement":[{"@type":"ListItem","position":1,"name":"Home","item":"https:\/\/medicina.udd.cl\/tecnologia-medica-santiago\/"},{"@type":"ListItem","position":2,"name":"Celebraci\u00f3n por el D\u00eda del Tecn\u00f3logo M\u00e9dico"}]},{"@type":"WebSite","@id":"https:\/\/medicina.udd.cl\/tecnologia-medica-santiago\/#website","url":"https:\/\/medicina.udd.cl\/tecnologia-medica-santiago\/","name":"Tecnolog\u00eda M\u00e9dica","description":"Facultad de Medicina Cl\u00ednica Alemana Universidad del Desarrollo","inLanguage":"es"},{"@type":"Person","@id":"https:\/\/medicina.udd.cl\/tecnologia-medica-santiago\/#\/schema\/person\/dbc3705bf3a93e8be1ba6de0ef950341","name":"rbraidy","image":{"@type":"ImageObject","inLanguage":"es","@id":"https:\/\/medicina.udd.cl\/tecnologia-medica-santiago\/#\/schema\/person\/image\/","url":"https:\/\/secure.gravatar.com\/avatar\/0f8bc94637401590e45d2ce17eb65c274cb8870a219de6177f3f23e63fd8cdf3?s=96&d=mm&r=g","contentUrl":"https:\/\/secure.gravatar.com\/avatar\/0f8bc94637401590e45d2ce17eb65c274cb8870a219de6177f3f23e63fd8cdf3?s=96&d=mm&r=g","caption":"rbraidy"},"url":"https:\/\/medicina.udd.cl\/tecnologia-medica-santiago\/noticias\/author\/rbraidy\/"}]}},"featured_image_url":"https:\/\/medicina.udd.cl\/tecnologia-medica-santiago\/files\/2023\/10\/tm-dia-del-tecnologo-medico-2023-7.webp","_links":{"self":[{"href":"https:\/\/medicina.udd.cl\/tecnologia-medica-santiago\/wp-json\/wp\/v2\/posts\/8427","targetHints":{"allow":["GET"]}}],"collection":[{"href":"https:\/\/medicina.udd.cl\/tecnologia-medica-santiago\/wp-json\/wp\/v2\/posts"}],"about":[{"href":"https:\/\/medicina.udd.cl\/tecnologia-medica-santiago\/wp-json\/wp\/v2\/types\/post"}],"author":[{"embeddable":true,"href":"https:\/\/medicina.udd.cl\/tecnologia-medica-santiago\/wp-json\/wp\/v2\/users\/9192219"}],"replies":[{"embeddable":true,"href":"https:\/\/medicina.udd.cl\/tecnologia-medica-santiago\/wp-json\/wp\/v2\/comments?post=8427"}],"version-history":[{"count":4,"href":"https:\/\/medicina.udd.cl\/tecnologia-medica-santiago\/wp-json\/wp\/v2\/posts\/8427\/revisions"}],"predecessor-version":[{"id":8438,"href":"https:\/\/medicina.udd.cl\/tecnologia-medica-santiago\/wp-json\/wp\/v2\/posts\/8427\/revisions\/8438"}],"wp:featuredmedia":[{"embeddable":true,"href":"https:\/\/medicina.udd.cl\/tecnologia-medica-santiago\/wp-json\/wp\/v2\/media\/8434"}],"wp:attachment":[{"href":"https:\/\/medicina.udd.cl\/tecnologia-medica-santiago\/wp-json\/wp\/v2\/media?parent=8427"}],"wp:term":[{"taxonomy":"category","embeddable":true,"href":"https:\/\/medicina.udd.cl\/tecnologia-medica-santiago\/wp-json\/wp\/v2\/categories?post=8427"},{"taxonomy":"post_tag","embeddable":true,"href":"https:\/\/medicina.udd.cl\/tecnologia-medica-santiago\/wp-json\/wp\/v2\/tags?post=8427"}],"curies":[{"name":"wp","href":"https:\/\/api.w.org\/{rel}","templated":true}]}}