{"id":8500,"date":"2023-11-29T16:06:00","date_gmt":"2023-11-29T19:06:00","guid":{"rendered":"https:\/\/medicina.udd.cl\/tecnologia-medica-santiago\/?p=8500"},"modified":"2023-12-07T16:13:40","modified_gmt":"2023-12-07T19:13:40","slug":"fortaleciendo-vinculos-academicos-docente-de-la-universidad-norbert-wiener-realiza-visita-a-tecnologia-medica-udd","status":"publish","type":"post","link":"https:\/\/medicina.udd.cl\/tecnologia-medica-santiago\/noticias\/2023\/11\/29\/fortaleciendo-vinculos-academicos-docente-de-la-universidad-norbert-wiener-realiza-visita-a-tecnologia-medica-udd\/","title":{"rendered":"Fortaleciendo v\u00ednculos acad\u00e9micos: Docente de la Universidad Norbert Wiener realiza visita a Tecnolog\u00eda M\u00e9dica UDD"},"content":{"rendered":"\n<figure class=\"wp-block-gallery has-nested-images columns-default is-cropped wp-block-gallery-1 is-layout-flex wp-block-gallery-is-layout-flex\">\n<figure class=\"wp-block-image size-large\"><a href=\"https:\/\/medicina.udd.cl\/tecnologia-medica-santiago\/files\/2023\/12\/tm-visita-docente-de-u-peruana-a-udd-1-scaled.jpg\"><img loading=\"lazy\" decoding=\"async\" width=\"2560\" height=\"1920\" data-id=\"8501\" src=\"https:\/\/medicina.udd.cl\/tecnologia-medica-santiago\/files\/2023\/12\/tm-visita-docente-de-u-peruana-a-udd-1-scaled.jpg\" alt=\"\" class=\"wp-image-8501\" srcset=\"https:\/\/medicina.udd.cl\/tecnologia-medica-santiago\/files\/2023\/12\/tm-visita-docente-de-u-peruana-a-udd-1-scaled.jpg 2560w, https:\/\/medicina.udd.cl\/tecnologia-medica-santiago\/files\/2023\/12\/tm-visita-docente-de-u-peruana-a-udd-1-300x225.jpg 300w, https:\/\/medicina.udd.cl\/tecnologia-medica-santiago\/files\/2023\/12\/tm-visita-docente-de-u-peruana-a-udd-1-1024x768.jpg 1024w, https:\/\/medicina.udd.cl\/tecnologia-medica-santiago\/files\/2023\/12\/tm-visita-docente-de-u-peruana-a-udd-1-768x576.jpg 768w, https:\/\/medicina.udd.cl\/tecnologia-medica-santiago\/files\/2023\/12\/tm-visita-docente-de-u-peruana-a-udd-1-1536x1152.jpg 1536w, https:\/\/medicina.udd.cl\/tecnologia-medica-santiago\/files\/2023\/12\/tm-visita-docente-de-u-peruana-a-udd-1-2048x1536.jpg 2048w\" sizes=\"auto, (max-width: 2560px) 100vw, 2560px\" \/><\/a><figcaption>Mg. V\u00edctor Huam\u00e1n<\/figcaption><\/figure>\n\n\n\n<figure class=\"wp-block-image size-large\"><a href=\"https:\/\/medicina.udd.cl\/tecnologia-medica-santiago\/files\/2023\/12\/tm-visita-docente-de-u-peruana-a-udd-3-scaled.jpg\"><img loading=\"lazy\" decoding=\"async\" width=\"2560\" height=\"1920\" data-id=\"8503\" src=\"https:\/\/medicina.udd.cl\/tecnologia-medica-santiago\/files\/2023\/12\/tm-visita-docente-de-u-peruana-a-udd-3-scaled.jpg\" alt=\"\" class=\"wp-image-8503\" srcset=\"https:\/\/medicina.udd.cl\/tecnologia-medica-santiago\/files\/2023\/12\/tm-visita-docente-de-u-peruana-a-udd-3-scaled.jpg 2560w, https:\/\/medicina.udd.cl\/tecnologia-medica-santiago\/files\/2023\/12\/tm-visita-docente-de-u-peruana-a-udd-3-300x225.jpg 300w, https:\/\/medicina.udd.cl\/tecnologia-medica-santiago\/files\/2023\/12\/tm-visita-docente-de-u-peruana-a-udd-3-1024x768.jpg 1024w, https:\/\/medicina.udd.cl\/tecnologia-medica-santiago\/files\/2023\/12\/tm-visita-docente-de-u-peruana-a-udd-3-768x576.jpg 768w, https:\/\/medicina.udd.cl\/tecnologia-medica-santiago\/files\/2023\/12\/tm-visita-docente-de-u-peruana-a-udd-3-1536x1152.jpg 1536w, https:\/\/medicina.udd.cl\/tecnologia-medica-santiago\/files\/2023\/12\/tm-visita-docente-de-u-peruana-a-udd-3-2048x1536.jpg 2048w\" sizes=\"auto, (max-width: 2560px) 100vw, 2560px\" \/><\/a><\/figure>\n\n\n\n<figure class=\"wp-block-image size-large\"><a href=\"https:\/\/medicina.udd.cl\/tecnologia-medica-santiago\/files\/2023\/12\/tm-visita-docente-de-u-peruana-a-udd-2-scaled.jpg\"><img loading=\"lazy\" decoding=\"async\" width=\"2560\" height=\"1920\" data-id=\"8502\" src=\"https:\/\/medicina.udd.cl\/tecnologia-medica-santiago\/files\/2023\/12\/tm-visita-docente-de-u-peruana-a-udd-2-scaled.jpg\" alt=\"\" class=\"wp-image-8502\" srcset=\"https:\/\/medicina.udd.cl\/tecnologia-medica-santiago\/files\/2023\/12\/tm-visita-docente-de-u-peruana-a-udd-2-scaled.jpg 2560w, https:\/\/medicina.udd.cl\/tecnologia-medica-santiago\/files\/2023\/12\/tm-visita-docente-de-u-peruana-a-udd-2-300x225.jpg 300w, https:\/\/medicina.udd.cl\/tecnologia-medica-santiago\/files\/2023\/12\/tm-visita-docente-de-u-peruana-a-udd-2-1024x768.jpg 1024w, https:\/\/medicina.udd.cl\/tecnologia-medica-santiago\/files\/2023\/12\/tm-visita-docente-de-u-peruana-a-udd-2-768x576.jpg 768w, https:\/\/medicina.udd.cl\/tecnologia-medica-santiago\/files\/2023\/12\/tm-visita-docente-de-u-peruana-a-udd-2-1536x1152.jpg 1536w, https:\/\/medicina.udd.cl\/tecnologia-medica-santiago\/files\/2023\/12\/tm-visita-docente-de-u-peruana-a-udd-2-2048x1536.jpg 2048w\" sizes=\"auto, (max-width: 2560px) 100vw, 2560px\" \/><\/a><figcaption>TM. Ma. Adriana Parra junto al Mg. V\u00edctor Huam\u00e1n<\/figcaption><\/figure>\n<\/figure>\n\n\n\n<p>El pasado lunes 27 de noviembre, la carrera de Tecnolog\u00eda M\u00e9dica de la Facultad de Medicina Cl\u00ednica Alemana Universidad del Desarrollo (UDD), tuvo el honor de recibir al Mg. V\u00edctor Huam\u00e1n, docente y coordinador de Internacionalizaci\u00f3n de la Escuela de Tecnolog\u00eda M\u00e9dica de la Universidad Norbert Wiener de Lima.<\/p>\n\n\n\n<p>Esta visita se enmarca en la s\u00f3lida alianza entre ambas instituciones, que ha propiciado la realizaci\u00f3n de clases espejo, proyectos COILS, Webinars y la participaci\u00f3n conjunta en congresos, tanto presenciales como virtuales.<\/p>\n\n\n\n<p>Durante su visita, el Mg. Huam\u00e1n explor\u00f3 las modernas dependencias y laboratorios de Tecnolog\u00eda M\u00e9dica UDD, ubicadas en el campus Rector Ernesto Silva Bafalluy, donde comparti\u00f3 experiencias y conocimientos con la directora de carrera, TM. Mar\u00eda Adriana Parra, as\u00ed como con los coordinadores de Bioan\u00e1lisis Cl\u00ednico, Hematolog\u00eda y Medicina Transfusional, TM. Sara Morales, y de Morfofisiopatolog\u00eda y Citodiagn\u00f3stico, TM. Emmanuel Casanova.<\/p>\n\n\n\n<p>La reuni\u00f3n fue propicia para abordar temas acad\u00e9micos relevantes, retroalimentar los logros ya alcanzados en el marco de la colaboraci\u00f3n entre ambas instituciones, y planificar emocionantes desaf\u00edos conjuntos que seguir\u00e1n fortaleciendo la formaci\u00f3n acad\u00e9mica de los estudiantes de Tecnolog\u00eda M\u00e9dica en ambas universidades.<\/p>\n\n\n\n<figure class=\"wp-block-gallery has-nested-images columns-default is-cropped wp-block-gallery-2 is-layout-flex wp-block-gallery-is-layout-flex\">\n<figure class=\"wp-block-image size-large\"><a href=\"https:\/\/medicina.udd.cl\/tecnologia-medica-santiago\/files\/2023\/12\/tm-visita-docente-de-u-peruana-a-udd-6-scaled.jpg\"><img loading=\"lazy\" decoding=\"async\" width=\"2560\" height=\"1920\" data-id=\"8506\" src=\"https:\/\/medicina.udd.cl\/tecnologia-medica-santiago\/files\/2023\/12\/tm-visita-docente-de-u-peruana-a-udd-6-scaled.jpg\" alt=\"\" class=\"wp-image-8506\" srcset=\"https:\/\/medicina.udd.cl\/tecnologia-medica-santiago\/files\/2023\/12\/tm-visita-docente-de-u-peruana-a-udd-6-scaled.jpg 2560w, https:\/\/medicina.udd.cl\/tecnologia-medica-santiago\/files\/2023\/12\/tm-visita-docente-de-u-peruana-a-udd-6-300x225.jpg 300w, https:\/\/medicina.udd.cl\/tecnologia-medica-santiago\/files\/2023\/12\/tm-visita-docente-de-u-peruana-a-udd-6-1024x768.jpg 1024w, https:\/\/medicina.udd.cl\/tecnologia-medica-santiago\/files\/2023\/12\/tm-visita-docente-de-u-peruana-a-udd-6-768x576.jpg 768w, https:\/\/medicina.udd.cl\/tecnologia-medica-santiago\/files\/2023\/12\/tm-visita-docente-de-u-peruana-a-udd-6-1536x1152.jpg 1536w, https:\/\/medicina.udd.cl\/tecnologia-medica-santiago\/files\/2023\/12\/tm-visita-docente-de-u-peruana-a-udd-6-2048x1536.jpg 2048w\" sizes=\"auto, (max-width: 2560px) 100vw, 2560px\" \/><\/a><\/figure>\n\n\n\n<figure class=\"wp-block-image size-large\"><a href=\"https:\/\/medicina.udd.cl\/tecnologia-medica-santiago\/files\/2023\/12\/tm-visita-docente-de-u-peruana-a-udd-5-scaled.jpg\"><img loading=\"lazy\" decoding=\"async\" width=\"2560\" height=\"1920\" data-id=\"8505\" src=\"https:\/\/medicina.udd.cl\/tecnologia-medica-santiago\/files\/2023\/12\/tm-visita-docente-de-u-peruana-a-udd-5-scaled.jpg\" alt=\"\" class=\"wp-image-8505\" srcset=\"https:\/\/medicina.udd.cl\/tecnologia-medica-santiago\/files\/2023\/12\/tm-visita-docente-de-u-peruana-a-udd-5-scaled.jpg 2560w, https:\/\/medicina.udd.cl\/tecnologia-medica-santiago\/files\/2023\/12\/tm-visita-docente-de-u-peruana-a-udd-5-300x225.jpg 300w, https:\/\/medicina.udd.cl\/tecnologia-medica-santiago\/files\/2023\/12\/tm-visita-docente-de-u-peruana-a-udd-5-1024x768.jpg 1024w, https:\/\/medicina.udd.cl\/tecnologia-medica-santiago\/files\/2023\/12\/tm-visita-docente-de-u-peruana-a-udd-5-768x576.jpg 768w, https:\/\/medicina.udd.cl\/tecnologia-medica-santiago\/files\/2023\/12\/tm-visita-docente-de-u-peruana-a-udd-5-1536x1152.jpg 1536w, https:\/\/medicina.udd.cl\/tecnologia-medica-santiago\/files\/2023\/12\/tm-visita-docente-de-u-peruana-a-udd-5-2048x1536.jpg 2048w\" sizes=\"auto, (max-width: 2560px) 100vw, 2560px\" \/><\/a><\/figure>\n\n\n\n<figure class=\"wp-block-image size-large\"><a href=\"https:\/\/medicina.udd.cl\/tecnologia-medica-santiago\/files\/2023\/12\/tm-visita-docente-de-u-peruana-a-udd-4-scaled.jpg\"><img loading=\"lazy\" decoding=\"async\" width=\"2560\" height=\"1920\" data-id=\"8504\" src=\"https:\/\/medicina.udd.cl\/tecnologia-medica-santiago\/files\/2023\/12\/tm-visita-docente-de-u-peruana-a-udd-4-scaled.jpg\" alt=\"\" class=\"wp-image-8504\" srcset=\"https:\/\/medicina.udd.cl\/tecnologia-medica-santiago\/files\/2023\/12\/tm-visita-docente-de-u-peruana-a-udd-4-scaled.jpg 2560w, https:\/\/medicina.udd.cl\/tecnologia-medica-santiago\/files\/2023\/12\/tm-visita-docente-de-u-peruana-a-udd-4-300x225.jpg 300w, https:\/\/medicina.udd.cl\/tecnologia-medica-santiago\/files\/2023\/12\/tm-visita-docente-de-u-peruana-a-udd-4-1024x768.jpg 1024w, https:\/\/medicina.udd.cl\/tecnologia-medica-santiago\/files\/2023\/12\/tm-visita-docente-de-u-peruana-a-udd-4-768x576.jpg 768w, https:\/\/medicina.udd.cl\/tecnologia-medica-santiago\/files\/2023\/12\/tm-visita-docente-de-u-peruana-a-udd-4-1536x1152.jpg 1536w, https:\/\/medicina.udd.cl\/tecnologia-medica-santiago\/files\/2023\/12\/tm-visita-docente-de-u-peruana-a-udd-4-2048x1536.jpg 2048w\" sizes=\"auto, (max-width: 2560px) 100vw, 2560px\" \/><\/a><\/figure>\n<\/figure>\n","protected":false},"excerpt":{"rendered":"<p>El pasado lunes 27 de noviembre, la carrera de Tecnolog\u00eda M\u00e9dica de la Facultad de Medicina Cl\u00ednica Alemana Universidad del Desarrollo (UDD), tuvo el honor de recibir al Mg. V\u00edctor Huam\u00e1n, docente y coordinador de Internacionalizaci\u00f3n de la Escuela de Tecnolog\u00eda M\u00e9dica de la Universidad Norbert Wiener de Lima. Esta visita se enmarca en la [&hellip;]<\/p>\n","protected":false},"author":9192219,"featured_media":8502,"comment_status":"closed","ping_status":"open","sticky":false,"template":"","format":"standard","meta":{"footnotes":""},"categories":[4],"tags":[],"class_list":["post-8500","post","type-post","status-publish","format-standard","has-post-thumbnail","hentry","category-noticias"],"yoast_head":"<!-- This site is optimized with the Yoast SEO plugin v26.9 - https:\/\/yoast.com\/product\/yoast-seo-wordpress\/ -->\n<title>Fortaleciendo v\u00ednculos acad\u00e9micos: Docente de la Universidad Norbert Wiener realiza visita a Tecnolog\u00eda M\u00e9dica UDD - Tecnolog\u00eda M\u00e9dica<\/title>\n<meta name=\"robots\" content=\"index, follow, max-snippet:-1, max-image-preview:large, max-video-preview:-1\" \/>\n<link rel=\"canonical\" href=\"https:\/\/medicina.udd.cl\/tecnologia-medica-santiago\/noticias\/2023\/11\/29\/fortaleciendo-vinculos-academicos-docente-de-la-universidad-norbert-wiener-realiza-visita-a-tecnologia-medica-udd\/\" \/>\n<meta property=\"og:locale\" content=\"es_ES\" \/>\n<meta property=\"og:type\" content=\"article\" \/>\n<meta property=\"og:title\" content=\"Fortaleciendo v\u00ednculos acad\u00e9micos: Docente de la Universidad Norbert Wiener realiza visita a Tecnolog\u00eda M\u00e9dica UDD - Tecnolog\u00eda M\u00e9dica\" \/>\n<meta property=\"og:description\" content=\"El pasado lunes 27 de noviembre, la carrera de Tecnolog\u00eda M\u00e9dica de la Facultad de Medicina Cl\u00ednica Alemana Universidad del Desarrollo (UDD), tuvo el honor de recibir al Mg. V\u00edctor Huam\u00e1n, docente y coordinador de Internacionalizaci\u00f3n de la Escuela de Tecnolog\u00eda M\u00e9dica de la Universidad Norbert Wiener de Lima. Esta visita se enmarca en la [&hellip;]\" \/>\n<meta property=\"og:url\" content=\"https:\/\/medicina.udd.cl\/tecnologia-medica-santiago\/noticias\/2023\/11\/29\/fortaleciendo-vinculos-academicos-docente-de-la-universidad-norbert-wiener-realiza-visita-a-tecnologia-medica-udd\/\" \/>\n<meta property=\"og:site_name\" content=\"Tecnolog\u00eda M\u00e9dica\" \/>\n<meta property=\"article:published_time\" content=\"2023-11-29T19:06:00+00:00\" \/>\n<meta property=\"article:modified_time\" content=\"2023-12-07T19:13:40+00:00\" \/>\n<meta property=\"og:image\" content=\"https:\/\/medicina.udd.cl\/tecnologia-medica-santiago\/files\/2023\/12\/tm-visita-docente-de-u-peruana-a-udd-2-scaled.jpg\" \/>\n\t<meta property=\"og:image:width\" content=\"2560\" \/>\n\t<meta property=\"og:image:height\" content=\"1920\" \/>\n\t<meta property=\"og:image:type\" content=\"image\/jpeg\" \/>\n<meta name=\"author\" content=\"rbraidy\" \/>\n<meta name=\"twitter:label1\" content=\"Escrito por\" \/>\n\t<meta name=\"twitter:data1\" content=\"rbraidy\" \/>\n\t<meta name=\"twitter:label2\" content=\"Tiempo de lectura\" \/>\n\t<meta name=\"twitter:data2\" content=\"3 minutos\" \/>\n<script type=\"application\/ld+json\" class=\"yoast-schema-graph\">{\"@context\":\"https:\/\/schema.org\",\"@graph\":[{\"@type\":\"Article\",\"@id\":\"https:\/\/medicina.udd.cl\/tecnologia-medica-santiago\/noticias\/2023\/11\/29\/fortaleciendo-vinculos-academicos-docente-de-la-universidad-norbert-wiener-realiza-visita-a-tecnologia-medica-udd\/#article\",\"isPartOf\":{\"@id\":\"https:\/\/medicina.udd.cl\/tecnologia-medica-santiago\/noticias\/2023\/11\/29\/fortaleciendo-vinculos-academicos-docente-de-la-universidad-norbert-wiener-realiza-visita-a-tecnologia-medica-udd\/\"},\"author\":{\"name\":\"rbraidy\",\"@id\":\"https:\/\/medicina.udd.cl\/tecnologia-medica-santiago\/#\/schema\/person\/dbc3705bf3a93e8be1ba6de0ef950341\"},\"headline\":\"Fortaleciendo v\u00ednculos acad\u00e9micos: Docente de la Universidad Norbert Wiener realiza visita a Tecnolog\u00eda M\u00e9dica UDD\",\"datePublished\":\"2023-11-29T19:06:00+00:00\",\"dateModified\":\"2023-12-07T19:13:40+00:00\",\"mainEntityOfPage\":{\"@id\":\"https:\/\/medicina.udd.cl\/tecnologia-medica-santiago\/noticias\/2023\/11\/29\/fortaleciendo-vinculos-academicos-docente-de-la-universidad-norbert-wiener-realiza-visita-a-tecnologia-medica-udd\/\"},\"wordCount\":248,\"image\":{\"@id\":\"https:\/\/medicina.udd.cl\/tecnologia-medica-santiago\/noticias\/2023\/11\/29\/fortaleciendo-vinculos-academicos-docente-de-la-universidad-norbert-wiener-realiza-visita-a-tecnologia-medica-udd\/#primaryimage\"},\"thumbnailUrl\":\"https:\/\/medicina.udd.cl\/tecnologia-medica-santiago\/files\/2023\/12\/tm-visita-docente-de-u-peruana-a-udd-2-scaled.jpg\",\"articleSection\":[\"Noticias\"],\"inLanguage\":\"es\"},{\"@type\":\"WebPage\",\"@id\":\"https:\/\/medicina.udd.cl\/tecnologia-medica-santiago\/noticias\/2023\/11\/29\/fortaleciendo-vinculos-academicos-docente-de-la-universidad-norbert-wiener-realiza-visita-a-tecnologia-medica-udd\/\",\"url\":\"https:\/\/medicina.udd.cl\/tecnologia-medica-santiago\/noticias\/2023\/11\/29\/fortaleciendo-vinculos-academicos-docente-de-la-universidad-norbert-wiener-realiza-visita-a-tecnologia-medica-udd\/\",\"name\":\"Fortaleciendo v\u00ednculos acad\u00e9micos: Docente de la Universidad Norbert Wiener realiza visita a Tecnolog\u00eda M\u00e9dica UDD - Tecnolog\u00eda M\u00e9dica\",\"isPartOf\":{\"@id\":\"https:\/\/medicina.udd.cl\/tecnologia-medica-santiago\/#website\"},\"primaryImageOfPage\":{\"@id\":\"https:\/\/medicina.udd.cl\/tecnologia-medica-santiago\/noticias\/2023\/11\/29\/fortaleciendo-vinculos-academicos-docente-de-la-universidad-norbert-wiener-realiza-visita-a-tecnologia-medica-udd\/#primaryimage\"},\"image\":{\"@id\":\"https:\/\/medicina.udd.cl\/tecnologia-medica-santiago\/noticias\/2023\/11\/29\/fortaleciendo-vinculos-academicos-docente-de-la-universidad-norbert-wiener-realiza-visita-a-tecnologia-medica-udd\/#primaryimage\"},\"thumbnailUrl\":\"https:\/\/medicina.udd.cl\/tecnologia-medica-santiago\/files\/2023\/12\/tm-visita-docente-de-u-peruana-a-udd-2-scaled.jpg\",\"datePublished\":\"2023-11-29T19:06:00+00:00\",\"dateModified\":\"2023-12-07T19:13:40+00:00\",\"author\":{\"@id\":\"https:\/\/medicina.udd.cl\/tecnologia-medica-santiago\/#\/schema\/person\/dbc3705bf3a93e8be1ba6de0ef950341\"},\"breadcrumb\":{\"@id\":\"https:\/\/medicina.udd.cl\/tecnologia-medica-santiago\/noticias\/2023\/11\/29\/fortaleciendo-vinculos-academicos-docente-de-la-universidad-norbert-wiener-realiza-visita-a-tecnologia-medica-udd\/#breadcrumb\"},\"inLanguage\":\"es\",\"potentialAction\":[{\"@type\":\"ReadAction\",\"target\":[\"https:\/\/medicina.udd.cl\/tecnologia-medica-santiago\/noticias\/2023\/11\/29\/fortaleciendo-vinculos-academicos-docente-de-la-universidad-norbert-wiener-realiza-visita-a-tecnologia-medica-udd\/\"]}]},{\"@type\":\"ImageObject\",\"inLanguage\":\"es\",\"@id\":\"https:\/\/medicina.udd.cl\/tecnologia-medica-santiago\/noticias\/2023\/11\/29\/fortaleciendo-vinculos-academicos-docente-de-la-universidad-norbert-wiener-realiza-visita-a-tecnologia-medica-udd\/#primaryimage\",\"url\":\"https:\/\/medicina.udd.cl\/tecnologia-medica-santiago\/files\/2023\/12\/tm-visita-docente-de-u-peruana-a-udd-2-scaled.jpg\",\"contentUrl\":\"https:\/\/medicina.udd.cl\/tecnologia-medica-santiago\/files\/2023\/12\/tm-visita-docente-de-u-peruana-a-udd-2-scaled.jpg\",\"width\":2560,\"height\":1920},{\"@type\":\"BreadcrumbList\",\"@id\":\"https:\/\/medicina.udd.cl\/tecnologia-medica-santiago\/noticias\/2023\/11\/29\/fortaleciendo-vinculos-academicos-docente-de-la-universidad-norbert-wiener-realiza-visita-a-tecnologia-medica-udd\/#breadcrumb\",\"itemListElement\":[{\"@type\":\"ListItem\",\"position\":1,\"name\":\"Home\",\"item\":\"https:\/\/medicina.udd.cl\/tecnologia-medica-santiago\/\"},{\"@type\":\"ListItem\",\"position\":2,\"name\":\"Fortaleciendo v\u00ednculos acad\u00e9micos: Docente de la Universidad Norbert Wiener realiza visita a Tecnolog\u00eda M\u00e9dica UDD\"}]},{\"@type\":\"WebSite\",\"@id\":\"https:\/\/medicina.udd.cl\/tecnologia-medica-santiago\/#website\",\"url\":\"https:\/\/medicina.udd.cl\/tecnologia-medica-santiago\/\",\"name\":\"Tecnolog\u00eda M\u00e9dica\",\"description\":\"Facultad de Medicina Cl\u00ednica Alemana Universidad del Desarrollo\",\"inLanguage\":\"es\"},{\"@type\":\"Person\",\"@id\":\"https:\/\/medicina.udd.cl\/tecnologia-medica-santiago\/#\/schema\/person\/dbc3705bf3a93e8be1ba6de0ef950341\",\"name\":\"rbraidy\",\"image\":{\"@type\":\"ImageObject\",\"inLanguage\":\"es\",\"@id\":\"https:\/\/medicina.udd.cl\/tecnologia-medica-santiago\/#\/schema\/person\/image\/\",\"url\":\"https:\/\/secure.gravatar.com\/avatar\/0f8bc94637401590e45d2ce17eb65c274cb8870a219de6177f3f23e63fd8cdf3?s=96&d=mm&r=g\",\"contentUrl\":\"https:\/\/secure.gravatar.com\/avatar\/0f8bc94637401590e45d2ce17eb65c274cb8870a219de6177f3f23e63fd8cdf3?s=96&d=mm&r=g\",\"caption\":\"rbraidy\"},\"url\":\"https:\/\/medicina.udd.cl\/tecnologia-medica-santiago\/noticias\/author\/rbraidy\/\"}]}<\/script>\n<!-- \/ Yoast SEO plugin. -->","yoast_head_json":{"title":"Fortaleciendo v\u00ednculos acad\u00e9micos: Docente de la Universidad Norbert Wiener realiza visita a Tecnolog\u00eda M\u00e9dica UDD - Tecnolog\u00eda M\u00e9dica","robots":{"index":"index","follow":"follow","max-snippet":"max-snippet:-1","max-image-preview":"max-image-preview:large","max-video-preview":"max-video-preview:-1"},"canonical":"https:\/\/medicina.udd.cl\/tecnologia-medica-santiago\/noticias\/2023\/11\/29\/fortaleciendo-vinculos-academicos-docente-de-la-universidad-norbert-wiener-realiza-visita-a-tecnologia-medica-udd\/","og_locale":"es_ES","og_type":"article","og_title":"Fortaleciendo v\u00ednculos acad\u00e9micos: Docente de la Universidad Norbert Wiener realiza visita a Tecnolog\u00eda M\u00e9dica UDD - Tecnolog\u00eda M\u00e9dica","og_description":"El pasado lunes 27 de noviembre, la carrera de Tecnolog\u00eda M\u00e9dica de la Facultad de Medicina Cl\u00ednica Alemana Universidad del Desarrollo (UDD), tuvo el honor de recibir al Mg. V\u00edctor Huam\u00e1n, docente y coordinador de Internacionalizaci\u00f3n de la Escuela de Tecnolog\u00eda M\u00e9dica de la Universidad Norbert Wiener de Lima. Esta visita se enmarca en la [&hellip;]","og_url":"https:\/\/medicina.udd.cl\/tecnologia-medica-santiago\/noticias\/2023\/11\/29\/fortaleciendo-vinculos-academicos-docente-de-la-universidad-norbert-wiener-realiza-visita-a-tecnologia-medica-udd\/","og_site_name":"Tecnolog\u00eda M\u00e9dica","article_published_time":"2023-11-29T19:06:00+00:00","article_modified_time":"2023-12-07T19:13:40+00:00","og_image":[{"width":2560,"height":1920,"url":"https:\/\/medicina.udd.cl\/tecnologia-medica-santiago\/files\/2023\/12\/tm-visita-docente-de-u-peruana-a-udd-2-scaled.jpg","type":"image\/jpeg"}],"author":"rbraidy","twitter_misc":{"Escrito por":"rbraidy","Tiempo de lectura":"3 minutos"},"schema":{"@context":"https:\/\/schema.org","@graph":[{"@type":"Article","@id":"https:\/\/medicina.udd.cl\/tecnologia-medica-santiago\/noticias\/2023\/11\/29\/fortaleciendo-vinculos-academicos-docente-de-la-universidad-norbert-wiener-realiza-visita-a-tecnologia-medica-udd\/#article","isPartOf":{"@id":"https:\/\/medicina.udd.cl\/tecnologia-medica-santiago\/noticias\/2023\/11\/29\/fortaleciendo-vinculos-academicos-docente-de-la-universidad-norbert-wiener-realiza-visita-a-tecnologia-medica-udd\/"},"author":{"name":"rbraidy","@id":"https:\/\/medicina.udd.cl\/tecnologia-medica-santiago\/#\/schema\/person\/dbc3705bf3a93e8be1ba6de0ef950341"},"headline":"Fortaleciendo v\u00ednculos acad\u00e9micos: Docente de la Universidad Norbert Wiener realiza visita a Tecnolog\u00eda M\u00e9dica UDD","datePublished":"2023-11-29T19:06:00+00:00","dateModified":"2023-12-07T19:13:40+00:00","mainEntityOfPage":{"@id":"https:\/\/medicina.udd.cl\/tecnologia-medica-santiago\/noticias\/2023\/11\/29\/fortaleciendo-vinculos-academicos-docente-de-la-universidad-norbert-wiener-realiza-visita-a-tecnologia-medica-udd\/"},"wordCount":248,"image":{"@id":"https:\/\/medicina.udd.cl\/tecnologia-medica-santiago\/noticias\/2023\/11\/29\/fortaleciendo-vinculos-academicos-docente-de-la-universidad-norbert-wiener-realiza-visita-a-tecnologia-medica-udd\/#primaryimage"},"thumbnailUrl":"https:\/\/medicina.udd.cl\/tecnologia-medica-santiago\/files\/2023\/12\/tm-visita-docente-de-u-peruana-a-udd-2-scaled.jpg","articleSection":["Noticias"],"inLanguage":"es"},{"@type":"WebPage","@id":"https:\/\/medicina.udd.cl\/tecnologia-medica-santiago\/noticias\/2023\/11\/29\/fortaleciendo-vinculos-academicos-docente-de-la-universidad-norbert-wiener-realiza-visita-a-tecnologia-medica-udd\/","url":"https:\/\/medicina.udd.cl\/tecnologia-medica-santiago\/noticias\/2023\/11\/29\/fortaleciendo-vinculos-academicos-docente-de-la-universidad-norbert-wiener-realiza-visita-a-tecnologia-medica-udd\/","name":"Fortaleciendo v\u00ednculos acad\u00e9micos: Docente de la Universidad Norbert Wiener realiza visita a Tecnolog\u00eda M\u00e9dica UDD - Tecnolog\u00eda M\u00e9dica","isPartOf":{"@id":"https:\/\/medicina.udd.cl\/tecnologia-medica-santiago\/#website"},"primaryImageOfPage":{"@id":"https:\/\/medicina.udd.cl\/tecnologia-medica-santiago\/noticias\/2023\/11\/29\/fortaleciendo-vinculos-academicos-docente-de-la-universidad-norbert-wiener-realiza-visita-a-tecnologia-medica-udd\/#primaryimage"},"image":{"@id":"https:\/\/medicina.udd.cl\/tecnologia-medica-santiago\/noticias\/2023\/11\/29\/fortaleciendo-vinculos-academicos-docente-de-la-universidad-norbert-wiener-realiza-visita-a-tecnologia-medica-udd\/#primaryimage"},"thumbnailUrl":"https:\/\/medicina.udd.cl\/tecnologia-medica-santiago\/files\/2023\/12\/tm-visita-docente-de-u-peruana-a-udd-2-scaled.jpg","datePublished":"2023-11-29T19:06:00+00:00","dateModified":"2023-12-07T19:13:40+00:00","author":{"@id":"https:\/\/medicina.udd.cl\/tecnologia-medica-santiago\/#\/schema\/person\/dbc3705bf3a93e8be1ba6de0ef950341"},"breadcrumb":{"@id":"https:\/\/medicina.udd.cl\/tecnologia-medica-santiago\/noticias\/2023\/11\/29\/fortaleciendo-vinculos-academicos-docente-de-la-universidad-norbert-wiener-realiza-visita-a-tecnologia-medica-udd\/#breadcrumb"},"inLanguage":"es","potentialAction":[{"@type":"ReadAction","target":["https:\/\/medicina.udd.cl\/tecnologia-medica-santiago\/noticias\/2023\/11\/29\/fortaleciendo-vinculos-academicos-docente-de-la-universidad-norbert-wiener-realiza-visita-a-tecnologia-medica-udd\/"]}]},{"@type":"ImageObject","inLanguage":"es","@id":"https:\/\/medicina.udd.cl\/tecnologia-medica-santiago\/noticias\/2023\/11\/29\/fortaleciendo-vinculos-academicos-docente-de-la-universidad-norbert-wiener-realiza-visita-a-tecnologia-medica-udd\/#primaryimage","url":"https:\/\/medicina.udd.cl\/tecnologia-medica-santiago\/files\/2023\/12\/tm-visita-docente-de-u-peruana-a-udd-2-scaled.jpg","contentUrl":"https:\/\/medicina.udd.cl\/tecnologia-medica-santiago\/files\/2023\/12\/tm-visita-docente-de-u-peruana-a-udd-2-scaled.jpg","width":2560,"height":1920},{"@type":"BreadcrumbList","@id":"https:\/\/medicina.udd.cl\/tecnologia-medica-santiago\/noticias\/2023\/11\/29\/fortaleciendo-vinculos-academicos-docente-de-la-universidad-norbert-wiener-realiza-visita-a-tecnologia-medica-udd\/#breadcrumb","itemListElement":[{"@type":"ListItem","position":1,"name":"Home","item":"https:\/\/medicina.udd.cl\/tecnologia-medica-santiago\/"},{"@type":"ListItem","position":2,"name":"Fortaleciendo v\u00ednculos acad\u00e9micos: Docente de la Universidad Norbert Wiener realiza visita a Tecnolog\u00eda M\u00e9dica UDD"}]},{"@type":"WebSite","@id":"https:\/\/medicina.udd.cl\/tecnologia-medica-santiago\/#website","url":"https:\/\/medicina.udd.cl\/tecnologia-medica-santiago\/","name":"Tecnolog\u00eda M\u00e9dica","description":"Facultad de Medicina Cl\u00ednica Alemana Universidad del Desarrollo","inLanguage":"es"},{"@type":"Person","@id":"https:\/\/medicina.udd.cl\/tecnologia-medica-santiago\/#\/schema\/person\/dbc3705bf3a93e8be1ba6de0ef950341","name":"rbraidy","image":{"@type":"ImageObject","inLanguage":"es","@id":"https:\/\/medicina.udd.cl\/tecnologia-medica-santiago\/#\/schema\/person\/image\/","url":"https:\/\/secure.gravatar.com\/avatar\/0f8bc94637401590e45d2ce17eb65c274cb8870a219de6177f3f23e63fd8cdf3?s=96&d=mm&r=g","contentUrl":"https:\/\/secure.gravatar.com\/avatar\/0f8bc94637401590e45d2ce17eb65c274cb8870a219de6177f3f23e63fd8cdf3?s=96&d=mm&r=g","caption":"rbraidy"},"url":"https:\/\/medicina.udd.cl\/tecnologia-medica-santiago\/noticias\/author\/rbraidy\/"}]}},"featured_image_url":"https:\/\/medicina.udd.cl\/tecnologia-medica-santiago\/files\/2023\/12\/tm-visita-docente-de-u-peruana-a-udd-2-scaled.jpg","_links":{"self":[{"href":"https:\/\/medicina.udd.cl\/tecnologia-medica-santiago\/wp-json\/wp\/v2\/posts\/8500","targetHints":{"allow":["GET"]}}],"collection":[{"href":"https:\/\/medicina.udd.cl\/tecnologia-medica-santiago\/wp-json\/wp\/v2\/posts"}],"about":[{"href":"https:\/\/medicina.udd.cl\/tecnologia-medica-santiago\/wp-json\/wp\/v2\/types\/post"}],"author":[{"embeddable":true,"href":"https:\/\/medicina.udd.cl\/tecnologia-medica-santiago\/wp-json\/wp\/v2\/users\/9192219"}],"replies":[{"embeddable":true,"href":"https:\/\/medicina.udd.cl\/tecnologia-medica-santiago\/wp-json\/wp\/v2\/comments?post=8500"}],"version-history":[{"count":1,"href":"https:\/\/medicina.udd.cl\/tecnologia-medica-santiago\/wp-json\/wp\/v2\/posts\/8500\/revisions"}],"predecessor-version":[{"id":8507,"href":"https:\/\/medicina.udd.cl\/tecnologia-medica-santiago\/wp-json\/wp\/v2\/posts\/8500\/revisions\/8507"}],"wp:featuredmedia":[{"embeddable":true,"href":"https:\/\/medicina.udd.cl\/tecnologia-medica-santiago\/wp-json\/wp\/v2\/media\/8502"}],"wp:attachment":[{"href":"https:\/\/medicina.udd.cl\/tecnologia-medica-santiago\/wp-json\/wp\/v2\/media?parent=8500"}],"wp:term":[{"taxonomy":"category","embeddable":true,"href":"https:\/\/medicina.udd.cl\/tecnologia-medica-santiago\/wp-json\/wp\/v2\/categories?post=8500"},{"taxonomy":"post_tag","embeddable":true,"href":"https:\/\/medicina.udd.cl\/tecnologia-medica-santiago\/wp-json\/wp\/v2\/tags?post=8500"}],"curies":[{"name":"wp","href":"https:\/\/api.w.org\/{rel}","templated":true}]}}