{"id":8601,"date":"2024-02-12T11:01:05","date_gmt":"2024-02-12T14:01:05","guid":{"rendered":"https:\/\/medicina.udd.cl\/tecnologia-medica-santiago\/?p=8601"},"modified":"2024-02-14T15:16:16","modified_gmt":"2024-02-14T18:16:16","slug":"tecnologia-medica-udd-realizo-ceremonia-de-cierre-de-ano-academico-2023-reconocimiento-a-la-excelencia-y-compromiso","status":"publish","type":"post","link":"https:\/\/medicina.udd.cl\/tecnologia-medica-santiago\/noticias\/2024\/02\/12\/tecnologia-medica-udd-realizo-ceremonia-de-cierre-de-ano-academico-2023-reconocimiento-a-la-excelencia-y-compromiso\/","title":{"rendered":"Tecnolog\u00eda M\u00e9dica UDD realiz\u00f3 ceremonia de cierre de a\u00f1o acad\u00e9mico 2023: reconocimiento a la excelencia y compromiso"},"content":{"rendered":"\n<figure class=\"wp-block-gallery has-nested-images columns-default is-cropped wp-block-gallery-1 is-layout-flex wp-block-gallery-is-layout-flex\">\n<figure class=\"wp-block-image size-large\"><a href=\"https:\/\/medicina.udd.cl\/tecnologia-medica-santiago\/files\/2024\/02\/tm-cierre-de-ano-academico-2023-7-scaled.jpg\"><img loading=\"lazy\" decoding=\"async\" width=\"1024\" height=\"768\" data-id=\"8628\" src=\"https:\/\/medicina.udd.cl\/tecnologia-medica-santiago\/files\/2024\/02\/tm-cierre-de-ano-academico-2023-7-1024x768.jpg\" alt=\"\" class=\"wp-image-8628\" srcset=\"https:\/\/medicina.udd.cl\/tecnologia-medica-santiago\/files\/2024\/02\/tm-cierre-de-ano-academico-2023-7-1024x768.jpg 1024w, https:\/\/medicina.udd.cl\/tecnologia-medica-santiago\/files\/2024\/02\/tm-cierre-de-ano-academico-2023-7-300x225.jpg 300w, https:\/\/medicina.udd.cl\/tecnologia-medica-santiago\/files\/2024\/02\/tm-cierre-de-ano-academico-2023-7-768x576.jpg 768w, https:\/\/medicina.udd.cl\/tecnologia-medica-santiago\/files\/2024\/02\/tm-cierre-de-ano-academico-2023-7-1536x1152.jpg 1536w, https:\/\/medicina.udd.cl\/tecnologia-medica-santiago\/files\/2024\/02\/tm-cierre-de-ano-academico-2023-7-2048x1536.jpg 2048w\" sizes=\"auto, (max-width: 1024px) 100vw, 1024px\" \/><\/a><figcaption class=\"wp-element-caption\">TM. Mar\u00eda Adriana Parra<\/figcaption><\/figure>\n\n\n\n<figure class=\"wp-block-image size-large\"><a href=\"https:\/\/medicina.udd.cl\/tecnologia-medica-santiago\/files\/2024\/02\/tm-cierre-de-ano-academico-2023-2.jpg\"><img loading=\"lazy\" decoding=\"async\" width=\"1024\" height=\"768\" data-id=\"8607\" src=\"https:\/\/medicina.udd.cl\/tecnologia-medica-santiago\/files\/2024\/02\/tm-cierre-de-ano-academico-2023-2-1024x768.jpg\" alt=\"\" class=\"wp-image-8607\" srcset=\"https:\/\/medicina.udd.cl\/tecnologia-medica-santiago\/files\/2024\/02\/tm-cierre-de-ano-academico-2023-2-1024x768.jpg 1024w, https:\/\/medicina.udd.cl\/tecnologia-medica-santiago\/files\/2024\/02\/tm-cierre-de-ano-academico-2023-2-300x225.jpg 300w, https:\/\/medicina.udd.cl\/tecnologia-medica-santiago\/files\/2024\/02\/tm-cierre-de-ano-academico-2023-2-768x576.jpg 768w, https:\/\/medicina.udd.cl\/tecnologia-medica-santiago\/files\/2024\/02\/tm-cierre-de-ano-academico-2023-2-1536x1152.jpg 1536w, https:\/\/medicina.udd.cl\/tecnologia-medica-santiago\/files\/2024\/02\/tm-cierre-de-ano-academico-2023-2.jpg 1600w\" sizes=\"auto, (max-width: 1024px) 100vw, 1024px\" \/><\/a><figcaption class=\"wp-element-caption\">Mar\u00eda Adriana Parra, Robinson Arias y Guislaine Aldana<\/figcaption><\/figure>\n\n\n\n<figure class=\"wp-block-image size-large\"><a href=\"https:\/\/medicina.udd.cl\/tecnologia-medica-santiago\/files\/2024\/02\/tm-cierre-de-ano-academico-2023-1-scaled.jpg\"><img loading=\"lazy\" decoding=\"async\" width=\"1024\" height=\"768\" data-id=\"8604\" src=\"https:\/\/medicina.udd.cl\/tecnologia-medica-santiago\/files\/2024\/02\/tm-cierre-de-ano-academico-2023-1-1024x768.jpg\" alt=\"\" class=\"wp-image-8604\" srcset=\"https:\/\/medicina.udd.cl\/tecnologia-medica-santiago\/files\/2024\/02\/tm-cierre-de-ano-academico-2023-1-1024x768.jpg 1024w, https:\/\/medicina.udd.cl\/tecnologia-medica-santiago\/files\/2024\/02\/tm-cierre-de-ano-academico-2023-1-300x225.jpg 300w, https:\/\/medicina.udd.cl\/tecnologia-medica-santiago\/files\/2024\/02\/tm-cierre-de-ano-academico-2023-1-768x576.jpg 768w, https:\/\/medicina.udd.cl\/tecnologia-medica-santiago\/files\/2024\/02\/tm-cierre-de-ano-academico-2023-1-1536x1152.jpg 1536w, https:\/\/medicina.udd.cl\/tecnologia-medica-santiago\/files\/2024\/02\/tm-cierre-de-ano-academico-2023-1-2048x1536.jpg 2048w\" sizes=\"auto, (max-width: 1024px) 100vw, 1024px\" \/><\/a><\/figure>\n<\/figure>\n\n\n\n<p>La carrera de Tecnolog\u00eda M\u00e9dica de la Facultad de Medicina Cl\u00ednica Alemana Universidad del Desarrollo celebr\u00f3 con gran solemnidad el cierre del a\u00f1o acad\u00e9mico 2023. La ceremonia cont\u00f3 con la distinguida presencia de directivos, docentes, estudiantes y destacados representantes del \u00e1mbito empresarial y cl\u00ednico.<\/p>\n\n\n\n<p>Como es costumbre, la directora de la carrera, TM. Mar\u00eda Adriana Parra, ofreci\u00f3 unas palabras de bienvenida a los presentes, seguidas de un detallado informe que abord\u00f3 diversos aspectos del desempe\u00f1o acad\u00e9mico y extracurricular de los estudiantes. Se destacaron los logros en investigaci\u00f3n, participaci\u00f3n en actividades estudiantiles tanto dentro como fuera de la instituci\u00f3n, as\u00ed como el valioso servicio a trav\u00e9s de voluntariados, todo ello enriqueciendo el esp\u00edritu de la Universidad del Desarrollo.<\/p>\n\n\n\n<p>Mar\u00eda Adriana, con evidente orgullo, comparti\u00f3 los logros alcanzados por directivos y estudiantes en \u00e1mbitos acad\u00e9micos, de vinculaci\u00f3n con la comunidad, emprendimiento e internacionalizaci\u00f3n. Adem\u00e1s, se rindi\u00f3 homenaje a los profesores galardonados por su excelencia docente por parte de la UDD.<\/p>\n\n\n\n<p>En consonancia con la tradici\u00f3n de la ceremonia, se otorg\u00f3 el reconocimiento a un egresado destacado de la \u00faltima generaci\u00f3n. Este a\u00f1o, el premio al <em>Compromiso con la Carrera<\/em> fue entregado a TM. Robinson Arias Villena, egresado de Imagenolog\u00eda y F\u00edsica M\u00e9dica, quien expres\u00f3 su gratitud hacia la carrera de Tecnolog\u00eda M\u00e9dica por el apoyo brindado a lo largo de su formaci\u00f3n. Robinson comparti\u00f3 unas palabras de aliento, destacando la importancia de aprender de los obst\u00e1culos para alcanzar la excelencia en el camino profesional.<\/p>\n\n\n\n<p>Durante la ceremonia, la decana de la Facultad de Medicina, Dra. Marcela Castillo, transmiti\u00f3 un emotivo mensaje de reconocimiento a todo el equipo de Tecnolog\u00eda M\u00e9dica UDD a trav\u00e9s de un video. Espec\u00edficamente, la Dra. Castillo felicit\u00f3 a Mar\u00eda Adriana Parra, directora de la carrera, por su destacada labor y dedicaci\u00f3n a lo largo de los 17 a\u00f1os que ha liderado la carrera en la Universidad del Desarrollo. Adem\u00e1s, expres\u00f3 el firme respaldo de la Facultad hacia el equipo de Tecnolog\u00eda M\u00e9dica para el pr\u00f3ximo a\u00f1o acad\u00e9mico 2024, durante el cual la carrera se someter\u00e1 al proceso de certificaci\u00f3n.<\/p>\n","protected":false},"excerpt":{"rendered":"<p>La carrera de Tecnolog\u00eda M\u00e9dica de la Facultad de Medicina Cl\u00ednica Alemana Universidad del Desarrollo celebr\u00f3 con gran solemnidad el cierre del a\u00f1o acad\u00e9mico 2023. La ceremonia cont\u00f3 con la distinguida presencia de directivos, docentes, estudiantes y destacados representantes del \u00e1mbito empresarial y cl\u00ednico. Como es costumbre, la directora de la carrera, TM. Mar\u00eda Adriana [&hellip;]<\/p>\n","protected":false},"author":9192219,"featured_media":8607,"comment_status":"closed","ping_status":"open","sticky":false,"template":"","format":"standard","meta":{"footnotes":""},"categories":[4],"tags":[],"class_list":["post-8601","post","type-post","status-publish","format-standard","has-post-thumbnail","hentry","category-noticias"],"yoast_head":"<!-- This site is optimized with the Yoast SEO plugin v26.9 - https:\/\/yoast.com\/product\/yoast-seo-wordpress\/ -->\n<title>Tecnolog\u00eda M\u00e9dica UDD realiz\u00f3 ceremonia de cierre de a\u00f1o acad\u00e9mico 2023: reconocimiento a la excelencia y compromiso - Tecnolog\u00eda M\u00e9dica<\/title>\n<meta name=\"robots\" content=\"index, follow, max-snippet:-1, max-image-preview:large, max-video-preview:-1\" \/>\n<link rel=\"canonical\" href=\"https:\/\/medicina.udd.cl\/tecnologia-medica-santiago\/noticias\/2024\/02\/12\/tecnologia-medica-udd-realizo-ceremonia-de-cierre-de-ano-academico-2023-reconocimiento-a-la-excelencia-y-compromiso\/\" \/>\n<meta property=\"og:locale\" content=\"es_ES\" \/>\n<meta property=\"og:type\" content=\"article\" \/>\n<meta property=\"og:title\" content=\"Tecnolog\u00eda M\u00e9dica UDD realiz\u00f3 ceremonia de cierre de a\u00f1o acad\u00e9mico 2023: reconocimiento a la excelencia y compromiso - Tecnolog\u00eda M\u00e9dica\" \/>\n<meta property=\"og:description\" content=\"La carrera de Tecnolog\u00eda M\u00e9dica de la Facultad de Medicina Cl\u00ednica Alemana Universidad del Desarrollo celebr\u00f3 con gran solemnidad el cierre del a\u00f1o acad\u00e9mico 2023. La ceremonia cont\u00f3 con la distinguida presencia de directivos, docentes, estudiantes y destacados representantes del \u00e1mbito empresarial y cl\u00ednico. Como es costumbre, la directora de la carrera, TM. Mar\u00eda Adriana [&hellip;]\" \/>\n<meta property=\"og:url\" content=\"https:\/\/medicina.udd.cl\/tecnologia-medica-santiago\/noticias\/2024\/02\/12\/tecnologia-medica-udd-realizo-ceremonia-de-cierre-de-ano-academico-2023-reconocimiento-a-la-excelencia-y-compromiso\/\" \/>\n<meta property=\"og:site_name\" content=\"Tecnolog\u00eda M\u00e9dica\" \/>\n<meta property=\"article:published_time\" content=\"2024-02-12T14:01:05+00:00\" \/>\n<meta property=\"article:modified_time\" content=\"2024-02-14T18:16:16+00:00\" \/>\n<meta property=\"og:image\" content=\"https:\/\/medicina.udd.cl\/tecnologia-medica-santiago\/files\/2024\/02\/tm-cierre-de-ano-academico-2023-2.jpg\" \/>\n\t<meta property=\"og:image:width\" content=\"1600\" \/>\n\t<meta property=\"og:image:height\" content=\"1200\" \/>\n\t<meta property=\"og:image:type\" content=\"image\/jpeg\" \/>\n<meta name=\"author\" content=\"rbraidy\" \/>\n<meta name=\"twitter:label1\" content=\"Escrito por\" \/>\n\t<meta name=\"twitter:data1\" content=\"rbraidy\" \/>\n\t<meta name=\"twitter:label2\" content=\"Tiempo de lectura\" \/>\n\t<meta name=\"twitter:data2\" content=\"3 minutos\" \/>\n<script type=\"application\/ld+json\" class=\"yoast-schema-graph\">{\"@context\":\"https:\/\/schema.org\",\"@graph\":[{\"@type\":\"Article\",\"@id\":\"https:\/\/medicina.udd.cl\/tecnologia-medica-santiago\/noticias\/2024\/02\/12\/tecnologia-medica-udd-realizo-ceremonia-de-cierre-de-ano-academico-2023-reconocimiento-a-la-excelencia-y-compromiso\/#article\",\"isPartOf\":{\"@id\":\"https:\/\/medicina.udd.cl\/tecnologia-medica-santiago\/noticias\/2024\/02\/12\/tecnologia-medica-udd-realizo-ceremonia-de-cierre-de-ano-academico-2023-reconocimiento-a-la-excelencia-y-compromiso\/\"},\"author\":{\"name\":\"rbraidy\",\"@id\":\"https:\/\/medicina.udd.cl\/tecnologia-medica-santiago\/#\/schema\/person\/dbc3705bf3a93e8be1ba6de0ef950341\"},\"headline\":\"Tecnolog\u00eda M\u00e9dica UDD realiz\u00f3 ceremonia de cierre de a\u00f1o acad\u00e9mico 2023: reconocimiento a la excelencia y compromiso\",\"datePublished\":\"2024-02-12T14:01:05+00:00\",\"dateModified\":\"2024-02-14T18:16:16+00:00\",\"mainEntityOfPage\":{\"@id\":\"https:\/\/medicina.udd.cl\/tecnologia-medica-santiago\/noticias\/2024\/02\/12\/tecnologia-medica-udd-realizo-ceremonia-de-cierre-de-ano-academico-2023-reconocimiento-a-la-excelencia-y-compromiso\/\"},\"wordCount\":415,\"image\":{\"@id\":\"https:\/\/medicina.udd.cl\/tecnologia-medica-santiago\/noticias\/2024\/02\/12\/tecnologia-medica-udd-realizo-ceremonia-de-cierre-de-ano-academico-2023-reconocimiento-a-la-excelencia-y-compromiso\/#primaryimage\"},\"thumbnailUrl\":\"https:\/\/medicina.udd.cl\/tecnologia-medica-santiago\/files\/2024\/02\/tm-cierre-de-ano-academico-2023-2.jpg\",\"articleSection\":[\"Noticias\"],\"inLanguage\":\"es\"},{\"@type\":\"WebPage\",\"@id\":\"https:\/\/medicina.udd.cl\/tecnologia-medica-santiago\/noticias\/2024\/02\/12\/tecnologia-medica-udd-realizo-ceremonia-de-cierre-de-ano-academico-2023-reconocimiento-a-la-excelencia-y-compromiso\/\",\"url\":\"https:\/\/medicina.udd.cl\/tecnologia-medica-santiago\/noticias\/2024\/02\/12\/tecnologia-medica-udd-realizo-ceremonia-de-cierre-de-ano-academico-2023-reconocimiento-a-la-excelencia-y-compromiso\/\",\"name\":\"Tecnolog\u00eda M\u00e9dica UDD realiz\u00f3 ceremonia de cierre de a\u00f1o acad\u00e9mico 2023: reconocimiento a la excelencia y compromiso - Tecnolog\u00eda M\u00e9dica\",\"isPartOf\":{\"@id\":\"https:\/\/medicina.udd.cl\/tecnologia-medica-santiago\/#website\"},\"primaryImageOfPage\":{\"@id\":\"https:\/\/medicina.udd.cl\/tecnologia-medica-santiago\/noticias\/2024\/02\/12\/tecnologia-medica-udd-realizo-ceremonia-de-cierre-de-ano-academico-2023-reconocimiento-a-la-excelencia-y-compromiso\/#primaryimage\"},\"image\":{\"@id\":\"https:\/\/medicina.udd.cl\/tecnologia-medica-santiago\/noticias\/2024\/02\/12\/tecnologia-medica-udd-realizo-ceremonia-de-cierre-de-ano-academico-2023-reconocimiento-a-la-excelencia-y-compromiso\/#primaryimage\"},\"thumbnailUrl\":\"https:\/\/medicina.udd.cl\/tecnologia-medica-santiago\/files\/2024\/02\/tm-cierre-de-ano-academico-2023-2.jpg\",\"datePublished\":\"2024-02-12T14:01:05+00:00\",\"dateModified\":\"2024-02-14T18:16:16+00:00\",\"author\":{\"@id\":\"https:\/\/medicina.udd.cl\/tecnologia-medica-santiago\/#\/schema\/person\/dbc3705bf3a93e8be1ba6de0ef950341\"},\"breadcrumb\":{\"@id\":\"https:\/\/medicina.udd.cl\/tecnologia-medica-santiago\/noticias\/2024\/02\/12\/tecnologia-medica-udd-realizo-ceremonia-de-cierre-de-ano-academico-2023-reconocimiento-a-la-excelencia-y-compromiso\/#breadcrumb\"},\"inLanguage\":\"es\",\"potentialAction\":[{\"@type\":\"ReadAction\",\"target\":[\"https:\/\/medicina.udd.cl\/tecnologia-medica-santiago\/noticias\/2024\/02\/12\/tecnologia-medica-udd-realizo-ceremonia-de-cierre-de-ano-academico-2023-reconocimiento-a-la-excelencia-y-compromiso\/\"]}]},{\"@type\":\"ImageObject\",\"inLanguage\":\"es\",\"@id\":\"https:\/\/medicina.udd.cl\/tecnologia-medica-santiago\/noticias\/2024\/02\/12\/tecnologia-medica-udd-realizo-ceremonia-de-cierre-de-ano-academico-2023-reconocimiento-a-la-excelencia-y-compromiso\/#primaryimage\",\"url\":\"https:\/\/medicina.udd.cl\/tecnologia-medica-santiago\/files\/2024\/02\/tm-cierre-de-ano-academico-2023-2.jpg\",\"contentUrl\":\"https:\/\/medicina.udd.cl\/tecnologia-medica-santiago\/files\/2024\/02\/tm-cierre-de-ano-academico-2023-2.jpg\",\"width\":1600,\"height\":1200,\"caption\":\"Mar\u00eda Adriana Parra, Robinson Arias y Guislaine Aldana\"},{\"@type\":\"BreadcrumbList\",\"@id\":\"https:\/\/medicina.udd.cl\/tecnologia-medica-santiago\/noticias\/2024\/02\/12\/tecnologia-medica-udd-realizo-ceremonia-de-cierre-de-ano-academico-2023-reconocimiento-a-la-excelencia-y-compromiso\/#breadcrumb\",\"itemListElement\":[{\"@type\":\"ListItem\",\"position\":1,\"name\":\"Home\",\"item\":\"https:\/\/medicina.udd.cl\/tecnologia-medica-santiago\/\"},{\"@type\":\"ListItem\",\"position\":2,\"name\":\"Tecnolog\u00eda M\u00e9dica UDD realiz\u00f3 ceremonia de cierre de a\u00f1o acad\u00e9mico 2023: reconocimiento a la excelencia y compromiso\"}]},{\"@type\":\"WebSite\",\"@id\":\"https:\/\/medicina.udd.cl\/tecnologia-medica-santiago\/#website\",\"url\":\"https:\/\/medicina.udd.cl\/tecnologia-medica-santiago\/\",\"name\":\"Tecnolog\u00eda M\u00e9dica\",\"description\":\"Facultad de Medicina Cl\u00ednica Alemana Universidad del Desarrollo\",\"inLanguage\":\"es\"},{\"@type\":\"Person\",\"@id\":\"https:\/\/medicina.udd.cl\/tecnologia-medica-santiago\/#\/schema\/person\/dbc3705bf3a93e8be1ba6de0ef950341\",\"name\":\"rbraidy\",\"image\":{\"@type\":\"ImageObject\",\"inLanguage\":\"es\",\"@id\":\"https:\/\/medicina.udd.cl\/tecnologia-medica-santiago\/#\/schema\/person\/image\/\",\"url\":\"https:\/\/secure.gravatar.com\/avatar\/0f8bc94637401590e45d2ce17eb65c274cb8870a219de6177f3f23e63fd8cdf3?s=96&d=mm&r=g\",\"contentUrl\":\"https:\/\/secure.gravatar.com\/avatar\/0f8bc94637401590e45d2ce17eb65c274cb8870a219de6177f3f23e63fd8cdf3?s=96&d=mm&r=g\",\"caption\":\"rbraidy\"},\"url\":\"https:\/\/medicina.udd.cl\/tecnologia-medica-santiago\/noticias\/author\/rbraidy\/\"}]}<\/script>\n<!-- \/ Yoast SEO plugin. -->","yoast_head_json":{"title":"Tecnolog\u00eda M\u00e9dica UDD realiz\u00f3 ceremonia de cierre de a\u00f1o acad\u00e9mico 2023: reconocimiento a la excelencia y compromiso - Tecnolog\u00eda M\u00e9dica","robots":{"index":"index","follow":"follow","max-snippet":"max-snippet:-1","max-image-preview":"max-image-preview:large","max-video-preview":"max-video-preview:-1"},"canonical":"https:\/\/medicina.udd.cl\/tecnologia-medica-santiago\/noticias\/2024\/02\/12\/tecnologia-medica-udd-realizo-ceremonia-de-cierre-de-ano-academico-2023-reconocimiento-a-la-excelencia-y-compromiso\/","og_locale":"es_ES","og_type":"article","og_title":"Tecnolog\u00eda M\u00e9dica UDD realiz\u00f3 ceremonia de cierre de a\u00f1o acad\u00e9mico 2023: reconocimiento a la excelencia y compromiso - Tecnolog\u00eda M\u00e9dica","og_description":"La carrera de Tecnolog\u00eda M\u00e9dica de la Facultad de Medicina Cl\u00ednica Alemana Universidad del Desarrollo celebr\u00f3 con gran solemnidad el cierre del a\u00f1o acad\u00e9mico 2023. La ceremonia cont\u00f3 con la distinguida presencia de directivos, docentes, estudiantes y destacados representantes del \u00e1mbito empresarial y cl\u00ednico. Como es costumbre, la directora de la carrera, TM. Mar\u00eda Adriana [&hellip;]","og_url":"https:\/\/medicina.udd.cl\/tecnologia-medica-santiago\/noticias\/2024\/02\/12\/tecnologia-medica-udd-realizo-ceremonia-de-cierre-de-ano-academico-2023-reconocimiento-a-la-excelencia-y-compromiso\/","og_site_name":"Tecnolog\u00eda M\u00e9dica","article_published_time":"2024-02-12T14:01:05+00:00","article_modified_time":"2024-02-14T18:16:16+00:00","og_image":[{"width":1600,"height":1200,"url":"https:\/\/medicina.udd.cl\/tecnologia-medica-santiago\/files\/2024\/02\/tm-cierre-de-ano-academico-2023-2.jpg","type":"image\/jpeg"}],"author":"rbraidy","twitter_misc":{"Escrito por":"rbraidy","Tiempo de lectura":"3 minutos"},"schema":{"@context":"https:\/\/schema.org","@graph":[{"@type":"Article","@id":"https:\/\/medicina.udd.cl\/tecnologia-medica-santiago\/noticias\/2024\/02\/12\/tecnologia-medica-udd-realizo-ceremonia-de-cierre-de-ano-academico-2023-reconocimiento-a-la-excelencia-y-compromiso\/#article","isPartOf":{"@id":"https:\/\/medicina.udd.cl\/tecnologia-medica-santiago\/noticias\/2024\/02\/12\/tecnologia-medica-udd-realizo-ceremonia-de-cierre-de-ano-academico-2023-reconocimiento-a-la-excelencia-y-compromiso\/"},"author":{"name":"rbraidy","@id":"https:\/\/medicina.udd.cl\/tecnologia-medica-santiago\/#\/schema\/person\/dbc3705bf3a93e8be1ba6de0ef950341"},"headline":"Tecnolog\u00eda M\u00e9dica UDD realiz\u00f3 ceremonia de cierre de a\u00f1o acad\u00e9mico 2023: reconocimiento a la excelencia y compromiso","datePublished":"2024-02-12T14:01:05+00:00","dateModified":"2024-02-14T18:16:16+00:00","mainEntityOfPage":{"@id":"https:\/\/medicina.udd.cl\/tecnologia-medica-santiago\/noticias\/2024\/02\/12\/tecnologia-medica-udd-realizo-ceremonia-de-cierre-de-ano-academico-2023-reconocimiento-a-la-excelencia-y-compromiso\/"},"wordCount":415,"image":{"@id":"https:\/\/medicina.udd.cl\/tecnologia-medica-santiago\/noticias\/2024\/02\/12\/tecnologia-medica-udd-realizo-ceremonia-de-cierre-de-ano-academico-2023-reconocimiento-a-la-excelencia-y-compromiso\/#primaryimage"},"thumbnailUrl":"https:\/\/medicina.udd.cl\/tecnologia-medica-santiago\/files\/2024\/02\/tm-cierre-de-ano-academico-2023-2.jpg","articleSection":["Noticias"],"inLanguage":"es"},{"@type":"WebPage","@id":"https:\/\/medicina.udd.cl\/tecnologia-medica-santiago\/noticias\/2024\/02\/12\/tecnologia-medica-udd-realizo-ceremonia-de-cierre-de-ano-academico-2023-reconocimiento-a-la-excelencia-y-compromiso\/","url":"https:\/\/medicina.udd.cl\/tecnologia-medica-santiago\/noticias\/2024\/02\/12\/tecnologia-medica-udd-realizo-ceremonia-de-cierre-de-ano-academico-2023-reconocimiento-a-la-excelencia-y-compromiso\/","name":"Tecnolog\u00eda M\u00e9dica UDD realiz\u00f3 ceremonia de cierre de a\u00f1o acad\u00e9mico 2023: reconocimiento a la excelencia y compromiso - Tecnolog\u00eda M\u00e9dica","isPartOf":{"@id":"https:\/\/medicina.udd.cl\/tecnologia-medica-santiago\/#website"},"primaryImageOfPage":{"@id":"https:\/\/medicina.udd.cl\/tecnologia-medica-santiago\/noticias\/2024\/02\/12\/tecnologia-medica-udd-realizo-ceremonia-de-cierre-de-ano-academico-2023-reconocimiento-a-la-excelencia-y-compromiso\/#primaryimage"},"image":{"@id":"https:\/\/medicina.udd.cl\/tecnologia-medica-santiago\/noticias\/2024\/02\/12\/tecnologia-medica-udd-realizo-ceremonia-de-cierre-de-ano-academico-2023-reconocimiento-a-la-excelencia-y-compromiso\/#primaryimage"},"thumbnailUrl":"https:\/\/medicina.udd.cl\/tecnologia-medica-santiago\/files\/2024\/02\/tm-cierre-de-ano-academico-2023-2.jpg","datePublished":"2024-02-12T14:01:05+00:00","dateModified":"2024-02-14T18:16:16+00:00","author":{"@id":"https:\/\/medicina.udd.cl\/tecnologia-medica-santiago\/#\/schema\/person\/dbc3705bf3a93e8be1ba6de0ef950341"},"breadcrumb":{"@id":"https:\/\/medicina.udd.cl\/tecnologia-medica-santiago\/noticias\/2024\/02\/12\/tecnologia-medica-udd-realizo-ceremonia-de-cierre-de-ano-academico-2023-reconocimiento-a-la-excelencia-y-compromiso\/#breadcrumb"},"inLanguage":"es","potentialAction":[{"@type":"ReadAction","target":["https:\/\/medicina.udd.cl\/tecnologia-medica-santiago\/noticias\/2024\/02\/12\/tecnologia-medica-udd-realizo-ceremonia-de-cierre-de-ano-academico-2023-reconocimiento-a-la-excelencia-y-compromiso\/"]}]},{"@type":"ImageObject","inLanguage":"es","@id":"https:\/\/medicina.udd.cl\/tecnologia-medica-santiago\/noticias\/2024\/02\/12\/tecnologia-medica-udd-realizo-ceremonia-de-cierre-de-ano-academico-2023-reconocimiento-a-la-excelencia-y-compromiso\/#primaryimage","url":"https:\/\/medicina.udd.cl\/tecnologia-medica-santiago\/files\/2024\/02\/tm-cierre-de-ano-academico-2023-2.jpg","contentUrl":"https:\/\/medicina.udd.cl\/tecnologia-medica-santiago\/files\/2024\/02\/tm-cierre-de-ano-academico-2023-2.jpg","width":1600,"height":1200,"caption":"Mar\u00eda Adriana Parra, Robinson Arias y Guislaine Aldana"},{"@type":"BreadcrumbList","@id":"https:\/\/medicina.udd.cl\/tecnologia-medica-santiago\/noticias\/2024\/02\/12\/tecnologia-medica-udd-realizo-ceremonia-de-cierre-de-ano-academico-2023-reconocimiento-a-la-excelencia-y-compromiso\/#breadcrumb","itemListElement":[{"@type":"ListItem","position":1,"name":"Home","item":"https:\/\/medicina.udd.cl\/tecnologia-medica-santiago\/"},{"@type":"ListItem","position":2,"name":"Tecnolog\u00eda M\u00e9dica UDD realiz\u00f3 ceremonia de cierre de a\u00f1o acad\u00e9mico 2023: reconocimiento a la excelencia y compromiso"}]},{"@type":"WebSite","@id":"https:\/\/medicina.udd.cl\/tecnologia-medica-santiago\/#website","url":"https:\/\/medicina.udd.cl\/tecnologia-medica-santiago\/","name":"Tecnolog\u00eda M\u00e9dica","description":"Facultad de Medicina Cl\u00ednica Alemana Universidad del Desarrollo","inLanguage":"es"},{"@type":"Person","@id":"https:\/\/medicina.udd.cl\/tecnologia-medica-santiago\/#\/schema\/person\/dbc3705bf3a93e8be1ba6de0ef950341","name":"rbraidy","image":{"@type":"ImageObject","inLanguage":"es","@id":"https:\/\/medicina.udd.cl\/tecnologia-medica-santiago\/#\/schema\/person\/image\/","url":"https:\/\/secure.gravatar.com\/avatar\/0f8bc94637401590e45d2ce17eb65c274cb8870a219de6177f3f23e63fd8cdf3?s=96&d=mm&r=g","contentUrl":"https:\/\/secure.gravatar.com\/avatar\/0f8bc94637401590e45d2ce17eb65c274cb8870a219de6177f3f23e63fd8cdf3?s=96&d=mm&r=g","caption":"rbraidy"},"url":"https:\/\/medicina.udd.cl\/tecnologia-medica-santiago\/noticias\/author\/rbraidy\/"}]}},"featured_image_url":"https:\/\/medicina.udd.cl\/tecnologia-medica-santiago\/files\/2024\/02\/tm-cierre-de-ano-academico-2023-2.jpg","_links":{"self":[{"href":"https:\/\/medicina.udd.cl\/tecnologia-medica-santiago\/wp-json\/wp\/v2\/posts\/8601","targetHints":{"allow":["GET"]}}],"collection":[{"href":"https:\/\/medicina.udd.cl\/tecnologia-medica-santiago\/wp-json\/wp\/v2\/posts"}],"about":[{"href":"https:\/\/medicina.udd.cl\/tecnologia-medica-santiago\/wp-json\/wp\/v2\/types\/post"}],"author":[{"embeddable":true,"href":"https:\/\/medicina.udd.cl\/tecnologia-medica-santiago\/wp-json\/wp\/v2\/users\/9192219"}],"replies":[{"embeddable":true,"href":"https:\/\/medicina.udd.cl\/tecnologia-medica-santiago\/wp-json\/wp\/v2\/comments?post=8601"}],"version-history":[{"count":2,"href":"https:\/\/medicina.udd.cl\/tecnologia-medica-santiago\/wp-json\/wp\/v2\/posts\/8601\/revisions"}],"predecessor-version":[{"id":8640,"href":"https:\/\/medicina.udd.cl\/tecnologia-medica-santiago\/wp-json\/wp\/v2\/posts\/8601\/revisions\/8640"}],"wp:featuredmedia":[{"embeddable":true,"href":"https:\/\/medicina.udd.cl\/tecnologia-medica-santiago\/wp-json\/wp\/v2\/media\/8607"}],"wp:attachment":[{"href":"https:\/\/medicina.udd.cl\/tecnologia-medica-santiago\/wp-json\/wp\/v2\/media?parent=8601"}],"wp:term":[{"taxonomy":"category","embeddable":true,"href":"https:\/\/medicina.udd.cl\/tecnologia-medica-santiago\/wp-json\/wp\/v2\/categories?post=8601"},{"taxonomy":"post_tag","embeddable":true,"href":"https:\/\/medicina.udd.cl\/tecnologia-medica-santiago\/wp-json\/wp\/v2\/tags?post=8601"}],"curies":[{"name":"wp","href":"https:\/\/api.w.org\/{rel}","templated":true}]}}