{"id":8979,"date":"2024-04-24T17:50:03","date_gmt":"2024-04-24T21:50:03","guid":{"rendered":"https:\/\/medicina.udd.cl\/tecnologia-medica-santiago\/?p=8979"},"modified":"2024-04-24T17:50:05","modified_gmt":"2024-04-24T21:50:05","slug":"estudiantes-de-tecnologia-medica-udd-celebran-ceremonia-de-investidura","status":"publish","type":"post","link":"https:\/\/medicina.udd.cl\/tecnologia-medica-santiago\/noticias\/2024\/04\/24\/estudiantes-de-tecnologia-medica-udd-celebran-ceremonia-de-investidura\/","title":{"rendered":"Estudiantes de Tecnolog\u00eda M\u00e9dica UDD celebran Ceremonia de Investidura\u00a0"},"content":{"rendered":"\n<figure class=\"wp-block-image aligncenter size-large\"><a href=\"https:\/\/medicina.udd.cl\/tecnologia-medica-santiago\/files\/2024\/04\/tm-investidura-2024-1-scaled.jpg\"><img loading=\"lazy\" decoding=\"async\" width=\"1024\" height=\"683\" src=\"https:\/\/medicina.udd.cl\/tecnologia-medica-santiago\/files\/2024\/04\/tm-investidura-2024-1-1024x683.jpg\" alt=\"\" class=\"wp-image-8982\" srcset=\"https:\/\/medicina.udd.cl\/tecnologia-medica-santiago\/files\/2024\/04\/tm-investidura-2024-1-1024x683.jpg 1024w, https:\/\/medicina.udd.cl\/tecnologia-medica-santiago\/files\/2024\/04\/tm-investidura-2024-1-300x200.jpg 300w, https:\/\/medicina.udd.cl\/tecnologia-medica-santiago\/files\/2024\/04\/tm-investidura-2024-1-768x512.jpg 768w, https:\/\/medicina.udd.cl\/tecnologia-medica-santiago\/files\/2024\/04\/tm-investidura-2024-1-1536x1024.jpg 1536w, https:\/\/medicina.udd.cl\/tecnologia-medica-santiago\/files\/2024\/04\/tm-investidura-2024-1-2048x1365.jpg 2048w\" sizes=\"auto, (max-width: 1024px) 100vw, 1024px\" \/><\/a><\/figure>\n\n\n\n<p>Con la presencia de sus padres, autoridades, docentes y compa\u00f1eros, los estudiantes de Tecnolog\u00eda M\u00e9dica de la Facultad de Medicina Cl\u00ednica Alemana Universidad del Desarrollo (UDD) celebraron la ceremonia de investidura. Este evento marc\u00f3 un hito significativo en el camino de estos j\u00f3venes hacia su formaci\u00f3n profesional, ya que por primera vez vistieron sus uniformes, simbolizando el inicio de sus actividades pr\u00e1cticas en laboratorios, cl\u00ednicas, hospitales y centros de atenci\u00f3n primaria.&nbsp;<\/p>\n\n\n\n<p>La Dra. Marcela Castillo, decana de la Facultad de Medicina Cl\u00ednica Alemana Universidad del Desarrollo, encabez\u00f3 la ceremonia y destac\u00f3 la importancia de \u00e9sta: \u00ab<em>Realizamos esta ceremonia para marcar el s\u00edmbolo del avance al trabajo profesional en los campos cl\u00ednicos. Vistiendo este hermoso uniforme, marcamos lo que ser\u00e1 el comienzo de la mejor parte de su formaci\u00f3n\u00bb.&nbsp;&nbsp;<\/em><\/p>\n\n\n\n<p>La tecn\u00f3loga m\u00e9dica Mar\u00eda Adriana Parra, directora de la carrera, comparti\u00f3 palabras de aliento y reflexi\u00f3n con los estudiantes:&nbsp;<em>\u00abTengo la certeza que algunas veces llegar\u00e1n felices a sus casas por lo aprendido y por los resultados que han obtenido en sus ex\u00e1menes o procedimientos diagn\u00f3sticos, pero otras veces llegar\u00e1n tristes, recordando la cara de dolor y desesperaci\u00f3n de un paciente enfermo o el resultado de un examen o procedimiento realizado de mal pron\u00f3stico. En ocasiones ver\u00e1n reflejado en estos pacientes o en sus muestras lo que viven o han vivido cada uno con familiares o amigos\u2026 es la vida y tendr\u00e1n que estar preparados para eso\u00bb.&nbsp;<\/em><\/p>\n\n\n\n<p>Mayra Tapia, presidenta del Centro de Alumnos, inst\u00f3 a sus compa\u00f1eros a aprovechar al m\u00e1ximo esta etapa que est\u00e1n comenzando, mientras que los coordinadores de cada especialidad de la carrera presentaron a los estudiantes que fueron investidos en la ceremonia.&nbsp;<\/p>\n\n\n\n<p>Finalmente, el padre Andr\u00e9s Poblete brind\u00f3 una bendici\u00f3n a los futuros tecn\u00f3logos m\u00e9dicos, record\u00e1ndoles la importancia de compartir los dones recibidos. La investidura de los estudiantes de Tecnolog\u00eda M\u00e9dica de la UDD marca el inicio de un emocionante y comprometido camino hacia una profesi\u00f3n dedicada al cuidado de la salud y el bienestar de las personas.&nbsp;<\/p>\n","protected":false},"excerpt":{"rendered":"<p>Con la presencia de sus padres, autoridades, docentes y compa\u00f1eros, los estudiantes de Tecnolog\u00eda M\u00e9dica de la Facultad de Medicina Cl\u00ednica Alemana Universidad del Desarrollo (UDD) celebraron la ceremonia de investidura. Este evento marc\u00f3 un hito significativo en el camino de estos j\u00f3venes hacia su formaci\u00f3n profesional, ya que por primera vez vistieron sus uniformes, [&hellip;]<\/p>\n","protected":false},"author":9192219,"featured_media":8982,"comment_status":"closed","ping_status":"open","sticky":false,"template":"","format":"standard","meta":{"footnotes":""},"categories":[4],"tags":[],"class_list":["post-8979","post","type-post","status-publish","format-standard","has-post-thumbnail","hentry","category-noticias"],"yoast_head":"<!-- This site is optimized with the Yoast SEO plugin v26.9 - https:\/\/yoast.com\/product\/yoast-seo-wordpress\/ -->\n<title>Estudiantes de Tecnolog\u00eda M\u00e9dica UDD celebran Ceremonia de Investidura\u00a0 - Tecnolog\u00eda M\u00e9dica<\/title>\n<meta name=\"robots\" content=\"index, follow, max-snippet:-1, max-image-preview:large, max-video-preview:-1\" \/>\n<link rel=\"canonical\" href=\"https:\/\/medicina.udd.cl\/tecnologia-medica-santiago\/noticias\/2024\/04\/24\/estudiantes-de-tecnologia-medica-udd-celebran-ceremonia-de-investidura\/\" \/>\n<meta property=\"og:locale\" content=\"es_ES\" \/>\n<meta property=\"og:type\" content=\"article\" \/>\n<meta property=\"og:title\" content=\"Estudiantes de Tecnolog\u00eda M\u00e9dica UDD celebran Ceremonia de Investidura\u00a0 - Tecnolog\u00eda M\u00e9dica\" \/>\n<meta property=\"og:description\" content=\"Con la presencia de sus padres, autoridades, docentes y compa\u00f1eros, los estudiantes de Tecnolog\u00eda M\u00e9dica de la Facultad de Medicina Cl\u00ednica Alemana Universidad del Desarrollo (UDD) celebraron la ceremonia de investidura. Este evento marc\u00f3 un hito significativo en el camino de estos j\u00f3venes hacia su formaci\u00f3n profesional, ya que por primera vez vistieron sus uniformes, [&hellip;]\" \/>\n<meta property=\"og:url\" content=\"https:\/\/medicina.udd.cl\/tecnologia-medica-santiago\/noticias\/2024\/04\/24\/estudiantes-de-tecnologia-medica-udd-celebran-ceremonia-de-investidura\/\" \/>\n<meta property=\"og:site_name\" content=\"Tecnolog\u00eda M\u00e9dica\" \/>\n<meta property=\"article:published_time\" content=\"2024-04-24T21:50:03+00:00\" \/>\n<meta property=\"article:modified_time\" content=\"2024-04-24T21:50:05+00:00\" \/>\n<meta property=\"og:image\" content=\"https:\/\/medicina.udd.cl\/tecnologia-medica-santiago\/files\/2024\/04\/tm-investidura-2024-1-scaled.jpg\" \/>\n\t<meta property=\"og:image:width\" content=\"2560\" \/>\n\t<meta property=\"og:image:height\" content=\"1707\" \/>\n\t<meta property=\"og:image:type\" content=\"image\/jpeg\" \/>\n<meta name=\"author\" content=\"rbraidy\" \/>\n<meta name=\"twitter:label1\" content=\"Escrito por\" \/>\n\t<meta name=\"twitter:data1\" content=\"rbraidy\" \/>\n\t<meta name=\"twitter:label2\" content=\"Tiempo de lectura\" \/>\n\t<meta name=\"twitter:data2\" content=\"2 minutos\" \/>\n<script type=\"application\/ld+json\" class=\"yoast-schema-graph\">{\"@context\":\"https:\/\/schema.org\",\"@graph\":[{\"@type\":\"Article\",\"@id\":\"https:\/\/medicina.udd.cl\/tecnologia-medica-santiago\/noticias\/2024\/04\/24\/estudiantes-de-tecnologia-medica-udd-celebran-ceremonia-de-investidura\/#article\",\"isPartOf\":{\"@id\":\"https:\/\/medicina.udd.cl\/tecnologia-medica-santiago\/noticias\/2024\/04\/24\/estudiantes-de-tecnologia-medica-udd-celebran-ceremonia-de-investidura\/\"},\"author\":{\"name\":\"rbraidy\",\"@id\":\"https:\/\/medicina.udd.cl\/tecnologia-medica-santiago\/#\/schema\/person\/dbc3705bf3a93e8be1ba6de0ef950341\"},\"headline\":\"Estudiantes de Tecnolog\u00eda M\u00e9dica UDD celebran Ceremonia de Investidura\u00a0\",\"datePublished\":\"2024-04-24T21:50:03+00:00\",\"dateModified\":\"2024-04-24T21:50:05+00:00\",\"mainEntityOfPage\":{\"@id\":\"https:\/\/medicina.udd.cl\/tecnologia-medica-santiago\/noticias\/2024\/04\/24\/estudiantes-de-tecnologia-medica-udd-celebran-ceremonia-de-investidura\/\"},\"wordCount\":385,\"image\":{\"@id\":\"https:\/\/medicina.udd.cl\/tecnologia-medica-santiago\/noticias\/2024\/04\/24\/estudiantes-de-tecnologia-medica-udd-celebran-ceremonia-de-investidura\/#primaryimage\"},\"thumbnailUrl\":\"https:\/\/medicina.udd.cl\/tecnologia-medica-santiago\/files\/2024\/04\/tm-investidura-2024-1-scaled.jpg\",\"articleSection\":[\"Noticias\"],\"inLanguage\":\"es\"},{\"@type\":\"WebPage\",\"@id\":\"https:\/\/medicina.udd.cl\/tecnologia-medica-santiago\/noticias\/2024\/04\/24\/estudiantes-de-tecnologia-medica-udd-celebran-ceremonia-de-investidura\/\",\"url\":\"https:\/\/medicina.udd.cl\/tecnologia-medica-santiago\/noticias\/2024\/04\/24\/estudiantes-de-tecnologia-medica-udd-celebran-ceremonia-de-investidura\/\",\"name\":\"Estudiantes de Tecnolog\u00eda M\u00e9dica UDD celebran Ceremonia de Investidura\u00a0 - Tecnolog\u00eda M\u00e9dica\",\"isPartOf\":{\"@id\":\"https:\/\/medicina.udd.cl\/tecnologia-medica-santiago\/#website\"},\"primaryImageOfPage\":{\"@id\":\"https:\/\/medicina.udd.cl\/tecnologia-medica-santiago\/noticias\/2024\/04\/24\/estudiantes-de-tecnologia-medica-udd-celebran-ceremonia-de-investidura\/#primaryimage\"},\"image\":{\"@id\":\"https:\/\/medicina.udd.cl\/tecnologia-medica-santiago\/noticias\/2024\/04\/24\/estudiantes-de-tecnologia-medica-udd-celebran-ceremonia-de-investidura\/#primaryimage\"},\"thumbnailUrl\":\"https:\/\/medicina.udd.cl\/tecnologia-medica-santiago\/files\/2024\/04\/tm-investidura-2024-1-scaled.jpg\",\"datePublished\":\"2024-04-24T21:50:03+00:00\",\"dateModified\":\"2024-04-24T21:50:05+00:00\",\"author\":{\"@id\":\"https:\/\/medicina.udd.cl\/tecnologia-medica-santiago\/#\/schema\/person\/dbc3705bf3a93e8be1ba6de0ef950341\"},\"breadcrumb\":{\"@id\":\"https:\/\/medicina.udd.cl\/tecnologia-medica-santiago\/noticias\/2024\/04\/24\/estudiantes-de-tecnologia-medica-udd-celebran-ceremonia-de-investidura\/#breadcrumb\"},\"inLanguage\":\"es\",\"potentialAction\":[{\"@type\":\"ReadAction\",\"target\":[\"https:\/\/medicina.udd.cl\/tecnologia-medica-santiago\/noticias\/2024\/04\/24\/estudiantes-de-tecnologia-medica-udd-celebran-ceremonia-de-investidura\/\"]}]},{\"@type\":\"ImageObject\",\"inLanguage\":\"es\",\"@id\":\"https:\/\/medicina.udd.cl\/tecnologia-medica-santiago\/noticias\/2024\/04\/24\/estudiantes-de-tecnologia-medica-udd-celebran-ceremonia-de-investidura\/#primaryimage\",\"url\":\"https:\/\/medicina.udd.cl\/tecnologia-medica-santiago\/files\/2024\/04\/tm-investidura-2024-1-scaled.jpg\",\"contentUrl\":\"https:\/\/medicina.udd.cl\/tecnologia-medica-santiago\/files\/2024\/04\/tm-investidura-2024-1-scaled.jpg\",\"width\":2560,\"height\":1707},{\"@type\":\"BreadcrumbList\",\"@id\":\"https:\/\/medicina.udd.cl\/tecnologia-medica-santiago\/noticias\/2024\/04\/24\/estudiantes-de-tecnologia-medica-udd-celebran-ceremonia-de-investidura\/#breadcrumb\",\"itemListElement\":[{\"@type\":\"ListItem\",\"position\":1,\"name\":\"Home\",\"item\":\"https:\/\/medicina.udd.cl\/tecnologia-medica-santiago\/\"},{\"@type\":\"ListItem\",\"position\":2,\"name\":\"Estudiantes de Tecnolog\u00eda M\u00e9dica UDD celebran Ceremonia de Investidura\u00a0\"}]},{\"@type\":\"WebSite\",\"@id\":\"https:\/\/medicina.udd.cl\/tecnologia-medica-santiago\/#website\",\"url\":\"https:\/\/medicina.udd.cl\/tecnologia-medica-santiago\/\",\"name\":\"Tecnolog\u00eda M\u00e9dica\",\"description\":\"Facultad de Medicina Cl\u00ednica Alemana Universidad del Desarrollo\",\"inLanguage\":\"es\"},{\"@type\":\"Person\",\"@id\":\"https:\/\/medicina.udd.cl\/tecnologia-medica-santiago\/#\/schema\/person\/dbc3705bf3a93e8be1ba6de0ef950341\",\"name\":\"rbraidy\",\"image\":{\"@type\":\"ImageObject\",\"inLanguage\":\"es\",\"@id\":\"https:\/\/medicina.udd.cl\/tecnologia-medica-santiago\/#\/schema\/person\/image\/\",\"url\":\"https:\/\/secure.gravatar.com\/avatar\/0f8bc94637401590e45d2ce17eb65c274cb8870a219de6177f3f23e63fd8cdf3?s=96&d=mm&r=g\",\"contentUrl\":\"https:\/\/secure.gravatar.com\/avatar\/0f8bc94637401590e45d2ce17eb65c274cb8870a219de6177f3f23e63fd8cdf3?s=96&d=mm&r=g\",\"caption\":\"rbraidy\"},\"url\":\"https:\/\/medicina.udd.cl\/tecnologia-medica-santiago\/noticias\/author\/rbraidy\/\"}]}<\/script>\n<!-- \/ Yoast SEO plugin. -->","yoast_head_json":{"title":"Estudiantes de Tecnolog\u00eda M\u00e9dica UDD celebran Ceremonia de Investidura\u00a0 - Tecnolog\u00eda M\u00e9dica","robots":{"index":"index","follow":"follow","max-snippet":"max-snippet:-1","max-image-preview":"max-image-preview:large","max-video-preview":"max-video-preview:-1"},"canonical":"https:\/\/medicina.udd.cl\/tecnologia-medica-santiago\/noticias\/2024\/04\/24\/estudiantes-de-tecnologia-medica-udd-celebran-ceremonia-de-investidura\/","og_locale":"es_ES","og_type":"article","og_title":"Estudiantes de Tecnolog\u00eda M\u00e9dica UDD celebran Ceremonia de Investidura\u00a0 - Tecnolog\u00eda M\u00e9dica","og_description":"Con la presencia de sus padres, autoridades, docentes y compa\u00f1eros, los estudiantes de Tecnolog\u00eda M\u00e9dica de la Facultad de Medicina Cl\u00ednica Alemana Universidad del Desarrollo (UDD) celebraron la ceremonia de investidura. Este evento marc\u00f3 un hito significativo en el camino de estos j\u00f3venes hacia su formaci\u00f3n profesional, ya que por primera vez vistieron sus uniformes, [&hellip;]","og_url":"https:\/\/medicina.udd.cl\/tecnologia-medica-santiago\/noticias\/2024\/04\/24\/estudiantes-de-tecnologia-medica-udd-celebran-ceremonia-de-investidura\/","og_site_name":"Tecnolog\u00eda M\u00e9dica","article_published_time":"2024-04-24T21:50:03+00:00","article_modified_time":"2024-04-24T21:50:05+00:00","og_image":[{"width":2560,"height":1707,"url":"https:\/\/medicina.udd.cl\/tecnologia-medica-santiago\/files\/2024\/04\/tm-investidura-2024-1-scaled.jpg","type":"image\/jpeg"}],"author":"rbraidy","twitter_misc":{"Escrito por":"rbraidy","Tiempo de lectura":"2 minutos"},"schema":{"@context":"https:\/\/schema.org","@graph":[{"@type":"Article","@id":"https:\/\/medicina.udd.cl\/tecnologia-medica-santiago\/noticias\/2024\/04\/24\/estudiantes-de-tecnologia-medica-udd-celebran-ceremonia-de-investidura\/#article","isPartOf":{"@id":"https:\/\/medicina.udd.cl\/tecnologia-medica-santiago\/noticias\/2024\/04\/24\/estudiantes-de-tecnologia-medica-udd-celebran-ceremonia-de-investidura\/"},"author":{"name":"rbraidy","@id":"https:\/\/medicina.udd.cl\/tecnologia-medica-santiago\/#\/schema\/person\/dbc3705bf3a93e8be1ba6de0ef950341"},"headline":"Estudiantes de Tecnolog\u00eda M\u00e9dica UDD celebran Ceremonia de Investidura\u00a0","datePublished":"2024-04-24T21:50:03+00:00","dateModified":"2024-04-24T21:50:05+00:00","mainEntityOfPage":{"@id":"https:\/\/medicina.udd.cl\/tecnologia-medica-santiago\/noticias\/2024\/04\/24\/estudiantes-de-tecnologia-medica-udd-celebran-ceremonia-de-investidura\/"},"wordCount":385,"image":{"@id":"https:\/\/medicina.udd.cl\/tecnologia-medica-santiago\/noticias\/2024\/04\/24\/estudiantes-de-tecnologia-medica-udd-celebran-ceremonia-de-investidura\/#primaryimage"},"thumbnailUrl":"https:\/\/medicina.udd.cl\/tecnologia-medica-santiago\/files\/2024\/04\/tm-investidura-2024-1-scaled.jpg","articleSection":["Noticias"],"inLanguage":"es"},{"@type":"WebPage","@id":"https:\/\/medicina.udd.cl\/tecnologia-medica-santiago\/noticias\/2024\/04\/24\/estudiantes-de-tecnologia-medica-udd-celebran-ceremonia-de-investidura\/","url":"https:\/\/medicina.udd.cl\/tecnologia-medica-santiago\/noticias\/2024\/04\/24\/estudiantes-de-tecnologia-medica-udd-celebran-ceremonia-de-investidura\/","name":"Estudiantes de Tecnolog\u00eda M\u00e9dica UDD celebran Ceremonia de Investidura\u00a0 - Tecnolog\u00eda M\u00e9dica","isPartOf":{"@id":"https:\/\/medicina.udd.cl\/tecnologia-medica-santiago\/#website"},"primaryImageOfPage":{"@id":"https:\/\/medicina.udd.cl\/tecnologia-medica-santiago\/noticias\/2024\/04\/24\/estudiantes-de-tecnologia-medica-udd-celebran-ceremonia-de-investidura\/#primaryimage"},"image":{"@id":"https:\/\/medicina.udd.cl\/tecnologia-medica-santiago\/noticias\/2024\/04\/24\/estudiantes-de-tecnologia-medica-udd-celebran-ceremonia-de-investidura\/#primaryimage"},"thumbnailUrl":"https:\/\/medicina.udd.cl\/tecnologia-medica-santiago\/files\/2024\/04\/tm-investidura-2024-1-scaled.jpg","datePublished":"2024-04-24T21:50:03+00:00","dateModified":"2024-04-24T21:50:05+00:00","author":{"@id":"https:\/\/medicina.udd.cl\/tecnologia-medica-santiago\/#\/schema\/person\/dbc3705bf3a93e8be1ba6de0ef950341"},"breadcrumb":{"@id":"https:\/\/medicina.udd.cl\/tecnologia-medica-santiago\/noticias\/2024\/04\/24\/estudiantes-de-tecnologia-medica-udd-celebran-ceremonia-de-investidura\/#breadcrumb"},"inLanguage":"es","potentialAction":[{"@type":"ReadAction","target":["https:\/\/medicina.udd.cl\/tecnologia-medica-santiago\/noticias\/2024\/04\/24\/estudiantes-de-tecnologia-medica-udd-celebran-ceremonia-de-investidura\/"]}]},{"@type":"ImageObject","inLanguage":"es","@id":"https:\/\/medicina.udd.cl\/tecnologia-medica-santiago\/noticias\/2024\/04\/24\/estudiantes-de-tecnologia-medica-udd-celebran-ceremonia-de-investidura\/#primaryimage","url":"https:\/\/medicina.udd.cl\/tecnologia-medica-santiago\/files\/2024\/04\/tm-investidura-2024-1-scaled.jpg","contentUrl":"https:\/\/medicina.udd.cl\/tecnologia-medica-santiago\/files\/2024\/04\/tm-investidura-2024-1-scaled.jpg","width":2560,"height":1707},{"@type":"BreadcrumbList","@id":"https:\/\/medicina.udd.cl\/tecnologia-medica-santiago\/noticias\/2024\/04\/24\/estudiantes-de-tecnologia-medica-udd-celebran-ceremonia-de-investidura\/#breadcrumb","itemListElement":[{"@type":"ListItem","position":1,"name":"Home","item":"https:\/\/medicina.udd.cl\/tecnologia-medica-santiago\/"},{"@type":"ListItem","position":2,"name":"Estudiantes de Tecnolog\u00eda M\u00e9dica UDD celebran Ceremonia de Investidura\u00a0"}]},{"@type":"WebSite","@id":"https:\/\/medicina.udd.cl\/tecnologia-medica-santiago\/#website","url":"https:\/\/medicina.udd.cl\/tecnologia-medica-santiago\/","name":"Tecnolog\u00eda M\u00e9dica","description":"Facultad de Medicina Cl\u00ednica Alemana Universidad del Desarrollo","inLanguage":"es"},{"@type":"Person","@id":"https:\/\/medicina.udd.cl\/tecnologia-medica-santiago\/#\/schema\/person\/dbc3705bf3a93e8be1ba6de0ef950341","name":"rbraidy","image":{"@type":"ImageObject","inLanguage":"es","@id":"https:\/\/medicina.udd.cl\/tecnologia-medica-santiago\/#\/schema\/person\/image\/","url":"https:\/\/secure.gravatar.com\/avatar\/0f8bc94637401590e45d2ce17eb65c274cb8870a219de6177f3f23e63fd8cdf3?s=96&d=mm&r=g","contentUrl":"https:\/\/secure.gravatar.com\/avatar\/0f8bc94637401590e45d2ce17eb65c274cb8870a219de6177f3f23e63fd8cdf3?s=96&d=mm&r=g","caption":"rbraidy"},"url":"https:\/\/medicina.udd.cl\/tecnologia-medica-santiago\/noticias\/author\/rbraidy\/"}]}},"featured_image_url":"https:\/\/medicina.udd.cl\/tecnologia-medica-santiago\/files\/2024\/04\/tm-investidura-2024-1-scaled.jpg","_links":{"self":[{"href":"https:\/\/medicina.udd.cl\/tecnologia-medica-santiago\/wp-json\/wp\/v2\/posts\/8979","targetHints":{"allow":["GET"]}}],"collection":[{"href":"https:\/\/medicina.udd.cl\/tecnologia-medica-santiago\/wp-json\/wp\/v2\/posts"}],"about":[{"href":"https:\/\/medicina.udd.cl\/tecnologia-medica-santiago\/wp-json\/wp\/v2\/types\/post"}],"author":[{"embeddable":true,"href":"https:\/\/medicina.udd.cl\/tecnologia-medica-santiago\/wp-json\/wp\/v2\/users\/9192219"}],"replies":[{"embeddable":true,"href":"https:\/\/medicina.udd.cl\/tecnologia-medica-santiago\/wp-json\/wp\/v2\/comments?post=8979"}],"version-history":[{"count":1,"href":"https:\/\/medicina.udd.cl\/tecnologia-medica-santiago\/wp-json\/wp\/v2\/posts\/8979\/revisions"}],"predecessor-version":[{"id":8988,"href":"https:\/\/medicina.udd.cl\/tecnologia-medica-santiago\/wp-json\/wp\/v2\/posts\/8979\/revisions\/8988"}],"wp:featuredmedia":[{"embeddable":true,"href":"https:\/\/medicina.udd.cl\/tecnologia-medica-santiago\/wp-json\/wp\/v2\/media\/8982"}],"wp:attachment":[{"href":"https:\/\/medicina.udd.cl\/tecnologia-medica-santiago\/wp-json\/wp\/v2\/media?parent=8979"}],"wp:term":[{"taxonomy":"category","embeddable":true,"href":"https:\/\/medicina.udd.cl\/tecnologia-medica-santiago\/wp-json\/wp\/v2\/categories?post=8979"},{"taxonomy":"post_tag","embeddable":true,"href":"https:\/\/medicina.udd.cl\/tecnologia-medica-santiago\/wp-json\/wp\/v2\/tags?post=8979"}],"curies":[{"name":"wp","href":"https:\/\/api.w.org\/{rel}","templated":true}]}}