{"id":9148,"date":"2024-07-12T11:57:24","date_gmt":"2024-07-12T15:57:24","guid":{"rendered":"https:\/\/medicina.udd.cl\/tecnologia-medica-santiago\/?p=9148"},"modified":"2024-07-12T11:57:26","modified_gmt":"2024-07-12T15:57:26","slug":"webinar-sobre-deteccion-e-interpretacion-de-marcadores-geneticos-organizado-por-tecnologia-medica-udd-atrae-interes-en-biologia-molecular-y-genetica","status":"publish","type":"post","link":"https:\/\/medicina.udd.cl\/tecnologia-medica-santiago\/noticias\/2024\/07\/12\/webinar-sobre-deteccion-e-interpretacion-de-marcadores-geneticos-organizado-por-tecnologia-medica-udd-atrae-interes-en-biologia-molecular-y-genetica\/","title":{"rendered":"Webinar sobre Detecci\u00f3n e Interpretaci\u00f3n de Marcadores Gen\u00e9ticos organizado por Tecnolog\u00eda M\u00e9dica UDD atrae inter\u00e9s en Biolog\u00eda Molecular y Gen\u00e9tica"},"content":{"rendered":"\n<figure class=\"wp-block-image alignright size-large is-resized\"><a href=\"https:\/\/medicina.udd.cl\/tecnologia-medica-santiago\/files\/2024\/07\/tm-webinar-biologia-molecular-y-genetica-4.jpg\"><img loading=\"lazy\" decoding=\"async\" width=\"830\" height=\"1024\" src=\"https:\/\/medicina.udd.cl\/tecnologia-medica-santiago\/files\/2024\/07\/tm-webinar-biologia-molecular-y-genetica-4-830x1024.jpg\" alt=\"\" class=\"wp-image-9160\" style=\"width:550px;height:auto\" srcset=\"https:\/\/medicina.udd.cl\/tecnologia-medica-santiago\/files\/2024\/07\/tm-webinar-biologia-molecular-y-genetica-4-830x1024.jpg 830w, https:\/\/medicina.udd.cl\/tecnologia-medica-santiago\/files\/2024\/07\/tm-webinar-biologia-molecular-y-genetica-4-243x300.jpg 243w, https:\/\/medicina.udd.cl\/tecnologia-medica-santiago\/files\/2024\/07\/tm-webinar-biologia-molecular-y-genetica-4-768x947.jpg 768w, https:\/\/medicina.udd.cl\/tecnologia-medica-santiago\/files\/2024\/07\/tm-webinar-biologia-molecular-y-genetica-4.jpg 1131w\" sizes=\"auto, (max-width: 830px) 100vw, 830px\" \/><\/a><\/figure>\n\n\n\n<p>La carrera de Tecnolog\u00eda M\u00e9dica de la Facultad de Medicina Cl\u00ednica Alemana Universidad del Desarrollo (UDD) llev\u00f3 a cabo un exitoso webinar titulado <em>\u201cDetecci\u00f3n e interpretaci\u00f3n de marcadores gen\u00e9ticos de relevancia cl\u00ednica\u201d<\/em>, enfocado en las \u00e1reas de Biolog\u00eda Molecular y Gen\u00e9tica. El evento, moderado por Emmanuel Casanova, coordinador de la Especialidad Morfofisiopatolog\u00eda y Citodiagn\u00f3stico de la carrera, cont\u00f3 con destacados expositores como el Dr. Gonzalo Encina, director de Biosoluciones UDD, y los tecn\u00f3logos m\u00e9dicos Egon \u00c1lvarez y Karina Z\u00fa\u00f1iga, representantes del laboratorio Barnafi Krause.<\/p>\n\n\n\n<p>Durante el webinar, se discutieron temas actualizados en gen\u00e9tica, gen\u00f3mica y medicina de precisi\u00f3n, proporcionando a los asistentes una visi\u00f3n profunda y actualizada de estos campos en r\u00e1pida evoluci\u00f3n. Este evento se aline\u00f3 con los contenidos que se abordar\u00e1n en el <a href=\"https:\/\/medicina.udd.cl\/ver-diplomado\/diplomado-en-biologia-molecular-para-el-diagnostico-clinico-2\/\"><strong>Diplomado de Biolog\u00eda Molecular para el Diagn\u00f3stico Cl\u00ednico<\/strong><\/a>, organizado por Tecnolog\u00eda M\u00e9dica UDD, que comenzar\u00e1 el 26 de julio del presente a\u00f1o.<\/p>\n\n\n\n<p>La finalidad del webinar fue despertar el inter\u00e9s en los temas que se desarrollar\u00e1n y profundizar\u00e1n en el diplomado, brindando a los participantes la informaci\u00f3n necesaria para inscribirse y aprovechar esta oportunidad educativa.<\/p>\n\n\n\n<p>El coordinador del evento y director del diplomado, <a href=\"https:\/\/medicina.udd.cl\/tecnologia-medica-santiago\/persona\/emmanuel-casanova-ortiz\/\">TM. Emmanuel Casanova<\/a>, destac\u00f3 la importancia de actualizarse en estas \u00e1reas cruciales para el diagn\u00f3stico cl\u00ednico moderno: <em>\u201cEste webinar es una excelente antesala para el diplomado, permitiendo a los asistentes conocer de primera mano los avances en la detecci\u00f3n e interpretaci\u00f3n de marcadores gen\u00e9ticos, y c\u00f3mo estos conocimientos se aplican en la pr\u00e1ctica cl\u00ednica\u201d.<\/em><\/p>\n\n\n\n<p>Con la realizaci\u00f3n de este tipo de actividades, la carrera de Tecnolog\u00eda M\u00e9dica UDD reafirma su compromiso con la formaci\u00f3n continua y la actualizaci\u00f3n profesional, preparando a sus estudiantes y profesionales para enfrentar los desaf\u00edos del diagn\u00f3stico cl\u00ednico con las herramientas m\u00e1s avanzadas y conocimientos actualizados.<\/p>\n\n\n\n<figure class=\"wp-block-gallery has-nested-images columns-default is-cropped wp-block-gallery-1 is-layout-flex wp-block-gallery-is-layout-flex\">\n<figure class=\"wp-block-image size-large\"><a href=\"https:\/\/medicina.udd.cl\/tecnologia-medica-santiago\/files\/2024\/07\/tm-webinar-biologia-molecular-y-genetica-3.jpg\"><img loading=\"lazy\" decoding=\"async\" width=\"1024\" height=\"640\" data-id=\"9157\" src=\"https:\/\/medicina.udd.cl\/tecnologia-medica-santiago\/files\/2024\/07\/tm-webinar-biologia-molecular-y-genetica-3-1024x640.jpg\" alt=\"\" class=\"wp-image-9157\" srcset=\"https:\/\/medicina.udd.cl\/tecnologia-medica-santiago\/files\/2024\/07\/tm-webinar-biologia-molecular-y-genetica-3-1024x640.jpg 1024w, https:\/\/medicina.udd.cl\/tecnologia-medica-santiago\/files\/2024\/07\/tm-webinar-biologia-molecular-y-genetica-3-300x188.jpg 300w, https:\/\/medicina.udd.cl\/tecnologia-medica-santiago\/files\/2024\/07\/tm-webinar-biologia-molecular-y-genetica-3-768x480.jpg 768w, https:\/\/medicina.udd.cl\/tecnologia-medica-santiago\/files\/2024\/07\/tm-webinar-biologia-molecular-y-genetica-3-1536x960.jpg 1536w, https:\/\/medicina.udd.cl\/tecnologia-medica-santiago\/files\/2024\/07\/tm-webinar-biologia-molecular-y-genetica-3.jpg 1600w\" sizes=\"auto, (max-width: 1024px) 100vw, 1024px\" \/><\/a><\/figure>\n\n\n\n<figure class=\"wp-block-image size-large\"><a href=\"https:\/\/medicina.udd.cl\/tecnologia-medica-santiago\/files\/2024\/07\/tm-webinar-biologia-molecular-y-genetica-1.jpg\"><img loading=\"lazy\" decoding=\"async\" width=\"1024\" height=\"640\" data-id=\"9151\" src=\"https:\/\/medicina.udd.cl\/tecnologia-medica-santiago\/files\/2024\/07\/tm-webinar-biologia-molecular-y-genetica-1-1024x640.jpg\" alt=\"\" class=\"wp-image-9151\" srcset=\"https:\/\/medicina.udd.cl\/tecnologia-medica-santiago\/files\/2024\/07\/tm-webinar-biologia-molecular-y-genetica-1-1024x640.jpg 1024w, https:\/\/medicina.udd.cl\/tecnologia-medica-santiago\/files\/2024\/07\/tm-webinar-biologia-molecular-y-genetica-1-300x188.jpg 300w, https:\/\/medicina.udd.cl\/tecnologia-medica-santiago\/files\/2024\/07\/tm-webinar-biologia-molecular-y-genetica-1-768x480.jpg 768w, https:\/\/medicina.udd.cl\/tecnologia-medica-santiago\/files\/2024\/07\/tm-webinar-biologia-molecular-y-genetica-1-1536x960.jpg 1536w, https:\/\/medicina.udd.cl\/tecnologia-medica-santiago\/files\/2024\/07\/tm-webinar-biologia-molecular-y-genetica-1.jpg 1600w\" sizes=\"auto, (max-width: 1024px) 100vw, 1024px\" \/><\/a><\/figure>\n<\/figure>\n","protected":false},"excerpt":{"rendered":"<p>La carrera de Tecnolog\u00eda M\u00e9dica de la Facultad de Medicina Cl\u00ednica Alemana Universidad del Desarrollo (UDD) llev\u00f3 a cabo un exitoso webinar titulado \u201cDetecci\u00f3n e interpretaci\u00f3n de marcadores gen\u00e9ticos de relevancia cl\u00ednica\u201d, enfocado en las \u00e1reas de Biolog\u00eda Molecular y Gen\u00e9tica. El evento, moderado por Emmanuel Casanova, coordinador de la Especialidad Morfofisiopatolog\u00eda y Citodiagn\u00f3stico de [&hellip;]<\/p>\n","protected":false},"author":9192219,"featured_media":9163,"comment_status":"closed","ping_status":"open","sticky":false,"template":"","format":"standard","meta":{"footnotes":""},"categories":[4],"tags":[],"class_list":["post-9148","post","type-post","status-publish","format-standard","has-post-thumbnail","hentry","category-noticias"],"yoast_head":"<!-- This site is optimized with the Yoast SEO plugin v26.9 - https:\/\/yoast.com\/product\/yoast-seo-wordpress\/ -->\n<title>Webinar sobre Detecci\u00f3n e Interpretaci\u00f3n de Marcadores Gen\u00e9ticos organizado por Tecnolog\u00eda M\u00e9dica UDD atrae inter\u00e9s en Biolog\u00eda Molecular y Gen\u00e9tica - Tecnolog\u00eda M\u00e9dica<\/title>\n<meta name=\"robots\" content=\"index, follow, max-snippet:-1, max-image-preview:large, max-video-preview:-1\" \/>\n<link rel=\"canonical\" href=\"https:\/\/medicina.udd.cl\/tecnologia-medica-santiago\/noticias\/2024\/07\/12\/webinar-sobre-deteccion-e-interpretacion-de-marcadores-geneticos-organizado-por-tecnologia-medica-udd-atrae-interes-en-biologia-molecular-y-genetica\/\" \/>\n<meta property=\"og:locale\" content=\"es_ES\" \/>\n<meta property=\"og:type\" content=\"article\" \/>\n<meta property=\"og:title\" content=\"Webinar sobre Detecci\u00f3n e Interpretaci\u00f3n de Marcadores Gen\u00e9ticos organizado por Tecnolog\u00eda M\u00e9dica UDD atrae inter\u00e9s en Biolog\u00eda Molecular y Gen\u00e9tica - Tecnolog\u00eda M\u00e9dica\" \/>\n<meta property=\"og:description\" content=\"La carrera de Tecnolog\u00eda M\u00e9dica de la Facultad de Medicina Cl\u00ednica Alemana Universidad del Desarrollo (UDD) llev\u00f3 a cabo un exitoso webinar titulado \u201cDetecci\u00f3n e interpretaci\u00f3n de marcadores gen\u00e9ticos de relevancia cl\u00ednica\u201d, enfocado en las \u00e1reas de Biolog\u00eda Molecular y Gen\u00e9tica. El evento, moderado por Emmanuel Casanova, coordinador de la Especialidad Morfofisiopatolog\u00eda y Citodiagn\u00f3stico de [&hellip;]\" \/>\n<meta property=\"og:url\" content=\"https:\/\/medicina.udd.cl\/tecnologia-medica-santiago\/noticias\/2024\/07\/12\/webinar-sobre-deteccion-e-interpretacion-de-marcadores-geneticos-organizado-por-tecnologia-medica-udd-atrae-interes-en-biologia-molecular-y-genetica\/\" \/>\n<meta property=\"og:site_name\" content=\"Tecnolog\u00eda M\u00e9dica\" \/>\n<meta property=\"article:published_time\" content=\"2024-07-12T15:57:24+00:00\" \/>\n<meta property=\"article:modified_time\" content=\"2024-07-12T15:57:26+00:00\" \/>\n<meta property=\"og:image\" content=\"https:\/\/medicina.udd.cl\/tecnologia-medica-santiago\/files\/2024\/07\/biologia-molecular.jpg\" \/>\n\t<meta property=\"og:image:width\" content=\"1200\" \/>\n\t<meta property=\"og:image:height\" content=\"800\" \/>\n\t<meta property=\"og:image:type\" content=\"image\/jpeg\" \/>\n<meta name=\"author\" content=\"rbraidy\" \/>\n<meta name=\"twitter:label1\" content=\"Escrito por\" \/>\n\t<meta name=\"twitter:data1\" content=\"rbraidy\" \/>\n\t<meta name=\"twitter:label2\" content=\"Tiempo de lectura\" \/>\n\t<meta name=\"twitter:data2\" content=\"3 minutos\" \/>\n<script type=\"application\/ld+json\" class=\"yoast-schema-graph\">{\"@context\":\"https:\/\/schema.org\",\"@graph\":[{\"@type\":\"Article\",\"@id\":\"https:\/\/medicina.udd.cl\/tecnologia-medica-santiago\/noticias\/2024\/07\/12\/webinar-sobre-deteccion-e-interpretacion-de-marcadores-geneticos-organizado-por-tecnologia-medica-udd-atrae-interes-en-biologia-molecular-y-genetica\/#article\",\"isPartOf\":{\"@id\":\"https:\/\/medicina.udd.cl\/tecnologia-medica-santiago\/noticias\/2024\/07\/12\/webinar-sobre-deteccion-e-interpretacion-de-marcadores-geneticos-organizado-por-tecnologia-medica-udd-atrae-interes-en-biologia-molecular-y-genetica\/\"},\"author\":{\"name\":\"rbraidy\",\"@id\":\"https:\/\/medicina.udd.cl\/tecnologia-medica-santiago\/#\/schema\/person\/dbc3705bf3a93e8be1ba6de0ef950341\"},\"headline\":\"Webinar sobre Detecci\u00f3n e Interpretaci\u00f3n de Marcadores Gen\u00e9ticos organizado por Tecnolog\u00eda M\u00e9dica UDD atrae inter\u00e9s en Biolog\u00eda Molecular y Gen\u00e9tica\",\"datePublished\":\"2024-07-12T15:57:24+00:00\",\"dateModified\":\"2024-07-12T15:57:26+00:00\",\"mainEntityOfPage\":{\"@id\":\"https:\/\/medicina.udd.cl\/tecnologia-medica-santiago\/noticias\/2024\/07\/12\/webinar-sobre-deteccion-e-interpretacion-de-marcadores-geneticos-organizado-por-tecnologia-medica-udd-atrae-interes-en-biologia-molecular-y-genetica\/\"},\"wordCount\":363,\"image\":{\"@id\":\"https:\/\/medicina.udd.cl\/tecnologia-medica-santiago\/noticias\/2024\/07\/12\/webinar-sobre-deteccion-e-interpretacion-de-marcadores-geneticos-organizado-por-tecnologia-medica-udd-atrae-interes-en-biologia-molecular-y-genetica\/#primaryimage\"},\"thumbnailUrl\":\"https:\/\/medicina.udd.cl\/tecnologia-medica-santiago\/files\/2024\/07\/biologia-molecular.jpg\",\"articleSection\":[\"Noticias\"],\"inLanguage\":\"es\"},{\"@type\":\"WebPage\",\"@id\":\"https:\/\/medicina.udd.cl\/tecnologia-medica-santiago\/noticias\/2024\/07\/12\/webinar-sobre-deteccion-e-interpretacion-de-marcadores-geneticos-organizado-por-tecnologia-medica-udd-atrae-interes-en-biologia-molecular-y-genetica\/\",\"url\":\"https:\/\/medicina.udd.cl\/tecnologia-medica-santiago\/noticias\/2024\/07\/12\/webinar-sobre-deteccion-e-interpretacion-de-marcadores-geneticos-organizado-por-tecnologia-medica-udd-atrae-interes-en-biologia-molecular-y-genetica\/\",\"name\":\"Webinar sobre Detecci\u00f3n e Interpretaci\u00f3n de Marcadores Gen\u00e9ticos organizado por Tecnolog\u00eda M\u00e9dica UDD atrae inter\u00e9s en Biolog\u00eda Molecular y Gen\u00e9tica - Tecnolog\u00eda M\u00e9dica\",\"isPartOf\":{\"@id\":\"https:\/\/medicina.udd.cl\/tecnologia-medica-santiago\/#website\"},\"primaryImageOfPage\":{\"@id\":\"https:\/\/medicina.udd.cl\/tecnologia-medica-santiago\/noticias\/2024\/07\/12\/webinar-sobre-deteccion-e-interpretacion-de-marcadores-geneticos-organizado-por-tecnologia-medica-udd-atrae-interes-en-biologia-molecular-y-genetica\/#primaryimage\"},\"image\":{\"@id\":\"https:\/\/medicina.udd.cl\/tecnologia-medica-santiago\/noticias\/2024\/07\/12\/webinar-sobre-deteccion-e-interpretacion-de-marcadores-geneticos-organizado-por-tecnologia-medica-udd-atrae-interes-en-biologia-molecular-y-genetica\/#primaryimage\"},\"thumbnailUrl\":\"https:\/\/medicina.udd.cl\/tecnologia-medica-santiago\/files\/2024\/07\/biologia-molecular.jpg\",\"datePublished\":\"2024-07-12T15:57:24+00:00\",\"dateModified\":\"2024-07-12T15:57:26+00:00\",\"author\":{\"@id\":\"https:\/\/medicina.udd.cl\/tecnologia-medica-santiago\/#\/schema\/person\/dbc3705bf3a93e8be1ba6de0ef950341\"},\"breadcrumb\":{\"@id\":\"https:\/\/medicina.udd.cl\/tecnologia-medica-santiago\/noticias\/2024\/07\/12\/webinar-sobre-deteccion-e-interpretacion-de-marcadores-geneticos-organizado-por-tecnologia-medica-udd-atrae-interes-en-biologia-molecular-y-genetica\/#breadcrumb\"},\"inLanguage\":\"es\",\"potentialAction\":[{\"@type\":\"ReadAction\",\"target\":[\"https:\/\/medicina.udd.cl\/tecnologia-medica-santiago\/noticias\/2024\/07\/12\/webinar-sobre-deteccion-e-interpretacion-de-marcadores-geneticos-organizado-por-tecnologia-medica-udd-atrae-interes-en-biologia-molecular-y-genetica\/\"]}]},{\"@type\":\"ImageObject\",\"inLanguage\":\"es\",\"@id\":\"https:\/\/medicina.udd.cl\/tecnologia-medica-santiago\/noticias\/2024\/07\/12\/webinar-sobre-deteccion-e-interpretacion-de-marcadores-geneticos-organizado-por-tecnologia-medica-udd-atrae-interes-en-biologia-molecular-y-genetica\/#primaryimage\",\"url\":\"https:\/\/medicina.udd.cl\/tecnologia-medica-santiago\/files\/2024\/07\/biologia-molecular.jpg\",\"contentUrl\":\"https:\/\/medicina.udd.cl\/tecnologia-medica-santiago\/files\/2024\/07\/biologia-molecular.jpg\",\"width\":1200,\"height\":800},{\"@type\":\"BreadcrumbList\",\"@id\":\"https:\/\/medicina.udd.cl\/tecnologia-medica-santiago\/noticias\/2024\/07\/12\/webinar-sobre-deteccion-e-interpretacion-de-marcadores-geneticos-organizado-por-tecnologia-medica-udd-atrae-interes-en-biologia-molecular-y-genetica\/#breadcrumb\",\"itemListElement\":[{\"@type\":\"ListItem\",\"position\":1,\"name\":\"Home\",\"item\":\"https:\/\/medicina.udd.cl\/tecnologia-medica-santiago\/\"},{\"@type\":\"ListItem\",\"position\":2,\"name\":\"Webinar sobre Detecci\u00f3n e Interpretaci\u00f3n de Marcadores Gen\u00e9ticos organizado por Tecnolog\u00eda M\u00e9dica UDD atrae inter\u00e9s en Biolog\u00eda Molecular y Gen\u00e9tica\"}]},{\"@type\":\"WebSite\",\"@id\":\"https:\/\/medicina.udd.cl\/tecnologia-medica-santiago\/#website\",\"url\":\"https:\/\/medicina.udd.cl\/tecnologia-medica-santiago\/\",\"name\":\"Tecnolog\u00eda M\u00e9dica\",\"description\":\"Facultad de Medicina Cl\u00ednica Alemana Universidad del Desarrollo\",\"inLanguage\":\"es\"},{\"@type\":\"Person\",\"@id\":\"https:\/\/medicina.udd.cl\/tecnologia-medica-santiago\/#\/schema\/person\/dbc3705bf3a93e8be1ba6de0ef950341\",\"name\":\"rbraidy\",\"image\":{\"@type\":\"ImageObject\",\"inLanguage\":\"es\",\"@id\":\"https:\/\/medicina.udd.cl\/tecnologia-medica-santiago\/#\/schema\/person\/image\/\",\"url\":\"https:\/\/secure.gravatar.com\/avatar\/0f8bc94637401590e45d2ce17eb65c274cb8870a219de6177f3f23e63fd8cdf3?s=96&d=mm&r=g\",\"contentUrl\":\"https:\/\/secure.gravatar.com\/avatar\/0f8bc94637401590e45d2ce17eb65c274cb8870a219de6177f3f23e63fd8cdf3?s=96&d=mm&r=g\",\"caption\":\"rbraidy\"},\"url\":\"https:\/\/medicina.udd.cl\/tecnologia-medica-santiago\/noticias\/author\/rbraidy\/\"}]}<\/script>\n<!-- \/ Yoast SEO plugin. -->","yoast_head_json":{"title":"Webinar sobre Detecci\u00f3n e Interpretaci\u00f3n de Marcadores Gen\u00e9ticos organizado por Tecnolog\u00eda M\u00e9dica UDD atrae inter\u00e9s en Biolog\u00eda Molecular y Gen\u00e9tica - Tecnolog\u00eda M\u00e9dica","robots":{"index":"index","follow":"follow","max-snippet":"max-snippet:-1","max-image-preview":"max-image-preview:large","max-video-preview":"max-video-preview:-1"},"canonical":"https:\/\/medicina.udd.cl\/tecnologia-medica-santiago\/noticias\/2024\/07\/12\/webinar-sobre-deteccion-e-interpretacion-de-marcadores-geneticos-organizado-por-tecnologia-medica-udd-atrae-interes-en-biologia-molecular-y-genetica\/","og_locale":"es_ES","og_type":"article","og_title":"Webinar sobre Detecci\u00f3n e Interpretaci\u00f3n de Marcadores Gen\u00e9ticos organizado por Tecnolog\u00eda M\u00e9dica UDD atrae inter\u00e9s en Biolog\u00eda Molecular y Gen\u00e9tica - Tecnolog\u00eda M\u00e9dica","og_description":"La carrera de Tecnolog\u00eda M\u00e9dica de la Facultad de Medicina Cl\u00ednica Alemana Universidad del Desarrollo (UDD) llev\u00f3 a cabo un exitoso webinar titulado \u201cDetecci\u00f3n e interpretaci\u00f3n de marcadores gen\u00e9ticos de relevancia cl\u00ednica\u201d, enfocado en las \u00e1reas de Biolog\u00eda Molecular y Gen\u00e9tica. El evento, moderado por Emmanuel Casanova, coordinador de la Especialidad Morfofisiopatolog\u00eda y Citodiagn\u00f3stico de [&hellip;]","og_url":"https:\/\/medicina.udd.cl\/tecnologia-medica-santiago\/noticias\/2024\/07\/12\/webinar-sobre-deteccion-e-interpretacion-de-marcadores-geneticos-organizado-por-tecnologia-medica-udd-atrae-interes-en-biologia-molecular-y-genetica\/","og_site_name":"Tecnolog\u00eda M\u00e9dica","article_published_time":"2024-07-12T15:57:24+00:00","article_modified_time":"2024-07-12T15:57:26+00:00","og_image":[{"width":1200,"height":800,"url":"https:\/\/medicina.udd.cl\/tecnologia-medica-santiago\/files\/2024\/07\/biologia-molecular.jpg","type":"image\/jpeg"}],"author":"rbraidy","twitter_misc":{"Escrito por":"rbraidy","Tiempo de lectura":"3 minutos"},"schema":{"@context":"https:\/\/schema.org","@graph":[{"@type":"Article","@id":"https:\/\/medicina.udd.cl\/tecnologia-medica-santiago\/noticias\/2024\/07\/12\/webinar-sobre-deteccion-e-interpretacion-de-marcadores-geneticos-organizado-por-tecnologia-medica-udd-atrae-interes-en-biologia-molecular-y-genetica\/#article","isPartOf":{"@id":"https:\/\/medicina.udd.cl\/tecnologia-medica-santiago\/noticias\/2024\/07\/12\/webinar-sobre-deteccion-e-interpretacion-de-marcadores-geneticos-organizado-por-tecnologia-medica-udd-atrae-interes-en-biologia-molecular-y-genetica\/"},"author":{"name":"rbraidy","@id":"https:\/\/medicina.udd.cl\/tecnologia-medica-santiago\/#\/schema\/person\/dbc3705bf3a93e8be1ba6de0ef950341"},"headline":"Webinar sobre Detecci\u00f3n e Interpretaci\u00f3n de Marcadores Gen\u00e9ticos organizado por Tecnolog\u00eda M\u00e9dica UDD atrae inter\u00e9s en Biolog\u00eda Molecular y Gen\u00e9tica","datePublished":"2024-07-12T15:57:24+00:00","dateModified":"2024-07-12T15:57:26+00:00","mainEntityOfPage":{"@id":"https:\/\/medicina.udd.cl\/tecnologia-medica-santiago\/noticias\/2024\/07\/12\/webinar-sobre-deteccion-e-interpretacion-de-marcadores-geneticos-organizado-por-tecnologia-medica-udd-atrae-interes-en-biologia-molecular-y-genetica\/"},"wordCount":363,"image":{"@id":"https:\/\/medicina.udd.cl\/tecnologia-medica-santiago\/noticias\/2024\/07\/12\/webinar-sobre-deteccion-e-interpretacion-de-marcadores-geneticos-organizado-por-tecnologia-medica-udd-atrae-interes-en-biologia-molecular-y-genetica\/#primaryimage"},"thumbnailUrl":"https:\/\/medicina.udd.cl\/tecnologia-medica-santiago\/files\/2024\/07\/biologia-molecular.jpg","articleSection":["Noticias"],"inLanguage":"es"},{"@type":"WebPage","@id":"https:\/\/medicina.udd.cl\/tecnologia-medica-santiago\/noticias\/2024\/07\/12\/webinar-sobre-deteccion-e-interpretacion-de-marcadores-geneticos-organizado-por-tecnologia-medica-udd-atrae-interes-en-biologia-molecular-y-genetica\/","url":"https:\/\/medicina.udd.cl\/tecnologia-medica-santiago\/noticias\/2024\/07\/12\/webinar-sobre-deteccion-e-interpretacion-de-marcadores-geneticos-organizado-por-tecnologia-medica-udd-atrae-interes-en-biologia-molecular-y-genetica\/","name":"Webinar sobre Detecci\u00f3n e Interpretaci\u00f3n de Marcadores Gen\u00e9ticos organizado por Tecnolog\u00eda M\u00e9dica UDD atrae inter\u00e9s en Biolog\u00eda Molecular y Gen\u00e9tica - Tecnolog\u00eda M\u00e9dica","isPartOf":{"@id":"https:\/\/medicina.udd.cl\/tecnologia-medica-santiago\/#website"},"primaryImageOfPage":{"@id":"https:\/\/medicina.udd.cl\/tecnologia-medica-santiago\/noticias\/2024\/07\/12\/webinar-sobre-deteccion-e-interpretacion-de-marcadores-geneticos-organizado-por-tecnologia-medica-udd-atrae-interes-en-biologia-molecular-y-genetica\/#primaryimage"},"image":{"@id":"https:\/\/medicina.udd.cl\/tecnologia-medica-santiago\/noticias\/2024\/07\/12\/webinar-sobre-deteccion-e-interpretacion-de-marcadores-geneticos-organizado-por-tecnologia-medica-udd-atrae-interes-en-biologia-molecular-y-genetica\/#primaryimage"},"thumbnailUrl":"https:\/\/medicina.udd.cl\/tecnologia-medica-santiago\/files\/2024\/07\/biologia-molecular.jpg","datePublished":"2024-07-12T15:57:24+00:00","dateModified":"2024-07-12T15:57:26+00:00","author":{"@id":"https:\/\/medicina.udd.cl\/tecnologia-medica-santiago\/#\/schema\/person\/dbc3705bf3a93e8be1ba6de0ef950341"},"breadcrumb":{"@id":"https:\/\/medicina.udd.cl\/tecnologia-medica-santiago\/noticias\/2024\/07\/12\/webinar-sobre-deteccion-e-interpretacion-de-marcadores-geneticos-organizado-por-tecnologia-medica-udd-atrae-interes-en-biologia-molecular-y-genetica\/#breadcrumb"},"inLanguage":"es","potentialAction":[{"@type":"ReadAction","target":["https:\/\/medicina.udd.cl\/tecnologia-medica-santiago\/noticias\/2024\/07\/12\/webinar-sobre-deteccion-e-interpretacion-de-marcadores-geneticos-organizado-por-tecnologia-medica-udd-atrae-interes-en-biologia-molecular-y-genetica\/"]}]},{"@type":"ImageObject","inLanguage":"es","@id":"https:\/\/medicina.udd.cl\/tecnologia-medica-santiago\/noticias\/2024\/07\/12\/webinar-sobre-deteccion-e-interpretacion-de-marcadores-geneticos-organizado-por-tecnologia-medica-udd-atrae-interes-en-biologia-molecular-y-genetica\/#primaryimage","url":"https:\/\/medicina.udd.cl\/tecnologia-medica-santiago\/files\/2024\/07\/biologia-molecular.jpg","contentUrl":"https:\/\/medicina.udd.cl\/tecnologia-medica-santiago\/files\/2024\/07\/biologia-molecular.jpg","width":1200,"height":800},{"@type":"BreadcrumbList","@id":"https:\/\/medicina.udd.cl\/tecnologia-medica-santiago\/noticias\/2024\/07\/12\/webinar-sobre-deteccion-e-interpretacion-de-marcadores-geneticos-organizado-por-tecnologia-medica-udd-atrae-interes-en-biologia-molecular-y-genetica\/#breadcrumb","itemListElement":[{"@type":"ListItem","position":1,"name":"Home","item":"https:\/\/medicina.udd.cl\/tecnologia-medica-santiago\/"},{"@type":"ListItem","position":2,"name":"Webinar sobre Detecci\u00f3n e Interpretaci\u00f3n de Marcadores Gen\u00e9ticos organizado por Tecnolog\u00eda M\u00e9dica UDD atrae inter\u00e9s en Biolog\u00eda Molecular y Gen\u00e9tica"}]},{"@type":"WebSite","@id":"https:\/\/medicina.udd.cl\/tecnologia-medica-santiago\/#website","url":"https:\/\/medicina.udd.cl\/tecnologia-medica-santiago\/","name":"Tecnolog\u00eda M\u00e9dica","description":"Facultad de Medicina Cl\u00ednica Alemana Universidad del Desarrollo","inLanguage":"es"},{"@type":"Person","@id":"https:\/\/medicina.udd.cl\/tecnologia-medica-santiago\/#\/schema\/person\/dbc3705bf3a93e8be1ba6de0ef950341","name":"rbraidy","image":{"@type":"ImageObject","inLanguage":"es","@id":"https:\/\/medicina.udd.cl\/tecnologia-medica-santiago\/#\/schema\/person\/image\/","url":"https:\/\/secure.gravatar.com\/avatar\/0f8bc94637401590e45d2ce17eb65c274cb8870a219de6177f3f23e63fd8cdf3?s=96&d=mm&r=g","contentUrl":"https:\/\/secure.gravatar.com\/avatar\/0f8bc94637401590e45d2ce17eb65c274cb8870a219de6177f3f23e63fd8cdf3?s=96&d=mm&r=g","caption":"rbraidy"},"url":"https:\/\/medicina.udd.cl\/tecnologia-medica-santiago\/noticias\/author\/rbraidy\/"}]}},"featured_image_url":"https:\/\/medicina.udd.cl\/tecnologia-medica-santiago\/files\/2024\/07\/biologia-molecular.jpg","_links":{"self":[{"href":"https:\/\/medicina.udd.cl\/tecnologia-medica-santiago\/wp-json\/wp\/v2\/posts\/9148","targetHints":{"allow":["GET"]}}],"collection":[{"href":"https:\/\/medicina.udd.cl\/tecnologia-medica-santiago\/wp-json\/wp\/v2\/posts"}],"about":[{"href":"https:\/\/medicina.udd.cl\/tecnologia-medica-santiago\/wp-json\/wp\/v2\/types\/post"}],"author":[{"embeddable":true,"href":"https:\/\/medicina.udd.cl\/tecnologia-medica-santiago\/wp-json\/wp\/v2\/users\/9192219"}],"replies":[{"embeddable":true,"href":"https:\/\/medicina.udd.cl\/tecnologia-medica-santiago\/wp-json\/wp\/v2\/comments?post=9148"}],"version-history":[{"count":1,"href":"https:\/\/medicina.udd.cl\/tecnologia-medica-santiago\/wp-json\/wp\/v2\/posts\/9148\/revisions"}],"predecessor-version":[{"id":9166,"href":"https:\/\/medicina.udd.cl\/tecnologia-medica-santiago\/wp-json\/wp\/v2\/posts\/9148\/revisions\/9166"}],"wp:featuredmedia":[{"embeddable":true,"href":"https:\/\/medicina.udd.cl\/tecnologia-medica-santiago\/wp-json\/wp\/v2\/media\/9163"}],"wp:attachment":[{"href":"https:\/\/medicina.udd.cl\/tecnologia-medica-santiago\/wp-json\/wp\/v2\/media?parent=9148"}],"wp:term":[{"taxonomy":"category","embeddable":true,"href":"https:\/\/medicina.udd.cl\/tecnologia-medica-santiago\/wp-json\/wp\/v2\/categories?post=9148"},{"taxonomy":"post_tag","embeddable":true,"href":"https:\/\/medicina.udd.cl\/tecnologia-medica-santiago\/wp-json\/wp\/v2\/tags?post=9148"}],"curies":[{"name":"wp","href":"https:\/\/api.w.org\/{rel}","templated":true}]}}