{"id":9169,"date":"2024-04-22T14:38:00","date_gmt":"2024-04-22T18:38:00","guid":{"rendered":"https:\/\/medicina.udd.cl\/tecnologia-medica-santiago\/?p=9169"},"modified":"2024-07-17T14:47:06","modified_gmt":"2024-07-17T18:47:06","slug":"primera-jornada-interuniversitaria-de-morfofisiopatologia-y-citodiagnostico-un-exito-en-la-formacion-de-tecnologos-medicos","status":"publish","type":"post","link":"https:\/\/medicina.udd.cl\/tecnologia-medica-santiago\/noticias\/2024\/04\/22\/primera-jornada-interuniversitaria-de-morfofisiopatologia-y-citodiagnostico-un-exito-en-la-formacion-de-tecnologos-medicos\/","title":{"rendered":"Primera Jornada Interuniversitaria de Morfofisiopatolog\u00eda y Citodiagn\u00f3stico: Un \u00c9xito en la Formaci\u00f3n de Tecn\u00f3logos M\u00e9dicos"},"content":{"rendered":"\n<figure class=\"wp-block-image aligncenter size-large\"><a href=\"https:\/\/medicina.udd.cl\/tecnologia-medica-santiago\/files\/2024\/07\/tm-jornada-interuniversitaria-de-morfofisiopatologia-y-citodiagnostico-1.jpg\"><img loading=\"lazy\" decoding=\"async\" width=\"1024\" height=\"768\" src=\"https:\/\/medicina.udd.cl\/tecnologia-medica-santiago\/files\/2024\/07\/tm-jornada-interuniversitaria-de-morfofisiopatologia-y-citodiagnostico-1-1024x768.jpg\" alt=\"\" class=\"wp-image-9172\" srcset=\"https:\/\/medicina.udd.cl\/tecnologia-medica-santiago\/files\/2024\/07\/tm-jornada-interuniversitaria-de-morfofisiopatologia-y-citodiagnostico-1-1024x768.jpg 1024w, https:\/\/medicina.udd.cl\/tecnologia-medica-santiago\/files\/2024\/07\/tm-jornada-interuniversitaria-de-morfofisiopatologia-y-citodiagnostico-1-300x225.jpg 300w, https:\/\/medicina.udd.cl\/tecnologia-medica-santiago\/files\/2024\/07\/tm-jornada-interuniversitaria-de-morfofisiopatologia-y-citodiagnostico-1-768x576.jpg 768w, https:\/\/medicina.udd.cl\/tecnologia-medica-santiago\/files\/2024\/07\/tm-jornada-interuniversitaria-de-morfofisiopatologia-y-citodiagnostico-1-1536x1152.jpg 1536w, https:\/\/medicina.udd.cl\/tecnologia-medica-santiago\/files\/2024\/07\/tm-jornada-interuniversitaria-de-morfofisiopatologia-y-citodiagnostico-1.jpg 1600w\" sizes=\"auto, (max-width: 1024px) 100vw, 1024px\" \/><\/a><\/figure>\n\n\n\n<p>Este s\u00e1bado 20 de abril se llev\u00f3 a cabo la primera Jornada Interuniversitaria de la especialidad de Morfofisiopatolog\u00eda y Citodiagn\u00f3stico de Tecnolog\u00eda M\u00e9dica. El evento, organizado por las universidades del Desarrollo, Mayor y San Sebasti\u00e1n, cont\u00f3 con la colaboraci\u00f3n de la Universidad de Chile, la Universidad Andr\u00e9s Bello, la Universidad de Valpara\u00edso, sede de Re\u00f1aca y San Felipe, y la Universidad de San Sebasti\u00e1n, sede de Concepci\u00f3n.<\/p>\n\n\n\n<p>La jornada reuni\u00f3 a profesionales, titulados y estudiantes de Tecnolog\u00eda M\u00e9dica, quienes tuvieron la oportunidad de conocer las experiencias de diversos expositores sobre c\u00f3mo el tecn\u00f3logo m\u00e9dico ejerce en distintas \u00e1reas de la especialidad de Morfofisiopatolog\u00eda y Citodiagn\u00f3stico.<\/p>\n\n\n\n<p>Entre los temas tratados, destacaron el Biobanco de tejidos y fluidos, la situaci\u00f3n actual de los laboratorios de Anatom\u00eda Patol\u00f3gica en Chile, los desaf\u00edos actuales y futuros en el Programa de Prevenci\u00f3n de Riesgo de C\u00e1ncer C\u00e9rvico-Uterino (CaCu), as\u00ed como los laboratorios de Citolog\u00eda, patolog\u00eda digital e inform\u00e1tica cl\u00ednica en Anatom\u00eda Patol\u00f3gica (APA).<\/p>\n\n\n\n<p>La jornada cont\u00f3 con la presencia de destacados expositores e invitados, incluyendo a Teresa del Pilar Pino, presidenta del Colegio de Tecn\u00f3logos M\u00e9dicos de Chile; el Dr. Enrique Paris, decano de la Facultad de Medicina de la Universidad Mayor; el Dr. Sebasti\u00e1n Beltr\u00e1n Vergara, director de la carrera de Tecnolog\u00eda M\u00e9dica de la Universidad Mayor; la TM. Mar\u00eda Adriana Parra, directora de Tecnolog\u00eda M\u00e9dica de la Facultad de Medicina Cl\u00ednica Alemana Uni9versidad del Desarrollo; el TM. Gerardo Donoso Luna, coordinador general del Biobanco de Tejidos y Fluidos de la Universidad de Chile; la TM. Katherine Ponce Camus, subdirectora del Centro de Oncolog\u00eda Preventiva de la U. Chile; y el TM. Juan Pablo Pastene, coordinador del Servicio de Anatom\u00eda Patol\u00f3gica de Cl\u00ednica Alemana y docente UDD.<\/p>\n\n\n\n<p>Este evento marc\u00f3 un precedente en la formaci\u00f3n y actualizaci\u00f3n de conocimientos para los tecn\u00f3logos m\u00e9dicos, promoviendo la colaboraci\u00f3n interuniversitaria y el intercambio de experiencias en la especialidad de Morfofisiopatolog\u00eda y Citodiagn\u00f3stico.<\/p>\n\n\n\n<figure class=\"wp-block-image aligncenter size-large\"><a href=\"https:\/\/medicina.udd.cl\/tecnologia-medica-santiago\/files\/2024\/07\/tm-jornada-interuniversitaria-de-morfofisiopatologia-y-citodiagnostico-2.jpg\"><img loading=\"lazy\" decoding=\"async\" width=\"723\" height=\"1024\" src=\"https:\/\/medicina.udd.cl\/tecnologia-medica-santiago\/files\/2024\/07\/tm-jornada-interuniversitaria-de-morfofisiopatologia-y-citodiagnostico-2-723x1024.jpg\" alt=\"\" class=\"wp-image-9175\" srcset=\"https:\/\/medicina.udd.cl\/tecnologia-medica-santiago\/files\/2024\/07\/tm-jornada-interuniversitaria-de-morfofisiopatologia-y-citodiagnostico-2-723x1024.jpg 723w, https:\/\/medicina.udd.cl\/tecnologia-medica-santiago\/files\/2024\/07\/tm-jornada-interuniversitaria-de-morfofisiopatologia-y-citodiagnostico-2-212x300.jpg 212w, https:\/\/medicina.udd.cl\/tecnologia-medica-santiago\/files\/2024\/07\/tm-jornada-interuniversitaria-de-morfofisiopatologia-y-citodiagnostico-2-768x1087.jpg 768w, https:\/\/medicina.udd.cl\/tecnologia-medica-santiago\/files\/2024\/07\/tm-jornada-interuniversitaria-de-morfofisiopatologia-y-citodiagnostico-2.jpg 904w\" sizes=\"auto, (max-width: 723px) 100vw, 723px\" \/><\/a><\/figure>\n","protected":false},"excerpt":{"rendered":"<p>Este s\u00e1bado 20 de abril se llev\u00f3 a cabo la primera Jornada Interuniversitaria de la especialidad de Morfofisiopatolog\u00eda y Citodiagn\u00f3stico de Tecnolog\u00eda M\u00e9dica. El evento, organizado por las universidades del Desarrollo, Mayor y San Sebasti\u00e1n, cont\u00f3 con la colaboraci\u00f3n de la Universidad de Chile, la Universidad Andr\u00e9s Bello, la Universidad de Valpara\u00edso, sede de Re\u00f1aca [&hellip;]<\/p>\n","protected":false},"author":9192219,"featured_media":9172,"comment_status":"closed","ping_status":"open","sticky":false,"template":"","format":"standard","meta":{"footnotes":""},"categories":[4],"tags":[],"class_list":["post-9169","post","type-post","status-publish","format-standard","has-post-thumbnail","hentry","category-noticias"],"yoast_head":"<!-- This site is optimized with the Yoast SEO plugin v26.9 - https:\/\/yoast.com\/product\/yoast-seo-wordpress\/ -->\n<title>Primera Jornada Interuniversitaria de Morfofisiopatolog\u00eda y Citodiagn\u00f3stico: Un \u00c9xito en la Formaci\u00f3n de Tecn\u00f3logos M\u00e9dicos - Tecnolog\u00eda M\u00e9dica<\/title>\n<meta name=\"robots\" content=\"index, follow, max-snippet:-1, max-image-preview:large, max-video-preview:-1\" \/>\n<link rel=\"canonical\" href=\"https:\/\/medicina.udd.cl\/tecnologia-medica-santiago\/noticias\/2024\/04\/22\/primera-jornada-interuniversitaria-de-morfofisiopatologia-y-citodiagnostico-un-exito-en-la-formacion-de-tecnologos-medicos\/\" \/>\n<meta property=\"og:locale\" content=\"es_ES\" \/>\n<meta property=\"og:type\" content=\"article\" \/>\n<meta property=\"og:title\" content=\"Primera Jornada Interuniversitaria de Morfofisiopatolog\u00eda y Citodiagn\u00f3stico: Un \u00c9xito en la Formaci\u00f3n de Tecn\u00f3logos M\u00e9dicos - Tecnolog\u00eda M\u00e9dica\" \/>\n<meta property=\"og:description\" content=\"Este s\u00e1bado 20 de abril se llev\u00f3 a cabo la primera Jornada Interuniversitaria de la especialidad de Morfofisiopatolog\u00eda y Citodiagn\u00f3stico de Tecnolog\u00eda M\u00e9dica. El evento, organizado por las universidades del Desarrollo, Mayor y San Sebasti\u00e1n, cont\u00f3 con la colaboraci\u00f3n de la Universidad de Chile, la Universidad Andr\u00e9s Bello, la Universidad de Valpara\u00edso, sede de Re\u00f1aca [&hellip;]\" \/>\n<meta property=\"og:url\" content=\"https:\/\/medicina.udd.cl\/tecnologia-medica-santiago\/noticias\/2024\/04\/22\/primera-jornada-interuniversitaria-de-morfofisiopatologia-y-citodiagnostico-un-exito-en-la-formacion-de-tecnologos-medicos\/\" \/>\n<meta property=\"og:site_name\" content=\"Tecnolog\u00eda M\u00e9dica\" \/>\n<meta property=\"article:published_time\" content=\"2024-04-22T18:38:00+00:00\" \/>\n<meta property=\"article:modified_time\" content=\"2024-07-17T18:47:06+00:00\" \/>\n<meta property=\"og:image\" content=\"https:\/\/medicina.udd.cl\/tecnologia-medica-santiago\/files\/2024\/07\/tm-jornada-interuniversitaria-de-morfofisiopatologia-y-citodiagnostico-1.jpg\" \/>\n\t<meta property=\"og:image:width\" content=\"1600\" \/>\n\t<meta property=\"og:image:height\" content=\"1200\" \/>\n\t<meta property=\"og:image:type\" content=\"image\/jpeg\" \/>\n<meta name=\"author\" content=\"rbraidy\" \/>\n<meta name=\"twitter:label1\" content=\"Escrito por\" \/>\n\t<meta name=\"twitter:data1\" content=\"rbraidy\" \/>\n\t<meta name=\"twitter:label2\" content=\"Tiempo de lectura\" \/>\n\t<meta name=\"twitter:data2\" content=\"3 minutos\" \/>\n<script type=\"application\/ld+json\" class=\"yoast-schema-graph\">{\"@context\":\"https:\/\/schema.org\",\"@graph\":[{\"@type\":\"Article\",\"@id\":\"https:\/\/medicina.udd.cl\/tecnologia-medica-santiago\/noticias\/2024\/04\/22\/primera-jornada-interuniversitaria-de-morfofisiopatologia-y-citodiagnostico-un-exito-en-la-formacion-de-tecnologos-medicos\/#article\",\"isPartOf\":{\"@id\":\"https:\/\/medicina.udd.cl\/tecnologia-medica-santiago\/noticias\/2024\/04\/22\/primera-jornada-interuniversitaria-de-morfofisiopatologia-y-citodiagnostico-un-exito-en-la-formacion-de-tecnologos-medicos\/\"},\"author\":{\"name\":\"rbraidy\",\"@id\":\"https:\/\/medicina.udd.cl\/tecnologia-medica-santiago\/#\/schema\/person\/dbc3705bf3a93e8be1ba6de0ef950341\"},\"headline\":\"Primera Jornada Interuniversitaria de Morfofisiopatolog\u00eda y Citodiagn\u00f3stico: Un \u00c9xito en la Formaci\u00f3n de Tecn\u00f3logos M\u00e9dicos\",\"datePublished\":\"2024-04-22T18:38:00+00:00\",\"dateModified\":\"2024-07-17T18:47:06+00:00\",\"mainEntityOfPage\":{\"@id\":\"https:\/\/medicina.udd.cl\/tecnologia-medica-santiago\/noticias\/2024\/04\/22\/primera-jornada-interuniversitaria-de-morfofisiopatologia-y-citodiagnostico-un-exito-en-la-formacion-de-tecnologos-medicos\/\"},\"wordCount\":388,\"image\":{\"@id\":\"https:\/\/medicina.udd.cl\/tecnologia-medica-santiago\/noticias\/2024\/04\/22\/primera-jornada-interuniversitaria-de-morfofisiopatologia-y-citodiagnostico-un-exito-en-la-formacion-de-tecnologos-medicos\/#primaryimage\"},\"thumbnailUrl\":\"https:\/\/medicina.udd.cl\/tecnologia-medica-santiago\/files\/2024\/07\/tm-jornada-interuniversitaria-de-morfofisiopatologia-y-citodiagnostico-1.jpg\",\"articleSection\":[\"Noticias\"],\"inLanguage\":\"es\"},{\"@type\":\"WebPage\",\"@id\":\"https:\/\/medicina.udd.cl\/tecnologia-medica-santiago\/noticias\/2024\/04\/22\/primera-jornada-interuniversitaria-de-morfofisiopatologia-y-citodiagnostico-un-exito-en-la-formacion-de-tecnologos-medicos\/\",\"url\":\"https:\/\/medicina.udd.cl\/tecnologia-medica-santiago\/noticias\/2024\/04\/22\/primera-jornada-interuniversitaria-de-morfofisiopatologia-y-citodiagnostico-un-exito-en-la-formacion-de-tecnologos-medicos\/\",\"name\":\"Primera Jornada Interuniversitaria de Morfofisiopatolog\u00eda y Citodiagn\u00f3stico: Un \u00c9xito en la Formaci\u00f3n de Tecn\u00f3logos M\u00e9dicos - Tecnolog\u00eda M\u00e9dica\",\"isPartOf\":{\"@id\":\"https:\/\/medicina.udd.cl\/tecnologia-medica-santiago\/#website\"},\"primaryImageOfPage\":{\"@id\":\"https:\/\/medicina.udd.cl\/tecnologia-medica-santiago\/noticias\/2024\/04\/22\/primera-jornada-interuniversitaria-de-morfofisiopatologia-y-citodiagnostico-un-exito-en-la-formacion-de-tecnologos-medicos\/#primaryimage\"},\"image\":{\"@id\":\"https:\/\/medicina.udd.cl\/tecnologia-medica-santiago\/noticias\/2024\/04\/22\/primera-jornada-interuniversitaria-de-morfofisiopatologia-y-citodiagnostico-un-exito-en-la-formacion-de-tecnologos-medicos\/#primaryimage\"},\"thumbnailUrl\":\"https:\/\/medicina.udd.cl\/tecnologia-medica-santiago\/files\/2024\/07\/tm-jornada-interuniversitaria-de-morfofisiopatologia-y-citodiagnostico-1.jpg\",\"datePublished\":\"2024-04-22T18:38:00+00:00\",\"dateModified\":\"2024-07-17T18:47:06+00:00\",\"author\":{\"@id\":\"https:\/\/medicina.udd.cl\/tecnologia-medica-santiago\/#\/schema\/person\/dbc3705bf3a93e8be1ba6de0ef950341\"},\"breadcrumb\":{\"@id\":\"https:\/\/medicina.udd.cl\/tecnologia-medica-santiago\/noticias\/2024\/04\/22\/primera-jornada-interuniversitaria-de-morfofisiopatologia-y-citodiagnostico-un-exito-en-la-formacion-de-tecnologos-medicos\/#breadcrumb\"},\"inLanguage\":\"es\",\"potentialAction\":[{\"@type\":\"ReadAction\",\"target\":[\"https:\/\/medicina.udd.cl\/tecnologia-medica-santiago\/noticias\/2024\/04\/22\/primera-jornada-interuniversitaria-de-morfofisiopatologia-y-citodiagnostico-un-exito-en-la-formacion-de-tecnologos-medicos\/\"]}]},{\"@type\":\"ImageObject\",\"inLanguage\":\"es\",\"@id\":\"https:\/\/medicina.udd.cl\/tecnologia-medica-santiago\/noticias\/2024\/04\/22\/primera-jornada-interuniversitaria-de-morfofisiopatologia-y-citodiagnostico-un-exito-en-la-formacion-de-tecnologos-medicos\/#primaryimage\",\"url\":\"https:\/\/medicina.udd.cl\/tecnologia-medica-santiago\/files\/2024\/07\/tm-jornada-interuniversitaria-de-morfofisiopatologia-y-citodiagnostico-1.jpg\",\"contentUrl\":\"https:\/\/medicina.udd.cl\/tecnologia-medica-santiago\/files\/2024\/07\/tm-jornada-interuniversitaria-de-morfofisiopatologia-y-citodiagnostico-1.jpg\",\"width\":1600,\"height\":1200},{\"@type\":\"BreadcrumbList\",\"@id\":\"https:\/\/medicina.udd.cl\/tecnologia-medica-santiago\/noticias\/2024\/04\/22\/primera-jornada-interuniversitaria-de-morfofisiopatologia-y-citodiagnostico-un-exito-en-la-formacion-de-tecnologos-medicos\/#breadcrumb\",\"itemListElement\":[{\"@type\":\"ListItem\",\"position\":1,\"name\":\"Home\",\"item\":\"https:\/\/medicina.udd.cl\/tecnologia-medica-santiago\/\"},{\"@type\":\"ListItem\",\"position\":2,\"name\":\"Primera Jornada Interuniversitaria de Morfofisiopatolog\u00eda y Citodiagn\u00f3stico: Un \u00c9xito en la Formaci\u00f3n de Tecn\u00f3logos M\u00e9dicos\"}]},{\"@type\":\"WebSite\",\"@id\":\"https:\/\/medicina.udd.cl\/tecnologia-medica-santiago\/#website\",\"url\":\"https:\/\/medicina.udd.cl\/tecnologia-medica-santiago\/\",\"name\":\"Tecnolog\u00eda M\u00e9dica\",\"description\":\"Facultad de Medicina Cl\u00ednica Alemana Universidad del Desarrollo\",\"inLanguage\":\"es\"},{\"@type\":\"Person\",\"@id\":\"https:\/\/medicina.udd.cl\/tecnologia-medica-santiago\/#\/schema\/person\/dbc3705bf3a93e8be1ba6de0ef950341\",\"name\":\"rbraidy\",\"image\":{\"@type\":\"ImageObject\",\"inLanguage\":\"es\",\"@id\":\"https:\/\/medicina.udd.cl\/tecnologia-medica-santiago\/#\/schema\/person\/image\/\",\"url\":\"https:\/\/secure.gravatar.com\/avatar\/0f8bc94637401590e45d2ce17eb65c274cb8870a219de6177f3f23e63fd8cdf3?s=96&d=mm&r=g\",\"contentUrl\":\"https:\/\/secure.gravatar.com\/avatar\/0f8bc94637401590e45d2ce17eb65c274cb8870a219de6177f3f23e63fd8cdf3?s=96&d=mm&r=g\",\"caption\":\"rbraidy\"},\"url\":\"https:\/\/medicina.udd.cl\/tecnologia-medica-santiago\/noticias\/author\/rbraidy\/\"}]}<\/script>\n<!-- \/ Yoast SEO plugin. -->","yoast_head_json":{"title":"Primera Jornada Interuniversitaria de Morfofisiopatolog\u00eda y Citodiagn\u00f3stico: Un \u00c9xito en la Formaci\u00f3n de Tecn\u00f3logos M\u00e9dicos - Tecnolog\u00eda M\u00e9dica","robots":{"index":"index","follow":"follow","max-snippet":"max-snippet:-1","max-image-preview":"max-image-preview:large","max-video-preview":"max-video-preview:-1"},"canonical":"https:\/\/medicina.udd.cl\/tecnologia-medica-santiago\/noticias\/2024\/04\/22\/primera-jornada-interuniversitaria-de-morfofisiopatologia-y-citodiagnostico-un-exito-en-la-formacion-de-tecnologos-medicos\/","og_locale":"es_ES","og_type":"article","og_title":"Primera Jornada Interuniversitaria de Morfofisiopatolog\u00eda y Citodiagn\u00f3stico: Un \u00c9xito en la Formaci\u00f3n de Tecn\u00f3logos M\u00e9dicos - Tecnolog\u00eda M\u00e9dica","og_description":"Este s\u00e1bado 20 de abril se llev\u00f3 a cabo la primera Jornada Interuniversitaria de la especialidad de Morfofisiopatolog\u00eda y Citodiagn\u00f3stico de Tecnolog\u00eda M\u00e9dica. El evento, organizado por las universidades del Desarrollo, Mayor y San Sebasti\u00e1n, cont\u00f3 con la colaboraci\u00f3n de la Universidad de Chile, la Universidad Andr\u00e9s Bello, la Universidad de Valpara\u00edso, sede de Re\u00f1aca [&hellip;]","og_url":"https:\/\/medicina.udd.cl\/tecnologia-medica-santiago\/noticias\/2024\/04\/22\/primera-jornada-interuniversitaria-de-morfofisiopatologia-y-citodiagnostico-un-exito-en-la-formacion-de-tecnologos-medicos\/","og_site_name":"Tecnolog\u00eda M\u00e9dica","article_published_time":"2024-04-22T18:38:00+00:00","article_modified_time":"2024-07-17T18:47:06+00:00","og_image":[{"width":1600,"height":1200,"url":"https:\/\/medicina.udd.cl\/tecnologia-medica-santiago\/files\/2024\/07\/tm-jornada-interuniversitaria-de-morfofisiopatologia-y-citodiagnostico-1.jpg","type":"image\/jpeg"}],"author":"rbraidy","twitter_misc":{"Escrito por":"rbraidy","Tiempo de lectura":"3 minutos"},"schema":{"@context":"https:\/\/schema.org","@graph":[{"@type":"Article","@id":"https:\/\/medicina.udd.cl\/tecnologia-medica-santiago\/noticias\/2024\/04\/22\/primera-jornada-interuniversitaria-de-morfofisiopatologia-y-citodiagnostico-un-exito-en-la-formacion-de-tecnologos-medicos\/#article","isPartOf":{"@id":"https:\/\/medicina.udd.cl\/tecnologia-medica-santiago\/noticias\/2024\/04\/22\/primera-jornada-interuniversitaria-de-morfofisiopatologia-y-citodiagnostico-un-exito-en-la-formacion-de-tecnologos-medicos\/"},"author":{"name":"rbraidy","@id":"https:\/\/medicina.udd.cl\/tecnologia-medica-santiago\/#\/schema\/person\/dbc3705bf3a93e8be1ba6de0ef950341"},"headline":"Primera Jornada Interuniversitaria de Morfofisiopatolog\u00eda y Citodiagn\u00f3stico: Un \u00c9xito en la Formaci\u00f3n de Tecn\u00f3logos M\u00e9dicos","datePublished":"2024-04-22T18:38:00+00:00","dateModified":"2024-07-17T18:47:06+00:00","mainEntityOfPage":{"@id":"https:\/\/medicina.udd.cl\/tecnologia-medica-santiago\/noticias\/2024\/04\/22\/primera-jornada-interuniversitaria-de-morfofisiopatologia-y-citodiagnostico-un-exito-en-la-formacion-de-tecnologos-medicos\/"},"wordCount":388,"image":{"@id":"https:\/\/medicina.udd.cl\/tecnologia-medica-santiago\/noticias\/2024\/04\/22\/primera-jornada-interuniversitaria-de-morfofisiopatologia-y-citodiagnostico-un-exito-en-la-formacion-de-tecnologos-medicos\/#primaryimage"},"thumbnailUrl":"https:\/\/medicina.udd.cl\/tecnologia-medica-santiago\/files\/2024\/07\/tm-jornada-interuniversitaria-de-morfofisiopatologia-y-citodiagnostico-1.jpg","articleSection":["Noticias"],"inLanguage":"es"},{"@type":"WebPage","@id":"https:\/\/medicina.udd.cl\/tecnologia-medica-santiago\/noticias\/2024\/04\/22\/primera-jornada-interuniversitaria-de-morfofisiopatologia-y-citodiagnostico-un-exito-en-la-formacion-de-tecnologos-medicos\/","url":"https:\/\/medicina.udd.cl\/tecnologia-medica-santiago\/noticias\/2024\/04\/22\/primera-jornada-interuniversitaria-de-morfofisiopatologia-y-citodiagnostico-un-exito-en-la-formacion-de-tecnologos-medicos\/","name":"Primera Jornada Interuniversitaria de Morfofisiopatolog\u00eda y Citodiagn\u00f3stico: Un \u00c9xito en la Formaci\u00f3n de Tecn\u00f3logos M\u00e9dicos - Tecnolog\u00eda M\u00e9dica","isPartOf":{"@id":"https:\/\/medicina.udd.cl\/tecnologia-medica-santiago\/#website"},"primaryImageOfPage":{"@id":"https:\/\/medicina.udd.cl\/tecnologia-medica-santiago\/noticias\/2024\/04\/22\/primera-jornada-interuniversitaria-de-morfofisiopatologia-y-citodiagnostico-un-exito-en-la-formacion-de-tecnologos-medicos\/#primaryimage"},"image":{"@id":"https:\/\/medicina.udd.cl\/tecnologia-medica-santiago\/noticias\/2024\/04\/22\/primera-jornada-interuniversitaria-de-morfofisiopatologia-y-citodiagnostico-un-exito-en-la-formacion-de-tecnologos-medicos\/#primaryimage"},"thumbnailUrl":"https:\/\/medicina.udd.cl\/tecnologia-medica-santiago\/files\/2024\/07\/tm-jornada-interuniversitaria-de-morfofisiopatologia-y-citodiagnostico-1.jpg","datePublished":"2024-04-22T18:38:00+00:00","dateModified":"2024-07-17T18:47:06+00:00","author":{"@id":"https:\/\/medicina.udd.cl\/tecnologia-medica-santiago\/#\/schema\/person\/dbc3705bf3a93e8be1ba6de0ef950341"},"breadcrumb":{"@id":"https:\/\/medicina.udd.cl\/tecnologia-medica-santiago\/noticias\/2024\/04\/22\/primera-jornada-interuniversitaria-de-morfofisiopatologia-y-citodiagnostico-un-exito-en-la-formacion-de-tecnologos-medicos\/#breadcrumb"},"inLanguage":"es","potentialAction":[{"@type":"ReadAction","target":["https:\/\/medicina.udd.cl\/tecnologia-medica-santiago\/noticias\/2024\/04\/22\/primera-jornada-interuniversitaria-de-morfofisiopatologia-y-citodiagnostico-un-exito-en-la-formacion-de-tecnologos-medicos\/"]}]},{"@type":"ImageObject","inLanguage":"es","@id":"https:\/\/medicina.udd.cl\/tecnologia-medica-santiago\/noticias\/2024\/04\/22\/primera-jornada-interuniversitaria-de-morfofisiopatologia-y-citodiagnostico-un-exito-en-la-formacion-de-tecnologos-medicos\/#primaryimage","url":"https:\/\/medicina.udd.cl\/tecnologia-medica-santiago\/files\/2024\/07\/tm-jornada-interuniversitaria-de-morfofisiopatologia-y-citodiagnostico-1.jpg","contentUrl":"https:\/\/medicina.udd.cl\/tecnologia-medica-santiago\/files\/2024\/07\/tm-jornada-interuniversitaria-de-morfofisiopatologia-y-citodiagnostico-1.jpg","width":1600,"height":1200},{"@type":"BreadcrumbList","@id":"https:\/\/medicina.udd.cl\/tecnologia-medica-santiago\/noticias\/2024\/04\/22\/primera-jornada-interuniversitaria-de-morfofisiopatologia-y-citodiagnostico-un-exito-en-la-formacion-de-tecnologos-medicos\/#breadcrumb","itemListElement":[{"@type":"ListItem","position":1,"name":"Home","item":"https:\/\/medicina.udd.cl\/tecnologia-medica-santiago\/"},{"@type":"ListItem","position":2,"name":"Primera Jornada Interuniversitaria de Morfofisiopatolog\u00eda y Citodiagn\u00f3stico: Un \u00c9xito en la Formaci\u00f3n de Tecn\u00f3logos M\u00e9dicos"}]},{"@type":"WebSite","@id":"https:\/\/medicina.udd.cl\/tecnologia-medica-santiago\/#website","url":"https:\/\/medicina.udd.cl\/tecnologia-medica-santiago\/","name":"Tecnolog\u00eda M\u00e9dica","description":"Facultad de Medicina Cl\u00ednica Alemana Universidad del Desarrollo","inLanguage":"es"},{"@type":"Person","@id":"https:\/\/medicina.udd.cl\/tecnologia-medica-santiago\/#\/schema\/person\/dbc3705bf3a93e8be1ba6de0ef950341","name":"rbraidy","image":{"@type":"ImageObject","inLanguage":"es","@id":"https:\/\/medicina.udd.cl\/tecnologia-medica-santiago\/#\/schema\/person\/image\/","url":"https:\/\/secure.gravatar.com\/avatar\/0f8bc94637401590e45d2ce17eb65c274cb8870a219de6177f3f23e63fd8cdf3?s=96&d=mm&r=g","contentUrl":"https:\/\/secure.gravatar.com\/avatar\/0f8bc94637401590e45d2ce17eb65c274cb8870a219de6177f3f23e63fd8cdf3?s=96&d=mm&r=g","caption":"rbraidy"},"url":"https:\/\/medicina.udd.cl\/tecnologia-medica-santiago\/noticias\/author\/rbraidy\/"}]}},"featured_image_url":"https:\/\/medicina.udd.cl\/tecnologia-medica-santiago\/files\/2024\/07\/tm-jornada-interuniversitaria-de-morfofisiopatologia-y-citodiagnostico-1.jpg","_links":{"self":[{"href":"https:\/\/medicina.udd.cl\/tecnologia-medica-santiago\/wp-json\/wp\/v2\/posts\/9169","targetHints":{"allow":["GET"]}}],"collection":[{"href":"https:\/\/medicina.udd.cl\/tecnologia-medica-santiago\/wp-json\/wp\/v2\/posts"}],"about":[{"href":"https:\/\/medicina.udd.cl\/tecnologia-medica-santiago\/wp-json\/wp\/v2\/types\/post"}],"author":[{"embeddable":true,"href":"https:\/\/medicina.udd.cl\/tecnologia-medica-santiago\/wp-json\/wp\/v2\/users\/9192219"}],"replies":[{"embeddable":true,"href":"https:\/\/medicina.udd.cl\/tecnologia-medica-santiago\/wp-json\/wp\/v2\/comments?post=9169"}],"version-history":[{"count":1,"href":"https:\/\/medicina.udd.cl\/tecnologia-medica-santiago\/wp-json\/wp\/v2\/posts\/9169\/revisions"}],"predecessor-version":[{"id":9178,"href":"https:\/\/medicina.udd.cl\/tecnologia-medica-santiago\/wp-json\/wp\/v2\/posts\/9169\/revisions\/9178"}],"wp:featuredmedia":[{"embeddable":true,"href":"https:\/\/medicina.udd.cl\/tecnologia-medica-santiago\/wp-json\/wp\/v2\/media\/9172"}],"wp:attachment":[{"href":"https:\/\/medicina.udd.cl\/tecnologia-medica-santiago\/wp-json\/wp\/v2\/media?parent=9169"}],"wp:term":[{"taxonomy":"category","embeddable":true,"href":"https:\/\/medicina.udd.cl\/tecnologia-medica-santiago\/wp-json\/wp\/v2\/categories?post=9169"},{"taxonomy":"post_tag","embeddable":true,"href":"https:\/\/medicina.udd.cl\/tecnologia-medica-santiago\/wp-json\/wp\/v2\/tags?post=9169"}],"curies":[{"name":"wp","href":"https:\/\/api.w.org\/{rel}","templated":true}]}}