{"id":9552,"date":"2025-03-20T13:32:06","date_gmt":"2025-03-20T16:32:06","guid":{"rendered":"https:\/\/medicina.udd.cl\/tecnologia-medica-santiago\/?p=9552"},"modified":"2025-03-20T13:55:05","modified_gmt":"2025-03-20T16:55:05","slug":"estudiantes-de-tecnologia-medica-udd-inician-su-formacion-practica-con-emotiva-ceremonia-de-investidura","status":"publish","type":"post","link":"https:\/\/medicina.udd.cl\/tecnologia-medica-santiago\/noticias\/2025\/03\/20\/estudiantes-de-tecnologia-medica-udd-inician-su-formacion-practica-con-emotiva-ceremonia-de-investidura\/","title":{"rendered":"Estudiantes de Tecnolog\u00eda M\u00e9dica UDD inician su formaci\u00f3n pr\u00e1ctica con emotiva ceremonia de investidura"},"content":{"rendered":"\n<figure class=\"wp-block-image aligncenter size-large\"><a href=\"https:\/\/medicina.udd.cl\/tecnologia-medica-santiago\/files\/2025\/03\/tm-investidura-2025-1-scaled.jpg\"><img loading=\"lazy\" decoding=\"async\" width=\"1024\" height=\"683\" src=\"https:\/\/medicina.udd.cl\/tecnologia-medica-santiago\/files\/2025\/03\/tm-investidura-2025-1-1024x683.jpg\" alt=\"\" class=\"wp-image-9553\" srcset=\"https:\/\/medicina.udd.cl\/tecnologia-medica-santiago\/files\/2025\/03\/tm-investidura-2025-1-1024x683.jpg 1024w, https:\/\/medicina.udd.cl\/tecnologia-medica-santiago\/files\/2025\/03\/tm-investidura-2025-1-300x200.jpg 300w, https:\/\/medicina.udd.cl\/tecnologia-medica-santiago\/files\/2025\/03\/tm-investidura-2025-1-768x512.jpg 768w, https:\/\/medicina.udd.cl\/tecnologia-medica-santiago\/files\/2025\/03\/tm-investidura-2025-1-1536x1024.jpg 1536w, https:\/\/medicina.udd.cl\/tecnologia-medica-santiago\/files\/2025\/03\/tm-investidura-2025-1-2048x1365.jpg 2048w\" sizes=\"auto, (max-width: 1024px) 100vw, 1024px\" \/><\/a><\/figure>\n\n\n\n<p>Con gran emoci\u00f3n y acompa\u00f1ados de sus padres, autoridades, docentes y compa\u00f1eros, los estudiantes de Tecnolog\u00eda M\u00e9dica de la Facultad de Medicina Cl\u00ednica Alemana Universidad del Desarrollo (UDD) vivieron su Ceremonia de Investidura, un momento simb\u00f3lico que marca el inicio de sus actividades pr\u00e1cticas en su formaci\u00f3n profesional.<\/p>\n\n\n\n<p>Por primera vez, los estudiantes vistieron sus uniformes cl\u00ednicos, s\u00edmbolo del compromiso, la responsabilidad y la vocaci\u00f3n de servicio que asumen al comenzar sus pr\u00e1cticas en laboratorios, cl\u00ednicas, hospitales y centros de atenci\u00f3n primaria.<\/p>\n\n\n\n<p>La ceremonia fue encabezada por la Dra. Liliana Jadue, vicedecana de las Carreras de la Salud de la Facultad de Medicina, quien destac\u00f3 la relevancia de este hito en la vida universitaria de los futuros tecn\u00f3logos m\u00e9dicos, subrayando la importancia de la \u00e9tica, la empat\u00eda y el compromiso con los pacientes que guiar\u00e1n su ejercicio profesional.<\/p>\n\n\n\n<p>Por su parte, la TM. Mar\u00eda Adriana Parra, directora de la carrera, valor\u00f3 el crecimiento de los estudiantes y la confianza que han ido construyendo en esta nueva etapa en la UDD. Agradeci\u00f3 a las familias por su apoyo constante y destac\u00f3 la calidad educativa y humana del equipo docente, quienes acompa\u00f1an a los estudiantes en su camino formativo.<\/p>\n\n\n\n<p>La presidenta del Centro de Alumnos, Catalina Garay, tambi\u00e9n se dirigi\u00f3 a sus compa\u00f1eros, invit\u00e1ndolos a valorar y aprovechar al m\u00e1ximo esta nueva etapa donde el aprendizaje se vincula directamente con la experiencia cl\u00ednica y el contacto con la salud de las personas.<\/p>\n\n\n\n<p>Como parte de la ceremonia, los coordinadores de las cuatro especialidades de la carrera dedicaron emotivas palabras a los estudiantes, destacando el inicio de esta nueva etapa en su formaci\u00f3n profesional y present\u00e1ndolos oficialmente ante la comunidad acad\u00e9mica. Adem\u00e1s, la coordinadora de Campos Cl\u00ednicos, TM. Mar\u00eda de los \u00c1ngeles de la Maza, resalt\u00f3 la relevancia de su futura presencia en los distintos centros asistenciales, tanto p\u00fablicos como privados, donde comenzar\u00e1n a aplicar sus conocimientos y aportar al equipo de salud.<\/p>\n\n\n\n<p>En un espacio espiritual y de reflexi\u00f3n, la ceremonia cont\u00f3 con la presencia del di\u00e1cono Miguel Miranda y el pastor Mois\u00e9s Vald\u00e9s, quienes entregaron una bendici\u00f3n ecum\u00e9nica a los estudiantes, otorgando un significado a\u00fan m\u00e1s profundo a este momento de su formaci\u00f3n.<\/p>\n\n\n\n<p>Desde ahora, los estudiantes de Tecnolog\u00eda M\u00e9dica comienzan una nueva etapa en la que deber\u00e1n aplicar sus conocimientos, integrarse a equipos de salud y asumir el desaf\u00edo de trabajar con pacientes y sus muestras biol\u00f3gicas, siempre con la vocaci\u00f3n y el compromiso que caracteriza a los profesionales UDD.<\/p>\n\n\n\n<figure class=\"wp-block-gallery has-nested-images columns-default is-cropped wp-block-gallery-1 is-layout-flex wp-block-gallery-is-layout-flex\">\n<figure class=\"wp-block-image size-large\"><a href=\"https:\/\/medicina.udd.cl\/tecnologia-medica-santiago\/files\/2025\/03\/tm-investidura-2025-4-scaled.jpg\"><img loading=\"lazy\" decoding=\"async\" width=\"1024\" height=\"683\" data-id=\"9556\" src=\"https:\/\/medicina.udd.cl\/tecnologia-medica-santiago\/files\/2025\/03\/tm-investidura-2025-4-1024x683.jpg\" alt=\"\" class=\"wp-image-9556\" srcset=\"https:\/\/medicina.udd.cl\/tecnologia-medica-santiago\/files\/2025\/03\/tm-investidura-2025-4-1024x683.jpg 1024w, https:\/\/medicina.udd.cl\/tecnologia-medica-santiago\/files\/2025\/03\/tm-investidura-2025-4-300x200.jpg 300w, https:\/\/medicina.udd.cl\/tecnologia-medica-santiago\/files\/2025\/03\/tm-investidura-2025-4-768x512.jpg 768w, https:\/\/medicina.udd.cl\/tecnologia-medica-santiago\/files\/2025\/03\/tm-investidura-2025-4-1536x1024.jpg 1536w, https:\/\/medicina.udd.cl\/tecnologia-medica-santiago\/files\/2025\/03\/tm-investidura-2025-4-2048x1365.jpg 2048w\" sizes=\"auto, (max-width: 1024px) 100vw, 1024px\" \/><\/a><\/figure>\n\n\n\n<figure class=\"wp-block-image size-large\"><a href=\"https:\/\/medicina.udd.cl\/tecnologia-medica-santiago\/files\/2025\/03\/tm-investidura-2025-8-scaled.jpg\"><img loading=\"lazy\" decoding=\"async\" width=\"1024\" height=\"683\" data-id=\"9559\" src=\"https:\/\/medicina.udd.cl\/tecnologia-medica-santiago\/files\/2025\/03\/tm-investidura-2025-8-1024x683.jpg\" alt=\"\" class=\"wp-image-9559\" srcset=\"https:\/\/medicina.udd.cl\/tecnologia-medica-santiago\/files\/2025\/03\/tm-investidura-2025-8-1024x683.jpg 1024w, https:\/\/medicina.udd.cl\/tecnologia-medica-santiago\/files\/2025\/03\/tm-investidura-2025-8-300x200.jpg 300w, https:\/\/medicina.udd.cl\/tecnologia-medica-santiago\/files\/2025\/03\/tm-investidura-2025-8-768x512.jpg 768w, https:\/\/medicina.udd.cl\/tecnologia-medica-santiago\/files\/2025\/03\/tm-investidura-2025-8-1536x1024.jpg 1536w, https:\/\/medicina.udd.cl\/tecnologia-medica-santiago\/files\/2025\/03\/tm-investidura-2025-8-2048x1365.jpg 2048w\" sizes=\"auto, (max-width: 1024px) 100vw, 1024px\" \/><\/a><\/figure>\n\n\n\n<figure class=\"wp-block-image size-large\"><a href=\"https:\/\/medicina.udd.cl\/tecnologia-medica-santiago\/files\/2025\/03\/tm-investidura-2025-3-scaled.jpg\"><img loading=\"lazy\" decoding=\"async\" width=\"1024\" height=\"683\" data-id=\"9555\" src=\"https:\/\/medicina.udd.cl\/tecnologia-medica-santiago\/files\/2025\/03\/tm-investidura-2025-3-1024x683.jpg\" alt=\"\" class=\"wp-image-9555\" srcset=\"https:\/\/medicina.udd.cl\/tecnologia-medica-santiago\/files\/2025\/03\/tm-investidura-2025-3-1024x683.jpg 1024w, https:\/\/medicina.udd.cl\/tecnologia-medica-santiago\/files\/2025\/03\/tm-investidura-2025-3-300x200.jpg 300w, https:\/\/medicina.udd.cl\/tecnologia-medica-santiago\/files\/2025\/03\/tm-investidura-2025-3-768x512.jpg 768w, https:\/\/medicina.udd.cl\/tecnologia-medica-santiago\/files\/2025\/03\/tm-investidura-2025-3-1536x1024.jpg 1536w, https:\/\/medicina.udd.cl\/tecnologia-medica-santiago\/files\/2025\/03\/tm-investidura-2025-3-2048x1365.jpg 2048w\" sizes=\"auto, (max-width: 1024px) 100vw, 1024px\" \/><\/a><\/figure>\n\n\n\n<figure class=\"wp-block-image size-large\"><a href=\"https:\/\/medicina.udd.cl\/tecnologia-medica-santiago\/files\/2025\/03\/tm-investidura-2025-6-scaled.jpg\"><img loading=\"lazy\" decoding=\"async\" width=\"1024\" height=\"683\" data-id=\"9557\" src=\"https:\/\/medicina.udd.cl\/tecnologia-medica-santiago\/files\/2025\/03\/tm-investidura-2025-6-1024x683.jpg\" alt=\"\" class=\"wp-image-9557\" srcset=\"https:\/\/medicina.udd.cl\/tecnologia-medica-santiago\/files\/2025\/03\/tm-investidura-2025-6-1024x683.jpg 1024w, https:\/\/medicina.udd.cl\/tecnologia-medica-santiago\/files\/2025\/03\/tm-investidura-2025-6-300x200.jpg 300w, https:\/\/medicina.udd.cl\/tecnologia-medica-santiago\/files\/2025\/03\/tm-investidura-2025-6-768x512.jpg 768w, https:\/\/medicina.udd.cl\/tecnologia-medica-santiago\/files\/2025\/03\/tm-investidura-2025-6-1536x1024.jpg 1536w, https:\/\/medicina.udd.cl\/tecnologia-medica-santiago\/files\/2025\/03\/tm-investidura-2025-6-2048x1365.jpg 2048w\" sizes=\"auto, (max-width: 1024px) 100vw, 1024px\" \/><\/a><\/figure>\n\n\n\n<figure class=\"wp-block-image size-large\"><a href=\"https:\/\/medicina.udd.cl\/tecnologia-medica-santiago\/files\/2025\/03\/tm-investidura-2025-7-scaled.jpg\"><img loading=\"lazy\" decoding=\"async\" width=\"1024\" height=\"683\" data-id=\"9558\" src=\"https:\/\/medicina.udd.cl\/tecnologia-medica-santiago\/files\/2025\/03\/tm-investidura-2025-7-1024x683.jpg\" alt=\"\" class=\"wp-image-9558\" srcset=\"https:\/\/medicina.udd.cl\/tecnologia-medica-santiago\/files\/2025\/03\/tm-investidura-2025-7-1024x683.jpg 1024w, https:\/\/medicina.udd.cl\/tecnologia-medica-santiago\/files\/2025\/03\/tm-investidura-2025-7-300x200.jpg 300w, https:\/\/medicina.udd.cl\/tecnologia-medica-santiago\/files\/2025\/03\/tm-investidura-2025-7-768x512.jpg 768w, https:\/\/medicina.udd.cl\/tecnologia-medica-santiago\/files\/2025\/03\/tm-investidura-2025-7-1536x1024.jpg 1536w, https:\/\/medicina.udd.cl\/tecnologia-medica-santiago\/files\/2025\/03\/tm-investidura-2025-7-2048x1365.jpg 2048w\" sizes=\"auto, (max-width: 1024px) 100vw, 1024px\" \/><\/a><\/figure>\n\n\n\n<figure class=\"wp-block-image size-large\"><a href=\"https:\/\/medicina.udd.cl\/tecnologia-medica-santiago\/files\/2025\/03\/tm-investidura-2025-10-scaled.jpg\"><img loading=\"lazy\" decoding=\"async\" width=\"1024\" height=\"683\" data-id=\"9560\" src=\"https:\/\/medicina.udd.cl\/tecnologia-medica-santiago\/files\/2025\/03\/tm-investidura-2025-10-1024x683.jpg\" alt=\"\" class=\"wp-image-9560\" srcset=\"https:\/\/medicina.udd.cl\/tecnologia-medica-santiago\/files\/2025\/03\/tm-investidura-2025-10-1024x683.jpg 1024w, https:\/\/medicina.udd.cl\/tecnologia-medica-santiago\/files\/2025\/03\/tm-investidura-2025-10-300x200.jpg 300w, https:\/\/medicina.udd.cl\/tecnologia-medica-santiago\/files\/2025\/03\/tm-investidura-2025-10-768x512.jpg 768w, https:\/\/medicina.udd.cl\/tecnologia-medica-santiago\/files\/2025\/03\/tm-investidura-2025-10-1536x1024.jpg 1536w, https:\/\/medicina.udd.cl\/tecnologia-medica-santiago\/files\/2025\/03\/tm-investidura-2025-10-2048x1365.jpg 2048w\" sizes=\"auto, (max-width: 1024px) 100vw, 1024px\" \/><\/a><\/figure>\n\n\n\n<figure class=\"wp-block-image size-large\"><a href=\"https:\/\/medicina.udd.cl\/tecnologia-medica-santiago\/files\/2025\/03\/tm-investidura-2025-19-scaled.jpg\"><img loading=\"lazy\" decoding=\"async\" width=\"1024\" height=\"683\" data-id=\"9568\" src=\"https:\/\/medicina.udd.cl\/tecnologia-medica-santiago\/files\/2025\/03\/tm-investidura-2025-19-1024x683.jpg\" alt=\"\" class=\"wp-image-9568\" srcset=\"https:\/\/medicina.udd.cl\/tecnologia-medica-santiago\/files\/2025\/03\/tm-investidura-2025-19-1024x683.jpg 1024w, https:\/\/medicina.udd.cl\/tecnologia-medica-santiago\/files\/2025\/03\/tm-investidura-2025-19-300x200.jpg 300w, https:\/\/medicina.udd.cl\/tecnologia-medica-santiago\/files\/2025\/03\/tm-investidura-2025-19-768x512.jpg 768w, https:\/\/medicina.udd.cl\/tecnologia-medica-santiago\/files\/2025\/03\/tm-investidura-2025-19-1536x1024.jpg 1536w, https:\/\/medicina.udd.cl\/tecnologia-medica-santiago\/files\/2025\/03\/tm-investidura-2025-19-2048x1365.jpg 2048w\" sizes=\"auto, (max-width: 1024px) 100vw, 1024px\" \/><\/a><\/figure>\n\n\n\n<figure class=\"wp-block-image size-large\"><a href=\"https:\/\/medicina.udd.cl\/tecnologia-medica-santiago\/files\/2025\/03\/tm-investidura-2025-14-scaled.jpg\"><img loading=\"lazy\" decoding=\"async\" width=\"1024\" height=\"683\" data-id=\"9563\" src=\"https:\/\/medicina.udd.cl\/tecnologia-medica-santiago\/files\/2025\/03\/tm-investidura-2025-14-1024x683.jpg\" alt=\"\" class=\"wp-image-9563\" srcset=\"https:\/\/medicina.udd.cl\/tecnologia-medica-santiago\/files\/2025\/03\/tm-investidura-2025-14-1024x683.jpg 1024w, https:\/\/medicina.udd.cl\/tecnologia-medica-santiago\/files\/2025\/03\/tm-investidura-2025-14-300x200.jpg 300w, https:\/\/medicina.udd.cl\/tecnologia-medica-santiago\/files\/2025\/03\/tm-investidura-2025-14-768x512.jpg 768w, https:\/\/medicina.udd.cl\/tecnologia-medica-santiago\/files\/2025\/03\/tm-investidura-2025-14-1536x1024.jpg 1536w, https:\/\/medicina.udd.cl\/tecnologia-medica-santiago\/files\/2025\/03\/tm-investidura-2025-14-2048x1365.jpg 2048w\" sizes=\"auto, (max-width: 1024px) 100vw, 1024px\" \/><\/a><\/figure>\n\n\n\n<figure class=\"wp-block-image size-large\"><a href=\"https:\/\/medicina.udd.cl\/tecnologia-medica-santiago\/files\/2025\/03\/tm-investidura-2025-11-scaled.jpg\"><img loading=\"lazy\" decoding=\"async\" width=\"1024\" height=\"683\" data-id=\"9561\" src=\"https:\/\/medicina.udd.cl\/tecnologia-medica-santiago\/files\/2025\/03\/tm-investidura-2025-11-1024x683.jpg\" alt=\"\" class=\"wp-image-9561\" srcset=\"https:\/\/medicina.udd.cl\/tecnologia-medica-santiago\/files\/2025\/03\/tm-investidura-2025-11-1024x683.jpg 1024w, https:\/\/medicina.udd.cl\/tecnologia-medica-santiago\/files\/2025\/03\/tm-investidura-2025-11-300x200.jpg 300w, https:\/\/medicina.udd.cl\/tecnologia-medica-santiago\/files\/2025\/03\/tm-investidura-2025-11-768x512.jpg 768w, https:\/\/medicina.udd.cl\/tecnologia-medica-santiago\/files\/2025\/03\/tm-investidura-2025-11-1536x1024.jpg 1536w\" sizes=\"auto, (max-width: 1024px) 100vw, 1024px\" \/><\/a><\/figure>\n\n\n\n<figure class=\"wp-block-image size-large\"><a href=\"https:\/\/medicina.udd.cl\/tecnologia-medica-santiago\/files\/2025\/03\/tm-investidura-2025-12-scaled.jpg\"><img loading=\"lazy\" decoding=\"async\" width=\"1024\" height=\"683\" data-id=\"9562\" src=\"https:\/\/medicina.udd.cl\/tecnologia-medica-santiago\/files\/2025\/03\/tm-investidura-2025-12-1024x683.jpg\" alt=\"\" class=\"wp-image-9562\" srcset=\"https:\/\/medicina.udd.cl\/tecnologia-medica-santiago\/files\/2025\/03\/tm-investidura-2025-12-1024x683.jpg 1024w, https:\/\/medicina.udd.cl\/tecnologia-medica-santiago\/files\/2025\/03\/tm-investidura-2025-12-300x200.jpg 300w, https:\/\/medicina.udd.cl\/tecnologia-medica-santiago\/files\/2025\/03\/tm-investidura-2025-12-768x512.jpg 768w, https:\/\/medicina.udd.cl\/tecnologia-medica-santiago\/files\/2025\/03\/tm-investidura-2025-12-1536x1024.jpg 1536w, https:\/\/medicina.udd.cl\/tecnologia-medica-santiago\/files\/2025\/03\/tm-investidura-2025-12-2048x1365.jpg 2048w\" sizes=\"auto, (max-width: 1024px) 100vw, 1024px\" \/><\/a><\/figure>\n\n\n\n<figure class=\"wp-block-image size-large\"><a href=\"https:\/\/medicina.udd.cl\/tecnologia-medica-santiago\/files\/2025\/03\/tm-investidura-2025-15-scaled.jpg\"><img loading=\"lazy\" decoding=\"async\" width=\"1024\" height=\"683\" data-id=\"9564\" src=\"https:\/\/medicina.udd.cl\/tecnologia-medica-santiago\/files\/2025\/03\/tm-investidura-2025-15-1024x683.jpg\" alt=\"\" class=\"wp-image-9564\" srcset=\"https:\/\/medicina.udd.cl\/tecnologia-medica-santiago\/files\/2025\/03\/tm-investidura-2025-15-1024x683.jpg 1024w, https:\/\/medicina.udd.cl\/tecnologia-medica-santiago\/files\/2025\/03\/tm-investidura-2025-15-300x200.jpg 300w, https:\/\/medicina.udd.cl\/tecnologia-medica-santiago\/files\/2025\/03\/tm-investidura-2025-15-768x512.jpg 768w, https:\/\/medicina.udd.cl\/tecnologia-medica-santiago\/files\/2025\/03\/tm-investidura-2025-15-1536x1024.jpg 1536w, https:\/\/medicina.udd.cl\/tecnologia-medica-santiago\/files\/2025\/03\/tm-investidura-2025-15-2048x1365.jpg 2048w\" sizes=\"auto, (max-width: 1024px) 100vw, 1024px\" \/><\/a><\/figure>\n\n\n\n<figure class=\"wp-block-image size-large\"><a href=\"https:\/\/medicina.udd.cl\/tecnologia-medica-santiago\/files\/2025\/03\/tm-investidura-2025-18-scaled.jpg\"><img loading=\"lazy\" decoding=\"async\" width=\"1024\" height=\"683\" data-id=\"9567\" src=\"https:\/\/medicina.udd.cl\/tecnologia-medica-santiago\/files\/2025\/03\/tm-investidura-2025-18-1024x683.jpg\" alt=\"\" class=\"wp-image-9567\" srcset=\"https:\/\/medicina.udd.cl\/tecnologia-medica-santiago\/files\/2025\/03\/tm-investidura-2025-18-1024x683.jpg 1024w, https:\/\/medicina.udd.cl\/tecnologia-medica-santiago\/files\/2025\/03\/tm-investidura-2025-18-300x200.jpg 300w, https:\/\/medicina.udd.cl\/tecnologia-medica-santiago\/files\/2025\/03\/tm-investidura-2025-18-768x512.jpg 768w, https:\/\/medicina.udd.cl\/tecnologia-medica-santiago\/files\/2025\/03\/tm-investidura-2025-18-1536x1024.jpg 1536w, https:\/\/medicina.udd.cl\/tecnologia-medica-santiago\/files\/2025\/03\/tm-investidura-2025-18-2048x1365.jpg 2048w\" sizes=\"auto, (max-width: 1024px) 100vw, 1024px\" \/><\/a><\/figure>\n\n\n\n<figure class=\"wp-block-image size-large\"><a href=\"https:\/\/medicina.udd.cl\/tecnologia-medica-santiago\/files\/2025\/03\/tm-investidura-2025-25-scaled.jpg\"><img loading=\"lazy\" decoding=\"async\" width=\"1024\" height=\"683\" data-id=\"9574\" src=\"https:\/\/medicina.udd.cl\/tecnologia-medica-santiago\/files\/2025\/03\/tm-investidura-2025-25-1024x683.jpg\" alt=\"\" class=\"wp-image-9574\" srcset=\"https:\/\/medicina.udd.cl\/tecnologia-medica-santiago\/files\/2025\/03\/tm-investidura-2025-25-1024x683.jpg 1024w, https:\/\/medicina.udd.cl\/tecnologia-medica-santiago\/files\/2025\/03\/tm-investidura-2025-25-300x200.jpg 300w, https:\/\/medicina.udd.cl\/tecnologia-medica-santiago\/files\/2025\/03\/tm-investidura-2025-25-768x512.jpg 768w, https:\/\/medicina.udd.cl\/tecnologia-medica-santiago\/files\/2025\/03\/tm-investidura-2025-25-1536x1024.jpg 1536w\" sizes=\"auto, (max-width: 1024px) 100vw, 1024px\" \/><\/a><\/figure>\n\n\n\n<figure class=\"wp-block-image size-large\"><a href=\"https:\/\/medicina.udd.cl\/tecnologia-medica-santiago\/files\/2025\/03\/tm-investidura-2025-20-scaled.jpg\"><img loading=\"lazy\" decoding=\"async\" width=\"1024\" height=\"683\" data-id=\"9569\" src=\"https:\/\/medicina.udd.cl\/tecnologia-medica-santiago\/files\/2025\/03\/tm-investidura-2025-20-1024x683.jpg\" alt=\"\" class=\"wp-image-9569\" srcset=\"https:\/\/medicina.udd.cl\/tecnologia-medica-santiago\/files\/2025\/03\/tm-investidura-2025-20-1024x683.jpg 1024w, https:\/\/medicina.udd.cl\/tecnologia-medica-santiago\/files\/2025\/03\/tm-investidura-2025-20-300x200.jpg 300w, https:\/\/medicina.udd.cl\/tecnologia-medica-santiago\/files\/2025\/03\/tm-investidura-2025-20-768x512.jpg 768w, https:\/\/medicina.udd.cl\/tecnologia-medica-santiago\/files\/2025\/03\/tm-investidura-2025-20-1536x1024.jpg 1536w, https:\/\/medicina.udd.cl\/tecnologia-medica-santiago\/files\/2025\/03\/tm-investidura-2025-20-2048x1365.jpg 2048w\" sizes=\"auto, (max-width: 1024px) 100vw, 1024px\" \/><\/a><\/figure>\n\n\n\n<figure class=\"wp-block-image size-large\"><a href=\"https:\/\/medicina.udd.cl\/tecnologia-medica-santiago\/files\/2025\/03\/tm-investidura-2025-22-scaled.jpg\"><img loading=\"lazy\" decoding=\"async\" width=\"1024\" height=\"683\" data-id=\"9571\" src=\"https:\/\/medicina.udd.cl\/tecnologia-medica-santiago\/files\/2025\/03\/tm-investidura-2025-22-1024x683.jpg\" alt=\"\" class=\"wp-image-9571\" srcset=\"https:\/\/medicina.udd.cl\/tecnologia-medica-santiago\/files\/2025\/03\/tm-investidura-2025-22-1024x683.jpg 1024w, https:\/\/medicina.udd.cl\/tecnologia-medica-santiago\/files\/2025\/03\/tm-investidura-2025-22-300x200.jpg 300w, https:\/\/medicina.udd.cl\/tecnologia-medica-santiago\/files\/2025\/03\/tm-investidura-2025-22-768x512.jpg 768w, https:\/\/medicina.udd.cl\/tecnologia-medica-santiago\/files\/2025\/03\/tm-investidura-2025-22-1536x1024.jpg 1536w, https:\/\/medicina.udd.cl\/tecnologia-medica-santiago\/files\/2025\/03\/tm-investidura-2025-22-2048x1365.jpg 2048w\" sizes=\"auto, (max-width: 1024px) 100vw, 1024px\" \/><\/a><\/figure>\n\n\n\n<figure class=\"wp-block-image size-large\"><a href=\"https:\/\/medicina.udd.cl\/tecnologia-medica-santiago\/files\/2025\/03\/tm-investidura-2025-21-scaled.jpg\"><img loading=\"lazy\" decoding=\"async\" width=\"1024\" height=\"683\" data-id=\"9570\" src=\"https:\/\/medicina.udd.cl\/tecnologia-medica-santiago\/files\/2025\/03\/tm-investidura-2025-21-1024x683.jpg\" alt=\"\" class=\"wp-image-9570\" srcset=\"https:\/\/medicina.udd.cl\/tecnologia-medica-santiago\/files\/2025\/03\/tm-investidura-2025-21-1024x683.jpg 1024w, https:\/\/medicina.udd.cl\/tecnologia-medica-santiago\/files\/2025\/03\/tm-investidura-2025-21-300x200.jpg 300w, https:\/\/medicina.udd.cl\/tecnologia-medica-santiago\/files\/2025\/03\/tm-investidura-2025-21-768x512.jpg 768w, https:\/\/medicina.udd.cl\/tecnologia-medica-santiago\/files\/2025\/03\/tm-investidura-2025-21-1536x1024.jpg 1536w, https:\/\/medicina.udd.cl\/tecnologia-medica-santiago\/files\/2025\/03\/tm-investidura-2025-21-2048x1365.jpg 2048w\" sizes=\"auto, (max-width: 1024px) 100vw, 1024px\" \/><\/a><\/figure>\n\n\n\n<figure class=\"wp-block-image size-large\"><a href=\"https:\/\/medicina.udd.cl\/tecnologia-medica-santiago\/files\/2025\/03\/tm-investidura-2025-24-scaled.jpg\"><img loading=\"lazy\" decoding=\"async\" width=\"1024\" height=\"683\" data-id=\"9573\" src=\"https:\/\/medicina.udd.cl\/tecnologia-medica-santiago\/files\/2025\/03\/tm-investidura-2025-24-1024x683.jpg\" alt=\"\" class=\"wp-image-9573\" srcset=\"https:\/\/medicina.udd.cl\/tecnologia-medica-santiago\/files\/2025\/03\/tm-investidura-2025-24-1024x683.jpg 1024w, https:\/\/medicina.udd.cl\/tecnologia-medica-santiago\/files\/2025\/03\/tm-investidura-2025-24-300x200.jpg 300w, https:\/\/medicina.udd.cl\/tecnologia-medica-santiago\/files\/2025\/03\/tm-investidura-2025-24-768x512.jpg 768w, https:\/\/medicina.udd.cl\/tecnologia-medica-santiago\/files\/2025\/03\/tm-investidura-2025-24-1536x1024.jpg 1536w, https:\/\/medicina.udd.cl\/tecnologia-medica-santiago\/files\/2025\/03\/tm-investidura-2025-24-2048x1365.jpg 2048w\" sizes=\"auto, (max-width: 1024px) 100vw, 1024px\" \/><\/a><\/figure>\n\n\n\n<figure class=\"wp-block-image size-large\"><a href=\"https:\/\/medicina.udd.cl\/tecnologia-medica-santiago\/files\/2025\/03\/tm-investidura-2025-23-scaled.jpg\"><img loading=\"lazy\" decoding=\"async\" width=\"1024\" height=\"683\" data-id=\"9572\" src=\"https:\/\/medicina.udd.cl\/tecnologia-medica-santiago\/files\/2025\/03\/tm-investidura-2025-23-1024x683.jpg\" alt=\"\" class=\"wp-image-9572\" srcset=\"https:\/\/medicina.udd.cl\/tecnologia-medica-santiago\/files\/2025\/03\/tm-investidura-2025-23-1024x683.jpg 1024w, https:\/\/medicina.udd.cl\/tecnologia-medica-santiago\/files\/2025\/03\/tm-investidura-2025-23-300x200.jpg 300w, https:\/\/medicina.udd.cl\/tecnologia-medica-santiago\/files\/2025\/03\/tm-investidura-2025-23-768x512.jpg 768w, https:\/\/medicina.udd.cl\/tecnologia-medica-santiago\/files\/2025\/03\/tm-investidura-2025-23-1536x1024.jpg 1536w, https:\/\/medicina.udd.cl\/tecnologia-medica-santiago\/files\/2025\/03\/tm-investidura-2025-23-2048x1365.jpg 2048w\" sizes=\"auto, (max-width: 1024px) 100vw, 1024px\" \/><\/a><\/figure>\n\n\n\n<figure class=\"wp-block-image size-large\"><a href=\"https:\/\/medicina.udd.cl\/tecnologia-medica-santiago\/files\/2025\/03\/tm-investidura-2025-17-scaled.jpg\"><img loading=\"lazy\" decoding=\"async\" width=\"1024\" height=\"683\" data-id=\"9566\" src=\"https:\/\/medicina.udd.cl\/tecnologia-medica-santiago\/files\/2025\/03\/tm-investidura-2025-17-1024x683.jpg\" alt=\"\" class=\"wp-image-9566\" srcset=\"https:\/\/medicina.udd.cl\/tecnologia-medica-santiago\/files\/2025\/03\/tm-investidura-2025-17-1024x683.jpg 1024w, https:\/\/medicina.udd.cl\/tecnologia-medica-santiago\/files\/2025\/03\/tm-investidura-2025-17-300x200.jpg 300w, https:\/\/medicina.udd.cl\/tecnologia-medica-santiago\/files\/2025\/03\/tm-investidura-2025-17-768x512.jpg 768w, https:\/\/medicina.udd.cl\/tecnologia-medica-santiago\/files\/2025\/03\/tm-investidura-2025-17-1536x1024.jpg 1536w, https:\/\/medicina.udd.cl\/tecnologia-medica-santiago\/files\/2025\/03\/tm-investidura-2025-17-2048x1365.jpg 2048w\" sizes=\"auto, (max-width: 1024px) 100vw, 1024px\" \/><\/a><\/figure>\n\n\n\n<figure class=\"wp-block-image size-large\"><a href=\"https:\/\/medicina.udd.cl\/tecnologia-medica-santiago\/files\/2025\/03\/tm-investidura-2025-27-scaled.jpg\"><img loading=\"lazy\" decoding=\"async\" width=\"1024\" height=\"683\" data-id=\"9575\" src=\"https:\/\/medicina.udd.cl\/tecnologia-medica-santiago\/files\/2025\/03\/tm-investidura-2025-27-1024x683.jpg\" alt=\"\" class=\"wp-image-9575\" srcset=\"https:\/\/medicina.udd.cl\/tecnologia-medica-santiago\/files\/2025\/03\/tm-investidura-2025-27-1024x683.jpg 1024w, https:\/\/medicina.udd.cl\/tecnologia-medica-santiago\/files\/2025\/03\/tm-investidura-2025-27-300x200.jpg 300w, https:\/\/medicina.udd.cl\/tecnologia-medica-santiago\/files\/2025\/03\/tm-investidura-2025-27-768x512.jpg 768w, https:\/\/medicina.udd.cl\/tecnologia-medica-santiago\/files\/2025\/03\/tm-investidura-2025-27-1536x1024.jpg 1536w, https:\/\/medicina.udd.cl\/tecnologia-medica-santiago\/files\/2025\/03\/tm-investidura-2025-27-2048x1365.jpg 2048w\" sizes=\"auto, (max-width: 1024px) 100vw, 1024px\" \/><\/a><\/figure>\n\n\n\n<figure class=\"wp-block-image size-large\"><a href=\"https:\/\/medicina.udd.cl\/tecnologia-medica-santiago\/files\/2025\/03\/tm-investidura-2025-16-scaled.jpg\"><img loading=\"lazy\" decoding=\"async\" width=\"1024\" height=\"683\" data-id=\"9565\" src=\"https:\/\/medicina.udd.cl\/tecnologia-medica-santiago\/files\/2025\/03\/tm-investidura-2025-16-1024x683.jpg\" alt=\"\" class=\"wp-image-9565\" srcset=\"https:\/\/medicina.udd.cl\/tecnologia-medica-santiago\/files\/2025\/03\/tm-investidura-2025-16-1024x683.jpg 1024w, https:\/\/medicina.udd.cl\/tecnologia-medica-santiago\/files\/2025\/03\/tm-investidura-2025-16-300x200.jpg 300w, https:\/\/medicina.udd.cl\/tecnologia-medica-santiago\/files\/2025\/03\/tm-investidura-2025-16-768x512.jpg 768w, https:\/\/medicina.udd.cl\/tecnologia-medica-santiago\/files\/2025\/03\/tm-investidura-2025-16-1536x1024.jpg 1536w, https:\/\/medicina.udd.cl\/tecnologia-medica-santiago\/files\/2025\/03\/tm-investidura-2025-16-2048x1365.jpg 2048w\" sizes=\"auto, (max-width: 1024px) 100vw, 1024px\" \/><\/a><\/figure>\n\n\n\n<figure class=\"wp-block-image size-large\"><a href=\"https:\/\/medicina.udd.cl\/tecnologia-medica-santiago\/files\/2025\/03\/tm-investidura-2025-32-scaled.jpg\"><img loading=\"lazy\" decoding=\"async\" width=\"1024\" height=\"683\" data-id=\"9579\" src=\"https:\/\/medicina.udd.cl\/tecnologia-medica-santiago\/files\/2025\/03\/tm-investidura-2025-32-1024x683.jpg\" alt=\"\" class=\"wp-image-9579\" srcset=\"https:\/\/medicina.udd.cl\/tecnologia-medica-santiago\/files\/2025\/03\/tm-investidura-2025-32-1024x683.jpg 1024w, https:\/\/medicina.udd.cl\/tecnologia-medica-santiago\/files\/2025\/03\/tm-investidura-2025-32-300x200.jpg 300w, https:\/\/medicina.udd.cl\/tecnologia-medica-santiago\/files\/2025\/03\/tm-investidura-2025-32-768x512.jpg 768w, https:\/\/medicina.udd.cl\/tecnologia-medica-santiago\/files\/2025\/03\/tm-investidura-2025-32-1536x1024.jpg 1536w, https:\/\/medicina.udd.cl\/tecnologia-medica-santiago\/files\/2025\/03\/tm-investidura-2025-32-2048x1365.jpg 2048w\" sizes=\"auto, (max-width: 1024px) 100vw, 1024px\" \/><\/a><\/figure>\n\n\n\n<figure class=\"wp-block-image size-large\"><a href=\"https:\/\/medicina.udd.cl\/tecnologia-medica-santiago\/files\/2025\/03\/tm-investidura-2025-29-scaled.jpg\"><img loading=\"lazy\" decoding=\"async\" width=\"1024\" height=\"683\" data-id=\"9577\" src=\"https:\/\/medicina.udd.cl\/tecnologia-medica-santiago\/files\/2025\/03\/tm-investidura-2025-29-1024x683.jpg\" alt=\"\" class=\"wp-image-9577\" srcset=\"https:\/\/medicina.udd.cl\/tecnologia-medica-santiago\/files\/2025\/03\/tm-investidura-2025-29-1024x683.jpg 1024w, https:\/\/medicina.udd.cl\/tecnologia-medica-santiago\/files\/2025\/03\/tm-investidura-2025-29-300x200.jpg 300w, https:\/\/medicina.udd.cl\/tecnologia-medica-santiago\/files\/2025\/03\/tm-investidura-2025-29-768x512.jpg 768w, https:\/\/medicina.udd.cl\/tecnologia-medica-santiago\/files\/2025\/03\/tm-investidura-2025-29-1536x1024.jpg 1536w, https:\/\/medicina.udd.cl\/tecnologia-medica-santiago\/files\/2025\/03\/tm-investidura-2025-29-2048x1365.jpg 2048w\" sizes=\"auto, (max-width: 1024px) 100vw, 1024px\" \/><\/a><\/figure>\n\n\n\n<figure class=\"wp-block-image size-large\"><a href=\"https:\/\/medicina.udd.cl\/tecnologia-medica-santiago\/files\/2025\/03\/tm-investidura-2025-30-scaled.jpg\"><img loading=\"lazy\" decoding=\"async\" width=\"1024\" height=\"683\" data-id=\"9578\" src=\"https:\/\/medicina.udd.cl\/tecnologia-medica-santiago\/files\/2025\/03\/tm-investidura-2025-30-1024x683.jpg\" alt=\"\" class=\"wp-image-9578\" srcset=\"https:\/\/medicina.udd.cl\/tecnologia-medica-santiago\/files\/2025\/03\/tm-investidura-2025-30-1024x683.jpg 1024w, https:\/\/medicina.udd.cl\/tecnologia-medica-santiago\/files\/2025\/03\/tm-investidura-2025-30-300x200.jpg 300w, https:\/\/medicina.udd.cl\/tecnologia-medica-santiago\/files\/2025\/03\/tm-investidura-2025-30-768x512.jpg 768w, https:\/\/medicina.udd.cl\/tecnologia-medica-santiago\/files\/2025\/03\/tm-investidura-2025-30-1536x1024.jpg 1536w, https:\/\/medicina.udd.cl\/tecnologia-medica-santiago\/files\/2025\/03\/tm-investidura-2025-30-2048x1365.jpg 2048w\" sizes=\"auto, (max-width: 1024px) 100vw, 1024px\" \/><\/a><\/figure>\n\n\n\n<figure class=\"wp-block-image size-large\"><a href=\"https:\/\/medicina.udd.cl\/tecnologia-medica-santiago\/files\/2025\/03\/tm-investidura-2025-2-scaled.jpg\"><img loading=\"lazy\" decoding=\"async\" width=\"1024\" height=\"683\" data-id=\"9554\" src=\"https:\/\/medicina.udd.cl\/tecnologia-medica-santiago\/files\/2025\/03\/tm-investidura-2025-2-1024x683.jpg\" alt=\"\" class=\"wp-image-9554\" srcset=\"https:\/\/medicina.udd.cl\/tecnologia-medica-santiago\/files\/2025\/03\/tm-investidura-2025-2-1024x683.jpg 1024w, https:\/\/medicina.udd.cl\/tecnologia-medica-santiago\/files\/2025\/03\/tm-investidura-2025-2-300x200.jpg 300w, https:\/\/medicina.udd.cl\/tecnologia-medica-santiago\/files\/2025\/03\/tm-investidura-2025-2-768x512.jpg 768w, https:\/\/medicina.udd.cl\/tecnologia-medica-santiago\/files\/2025\/03\/tm-investidura-2025-2-1536x1024.jpg 1536w, https:\/\/medicina.udd.cl\/tecnologia-medica-santiago\/files\/2025\/03\/tm-investidura-2025-2-2048x1365.jpg 2048w\" sizes=\"auto, (max-width: 1024px) 100vw, 1024px\" \/><\/a><\/figure>\n<\/figure>\n","protected":false},"excerpt":{"rendered":"<p>Con gran emoci\u00f3n y acompa\u00f1ados de sus padres, autoridades, docentes y compa\u00f1eros, los estudiantes de Tecnolog\u00eda M\u00e9dica de la Facultad de Medicina Cl\u00ednica Alemana Universidad del Desarrollo (UDD) vivieron su Ceremonia de Investidura, un momento simb\u00f3lico que marca el inicio de sus actividades pr\u00e1cticas en su formaci\u00f3n profesional. Por primera vez, los estudiantes vistieron sus [&hellip;]<\/p>\n","protected":false},"author":9192219,"featured_media":9554,"comment_status":"closed","ping_status":"open","sticky":false,"template":"","format":"standard","meta":{"footnotes":""},"categories":[4],"tags":[],"class_list":["post-9552","post","type-post","status-publish","format-standard","has-post-thumbnail","hentry","category-noticias"],"yoast_head":"<!-- This site is optimized with the Yoast SEO plugin v26.9 - https:\/\/yoast.com\/product\/yoast-seo-wordpress\/ -->\n<title>Estudiantes de Tecnolog\u00eda M\u00e9dica UDD inician su formaci\u00f3n pr\u00e1ctica con emotiva ceremonia de investidura - Tecnolog\u00eda M\u00e9dica<\/title>\n<meta name=\"robots\" content=\"index, follow, max-snippet:-1, max-image-preview:large, max-video-preview:-1\" \/>\n<link rel=\"canonical\" href=\"https:\/\/medicina.udd.cl\/tecnologia-medica-santiago\/noticias\/2025\/03\/20\/estudiantes-de-tecnologia-medica-udd-inician-su-formacion-practica-con-emotiva-ceremonia-de-investidura\/\" \/>\n<meta property=\"og:locale\" content=\"es_ES\" \/>\n<meta property=\"og:type\" content=\"article\" \/>\n<meta property=\"og:title\" content=\"Estudiantes de Tecnolog\u00eda M\u00e9dica UDD inician su formaci\u00f3n pr\u00e1ctica con emotiva ceremonia de investidura - Tecnolog\u00eda M\u00e9dica\" \/>\n<meta property=\"og:description\" content=\"Con gran emoci\u00f3n y acompa\u00f1ados de sus padres, autoridades, docentes y compa\u00f1eros, los estudiantes de Tecnolog\u00eda M\u00e9dica de la Facultad de Medicina Cl\u00ednica Alemana Universidad del Desarrollo (UDD) vivieron su Ceremonia de Investidura, un momento simb\u00f3lico que marca el inicio de sus actividades pr\u00e1cticas en su formaci\u00f3n profesional. Por primera vez, los estudiantes vistieron sus [&hellip;]\" \/>\n<meta property=\"og:url\" content=\"https:\/\/medicina.udd.cl\/tecnologia-medica-santiago\/noticias\/2025\/03\/20\/estudiantes-de-tecnologia-medica-udd-inician-su-formacion-practica-con-emotiva-ceremonia-de-investidura\/\" \/>\n<meta property=\"og:site_name\" content=\"Tecnolog\u00eda M\u00e9dica\" \/>\n<meta property=\"article:published_time\" content=\"2025-03-20T16:32:06+00:00\" \/>\n<meta property=\"article:modified_time\" content=\"2025-03-20T16:55:05+00:00\" \/>\n<meta property=\"og:image\" content=\"https:\/\/medicina.udd.cl\/tecnologia-medica-santiago\/files\/2025\/03\/tm-investidura-2025-2-scaled.jpg\" \/>\n\t<meta property=\"og:image:width\" content=\"2560\" \/>\n\t<meta property=\"og:image:height\" content=\"1707\" \/>\n\t<meta property=\"og:image:type\" content=\"image\/jpeg\" \/>\n<meta name=\"author\" content=\"rbraidy\" \/>\n<meta name=\"twitter:label1\" content=\"Escrito por\" \/>\n\t<meta name=\"twitter:data1\" content=\"rbraidy\" \/>\n\t<meta name=\"twitter:label2\" content=\"Tiempo de lectura\" \/>\n\t<meta name=\"twitter:data2\" content=\"8 minutos\" \/>\n<script type=\"application\/ld+json\" class=\"yoast-schema-graph\">{\"@context\":\"https:\/\/schema.org\",\"@graph\":[{\"@type\":\"Article\",\"@id\":\"https:\/\/medicina.udd.cl\/tecnologia-medica-santiago\/noticias\/2025\/03\/20\/estudiantes-de-tecnologia-medica-udd-inician-su-formacion-practica-con-emotiva-ceremonia-de-investidura\/#article\",\"isPartOf\":{\"@id\":\"https:\/\/medicina.udd.cl\/tecnologia-medica-santiago\/noticias\/2025\/03\/20\/estudiantes-de-tecnologia-medica-udd-inician-su-formacion-practica-con-emotiva-ceremonia-de-investidura\/\"},\"author\":{\"name\":\"rbraidy\",\"@id\":\"https:\/\/medicina.udd.cl\/tecnologia-medica-santiago\/#\/schema\/person\/dbc3705bf3a93e8be1ba6de0ef950341\"},\"headline\":\"Estudiantes de Tecnolog\u00eda M\u00e9dica UDD inician su formaci\u00f3n pr\u00e1ctica con emotiva ceremonia de investidura\",\"datePublished\":\"2025-03-20T16:32:06+00:00\",\"dateModified\":\"2025-03-20T16:55:05+00:00\",\"mainEntityOfPage\":{\"@id\":\"https:\/\/medicina.udd.cl\/tecnologia-medica-santiago\/noticias\/2025\/03\/20\/estudiantes-de-tecnologia-medica-udd-inician-su-formacion-practica-con-emotiva-ceremonia-de-investidura\/\"},\"wordCount\":477,\"image\":{\"@id\":\"https:\/\/medicina.udd.cl\/tecnologia-medica-santiago\/noticias\/2025\/03\/20\/estudiantes-de-tecnologia-medica-udd-inician-su-formacion-practica-con-emotiva-ceremonia-de-investidura\/#primaryimage\"},\"thumbnailUrl\":\"https:\/\/medicina.udd.cl\/tecnologia-medica-santiago\/files\/2025\/03\/tm-investidura-2025-2-scaled.jpg\",\"articleSection\":[\"Noticias\"],\"inLanguage\":\"es\"},{\"@type\":\"WebPage\",\"@id\":\"https:\/\/medicina.udd.cl\/tecnologia-medica-santiago\/noticias\/2025\/03\/20\/estudiantes-de-tecnologia-medica-udd-inician-su-formacion-practica-con-emotiva-ceremonia-de-investidura\/\",\"url\":\"https:\/\/medicina.udd.cl\/tecnologia-medica-santiago\/noticias\/2025\/03\/20\/estudiantes-de-tecnologia-medica-udd-inician-su-formacion-practica-con-emotiva-ceremonia-de-investidura\/\",\"name\":\"Estudiantes de Tecnolog\u00eda M\u00e9dica UDD inician su formaci\u00f3n pr\u00e1ctica con emotiva ceremonia de investidura - Tecnolog\u00eda M\u00e9dica\",\"isPartOf\":{\"@id\":\"https:\/\/medicina.udd.cl\/tecnologia-medica-santiago\/#website\"},\"primaryImageOfPage\":{\"@id\":\"https:\/\/medicina.udd.cl\/tecnologia-medica-santiago\/noticias\/2025\/03\/20\/estudiantes-de-tecnologia-medica-udd-inician-su-formacion-practica-con-emotiva-ceremonia-de-investidura\/#primaryimage\"},\"image\":{\"@id\":\"https:\/\/medicina.udd.cl\/tecnologia-medica-santiago\/noticias\/2025\/03\/20\/estudiantes-de-tecnologia-medica-udd-inician-su-formacion-practica-con-emotiva-ceremonia-de-investidura\/#primaryimage\"},\"thumbnailUrl\":\"https:\/\/medicina.udd.cl\/tecnologia-medica-santiago\/files\/2025\/03\/tm-investidura-2025-2-scaled.jpg\",\"datePublished\":\"2025-03-20T16:32:06+00:00\",\"dateModified\":\"2025-03-20T16:55:05+00:00\",\"author\":{\"@id\":\"https:\/\/medicina.udd.cl\/tecnologia-medica-santiago\/#\/schema\/person\/dbc3705bf3a93e8be1ba6de0ef950341\"},\"breadcrumb\":{\"@id\":\"https:\/\/medicina.udd.cl\/tecnologia-medica-santiago\/noticias\/2025\/03\/20\/estudiantes-de-tecnologia-medica-udd-inician-su-formacion-practica-con-emotiva-ceremonia-de-investidura\/#breadcrumb\"},\"inLanguage\":\"es\",\"potentialAction\":[{\"@type\":\"ReadAction\",\"target\":[\"https:\/\/medicina.udd.cl\/tecnologia-medica-santiago\/noticias\/2025\/03\/20\/estudiantes-de-tecnologia-medica-udd-inician-su-formacion-practica-con-emotiva-ceremonia-de-investidura\/\"]}]},{\"@type\":\"ImageObject\",\"inLanguage\":\"es\",\"@id\":\"https:\/\/medicina.udd.cl\/tecnologia-medica-santiago\/noticias\/2025\/03\/20\/estudiantes-de-tecnologia-medica-udd-inician-su-formacion-practica-con-emotiva-ceremonia-de-investidura\/#primaryimage\",\"url\":\"https:\/\/medicina.udd.cl\/tecnologia-medica-santiago\/files\/2025\/03\/tm-investidura-2025-2-scaled.jpg\",\"contentUrl\":\"https:\/\/medicina.udd.cl\/tecnologia-medica-santiago\/files\/2025\/03\/tm-investidura-2025-2-scaled.jpg\",\"width\":2560,\"height\":1707},{\"@type\":\"BreadcrumbList\",\"@id\":\"https:\/\/medicina.udd.cl\/tecnologia-medica-santiago\/noticias\/2025\/03\/20\/estudiantes-de-tecnologia-medica-udd-inician-su-formacion-practica-con-emotiva-ceremonia-de-investidura\/#breadcrumb\",\"itemListElement\":[{\"@type\":\"ListItem\",\"position\":1,\"name\":\"Home\",\"item\":\"https:\/\/medicina.udd.cl\/tecnologia-medica-santiago\/\"},{\"@type\":\"ListItem\",\"position\":2,\"name\":\"Estudiantes de Tecnolog\u00eda M\u00e9dica UDD inician su formaci\u00f3n pr\u00e1ctica con emotiva ceremonia de investidura\"}]},{\"@type\":\"WebSite\",\"@id\":\"https:\/\/medicina.udd.cl\/tecnologia-medica-santiago\/#website\",\"url\":\"https:\/\/medicina.udd.cl\/tecnologia-medica-santiago\/\",\"name\":\"Tecnolog\u00eda M\u00e9dica\",\"description\":\"Facultad de Medicina Cl\u00ednica Alemana Universidad del Desarrollo\",\"inLanguage\":\"es\"},{\"@type\":\"Person\",\"@id\":\"https:\/\/medicina.udd.cl\/tecnologia-medica-santiago\/#\/schema\/person\/dbc3705bf3a93e8be1ba6de0ef950341\",\"name\":\"rbraidy\",\"image\":{\"@type\":\"ImageObject\",\"inLanguage\":\"es\",\"@id\":\"https:\/\/medicina.udd.cl\/tecnologia-medica-santiago\/#\/schema\/person\/image\/\",\"url\":\"https:\/\/secure.gravatar.com\/avatar\/0f8bc94637401590e45d2ce17eb65c274cb8870a219de6177f3f23e63fd8cdf3?s=96&d=mm&r=g\",\"contentUrl\":\"https:\/\/secure.gravatar.com\/avatar\/0f8bc94637401590e45d2ce17eb65c274cb8870a219de6177f3f23e63fd8cdf3?s=96&d=mm&r=g\",\"caption\":\"rbraidy\"},\"url\":\"https:\/\/medicina.udd.cl\/tecnologia-medica-santiago\/noticias\/author\/rbraidy\/\"}]}<\/script>\n<!-- \/ Yoast SEO plugin. -->","yoast_head_json":{"title":"Estudiantes de Tecnolog\u00eda M\u00e9dica UDD inician su formaci\u00f3n pr\u00e1ctica con emotiva ceremonia de investidura - Tecnolog\u00eda M\u00e9dica","robots":{"index":"index","follow":"follow","max-snippet":"max-snippet:-1","max-image-preview":"max-image-preview:large","max-video-preview":"max-video-preview:-1"},"canonical":"https:\/\/medicina.udd.cl\/tecnologia-medica-santiago\/noticias\/2025\/03\/20\/estudiantes-de-tecnologia-medica-udd-inician-su-formacion-practica-con-emotiva-ceremonia-de-investidura\/","og_locale":"es_ES","og_type":"article","og_title":"Estudiantes de Tecnolog\u00eda M\u00e9dica UDD inician su formaci\u00f3n pr\u00e1ctica con emotiva ceremonia de investidura - Tecnolog\u00eda M\u00e9dica","og_description":"Con gran emoci\u00f3n y acompa\u00f1ados de sus padres, autoridades, docentes y compa\u00f1eros, los estudiantes de Tecnolog\u00eda M\u00e9dica de la Facultad de Medicina Cl\u00ednica Alemana Universidad del Desarrollo (UDD) vivieron su Ceremonia de Investidura, un momento simb\u00f3lico que marca el inicio de sus actividades pr\u00e1cticas en su formaci\u00f3n profesional. Por primera vez, los estudiantes vistieron sus [&hellip;]","og_url":"https:\/\/medicina.udd.cl\/tecnologia-medica-santiago\/noticias\/2025\/03\/20\/estudiantes-de-tecnologia-medica-udd-inician-su-formacion-practica-con-emotiva-ceremonia-de-investidura\/","og_site_name":"Tecnolog\u00eda M\u00e9dica","article_published_time":"2025-03-20T16:32:06+00:00","article_modified_time":"2025-03-20T16:55:05+00:00","og_image":[{"width":2560,"height":1707,"url":"https:\/\/medicina.udd.cl\/tecnologia-medica-santiago\/files\/2025\/03\/tm-investidura-2025-2-scaled.jpg","type":"image\/jpeg"}],"author":"rbraidy","twitter_misc":{"Escrito por":"rbraidy","Tiempo de lectura":"8 minutos"},"schema":{"@context":"https:\/\/schema.org","@graph":[{"@type":"Article","@id":"https:\/\/medicina.udd.cl\/tecnologia-medica-santiago\/noticias\/2025\/03\/20\/estudiantes-de-tecnologia-medica-udd-inician-su-formacion-practica-con-emotiva-ceremonia-de-investidura\/#article","isPartOf":{"@id":"https:\/\/medicina.udd.cl\/tecnologia-medica-santiago\/noticias\/2025\/03\/20\/estudiantes-de-tecnologia-medica-udd-inician-su-formacion-practica-con-emotiva-ceremonia-de-investidura\/"},"author":{"name":"rbraidy","@id":"https:\/\/medicina.udd.cl\/tecnologia-medica-santiago\/#\/schema\/person\/dbc3705bf3a93e8be1ba6de0ef950341"},"headline":"Estudiantes de Tecnolog\u00eda M\u00e9dica UDD inician su formaci\u00f3n pr\u00e1ctica con emotiva ceremonia de investidura","datePublished":"2025-03-20T16:32:06+00:00","dateModified":"2025-03-20T16:55:05+00:00","mainEntityOfPage":{"@id":"https:\/\/medicina.udd.cl\/tecnologia-medica-santiago\/noticias\/2025\/03\/20\/estudiantes-de-tecnologia-medica-udd-inician-su-formacion-practica-con-emotiva-ceremonia-de-investidura\/"},"wordCount":477,"image":{"@id":"https:\/\/medicina.udd.cl\/tecnologia-medica-santiago\/noticias\/2025\/03\/20\/estudiantes-de-tecnologia-medica-udd-inician-su-formacion-practica-con-emotiva-ceremonia-de-investidura\/#primaryimage"},"thumbnailUrl":"https:\/\/medicina.udd.cl\/tecnologia-medica-santiago\/files\/2025\/03\/tm-investidura-2025-2-scaled.jpg","articleSection":["Noticias"],"inLanguage":"es"},{"@type":"WebPage","@id":"https:\/\/medicina.udd.cl\/tecnologia-medica-santiago\/noticias\/2025\/03\/20\/estudiantes-de-tecnologia-medica-udd-inician-su-formacion-practica-con-emotiva-ceremonia-de-investidura\/","url":"https:\/\/medicina.udd.cl\/tecnologia-medica-santiago\/noticias\/2025\/03\/20\/estudiantes-de-tecnologia-medica-udd-inician-su-formacion-practica-con-emotiva-ceremonia-de-investidura\/","name":"Estudiantes de Tecnolog\u00eda M\u00e9dica UDD inician su formaci\u00f3n pr\u00e1ctica con emotiva ceremonia de investidura - Tecnolog\u00eda M\u00e9dica","isPartOf":{"@id":"https:\/\/medicina.udd.cl\/tecnologia-medica-santiago\/#website"},"primaryImageOfPage":{"@id":"https:\/\/medicina.udd.cl\/tecnologia-medica-santiago\/noticias\/2025\/03\/20\/estudiantes-de-tecnologia-medica-udd-inician-su-formacion-practica-con-emotiva-ceremonia-de-investidura\/#primaryimage"},"image":{"@id":"https:\/\/medicina.udd.cl\/tecnologia-medica-santiago\/noticias\/2025\/03\/20\/estudiantes-de-tecnologia-medica-udd-inician-su-formacion-practica-con-emotiva-ceremonia-de-investidura\/#primaryimage"},"thumbnailUrl":"https:\/\/medicina.udd.cl\/tecnologia-medica-santiago\/files\/2025\/03\/tm-investidura-2025-2-scaled.jpg","datePublished":"2025-03-20T16:32:06+00:00","dateModified":"2025-03-20T16:55:05+00:00","author":{"@id":"https:\/\/medicina.udd.cl\/tecnologia-medica-santiago\/#\/schema\/person\/dbc3705bf3a93e8be1ba6de0ef950341"},"breadcrumb":{"@id":"https:\/\/medicina.udd.cl\/tecnologia-medica-santiago\/noticias\/2025\/03\/20\/estudiantes-de-tecnologia-medica-udd-inician-su-formacion-practica-con-emotiva-ceremonia-de-investidura\/#breadcrumb"},"inLanguage":"es","potentialAction":[{"@type":"ReadAction","target":["https:\/\/medicina.udd.cl\/tecnologia-medica-santiago\/noticias\/2025\/03\/20\/estudiantes-de-tecnologia-medica-udd-inician-su-formacion-practica-con-emotiva-ceremonia-de-investidura\/"]}]},{"@type":"ImageObject","inLanguage":"es","@id":"https:\/\/medicina.udd.cl\/tecnologia-medica-santiago\/noticias\/2025\/03\/20\/estudiantes-de-tecnologia-medica-udd-inician-su-formacion-practica-con-emotiva-ceremonia-de-investidura\/#primaryimage","url":"https:\/\/medicina.udd.cl\/tecnologia-medica-santiago\/files\/2025\/03\/tm-investidura-2025-2-scaled.jpg","contentUrl":"https:\/\/medicina.udd.cl\/tecnologia-medica-santiago\/files\/2025\/03\/tm-investidura-2025-2-scaled.jpg","width":2560,"height":1707},{"@type":"BreadcrumbList","@id":"https:\/\/medicina.udd.cl\/tecnologia-medica-santiago\/noticias\/2025\/03\/20\/estudiantes-de-tecnologia-medica-udd-inician-su-formacion-practica-con-emotiva-ceremonia-de-investidura\/#breadcrumb","itemListElement":[{"@type":"ListItem","position":1,"name":"Home","item":"https:\/\/medicina.udd.cl\/tecnologia-medica-santiago\/"},{"@type":"ListItem","position":2,"name":"Estudiantes de Tecnolog\u00eda M\u00e9dica UDD inician su formaci\u00f3n pr\u00e1ctica con emotiva ceremonia de investidura"}]},{"@type":"WebSite","@id":"https:\/\/medicina.udd.cl\/tecnologia-medica-santiago\/#website","url":"https:\/\/medicina.udd.cl\/tecnologia-medica-santiago\/","name":"Tecnolog\u00eda M\u00e9dica","description":"Facultad de Medicina Cl\u00ednica Alemana Universidad del Desarrollo","inLanguage":"es"},{"@type":"Person","@id":"https:\/\/medicina.udd.cl\/tecnologia-medica-santiago\/#\/schema\/person\/dbc3705bf3a93e8be1ba6de0ef950341","name":"rbraidy","image":{"@type":"ImageObject","inLanguage":"es","@id":"https:\/\/medicina.udd.cl\/tecnologia-medica-santiago\/#\/schema\/person\/image\/","url":"https:\/\/secure.gravatar.com\/avatar\/0f8bc94637401590e45d2ce17eb65c274cb8870a219de6177f3f23e63fd8cdf3?s=96&d=mm&r=g","contentUrl":"https:\/\/secure.gravatar.com\/avatar\/0f8bc94637401590e45d2ce17eb65c274cb8870a219de6177f3f23e63fd8cdf3?s=96&d=mm&r=g","caption":"rbraidy"},"url":"https:\/\/medicina.udd.cl\/tecnologia-medica-santiago\/noticias\/author\/rbraidy\/"}]}},"featured_image_url":"https:\/\/medicina.udd.cl\/tecnologia-medica-santiago\/files\/2025\/03\/tm-investidura-2025-2-scaled.jpg","_links":{"self":[{"href":"https:\/\/medicina.udd.cl\/tecnologia-medica-santiago\/wp-json\/wp\/v2\/posts\/9552","targetHints":{"allow":["GET"]}}],"collection":[{"href":"https:\/\/medicina.udd.cl\/tecnologia-medica-santiago\/wp-json\/wp\/v2\/posts"}],"about":[{"href":"https:\/\/medicina.udd.cl\/tecnologia-medica-santiago\/wp-json\/wp\/v2\/types\/post"}],"author":[{"embeddable":true,"href":"https:\/\/medicina.udd.cl\/tecnologia-medica-santiago\/wp-json\/wp\/v2\/users\/9192219"}],"replies":[{"embeddable":true,"href":"https:\/\/medicina.udd.cl\/tecnologia-medica-santiago\/wp-json\/wp\/v2\/comments?post=9552"}],"version-history":[{"count":2,"href":"https:\/\/medicina.udd.cl\/tecnologia-medica-santiago\/wp-json\/wp\/v2\/posts\/9552\/revisions"}],"predecessor-version":[{"id":9581,"href":"https:\/\/medicina.udd.cl\/tecnologia-medica-santiago\/wp-json\/wp\/v2\/posts\/9552\/revisions\/9581"}],"wp:featuredmedia":[{"embeddable":true,"href":"https:\/\/medicina.udd.cl\/tecnologia-medica-santiago\/wp-json\/wp\/v2\/media\/9554"}],"wp:attachment":[{"href":"https:\/\/medicina.udd.cl\/tecnologia-medica-santiago\/wp-json\/wp\/v2\/media?parent=9552"}],"wp:term":[{"taxonomy":"category","embeddable":true,"href":"https:\/\/medicina.udd.cl\/tecnologia-medica-santiago\/wp-json\/wp\/v2\/categories?post=9552"},{"taxonomy":"post_tag","embeddable":true,"href":"https:\/\/medicina.udd.cl\/tecnologia-medica-santiago\/wp-json\/wp\/v2\/tags?post=9552"}],"curies":[{"name":"wp","href":"https:\/\/api.w.org\/{rel}","templated":true}]}}