{"id":9789,"date":"2025-09-22T16:00:52","date_gmt":"2025-09-22T19:00:52","guid":{"rendered":"https:\/\/medicina.udd.cl\/tecnologia-medica-santiago\/?p=9789"},"modified":"2025-09-22T16:00:54","modified_gmt":"2025-09-22T19:00:54","slug":"tecnologia-medica-udd-lanza-el-proyecto-innova-tecnologia-medica-para-impulsar-la-innovacion-y-la-investigacion-aplicada","status":"publish","type":"post","link":"https:\/\/medicina.udd.cl\/tecnologia-medica-santiago\/noticias\/2025\/09\/22\/tecnologia-medica-udd-lanza-el-proyecto-innova-tecnologia-medica-para-impulsar-la-innovacion-y-la-investigacion-aplicada\/","title":{"rendered":"Tecnolog\u00eda M\u00e9dica UDD lanza el proyecto \u201cInnova Tecnolog\u00eda M\u00e9dica\u201d para impulsar la innovaci\u00f3n y la investigaci\u00f3n aplicada"},"content":{"rendered":"\n<figure class=\"wp-block-image alignright size-large is-resized\"><a href=\"https:\/\/medicina.udd.cl\/tecnologia-medica-santiago\/files\/2025\/09\/udd-idea-2025-101-scaled.jpg\"><img loading=\"lazy\" decoding=\"async\" width=\"645\" height=\"1024\" src=\"https:\/\/medicina.udd.cl\/tecnologia-medica-santiago\/files\/2025\/09\/udd-idea-2025-101-645x1024.jpg\" alt=\"\" class=\"wp-image-9790\" style=\"width:532px;height:auto\" srcset=\"https:\/\/medicina.udd.cl\/tecnologia-medica-santiago\/files\/2025\/09\/udd-idea-2025-101-645x1024.jpg 645w, https:\/\/medicina.udd.cl\/tecnologia-medica-santiago\/files\/2025\/09\/udd-idea-2025-101-189x300.jpg 189w, https:\/\/medicina.udd.cl\/tecnologia-medica-santiago\/files\/2025\/09\/udd-idea-2025-101-768x1219.jpg 768w, https:\/\/medicina.udd.cl\/tecnologia-medica-santiago\/files\/2025\/09\/udd-idea-2025-101-968x1536.jpg 968w, https:\/\/medicina.udd.cl\/tecnologia-medica-santiago\/files\/2025\/09\/udd-idea-2025-101-1290x2048.jpg 1290w, https:\/\/medicina.udd.cl\/tecnologia-medica-santiago\/files\/2025\/09\/udd-idea-2025-101-scaled.jpg 1613w\" sizes=\"auto, (max-width: 645px) 100vw, 645px\" \/><\/a><figcaption class=\"wp-element-caption\">El proyecto \u00abInnova Tecnolog\u00eda M\u00e9dica\u00bb es liderado por el TM. Ra\u00fal Torres<\/figcaption><\/figure>\n\n\n\n<p>La carrera de Tecnolog\u00eda M\u00e9dica de la Facultad de Medicina Cl\u00ednica Alemana Universidad del Desarrollo (UDD) present\u00f3 oficialmente el proyecto <strong><a href=\"https:\/\/medicina.udd.cl\/innovatm\/\">\u201cInnova Tecnolog\u00eda M\u00e9dica\u201d<\/a><\/strong>, una iniciativa que busca fomentar la innovaci\u00f3n, la investigaci\u00f3n aplicada y el pensamiento cr\u00edtico en estudiantes y docentes. Su prop\u00f3sito es generar proyectos colaborativos que impacten positivamente en la salud, la docencia y la sociedad, integrando tecnolog\u00eda, ciencia y vocaci\u00f3n.<\/p>\n\n\n\n<p>El proyecto, que ya cuenta con una plataforma digital disponible en <a href=\"https:\/\/medicina.udd.cl\/innovatm\/\">medicina.udd.cl\/innovatm<\/a>, es liderado por el <strong>TM. Ra\u00fal Torres<\/strong>, coordinador de la especialidad de Imagenolog\u00eda y F\u00edsica M\u00e9dica, junto al <strong>TM. Marco Jim\u00e9nez<\/strong>, docente y tutor de campo cl\u00ednico.<\/p>\n\n\n\n<p><em>\u201cPara m\u00ed, como docente y coordinador de la especialidad, participar en Innova TM UDD es una experiencia profundamente enriquecedora. Representa la oportunidad de transformar la ense\u00f1anza, crear proyectos con impacto real y trabajar junto a estudiantes y colegas en el desarrollo de nuevas ideas. Este espacio nos permite anticipar los desaf\u00edos de la salud, innovar en la docencia y consolidar una comunidad acad\u00e9mica que mira al futuro con compromiso y creatividad\u201d<\/em>, destac\u00f3 Torres.<\/p>\n\n\n\n<p>Asimismo, subray\u00f3 que la iniciativa representa un avance en la visibilidad del quehacer acad\u00e9mico, investigativo y de innovaci\u00f3n, reflejando adem\u00e1s la colaboraci\u00f3n interdisciplinaria que caracteriza a la UDD.<\/p>\n\n\n\n<p>Por su parte, la directora de la carrera, <strong>TM. Mar\u00eda Adriana Parra<\/strong>, expres\u00f3 su orgullo por la materializaci\u00f3n del proyecto, que calific\u00f3 como un espacio clave para potenciar las competencias digitales de estudiantes, docentes y tutores cl\u00ednicos:<br><em>\u201cEn este proyecto desarrollaremos \u00e1reas de innovaci\u00f3n, investigaci\u00f3n y creaci\u00f3n de contenidos que reflejen nuestro quehacer profesional y fortalezcan la formaci\u00f3n de los estudiantes desde el primer a\u00f1o hasta su desarrollo como egresados\u201d.<\/em><\/p>\n\n\n\n<p>Finalmente, la directora resalt\u00f3 que <strong><a href=\"https:\/\/medicina.udd.cl\/innovatm\/\">\u201cInnova Tecnolog\u00eda M\u00e9dica\u201d<\/a><\/strong> es una iniciativa de vinculaci\u00f3n con el medio que refuerza el profesionalismo y vocaci\u00f3n de la comunidad de Tecnolog\u00eda M\u00e9dica UDD, consolidando un espacio de crecimiento, creatividad y proyecci\u00f3n hacia el futuro.<\/p>\n","protected":false},"excerpt":{"rendered":"<p>La carrera de Tecnolog\u00eda M\u00e9dica de la Facultad de Medicina Cl\u00ednica Alemana Universidad del Desarrollo (UDD) present\u00f3 oficialmente el proyecto \u201cInnova Tecnolog\u00eda M\u00e9dica\u201d, una iniciativa que busca fomentar la innovaci\u00f3n, la investigaci\u00f3n aplicada y el pensamiento cr\u00edtico en estudiantes y docentes. Su prop\u00f3sito es generar proyectos colaborativos que impacten positivamente en la salud, la docencia [&hellip;]<\/p>\n","protected":false},"author":9192219,"featured_media":9668,"comment_status":"closed","ping_status":"open","sticky":false,"template":"","format":"standard","meta":{"footnotes":""},"categories":[4],"tags":[],"class_list":["post-9789","post","type-post","status-publish","format-standard","has-post-thumbnail","hentry","category-noticias"],"yoast_head":"<!-- This site is optimized with the Yoast SEO plugin v26.9 - https:\/\/yoast.com\/product\/yoast-seo-wordpress\/ -->\n<title>Tecnolog\u00eda M\u00e9dica UDD lanza el proyecto \u201cInnova Tecnolog\u00eda M\u00e9dica\u201d para impulsar la innovaci\u00f3n y la investigaci\u00f3n aplicada - Tecnolog\u00eda M\u00e9dica<\/title>\n<meta name=\"robots\" content=\"index, follow, max-snippet:-1, max-image-preview:large, max-video-preview:-1\" \/>\n<link rel=\"canonical\" href=\"https:\/\/medicina.udd.cl\/tecnologia-medica-santiago\/noticias\/2025\/09\/22\/tecnologia-medica-udd-lanza-el-proyecto-innova-tecnologia-medica-para-impulsar-la-innovacion-y-la-investigacion-aplicada\/\" \/>\n<meta property=\"og:locale\" content=\"es_ES\" \/>\n<meta property=\"og:type\" content=\"article\" \/>\n<meta property=\"og:title\" content=\"Tecnolog\u00eda M\u00e9dica UDD lanza el proyecto \u201cInnova Tecnolog\u00eda M\u00e9dica\u201d para impulsar la innovaci\u00f3n y la investigaci\u00f3n aplicada - Tecnolog\u00eda M\u00e9dica\" \/>\n<meta property=\"og:description\" content=\"La carrera de Tecnolog\u00eda M\u00e9dica de la Facultad de Medicina Cl\u00ednica Alemana Universidad del Desarrollo (UDD) present\u00f3 oficialmente el proyecto \u201cInnova Tecnolog\u00eda M\u00e9dica\u201d, una iniciativa que busca fomentar la innovaci\u00f3n, la investigaci\u00f3n aplicada y el pensamiento cr\u00edtico en estudiantes y docentes. Su prop\u00f3sito es generar proyectos colaborativos que impacten positivamente en la salud, la docencia [&hellip;]\" \/>\n<meta property=\"og:url\" content=\"https:\/\/medicina.udd.cl\/tecnologia-medica-santiago\/noticias\/2025\/09\/22\/tecnologia-medica-udd-lanza-el-proyecto-innova-tecnologia-medica-para-impulsar-la-innovacion-y-la-investigacion-aplicada\/\" \/>\n<meta property=\"og:site_name\" content=\"Tecnolog\u00eda M\u00e9dica\" \/>\n<meta property=\"article:published_time\" content=\"2025-09-22T19:00:52+00:00\" \/>\n<meta property=\"article:modified_time\" content=\"2025-09-22T19:00:54+00:00\" \/>\n<meta property=\"og:image\" content=\"https:\/\/medicina.udd.cl\/tecnologia-medica-santiago\/files\/2025\/07\/cropped-cropped-tecnologia-medica-3.jpg\" \/>\n\t<meta property=\"og:image:width\" content=\"1920\" \/>\n\t<meta property=\"og:image:height\" content=\"1080\" \/>\n\t<meta property=\"og:image:type\" content=\"image\/jpeg\" \/>\n<meta name=\"author\" content=\"rbraidy\" \/>\n<meta name=\"twitter:label1\" content=\"Escrito por\" \/>\n\t<meta name=\"twitter:data1\" content=\"rbraidy\" \/>\n\t<meta name=\"twitter:label2\" content=\"Tiempo de lectura\" \/>\n\t<meta name=\"twitter:data2\" content=\"2 minutos\" \/>\n<script type=\"application\/ld+json\" class=\"yoast-schema-graph\">{\"@context\":\"https:\/\/schema.org\",\"@graph\":[{\"@type\":\"Article\",\"@id\":\"https:\/\/medicina.udd.cl\/tecnologia-medica-santiago\/noticias\/2025\/09\/22\/tecnologia-medica-udd-lanza-el-proyecto-innova-tecnologia-medica-para-impulsar-la-innovacion-y-la-investigacion-aplicada\/#article\",\"isPartOf\":{\"@id\":\"https:\/\/medicina.udd.cl\/tecnologia-medica-santiago\/noticias\/2025\/09\/22\/tecnologia-medica-udd-lanza-el-proyecto-innova-tecnologia-medica-para-impulsar-la-innovacion-y-la-investigacion-aplicada\/\"},\"author\":{\"name\":\"rbraidy\",\"@id\":\"https:\/\/medicina.udd.cl\/tecnologia-medica-santiago\/#\/schema\/person\/dbc3705bf3a93e8be1ba6de0ef950341\"},\"headline\":\"Tecnolog\u00eda M\u00e9dica UDD lanza el proyecto \u201cInnova Tecnolog\u00eda M\u00e9dica\u201d para impulsar la innovaci\u00f3n y la investigaci\u00f3n aplicada\",\"datePublished\":\"2025-09-22T19:00:52+00:00\",\"dateModified\":\"2025-09-22T19:00:54+00:00\",\"mainEntityOfPage\":{\"@id\":\"https:\/\/medicina.udd.cl\/tecnologia-medica-santiago\/noticias\/2025\/09\/22\/tecnologia-medica-udd-lanza-el-proyecto-innova-tecnologia-medica-para-impulsar-la-innovacion-y-la-investigacion-aplicada\/\"},\"wordCount\":393,\"image\":{\"@id\":\"https:\/\/medicina.udd.cl\/tecnologia-medica-santiago\/noticias\/2025\/09\/22\/tecnologia-medica-udd-lanza-el-proyecto-innova-tecnologia-medica-para-impulsar-la-innovacion-y-la-investigacion-aplicada\/#primaryimage\"},\"thumbnailUrl\":\"https:\/\/medicina.udd.cl\/tecnologia-medica-santiago\/files\/2025\/07\/cropped-cropped-tecnologia-medica-3.jpg\",\"articleSection\":[\"Noticias\"],\"inLanguage\":\"es\"},{\"@type\":\"WebPage\",\"@id\":\"https:\/\/medicina.udd.cl\/tecnologia-medica-santiago\/noticias\/2025\/09\/22\/tecnologia-medica-udd-lanza-el-proyecto-innova-tecnologia-medica-para-impulsar-la-innovacion-y-la-investigacion-aplicada\/\",\"url\":\"https:\/\/medicina.udd.cl\/tecnologia-medica-santiago\/noticias\/2025\/09\/22\/tecnologia-medica-udd-lanza-el-proyecto-innova-tecnologia-medica-para-impulsar-la-innovacion-y-la-investigacion-aplicada\/\",\"name\":\"Tecnolog\u00eda M\u00e9dica UDD lanza el proyecto \u201cInnova Tecnolog\u00eda M\u00e9dica\u201d para impulsar la innovaci\u00f3n y la investigaci\u00f3n aplicada - Tecnolog\u00eda M\u00e9dica\",\"isPartOf\":{\"@id\":\"https:\/\/medicina.udd.cl\/tecnologia-medica-santiago\/#website\"},\"primaryImageOfPage\":{\"@id\":\"https:\/\/medicina.udd.cl\/tecnologia-medica-santiago\/noticias\/2025\/09\/22\/tecnologia-medica-udd-lanza-el-proyecto-innova-tecnologia-medica-para-impulsar-la-innovacion-y-la-investigacion-aplicada\/#primaryimage\"},\"image\":{\"@id\":\"https:\/\/medicina.udd.cl\/tecnologia-medica-santiago\/noticias\/2025\/09\/22\/tecnologia-medica-udd-lanza-el-proyecto-innova-tecnologia-medica-para-impulsar-la-innovacion-y-la-investigacion-aplicada\/#primaryimage\"},\"thumbnailUrl\":\"https:\/\/medicina.udd.cl\/tecnologia-medica-santiago\/files\/2025\/07\/cropped-cropped-tecnologia-medica-3.jpg\",\"datePublished\":\"2025-09-22T19:00:52+00:00\",\"dateModified\":\"2025-09-22T19:00:54+00:00\",\"author\":{\"@id\":\"https:\/\/medicina.udd.cl\/tecnologia-medica-santiago\/#\/schema\/person\/dbc3705bf3a93e8be1ba6de0ef950341\"},\"breadcrumb\":{\"@id\":\"https:\/\/medicina.udd.cl\/tecnologia-medica-santiago\/noticias\/2025\/09\/22\/tecnologia-medica-udd-lanza-el-proyecto-innova-tecnologia-medica-para-impulsar-la-innovacion-y-la-investigacion-aplicada\/#breadcrumb\"},\"inLanguage\":\"es\",\"potentialAction\":[{\"@type\":\"ReadAction\",\"target\":[\"https:\/\/medicina.udd.cl\/tecnologia-medica-santiago\/noticias\/2025\/09\/22\/tecnologia-medica-udd-lanza-el-proyecto-innova-tecnologia-medica-para-impulsar-la-innovacion-y-la-investigacion-aplicada\/\"]}]},{\"@type\":\"ImageObject\",\"inLanguage\":\"es\",\"@id\":\"https:\/\/medicina.udd.cl\/tecnologia-medica-santiago\/noticias\/2025\/09\/22\/tecnologia-medica-udd-lanza-el-proyecto-innova-tecnologia-medica-para-impulsar-la-innovacion-y-la-investigacion-aplicada\/#primaryimage\",\"url\":\"https:\/\/medicina.udd.cl\/tecnologia-medica-santiago\/files\/2025\/07\/cropped-cropped-tecnologia-medica-3.jpg\",\"contentUrl\":\"https:\/\/medicina.udd.cl\/tecnologia-medica-santiago\/files\/2025\/07\/cropped-cropped-tecnologia-medica-3.jpg\",\"width\":1920,\"height\":1080},{\"@type\":\"BreadcrumbList\",\"@id\":\"https:\/\/medicina.udd.cl\/tecnologia-medica-santiago\/noticias\/2025\/09\/22\/tecnologia-medica-udd-lanza-el-proyecto-innova-tecnologia-medica-para-impulsar-la-innovacion-y-la-investigacion-aplicada\/#breadcrumb\",\"itemListElement\":[{\"@type\":\"ListItem\",\"position\":1,\"name\":\"Home\",\"item\":\"https:\/\/medicina.udd.cl\/tecnologia-medica-santiago\/\"},{\"@type\":\"ListItem\",\"position\":2,\"name\":\"Tecnolog\u00eda M\u00e9dica UDD lanza el proyecto \u201cInnova Tecnolog\u00eda M\u00e9dica\u201d para impulsar la innovaci\u00f3n y la investigaci\u00f3n aplicada\"}]},{\"@type\":\"WebSite\",\"@id\":\"https:\/\/medicina.udd.cl\/tecnologia-medica-santiago\/#website\",\"url\":\"https:\/\/medicina.udd.cl\/tecnologia-medica-santiago\/\",\"name\":\"Tecnolog\u00eda M\u00e9dica\",\"description\":\"Facultad de Medicina Cl\u00ednica Alemana Universidad del Desarrollo\",\"inLanguage\":\"es\"},{\"@type\":\"Person\",\"@id\":\"https:\/\/medicina.udd.cl\/tecnologia-medica-santiago\/#\/schema\/person\/dbc3705bf3a93e8be1ba6de0ef950341\",\"name\":\"rbraidy\",\"image\":{\"@type\":\"ImageObject\",\"inLanguage\":\"es\",\"@id\":\"https:\/\/medicina.udd.cl\/tecnologia-medica-santiago\/#\/schema\/person\/image\/\",\"url\":\"https:\/\/secure.gravatar.com\/avatar\/0f8bc94637401590e45d2ce17eb65c274cb8870a219de6177f3f23e63fd8cdf3?s=96&d=mm&r=g\",\"contentUrl\":\"https:\/\/secure.gravatar.com\/avatar\/0f8bc94637401590e45d2ce17eb65c274cb8870a219de6177f3f23e63fd8cdf3?s=96&d=mm&r=g\",\"caption\":\"rbraidy\"},\"url\":\"https:\/\/medicina.udd.cl\/tecnologia-medica-santiago\/noticias\/author\/rbraidy\/\"}]}<\/script>\n<!-- \/ Yoast SEO plugin. -->","yoast_head_json":{"title":"Tecnolog\u00eda M\u00e9dica UDD lanza el proyecto \u201cInnova Tecnolog\u00eda M\u00e9dica\u201d para impulsar la innovaci\u00f3n y la investigaci\u00f3n aplicada - Tecnolog\u00eda M\u00e9dica","robots":{"index":"index","follow":"follow","max-snippet":"max-snippet:-1","max-image-preview":"max-image-preview:large","max-video-preview":"max-video-preview:-1"},"canonical":"https:\/\/medicina.udd.cl\/tecnologia-medica-santiago\/noticias\/2025\/09\/22\/tecnologia-medica-udd-lanza-el-proyecto-innova-tecnologia-medica-para-impulsar-la-innovacion-y-la-investigacion-aplicada\/","og_locale":"es_ES","og_type":"article","og_title":"Tecnolog\u00eda M\u00e9dica UDD lanza el proyecto \u201cInnova Tecnolog\u00eda M\u00e9dica\u201d para impulsar la innovaci\u00f3n y la investigaci\u00f3n aplicada - Tecnolog\u00eda M\u00e9dica","og_description":"La carrera de Tecnolog\u00eda M\u00e9dica de la Facultad de Medicina Cl\u00ednica Alemana Universidad del Desarrollo (UDD) present\u00f3 oficialmente el proyecto \u201cInnova Tecnolog\u00eda M\u00e9dica\u201d, una iniciativa que busca fomentar la innovaci\u00f3n, la investigaci\u00f3n aplicada y el pensamiento cr\u00edtico en estudiantes y docentes. Su prop\u00f3sito es generar proyectos colaborativos que impacten positivamente en la salud, la docencia [&hellip;]","og_url":"https:\/\/medicina.udd.cl\/tecnologia-medica-santiago\/noticias\/2025\/09\/22\/tecnologia-medica-udd-lanza-el-proyecto-innova-tecnologia-medica-para-impulsar-la-innovacion-y-la-investigacion-aplicada\/","og_site_name":"Tecnolog\u00eda M\u00e9dica","article_published_time":"2025-09-22T19:00:52+00:00","article_modified_time":"2025-09-22T19:00:54+00:00","og_image":[{"width":1920,"height":1080,"url":"https:\/\/medicina.udd.cl\/tecnologia-medica-santiago\/files\/2025\/07\/cropped-cropped-tecnologia-medica-3.jpg","type":"image\/jpeg"}],"author":"rbraidy","twitter_misc":{"Escrito por":"rbraidy","Tiempo de lectura":"2 minutos"},"schema":{"@context":"https:\/\/schema.org","@graph":[{"@type":"Article","@id":"https:\/\/medicina.udd.cl\/tecnologia-medica-santiago\/noticias\/2025\/09\/22\/tecnologia-medica-udd-lanza-el-proyecto-innova-tecnologia-medica-para-impulsar-la-innovacion-y-la-investigacion-aplicada\/#article","isPartOf":{"@id":"https:\/\/medicina.udd.cl\/tecnologia-medica-santiago\/noticias\/2025\/09\/22\/tecnologia-medica-udd-lanza-el-proyecto-innova-tecnologia-medica-para-impulsar-la-innovacion-y-la-investigacion-aplicada\/"},"author":{"name":"rbraidy","@id":"https:\/\/medicina.udd.cl\/tecnologia-medica-santiago\/#\/schema\/person\/dbc3705bf3a93e8be1ba6de0ef950341"},"headline":"Tecnolog\u00eda M\u00e9dica UDD lanza el proyecto \u201cInnova Tecnolog\u00eda M\u00e9dica\u201d para impulsar la innovaci\u00f3n y la investigaci\u00f3n aplicada","datePublished":"2025-09-22T19:00:52+00:00","dateModified":"2025-09-22T19:00:54+00:00","mainEntityOfPage":{"@id":"https:\/\/medicina.udd.cl\/tecnologia-medica-santiago\/noticias\/2025\/09\/22\/tecnologia-medica-udd-lanza-el-proyecto-innova-tecnologia-medica-para-impulsar-la-innovacion-y-la-investigacion-aplicada\/"},"wordCount":393,"image":{"@id":"https:\/\/medicina.udd.cl\/tecnologia-medica-santiago\/noticias\/2025\/09\/22\/tecnologia-medica-udd-lanza-el-proyecto-innova-tecnologia-medica-para-impulsar-la-innovacion-y-la-investigacion-aplicada\/#primaryimage"},"thumbnailUrl":"https:\/\/medicina.udd.cl\/tecnologia-medica-santiago\/files\/2025\/07\/cropped-cropped-tecnologia-medica-3.jpg","articleSection":["Noticias"],"inLanguage":"es"},{"@type":"WebPage","@id":"https:\/\/medicina.udd.cl\/tecnologia-medica-santiago\/noticias\/2025\/09\/22\/tecnologia-medica-udd-lanza-el-proyecto-innova-tecnologia-medica-para-impulsar-la-innovacion-y-la-investigacion-aplicada\/","url":"https:\/\/medicina.udd.cl\/tecnologia-medica-santiago\/noticias\/2025\/09\/22\/tecnologia-medica-udd-lanza-el-proyecto-innova-tecnologia-medica-para-impulsar-la-innovacion-y-la-investigacion-aplicada\/","name":"Tecnolog\u00eda M\u00e9dica UDD lanza el proyecto \u201cInnova Tecnolog\u00eda M\u00e9dica\u201d para impulsar la innovaci\u00f3n y la investigaci\u00f3n aplicada - Tecnolog\u00eda M\u00e9dica","isPartOf":{"@id":"https:\/\/medicina.udd.cl\/tecnologia-medica-santiago\/#website"},"primaryImageOfPage":{"@id":"https:\/\/medicina.udd.cl\/tecnologia-medica-santiago\/noticias\/2025\/09\/22\/tecnologia-medica-udd-lanza-el-proyecto-innova-tecnologia-medica-para-impulsar-la-innovacion-y-la-investigacion-aplicada\/#primaryimage"},"image":{"@id":"https:\/\/medicina.udd.cl\/tecnologia-medica-santiago\/noticias\/2025\/09\/22\/tecnologia-medica-udd-lanza-el-proyecto-innova-tecnologia-medica-para-impulsar-la-innovacion-y-la-investigacion-aplicada\/#primaryimage"},"thumbnailUrl":"https:\/\/medicina.udd.cl\/tecnologia-medica-santiago\/files\/2025\/07\/cropped-cropped-tecnologia-medica-3.jpg","datePublished":"2025-09-22T19:00:52+00:00","dateModified":"2025-09-22T19:00:54+00:00","author":{"@id":"https:\/\/medicina.udd.cl\/tecnologia-medica-santiago\/#\/schema\/person\/dbc3705bf3a93e8be1ba6de0ef950341"},"breadcrumb":{"@id":"https:\/\/medicina.udd.cl\/tecnologia-medica-santiago\/noticias\/2025\/09\/22\/tecnologia-medica-udd-lanza-el-proyecto-innova-tecnologia-medica-para-impulsar-la-innovacion-y-la-investigacion-aplicada\/#breadcrumb"},"inLanguage":"es","potentialAction":[{"@type":"ReadAction","target":["https:\/\/medicina.udd.cl\/tecnologia-medica-santiago\/noticias\/2025\/09\/22\/tecnologia-medica-udd-lanza-el-proyecto-innova-tecnologia-medica-para-impulsar-la-innovacion-y-la-investigacion-aplicada\/"]}]},{"@type":"ImageObject","inLanguage":"es","@id":"https:\/\/medicina.udd.cl\/tecnologia-medica-santiago\/noticias\/2025\/09\/22\/tecnologia-medica-udd-lanza-el-proyecto-innova-tecnologia-medica-para-impulsar-la-innovacion-y-la-investigacion-aplicada\/#primaryimage","url":"https:\/\/medicina.udd.cl\/tecnologia-medica-santiago\/files\/2025\/07\/cropped-cropped-tecnologia-medica-3.jpg","contentUrl":"https:\/\/medicina.udd.cl\/tecnologia-medica-santiago\/files\/2025\/07\/cropped-cropped-tecnologia-medica-3.jpg","width":1920,"height":1080},{"@type":"BreadcrumbList","@id":"https:\/\/medicina.udd.cl\/tecnologia-medica-santiago\/noticias\/2025\/09\/22\/tecnologia-medica-udd-lanza-el-proyecto-innova-tecnologia-medica-para-impulsar-la-innovacion-y-la-investigacion-aplicada\/#breadcrumb","itemListElement":[{"@type":"ListItem","position":1,"name":"Home","item":"https:\/\/medicina.udd.cl\/tecnologia-medica-santiago\/"},{"@type":"ListItem","position":2,"name":"Tecnolog\u00eda M\u00e9dica UDD lanza el proyecto \u201cInnova Tecnolog\u00eda M\u00e9dica\u201d para impulsar la innovaci\u00f3n y la investigaci\u00f3n aplicada"}]},{"@type":"WebSite","@id":"https:\/\/medicina.udd.cl\/tecnologia-medica-santiago\/#website","url":"https:\/\/medicina.udd.cl\/tecnologia-medica-santiago\/","name":"Tecnolog\u00eda M\u00e9dica","description":"Facultad de Medicina Cl\u00ednica Alemana Universidad del Desarrollo","inLanguage":"es"},{"@type":"Person","@id":"https:\/\/medicina.udd.cl\/tecnologia-medica-santiago\/#\/schema\/person\/dbc3705bf3a93e8be1ba6de0ef950341","name":"rbraidy","image":{"@type":"ImageObject","inLanguage":"es","@id":"https:\/\/medicina.udd.cl\/tecnologia-medica-santiago\/#\/schema\/person\/image\/","url":"https:\/\/secure.gravatar.com\/avatar\/0f8bc94637401590e45d2ce17eb65c274cb8870a219de6177f3f23e63fd8cdf3?s=96&d=mm&r=g","contentUrl":"https:\/\/secure.gravatar.com\/avatar\/0f8bc94637401590e45d2ce17eb65c274cb8870a219de6177f3f23e63fd8cdf3?s=96&d=mm&r=g","caption":"rbraidy"},"url":"https:\/\/medicina.udd.cl\/tecnologia-medica-santiago\/noticias\/author\/rbraidy\/"}]}},"featured_image_url":"https:\/\/medicina.udd.cl\/tecnologia-medica-santiago\/files\/2025\/07\/cropped-cropped-tecnologia-medica-3.jpg","_links":{"self":[{"href":"https:\/\/medicina.udd.cl\/tecnologia-medica-santiago\/wp-json\/wp\/v2\/posts\/9789","targetHints":{"allow":["GET"]}}],"collection":[{"href":"https:\/\/medicina.udd.cl\/tecnologia-medica-santiago\/wp-json\/wp\/v2\/posts"}],"about":[{"href":"https:\/\/medicina.udd.cl\/tecnologia-medica-santiago\/wp-json\/wp\/v2\/types\/post"}],"author":[{"embeddable":true,"href":"https:\/\/medicina.udd.cl\/tecnologia-medica-santiago\/wp-json\/wp\/v2\/users\/9192219"}],"replies":[{"embeddable":true,"href":"https:\/\/medicina.udd.cl\/tecnologia-medica-santiago\/wp-json\/wp\/v2\/comments?post=9789"}],"version-history":[{"count":1,"href":"https:\/\/medicina.udd.cl\/tecnologia-medica-santiago\/wp-json\/wp\/v2\/posts\/9789\/revisions"}],"predecessor-version":[{"id":9791,"href":"https:\/\/medicina.udd.cl\/tecnologia-medica-santiago\/wp-json\/wp\/v2\/posts\/9789\/revisions\/9791"}],"wp:featuredmedia":[{"embeddable":true,"href":"https:\/\/medicina.udd.cl\/tecnologia-medica-santiago\/wp-json\/wp\/v2\/media\/9668"}],"wp:attachment":[{"href":"https:\/\/medicina.udd.cl\/tecnologia-medica-santiago\/wp-json\/wp\/v2\/media?parent=9789"}],"wp:term":[{"taxonomy":"category","embeddable":true,"href":"https:\/\/medicina.udd.cl\/tecnologia-medica-santiago\/wp-json\/wp\/v2\/categories?post=9789"},{"taxonomy":"post_tag","embeddable":true,"href":"https:\/\/medicina.udd.cl\/tecnologia-medica-santiago\/wp-json\/wp\/v2\/tags?post=9789"}],"curies":[{"name":"wp","href":"https:\/\/api.w.org\/{rel}","templated":true}]}}