{"id":9833,"date":"2025-09-29T10:12:50","date_gmt":"2025-09-29T13:12:50","guid":{"rendered":"https:\/\/medicina.udd.cl\/tecnologia-medica-santiago\/?p=9833"},"modified":"2025-10-08T10:28:55","modified_gmt":"2025-10-08T13:28:55","slug":"estudiantes-de-tecnologia-medica-udd-celebran-su-semana-con-actividades-y-entrevistas-a-docentes","status":"publish","type":"post","link":"https:\/\/medicina.udd.cl\/tecnologia-medica-santiago\/noticias\/2025\/09\/29\/estudiantes-de-tecnologia-medica-udd-celebran-su-semana-con-actividades-y-entrevistas-a-docentes\/","title":{"rendered":"Estudiantes de Tecnolog\u00eda M\u00e9dica UDD celebran su semana con actividades y entrevistas a docentes"},"content":{"rendered":"\n<figure class=\"wp-block-gallery has-nested-images columns-default is-cropped wp-block-gallery-1 is-layout-flex wp-block-gallery-is-layout-flex\">\n<figure class=\"wp-block-image size-large\"><a href=\"https:\/\/medicina.udd.cl\/tecnologia-medica-santiago\/files\/2025\/10\/tm-cetem-dia-tm-2025-6.png\"><img loading=\"lazy\" decoding=\"async\" width=\"721\" height=\"1024\" data-id=\"9839\" src=\"https:\/\/medicina.udd.cl\/tecnologia-medica-santiago\/files\/2025\/10\/tm-cetem-dia-tm-2025-6-721x1024.png\" alt=\"\" class=\"wp-image-9839\" srcset=\"https:\/\/medicina.udd.cl\/tecnologia-medica-santiago\/files\/2025\/10\/tm-cetem-dia-tm-2025-6-721x1024.png 721w, https:\/\/medicina.udd.cl\/tecnologia-medica-santiago\/files\/2025\/10\/tm-cetem-dia-tm-2025-6-211x300.png 211w, https:\/\/medicina.udd.cl\/tecnologia-medica-santiago\/files\/2025\/10\/tm-cetem-dia-tm-2025-6-768x1091.png 768w, https:\/\/medicina.udd.cl\/tecnologia-medica-santiago\/files\/2025\/10\/tm-cetem-dia-tm-2025-6-1081x1536.png 1081w, https:\/\/medicina.udd.cl\/tecnologia-medica-santiago\/files\/2025\/10\/tm-cetem-dia-tm-2025-6.png 1179w\" sizes=\"auto, (max-width: 721px) 100vw, 721px\" \/><\/a><\/figure>\n\n\n\n<figure class=\"wp-block-image size-large\"><a href=\"https:\/\/medicina.udd.cl\/tecnologia-medica-santiago\/files\/2025\/10\/tm-cetem-dia-tm-2025-2.png\"><img loading=\"lazy\" decoding=\"async\" width=\"742\" height=\"1024\" data-id=\"9835\" src=\"https:\/\/medicina.udd.cl\/tecnologia-medica-santiago\/files\/2025\/10\/tm-cetem-dia-tm-2025-2-742x1024.png\" alt=\"\" class=\"wp-image-9835\" srcset=\"https:\/\/medicina.udd.cl\/tecnologia-medica-santiago\/files\/2025\/10\/tm-cetem-dia-tm-2025-2-742x1024.png 742w, https:\/\/medicina.udd.cl\/tecnologia-medica-santiago\/files\/2025\/10\/tm-cetem-dia-tm-2025-2-218x300.png 218w, https:\/\/medicina.udd.cl\/tecnologia-medica-santiago\/files\/2025\/10\/tm-cetem-dia-tm-2025-2-768x1059.png 768w, https:\/\/medicina.udd.cl\/tecnologia-medica-santiago\/files\/2025\/10\/tm-cetem-dia-tm-2025-2-1114x1536.png 1114w, https:\/\/medicina.udd.cl\/tecnologia-medica-santiago\/files\/2025\/10\/tm-cetem-dia-tm-2025-2.png 1179w\" sizes=\"auto, (max-width: 742px) 100vw, 742px\" \/><\/a><\/figure>\n\n\n\n<figure class=\"wp-block-image size-large\"><a href=\"https:\/\/medicina.udd.cl\/tecnologia-medica-santiago\/files\/2025\/10\/tm-cetem-dia-tm-2025-3.png\"><img loading=\"lazy\" decoding=\"async\" width=\"747\" height=\"1024\" data-id=\"9836\" src=\"https:\/\/medicina.udd.cl\/tecnologia-medica-santiago\/files\/2025\/10\/tm-cetem-dia-tm-2025-3-747x1024.png\" alt=\"\" class=\"wp-image-9836\" srcset=\"https:\/\/medicina.udd.cl\/tecnologia-medica-santiago\/files\/2025\/10\/tm-cetem-dia-tm-2025-3-747x1024.png 747w, https:\/\/medicina.udd.cl\/tecnologia-medica-santiago\/files\/2025\/10\/tm-cetem-dia-tm-2025-3-219x300.png 219w, https:\/\/medicina.udd.cl\/tecnologia-medica-santiago\/files\/2025\/10\/tm-cetem-dia-tm-2025-3-768x1053.png 768w, https:\/\/medicina.udd.cl\/tecnologia-medica-santiago\/files\/2025\/10\/tm-cetem-dia-tm-2025-3-1120x1536.png 1120w, https:\/\/medicina.udd.cl\/tecnologia-medica-santiago\/files\/2025\/10\/tm-cetem-dia-tm-2025-3.png 1179w\" sizes=\"auto, (max-width: 747px) 100vw, 747px\" \/><\/a><\/figure>\n<\/figure>\n\n\n\n<p>Desde este lunes 29 de septiembre, estudiantes del Centro de Alumnos de la carrera de <strong>Tecnolog\u00eda M\u00e9dica<\/strong> de la <strong>Facultad de Medicina Cl\u00ednica Alemana Universidad del Desarrollo (UDD)<\/strong> dieron inicio a la <strong>celebraci\u00f3n del D\u00eda del Tecn\u00f3logo M\u00e9dico<\/strong>, que se conmemora cada 2 de octubre.<\/p>\n\n\n\n<p>Durante la jornada, los alumnos instalaron un <strong>stand informativo<\/strong> en el campus Rector Ernesto Silva Bafalluy, donde presentaron <strong>ex\u00e1menes y demostraciones de las cuatro especialidades<\/strong> de la carrera, adem\u00e1s de realizar <strong>entrevistas a docentes<\/strong> para destacar la formaci\u00f3n acad\u00e9mica, las competencias y las habilidades que desarrollan durante su paso por la universidad.<\/p>\n\n\n\n<p>La actividad cont\u00f3 con la participaci\u00f3n de <strong>docentes, coordinadores<\/strong> y de la <strong>directora de carrera, Mar\u00eda Adriana Parra<\/strong>, quien acompa\u00f1\u00f3 a los estudiantes en esta instancia de vinculaci\u00f3n con la comunidad universitaria.<\/p>\n\n\n\n<p>\u201cLos chicos muy entusiastas iniciaron esta jornada con entrevistas a distintos docentes de la carrera y profesores de la universidad que tienen que ver con la formaci\u00f3n de nuestros estudiantes, para dar realce a lo que se ense\u00f1a en Tecnolog\u00eda M\u00e9dica en esta universidad. Queremos mostrar nuestros sellos diferenciadores y todas las actividades que permiten que nuestros estudiantes, adem\u00e1s de ser tecn\u00f3logos m\u00e9dicos, desarrollen otras competencias y habilidades que los validen como personas en el mundo profesional\u201d, destac\u00f3 Parra.<\/p>\n\n\n\n<p>La conmemoraci\u00f3n permiti\u00f3 acercar a la comunidad universitaria al quehacer del tecn\u00f3logo m\u00e9dico, resaltando su importante rol en el \u00e1mbito de la salud y la formaci\u00f3n integral que caracteriza a la UDD.<\/p>\n\n\n\n<figure class=\"wp-block-gallery has-nested-images columns-default is-cropped wp-block-gallery-2 is-layout-flex wp-block-gallery-is-layout-flex\">\n<figure class=\"wp-block-image size-large\"><a href=\"https:\/\/medicina.udd.cl\/tecnologia-medica-santiago\/files\/2025\/10\/tm-cetem-dia-tm-2025-7.png\"><img loading=\"lazy\" decoding=\"async\" width=\"691\" height=\"1024\" data-id=\"9840\" src=\"https:\/\/medicina.udd.cl\/tecnologia-medica-santiago\/files\/2025\/10\/tm-cetem-dia-tm-2025-7-691x1024.png\" alt=\"\" class=\"wp-image-9840\" srcset=\"https:\/\/medicina.udd.cl\/tecnologia-medica-santiago\/files\/2025\/10\/tm-cetem-dia-tm-2025-7-691x1024.png 691w, https:\/\/medicina.udd.cl\/tecnologia-medica-santiago\/files\/2025\/10\/tm-cetem-dia-tm-2025-7-202x300.png 202w, https:\/\/medicina.udd.cl\/tecnologia-medica-santiago\/files\/2025\/10\/tm-cetem-dia-tm-2025-7-768x1138.png 768w, https:\/\/medicina.udd.cl\/tecnologia-medica-santiago\/files\/2025\/10\/tm-cetem-dia-tm-2025-7-1037x1536.png 1037w, https:\/\/medicina.udd.cl\/tecnologia-medica-santiago\/files\/2025\/10\/tm-cetem-dia-tm-2025-7.png 1179w\" sizes=\"auto, (max-width: 691px) 100vw, 691px\" \/><\/a><\/figure>\n\n\n\n<figure class=\"wp-block-image size-large\"><a href=\"https:\/\/medicina.udd.cl\/tecnologia-medica-santiago\/files\/2025\/10\/tm-cetem-dia-tm-2025-4.png\"><img loading=\"lazy\" decoding=\"async\" width=\"702\" height=\"1024\" data-id=\"9837\" src=\"https:\/\/medicina.udd.cl\/tecnologia-medica-santiago\/files\/2025\/10\/tm-cetem-dia-tm-2025-4-702x1024.png\" alt=\"\" class=\"wp-image-9837\" srcset=\"https:\/\/medicina.udd.cl\/tecnologia-medica-santiago\/files\/2025\/10\/tm-cetem-dia-tm-2025-4-702x1024.png 702w, https:\/\/medicina.udd.cl\/tecnologia-medica-santiago\/files\/2025\/10\/tm-cetem-dia-tm-2025-4-206x300.png 206w, https:\/\/medicina.udd.cl\/tecnologia-medica-santiago\/files\/2025\/10\/tm-cetem-dia-tm-2025-4-768x1120.png 768w, https:\/\/medicina.udd.cl\/tecnologia-medica-santiago\/files\/2025\/10\/tm-cetem-dia-tm-2025-4-1053x1536.png 1053w, https:\/\/medicina.udd.cl\/tecnologia-medica-santiago\/files\/2025\/10\/tm-cetem-dia-tm-2025-4.png 1179w\" sizes=\"auto, (max-width: 702px) 100vw, 702px\" \/><\/a><\/figure>\n\n\n\n<figure class=\"wp-block-image size-large\"><a href=\"https:\/\/medicina.udd.cl\/tecnologia-medica-santiago\/files\/2025\/10\/tm-cetem-dia-tm-2025-5.png\"><img loading=\"lazy\" decoding=\"async\" width=\"785\" height=\"1024\" data-id=\"9838\" src=\"https:\/\/medicina.udd.cl\/tecnologia-medica-santiago\/files\/2025\/10\/tm-cetem-dia-tm-2025-5-785x1024.png\" alt=\"\" class=\"wp-image-9838\" srcset=\"https:\/\/medicina.udd.cl\/tecnologia-medica-santiago\/files\/2025\/10\/tm-cetem-dia-tm-2025-5-785x1024.png 785w, https:\/\/medicina.udd.cl\/tecnologia-medica-santiago\/files\/2025\/10\/tm-cetem-dia-tm-2025-5-230x300.png 230w, https:\/\/medicina.udd.cl\/tecnologia-medica-santiago\/files\/2025\/10\/tm-cetem-dia-tm-2025-5-768x1002.png 768w, https:\/\/medicina.udd.cl\/tecnologia-medica-santiago\/files\/2025\/10\/tm-cetem-dia-tm-2025-5-1177x1536.png 1177w, https:\/\/medicina.udd.cl\/tecnologia-medica-santiago\/files\/2025\/10\/tm-cetem-dia-tm-2025-5.png 1179w\" sizes=\"auto, (max-width: 785px) 100vw, 785px\" \/><\/a><\/figure>\n\n\n\n<figure class=\"wp-block-image size-large\"><a href=\"https:\/\/medicina.udd.cl\/tecnologia-medica-santiago\/files\/2025\/10\/tm-cetem-dia-tm-2025-1.jpg\"><img loading=\"lazy\" decoding=\"async\" width=\"768\" height=\"1024\" data-id=\"9825\" src=\"https:\/\/medicina.udd.cl\/tecnologia-medica-santiago\/files\/2025\/10\/tm-cetem-dia-tm-2025-1-768x1024.jpg\" alt=\"\" class=\"wp-image-9825\" srcset=\"https:\/\/medicina.udd.cl\/tecnologia-medica-santiago\/files\/2025\/10\/tm-cetem-dia-tm-2025-1-768x1024.jpg 768w, https:\/\/medicina.udd.cl\/tecnologia-medica-santiago\/files\/2025\/10\/tm-cetem-dia-tm-2025-1-225x300.jpg 225w, https:\/\/medicina.udd.cl\/tecnologia-medica-santiago\/files\/2025\/10\/tm-cetem-dia-tm-2025-1.jpg 960w\" sizes=\"auto, (max-width: 768px) 100vw, 768px\" \/><\/a><\/figure>\n<\/figure>\n","protected":false},"excerpt":{"rendered":"<p>Desde este lunes 29 de septiembre, estudiantes del Centro de Alumnos de la carrera de Tecnolog\u00eda M\u00e9dica de la Facultad de Medicina Cl\u00ednica Alemana Universidad del Desarrollo (UDD) dieron inicio a la celebraci\u00f3n del D\u00eda del Tecn\u00f3logo M\u00e9dico, que se conmemora cada 2 de octubre. Durante la jornada, los alumnos instalaron un stand informativo en [&hellip;]<\/p>\n","protected":false},"author":9192219,"featured_media":9841,"comment_status":"closed","ping_status":"open","sticky":false,"template":"","format":"standard","meta":{"footnotes":""},"categories":[4],"tags":[],"class_list":["post-9833","post","type-post","status-publish","format-standard","has-post-thumbnail","hentry","category-noticias"],"yoast_head":"<!-- This site is optimized with the Yoast SEO plugin v26.9 - https:\/\/yoast.com\/product\/yoast-seo-wordpress\/ -->\n<title>Estudiantes de Tecnolog\u00eda M\u00e9dica UDD celebran su semana con actividades y entrevistas a docentes - Tecnolog\u00eda M\u00e9dica<\/title>\n<meta name=\"robots\" content=\"index, follow, max-snippet:-1, max-image-preview:large, max-video-preview:-1\" \/>\n<link rel=\"canonical\" href=\"https:\/\/medicina.udd.cl\/tecnologia-medica-santiago\/noticias\/2025\/09\/29\/estudiantes-de-tecnologia-medica-udd-celebran-su-semana-con-actividades-y-entrevistas-a-docentes\/\" \/>\n<meta property=\"og:locale\" content=\"es_ES\" \/>\n<meta property=\"og:type\" content=\"article\" \/>\n<meta property=\"og:title\" content=\"Estudiantes de Tecnolog\u00eda M\u00e9dica UDD celebran su semana con actividades y entrevistas a docentes - Tecnolog\u00eda M\u00e9dica\" \/>\n<meta property=\"og:description\" content=\"Desde este lunes 29 de septiembre, estudiantes del Centro de Alumnos de la carrera de Tecnolog\u00eda M\u00e9dica de la Facultad de Medicina Cl\u00ednica Alemana Universidad del Desarrollo (UDD) dieron inicio a la celebraci\u00f3n del D\u00eda del Tecn\u00f3logo M\u00e9dico, que se conmemora cada 2 de octubre. Durante la jornada, los alumnos instalaron un stand informativo en [&hellip;]\" \/>\n<meta property=\"og:url\" content=\"https:\/\/medicina.udd.cl\/tecnologia-medica-santiago\/noticias\/2025\/09\/29\/estudiantes-de-tecnologia-medica-udd-celebran-su-semana-con-actividades-y-entrevistas-a-docentes\/\" \/>\n<meta property=\"og:site_name\" content=\"Tecnolog\u00eda M\u00e9dica\" \/>\n<meta property=\"article:published_time\" content=\"2025-09-29T13:12:50+00:00\" \/>\n<meta property=\"article:modified_time\" content=\"2025-10-08T13:28:55+00:00\" \/>\n<meta property=\"og:image\" content=\"https:\/\/medicina.udd.cl\/tecnologia-medica-santiago\/files\/2025\/10\/tm-cetem-dia-tm-2025-portada-1024x1024.png\" \/>\n\t<meta property=\"og:image:width\" content=\"1024\" \/>\n\t<meta property=\"og:image:height\" content=\"1024\" \/>\n\t<meta property=\"og:image:type\" content=\"image\/png\" \/>\n<meta name=\"author\" content=\"rbraidy\" \/>\n<meta name=\"twitter:label1\" content=\"Escrito por\" \/>\n\t<meta name=\"twitter:data1\" content=\"rbraidy\" \/>\n\t<meta name=\"twitter:label2\" content=\"Tiempo de lectura\" \/>\n\t<meta name=\"twitter:data2\" content=\"3 minutos\" \/>\n<script type=\"application\/ld+json\" class=\"yoast-schema-graph\">{\"@context\":\"https:\/\/schema.org\",\"@graph\":[{\"@type\":\"Article\",\"@id\":\"https:\/\/medicina.udd.cl\/tecnologia-medica-santiago\/noticias\/2025\/09\/29\/estudiantes-de-tecnologia-medica-udd-celebran-su-semana-con-actividades-y-entrevistas-a-docentes\/#article\",\"isPartOf\":{\"@id\":\"https:\/\/medicina.udd.cl\/tecnologia-medica-santiago\/noticias\/2025\/09\/29\/estudiantes-de-tecnologia-medica-udd-celebran-su-semana-con-actividades-y-entrevistas-a-docentes\/\"},\"author\":{\"name\":\"rbraidy\",\"@id\":\"https:\/\/medicina.udd.cl\/tecnologia-medica-santiago\/#\/schema\/person\/dbc3705bf3a93e8be1ba6de0ef950341\"},\"headline\":\"Estudiantes de Tecnolog\u00eda M\u00e9dica UDD celebran su semana con actividades y entrevistas a docentes\",\"datePublished\":\"2025-09-29T13:12:50+00:00\",\"dateModified\":\"2025-10-08T13:28:55+00:00\",\"mainEntityOfPage\":{\"@id\":\"https:\/\/medicina.udd.cl\/tecnologia-medica-santiago\/noticias\/2025\/09\/29\/estudiantes-de-tecnologia-medica-udd-celebran-su-semana-con-actividades-y-entrevistas-a-docentes\/\"},\"wordCount\":279,\"image\":{\"@id\":\"https:\/\/medicina.udd.cl\/tecnologia-medica-santiago\/noticias\/2025\/09\/29\/estudiantes-de-tecnologia-medica-udd-celebran-su-semana-con-actividades-y-entrevistas-a-docentes\/#primaryimage\"},\"thumbnailUrl\":\"https:\/\/medicina.udd.cl\/tecnologia-medica-santiago\/files\/2025\/10\/tm-cetem-dia-tm-2025-portada.png\",\"articleSection\":[\"Noticias\"],\"inLanguage\":\"es\"},{\"@type\":\"WebPage\",\"@id\":\"https:\/\/medicina.udd.cl\/tecnologia-medica-santiago\/noticias\/2025\/09\/29\/estudiantes-de-tecnologia-medica-udd-celebran-su-semana-con-actividades-y-entrevistas-a-docentes\/\",\"url\":\"https:\/\/medicina.udd.cl\/tecnologia-medica-santiago\/noticias\/2025\/09\/29\/estudiantes-de-tecnologia-medica-udd-celebran-su-semana-con-actividades-y-entrevistas-a-docentes\/\",\"name\":\"Estudiantes de Tecnolog\u00eda M\u00e9dica UDD celebran su semana con actividades y entrevistas a docentes - Tecnolog\u00eda M\u00e9dica\",\"isPartOf\":{\"@id\":\"https:\/\/medicina.udd.cl\/tecnologia-medica-santiago\/#website\"},\"primaryImageOfPage\":{\"@id\":\"https:\/\/medicina.udd.cl\/tecnologia-medica-santiago\/noticias\/2025\/09\/29\/estudiantes-de-tecnologia-medica-udd-celebran-su-semana-con-actividades-y-entrevistas-a-docentes\/#primaryimage\"},\"image\":{\"@id\":\"https:\/\/medicina.udd.cl\/tecnologia-medica-santiago\/noticias\/2025\/09\/29\/estudiantes-de-tecnologia-medica-udd-celebran-su-semana-con-actividades-y-entrevistas-a-docentes\/#primaryimage\"},\"thumbnailUrl\":\"https:\/\/medicina.udd.cl\/tecnologia-medica-santiago\/files\/2025\/10\/tm-cetem-dia-tm-2025-portada.png\",\"datePublished\":\"2025-09-29T13:12:50+00:00\",\"dateModified\":\"2025-10-08T13:28:55+00:00\",\"author\":{\"@id\":\"https:\/\/medicina.udd.cl\/tecnologia-medica-santiago\/#\/schema\/person\/dbc3705bf3a93e8be1ba6de0ef950341\"},\"breadcrumb\":{\"@id\":\"https:\/\/medicina.udd.cl\/tecnologia-medica-santiago\/noticias\/2025\/09\/29\/estudiantes-de-tecnologia-medica-udd-celebran-su-semana-con-actividades-y-entrevistas-a-docentes\/#breadcrumb\"},\"inLanguage\":\"es\",\"potentialAction\":[{\"@type\":\"ReadAction\",\"target\":[\"https:\/\/medicina.udd.cl\/tecnologia-medica-santiago\/noticias\/2025\/09\/29\/estudiantes-de-tecnologia-medica-udd-celebran-su-semana-con-actividades-y-entrevistas-a-docentes\/\"]}]},{\"@type\":\"ImageObject\",\"inLanguage\":\"es\",\"@id\":\"https:\/\/medicina.udd.cl\/tecnologia-medica-santiago\/noticias\/2025\/09\/29\/estudiantes-de-tecnologia-medica-udd-celebran-su-semana-con-actividades-y-entrevistas-a-docentes\/#primaryimage\",\"url\":\"https:\/\/medicina.udd.cl\/tecnologia-medica-santiago\/files\/2025\/10\/tm-cetem-dia-tm-2025-portada.png\",\"contentUrl\":\"https:\/\/medicina.udd.cl\/tecnologia-medica-santiago\/files\/2025\/10\/tm-cetem-dia-tm-2025-portada.png\",\"width\":1179,\"height\":1179},{\"@type\":\"BreadcrumbList\",\"@id\":\"https:\/\/medicina.udd.cl\/tecnologia-medica-santiago\/noticias\/2025\/09\/29\/estudiantes-de-tecnologia-medica-udd-celebran-su-semana-con-actividades-y-entrevistas-a-docentes\/#breadcrumb\",\"itemListElement\":[{\"@type\":\"ListItem\",\"position\":1,\"name\":\"Home\",\"item\":\"https:\/\/medicina.udd.cl\/tecnologia-medica-santiago\/\"},{\"@type\":\"ListItem\",\"position\":2,\"name\":\"Estudiantes de Tecnolog\u00eda M\u00e9dica UDD celebran su semana con actividades y entrevistas a docentes\"}]},{\"@type\":\"WebSite\",\"@id\":\"https:\/\/medicina.udd.cl\/tecnologia-medica-santiago\/#website\",\"url\":\"https:\/\/medicina.udd.cl\/tecnologia-medica-santiago\/\",\"name\":\"Tecnolog\u00eda M\u00e9dica\",\"description\":\"Facultad de Medicina Cl\u00ednica Alemana Universidad del Desarrollo\",\"inLanguage\":\"es\"},{\"@type\":\"Person\",\"@id\":\"https:\/\/medicina.udd.cl\/tecnologia-medica-santiago\/#\/schema\/person\/dbc3705bf3a93e8be1ba6de0ef950341\",\"name\":\"rbraidy\",\"image\":{\"@type\":\"ImageObject\",\"inLanguage\":\"es\",\"@id\":\"https:\/\/medicina.udd.cl\/tecnologia-medica-santiago\/#\/schema\/person\/image\/\",\"url\":\"https:\/\/secure.gravatar.com\/avatar\/0f8bc94637401590e45d2ce17eb65c274cb8870a219de6177f3f23e63fd8cdf3?s=96&d=mm&r=g\",\"contentUrl\":\"https:\/\/secure.gravatar.com\/avatar\/0f8bc94637401590e45d2ce17eb65c274cb8870a219de6177f3f23e63fd8cdf3?s=96&d=mm&r=g\",\"caption\":\"rbraidy\"},\"url\":\"https:\/\/medicina.udd.cl\/tecnologia-medica-santiago\/noticias\/author\/rbraidy\/\"}]}<\/script>\n<!-- \/ Yoast SEO plugin. -->","yoast_head_json":{"title":"Estudiantes de Tecnolog\u00eda M\u00e9dica UDD celebran su semana con actividades y entrevistas a docentes - Tecnolog\u00eda M\u00e9dica","robots":{"index":"index","follow":"follow","max-snippet":"max-snippet:-1","max-image-preview":"max-image-preview:large","max-video-preview":"max-video-preview:-1"},"canonical":"https:\/\/medicina.udd.cl\/tecnologia-medica-santiago\/noticias\/2025\/09\/29\/estudiantes-de-tecnologia-medica-udd-celebran-su-semana-con-actividades-y-entrevistas-a-docentes\/","og_locale":"es_ES","og_type":"article","og_title":"Estudiantes de Tecnolog\u00eda M\u00e9dica UDD celebran su semana con actividades y entrevistas a docentes - Tecnolog\u00eda M\u00e9dica","og_description":"Desde este lunes 29 de septiembre, estudiantes del Centro de Alumnos de la carrera de Tecnolog\u00eda M\u00e9dica de la Facultad de Medicina Cl\u00ednica Alemana Universidad del Desarrollo (UDD) dieron inicio a la celebraci\u00f3n del D\u00eda del Tecn\u00f3logo M\u00e9dico, que se conmemora cada 2 de octubre. Durante la jornada, los alumnos instalaron un stand informativo en [&hellip;]","og_url":"https:\/\/medicina.udd.cl\/tecnologia-medica-santiago\/noticias\/2025\/09\/29\/estudiantes-de-tecnologia-medica-udd-celebran-su-semana-con-actividades-y-entrevistas-a-docentes\/","og_site_name":"Tecnolog\u00eda M\u00e9dica","article_published_time":"2025-09-29T13:12:50+00:00","article_modified_time":"2025-10-08T13:28:55+00:00","og_image":[{"width":1024,"height":1024,"url":"https:\/\/medicina.udd.cl\/tecnologia-medica-santiago\/files\/2025\/10\/tm-cetem-dia-tm-2025-portada-1024x1024.png","type":"image\/png"}],"author":"rbraidy","twitter_misc":{"Escrito por":"rbraidy","Tiempo de lectura":"3 minutos"},"schema":{"@context":"https:\/\/schema.org","@graph":[{"@type":"Article","@id":"https:\/\/medicina.udd.cl\/tecnologia-medica-santiago\/noticias\/2025\/09\/29\/estudiantes-de-tecnologia-medica-udd-celebran-su-semana-con-actividades-y-entrevistas-a-docentes\/#article","isPartOf":{"@id":"https:\/\/medicina.udd.cl\/tecnologia-medica-santiago\/noticias\/2025\/09\/29\/estudiantes-de-tecnologia-medica-udd-celebran-su-semana-con-actividades-y-entrevistas-a-docentes\/"},"author":{"name":"rbraidy","@id":"https:\/\/medicina.udd.cl\/tecnologia-medica-santiago\/#\/schema\/person\/dbc3705bf3a93e8be1ba6de0ef950341"},"headline":"Estudiantes de Tecnolog\u00eda M\u00e9dica UDD celebran su semana con actividades y entrevistas a docentes","datePublished":"2025-09-29T13:12:50+00:00","dateModified":"2025-10-08T13:28:55+00:00","mainEntityOfPage":{"@id":"https:\/\/medicina.udd.cl\/tecnologia-medica-santiago\/noticias\/2025\/09\/29\/estudiantes-de-tecnologia-medica-udd-celebran-su-semana-con-actividades-y-entrevistas-a-docentes\/"},"wordCount":279,"image":{"@id":"https:\/\/medicina.udd.cl\/tecnologia-medica-santiago\/noticias\/2025\/09\/29\/estudiantes-de-tecnologia-medica-udd-celebran-su-semana-con-actividades-y-entrevistas-a-docentes\/#primaryimage"},"thumbnailUrl":"https:\/\/medicina.udd.cl\/tecnologia-medica-santiago\/files\/2025\/10\/tm-cetem-dia-tm-2025-portada.png","articleSection":["Noticias"],"inLanguage":"es"},{"@type":"WebPage","@id":"https:\/\/medicina.udd.cl\/tecnologia-medica-santiago\/noticias\/2025\/09\/29\/estudiantes-de-tecnologia-medica-udd-celebran-su-semana-con-actividades-y-entrevistas-a-docentes\/","url":"https:\/\/medicina.udd.cl\/tecnologia-medica-santiago\/noticias\/2025\/09\/29\/estudiantes-de-tecnologia-medica-udd-celebran-su-semana-con-actividades-y-entrevistas-a-docentes\/","name":"Estudiantes de Tecnolog\u00eda M\u00e9dica UDD celebran su semana con actividades y entrevistas a docentes - Tecnolog\u00eda M\u00e9dica","isPartOf":{"@id":"https:\/\/medicina.udd.cl\/tecnologia-medica-santiago\/#website"},"primaryImageOfPage":{"@id":"https:\/\/medicina.udd.cl\/tecnologia-medica-santiago\/noticias\/2025\/09\/29\/estudiantes-de-tecnologia-medica-udd-celebran-su-semana-con-actividades-y-entrevistas-a-docentes\/#primaryimage"},"image":{"@id":"https:\/\/medicina.udd.cl\/tecnologia-medica-santiago\/noticias\/2025\/09\/29\/estudiantes-de-tecnologia-medica-udd-celebran-su-semana-con-actividades-y-entrevistas-a-docentes\/#primaryimage"},"thumbnailUrl":"https:\/\/medicina.udd.cl\/tecnologia-medica-santiago\/files\/2025\/10\/tm-cetem-dia-tm-2025-portada.png","datePublished":"2025-09-29T13:12:50+00:00","dateModified":"2025-10-08T13:28:55+00:00","author":{"@id":"https:\/\/medicina.udd.cl\/tecnologia-medica-santiago\/#\/schema\/person\/dbc3705bf3a93e8be1ba6de0ef950341"},"breadcrumb":{"@id":"https:\/\/medicina.udd.cl\/tecnologia-medica-santiago\/noticias\/2025\/09\/29\/estudiantes-de-tecnologia-medica-udd-celebran-su-semana-con-actividades-y-entrevistas-a-docentes\/#breadcrumb"},"inLanguage":"es","potentialAction":[{"@type":"ReadAction","target":["https:\/\/medicina.udd.cl\/tecnologia-medica-santiago\/noticias\/2025\/09\/29\/estudiantes-de-tecnologia-medica-udd-celebran-su-semana-con-actividades-y-entrevistas-a-docentes\/"]}]},{"@type":"ImageObject","inLanguage":"es","@id":"https:\/\/medicina.udd.cl\/tecnologia-medica-santiago\/noticias\/2025\/09\/29\/estudiantes-de-tecnologia-medica-udd-celebran-su-semana-con-actividades-y-entrevistas-a-docentes\/#primaryimage","url":"https:\/\/medicina.udd.cl\/tecnologia-medica-santiago\/files\/2025\/10\/tm-cetem-dia-tm-2025-portada.png","contentUrl":"https:\/\/medicina.udd.cl\/tecnologia-medica-santiago\/files\/2025\/10\/tm-cetem-dia-tm-2025-portada.png","width":1179,"height":1179},{"@type":"BreadcrumbList","@id":"https:\/\/medicina.udd.cl\/tecnologia-medica-santiago\/noticias\/2025\/09\/29\/estudiantes-de-tecnologia-medica-udd-celebran-su-semana-con-actividades-y-entrevistas-a-docentes\/#breadcrumb","itemListElement":[{"@type":"ListItem","position":1,"name":"Home","item":"https:\/\/medicina.udd.cl\/tecnologia-medica-santiago\/"},{"@type":"ListItem","position":2,"name":"Estudiantes de Tecnolog\u00eda M\u00e9dica UDD celebran su semana con actividades y entrevistas a docentes"}]},{"@type":"WebSite","@id":"https:\/\/medicina.udd.cl\/tecnologia-medica-santiago\/#website","url":"https:\/\/medicina.udd.cl\/tecnologia-medica-santiago\/","name":"Tecnolog\u00eda M\u00e9dica","description":"Facultad de Medicina Cl\u00ednica Alemana Universidad del Desarrollo","inLanguage":"es"},{"@type":"Person","@id":"https:\/\/medicina.udd.cl\/tecnologia-medica-santiago\/#\/schema\/person\/dbc3705bf3a93e8be1ba6de0ef950341","name":"rbraidy","image":{"@type":"ImageObject","inLanguage":"es","@id":"https:\/\/medicina.udd.cl\/tecnologia-medica-santiago\/#\/schema\/person\/image\/","url":"https:\/\/secure.gravatar.com\/avatar\/0f8bc94637401590e45d2ce17eb65c274cb8870a219de6177f3f23e63fd8cdf3?s=96&d=mm&r=g","contentUrl":"https:\/\/secure.gravatar.com\/avatar\/0f8bc94637401590e45d2ce17eb65c274cb8870a219de6177f3f23e63fd8cdf3?s=96&d=mm&r=g","caption":"rbraidy"},"url":"https:\/\/medicina.udd.cl\/tecnologia-medica-santiago\/noticias\/author\/rbraidy\/"}]}},"featured_image_url":"https:\/\/medicina.udd.cl\/tecnologia-medica-santiago\/files\/2025\/10\/tm-cetem-dia-tm-2025-portada.png","_links":{"self":[{"href":"https:\/\/medicina.udd.cl\/tecnologia-medica-santiago\/wp-json\/wp\/v2\/posts\/9833","targetHints":{"allow":["GET"]}}],"collection":[{"href":"https:\/\/medicina.udd.cl\/tecnologia-medica-santiago\/wp-json\/wp\/v2\/posts"}],"about":[{"href":"https:\/\/medicina.udd.cl\/tecnologia-medica-santiago\/wp-json\/wp\/v2\/types\/post"}],"author":[{"embeddable":true,"href":"https:\/\/medicina.udd.cl\/tecnologia-medica-santiago\/wp-json\/wp\/v2\/users\/9192219"}],"replies":[{"embeddable":true,"href":"https:\/\/medicina.udd.cl\/tecnologia-medica-santiago\/wp-json\/wp\/v2\/comments?post=9833"}],"version-history":[{"count":1,"href":"https:\/\/medicina.udd.cl\/tecnologia-medica-santiago\/wp-json\/wp\/v2\/posts\/9833\/revisions"}],"predecessor-version":[{"id":9842,"href":"https:\/\/medicina.udd.cl\/tecnologia-medica-santiago\/wp-json\/wp\/v2\/posts\/9833\/revisions\/9842"}],"wp:featuredmedia":[{"embeddable":true,"href":"https:\/\/medicina.udd.cl\/tecnologia-medica-santiago\/wp-json\/wp\/v2\/media\/9841"}],"wp:attachment":[{"href":"https:\/\/medicina.udd.cl\/tecnologia-medica-santiago\/wp-json\/wp\/v2\/media?parent=9833"}],"wp:term":[{"taxonomy":"category","embeddable":true,"href":"https:\/\/medicina.udd.cl\/tecnologia-medica-santiago\/wp-json\/wp\/v2\/categories?post=9833"},{"taxonomy":"post_tag","embeddable":true,"href":"https:\/\/medicina.udd.cl\/tecnologia-medica-santiago\/wp-json\/wp\/v2\/tags?post=9833"}],"curies":[{"name":"wp","href":"https:\/\/api.w.org\/{rel}","templated":true}]}}