{"id":711,"date":"2020-11-06T21:59:00","date_gmt":"2020-11-06T20:59:00","guid":{"rendered":"http:\/\/medicina.udd.cl\/terapia-ocupacional-santiago\/?p=711"},"modified":"2020-11-26T21:37:24","modified_gmt":"2020-11-26T20:37:24","slug":"estrategias-de-terapia-ocupacional-en-el-manejo-del-paciente-con-dolor-musculo-esqueletico-cronico","status":"publish","type":"post","link":"https:\/\/medicina.udd.cl\/terapia-ocupacional-santiago\/2020\/11\/06\/estrategias-de-terapia-ocupacional-en-el-manejo-del-paciente-con-dolor-musculo-esqueletico-cronico\/","title":{"rendered":"Estrategias de Terapia Ocupacional en el manejo del paciente con dolor m\u00fasculo-esquel\u00e9tico cr\u00f3nico"},"content":{"rendered":"<div id=\"gallery-1\" class=\"carousel slide carousel-gallery\" data-ride=\"false\" data-interval=\"false\"><div class=\"carousel-inner\" role=\"listbox\"><figure class=\"carousel-item active\"><img loading=\"lazy\" decoding=\"async\" width=\"496\" height=\"279\" src=\"https:\/\/medicina.udd.cl\/terapia-ocupacional-santiago\/files\/2020\/11\/KineTO2.jpg\" class=\"attachment-landscape_952 size-landscape_952\" alt=\"\" srcset=\"https:\/\/medicina.udd.cl\/terapia-ocupacional-santiago\/files\/2020\/11\/KineTO2.jpg 496w, https:\/\/medicina.udd.cl\/terapia-ocupacional-santiago\/files\/2020\/11\/KineTO2-300x169.jpg 300w\" sizes=\"auto, (max-width: 496px) 100vw, 496px\" \/><\/figure><figure class=\"carousel-item\"><img loading=\"lazy\" decoding=\"async\" width=\"490\" height=\"275\" src=\"https:\/\/medicina.udd.cl\/terapia-ocupacional-santiago\/files\/2020\/11\/KineTO.jpg\" class=\"attachment-landscape_952 size-landscape_952\" alt=\"\" srcset=\"https:\/\/medicina.udd.cl\/terapia-ocupacional-santiago\/files\/2020\/11\/KineTO.jpg 490w, https:\/\/medicina.udd.cl\/terapia-ocupacional-santiago\/files\/2020\/11\/KineTO-300x168.jpg 300w\" sizes=\"auto, (max-width: 490px) 100vw, 490px\" \/><\/figure><figure class=\"carousel-item\"><img loading=\"lazy\" decoding=\"async\" width=\"501\" height=\"282\" src=\"https:\/\/medicina.udd.cl\/terapia-ocupacional-santiago\/files\/2020\/11\/KineTO3jpg.jpg\" class=\"attachment-landscape_952 size-landscape_952\" alt=\"\" srcset=\"https:\/\/medicina.udd.cl\/terapia-ocupacional-santiago\/files\/2020\/11\/KineTO3jpg.jpg 501w, https:\/\/medicina.udd.cl\/terapia-ocupacional-santiago\/files\/2020\/11\/KineTO3jpg-300x169.jpg 300w\" sizes=\"auto, (max-width: 501px) 100vw, 501px\" \/><\/figure><\/div><footer class=\"carousel-footer\"><div class=\"carousel-counter\"><span class=\"carousel-counter-current\"><\/span> \/ <span class=\"carousel-counter-total\"><\/span><\/div><a class=\"carousel-control-prev\" href=\"#gallery-1\" role=\"button\" data-slide=\"prev\"><svg aria-hidden=\"true\" class=\"svg-chevron-left-dims\"><use xlink:href='https:\/\/medicina.udd.cl\/terapia-ocupacional-santiago\/wp-content\/themes\/facultades-2018\/assets\/img\/svg\/dist\/main.svg?version=1695853099#chevron-left'><\/use><\/svg><span class=\"sr-only\">Anterior<\/span><\/a><a class=\"carousel-control-next\" href=\"#gallery-1\" role=\"button\" data-slide=\"next\"><svg aria-hidden=\"true\" class=\"svg-chevron-right-dims\"><use xlink:href='https:\/\/medicina.udd.cl\/terapia-ocupacional-santiago\/wp-content\/themes\/facultades-2018\/assets\/img\/svg\/dist\/main.svg?version=1695853099#chevron-right'><\/use><\/svg><span class=\"sr-only\">Siguiente<\/span><\/a><\/footer><\/div>\n\n\n<p>La Carrera de Terapia&nbsp;Ocupacional de la Facultad de Medicina Cl\u00ednica Alemana Universidad de Desarrollo, es parte del&nbsp;curso de actualizaci\u00f3n \u201cPrevenci\u00f3n y Manejo Multidisciplinario del Dolor M\u00fasculo-Esquel\u00e9tico Cr\u00f3nico (DMEC)\u201d, <strong>&nbsp;<\/strong>organizado por la carrera de Kinesiolog\u00eda UDD, gracias a la participaci\u00f3n del T.O Sebasti\u00e1n Gallegos, quien aborda y desarrolla el tema en cuanto a las <em>\u00abEstrategias de Terapia Ocupacional en el manejo del paciente con DMEC<\/em>\u00ab.<\/p>\n\n\n\n<p>Para Gallegos, es importante destacar el rol del Terapeuta Ocupacional asociado a la amplia visi\u00f3n que tiene esta profesi\u00f3n, con respecto al abordaje de distintos puntos de vista, como por ejemplo, desde los aspectos de la neurobiolog\u00eda, con las distintas t\u00e9cnicas de terapia en espejo, terapia graduada, la implicancia y las repercusiones de la desensibilizaci\u00f3n como t\u00e9cnicas. \u00ab<em>Todo esto es basado en evidencia, as\u00ed como tambi\u00e9n otras t\u00e9cnicas que complementan el trabajo y hacen una revisi\u00f3n&nbsp;y un abordaje desde la prevenci\u00f3n, desde la utilizaci\u00f3n de t\u00e9cnicas de ahorro de energ\u00eda hasta el redise\u00f1o de vida, de c\u00f3mo manejar si no se puede llegar a eliminar la sensaci\u00f3n del dolor en las actividades de la vida diaria\u00bb<\/em>, se\u00f1al\u00f3 el Terapeuta Ocupacional.<\/p>\n\n\n\n<p>Asimismo, Gallegos destac\u00f3 haber podido participar en esta instancia para resaltar la labor del Terapeuta Ocupacional. \u00abFue un privilegio ser parte de un cuerpo docente muy destacado, que son referentes nacionales en relaci\u00f3n al tema del dolor persistente, por lo tanto, el poder validar el rol de Terapia Ocupacional en el equipo del manejo del dolor persistente, es un gran avance para nuestra disciplina\u00bb, dijo el profesional de la salud.<\/p>\n\n\n\n<p>Este curso est\u00e1 destinado a kinesi\u00f3logos que trabajan con personas con disfunciones, lesiones y dolor m\u00fasculo-esquel\u00e9tico.<\/p>\n","protected":false},"excerpt":{"rendered":"<p>La Carrera de Terapia&nbsp;Ocupacional de la Facultad de Medicina Cl\u00ednica Alemana Universidad de Desarrollo, es parte del&nbsp;curso de actualizaci\u00f3n \u201cPrevenci\u00f3n y Manejo Multidisciplinario del Dolor M\u00fasculo-Esquel\u00e9tico Cr\u00f3nico (DMEC)\u201d, &nbsp;organizado por la carrera de Kinesiolog\u00eda UDD, gracias a la participaci\u00f3n del T.O Sebasti\u00e1n Gallegos, quien aborda y desarrolla el tema en cuanto a las \u00abEstrategias de [&hellip;]<\/p>\n","protected":false},"author":9192219,"featured_media":713,"comment_status":"open","ping_status":"open","sticky":false,"template":"","format":"standard","meta":{"footnotes":""},"categories":[4],"tags":[],"class_list":["post-711","post","type-post","status-publish","format-standard","has-post-thumbnail","hentry","category-noticias"],"yoast_head":"<!-- This site is optimized with the Yoast SEO plugin v26.9 - https:\/\/yoast.com\/product\/yoast-seo-wordpress\/ -->\n<title>Estrategias de Terapia Ocupacional en el manejo del paciente con dolor m\u00fasculo-esquel\u00e9tico cr\u00f3nico - Terapia Ocupacional<\/title>\n<meta name=\"robots\" content=\"index, follow, max-snippet:-1, max-image-preview:large, max-video-preview:-1\" \/>\n<link rel=\"canonical\" href=\"https:\/\/medicina.udd.cl\/terapia-ocupacional-santiago\/2020\/11\/06\/estrategias-de-terapia-ocupacional-en-el-manejo-del-paciente-con-dolor-musculo-esqueletico-cronico\/\" \/>\n<meta property=\"og:locale\" content=\"es_ES\" \/>\n<meta property=\"og:type\" content=\"article\" \/>\n<meta property=\"og:title\" content=\"Estrategias de Terapia Ocupacional en el manejo del paciente con dolor m\u00fasculo-esquel\u00e9tico cr\u00f3nico - Terapia Ocupacional\" \/>\n<meta property=\"og:description\" content=\"La Carrera de Terapia&nbsp;Ocupacional de la Facultad de Medicina Cl\u00ednica Alemana Universidad de Desarrollo, es parte del&nbsp;curso de actualizaci\u00f3n \u201cPrevenci\u00f3n y Manejo Multidisciplinario del Dolor M\u00fasculo-Esquel\u00e9tico Cr\u00f3nico (DMEC)\u201d, &nbsp;organizado por la carrera de Kinesiolog\u00eda UDD, gracias a la participaci\u00f3n del T.O Sebasti\u00e1n Gallegos, quien aborda y desarrolla el tema en cuanto a las \u00abEstrategias de [&hellip;]\" \/>\n<meta property=\"og:url\" content=\"https:\/\/medicina.udd.cl\/terapia-ocupacional-santiago\/2020\/11\/06\/estrategias-de-terapia-ocupacional-en-el-manejo-del-paciente-con-dolor-musculo-esqueletico-cronico\/\" \/>\n<meta property=\"og:site_name\" content=\"Terapia Ocupacional\" \/>\n<meta property=\"article:published_time\" content=\"2020-11-06T20:59:00+00:00\" \/>\n<meta property=\"article:modified_time\" content=\"2020-11-26T20:37:24+00:00\" \/>\n<meta property=\"og:image\" content=\"https:\/\/medicina.udd.cl\/terapia-ocupacional-santiago\/files\/2020\/11\/KineTO2.jpg\" \/>\n\t<meta property=\"og:image:width\" content=\"496\" \/>\n\t<meta property=\"og:image:height\" content=\"279\" \/>\n\t<meta property=\"og:image:type\" content=\"image\/jpeg\" \/>\n<meta name=\"author\" content=\"rbraidy\" \/>\n<meta name=\"twitter:card\" content=\"summary_large_image\" \/>\n<meta name=\"twitter:label1\" content=\"Escrito por\" \/>\n\t<meta name=\"twitter:data1\" content=\"rbraidy\" \/>\n\t<meta name=\"twitter:label2\" content=\"Tiempo de lectura\" \/>\n\t<meta name=\"twitter:data2\" content=\"2 minutos\" \/>\n<script type=\"application\/ld+json\" class=\"yoast-schema-graph\">{\"@context\":\"https:\/\/schema.org\",\"@graph\":[{\"@type\":\"Article\",\"@id\":\"https:\/\/medicina.udd.cl\/terapia-ocupacional-santiago\/2020\/11\/06\/estrategias-de-terapia-ocupacional-en-el-manejo-del-paciente-con-dolor-musculo-esqueletico-cronico\/#article\",\"isPartOf\":{\"@id\":\"https:\/\/medicina.udd.cl\/terapia-ocupacional-santiago\/2020\/11\/06\/estrategias-de-terapia-ocupacional-en-el-manejo-del-paciente-con-dolor-musculo-esqueletico-cronico\/\"},\"author\":{\"name\":\"rbraidy\",\"@id\":\"https:\/\/medicina.udd.cl\/terapia-ocupacional-santiago\/#\/schema\/person\/dbc3705bf3a93e8be1ba6de0ef950341\"},\"headline\":\"Estrategias de Terapia Ocupacional en el manejo del paciente con dolor m\u00fasculo-esquel\u00e9tico cr\u00f3nico\",\"datePublished\":\"2020-11-06T20:59:00+00:00\",\"dateModified\":\"2020-11-26T20:37:24+00:00\",\"mainEntityOfPage\":{\"@id\":\"https:\/\/medicina.udd.cl\/terapia-ocupacional-santiago\/2020\/11\/06\/estrategias-de-terapia-ocupacional-en-el-manejo-del-paciente-con-dolor-musculo-esqueletico-cronico\/\"},\"wordCount\":326,\"commentCount\":0,\"image\":{\"@id\":\"https:\/\/medicina.udd.cl\/terapia-ocupacional-santiago\/2020\/11\/06\/estrategias-de-terapia-ocupacional-en-el-manejo-del-paciente-con-dolor-musculo-esqueletico-cronico\/#primaryimage\"},\"thumbnailUrl\":\"https:\/\/medicina.udd.cl\/terapia-ocupacional-santiago\/files\/2020\/11\/KineTO2.jpg\",\"articleSection\":[\"Noticias\"],\"inLanguage\":\"es\",\"potentialAction\":[{\"@type\":\"CommentAction\",\"name\":\"Comment\",\"target\":[\"https:\/\/medicina.udd.cl\/terapia-ocupacional-santiago\/2020\/11\/06\/estrategias-de-terapia-ocupacional-en-el-manejo-del-paciente-con-dolor-musculo-esqueletico-cronico\/#respond\"]}]},{\"@type\":\"WebPage\",\"@id\":\"https:\/\/medicina.udd.cl\/terapia-ocupacional-santiago\/2020\/11\/06\/estrategias-de-terapia-ocupacional-en-el-manejo-del-paciente-con-dolor-musculo-esqueletico-cronico\/\",\"url\":\"https:\/\/medicina.udd.cl\/terapia-ocupacional-santiago\/2020\/11\/06\/estrategias-de-terapia-ocupacional-en-el-manejo-del-paciente-con-dolor-musculo-esqueletico-cronico\/\",\"name\":\"Estrategias de Terapia Ocupacional en el manejo del paciente con dolor m\u00fasculo-esquel\u00e9tico cr\u00f3nico - Terapia Ocupacional\",\"isPartOf\":{\"@id\":\"https:\/\/medicina.udd.cl\/terapia-ocupacional-santiago\/#website\"},\"primaryImageOfPage\":{\"@id\":\"https:\/\/medicina.udd.cl\/terapia-ocupacional-santiago\/2020\/11\/06\/estrategias-de-terapia-ocupacional-en-el-manejo-del-paciente-con-dolor-musculo-esqueletico-cronico\/#primaryimage\"},\"image\":{\"@id\":\"https:\/\/medicina.udd.cl\/terapia-ocupacional-santiago\/2020\/11\/06\/estrategias-de-terapia-ocupacional-en-el-manejo-del-paciente-con-dolor-musculo-esqueletico-cronico\/#primaryimage\"},\"thumbnailUrl\":\"https:\/\/medicina.udd.cl\/terapia-ocupacional-santiago\/files\/2020\/11\/KineTO2.jpg\",\"datePublished\":\"2020-11-06T20:59:00+00:00\",\"dateModified\":\"2020-11-26T20:37:24+00:00\",\"author\":{\"@id\":\"https:\/\/medicina.udd.cl\/terapia-ocupacional-santiago\/#\/schema\/person\/dbc3705bf3a93e8be1ba6de0ef950341\"},\"breadcrumb\":{\"@id\":\"https:\/\/medicina.udd.cl\/terapia-ocupacional-santiago\/2020\/11\/06\/estrategias-de-terapia-ocupacional-en-el-manejo-del-paciente-con-dolor-musculo-esqueletico-cronico\/#breadcrumb\"},\"inLanguage\":\"es\",\"potentialAction\":[{\"@type\":\"ReadAction\",\"target\":[\"https:\/\/medicina.udd.cl\/terapia-ocupacional-santiago\/2020\/11\/06\/estrategias-de-terapia-ocupacional-en-el-manejo-del-paciente-con-dolor-musculo-esqueletico-cronico\/\"]}]},{\"@type\":\"ImageObject\",\"inLanguage\":\"es\",\"@id\":\"https:\/\/medicina.udd.cl\/terapia-ocupacional-santiago\/2020\/11\/06\/estrategias-de-terapia-ocupacional-en-el-manejo-del-paciente-con-dolor-musculo-esqueletico-cronico\/#primaryimage\",\"url\":\"https:\/\/medicina.udd.cl\/terapia-ocupacional-santiago\/files\/2020\/11\/KineTO2.jpg\",\"contentUrl\":\"https:\/\/medicina.udd.cl\/terapia-ocupacional-santiago\/files\/2020\/11\/KineTO2.jpg\",\"width\":496,\"height\":279},{\"@type\":\"BreadcrumbList\",\"@id\":\"https:\/\/medicina.udd.cl\/terapia-ocupacional-santiago\/2020\/11\/06\/estrategias-de-terapia-ocupacional-en-el-manejo-del-paciente-con-dolor-musculo-esqueletico-cronico\/#breadcrumb\",\"itemListElement\":[{\"@type\":\"ListItem\",\"position\":1,\"name\":\"Home\",\"item\":\"https:\/\/medicina.udd.cl\/terapia-ocupacional-santiago\/\"},{\"@type\":\"ListItem\",\"position\":2,\"name\":\"Estrategias de Terapia Ocupacional en el manejo del paciente con dolor m\u00fasculo-esquel\u00e9tico cr\u00f3nico\"}]},{\"@type\":\"WebSite\",\"@id\":\"https:\/\/medicina.udd.cl\/terapia-ocupacional-santiago\/#website\",\"url\":\"https:\/\/medicina.udd.cl\/terapia-ocupacional-santiago\/\",\"name\":\"Terapia Ocupacional\",\"description\":\"Facultad de Medicina C\u00ednica Alemana Universidad del Desarrollo\",\"inLanguage\":\"es\"},{\"@type\":\"Person\",\"@id\":\"https:\/\/medicina.udd.cl\/terapia-ocupacional-santiago\/#\/schema\/person\/dbc3705bf3a93e8be1ba6de0ef950341\",\"name\":\"rbraidy\",\"image\":{\"@type\":\"ImageObject\",\"inLanguage\":\"es\",\"@id\":\"https:\/\/medicina.udd.cl\/terapia-ocupacional-santiago\/#\/schema\/person\/image\/\",\"url\":\"https:\/\/secure.gravatar.com\/avatar\/0f8bc94637401590e45d2ce17eb65c274cb8870a219de6177f3f23e63fd8cdf3?s=96&d=mm&r=g\",\"contentUrl\":\"https:\/\/secure.gravatar.com\/avatar\/0f8bc94637401590e45d2ce17eb65c274cb8870a219de6177f3f23e63fd8cdf3?s=96&d=mm&r=g\",\"caption\":\"rbraidy\"},\"url\":\"https:\/\/medicina.udd.cl\/terapia-ocupacional-santiago\/author\/rbraidy\/\"}]}<\/script>\n<!-- \/ Yoast SEO plugin. -->","yoast_head_json":{"title":"Estrategias de Terapia Ocupacional en el manejo del paciente con dolor m\u00fasculo-esquel\u00e9tico cr\u00f3nico - Terapia Ocupacional","robots":{"index":"index","follow":"follow","max-snippet":"max-snippet:-1","max-image-preview":"max-image-preview:large","max-video-preview":"max-video-preview:-1"},"canonical":"https:\/\/medicina.udd.cl\/terapia-ocupacional-santiago\/2020\/11\/06\/estrategias-de-terapia-ocupacional-en-el-manejo-del-paciente-con-dolor-musculo-esqueletico-cronico\/","og_locale":"es_ES","og_type":"article","og_title":"Estrategias de Terapia Ocupacional en el manejo del paciente con dolor m\u00fasculo-esquel\u00e9tico cr\u00f3nico - Terapia Ocupacional","og_description":"La Carrera de Terapia&nbsp;Ocupacional de la Facultad de Medicina Cl\u00ednica Alemana Universidad de Desarrollo, es parte del&nbsp;curso de actualizaci\u00f3n \u201cPrevenci\u00f3n y Manejo Multidisciplinario del Dolor M\u00fasculo-Esquel\u00e9tico Cr\u00f3nico (DMEC)\u201d, &nbsp;organizado por la carrera de Kinesiolog\u00eda UDD, gracias a la participaci\u00f3n del T.O Sebasti\u00e1n Gallegos, quien aborda y desarrolla el tema en cuanto a las \u00abEstrategias de [&hellip;]","og_url":"https:\/\/medicina.udd.cl\/terapia-ocupacional-santiago\/2020\/11\/06\/estrategias-de-terapia-ocupacional-en-el-manejo-del-paciente-con-dolor-musculo-esqueletico-cronico\/","og_site_name":"Terapia Ocupacional","article_published_time":"2020-11-06T20:59:00+00:00","article_modified_time":"2020-11-26T20:37:24+00:00","og_image":[{"width":496,"height":279,"url":"https:\/\/medicina.udd.cl\/terapia-ocupacional-santiago\/files\/2020\/11\/KineTO2.jpg","type":"image\/jpeg"}],"author":"rbraidy","twitter_card":"summary_large_image","twitter_misc":{"Escrito por":"rbraidy","Tiempo de lectura":"2 minutos"},"schema":{"@context":"https:\/\/schema.org","@graph":[{"@type":"Article","@id":"https:\/\/medicina.udd.cl\/terapia-ocupacional-santiago\/2020\/11\/06\/estrategias-de-terapia-ocupacional-en-el-manejo-del-paciente-con-dolor-musculo-esqueletico-cronico\/#article","isPartOf":{"@id":"https:\/\/medicina.udd.cl\/terapia-ocupacional-santiago\/2020\/11\/06\/estrategias-de-terapia-ocupacional-en-el-manejo-del-paciente-con-dolor-musculo-esqueletico-cronico\/"},"author":{"name":"rbraidy","@id":"https:\/\/medicina.udd.cl\/terapia-ocupacional-santiago\/#\/schema\/person\/dbc3705bf3a93e8be1ba6de0ef950341"},"headline":"Estrategias de Terapia Ocupacional en el manejo del paciente con dolor m\u00fasculo-esquel\u00e9tico cr\u00f3nico","datePublished":"2020-11-06T20:59:00+00:00","dateModified":"2020-11-26T20:37:24+00:00","mainEntityOfPage":{"@id":"https:\/\/medicina.udd.cl\/terapia-ocupacional-santiago\/2020\/11\/06\/estrategias-de-terapia-ocupacional-en-el-manejo-del-paciente-con-dolor-musculo-esqueletico-cronico\/"},"wordCount":326,"commentCount":0,"image":{"@id":"https:\/\/medicina.udd.cl\/terapia-ocupacional-santiago\/2020\/11\/06\/estrategias-de-terapia-ocupacional-en-el-manejo-del-paciente-con-dolor-musculo-esqueletico-cronico\/#primaryimage"},"thumbnailUrl":"https:\/\/medicina.udd.cl\/terapia-ocupacional-santiago\/files\/2020\/11\/KineTO2.jpg","articleSection":["Noticias"],"inLanguage":"es","potentialAction":[{"@type":"CommentAction","name":"Comment","target":["https:\/\/medicina.udd.cl\/terapia-ocupacional-santiago\/2020\/11\/06\/estrategias-de-terapia-ocupacional-en-el-manejo-del-paciente-con-dolor-musculo-esqueletico-cronico\/#respond"]}]},{"@type":"WebPage","@id":"https:\/\/medicina.udd.cl\/terapia-ocupacional-santiago\/2020\/11\/06\/estrategias-de-terapia-ocupacional-en-el-manejo-del-paciente-con-dolor-musculo-esqueletico-cronico\/","url":"https:\/\/medicina.udd.cl\/terapia-ocupacional-santiago\/2020\/11\/06\/estrategias-de-terapia-ocupacional-en-el-manejo-del-paciente-con-dolor-musculo-esqueletico-cronico\/","name":"Estrategias de Terapia Ocupacional en el manejo del paciente con dolor m\u00fasculo-esquel\u00e9tico cr\u00f3nico - Terapia Ocupacional","isPartOf":{"@id":"https:\/\/medicina.udd.cl\/terapia-ocupacional-santiago\/#website"},"primaryImageOfPage":{"@id":"https:\/\/medicina.udd.cl\/terapia-ocupacional-santiago\/2020\/11\/06\/estrategias-de-terapia-ocupacional-en-el-manejo-del-paciente-con-dolor-musculo-esqueletico-cronico\/#primaryimage"},"image":{"@id":"https:\/\/medicina.udd.cl\/terapia-ocupacional-santiago\/2020\/11\/06\/estrategias-de-terapia-ocupacional-en-el-manejo-del-paciente-con-dolor-musculo-esqueletico-cronico\/#primaryimage"},"thumbnailUrl":"https:\/\/medicina.udd.cl\/terapia-ocupacional-santiago\/files\/2020\/11\/KineTO2.jpg","datePublished":"2020-11-06T20:59:00+00:00","dateModified":"2020-11-26T20:37:24+00:00","author":{"@id":"https:\/\/medicina.udd.cl\/terapia-ocupacional-santiago\/#\/schema\/person\/dbc3705bf3a93e8be1ba6de0ef950341"},"breadcrumb":{"@id":"https:\/\/medicina.udd.cl\/terapia-ocupacional-santiago\/2020\/11\/06\/estrategias-de-terapia-ocupacional-en-el-manejo-del-paciente-con-dolor-musculo-esqueletico-cronico\/#breadcrumb"},"inLanguage":"es","potentialAction":[{"@type":"ReadAction","target":["https:\/\/medicina.udd.cl\/terapia-ocupacional-santiago\/2020\/11\/06\/estrategias-de-terapia-ocupacional-en-el-manejo-del-paciente-con-dolor-musculo-esqueletico-cronico\/"]}]},{"@type":"ImageObject","inLanguage":"es","@id":"https:\/\/medicina.udd.cl\/terapia-ocupacional-santiago\/2020\/11\/06\/estrategias-de-terapia-ocupacional-en-el-manejo-del-paciente-con-dolor-musculo-esqueletico-cronico\/#primaryimage","url":"https:\/\/medicina.udd.cl\/terapia-ocupacional-santiago\/files\/2020\/11\/KineTO2.jpg","contentUrl":"https:\/\/medicina.udd.cl\/terapia-ocupacional-santiago\/files\/2020\/11\/KineTO2.jpg","width":496,"height":279},{"@type":"BreadcrumbList","@id":"https:\/\/medicina.udd.cl\/terapia-ocupacional-santiago\/2020\/11\/06\/estrategias-de-terapia-ocupacional-en-el-manejo-del-paciente-con-dolor-musculo-esqueletico-cronico\/#breadcrumb","itemListElement":[{"@type":"ListItem","position":1,"name":"Home","item":"https:\/\/medicina.udd.cl\/terapia-ocupacional-santiago\/"},{"@type":"ListItem","position":2,"name":"Estrategias de Terapia Ocupacional en el manejo del paciente con dolor m\u00fasculo-esquel\u00e9tico cr\u00f3nico"}]},{"@type":"WebSite","@id":"https:\/\/medicina.udd.cl\/terapia-ocupacional-santiago\/#website","url":"https:\/\/medicina.udd.cl\/terapia-ocupacional-santiago\/","name":"Terapia Ocupacional","description":"Facultad de Medicina C\u00ednica Alemana Universidad del Desarrollo","inLanguage":"es"},{"@type":"Person","@id":"https:\/\/medicina.udd.cl\/terapia-ocupacional-santiago\/#\/schema\/person\/dbc3705bf3a93e8be1ba6de0ef950341","name":"rbraidy","image":{"@type":"ImageObject","inLanguage":"es","@id":"https:\/\/medicina.udd.cl\/terapia-ocupacional-santiago\/#\/schema\/person\/image\/","url":"https:\/\/secure.gravatar.com\/avatar\/0f8bc94637401590e45d2ce17eb65c274cb8870a219de6177f3f23e63fd8cdf3?s=96&d=mm&r=g","contentUrl":"https:\/\/secure.gravatar.com\/avatar\/0f8bc94637401590e45d2ce17eb65c274cb8870a219de6177f3f23e63fd8cdf3?s=96&d=mm&r=g","caption":"rbraidy"},"url":"https:\/\/medicina.udd.cl\/terapia-ocupacional-santiago\/author\/rbraidy\/"}]}},"featured_image_url":"https:\/\/medicina.udd.cl\/terapia-ocupacional-santiago\/files\/2020\/11\/KineTO2.jpg","_links":{"self":[{"href":"https:\/\/medicina.udd.cl\/terapia-ocupacional-santiago\/wp-json\/wp\/v2\/posts\/711","targetHints":{"allow":["GET"]}}],"collection":[{"href":"https:\/\/medicina.udd.cl\/terapia-ocupacional-santiago\/wp-json\/wp\/v2\/posts"}],"about":[{"href":"https:\/\/medicina.udd.cl\/terapia-ocupacional-santiago\/wp-json\/wp\/v2\/types\/post"}],"author":[{"embeddable":true,"href":"https:\/\/medicina.udd.cl\/terapia-ocupacional-santiago\/wp-json\/wp\/v2\/users\/9192219"}],"replies":[{"embeddable":true,"href":"https:\/\/medicina.udd.cl\/terapia-ocupacional-santiago\/wp-json\/wp\/v2\/comments?post=711"}],"version-history":[{"count":4,"href":"https:\/\/medicina.udd.cl\/terapia-ocupacional-santiago\/wp-json\/wp\/v2\/posts\/711\/revisions"}],"predecessor-version":[{"id":727,"href":"https:\/\/medicina.udd.cl\/terapia-ocupacional-santiago\/wp-json\/wp\/v2\/posts\/711\/revisions\/727"}],"wp:featuredmedia":[{"embeddable":true,"href":"https:\/\/medicina.udd.cl\/terapia-ocupacional-santiago\/wp-json\/wp\/v2\/media\/713"}],"wp:attachment":[{"href":"https:\/\/medicina.udd.cl\/terapia-ocupacional-santiago\/wp-json\/wp\/v2\/media?parent=711"}],"wp:term":[{"taxonomy":"category","embeddable":true,"href":"https:\/\/medicina.udd.cl\/terapia-ocupacional-santiago\/wp-json\/wp\/v2\/categories?post=711"},{"taxonomy":"post_tag","embeddable":true,"href":"https:\/\/medicina.udd.cl\/terapia-ocupacional-santiago\/wp-json\/wp\/v2\/tags?post=711"}],"curies":[{"name":"wp","href":"https:\/\/api.w.org\/{rel}","templated":true}]}}