{"id":1032,"date":"2018-06-21T11:24:18","date_gmt":"2018-06-21T15:24:18","guid":{"rendered":"http:\/\/medicina.udd.cl\/unidad-calidad\/?p=1032"},"modified":"2018-06-21T11:24:18","modified_gmt":"2018-06-21T15:24:18","slug":"directora-de-la-unidad-de-calidad-participo-en-congreso-internacional-sobre-educacion-superior-2","status":"publish","type":"post","link":"https:\/\/medicina.udd.cl\/unidad-calidad\/noticias\/2018\/06\/21\/directora-de-la-unidad-de-calidad-participo-en-congreso-internacional-sobre-educacion-superior-2\/","title":{"rendered":"Directora de la Unidad de Calidad particip\u00f3 en congreso internacional sobre Educaci\u00f3n Superior"},"content":{"rendered":"<div class=\"gallery gallery-post\" id=\"gallery-1032-1\"><div class=\"gallery-post-feature gallery-item\"><\/div><div class=\"gallery-carousel\"><div id=\"nav-post-gallery-gallery-1032-1\" class=\"crsl-nav\"><a href=\"#\" class=\"previous icon icon-caret-left\"><\/a><a href=\"#\" class=\"next icon icon-caret-right\"><\/a><\/div><div id=\"post-gallery-gallery-1032-1\" class=\"crsl-items\" data-navigation=\"nav-post-gallery-gallery-1032-1\" data-crsl='{ \"visible\": 4, \"itemMargin\": 10 }'><div class=\"crsl-wrap\"><figure class=\"gallery-item crsl-item crsl-active\"><a href=\"https:\/\/medicina.udd.cl\/unidad-calidad\/files\/2018\/06\/CRES2018_02-660x430.jpg\" title=\"CRES2018_02\" class=\"gallery-thumb\" id=\"thumbnail-1034-0\" data-full-url=\"https:\/\/medicina.udd.cl\/unidad-calidad\/files\/2018\/06\/CRES2018_02.jpg\"><img decoding=\"async\" src=\"https:\/\/medicina.udd.cl\/unidad-calidad\/files\/2018\/06\/CRES2018_02-125x80.jpg\" class=\"full-width\" alt=\"CRES2018_02\"><\/a><\/figure><figure class=\"gallery-item crsl-item\"><a href=\"https:\/\/medicina.udd.cl\/unidad-calidad\/files\/2018\/06\/CRES2018_03-660x430.jpg\" title=\"CRES2018_03\" class=\"gallery-thumb\" id=\"thumbnail-1035-1\" data-full-url=\"https:\/\/medicina.udd.cl\/unidad-calidad\/files\/2018\/06\/CRES2018_03.jpg\"><img decoding=\"async\" src=\"https:\/\/medicina.udd.cl\/unidad-calidad\/files\/2018\/06\/CRES2018_03-125x80.jpg\" class=\"full-width\" alt=\"CRES2018_03\"><\/a><\/figure><figure class=\"gallery-item crsl-item\"><a href=\"https:\/\/medicina.udd.cl\/unidad-calidad\/files\/2018\/06\/CRES2018_04-660x430.jpg\" title=\"CRES2018_04\" class=\"gallery-thumb\" id=\"thumbnail-1033-2\" data-full-url=\"https:\/\/medicina.udd.cl\/unidad-calidad\/files\/2018\/06\/CRES2018_04.jpg\"><img decoding=\"async\" src=\"https:\/\/medicina.udd.cl\/unidad-calidad\/files\/2018\/06\/CRES2018_04-125x80.jpg\" class=\"full-width\" alt=\"CRES2018_04\"><\/a><\/figure><\/div><\/div><\/div><\/div>\n<p style=\"text-align: justify;\">Katherine Mar\u00edn, directora de la Unidad de Calidad (UNICA) de la Facultad de Medicina Cl\u00ednica Alemana Universidad del Desarrollo, particip\u00f3 en la Conferencia Regional de Educaci\u00f3n Superior de Am\u00e9rica Latina y el Caribe 2018 (CRES 2018), una reuni\u00f3n de dimensi\u00f3n regional organizada cada 10 a\u00f1os de manera conjunta entre el Instituto Internacional para la Educaci\u00f3n Superior en Am\u00e9rica Latina y el Caribe (IESALC) de la UNESCO, la Universidad Nacional de C\u00f3rdoba, el Consejo Interuniversitario Nacional de Argentina (CIN) y la Secretar\u00eda de Pol\u00edticas Universitarias del Ministerio de Educaci\u00f3n y Deportes de la Rep\u00fablica Argentina (SPU).<\/p>\n<p style=\"text-align: justify;\">Se trata del evento m\u00e1s importante sobre el Sistema de Educaci\u00f3n Superior de Am\u00e9rica Latina y el Caribe, al que son convocados rectores, directores, acad\u00e9micos, docentes, estudiantes y representantes de numerosas organizaciones gubernamentales y no gubernamentales, quienes debatieron acerca de la situaci\u00f3n actual del sistema educativo en la regi\u00f3n, trazando un plan de acci\u00f3n para la pr\u00f3xima d\u00e9cada.<\/p>\n<p style=\"text-align: justify;\">Durante el encuentro, los asistentes trabajaron en siete ejes tem\u00e1ticos relacionados con la necesitad de reafirmar el sentido de educaci\u00f3n como bien social, derecho humano y responsabilidad del Estado. \u00a0En este contexto, Katherine Mar\u00edn fue parte del eje \u201cEl rol de la Educaci\u00f3n Superior de cara a los desaf\u00edos sociales de Am\u00e9rica Latina y el Caribe\u201d.<\/p>\n<p style=\"text-align: justify;\">Al finalizar su participaci\u00f3n de cuatro d\u00edas en CRES 2018, la directora UDD se\u00f1al\u00f3 que \u201cla formaci\u00f3n de profesionales con responsabilidad social que aporten al desarrollo de nuestro pa\u00eds ha sido siempre un tema central en nuestra Facultad. En este sentido,\u00a0resulta fundamental\u00a0mantener la conexi\u00f3n con Latinoam\u00e9rica, ya que compartimos una identidad cultural y enfrentamos problem\u00e1ticas sociales similares\u201d.<\/p>\n<p style=\"text-align: justify;\">A esto, agreg\u00f3 que \u201cel trabajo participativo que se dio en esta Conferencia permiti\u00f3, a la vez, levantar desaf\u00edos comunes en educaci\u00f3n superior, con el objetivo de aportar desde las universidades al avance de nuestra regi\u00f3n hacia un mayor nivel de equidad y justicia social\u201d.<\/p>\n<p style=\"text-align: justify;\">La visita a C\u00f3rdoba y el trabajo colaborativo realizado por la directora de UNICA se enmarca dentro del trabajo curricular que realiza con las carreras de la salud, teniendo como idea implementar algunas de las tem\u00e1ticas revisadas durante las conferencias en los curriculums de las carreras impartidas en la Facultad.<\/p>\n","protected":false},"excerpt":{"rendered":"<p>Katherine Mar\u00edn fue parte de la III Conferencia Regional de Educaci\u00f3n Superior que se realiz\u00f3 en C\u00f3rdoba, Argentina, donde expusieron destacados acad\u00e9micos acerca de la realidad universitaria de distintos pa\u00edses de Am\u00e9rica Latina y el Caribe y los desaf\u00edos para los pr\u00f3ximos 10 a\u00f1os.<\/p>\n","protected":false},"author":42,"featured_media":1036,"comment_status":"open","ping_status":"open","sticky":false,"template":"","format":"standard","meta":{"footnotes":""},"categories":[4],"tags":[],"class_list":["post-1032","post","type-post","status-publish","format-standard","has-post-thumbnail","hentry","category-noticias"],"yoast_head":"<!-- This site is optimized with the Yoast SEO plugin v26.9 - https:\/\/yoast.com\/product\/yoast-seo-wordpress\/ -->\n<title>Directora de la Unidad de Calidad particip\u00f3 en congreso internacional sobre Educaci\u00f3n Superior - Unidad de Calidad (UNICA)<\/title>\n<meta name=\"robots\" content=\"index, follow, max-snippet:-1, max-image-preview:large, max-video-preview:-1\" \/>\n<link rel=\"canonical\" href=\"https:\/\/medicina.udd.cl\/unidad-calidad\/noticias\/2018\/06\/21\/directora-de-la-unidad-de-calidad-participo-en-congreso-internacional-sobre-educacion-superior-2\/\" \/>\n<meta property=\"og:locale\" content=\"es_ES\" \/>\n<meta property=\"og:type\" content=\"article\" \/>\n<meta property=\"og:title\" content=\"Directora de la Unidad de Calidad particip\u00f3 en congreso internacional sobre Educaci\u00f3n Superior - Unidad de Calidad (UNICA)\" \/>\n<meta property=\"og:description\" content=\"Katherine Mar\u00edn fue parte de la III Conferencia Regional de Educaci\u00f3n Superior que se realiz\u00f3 en C\u00f3rdoba, Argentina, donde expusieron destacados acad\u00e9micos acerca de la realidad universitaria de distintos pa\u00edses de Am\u00e9rica Latina y el Caribe y los desaf\u00edos para los pr\u00f3ximos 10 a\u00f1os.\" \/>\n<meta property=\"og:url\" content=\"https:\/\/medicina.udd.cl\/unidad-calidad\/noticias\/2018\/06\/21\/directora-de-la-unidad-de-calidad-participo-en-congreso-internacional-sobre-educacion-superior-2\/\" \/>\n<meta property=\"og:site_name\" content=\"Unidad de Calidad (UNICA)\" \/>\n<meta property=\"article:published_time\" content=\"2018-06-21T15:24:18+00:00\" \/>\n<meta property=\"og:image\" content=\"https:\/\/medicina.udd.cl\/unidad-calidad\/files\/2018\/06\/CRES2018_03-copia.jpg\" \/>\n\t<meta property=\"og:image:width\" content=\"687\" \/>\n\t<meta property=\"og:image:height\" content=\"539\" \/>\n\t<meta property=\"og:image:type\" content=\"image\/jpeg\" \/>\n<meta name=\"twitter:label1\" content=\"Escrito por\" \/>\n\t<meta name=\"twitter:data1\" content=\"\" \/>\n\t<meta name=\"twitter:label2\" content=\"Tiempo de lectura\" \/>\n\t<meta name=\"twitter:data2\" content=\"2 minutos\" \/>\n<script type=\"application\/ld+json\" class=\"yoast-schema-graph\">{\"@context\":\"https:\/\/schema.org\",\"@graph\":[{\"@type\":\"Article\",\"@id\":\"https:\/\/medicina.udd.cl\/unidad-calidad\/noticias\/2018\/06\/21\/directora-de-la-unidad-de-calidad-participo-en-congreso-internacional-sobre-educacion-superior-2\/#article\",\"isPartOf\":{\"@id\":\"https:\/\/medicina.udd.cl\/unidad-calidad\/noticias\/2018\/06\/21\/directora-de-la-unidad-de-calidad-participo-en-congreso-internacional-sobre-educacion-superior-2\/\"},\"author\":{\"name\":\"\",\"@id\":\"\"},\"headline\":\"Directora de la Unidad de Calidad particip\u00f3 en congreso internacional sobre Educaci\u00f3n Superior\",\"datePublished\":\"2018-06-21T15:24:18+00:00\",\"mainEntityOfPage\":{\"@id\":\"https:\/\/medicina.udd.cl\/unidad-calidad\/noticias\/2018\/06\/21\/directora-de-la-unidad-de-calidad-participo-en-congreso-internacional-sobre-educacion-superior-2\/\"},\"wordCount\":417,\"commentCount\":0,\"image\":{\"@id\":\"https:\/\/medicina.udd.cl\/unidad-calidad\/noticias\/2018\/06\/21\/directora-de-la-unidad-de-calidad-participo-en-congreso-internacional-sobre-educacion-superior-2\/#primaryimage\"},\"thumbnailUrl\":\"https:\/\/medicina.udd.cl\/unidad-calidad\/files\/2018\/06\/CRES2018_03-copia.jpg\",\"articleSection\":[\"Noticias\"],\"inLanguage\":\"es\",\"potentialAction\":[{\"@type\":\"CommentAction\",\"name\":\"Comment\",\"target\":[\"https:\/\/medicina.udd.cl\/unidad-calidad\/noticias\/2018\/06\/21\/directora-de-la-unidad-de-calidad-participo-en-congreso-internacional-sobre-educacion-superior-2\/#respond\"]}]},{\"@type\":\"WebPage\",\"@id\":\"https:\/\/medicina.udd.cl\/unidad-calidad\/noticias\/2018\/06\/21\/directora-de-la-unidad-de-calidad-participo-en-congreso-internacional-sobre-educacion-superior-2\/\",\"url\":\"https:\/\/medicina.udd.cl\/unidad-calidad\/noticias\/2018\/06\/21\/directora-de-la-unidad-de-calidad-participo-en-congreso-internacional-sobre-educacion-superior-2\/\",\"name\":\"Directora de la Unidad de Calidad particip\u00f3 en congreso internacional sobre Educaci\u00f3n Superior - Unidad de Calidad (UNICA)\",\"isPartOf\":{\"@id\":\"https:\/\/medicina.udd.cl\/unidad-calidad\/#website\"},\"primaryImageOfPage\":{\"@id\":\"https:\/\/medicina.udd.cl\/unidad-calidad\/noticias\/2018\/06\/21\/directora-de-la-unidad-de-calidad-participo-en-congreso-internacional-sobre-educacion-superior-2\/#primaryimage\"},\"image\":{\"@id\":\"https:\/\/medicina.udd.cl\/unidad-calidad\/noticias\/2018\/06\/21\/directora-de-la-unidad-de-calidad-participo-en-congreso-internacional-sobre-educacion-superior-2\/#primaryimage\"},\"thumbnailUrl\":\"https:\/\/medicina.udd.cl\/unidad-calidad\/files\/2018\/06\/CRES2018_03-copia.jpg\",\"datePublished\":\"2018-06-21T15:24:18+00:00\",\"author\":{\"@id\":\"\"},\"breadcrumb\":{\"@id\":\"https:\/\/medicina.udd.cl\/unidad-calidad\/noticias\/2018\/06\/21\/directora-de-la-unidad-de-calidad-participo-en-congreso-internacional-sobre-educacion-superior-2\/#breadcrumb\"},\"inLanguage\":\"es\",\"potentialAction\":[{\"@type\":\"ReadAction\",\"target\":[\"https:\/\/medicina.udd.cl\/unidad-calidad\/noticias\/2018\/06\/21\/directora-de-la-unidad-de-calidad-participo-en-congreso-internacional-sobre-educacion-superior-2\/\"]}]},{\"@type\":\"ImageObject\",\"inLanguage\":\"es\",\"@id\":\"https:\/\/medicina.udd.cl\/unidad-calidad\/noticias\/2018\/06\/21\/directora-de-la-unidad-de-calidad-participo-en-congreso-internacional-sobre-educacion-superior-2\/#primaryimage\",\"url\":\"https:\/\/medicina.udd.cl\/unidad-calidad\/files\/2018\/06\/CRES2018_03-copia.jpg\",\"contentUrl\":\"https:\/\/medicina.udd.cl\/unidad-calidad\/files\/2018\/06\/CRES2018_03-copia.jpg\",\"width\":687,\"height\":539},{\"@type\":\"BreadcrumbList\",\"@id\":\"https:\/\/medicina.udd.cl\/unidad-calidad\/noticias\/2018\/06\/21\/directora-de-la-unidad-de-calidad-participo-en-congreso-internacional-sobre-educacion-superior-2\/#breadcrumb\",\"itemListElement\":[{\"@type\":\"ListItem\",\"position\":1,\"name\":\"Home\",\"item\":\"https:\/\/medicina.udd.cl\/unidad-calidad\/\"},{\"@type\":\"ListItem\",\"position\":2,\"name\":\"Directora de la Unidad de Calidad particip\u00f3 en congreso internacional sobre Educaci\u00f3n Superior\"}]},{\"@type\":\"WebSite\",\"@id\":\"https:\/\/medicina.udd.cl\/unidad-calidad\/#website\",\"url\":\"https:\/\/medicina.udd.cl\/unidad-calidad\/\",\"name\":\"Unidad de Calidad (UNICA)\",\"description\":\"Facultad de Medicina Cl\u00ednica Alemana Universidad del Desarrollo\",\"potentialAction\":[{\"@type\":\"SearchAction\",\"target\":{\"@type\":\"EntryPoint\",\"urlTemplate\":\"https:\/\/medicina.udd.cl\/unidad-calidad\/?s={search_term_string}\"},\"query-input\":{\"@type\":\"PropertyValueSpecification\",\"valueRequired\":true,\"valueName\":\"search_term_string\"}}],\"inLanguage\":\"es\"},{\"@type\":\"Person\",\"@id\":\"\",\"url\":\"https:\/\/medicina.udd.cl\/unidad-calidad\/noticias\/author\/\"}]}<\/script>\n<!-- \/ Yoast SEO plugin. -->","yoast_head_json":{"title":"Directora de la Unidad de Calidad particip\u00f3 en congreso internacional sobre Educaci\u00f3n Superior - Unidad de Calidad (UNICA)","robots":{"index":"index","follow":"follow","max-snippet":"max-snippet:-1","max-image-preview":"max-image-preview:large","max-video-preview":"max-video-preview:-1"},"canonical":"https:\/\/medicina.udd.cl\/unidad-calidad\/noticias\/2018\/06\/21\/directora-de-la-unidad-de-calidad-participo-en-congreso-internacional-sobre-educacion-superior-2\/","og_locale":"es_ES","og_type":"article","og_title":"Directora de la Unidad de Calidad particip\u00f3 en congreso internacional sobre Educaci\u00f3n Superior - Unidad de Calidad (UNICA)","og_description":"Katherine Mar\u00edn fue parte de la III Conferencia Regional de Educaci\u00f3n Superior que se realiz\u00f3 en C\u00f3rdoba, Argentina, donde expusieron destacados acad\u00e9micos acerca de la realidad universitaria de distintos pa\u00edses de Am\u00e9rica Latina y el Caribe y los desaf\u00edos para los pr\u00f3ximos 10 a\u00f1os.","og_url":"https:\/\/medicina.udd.cl\/unidad-calidad\/noticias\/2018\/06\/21\/directora-de-la-unidad-de-calidad-participo-en-congreso-internacional-sobre-educacion-superior-2\/","og_site_name":"Unidad de Calidad (UNICA)","article_published_time":"2018-06-21T15:24:18+00:00","og_image":[{"width":687,"height":539,"url":"https:\/\/medicina.udd.cl\/unidad-calidad\/files\/2018\/06\/CRES2018_03-copia.jpg","type":"image\/jpeg"}],"twitter_misc":{"Escrito por":"","Tiempo de lectura":"2 minutos"},"schema":{"@context":"https:\/\/schema.org","@graph":[{"@type":"Article","@id":"https:\/\/medicina.udd.cl\/unidad-calidad\/noticias\/2018\/06\/21\/directora-de-la-unidad-de-calidad-participo-en-congreso-internacional-sobre-educacion-superior-2\/#article","isPartOf":{"@id":"https:\/\/medicina.udd.cl\/unidad-calidad\/noticias\/2018\/06\/21\/directora-de-la-unidad-de-calidad-participo-en-congreso-internacional-sobre-educacion-superior-2\/"},"author":{"name":"","@id":""},"headline":"Directora de la Unidad de Calidad particip\u00f3 en congreso internacional sobre Educaci\u00f3n Superior","datePublished":"2018-06-21T15:24:18+00:00","mainEntityOfPage":{"@id":"https:\/\/medicina.udd.cl\/unidad-calidad\/noticias\/2018\/06\/21\/directora-de-la-unidad-de-calidad-participo-en-congreso-internacional-sobre-educacion-superior-2\/"},"wordCount":417,"commentCount":0,"image":{"@id":"https:\/\/medicina.udd.cl\/unidad-calidad\/noticias\/2018\/06\/21\/directora-de-la-unidad-de-calidad-participo-en-congreso-internacional-sobre-educacion-superior-2\/#primaryimage"},"thumbnailUrl":"https:\/\/medicina.udd.cl\/unidad-calidad\/files\/2018\/06\/CRES2018_03-copia.jpg","articleSection":["Noticias"],"inLanguage":"es","potentialAction":[{"@type":"CommentAction","name":"Comment","target":["https:\/\/medicina.udd.cl\/unidad-calidad\/noticias\/2018\/06\/21\/directora-de-la-unidad-de-calidad-participo-en-congreso-internacional-sobre-educacion-superior-2\/#respond"]}]},{"@type":"WebPage","@id":"https:\/\/medicina.udd.cl\/unidad-calidad\/noticias\/2018\/06\/21\/directora-de-la-unidad-de-calidad-participo-en-congreso-internacional-sobre-educacion-superior-2\/","url":"https:\/\/medicina.udd.cl\/unidad-calidad\/noticias\/2018\/06\/21\/directora-de-la-unidad-de-calidad-participo-en-congreso-internacional-sobre-educacion-superior-2\/","name":"Directora de la Unidad de Calidad particip\u00f3 en congreso internacional sobre Educaci\u00f3n Superior - Unidad de Calidad (UNICA)","isPartOf":{"@id":"https:\/\/medicina.udd.cl\/unidad-calidad\/#website"},"primaryImageOfPage":{"@id":"https:\/\/medicina.udd.cl\/unidad-calidad\/noticias\/2018\/06\/21\/directora-de-la-unidad-de-calidad-participo-en-congreso-internacional-sobre-educacion-superior-2\/#primaryimage"},"image":{"@id":"https:\/\/medicina.udd.cl\/unidad-calidad\/noticias\/2018\/06\/21\/directora-de-la-unidad-de-calidad-participo-en-congreso-internacional-sobre-educacion-superior-2\/#primaryimage"},"thumbnailUrl":"https:\/\/medicina.udd.cl\/unidad-calidad\/files\/2018\/06\/CRES2018_03-copia.jpg","datePublished":"2018-06-21T15:24:18+00:00","author":{"@id":""},"breadcrumb":{"@id":"https:\/\/medicina.udd.cl\/unidad-calidad\/noticias\/2018\/06\/21\/directora-de-la-unidad-de-calidad-participo-en-congreso-internacional-sobre-educacion-superior-2\/#breadcrumb"},"inLanguage":"es","potentialAction":[{"@type":"ReadAction","target":["https:\/\/medicina.udd.cl\/unidad-calidad\/noticias\/2018\/06\/21\/directora-de-la-unidad-de-calidad-participo-en-congreso-internacional-sobre-educacion-superior-2\/"]}]},{"@type":"ImageObject","inLanguage":"es","@id":"https:\/\/medicina.udd.cl\/unidad-calidad\/noticias\/2018\/06\/21\/directora-de-la-unidad-de-calidad-participo-en-congreso-internacional-sobre-educacion-superior-2\/#primaryimage","url":"https:\/\/medicina.udd.cl\/unidad-calidad\/files\/2018\/06\/CRES2018_03-copia.jpg","contentUrl":"https:\/\/medicina.udd.cl\/unidad-calidad\/files\/2018\/06\/CRES2018_03-copia.jpg","width":687,"height":539},{"@type":"BreadcrumbList","@id":"https:\/\/medicina.udd.cl\/unidad-calidad\/noticias\/2018\/06\/21\/directora-de-la-unidad-de-calidad-participo-en-congreso-internacional-sobre-educacion-superior-2\/#breadcrumb","itemListElement":[{"@type":"ListItem","position":1,"name":"Home","item":"https:\/\/medicina.udd.cl\/unidad-calidad\/"},{"@type":"ListItem","position":2,"name":"Directora de la Unidad de Calidad particip\u00f3 en congreso internacional sobre Educaci\u00f3n Superior"}]},{"@type":"WebSite","@id":"https:\/\/medicina.udd.cl\/unidad-calidad\/#website","url":"https:\/\/medicina.udd.cl\/unidad-calidad\/","name":"Unidad de Calidad (UNICA)","description":"Facultad de Medicina Cl\u00ednica Alemana Universidad del Desarrollo","potentialAction":[{"@type":"SearchAction","target":{"@type":"EntryPoint","urlTemplate":"https:\/\/medicina.udd.cl\/unidad-calidad\/?s={search_term_string}"},"query-input":{"@type":"PropertyValueSpecification","valueRequired":true,"valueName":"search_term_string"}}],"inLanguage":"es"},{"@type":"Person","@id":"","url":"https:\/\/medicina.udd.cl\/unidad-calidad\/noticias\/author\/"}]}},"_links":{"self":[{"href":"https:\/\/medicina.udd.cl\/unidad-calidad\/wp-json\/wp\/v2\/posts\/1032","targetHints":{"allow":["GET"]}}],"collection":[{"href":"https:\/\/medicina.udd.cl\/unidad-calidad\/wp-json\/wp\/v2\/posts"}],"about":[{"href":"https:\/\/medicina.udd.cl\/unidad-calidad\/wp-json\/wp\/v2\/types\/post"}],"author":[{"embeddable":true,"href":"https:\/\/medicina.udd.cl\/unidad-calidad\/wp-json\/wp\/v2\/users\/42"}],"replies":[{"embeddable":true,"href":"https:\/\/medicina.udd.cl\/unidad-calidad\/wp-json\/wp\/v2\/comments?post=1032"}],"version-history":[{"count":1,"href":"https:\/\/medicina.udd.cl\/unidad-calidad\/wp-json\/wp\/v2\/posts\/1032\/revisions"}],"predecessor-version":[{"id":1037,"href":"https:\/\/medicina.udd.cl\/unidad-calidad\/wp-json\/wp\/v2\/posts\/1032\/revisions\/1037"}],"wp:featuredmedia":[{"embeddable":true,"href":"https:\/\/medicina.udd.cl\/unidad-calidad\/wp-json\/wp\/v2\/media\/1036"}],"wp:attachment":[{"href":"https:\/\/medicina.udd.cl\/unidad-calidad\/wp-json\/wp\/v2\/media?parent=1032"}],"wp:term":[{"taxonomy":"category","embeddable":true,"href":"https:\/\/medicina.udd.cl\/unidad-calidad\/wp-json\/wp\/v2\/categories?post=1032"},{"taxonomy":"post_tag","embeddable":true,"href":"https:\/\/medicina.udd.cl\/unidad-calidad\/wp-json\/wp\/v2\/tags?post=1032"}],"curies":[{"name":"wp","href":"https:\/\/api.w.org\/{rel}","templated":true}]}}