{"id":1039,"date":"2018-07-18T12:54:18","date_gmt":"2018-07-18T16:54:18","guid":{"rendered":"http:\/\/medicina.udd.cl\/unidad-calidad\/?p=1039"},"modified":"2018-07-18T12:58:43","modified_gmt":"2018-07-18T16:58:43","slug":"destacados-profesionales-contribuyen-a-la-elaboracion-del-perfil-de-egreso-de-obstetricia-udd","status":"publish","type":"post","link":"https:\/\/medicina.udd.cl\/unidad-calidad\/noticias\/2018\/07\/18\/destacados-profesionales-contribuyen-a-la-elaboracion-del-perfil-de-egreso-de-obstetricia-udd\/","title":{"rendered":"Destacados profesionales contribuyen a la elaboraci\u00f3n del perfil de egreso de Obstetricia UDD"},"content":{"rendered":"<p>&nbsp;<\/p>\n<div class=\"gallery gallery-post\" id=\"gallery-1039-1\"><div class=\"gallery-post-feature gallery-item\"><\/div><div class=\"gallery-carousel\"><div id=\"nav-post-gallery-gallery-1039-1\" class=\"crsl-nav\"><a href=\"#\" class=\"previous icon icon-caret-left\"><\/a><a href=\"#\" class=\"next icon icon-caret-right\"><\/a><\/div><div id=\"post-gallery-gallery-1039-1\" class=\"crsl-items\" data-navigation=\"nav-post-gallery-gallery-1039-1\" data-crsl='{ \"visible\": 4, \"itemMargin\": 10 }'><div class=\"crsl-wrap\"><figure class=\"gallery-item crsl-item crsl-active\"><a href=\"https:\/\/medicina.udd.cl\/unidad-calidad\/files\/2018\/07\/PE-Obstetricia01-660x430.jpg\" title=\"PE Obstetricia01\" class=\"gallery-thumb\" id=\"thumbnail-1044-0\" data-full-url=\"https:\/\/medicina.udd.cl\/unidad-calidad\/files\/2018\/07\/PE-Obstetricia01.jpg\"><img decoding=\"async\" src=\"https:\/\/medicina.udd.cl\/unidad-calidad\/files\/2018\/07\/PE-Obstetricia01-125x80.jpg\" class=\"full-width\" alt=\"PE Obstetricia01\"><\/a><\/figure><figure class=\"gallery-item crsl-item\"><a href=\"https:\/\/medicina.udd.cl\/unidad-calidad\/files\/2018\/07\/PE-Obstetricia02-660x430.jpg\" title=\"PE Obstetricia02\" class=\"gallery-thumb\" id=\"thumbnail-1043-1\" data-full-url=\"https:\/\/medicina.udd.cl\/unidad-calidad\/files\/2018\/07\/PE-Obstetricia02.jpg\"><img decoding=\"async\" src=\"https:\/\/medicina.udd.cl\/unidad-calidad\/files\/2018\/07\/PE-Obstetricia02-125x80.jpg\" class=\"full-width\" alt=\"PE Obstetricia02\"><\/a><\/figure><figure class=\"gallery-item crsl-item\"><a href=\"https:\/\/medicina.udd.cl\/unidad-calidad\/files\/2018\/07\/PE-Obstetricia-660x430.jpg\" title=\"PE Obstetricia\" class=\"gallery-thumb\" id=\"thumbnail-1042-2\" data-full-url=\"https:\/\/medicina.udd.cl\/unidad-calidad\/files\/2018\/07\/PE-Obstetricia.jpg\"><img decoding=\"async\" src=\"https:\/\/medicina.udd.cl\/unidad-calidad\/files\/2018\/07\/PE-Obstetricia-125x80.jpg\" class=\"full-width\" alt=\"PE Obstetricia\"><\/a><\/figure><figure class=\"gallery-item crsl-item\"><a href=\"https:\/\/medicina.udd.cl\/unidad-calidad\/files\/2018\/07\/PE-Obstetricia03-660x430.jpg\" title=\"PE Obstetricia03\" class=\"gallery-thumb\" id=\"thumbnail-1041-3\" data-full-url=\"https:\/\/medicina.udd.cl\/unidad-calidad\/files\/2018\/07\/PE-Obstetricia03.jpg\"><img decoding=\"async\" src=\"https:\/\/medicina.udd.cl\/unidad-calidad\/files\/2018\/07\/PE-Obstetricia03-125x80.jpg\" class=\"full-width\" alt=\"PE Obstetricia03\"><\/a><\/figure><figure class=\"gallery-item crsl-item\"><a href=\"https:\/\/medicina.udd.cl\/unidad-calidad\/files\/2018\/07\/PE-Obstetricia04-660x430.jpg\" title=\"PE Obstetricia04\" class=\"gallery-thumb\" id=\"thumbnail-1040-4\" data-full-url=\"https:\/\/medicina.udd.cl\/unidad-calidad\/files\/2018\/07\/PE-Obstetricia04.jpg\"><img decoding=\"async\" src=\"https:\/\/medicina.udd.cl\/unidad-calidad\/files\/2018\/07\/PE-Obstetricia04-125x80.jpg\" class=\"full-width\" alt=\"PE Obstetricia04\"><\/a><\/figure><\/div><\/div><\/div><\/div>\n<p>En el marco del trabajo curricular de la carrera de Obstetricia UDD y siguiendo los est\u00e1ndares utilizados en la Facultad para estos efectos, la Unidad de Calidad, en conjunto con la nueva directora de carrera, organizaron un encuentro para conocer los desaf\u00edos que tiene hoy la profesi\u00f3n y que se proyectan a futuro. La idea es construir un Perfil de Egreso que permita a nuestros egresados contribuir con excelencia a la soluci\u00f3n de problemas de salud de la poblaci\u00f3n en un mundo globalizado y cambiante.<\/p>\n<p>Los invitados colaboraron con su valiosa experiencia a levantar competencias en varias \u00e1reas de desempe\u00f1o de matronas y matrones, demostrando su calidad humana, profesionalismo y compromiso con el desarrollo de esta \u00e1rea en el pa\u00eds.<\/p>\n<p>\u201cInvitamos a este grupo de profesionales porque necesitamos sus opiniones, provenientes de la experiencia que tiene cada uno en sus distintas \u00e1reas de desempe\u00f1o, para que nuestro Perfil de Egreso sea acorde con el quehacer actual y futuro de la matrona y el matr\u00f3n\u201d, enfatiz\u00f3 Mimy Mayol, directora de obstetricia en UDD.<\/p>\n<p><strong>Trabajo colaborativo en pos de la profesi\u00f3n<\/strong><\/p>\n<p>Ideas, opiniones, experiencias y mucha colaboraci\u00f3n fueron los elementos que primaron en esta jornada que parti\u00f3 con un desayuno y se desarroll\u00f3 con dos grupos focales en que los participantes pudieron profundizar sus opiniones respecto a ideas tan relevantes como las demandas actuales para una matrona o matr\u00f3n reci\u00e9n egresado, los desaf\u00edos laborales a los que se deben enfrentar y aspectos de la formaci\u00f3n que consideran que se deber\u00edan fortalecer.<\/p>\n<p>Al respecto, Anita Rom\u00e1n, presidenta del Colegio de Matronas y Matrones de Chile, mencion\u00f3 que \u201cnosotros velamos porque una matrona o matr\u00f3n tenga los conocimientos necesarios para lograr las competencias de base para el buen desempe\u00f1o. Me parece gravitante que se hagan este tipo de actividades, ya que buscan orientar una matroner\u00eda de futuro, en pos del bien de nuestra profesi\u00f3n\u201d.<\/p>\n<p>&nbsp;<\/p>\n","protected":false},"excerpt":{"rendered":"<p>Con la presencia de importantes matronas y matrones, referentes en su \u00e1rea, se desarrollaron dos grupos focales tendientes a definir las competencias del egresado de la carrera que abrir\u00e1 sus puertas en marzo pr\u00f3ximo.<\/p>\n","protected":false},"author":9192192,"featured_media":1043,"comment_status":"open","ping_status":"open","sticky":false,"template":"","format":"standard","meta":{"footnotes":""},"categories":[4],"tags":[],"class_list":["post-1039","post","type-post","status-publish","format-standard","has-post-thumbnail","hentry","category-noticias"],"yoast_head":"<!-- This site is optimized with the Yoast SEO plugin v26.9 - https:\/\/yoast.com\/product\/yoast-seo-wordpress\/ -->\n<title>Destacados profesionales contribuyen a la elaboraci\u00f3n del perfil de egreso de Obstetricia UDD - Unidad de Calidad (UNICA)<\/title>\n<meta name=\"robots\" content=\"index, follow, max-snippet:-1, max-image-preview:large, max-video-preview:-1\" \/>\n<link rel=\"canonical\" href=\"https:\/\/medicina.udd.cl\/unidad-calidad\/noticias\/2018\/07\/18\/destacados-profesionales-contribuyen-a-la-elaboracion-del-perfil-de-egreso-de-obstetricia-udd\/\" \/>\n<meta property=\"og:locale\" content=\"es_ES\" \/>\n<meta property=\"og:type\" content=\"article\" \/>\n<meta property=\"og:title\" content=\"Destacados profesionales contribuyen a la elaboraci\u00f3n del perfil de egreso de Obstetricia UDD - Unidad de Calidad (UNICA)\" \/>\n<meta property=\"og:description\" content=\"Con la presencia de importantes matronas y matrones, referentes en su \u00e1rea, se desarrollaron dos grupos focales tendientes a definir las competencias del egresado de la carrera que abrir\u00e1 sus puertas en marzo pr\u00f3ximo.\" \/>\n<meta property=\"og:url\" content=\"https:\/\/medicina.udd.cl\/unidad-calidad\/noticias\/2018\/07\/18\/destacados-profesionales-contribuyen-a-la-elaboracion-del-perfil-de-egreso-de-obstetricia-udd\/\" \/>\n<meta property=\"og:site_name\" content=\"Unidad de Calidad (UNICA)\" \/>\n<meta property=\"article:published_time\" content=\"2018-07-18T16:54:18+00:00\" \/>\n<meta property=\"article:modified_time\" content=\"2018-07-18T16:58:43+00:00\" \/>\n<meta property=\"og:image\" content=\"https:\/\/medicina.udd.cl\/unidad-calidad\/files\/2018\/07\/PE-Obstetricia02.jpg\" \/>\n\t<meta property=\"og:image:width\" content=\"3043\" \/>\n\t<meta property=\"og:image:height\" content=\"1869\" \/>\n\t<meta property=\"og:image:type\" content=\"image\/jpeg\" \/>\n<meta name=\"author\" content=\"paulinamunoz\" \/>\n<meta name=\"twitter:label1\" content=\"Escrito por\" \/>\n\t<meta name=\"twitter:data1\" content=\"paulinamunoz\" \/>\n\t<meta name=\"twitter:label2\" content=\"Tiempo de lectura\" \/>\n\t<meta name=\"twitter:data2\" content=\"2 minutos\" \/>\n<script type=\"application\/ld+json\" class=\"yoast-schema-graph\">{\"@context\":\"https:\/\/schema.org\",\"@graph\":[{\"@type\":\"Article\",\"@id\":\"https:\/\/medicina.udd.cl\/unidad-calidad\/noticias\/2018\/07\/18\/destacados-profesionales-contribuyen-a-la-elaboracion-del-perfil-de-egreso-de-obstetricia-udd\/#article\",\"isPartOf\":{\"@id\":\"https:\/\/medicina.udd.cl\/unidad-calidad\/noticias\/2018\/07\/18\/destacados-profesionales-contribuyen-a-la-elaboracion-del-perfil-de-egreso-de-obstetricia-udd\/\"},\"author\":{\"name\":\"paulinamunoz\",\"@id\":\"https:\/\/medicina.udd.cl\/unidad-calidad\/#\/schema\/person\/8bbd66125b574a40ec467c180c11f2e3\"},\"headline\":\"Destacados profesionales contribuyen a la elaboraci\u00f3n del perfil de egreso de Obstetricia UDD\",\"datePublished\":\"2018-07-18T16:54:18+00:00\",\"dateModified\":\"2018-07-18T16:58:43+00:00\",\"mainEntityOfPage\":{\"@id\":\"https:\/\/medicina.udd.cl\/unidad-calidad\/noticias\/2018\/07\/18\/destacados-profesionales-contribuyen-a-la-elaboracion-del-perfil-de-egreso-de-obstetricia-udd\/\"},\"wordCount\":349,\"commentCount\":0,\"image\":{\"@id\":\"https:\/\/medicina.udd.cl\/unidad-calidad\/noticias\/2018\/07\/18\/destacados-profesionales-contribuyen-a-la-elaboracion-del-perfil-de-egreso-de-obstetricia-udd\/#primaryimage\"},\"thumbnailUrl\":\"https:\/\/medicina.udd.cl\/unidad-calidad\/files\/2018\/07\/PE-Obstetricia02.jpg\",\"articleSection\":[\"Noticias\"],\"inLanguage\":\"es\",\"potentialAction\":[{\"@type\":\"CommentAction\",\"name\":\"Comment\",\"target\":[\"https:\/\/medicina.udd.cl\/unidad-calidad\/noticias\/2018\/07\/18\/destacados-profesionales-contribuyen-a-la-elaboracion-del-perfil-de-egreso-de-obstetricia-udd\/#respond\"]}]},{\"@type\":\"WebPage\",\"@id\":\"https:\/\/medicina.udd.cl\/unidad-calidad\/noticias\/2018\/07\/18\/destacados-profesionales-contribuyen-a-la-elaboracion-del-perfil-de-egreso-de-obstetricia-udd\/\",\"url\":\"https:\/\/medicina.udd.cl\/unidad-calidad\/noticias\/2018\/07\/18\/destacados-profesionales-contribuyen-a-la-elaboracion-del-perfil-de-egreso-de-obstetricia-udd\/\",\"name\":\"Destacados profesionales contribuyen a la elaboraci\u00f3n del perfil de egreso de Obstetricia UDD - Unidad de Calidad (UNICA)\",\"isPartOf\":{\"@id\":\"https:\/\/medicina.udd.cl\/unidad-calidad\/#website\"},\"primaryImageOfPage\":{\"@id\":\"https:\/\/medicina.udd.cl\/unidad-calidad\/noticias\/2018\/07\/18\/destacados-profesionales-contribuyen-a-la-elaboracion-del-perfil-de-egreso-de-obstetricia-udd\/#primaryimage\"},\"image\":{\"@id\":\"https:\/\/medicina.udd.cl\/unidad-calidad\/noticias\/2018\/07\/18\/destacados-profesionales-contribuyen-a-la-elaboracion-del-perfil-de-egreso-de-obstetricia-udd\/#primaryimage\"},\"thumbnailUrl\":\"https:\/\/medicina.udd.cl\/unidad-calidad\/files\/2018\/07\/PE-Obstetricia02.jpg\",\"datePublished\":\"2018-07-18T16:54:18+00:00\",\"dateModified\":\"2018-07-18T16:58:43+00:00\",\"author\":{\"@id\":\"https:\/\/medicina.udd.cl\/unidad-calidad\/#\/schema\/person\/8bbd66125b574a40ec467c180c11f2e3\"},\"breadcrumb\":{\"@id\":\"https:\/\/medicina.udd.cl\/unidad-calidad\/noticias\/2018\/07\/18\/destacados-profesionales-contribuyen-a-la-elaboracion-del-perfil-de-egreso-de-obstetricia-udd\/#breadcrumb\"},\"inLanguage\":\"es\",\"potentialAction\":[{\"@type\":\"ReadAction\",\"target\":[\"https:\/\/medicina.udd.cl\/unidad-calidad\/noticias\/2018\/07\/18\/destacados-profesionales-contribuyen-a-la-elaboracion-del-perfil-de-egreso-de-obstetricia-udd\/\"]}]},{\"@type\":\"ImageObject\",\"inLanguage\":\"es\",\"@id\":\"https:\/\/medicina.udd.cl\/unidad-calidad\/noticias\/2018\/07\/18\/destacados-profesionales-contribuyen-a-la-elaboracion-del-perfil-de-egreso-de-obstetricia-udd\/#primaryimage\",\"url\":\"https:\/\/medicina.udd.cl\/unidad-calidad\/files\/2018\/07\/PE-Obstetricia02.jpg\",\"contentUrl\":\"https:\/\/medicina.udd.cl\/unidad-calidad\/files\/2018\/07\/PE-Obstetricia02.jpg\",\"width\":3043,\"height\":1869},{\"@type\":\"BreadcrumbList\",\"@id\":\"https:\/\/medicina.udd.cl\/unidad-calidad\/noticias\/2018\/07\/18\/destacados-profesionales-contribuyen-a-la-elaboracion-del-perfil-de-egreso-de-obstetricia-udd\/#breadcrumb\",\"itemListElement\":[{\"@type\":\"ListItem\",\"position\":1,\"name\":\"Home\",\"item\":\"https:\/\/medicina.udd.cl\/unidad-calidad\/\"},{\"@type\":\"ListItem\",\"position\":2,\"name\":\"Destacados profesionales contribuyen a la elaboraci\u00f3n del perfil de egreso de Obstetricia UDD\"}]},{\"@type\":\"WebSite\",\"@id\":\"https:\/\/medicina.udd.cl\/unidad-calidad\/#website\",\"url\":\"https:\/\/medicina.udd.cl\/unidad-calidad\/\",\"name\":\"Unidad de Calidad (UNICA)\",\"description\":\"Facultad de Medicina Cl\u00ednica Alemana Universidad del Desarrollo\",\"potentialAction\":[{\"@type\":\"SearchAction\",\"target\":{\"@type\":\"EntryPoint\",\"urlTemplate\":\"https:\/\/medicina.udd.cl\/unidad-calidad\/?s={search_term_string}\"},\"query-input\":{\"@type\":\"PropertyValueSpecification\",\"valueRequired\":true,\"valueName\":\"search_term_string\"}}],\"inLanguage\":\"es\"},{\"@type\":\"Person\",\"@id\":\"https:\/\/medicina.udd.cl\/unidad-calidad\/#\/schema\/person\/8bbd66125b574a40ec467c180c11f2e3\",\"name\":\"paulinamunoz\",\"image\":{\"@type\":\"ImageObject\",\"inLanguage\":\"es\",\"@id\":\"https:\/\/medicina.udd.cl\/unidad-calidad\/#\/schema\/person\/image\/\",\"url\":\"https:\/\/secure.gravatar.com\/avatar\/748ce8fb74e8f8077c4966697a3b3710ca0019e71a62146890c0dcdc705e7f3d?s=96&d=mm&r=g\",\"contentUrl\":\"https:\/\/secure.gravatar.com\/avatar\/748ce8fb74e8f8077c4966697a3b3710ca0019e71a62146890c0dcdc705e7f3d?s=96&d=mm&r=g\",\"caption\":\"paulinamunoz\"},\"url\":\"https:\/\/medicina.udd.cl\/unidad-calidad\/noticias\/author\/paulinamunoz\/\"}]}<\/script>\n<!-- \/ Yoast SEO plugin. -->","yoast_head_json":{"title":"Destacados profesionales contribuyen a la elaboraci\u00f3n del perfil de egreso de Obstetricia UDD - Unidad de Calidad (UNICA)","robots":{"index":"index","follow":"follow","max-snippet":"max-snippet:-1","max-image-preview":"max-image-preview:large","max-video-preview":"max-video-preview:-1"},"canonical":"https:\/\/medicina.udd.cl\/unidad-calidad\/noticias\/2018\/07\/18\/destacados-profesionales-contribuyen-a-la-elaboracion-del-perfil-de-egreso-de-obstetricia-udd\/","og_locale":"es_ES","og_type":"article","og_title":"Destacados profesionales contribuyen a la elaboraci\u00f3n del perfil de egreso de Obstetricia UDD - Unidad de Calidad (UNICA)","og_description":"Con la presencia de importantes matronas y matrones, referentes en su \u00e1rea, se desarrollaron dos grupos focales tendientes a definir las competencias del egresado de la carrera que abrir\u00e1 sus puertas en marzo pr\u00f3ximo.","og_url":"https:\/\/medicina.udd.cl\/unidad-calidad\/noticias\/2018\/07\/18\/destacados-profesionales-contribuyen-a-la-elaboracion-del-perfil-de-egreso-de-obstetricia-udd\/","og_site_name":"Unidad de Calidad (UNICA)","article_published_time":"2018-07-18T16:54:18+00:00","article_modified_time":"2018-07-18T16:58:43+00:00","og_image":[{"width":3043,"height":1869,"url":"https:\/\/medicina.udd.cl\/unidad-calidad\/files\/2018\/07\/PE-Obstetricia02.jpg","type":"image\/jpeg"}],"author":"paulinamunoz","twitter_misc":{"Escrito por":"paulinamunoz","Tiempo de lectura":"2 minutos"},"schema":{"@context":"https:\/\/schema.org","@graph":[{"@type":"Article","@id":"https:\/\/medicina.udd.cl\/unidad-calidad\/noticias\/2018\/07\/18\/destacados-profesionales-contribuyen-a-la-elaboracion-del-perfil-de-egreso-de-obstetricia-udd\/#article","isPartOf":{"@id":"https:\/\/medicina.udd.cl\/unidad-calidad\/noticias\/2018\/07\/18\/destacados-profesionales-contribuyen-a-la-elaboracion-del-perfil-de-egreso-de-obstetricia-udd\/"},"author":{"name":"paulinamunoz","@id":"https:\/\/medicina.udd.cl\/unidad-calidad\/#\/schema\/person\/8bbd66125b574a40ec467c180c11f2e3"},"headline":"Destacados profesionales contribuyen a la elaboraci\u00f3n del perfil de egreso de Obstetricia UDD","datePublished":"2018-07-18T16:54:18+00:00","dateModified":"2018-07-18T16:58:43+00:00","mainEntityOfPage":{"@id":"https:\/\/medicina.udd.cl\/unidad-calidad\/noticias\/2018\/07\/18\/destacados-profesionales-contribuyen-a-la-elaboracion-del-perfil-de-egreso-de-obstetricia-udd\/"},"wordCount":349,"commentCount":0,"image":{"@id":"https:\/\/medicina.udd.cl\/unidad-calidad\/noticias\/2018\/07\/18\/destacados-profesionales-contribuyen-a-la-elaboracion-del-perfil-de-egreso-de-obstetricia-udd\/#primaryimage"},"thumbnailUrl":"https:\/\/medicina.udd.cl\/unidad-calidad\/files\/2018\/07\/PE-Obstetricia02.jpg","articleSection":["Noticias"],"inLanguage":"es","potentialAction":[{"@type":"CommentAction","name":"Comment","target":["https:\/\/medicina.udd.cl\/unidad-calidad\/noticias\/2018\/07\/18\/destacados-profesionales-contribuyen-a-la-elaboracion-del-perfil-de-egreso-de-obstetricia-udd\/#respond"]}]},{"@type":"WebPage","@id":"https:\/\/medicina.udd.cl\/unidad-calidad\/noticias\/2018\/07\/18\/destacados-profesionales-contribuyen-a-la-elaboracion-del-perfil-de-egreso-de-obstetricia-udd\/","url":"https:\/\/medicina.udd.cl\/unidad-calidad\/noticias\/2018\/07\/18\/destacados-profesionales-contribuyen-a-la-elaboracion-del-perfil-de-egreso-de-obstetricia-udd\/","name":"Destacados profesionales contribuyen a la elaboraci\u00f3n del perfil de egreso de Obstetricia UDD - Unidad de Calidad (UNICA)","isPartOf":{"@id":"https:\/\/medicina.udd.cl\/unidad-calidad\/#website"},"primaryImageOfPage":{"@id":"https:\/\/medicina.udd.cl\/unidad-calidad\/noticias\/2018\/07\/18\/destacados-profesionales-contribuyen-a-la-elaboracion-del-perfil-de-egreso-de-obstetricia-udd\/#primaryimage"},"image":{"@id":"https:\/\/medicina.udd.cl\/unidad-calidad\/noticias\/2018\/07\/18\/destacados-profesionales-contribuyen-a-la-elaboracion-del-perfil-de-egreso-de-obstetricia-udd\/#primaryimage"},"thumbnailUrl":"https:\/\/medicina.udd.cl\/unidad-calidad\/files\/2018\/07\/PE-Obstetricia02.jpg","datePublished":"2018-07-18T16:54:18+00:00","dateModified":"2018-07-18T16:58:43+00:00","author":{"@id":"https:\/\/medicina.udd.cl\/unidad-calidad\/#\/schema\/person\/8bbd66125b574a40ec467c180c11f2e3"},"breadcrumb":{"@id":"https:\/\/medicina.udd.cl\/unidad-calidad\/noticias\/2018\/07\/18\/destacados-profesionales-contribuyen-a-la-elaboracion-del-perfil-de-egreso-de-obstetricia-udd\/#breadcrumb"},"inLanguage":"es","potentialAction":[{"@type":"ReadAction","target":["https:\/\/medicina.udd.cl\/unidad-calidad\/noticias\/2018\/07\/18\/destacados-profesionales-contribuyen-a-la-elaboracion-del-perfil-de-egreso-de-obstetricia-udd\/"]}]},{"@type":"ImageObject","inLanguage":"es","@id":"https:\/\/medicina.udd.cl\/unidad-calidad\/noticias\/2018\/07\/18\/destacados-profesionales-contribuyen-a-la-elaboracion-del-perfil-de-egreso-de-obstetricia-udd\/#primaryimage","url":"https:\/\/medicina.udd.cl\/unidad-calidad\/files\/2018\/07\/PE-Obstetricia02.jpg","contentUrl":"https:\/\/medicina.udd.cl\/unidad-calidad\/files\/2018\/07\/PE-Obstetricia02.jpg","width":3043,"height":1869},{"@type":"BreadcrumbList","@id":"https:\/\/medicina.udd.cl\/unidad-calidad\/noticias\/2018\/07\/18\/destacados-profesionales-contribuyen-a-la-elaboracion-del-perfil-de-egreso-de-obstetricia-udd\/#breadcrumb","itemListElement":[{"@type":"ListItem","position":1,"name":"Home","item":"https:\/\/medicina.udd.cl\/unidad-calidad\/"},{"@type":"ListItem","position":2,"name":"Destacados profesionales contribuyen a la elaboraci\u00f3n del perfil de egreso de Obstetricia UDD"}]},{"@type":"WebSite","@id":"https:\/\/medicina.udd.cl\/unidad-calidad\/#website","url":"https:\/\/medicina.udd.cl\/unidad-calidad\/","name":"Unidad de Calidad (UNICA)","description":"Facultad de Medicina Cl\u00ednica Alemana Universidad del Desarrollo","potentialAction":[{"@type":"SearchAction","target":{"@type":"EntryPoint","urlTemplate":"https:\/\/medicina.udd.cl\/unidad-calidad\/?s={search_term_string}"},"query-input":{"@type":"PropertyValueSpecification","valueRequired":true,"valueName":"search_term_string"}}],"inLanguage":"es"},{"@type":"Person","@id":"https:\/\/medicina.udd.cl\/unidad-calidad\/#\/schema\/person\/8bbd66125b574a40ec467c180c11f2e3","name":"paulinamunoz","image":{"@type":"ImageObject","inLanguage":"es","@id":"https:\/\/medicina.udd.cl\/unidad-calidad\/#\/schema\/person\/image\/","url":"https:\/\/secure.gravatar.com\/avatar\/748ce8fb74e8f8077c4966697a3b3710ca0019e71a62146890c0dcdc705e7f3d?s=96&d=mm&r=g","contentUrl":"https:\/\/secure.gravatar.com\/avatar\/748ce8fb74e8f8077c4966697a3b3710ca0019e71a62146890c0dcdc705e7f3d?s=96&d=mm&r=g","caption":"paulinamunoz"},"url":"https:\/\/medicina.udd.cl\/unidad-calidad\/noticias\/author\/paulinamunoz\/"}]}},"_links":{"self":[{"href":"https:\/\/medicina.udd.cl\/unidad-calidad\/wp-json\/wp\/v2\/posts\/1039","targetHints":{"allow":["GET"]}}],"collection":[{"href":"https:\/\/medicina.udd.cl\/unidad-calidad\/wp-json\/wp\/v2\/posts"}],"about":[{"href":"https:\/\/medicina.udd.cl\/unidad-calidad\/wp-json\/wp\/v2\/types\/post"}],"author":[{"embeddable":true,"href":"https:\/\/medicina.udd.cl\/unidad-calidad\/wp-json\/wp\/v2\/users\/9192192"}],"replies":[{"embeddable":true,"href":"https:\/\/medicina.udd.cl\/unidad-calidad\/wp-json\/wp\/v2\/comments?post=1039"}],"version-history":[{"count":3,"href":"https:\/\/medicina.udd.cl\/unidad-calidad\/wp-json\/wp\/v2\/posts\/1039\/revisions"}],"predecessor-version":[{"id":1047,"href":"https:\/\/medicina.udd.cl\/unidad-calidad\/wp-json\/wp\/v2\/posts\/1039\/revisions\/1047"}],"wp:featuredmedia":[{"embeddable":true,"href":"https:\/\/medicina.udd.cl\/unidad-calidad\/wp-json\/wp\/v2\/media\/1043"}],"wp:attachment":[{"href":"https:\/\/medicina.udd.cl\/unidad-calidad\/wp-json\/wp\/v2\/media?parent=1039"}],"wp:term":[{"taxonomy":"category","embeddable":true,"href":"https:\/\/medicina.udd.cl\/unidad-calidad\/wp-json\/wp\/v2\/categories?post=1039"},{"taxonomy":"post_tag","embeddable":true,"href":"https:\/\/medicina.udd.cl\/unidad-calidad\/wp-json\/wp\/v2\/tags?post=1039"}],"curies":[{"name":"wp","href":"https:\/\/api.w.org\/{rel}","templated":true}]}}