{"id":1071,"date":"2018-10-25T17:04:11","date_gmt":"2018-10-25T20:04:11","guid":{"rendered":"http:\/\/medicina.udd.cl\/unidad-calidad\/?p=1071"},"modified":"2018-10-25T17:04:11","modified_gmt":"2018-10-25T20:04:11","slug":"directores-y-coordinadores-trabajaron-en-las-directrices-del-plan-de-desarrollo-de-facultad","status":"publish","type":"post","link":"https:\/\/medicina.udd.cl\/unidad-calidad\/noticias\/2018\/10\/25\/directores-y-coordinadores-trabajaron-en-las-directrices-del-plan-de-desarrollo-de-facultad\/","title":{"rendered":"Directores y coordinadores trabajaron en las directrices del Plan de Desarrollo de Facultad"},"content":{"rendered":"<div class=\"gallery gallery-post\" id=\"gallery-1071-1\"><div class=\"gallery-post-feature gallery-item\"><\/div><div class=\"gallery-carousel\"><div id=\"nav-post-gallery-gallery-1071-1\" class=\"crsl-nav\"><a href=\"#\" class=\"previous icon icon-caret-left\"><\/a><a href=\"#\" class=\"next icon icon-caret-right\"><\/a><\/div><div id=\"post-gallery-gallery-1071-1\" class=\"crsl-items\" data-navigation=\"nav-post-gallery-gallery-1071-1\" data-crsl='{ \"visible\": 4, \"itemMargin\": 10 }'><div class=\"crsl-wrap\"><figure class=\"gallery-item crsl-item crsl-active\"><a href=\"https:\/\/medicina.udd.cl\/unidad-calidad\/files\/2018\/10\/IMG_4298-e1540497811780-660x430.jpg\" title=\"IMG_4298\" class=\"gallery-thumb\" id=\"thumbnail-1072-0\" data-full-url=\"https:\/\/medicina.udd.cl\/unidad-calidad\/files\/2018\/10\/IMG_4298-e1540497811780.jpg\"><img decoding=\"async\" src=\"https:\/\/medicina.udd.cl\/unidad-calidad\/files\/2018\/10\/IMG_4298-e1540497811780-125x80.jpg\" class=\"full-width\" alt=\"IMG_4298\"><\/a><\/figure><figure class=\"gallery-item crsl-item\"><a href=\"https:\/\/medicina.udd.cl\/unidad-calidad\/files\/2018\/10\/IMG_4287-660x430.jpg\" title=\"IMG_4287\" class=\"gallery-thumb\" id=\"thumbnail-1073-1\" data-full-url=\"https:\/\/medicina.udd.cl\/unidad-calidad\/files\/2018\/10\/IMG_4287.jpg\"><img decoding=\"async\" src=\"https:\/\/medicina.udd.cl\/unidad-calidad\/files\/2018\/10\/IMG_4287-125x80.jpg\" class=\"full-width\" alt=\"IMG_4287\"><\/a><\/figure><figure class=\"gallery-item crsl-item\"><a href=\"https:\/\/medicina.udd.cl\/unidad-calidad\/files\/2018\/10\/IMG_4279-660x430.jpg\" title=\"IMG_4279\" class=\"gallery-thumb\" id=\"thumbnail-1074-2\" data-full-url=\"https:\/\/medicina.udd.cl\/unidad-calidad\/files\/2018\/10\/IMG_4279.jpg\"><img decoding=\"async\" src=\"https:\/\/medicina.udd.cl\/unidad-calidad\/files\/2018\/10\/IMG_4279-125x80.jpg\" class=\"full-width\" alt=\"IMG_4279\"><\/a><\/figure><figure class=\"gallery-item crsl-item\"><a href=\"https:\/\/medicina.udd.cl\/unidad-calidad\/files\/2018\/10\/IMG_4328-e1540497825325-660x430.jpg\" title=\"IMG_4328\" class=\"gallery-thumb\" id=\"thumbnail-1075-3\" data-full-url=\"https:\/\/medicina.udd.cl\/unidad-calidad\/files\/2018\/10\/IMG_4328-e1540497825325.jpg\"><img decoding=\"async\" src=\"https:\/\/medicina.udd.cl\/unidad-calidad\/files\/2018\/10\/IMG_4328-e1540497825325-125x80.jpg\" class=\"full-width\" alt=\"IMG_4328\"><\/a><\/figure><figure class=\"gallery-item crsl-item\"><a href=\"https:\/\/medicina.udd.cl\/unidad-calidad\/files\/2018\/10\/IMG_4301-660x430.jpg\" title=\"IMG_4301\" class=\"gallery-thumb\" id=\"thumbnail-1076-4\" data-full-url=\"https:\/\/medicina.udd.cl\/unidad-calidad\/files\/2018\/10\/IMG_4301.jpg\"><img decoding=\"async\" src=\"https:\/\/medicina.udd.cl\/unidad-calidad\/files\/2018\/10\/IMG_4301-125x80.jpg\" class=\"full-width\" alt=\"IMG_4301\"><\/a><\/figure><\/div><\/div><\/div><\/div>\n<p>Cerca de 40 asistentes participaron en el Workshop con miras a la elaboraci\u00f3n del Plan de Desarrollo de la Facultad de Medicina. Se trat\u00f3 de la segunda reuni\u00f3n de este tipo a la que, esta vez, fueron convocados directores y coordinadores, quienes tuvieron la oportunidad de trabajar en el mapa de ruta que guiar\u00e1 a la Facultad durante los pr\u00f3ximos cuatro a\u00f1os.<\/p>\n<p>En sus palabras de bienvenida, el decano de la Facultad, Dr. Ricardo Ronco, destac\u00f3 la importancia de esta iniciativa y enfatiz\u00f3 en que \u201cgracias a las conclusiones que rescatemos este d\u00eda, podremos ser reconocidos por una manera de hacer las cosas. Tenemos una meta ambiciosa por delante, pero clave para cumplir con nuestros objetivos\u201d.<\/p>\n<p>La jornada, organizada de manera conjunta por la Direcci\u00f3n de Cumplimiento de Logros y la Unidad de Calidad, se centr\u00f3 en dos talleres participativos en que los asistentes pudieron revisar las conclusiones recopiladas en la reuni\u00f3n anterior y, adem\u00e1s, trabajar en base a tres tem\u00e1ticas o ejes sobre los cuales deber\u00eda cimentarse el pr\u00f3ximo Plan de Desarrollo que regir\u00e1 para los a\u00f1os 2019-2023.<\/p>\n<p>Con la colaboraci\u00f3n de iCubo UDD y Publicidad UDD, los talleres ejecutados dieron como resultado dinamismo, participaci\u00f3n, debate y la capacidad de aunar criterios para llegar a importantes conclusiones.<\/p>\n<p>Catherine Castro, directora de Cumplimiento de Logros de la Facultad de Medicina, agradeci\u00f3 la activa participaci\u00f3n de los convocados, detallando los pasos a seguir para finalizar el documento que incluir\u00e1 ejes, aspectos diferenciadores, valores y prop\u00f3sitos, entre otros t\u00f3picos de relevancia.<\/p>\n<p>Finalmente, los asistentes tuvieron la oportunidad de leer 4 cuentos relacionados con la Facultad de Medicina y elaborados por el grupo de docentes que asisti\u00f3 a la primera reuni\u00f3n, los que demostraron el potencial creativo de nuestra comunidad universitaria.<\/p>\n<p>&nbsp;<\/p>\n","protected":false},"excerpt":{"rendered":"<p>Repensando nuestra identidad: con miras al nuevo Plan de Desarrollo de la Facultad de Medicina CAS-UDD es el nombre del Workshop que se llev\u00f3 a cabo el pasado 25 de octubre. Trabajos pr\u00e1cticos, debate y mucha participaci\u00f3n fueron los ingredientes del encuentro.<\/p>\n","protected":false},"author":9192192,"featured_media":0,"comment_status":"open","ping_status":"open","sticky":false,"template":"","format":"standard","meta":{"footnotes":""},"categories":[4],"tags":[],"class_list":["post-1071","post","type-post","status-publish","format-standard","hentry","category-noticias"],"yoast_head":"<!-- This site is optimized with the Yoast SEO plugin v26.9 - https:\/\/yoast.com\/product\/yoast-seo-wordpress\/ -->\n<title>Directores y coordinadores trabajaron en las directrices del Plan de Desarrollo de Facultad - Unidad de Calidad (UNICA)<\/title>\n<meta name=\"robots\" content=\"index, follow, max-snippet:-1, max-image-preview:large, max-video-preview:-1\" \/>\n<link rel=\"canonical\" href=\"https:\/\/medicina.udd.cl\/unidad-calidad\/noticias\/2018\/10\/25\/directores-y-coordinadores-trabajaron-en-las-directrices-del-plan-de-desarrollo-de-facultad\/\" \/>\n<meta property=\"og:locale\" content=\"es_ES\" \/>\n<meta property=\"og:type\" content=\"article\" \/>\n<meta property=\"og:title\" content=\"Directores y coordinadores trabajaron en las directrices del Plan de Desarrollo de Facultad - Unidad de Calidad (UNICA)\" \/>\n<meta property=\"og:description\" content=\"Repensando nuestra identidad: con miras al nuevo Plan de Desarrollo de la Facultad de Medicina CAS-UDD es el nombre del Workshop que se llev\u00f3 a cabo el pasado 25 de octubre. Trabajos pr\u00e1cticos, debate y mucha participaci\u00f3n fueron los ingredientes del encuentro.\" \/>\n<meta property=\"og:url\" content=\"https:\/\/medicina.udd.cl\/unidad-calidad\/noticias\/2018\/10\/25\/directores-y-coordinadores-trabajaron-en-las-directrices-del-plan-de-desarrollo-de-facultad\/\" \/>\n<meta property=\"og:site_name\" content=\"Unidad de Calidad (UNICA)\" \/>\n<meta property=\"article:published_time\" content=\"2018-10-25T20:04:11+00:00\" \/>\n<meta property=\"og:image\" content=\"https:\/\/medicina.udd.cl\/unidad-calidad\/files\/2018\/10\/IMG_4298-e1540497811780-125x80.jpg\" \/>\n<meta name=\"author\" content=\"paulinamunoz\" \/>\n<meta name=\"twitter:label1\" content=\"Escrito por\" \/>\n\t<meta name=\"twitter:data1\" content=\"paulinamunoz\" \/>\n\t<meta name=\"twitter:label2\" content=\"Tiempo de lectura\" \/>\n\t<meta name=\"twitter:data2\" content=\"2 minutos\" \/>\n<script type=\"application\/ld+json\" class=\"yoast-schema-graph\">{\"@context\":\"https:\/\/schema.org\",\"@graph\":[{\"@type\":\"Article\",\"@id\":\"https:\/\/medicina.udd.cl\/unidad-calidad\/noticias\/2018\/10\/25\/directores-y-coordinadores-trabajaron-en-las-directrices-del-plan-de-desarrollo-de-facultad\/#article\",\"isPartOf\":{\"@id\":\"https:\/\/medicina.udd.cl\/unidad-calidad\/noticias\/2018\/10\/25\/directores-y-coordinadores-trabajaron-en-las-directrices-del-plan-de-desarrollo-de-facultad\/\"},\"author\":{\"name\":\"paulinamunoz\",\"@id\":\"https:\/\/medicina.udd.cl\/unidad-calidad\/#\/schema\/person\/8bbd66125b574a40ec467c180c11f2e3\"},\"headline\":\"Directores y coordinadores trabajaron en las directrices del Plan de Desarrollo de Facultad\",\"datePublished\":\"2018-10-25T20:04:11+00:00\",\"mainEntityOfPage\":{\"@id\":\"https:\/\/medicina.udd.cl\/unidad-calidad\/noticias\/2018\/10\/25\/directores-y-coordinadores-trabajaron-en-las-directrices-del-plan-de-desarrollo-de-facultad\/\"},\"wordCount\":320,\"commentCount\":0,\"articleSection\":[\"Noticias\"],\"inLanguage\":\"es\",\"potentialAction\":[{\"@type\":\"CommentAction\",\"name\":\"Comment\",\"target\":[\"https:\/\/medicina.udd.cl\/unidad-calidad\/noticias\/2018\/10\/25\/directores-y-coordinadores-trabajaron-en-las-directrices-del-plan-de-desarrollo-de-facultad\/#respond\"]}]},{\"@type\":\"WebPage\",\"@id\":\"https:\/\/medicina.udd.cl\/unidad-calidad\/noticias\/2018\/10\/25\/directores-y-coordinadores-trabajaron-en-las-directrices-del-plan-de-desarrollo-de-facultad\/\",\"url\":\"https:\/\/medicina.udd.cl\/unidad-calidad\/noticias\/2018\/10\/25\/directores-y-coordinadores-trabajaron-en-las-directrices-del-plan-de-desarrollo-de-facultad\/\",\"name\":\"Directores y coordinadores trabajaron en las directrices del Plan de Desarrollo de Facultad - Unidad de Calidad (UNICA)\",\"isPartOf\":{\"@id\":\"https:\/\/medicina.udd.cl\/unidad-calidad\/#website\"},\"datePublished\":\"2018-10-25T20:04:11+00:00\",\"author\":{\"@id\":\"https:\/\/medicina.udd.cl\/unidad-calidad\/#\/schema\/person\/8bbd66125b574a40ec467c180c11f2e3\"},\"breadcrumb\":{\"@id\":\"https:\/\/medicina.udd.cl\/unidad-calidad\/noticias\/2018\/10\/25\/directores-y-coordinadores-trabajaron-en-las-directrices-del-plan-de-desarrollo-de-facultad\/#breadcrumb\"},\"inLanguage\":\"es\",\"potentialAction\":[{\"@type\":\"ReadAction\",\"target\":[\"https:\/\/medicina.udd.cl\/unidad-calidad\/noticias\/2018\/10\/25\/directores-y-coordinadores-trabajaron-en-las-directrices-del-plan-de-desarrollo-de-facultad\/\"]}]},{\"@type\":\"BreadcrumbList\",\"@id\":\"https:\/\/medicina.udd.cl\/unidad-calidad\/noticias\/2018\/10\/25\/directores-y-coordinadores-trabajaron-en-las-directrices-del-plan-de-desarrollo-de-facultad\/#breadcrumb\",\"itemListElement\":[{\"@type\":\"ListItem\",\"position\":1,\"name\":\"Home\",\"item\":\"https:\/\/medicina.udd.cl\/unidad-calidad\/\"},{\"@type\":\"ListItem\",\"position\":2,\"name\":\"Directores y coordinadores trabajaron en las directrices del Plan de Desarrollo de Facultad\"}]},{\"@type\":\"WebSite\",\"@id\":\"https:\/\/medicina.udd.cl\/unidad-calidad\/#website\",\"url\":\"https:\/\/medicina.udd.cl\/unidad-calidad\/\",\"name\":\"Unidad de Calidad (UNICA)\",\"description\":\"Facultad de Medicina Cl\u00ednica Alemana Universidad del Desarrollo\",\"potentialAction\":[{\"@type\":\"SearchAction\",\"target\":{\"@type\":\"EntryPoint\",\"urlTemplate\":\"https:\/\/medicina.udd.cl\/unidad-calidad\/?s={search_term_string}\"},\"query-input\":{\"@type\":\"PropertyValueSpecification\",\"valueRequired\":true,\"valueName\":\"search_term_string\"}}],\"inLanguage\":\"es\"},{\"@type\":\"Person\",\"@id\":\"https:\/\/medicina.udd.cl\/unidad-calidad\/#\/schema\/person\/8bbd66125b574a40ec467c180c11f2e3\",\"name\":\"paulinamunoz\",\"image\":{\"@type\":\"ImageObject\",\"inLanguage\":\"es\",\"@id\":\"https:\/\/medicina.udd.cl\/unidad-calidad\/#\/schema\/person\/image\/\",\"url\":\"https:\/\/secure.gravatar.com\/avatar\/748ce8fb74e8f8077c4966697a3b3710ca0019e71a62146890c0dcdc705e7f3d?s=96&d=mm&r=g\",\"contentUrl\":\"https:\/\/secure.gravatar.com\/avatar\/748ce8fb74e8f8077c4966697a3b3710ca0019e71a62146890c0dcdc705e7f3d?s=96&d=mm&r=g\",\"caption\":\"paulinamunoz\"},\"url\":\"https:\/\/medicina.udd.cl\/unidad-calidad\/noticias\/author\/paulinamunoz\/\"}]}<\/script>\n<!-- \/ Yoast SEO plugin. -->","yoast_head_json":{"title":"Directores y coordinadores trabajaron en las directrices del Plan de Desarrollo de Facultad - Unidad de Calidad (UNICA)","robots":{"index":"index","follow":"follow","max-snippet":"max-snippet:-1","max-image-preview":"max-image-preview:large","max-video-preview":"max-video-preview:-1"},"canonical":"https:\/\/medicina.udd.cl\/unidad-calidad\/noticias\/2018\/10\/25\/directores-y-coordinadores-trabajaron-en-las-directrices-del-plan-de-desarrollo-de-facultad\/","og_locale":"es_ES","og_type":"article","og_title":"Directores y coordinadores trabajaron en las directrices del Plan de Desarrollo de Facultad - Unidad de Calidad (UNICA)","og_description":"Repensando nuestra identidad: con miras al nuevo Plan de Desarrollo de la Facultad de Medicina CAS-UDD es el nombre del Workshop que se llev\u00f3 a cabo el pasado 25 de octubre. Trabajos pr\u00e1cticos, debate y mucha participaci\u00f3n fueron los ingredientes del encuentro.","og_url":"https:\/\/medicina.udd.cl\/unidad-calidad\/noticias\/2018\/10\/25\/directores-y-coordinadores-trabajaron-en-las-directrices-del-plan-de-desarrollo-de-facultad\/","og_site_name":"Unidad de Calidad (UNICA)","article_published_time":"2018-10-25T20:04:11+00:00","og_image":[{"url":"https:\/\/medicina.udd.cl\/unidad-calidad\/files\/2018\/10\/IMG_4298-e1540497811780-125x80.jpg","type":"","width":"","height":""}],"author":"paulinamunoz","twitter_misc":{"Escrito por":"paulinamunoz","Tiempo de lectura":"2 minutos"},"schema":{"@context":"https:\/\/schema.org","@graph":[{"@type":"Article","@id":"https:\/\/medicina.udd.cl\/unidad-calidad\/noticias\/2018\/10\/25\/directores-y-coordinadores-trabajaron-en-las-directrices-del-plan-de-desarrollo-de-facultad\/#article","isPartOf":{"@id":"https:\/\/medicina.udd.cl\/unidad-calidad\/noticias\/2018\/10\/25\/directores-y-coordinadores-trabajaron-en-las-directrices-del-plan-de-desarrollo-de-facultad\/"},"author":{"name":"paulinamunoz","@id":"https:\/\/medicina.udd.cl\/unidad-calidad\/#\/schema\/person\/8bbd66125b574a40ec467c180c11f2e3"},"headline":"Directores y coordinadores trabajaron en las directrices del Plan de Desarrollo de Facultad","datePublished":"2018-10-25T20:04:11+00:00","mainEntityOfPage":{"@id":"https:\/\/medicina.udd.cl\/unidad-calidad\/noticias\/2018\/10\/25\/directores-y-coordinadores-trabajaron-en-las-directrices-del-plan-de-desarrollo-de-facultad\/"},"wordCount":320,"commentCount":0,"articleSection":["Noticias"],"inLanguage":"es","potentialAction":[{"@type":"CommentAction","name":"Comment","target":["https:\/\/medicina.udd.cl\/unidad-calidad\/noticias\/2018\/10\/25\/directores-y-coordinadores-trabajaron-en-las-directrices-del-plan-de-desarrollo-de-facultad\/#respond"]}]},{"@type":"WebPage","@id":"https:\/\/medicina.udd.cl\/unidad-calidad\/noticias\/2018\/10\/25\/directores-y-coordinadores-trabajaron-en-las-directrices-del-plan-de-desarrollo-de-facultad\/","url":"https:\/\/medicina.udd.cl\/unidad-calidad\/noticias\/2018\/10\/25\/directores-y-coordinadores-trabajaron-en-las-directrices-del-plan-de-desarrollo-de-facultad\/","name":"Directores y coordinadores trabajaron en las directrices del Plan de Desarrollo de Facultad - Unidad de Calidad (UNICA)","isPartOf":{"@id":"https:\/\/medicina.udd.cl\/unidad-calidad\/#website"},"datePublished":"2018-10-25T20:04:11+00:00","author":{"@id":"https:\/\/medicina.udd.cl\/unidad-calidad\/#\/schema\/person\/8bbd66125b574a40ec467c180c11f2e3"},"breadcrumb":{"@id":"https:\/\/medicina.udd.cl\/unidad-calidad\/noticias\/2018\/10\/25\/directores-y-coordinadores-trabajaron-en-las-directrices-del-plan-de-desarrollo-de-facultad\/#breadcrumb"},"inLanguage":"es","potentialAction":[{"@type":"ReadAction","target":["https:\/\/medicina.udd.cl\/unidad-calidad\/noticias\/2018\/10\/25\/directores-y-coordinadores-trabajaron-en-las-directrices-del-plan-de-desarrollo-de-facultad\/"]}]},{"@type":"BreadcrumbList","@id":"https:\/\/medicina.udd.cl\/unidad-calidad\/noticias\/2018\/10\/25\/directores-y-coordinadores-trabajaron-en-las-directrices-del-plan-de-desarrollo-de-facultad\/#breadcrumb","itemListElement":[{"@type":"ListItem","position":1,"name":"Home","item":"https:\/\/medicina.udd.cl\/unidad-calidad\/"},{"@type":"ListItem","position":2,"name":"Directores y coordinadores trabajaron en las directrices del Plan de Desarrollo de Facultad"}]},{"@type":"WebSite","@id":"https:\/\/medicina.udd.cl\/unidad-calidad\/#website","url":"https:\/\/medicina.udd.cl\/unidad-calidad\/","name":"Unidad de Calidad (UNICA)","description":"Facultad de Medicina Cl\u00ednica Alemana Universidad del Desarrollo","potentialAction":[{"@type":"SearchAction","target":{"@type":"EntryPoint","urlTemplate":"https:\/\/medicina.udd.cl\/unidad-calidad\/?s={search_term_string}"},"query-input":{"@type":"PropertyValueSpecification","valueRequired":true,"valueName":"search_term_string"}}],"inLanguage":"es"},{"@type":"Person","@id":"https:\/\/medicina.udd.cl\/unidad-calidad\/#\/schema\/person\/8bbd66125b574a40ec467c180c11f2e3","name":"paulinamunoz","image":{"@type":"ImageObject","inLanguage":"es","@id":"https:\/\/medicina.udd.cl\/unidad-calidad\/#\/schema\/person\/image\/","url":"https:\/\/secure.gravatar.com\/avatar\/748ce8fb74e8f8077c4966697a3b3710ca0019e71a62146890c0dcdc705e7f3d?s=96&d=mm&r=g","contentUrl":"https:\/\/secure.gravatar.com\/avatar\/748ce8fb74e8f8077c4966697a3b3710ca0019e71a62146890c0dcdc705e7f3d?s=96&d=mm&r=g","caption":"paulinamunoz"},"url":"https:\/\/medicina.udd.cl\/unidad-calidad\/noticias\/author\/paulinamunoz\/"}]}},"_links":{"self":[{"href":"https:\/\/medicina.udd.cl\/unidad-calidad\/wp-json\/wp\/v2\/posts\/1071","targetHints":{"allow":["GET"]}}],"collection":[{"href":"https:\/\/medicina.udd.cl\/unidad-calidad\/wp-json\/wp\/v2\/posts"}],"about":[{"href":"https:\/\/medicina.udd.cl\/unidad-calidad\/wp-json\/wp\/v2\/types\/post"}],"author":[{"embeddable":true,"href":"https:\/\/medicina.udd.cl\/unidad-calidad\/wp-json\/wp\/v2\/users\/9192192"}],"replies":[{"embeddable":true,"href":"https:\/\/medicina.udd.cl\/unidad-calidad\/wp-json\/wp\/v2\/comments?post=1071"}],"version-history":[{"count":1,"href":"https:\/\/medicina.udd.cl\/unidad-calidad\/wp-json\/wp\/v2\/posts\/1071\/revisions"}],"predecessor-version":[{"id":1077,"href":"https:\/\/medicina.udd.cl\/unidad-calidad\/wp-json\/wp\/v2\/posts\/1071\/revisions\/1077"}],"wp:attachment":[{"href":"https:\/\/medicina.udd.cl\/unidad-calidad\/wp-json\/wp\/v2\/media?parent=1071"}],"wp:term":[{"taxonomy":"category","embeddable":true,"href":"https:\/\/medicina.udd.cl\/unidad-calidad\/wp-json\/wp\/v2\/categories?post=1071"},{"taxonomy":"post_tag","embeddable":true,"href":"https:\/\/medicina.udd.cl\/unidad-calidad\/wp-json\/wp\/v2\/tags?post=1071"}],"curies":[{"name":"wp","href":"https:\/\/api.w.org\/{rel}","templated":true}]}}