{"id":1088,"date":"2018-12-03T16:02:48","date_gmt":"2018-12-03T19:02:48","guid":{"rendered":"http:\/\/medicina.udd.cl\/unidad-calidad\/?p=1088"},"modified":"2018-12-03T16:02:48","modified_gmt":"2018-12-03T19:02:48","slug":"empleadores-de-egresados-de-las-carreras-de-la-salud-se-reunen-con-autoridades-de-la-facultad-de-medicina","status":"publish","type":"post","link":"https:\/\/medicina.udd.cl\/unidad-calidad\/noticias\/2018\/12\/03\/empleadores-de-egresados-de-las-carreras-de-la-salud-se-reunen-con-autoridades-de-la-facultad-de-medicina\/","title":{"rendered":"Empleadores de egresados de las carreras de la salud se re\u00fanen con autoridades de la Facultad de Medicina"},"content":{"rendered":"<div class=\"gallery gallery-post\" id=\"gallery-1088-1\"><div class=\"gallery-post-feature gallery-item\"><\/div><div class=\"gallery-carousel\"><div id=\"nav-post-gallery-gallery-1088-1\" class=\"crsl-nav\"><a href=\"#\" class=\"previous icon icon-caret-left\"><\/a><a href=\"#\" class=\"next icon icon-caret-right\"><\/a><\/div><div id=\"post-gallery-gallery-1088-1\" class=\"crsl-items\" data-navigation=\"nav-post-gallery-gallery-1088-1\" data-crsl='{ \"visible\": 4, \"itemMargin\": 10 }'><div class=\"crsl-wrap\"><figure class=\"gallery-item crsl-item crsl-active\"><a href=\"https:\/\/medicina.udd.cl\/unidad-calidad\/files\/2018\/12\/b8dec18a-7148-48ce-ae87-3366ab646e15-1-660x430.jpg\" title=\"b8dec18a-7148-48ce-ae87-3366ab646e15\" class=\"gallery-thumb\" id=\"thumbnail-1090-0\" data-full-url=\"https:\/\/medicina.udd.cl\/unidad-calidad\/files\/2018\/12\/b8dec18a-7148-48ce-ae87-3366ab646e15-1.jpg\"><img decoding=\"async\" src=\"https:\/\/medicina.udd.cl\/unidad-calidad\/files\/2018\/12\/b8dec18a-7148-48ce-ae87-3366ab646e15-1-125x80.jpg\" class=\"full-width\" alt=\"b8dec18a-7148-48ce-ae87-3366ab646e15\"><\/a><\/figure><figure class=\"gallery-item crsl-item\"><a href=\"https:\/\/medicina.udd.cl\/unidad-calidad\/files\/2018\/12\/IMG_4748-660x430.jpg\" title=\"IMG_4748\" class=\"gallery-thumb\" id=\"thumbnail-1091-1\" data-full-url=\"https:\/\/medicina.udd.cl\/unidad-calidad\/files\/2018\/12\/IMG_4748.jpg\"><img decoding=\"async\" src=\"https:\/\/medicina.udd.cl\/unidad-calidad\/files\/2018\/12\/IMG_4748-125x80.jpg\" class=\"full-width\" alt=\"IMG_4748\"><\/a><\/figure><figure class=\"gallery-item crsl-item\"><a href=\"https:\/\/medicina.udd.cl\/unidad-calidad\/files\/2018\/12\/IMG_4753-660x430.jpg\" title=\"IMG_4753\" class=\"gallery-thumb\" id=\"thumbnail-1092-2\" data-full-url=\"https:\/\/medicina.udd.cl\/unidad-calidad\/files\/2018\/12\/IMG_4753.jpg\"><img decoding=\"async\" src=\"https:\/\/medicina.udd.cl\/unidad-calidad\/files\/2018\/12\/IMG_4753-125x80.jpg\" class=\"full-width\" alt=\"IMG_4753\"><\/a><\/figure><figure class=\"gallery-item crsl-item\"><a href=\"https:\/\/medicina.udd.cl\/unidad-calidad\/files\/2018\/12\/IMG_4757-660x430.jpg\" title=\"IMG_4757\" class=\"gallery-thumb\" id=\"thumbnail-1093-3\" data-full-url=\"https:\/\/medicina.udd.cl\/unidad-calidad\/files\/2018\/12\/IMG_4757.jpg\"><img decoding=\"async\" src=\"https:\/\/medicina.udd.cl\/unidad-calidad\/files\/2018\/12\/IMG_4757-125x80.jpg\" class=\"full-width\" alt=\"IMG_4757\"><\/a><\/figure><figure class=\"gallery-item crsl-item\"><a href=\"https:\/\/medicina.udd.cl\/unidad-calidad\/files\/2018\/12\/IMG_4768-660x430.jpg\" title=\"IMG_4768\" class=\"gallery-thumb\" id=\"thumbnail-1094-4\" data-full-url=\"https:\/\/medicina.udd.cl\/unidad-calidad\/files\/2018\/12\/IMG_4768.jpg\"><img decoding=\"async\" src=\"https:\/\/medicina.udd.cl\/unidad-calidad\/files\/2018\/12\/IMG_4768-125x80.jpg\" class=\"full-width\" alt=\"IMG_4768\"><\/a><\/figure><figure class=\"gallery-item crsl-item\"><a href=\"https:\/\/medicina.udd.cl\/unidad-calidad\/files\/2018\/12\/IMG_4769-660x430.jpg\" title=\"IMG_4769\" class=\"gallery-thumb\" id=\"thumbnail-1095-5\" data-full-url=\"https:\/\/medicina.udd.cl\/unidad-calidad\/files\/2018\/12\/IMG_4769.jpg\"><img decoding=\"async\" src=\"https:\/\/medicina.udd.cl\/unidad-calidad\/files\/2018\/12\/IMG_4769-125x80.jpg\" class=\"full-width\" alt=\"IMG_4769\"><\/a><\/figure><figure class=\"gallery-item crsl-item\"><a href=\"https:\/\/medicina.udd.cl\/unidad-calidad\/files\/2018\/12\/IMG_4773-660x430.jpg\" title=\"IMG_4773\" class=\"gallery-thumb\" id=\"thumbnail-1096-6\" data-full-url=\"https:\/\/medicina.udd.cl\/unidad-calidad\/files\/2018\/12\/IMG_4773.jpg\"><img decoding=\"async\" src=\"https:\/\/medicina.udd.cl\/unidad-calidad\/files\/2018\/12\/IMG_4773-125x80.jpg\" class=\"full-width\" alt=\"IMG_4773\"><\/a><\/figure><\/div><\/div><\/div><\/div>\n<p style=\"font-weight: 400;\">Por primera vez, autoridades de la Facultad de Medicina Cl\u00ednica Alemana Universidad del Desarrollo se reunieron con distintos empleadores de los egresados de las siete carreras de la salud que imparte la Facultad: medicina, odontolog\u00eda, enfermer\u00eda, kinesiolog\u00eda, nutrici\u00f3n y diet\u00e9tica, fonoaudiolog\u00eda y tecnolog\u00eda m\u00e9dica.<\/p>\n<p style=\"font-weight: 400;\">\u201cGracias a estas instancias podemos saber cu\u00e1l es la opini\u00f3n de quienes reciben a quienes se titulan en nuestra Facultad. Conocer sus sugerencias nos ayuda a mejorar constantemente\u201d, se\u00f1al\u00f3 el decano de la Facultad de Medicina, doctor Ricardo Ronco.<\/p>\n<p style=\"font-weight: 400;\">En la actividad, realizada en el campus RESB de la Universidad del Desarrollo y a la cual asistieron cerca de 40 empleadores, expuso el psic\u00f3logo Patricio Millar, experto en liderazgo de recursos humanos, psicolog\u00eda organizacional y gesti\u00f3n de personas. En su charla, titulada \u201cCreando Felitrabajo\u201d, Millar enfatiz\u00f3 que en el trabajo se debe hablar de felicidad y que los conceptos de cari\u00f1o y respeto deben ser usados habitualmente en el \u00e1mbito laboral. Adem\u00e1s, agreg\u00f3 que el liderazgo se basa en las fortalezas y no en las debilidades y que el feedback debe ser algo habitual. \u201cEn los trabajos debemos ser detallistas al cuidar a las personas, para que se sientan bien\u2026 pasarlo bien en el trabajo es absolutamente indispensable\u201d, dijo el sic\u00f3logo.<\/p>\n<p style=\"font-weight: 400;\">Los asistentes, provenientes de distintas \u00e1reas de la salud, se mostraron interesados e inspirados en la tem\u00e1tica y reflexionaron acerca de lo \u00fatil que es capacitarse en estas materias.<\/p>\n","protected":false},"excerpt":{"rendered":"<p>En la actividad, a la cual asistieron cerca de 40 representantes de empresas, expuso el psic\u00f3logo Patricio Millar, experto en liderazgo de recursos humanos, psicolog\u00eda organizacional y gesti\u00f3n de personas. Su charla, \u201cCreando Felitrabajo\u201d, motiv\u00f3 a los invitados en sus respectivas labores diarias.<\/p>\n","protected":false},"author":42,"featured_media":1089,"comment_status":"open","ping_status":"open","sticky":false,"template":"","format":"standard","meta":{"footnotes":""},"categories":[4],"tags":[],"class_list":["post-1088","post","type-post","status-publish","format-standard","has-post-thumbnail","hentry","category-noticias"],"yoast_head":"<!-- This site is optimized with the Yoast SEO plugin v26.9 - https:\/\/yoast.com\/product\/yoast-seo-wordpress\/ -->\n<title>Empleadores de egresados de las carreras de la salud se re\u00fanen con autoridades de la Facultad de Medicina - Unidad de Calidad (UNICA)<\/title>\n<meta name=\"robots\" content=\"index, follow, max-snippet:-1, max-image-preview:large, max-video-preview:-1\" \/>\n<link rel=\"canonical\" href=\"https:\/\/medicina.udd.cl\/unidad-calidad\/noticias\/2018\/12\/03\/empleadores-de-egresados-de-las-carreras-de-la-salud-se-reunen-con-autoridades-de-la-facultad-de-medicina\/\" \/>\n<meta property=\"og:locale\" content=\"es_ES\" \/>\n<meta property=\"og:type\" content=\"article\" \/>\n<meta property=\"og:title\" content=\"Empleadores de egresados de las carreras de la salud se re\u00fanen con autoridades de la Facultad de Medicina - Unidad de Calidad (UNICA)\" \/>\n<meta property=\"og:description\" content=\"En la actividad, a la cual asistieron cerca de 40 representantes de empresas, expuso el psic\u00f3logo Patricio Millar, experto en liderazgo de recursos humanos, psicolog\u00eda organizacional y gesti\u00f3n de personas. Su charla, \u201cCreando Felitrabajo\u201d, motiv\u00f3 a los invitados en sus respectivas labores diarias.\" \/>\n<meta property=\"og:url\" content=\"https:\/\/medicina.udd.cl\/unidad-calidad\/noticias\/2018\/12\/03\/empleadores-de-egresados-de-las-carreras-de-la-salud-se-reunen-con-autoridades-de-la-facultad-de-medicina\/\" \/>\n<meta property=\"og:site_name\" content=\"Unidad de Calidad (UNICA)\" \/>\n<meta property=\"article:published_time\" content=\"2018-12-03T19:02:48+00:00\" \/>\n<meta property=\"og:image\" content=\"https:\/\/medicina.udd.cl\/unidad-calidad\/files\/2018\/12\/b8dec18a-7148-48ce-ae87-3366ab646e15.jpg\" \/>\n\t<meta property=\"og:image:width\" content=\"1280\" \/>\n\t<meta property=\"og:image:height\" content=\"960\" \/>\n\t<meta property=\"og:image:type\" content=\"image\/jpeg\" \/>\n<meta name=\"twitter:label1\" content=\"Escrito por\" \/>\n\t<meta name=\"twitter:data1\" content=\"\" \/>\n\t<meta name=\"twitter:label2\" content=\"Tiempo de lectura\" \/>\n\t<meta name=\"twitter:data2\" content=\"1 minuto\" \/>\n<script type=\"application\/ld+json\" class=\"yoast-schema-graph\">{\"@context\":\"https:\/\/schema.org\",\"@graph\":[{\"@type\":\"Article\",\"@id\":\"https:\/\/medicina.udd.cl\/unidad-calidad\/noticias\/2018\/12\/03\/empleadores-de-egresados-de-las-carreras-de-la-salud-se-reunen-con-autoridades-de-la-facultad-de-medicina\/#article\",\"isPartOf\":{\"@id\":\"https:\/\/medicina.udd.cl\/unidad-calidad\/noticias\/2018\/12\/03\/empleadores-de-egresados-de-las-carreras-de-la-salud-se-reunen-con-autoridades-de-la-facultad-de-medicina\/\"},\"author\":{\"name\":\"\",\"@id\":\"\"},\"headline\":\"Empleadores de egresados de las carreras de la salud se re\u00fanen con autoridades de la Facultad de Medicina\",\"datePublished\":\"2018-12-03T19:02:48+00:00\",\"mainEntityOfPage\":{\"@id\":\"https:\/\/medicina.udd.cl\/unidad-calidad\/noticias\/2018\/12\/03\/empleadores-de-egresados-de-las-carreras-de-la-salud-se-reunen-con-autoridades-de-la-facultad-de-medicina\/\"},\"wordCount\":273,\"commentCount\":0,\"image\":{\"@id\":\"https:\/\/medicina.udd.cl\/unidad-calidad\/noticias\/2018\/12\/03\/empleadores-de-egresados-de-las-carreras-de-la-salud-se-reunen-con-autoridades-de-la-facultad-de-medicina\/#primaryimage\"},\"thumbnailUrl\":\"https:\/\/medicina.udd.cl\/unidad-calidad\/files\/2018\/12\/b8dec18a-7148-48ce-ae87-3366ab646e15.jpg\",\"articleSection\":[\"Noticias\"],\"inLanguage\":\"es\",\"potentialAction\":[{\"@type\":\"CommentAction\",\"name\":\"Comment\",\"target\":[\"https:\/\/medicina.udd.cl\/unidad-calidad\/noticias\/2018\/12\/03\/empleadores-de-egresados-de-las-carreras-de-la-salud-se-reunen-con-autoridades-de-la-facultad-de-medicina\/#respond\"]}]},{\"@type\":\"WebPage\",\"@id\":\"https:\/\/medicina.udd.cl\/unidad-calidad\/noticias\/2018\/12\/03\/empleadores-de-egresados-de-las-carreras-de-la-salud-se-reunen-con-autoridades-de-la-facultad-de-medicina\/\",\"url\":\"https:\/\/medicina.udd.cl\/unidad-calidad\/noticias\/2018\/12\/03\/empleadores-de-egresados-de-las-carreras-de-la-salud-se-reunen-con-autoridades-de-la-facultad-de-medicina\/\",\"name\":\"Empleadores de egresados de las carreras de la salud se re\u00fanen con autoridades de la Facultad de Medicina - Unidad de Calidad (UNICA)\",\"isPartOf\":{\"@id\":\"https:\/\/medicina.udd.cl\/unidad-calidad\/#website\"},\"primaryImageOfPage\":{\"@id\":\"https:\/\/medicina.udd.cl\/unidad-calidad\/noticias\/2018\/12\/03\/empleadores-de-egresados-de-las-carreras-de-la-salud-se-reunen-con-autoridades-de-la-facultad-de-medicina\/#primaryimage\"},\"image\":{\"@id\":\"https:\/\/medicina.udd.cl\/unidad-calidad\/noticias\/2018\/12\/03\/empleadores-de-egresados-de-las-carreras-de-la-salud-se-reunen-con-autoridades-de-la-facultad-de-medicina\/#primaryimage\"},\"thumbnailUrl\":\"https:\/\/medicina.udd.cl\/unidad-calidad\/files\/2018\/12\/b8dec18a-7148-48ce-ae87-3366ab646e15.jpg\",\"datePublished\":\"2018-12-03T19:02:48+00:00\",\"author\":{\"@id\":\"\"},\"breadcrumb\":{\"@id\":\"https:\/\/medicina.udd.cl\/unidad-calidad\/noticias\/2018\/12\/03\/empleadores-de-egresados-de-las-carreras-de-la-salud-se-reunen-con-autoridades-de-la-facultad-de-medicina\/#breadcrumb\"},\"inLanguage\":\"es\",\"potentialAction\":[{\"@type\":\"ReadAction\",\"target\":[\"https:\/\/medicina.udd.cl\/unidad-calidad\/noticias\/2018\/12\/03\/empleadores-de-egresados-de-las-carreras-de-la-salud-se-reunen-con-autoridades-de-la-facultad-de-medicina\/\"]}]},{\"@type\":\"ImageObject\",\"inLanguage\":\"es\",\"@id\":\"https:\/\/medicina.udd.cl\/unidad-calidad\/noticias\/2018\/12\/03\/empleadores-de-egresados-de-las-carreras-de-la-salud-se-reunen-con-autoridades-de-la-facultad-de-medicina\/#primaryimage\",\"url\":\"https:\/\/medicina.udd.cl\/unidad-calidad\/files\/2018\/12\/b8dec18a-7148-48ce-ae87-3366ab646e15.jpg\",\"contentUrl\":\"https:\/\/medicina.udd.cl\/unidad-calidad\/files\/2018\/12\/b8dec18a-7148-48ce-ae87-3366ab646e15.jpg\",\"width\":1280,\"height\":960},{\"@type\":\"BreadcrumbList\",\"@id\":\"https:\/\/medicina.udd.cl\/unidad-calidad\/noticias\/2018\/12\/03\/empleadores-de-egresados-de-las-carreras-de-la-salud-se-reunen-con-autoridades-de-la-facultad-de-medicina\/#breadcrumb\",\"itemListElement\":[{\"@type\":\"ListItem\",\"position\":1,\"name\":\"Home\",\"item\":\"https:\/\/medicina.udd.cl\/unidad-calidad\/\"},{\"@type\":\"ListItem\",\"position\":2,\"name\":\"Empleadores de egresados de las carreras de la salud se re\u00fanen con autoridades de la Facultad de Medicina\"}]},{\"@type\":\"WebSite\",\"@id\":\"https:\/\/medicina.udd.cl\/unidad-calidad\/#website\",\"url\":\"https:\/\/medicina.udd.cl\/unidad-calidad\/\",\"name\":\"Unidad de Calidad (UNICA)\",\"description\":\"Facultad de Medicina Cl\u00ednica Alemana Universidad del Desarrollo\",\"potentialAction\":[{\"@type\":\"SearchAction\",\"target\":{\"@type\":\"EntryPoint\",\"urlTemplate\":\"https:\/\/medicina.udd.cl\/unidad-calidad\/?s={search_term_string}\"},\"query-input\":{\"@type\":\"PropertyValueSpecification\",\"valueRequired\":true,\"valueName\":\"search_term_string\"}}],\"inLanguage\":\"es\"},{\"@type\":\"Person\",\"@id\":\"\",\"url\":\"https:\/\/medicina.udd.cl\/unidad-calidad\/noticias\/author\/\"}]}<\/script>\n<!-- \/ Yoast SEO plugin. -->","yoast_head_json":{"title":"Empleadores de egresados de las carreras de la salud se re\u00fanen con autoridades de la Facultad de Medicina - Unidad de Calidad (UNICA)","robots":{"index":"index","follow":"follow","max-snippet":"max-snippet:-1","max-image-preview":"max-image-preview:large","max-video-preview":"max-video-preview:-1"},"canonical":"https:\/\/medicina.udd.cl\/unidad-calidad\/noticias\/2018\/12\/03\/empleadores-de-egresados-de-las-carreras-de-la-salud-se-reunen-con-autoridades-de-la-facultad-de-medicina\/","og_locale":"es_ES","og_type":"article","og_title":"Empleadores de egresados de las carreras de la salud se re\u00fanen con autoridades de la Facultad de Medicina - Unidad de Calidad (UNICA)","og_description":"En la actividad, a la cual asistieron cerca de 40 representantes de empresas, expuso el psic\u00f3logo Patricio Millar, experto en liderazgo de recursos humanos, psicolog\u00eda organizacional y gesti\u00f3n de personas. Su charla, \u201cCreando Felitrabajo\u201d, motiv\u00f3 a los invitados en sus respectivas labores diarias.","og_url":"https:\/\/medicina.udd.cl\/unidad-calidad\/noticias\/2018\/12\/03\/empleadores-de-egresados-de-las-carreras-de-la-salud-se-reunen-con-autoridades-de-la-facultad-de-medicina\/","og_site_name":"Unidad de Calidad (UNICA)","article_published_time":"2018-12-03T19:02:48+00:00","og_image":[{"width":1280,"height":960,"url":"https:\/\/medicina.udd.cl\/unidad-calidad\/files\/2018\/12\/b8dec18a-7148-48ce-ae87-3366ab646e15.jpg","type":"image\/jpeg"}],"twitter_misc":{"Escrito por":"","Tiempo de lectura":"1 minuto"},"schema":{"@context":"https:\/\/schema.org","@graph":[{"@type":"Article","@id":"https:\/\/medicina.udd.cl\/unidad-calidad\/noticias\/2018\/12\/03\/empleadores-de-egresados-de-las-carreras-de-la-salud-se-reunen-con-autoridades-de-la-facultad-de-medicina\/#article","isPartOf":{"@id":"https:\/\/medicina.udd.cl\/unidad-calidad\/noticias\/2018\/12\/03\/empleadores-de-egresados-de-las-carreras-de-la-salud-se-reunen-con-autoridades-de-la-facultad-de-medicina\/"},"author":{"name":"","@id":""},"headline":"Empleadores de egresados de las carreras de la salud se re\u00fanen con autoridades de la Facultad de Medicina","datePublished":"2018-12-03T19:02:48+00:00","mainEntityOfPage":{"@id":"https:\/\/medicina.udd.cl\/unidad-calidad\/noticias\/2018\/12\/03\/empleadores-de-egresados-de-las-carreras-de-la-salud-se-reunen-con-autoridades-de-la-facultad-de-medicina\/"},"wordCount":273,"commentCount":0,"image":{"@id":"https:\/\/medicina.udd.cl\/unidad-calidad\/noticias\/2018\/12\/03\/empleadores-de-egresados-de-las-carreras-de-la-salud-se-reunen-con-autoridades-de-la-facultad-de-medicina\/#primaryimage"},"thumbnailUrl":"https:\/\/medicina.udd.cl\/unidad-calidad\/files\/2018\/12\/b8dec18a-7148-48ce-ae87-3366ab646e15.jpg","articleSection":["Noticias"],"inLanguage":"es","potentialAction":[{"@type":"CommentAction","name":"Comment","target":["https:\/\/medicina.udd.cl\/unidad-calidad\/noticias\/2018\/12\/03\/empleadores-de-egresados-de-las-carreras-de-la-salud-se-reunen-con-autoridades-de-la-facultad-de-medicina\/#respond"]}]},{"@type":"WebPage","@id":"https:\/\/medicina.udd.cl\/unidad-calidad\/noticias\/2018\/12\/03\/empleadores-de-egresados-de-las-carreras-de-la-salud-se-reunen-con-autoridades-de-la-facultad-de-medicina\/","url":"https:\/\/medicina.udd.cl\/unidad-calidad\/noticias\/2018\/12\/03\/empleadores-de-egresados-de-las-carreras-de-la-salud-se-reunen-con-autoridades-de-la-facultad-de-medicina\/","name":"Empleadores de egresados de las carreras de la salud se re\u00fanen con autoridades de la Facultad de Medicina - Unidad de Calidad (UNICA)","isPartOf":{"@id":"https:\/\/medicina.udd.cl\/unidad-calidad\/#website"},"primaryImageOfPage":{"@id":"https:\/\/medicina.udd.cl\/unidad-calidad\/noticias\/2018\/12\/03\/empleadores-de-egresados-de-las-carreras-de-la-salud-se-reunen-con-autoridades-de-la-facultad-de-medicina\/#primaryimage"},"image":{"@id":"https:\/\/medicina.udd.cl\/unidad-calidad\/noticias\/2018\/12\/03\/empleadores-de-egresados-de-las-carreras-de-la-salud-se-reunen-con-autoridades-de-la-facultad-de-medicina\/#primaryimage"},"thumbnailUrl":"https:\/\/medicina.udd.cl\/unidad-calidad\/files\/2018\/12\/b8dec18a-7148-48ce-ae87-3366ab646e15.jpg","datePublished":"2018-12-03T19:02:48+00:00","author":{"@id":""},"breadcrumb":{"@id":"https:\/\/medicina.udd.cl\/unidad-calidad\/noticias\/2018\/12\/03\/empleadores-de-egresados-de-las-carreras-de-la-salud-se-reunen-con-autoridades-de-la-facultad-de-medicina\/#breadcrumb"},"inLanguage":"es","potentialAction":[{"@type":"ReadAction","target":["https:\/\/medicina.udd.cl\/unidad-calidad\/noticias\/2018\/12\/03\/empleadores-de-egresados-de-las-carreras-de-la-salud-se-reunen-con-autoridades-de-la-facultad-de-medicina\/"]}]},{"@type":"ImageObject","inLanguage":"es","@id":"https:\/\/medicina.udd.cl\/unidad-calidad\/noticias\/2018\/12\/03\/empleadores-de-egresados-de-las-carreras-de-la-salud-se-reunen-con-autoridades-de-la-facultad-de-medicina\/#primaryimage","url":"https:\/\/medicina.udd.cl\/unidad-calidad\/files\/2018\/12\/b8dec18a-7148-48ce-ae87-3366ab646e15.jpg","contentUrl":"https:\/\/medicina.udd.cl\/unidad-calidad\/files\/2018\/12\/b8dec18a-7148-48ce-ae87-3366ab646e15.jpg","width":1280,"height":960},{"@type":"BreadcrumbList","@id":"https:\/\/medicina.udd.cl\/unidad-calidad\/noticias\/2018\/12\/03\/empleadores-de-egresados-de-las-carreras-de-la-salud-se-reunen-con-autoridades-de-la-facultad-de-medicina\/#breadcrumb","itemListElement":[{"@type":"ListItem","position":1,"name":"Home","item":"https:\/\/medicina.udd.cl\/unidad-calidad\/"},{"@type":"ListItem","position":2,"name":"Empleadores de egresados de las carreras de la salud se re\u00fanen con autoridades de la Facultad de Medicina"}]},{"@type":"WebSite","@id":"https:\/\/medicina.udd.cl\/unidad-calidad\/#website","url":"https:\/\/medicina.udd.cl\/unidad-calidad\/","name":"Unidad de Calidad (UNICA)","description":"Facultad de Medicina Cl\u00ednica Alemana Universidad del Desarrollo","potentialAction":[{"@type":"SearchAction","target":{"@type":"EntryPoint","urlTemplate":"https:\/\/medicina.udd.cl\/unidad-calidad\/?s={search_term_string}"},"query-input":{"@type":"PropertyValueSpecification","valueRequired":true,"valueName":"search_term_string"}}],"inLanguage":"es"},{"@type":"Person","@id":"","url":"https:\/\/medicina.udd.cl\/unidad-calidad\/noticias\/author\/"}]}},"_links":{"self":[{"href":"https:\/\/medicina.udd.cl\/unidad-calidad\/wp-json\/wp\/v2\/posts\/1088","targetHints":{"allow":["GET"]}}],"collection":[{"href":"https:\/\/medicina.udd.cl\/unidad-calidad\/wp-json\/wp\/v2\/posts"}],"about":[{"href":"https:\/\/medicina.udd.cl\/unidad-calidad\/wp-json\/wp\/v2\/types\/post"}],"author":[{"embeddable":true,"href":"https:\/\/medicina.udd.cl\/unidad-calidad\/wp-json\/wp\/v2\/users\/42"}],"replies":[{"embeddable":true,"href":"https:\/\/medicina.udd.cl\/unidad-calidad\/wp-json\/wp\/v2\/comments?post=1088"}],"version-history":[{"count":1,"href":"https:\/\/medicina.udd.cl\/unidad-calidad\/wp-json\/wp\/v2\/posts\/1088\/revisions"}],"predecessor-version":[{"id":1097,"href":"https:\/\/medicina.udd.cl\/unidad-calidad\/wp-json\/wp\/v2\/posts\/1088\/revisions\/1097"}],"wp:featuredmedia":[{"embeddable":true,"href":"https:\/\/medicina.udd.cl\/unidad-calidad\/wp-json\/wp\/v2\/media\/1089"}],"wp:attachment":[{"href":"https:\/\/medicina.udd.cl\/unidad-calidad\/wp-json\/wp\/v2\/media?parent=1088"}],"wp:term":[{"taxonomy":"category","embeddable":true,"href":"https:\/\/medicina.udd.cl\/unidad-calidad\/wp-json\/wp\/v2\/categories?post=1088"},{"taxonomy":"post_tag","embeddable":true,"href":"https:\/\/medicina.udd.cl\/unidad-calidad\/wp-json\/wp\/v2\/tags?post=1088"}],"curies":[{"name":"wp","href":"https:\/\/api.w.org\/{rel}","templated":true}]}}