{"id":157,"date":"2012-07-09T14:49:54","date_gmt":"2012-07-09T18:49:54","guid":{"rendered":"http:\/\/medicina.udd.cl\/unidad-calidad\/?p=157"},"modified":"2012-07-13T10:05:35","modified_gmt":"2012-07-13T14:05:35","slug":"capacitacion-interna-en-unica","status":"publish","type":"post","link":"https:\/\/medicina.udd.cl\/unidad-calidad\/noticias\/2012\/07\/09\/capacitacion-interna-en-unica\/","title":{"rendered":"Capacitaci\u00f3n interna en UNICA"},"content":{"rendered":"<div class=\"gallery gallery-post\" id=\"gallery-157-1\"><div class=\"gallery-post-feature gallery-item\"><\/div><div class=\"gallery-carousel\"><div id=\"nav-post-gallery-gallery-157-1\" class=\"crsl-nav\"><a href=\"#\" class=\"previous icon icon-caret-left\"><\/a><a href=\"#\" class=\"next icon icon-caret-right\"><\/a><\/div><div id=\"post-gallery-gallery-157-1\" class=\"crsl-items\" data-navigation=\"nav-post-gallery-gallery-157-1\" data-crsl='{ \"visible\": 4, \"itemMargin\": 10 }'><div class=\"crsl-wrap\"><figure class=\"gallery-item crsl-item crsl-active\"><a href=\"https:\/\/medicina.udd.cl\/unidad-calidad\/files\/2012\/07\/IMG_0701-e1341859779210-660x430.jpg\" title=\"Osvaldo Ferreiro Poch, Ph.D en Estad\u00edstica\" class=\"gallery-thumb\" id=\"thumbnail-167-0\" data-full-url=\"https:\/\/medicina.udd.cl\/unidad-calidad\/files\/2012\/07\/IMG_0701-e1341859779210.jpg\"><img decoding=\"async\" src=\"https:\/\/medicina.udd.cl\/unidad-calidad\/files\/2012\/07\/IMG_0701-e1341859779210-125x80.jpg\" class=\"full-width\" alt=\"Osvaldo Ferreiro Poch, Ph.D en Estad\u00edstica\"><\/a><\/figure><figure class=\"gallery-item crsl-item\"><a href=\"https:\/\/medicina.udd.cl\/unidad-calidad\/files\/2012\/07\/IMG_0711-660x430.jpg\" title=\"Capacitaci\u00f3n UNICA\" class=\"gallery-thumb\" id=\"thumbnail-165-1\" data-full-url=\"https:\/\/medicina.udd.cl\/unidad-calidad\/files\/2012\/07\/IMG_0711.jpg\"><img decoding=\"async\" src=\"https:\/\/medicina.udd.cl\/unidad-calidad\/files\/2012\/07\/IMG_0711-125x80.jpg\" class=\"full-width\" alt=\"Capacitaci\u00f3n UNICA\"><\/a><\/figure><figure class=\"gallery-item crsl-item\"><a href=\"https:\/\/medicina.udd.cl\/unidad-calidad\/files\/2012\/07\/IMG_0697-660x430.jpg\" title=\"Capacitaci\u00f3n UNICA\" class=\"gallery-thumb\" id=\"thumbnail-163-2\" data-full-url=\"https:\/\/medicina.udd.cl\/unidad-calidad\/files\/2012\/07\/IMG_0697.jpg\"><img decoding=\"async\" src=\"https:\/\/medicina.udd.cl\/unidad-calidad\/files\/2012\/07\/IMG_0697-125x80.jpg\" class=\"full-width\" alt=\"Capacitaci\u00f3n UNICA\"><\/a><\/figure><figure class=\"gallery-item crsl-item\"><a href=\"https:\/\/medicina.udd.cl\/unidad-calidad\/files\/2012\/07\/IMG_0715-660x430.jpg\" title=\"Capacitaci\u00f3n UNICA\" class=\"gallery-thumb\" id=\"thumbnail-162-3\" data-full-url=\"https:\/\/medicina.udd.cl\/unidad-calidad\/files\/2012\/07\/IMG_0715.jpg\"><img decoding=\"async\" src=\"https:\/\/medicina.udd.cl\/unidad-calidad\/files\/2012\/07\/IMG_0715-125x80.jpg\" class=\"full-width\" alt=\"Capacitaci\u00f3n UNICA\"><\/a><\/figure><\/div><\/div><\/div><\/div>\n<p style=\"text-align: justify;\">El pasado 27 de junio se realiz\u00f3 una capacitaci\u00f3n interna en\u00a0la <a href=\"http:\/\/medicina.udd.cl\/unidad-calidad\/\">Unidad de Calidad<\/a> de la <a href=\"http:\/\/medicina.udd.cl\/\">Facultad de Medicina Cl\u00ednica Alemana Universidad del Desarrollo<\/a>.<\/p>\n<p style=\"text-align: justify;\">La jornada fue dictada por Osvaldo Ferreiro Poch, Ph.D\u00a0 en Estad\u00edstica,\u00a0 Minor en Negocios, University of Wisconsin Madison, USA y docente de <a href=\"http:\/\/negocios.udd.cl\/\">Estad\u00edstica de la Facultad de Econom\u00eda y Negocios <\/a>de la<a href=\"http:\/\/www.udd.cl\/\"> UDD<\/a>.<\/p>\n<p style=\"text-align: justify;\">El tema de la capacitaci\u00f3n fue <strong>\u201cCalidad en la educaci\u00f3n superior\u201d<\/strong> y fue discutido entre los integrantes de la Unidad de Calidad.<\/p>\n<p style=\"text-align: justify;\">\u00abEstas instancias son importantes para la formaci\u00f3n de los miembros del equipo de gesti\u00f3n en calidad, quienes debemos estar siempre en constante b\u00fasqueda de nuevos modelos que nos permitan mejorar la implementaci\u00f3n de pol\u00edticas de calidad en la Facultad, considerando que \u00e9sto tiene un impacto positivo en la formaci\u00f3n de nuestros estudiantes\u00bb, coment\u00f3 Katherine Mar\u00edn, directora de Unica.<\/p>\n","protected":false},"excerpt":{"rendered":"<p>Equipo de la Unidad de Calidad se capacita en temas de educaci\u00f3n superior.<\/p>\n","protected":false},"author":26,"featured_media":0,"comment_status":"open","ping_status":"open","sticky":false,"template":"","format":"standard","meta":{"footnotes":""},"categories":[4],"tags":[],"class_list":["post-157","post","type-post","status-publish","format-standard","hentry","category-noticias"],"yoast_head":"<!-- This site is optimized with the Yoast SEO plugin v26.9 - https:\/\/yoast.com\/product\/yoast-seo-wordpress\/ -->\n<title>Capacitaci\u00f3n interna en UNICA - Unidad de Calidad (UNICA)<\/title>\n<meta name=\"robots\" content=\"index, follow, max-snippet:-1, max-image-preview:large, max-video-preview:-1\" \/>\n<link rel=\"canonical\" href=\"https:\/\/medicina.udd.cl\/unidad-calidad\/noticias\/2012\/07\/09\/capacitacion-interna-en-unica\/\" \/>\n<meta property=\"og:locale\" content=\"es_ES\" \/>\n<meta property=\"og:type\" content=\"article\" \/>\n<meta property=\"og:title\" content=\"Capacitaci\u00f3n interna en UNICA - Unidad de Calidad (UNICA)\" \/>\n<meta property=\"og:description\" content=\"Equipo de la Unidad de Calidad se capacita en temas de educaci\u00f3n superior.\" \/>\n<meta property=\"og:url\" content=\"https:\/\/medicina.udd.cl\/unidad-calidad\/noticias\/2012\/07\/09\/capacitacion-interna-en-unica\/\" \/>\n<meta property=\"og:site_name\" content=\"Unidad de Calidad (UNICA)\" \/>\n<meta property=\"article:published_time\" content=\"2012-07-09T18:49:54+00:00\" \/>\n<meta property=\"article:modified_time\" content=\"2012-07-13T14:05:35+00:00\" \/>\n<meta property=\"og:image\" content=\"https:\/\/medicina.udd.cl\/unidad-calidad\/files\/2012\/07\/IMG_0701-e1341859779210-125x80.jpg\" \/>\n<meta name=\"twitter:label1\" content=\"Escrito por\" \/>\n\t<meta name=\"twitter:data1\" content=\"\" \/>\n\t<meta name=\"twitter:label2\" content=\"Tiempo de lectura\" \/>\n\t<meta name=\"twitter:data2\" content=\"1 minuto\" \/>\n<script type=\"application\/ld+json\" class=\"yoast-schema-graph\">{\"@context\":\"https:\/\/schema.org\",\"@graph\":[{\"@type\":\"Article\",\"@id\":\"https:\/\/medicina.udd.cl\/unidad-calidad\/noticias\/2012\/07\/09\/capacitacion-interna-en-unica\/#article\",\"isPartOf\":{\"@id\":\"https:\/\/medicina.udd.cl\/unidad-calidad\/noticias\/2012\/07\/09\/capacitacion-interna-en-unica\/\"},\"author\":{\"name\":\"\",\"@id\":\"\"},\"headline\":\"Capacitaci\u00f3n interna en UNICA\",\"datePublished\":\"2012-07-09T18:49:54+00:00\",\"dateModified\":\"2012-07-13T14:05:35+00:00\",\"mainEntityOfPage\":{\"@id\":\"https:\/\/medicina.udd.cl\/unidad-calidad\/noticias\/2012\/07\/09\/capacitacion-interna-en-unica\/\"},\"wordCount\":160,\"commentCount\":0,\"articleSection\":[\"Noticias\"],\"inLanguage\":\"es\",\"potentialAction\":[{\"@type\":\"CommentAction\",\"name\":\"Comment\",\"target\":[\"https:\/\/medicina.udd.cl\/unidad-calidad\/noticias\/2012\/07\/09\/capacitacion-interna-en-unica\/#respond\"]}]},{\"@type\":\"WebPage\",\"@id\":\"https:\/\/medicina.udd.cl\/unidad-calidad\/noticias\/2012\/07\/09\/capacitacion-interna-en-unica\/\",\"url\":\"https:\/\/medicina.udd.cl\/unidad-calidad\/noticias\/2012\/07\/09\/capacitacion-interna-en-unica\/\",\"name\":\"Capacitaci\u00f3n interna en UNICA - Unidad de Calidad (UNICA)\",\"isPartOf\":{\"@id\":\"https:\/\/medicina.udd.cl\/unidad-calidad\/#website\"},\"datePublished\":\"2012-07-09T18:49:54+00:00\",\"dateModified\":\"2012-07-13T14:05:35+00:00\",\"author\":{\"@id\":\"\"},\"breadcrumb\":{\"@id\":\"https:\/\/medicina.udd.cl\/unidad-calidad\/noticias\/2012\/07\/09\/capacitacion-interna-en-unica\/#breadcrumb\"},\"inLanguage\":\"es\",\"potentialAction\":[{\"@type\":\"ReadAction\",\"target\":[\"https:\/\/medicina.udd.cl\/unidad-calidad\/noticias\/2012\/07\/09\/capacitacion-interna-en-unica\/\"]}]},{\"@type\":\"BreadcrumbList\",\"@id\":\"https:\/\/medicina.udd.cl\/unidad-calidad\/noticias\/2012\/07\/09\/capacitacion-interna-en-unica\/#breadcrumb\",\"itemListElement\":[{\"@type\":\"ListItem\",\"position\":1,\"name\":\"Home\",\"item\":\"https:\/\/medicina.udd.cl\/unidad-calidad\/\"},{\"@type\":\"ListItem\",\"position\":2,\"name\":\"Capacitaci\u00f3n interna en UNICA\"}]},{\"@type\":\"WebSite\",\"@id\":\"https:\/\/medicina.udd.cl\/unidad-calidad\/#website\",\"url\":\"https:\/\/medicina.udd.cl\/unidad-calidad\/\",\"name\":\"Unidad de Calidad (UNICA)\",\"description\":\"Facultad de Medicina Cl\u00ednica Alemana Universidad del Desarrollo\",\"potentialAction\":[{\"@type\":\"SearchAction\",\"target\":{\"@type\":\"EntryPoint\",\"urlTemplate\":\"https:\/\/medicina.udd.cl\/unidad-calidad\/?s={search_term_string}\"},\"query-input\":{\"@type\":\"PropertyValueSpecification\",\"valueRequired\":true,\"valueName\":\"search_term_string\"}}],\"inLanguage\":\"es\"},{\"@type\":\"Person\",\"@id\":\"\",\"url\":\"https:\/\/medicina.udd.cl\/unidad-calidad\/noticias\/author\/\"}]}<\/script>\n<!-- \/ Yoast SEO plugin. -->","yoast_head_json":{"title":"Capacitaci\u00f3n interna en UNICA - Unidad de Calidad (UNICA)","robots":{"index":"index","follow":"follow","max-snippet":"max-snippet:-1","max-image-preview":"max-image-preview:large","max-video-preview":"max-video-preview:-1"},"canonical":"https:\/\/medicina.udd.cl\/unidad-calidad\/noticias\/2012\/07\/09\/capacitacion-interna-en-unica\/","og_locale":"es_ES","og_type":"article","og_title":"Capacitaci\u00f3n interna en UNICA - Unidad de Calidad (UNICA)","og_description":"Equipo de la Unidad de Calidad se capacita en temas de educaci\u00f3n superior.","og_url":"https:\/\/medicina.udd.cl\/unidad-calidad\/noticias\/2012\/07\/09\/capacitacion-interna-en-unica\/","og_site_name":"Unidad de Calidad (UNICA)","article_published_time":"2012-07-09T18:49:54+00:00","article_modified_time":"2012-07-13T14:05:35+00:00","og_image":[{"url":"https:\/\/medicina.udd.cl\/unidad-calidad\/files\/2012\/07\/IMG_0701-e1341859779210-125x80.jpg","type":"","width":"","height":""}],"twitter_misc":{"Escrito por":"","Tiempo de lectura":"1 minuto"},"schema":{"@context":"https:\/\/schema.org","@graph":[{"@type":"Article","@id":"https:\/\/medicina.udd.cl\/unidad-calidad\/noticias\/2012\/07\/09\/capacitacion-interna-en-unica\/#article","isPartOf":{"@id":"https:\/\/medicina.udd.cl\/unidad-calidad\/noticias\/2012\/07\/09\/capacitacion-interna-en-unica\/"},"author":{"name":"","@id":""},"headline":"Capacitaci\u00f3n interna en UNICA","datePublished":"2012-07-09T18:49:54+00:00","dateModified":"2012-07-13T14:05:35+00:00","mainEntityOfPage":{"@id":"https:\/\/medicina.udd.cl\/unidad-calidad\/noticias\/2012\/07\/09\/capacitacion-interna-en-unica\/"},"wordCount":160,"commentCount":0,"articleSection":["Noticias"],"inLanguage":"es","potentialAction":[{"@type":"CommentAction","name":"Comment","target":["https:\/\/medicina.udd.cl\/unidad-calidad\/noticias\/2012\/07\/09\/capacitacion-interna-en-unica\/#respond"]}]},{"@type":"WebPage","@id":"https:\/\/medicina.udd.cl\/unidad-calidad\/noticias\/2012\/07\/09\/capacitacion-interna-en-unica\/","url":"https:\/\/medicina.udd.cl\/unidad-calidad\/noticias\/2012\/07\/09\/capacitacion-interna-en-unica\/","name":"Capacitaci\u00f3n interna en UNICA - Unidad de Calidad (UNICA)","isPartOf":{"@id":"https:\/\/medicina.udd.cl\/unidad-calidad\/#website"},"datePublished":"2012-07-09T18:49:54+00:00","dateModified":"2012-07-13T14:05:35+00:00","author":{"@id":""},"breadcrumb":{"@id":"https:\/\/medicina.udd.cl\/unidad-calidad\/noticias\/2012\/07\/09\/capacitacion-interna-en-unica\/#breadcrumb"},"inLanguage":"es","potentialAction":[{"@type":"ReadAction","target":["https:\/\/medicina.udd.cl\/unidad-calidad\/noticias\/2012\/07\/09\/capacitacion-interna-en-unica\/"]}]},{"@type":"BreadcrumbList","@id":"https:\/\/medicina.udd.cl\/unidad-calidad\/noticias\/2012\/07\/09\/capacitacion-interna-en-unica\/#breadcrumb","itemListElement":[{"@type":"ListItem","position":1,"name":"Home","item":"https:\/\/medicina.udd.cl\/unidad-calidad\/"},{"@type":"ListItem","position":2,"name":"Capacitaci\u00f3n interna en UNICA"}]},{"@type":"WebSite","@id":"https:\/\/medicina.udd.cl\/unidad-calidad\/#website","url":"https:\/\/medicina.udd.cl\/unidad-calidad\/","name":"Unidad de Calidad (UNICA)","description":"Facultad de Medicina Cl\u00ednica Alemana Universidad del Desarrollo","potentialAction":[{"@type":"SearchAction","target":{"@type":"EntryPoint","urlTemplate":"https:\/\/medicina.udd.cl\/unidad-calidad\/?s={search_term_string}"},"query-input":{"@type":"PropertyValueSpecification","valueRequired":true,"valueName":"search_term_string"}}],"inLanguage":"es"},{"@type":"Person","@id":"","url":"https:\/\/medicina.udd.cl\/unidad-calidad\/noticias\/author\/"}]}},"_links":{"self":[{"href":"https:\/\/medicina.udd.cl\/unidad-calidad\/wp-json\/wp\/v2\/posts\/157","targetHints":{"allow":["GET"]}}],"collection":[{"href":"https:\/\/medicina.udd.cl\/unidad-calidad\/wp-json\/wp\/v2\/posts"}],"about":[{"href":"https:\/\/medicina.udd.cl\/unidad-calidad\/wp-json\/wp\/v2\/types\/post"}],"author":[{"embeddable":true,"href":"https:\/\/medicina.udd.cl\/unidad-calidad\/wp-json\/wp\/v2\/users\/26"}],"replies":[{"embeddable":true,"href":"https:\/\/medicina.udd.cl\/unidad-calidad\/wp-json\/wp\/v2\/comments?post=157"}],"version-history":[{"count":11,"href":"https:\/\/medicina.udd.cl\/unidad-calidad\/wp-json\/wp\/v2\/posts\/157\/revisions"}],"predecessor-version":[{"id":174,"href":"https:\/\/medicina.udd.cl\/unidad-calidad\/wp-json\/wp\/v2\/posts\/157\/revisions\/174"}],"wp:attachment":[{"href":"https:\/\/medicina.udd.cl\/unidad-calidad\/wp-json\/wp\/v2\/media?parent=157"}],"wp:term":[{"taxonomy":"category","embeddable":true,"href":"https:\/\/medicina.udd.cl\/unidad-calidad\/wp-json\/wp\/v2\/categories?post=157"},{"taxonomy":"post_tag","embeddable":true,"href":"https:\/\/medicina.udd.cl\/unidad-calidad\/wp-json\/wp\/v2\/tags?post=157"}],"curies":[{"name":"wp","href":"https:\/\/api.w.org\/{rel}","templated":true}]}}