{"id":208,"date":"2012-12-20T09:43:46","date_gmt":"2012-12-20T12:43:46","guid":{"rendered":"http:\/\/medicina.udd.cl\/unidad-calidad\/?p=208"},"modified":"2013-01-29T14:15:13","modified_gmt":"2013-01-29T17:15:13","slug":"claustro-academico-%e2%80%9cciencias-de-la-salud%e2%80%9d-2013","status":"publish","type":"post","link":"https:\/\/medicina.udd.cl\/unidad-calidad\/noticias\/2012\/12\/20\/claustro-academico-%e2%80%9cciencias-de-la-salud%e2%80%9d-2013\/","title":{"rendered":"Claustro Acad\u00e9mico Ciencias de la Salud 2013"},"content":{"rendered":"<div class=\"gallery gallery-post\" id=\"gallery-208-1\"><div class=\"gallery-post-feature gallery-item\"><\/div><div class=\"gallery-carousel\"><div id=\"nav-post-gallery-gallery-208-1\" class=\"crsl-nav\"><a href=\"#\" class=\"previous icon icon-caret-left\"><\/a><a href=\"#\" class=\"next icon icon-caret-right\"><\/a><\/div><div id=\"post-gallery-gallery-208-1\" class=\"crsl-items\" data-navigation=\"nav-post-gallery-gallery-208-1\" data-crsl='{ \"visible\": 4, \"itemMargin\": 10 }'><div class=\"crsl-wrap\"><figure class=\"gallery-item crsl-item crsl-active\"><a href=\"https:\/\/medicina.udd.cl\/unidad-calidad\/files\/2012\/12\/encuentro-carreras-de-la-salud-375x430.png\" title=\"Encuentro carreras de la salud\" class=\"gallery-thumb\" id=\"thumbnail-209-0\" data-full-url=\"https:\/\/medicina.udd.cl\/unidad-calidad\/files\/2012\/12\/encuentro-carreras-de-la-salud.png\"><img decoding=\"async\" src=\"https:\/\/medicina.udd.cl\/unidad-calidad\/files\/2012\/12\/encuentro-carreras-de-la-salud-125x80.png\" class=\"full-width\" alt=\"Encuentro carreras de la salud\"><\/a><\/figure><figure class=\"gallery-item crsl-item\"><a href=\"https:\/\/medicina.udd.cl\/unidad-calidad\/files\/2012\/12\/index-1.jpg\" title=\"Docentes en claustro acad\u00e9mico 2013\" class=\"gallery-thumb\" id=\"thumbnail-231-1\" data-full-url=\"https:\/\/medicina.udd.cl\/unidad-calidad\/files\/2012\/12\/index-1.jpg\"><img decoding=\"async\" src=\"https:\/\/medicina.udd.cl\/unidad-calidad\/files\/2012\/12\/index-1-125x80.jpg\" class=\"full-width\" alt=\"Docentes en claustro acad\u00e9mico 2013\"><\/a><\/figure><figure class=\"gallery-item crsl-item\"><a href=\"https:\/\/medicina.udd.cl\/unidad-calidad\/files\/2012\/12\/index-2.jpg\" title=\"Docentes en claustro acad\u00e9mico 2013\" class=\"gallery-thumb\" id=\"thumbnail-232-2\" data-full-url=\"https:\/\/medicina.udd.cl\/unidad-calidad\/files\/2012\/12\/index-2.jpg\"><img decoding=\"async\" src=\"https:\/\/medicina.udd.cl\/unidad-calidad\/files\/2012\/12\/index-2-125x80.jpg\" class=\"full-width\" alt=\"Docentes en claustro acad\u00e9mico 2013\"><\/a><\/figure><figure class=\"gallery-item crsl-item\"><a href=\"https:\/\/medicina.udd.cl\/unidad-calidad\/files\/2012\/12\/index.jpg\" title=\"Vicedecana Dra. Liliana Jadue\" class=\"gallery-thumb\" id=\"thumbnail-233-3\" data-full-url=\"https:\/\/medicina.udd.cl\/unidad-calidad\/files\/2012\/12\/index.jpg\"><img decoding=\"async\" src=\"https:\/\/medicina.udd.cl\/unidad-calidad\/files\/2012\/12\/index-125x80.jpg\" class=\"full-width\" alt=\"Vicedecana Dra. Liliana Jadue\"><\/a><\/figure><\/div><\/div><\/div><\/div>\n<p>Con un auditorio completo se realiz\u00f3 el martes 8 de enero el Claustro Acad\u00e9mico de las Carreras de Ciencias de la Salud 2013 organizado por la vicedecana, Dra. Liliana Jadue y la Unidad de Calidad.<\/p>\n<p>En la oportunidad, la Dra. Jadue hizo un an\u00e1lisis de factores como la matr\u00edcula de los estudiantes de nuestra facultad, los puntajes de corte para el ingreso a las carreras y el posicionamiento de las escuelas en el panorama nacional.<\/p>\n<p>Profundiz\u00f3 en las competencias espec\u00edficas del profesor de esta Facultad de Medicina y sus carreras y sostuvo: \u201cEl docente de nuestra facultad se caracteriza por su motivaci\u00f3n y compromiso y es un modelo para nuestros estudiantes\u201d.<\/p>\n<p>Asimismo,  destac\u00f3 las competencias pedag\u00f3gicas, la responsabilidad curricular y la pr\u00e1ctica reflexiva.<\/p>\n<p>Tambi\u00e9n, invit\u00f3 a todos a tener siempre presente el principio rector de esta casa de estudios: \u201cQue todo lo que hagamos vaya en beneficio de la comunidad\u201d, dijo.<\/p>\n<p>Luego, Katherine Mar\u00edn se refieri\u00f3 al proceso de acreditaci\u00f3n y el Director de la carrera de Kinesiolog\u00eda, Jorge Molina, se refiri\u00f3 a \u201cHitos y actividades de las carreras de la salud\u201d.<\/p>\n<p>La actividad termin\u00f3 con una ronda de preguntas y un c\u00f3ctel.<\/p>\n","protected":false},"excerpt":{"rendered":"<p>La Vicedecana de Carreras de la Salud, Dra. Liliana Jadue, deline\u00f3 las competencias de los docentes del plan com\u00fan.<\/p>\n","protected":false},"author":26,"featured_media":0,"comment_status":"closed","ping_status":"closed","sticky":false,"template":"","format":"standard","meta":{"footnotes":""},"categories":[4],"tags":[],"class_list":["post-208","post","type-post","status-publish","format-standard","hentry","category-noticias"],"yoast_head":"<!-- This site is optimized with the Yoast SEO plugin v26.9 - https:\/\/yoast.com\/product\/yoast-seo-wordpress\/ -->\n<title>Claustro acad\u00e9mico \u201cCiencias de la salud\u201d 2013<\/title>\n<meta name=\"description\" content=\"Encuentro carreras de la salud de la Facultad de Medicina Cl\u00ednica Alemana Universidad del Desarrollo.\" \/>\n<meta name=\"robots\" content=\"index, follow, max-snippet:-1, max-image-preview:large, max-video-preview:-1\" \/>\n<link rel=\"canonical\" href=\"https:\/\/medicina.udd.cl\/unidad-calidad\/noticias\/2012\/12\/20\/claustro-academico-\u201cciencias-de-la-salud\u201d-2013\/\" \/>\n<meta property=\"og:locale\" content=\"es_ES\" \/>\n<meta property=\"og:type\" content=\"article\" \/>\n<meta property=\"og:title\" content=\"Claustro acad\u00e9mico \u201cCiencias de la salud\u201d 2013\" \/>\n<meta property=\"og:description\" content=\"Encuentro carreras de la salud de la Facultad de Medicina Cl\u00ednica Alemana Universidad del Desarrollo.\" \/>\n<meta property=\"og:url\" content=\"https:\/\/medicina.udd.cl\/unidad-calidad\/noticias\/2012\/12\/20\/claustro-academico-\u201cciencias-de-la-salud\u201d-2013\/\" \/>\n<meta property=\"og:site_name\" content=\"Unidad de Calidad (UNICA)\" \/>\n<meta property=\"article:published_time\" content=\"2012-12-20T12:43:46+00:00\" \/>\n<meta property=\"article:modified_time\" content=\"2013-01-29T17:15:13+00:00\" \/>\n<meta property=\"og:image\" content=\"https:\/\/medicina.udd.cl\/unidad-calidad\/files\/2012\/12\/encuentro-carreras-de-la-salud-125x80.png\" \/>\n<meta name=\"twitter:label1\" content=\"Escrito por\" \/>\n\t<meta name=\"twitter:data1\" content=\"\" \/>\n\t<meta name=\"twitter:label2\" content=\"Tiempo de lectura\" \/>\n\t<meta name=\"twitter:data2\" content=\"1 minuto\" \/>\n<script type=\"application\/ld+json\" class=\"yoast-schema-graph\">{\"@context\":\"https:\/\/schema.org\",\"@graph\":[{\"@type\":\"Article\",\"@id\":\"https:\/\/medicina.udd.cl\/unidad-calidad\/noticias\/2012\/12\/20\/claustro-academico-%e2%80%9cciencias-de-la-salud%e2%80%9d-2013\/#article\",\"isPartOf\":{\"@id\":\"https:\/\/medicina.udd.cl\/unidad-calidad\/noticias\/2012\/12\/20\/claustro-academico-%e2%80%9cciencias-de-la-salud%e2%80%9d-2013\/\"},\"author\":{\"name\":\"\",\"@id\":\"\"},\"headline\":\"Claustro Acad\u00e9mico Ciencias de la Salud 2013\",\"datePublished\":\"2012-12-20T12:43:46+00:00\",\"dateModified\":\"2013-01-29T17:15:13+00:00\",\"mainEntityOfPage\":{\"@id\":\"https:\/\/medicina.udd.cl\/unidad-calidad\/noticias\/2012\/12\/20\/claustro-academico-%e2%80%9cciencias-de-la-salud%e2%80%9d-2013\/\"},\"wordCount\":211,\"articleSection\":[\"Noticias\"],\"inLanguage\":\"es\"},{\"@type\":\"WebPage\",\"@id\":\"https:\/\/medicina.udd.cl\/unidad-calidad\/noticias\/2012\/12\/20\/claustro-academico-%e2%80%9cciencias-de-la-salud%e2%80%9d-2013\/\",\"url\":\"https:\/\/medicina.udd.cl\/unidad-calidad\/noticias\/2012\/12\/20\/claustro-academico-%e2%80%9cciencias-de-la-salud%e2%80%9d-2013\/\",\"name\":\"Claustro acad\u00e9mico \u201cCiencias de la salud\u201d 2013\",\"isPartOf\":{\"@id\":\"https:\/\/medicina.udd.cl\/unidad-calidad\/#website\"},\"datePublished\":\"2012-12-20T12:43:46+00:00\",\"dateModified\":\"2013-01-29T17:15:13+00:00\",\"author\":{\"@id\":\"\"},\"description\":\"Encuentro carreras de la salud de la Facultad de Medicina Cl\u00ednica Alemana Universidad del Desarrollo.\",\"breadcrumb\":{\"@id\":\"https:\/\/medicina.udd.cl\/unidad-calidad\/noticias\/2012\/12\/20\/claustro-academico-%e2%80%9cciencias-de-la-salud%e2%80%9d-2013\/#breadcrumb\"},\"inLanguage\":\"es\",\"potentialAction\":[{\"@type\":\"ReadAction\",\"target\":[\"https:\/\/medicina.udd.cl\/unidad-calidad\/noticias\/2012\/12\/20\/claustro-academico-%e2%80%9cciencias-de-la-salud%e2%80%9d-2013\/\"]}]},{\"@type\":\"BreadcrumbList\",\"@id\":\"https:\/\/medicina.udd.cl\/unidad-calidad\/noticias\/2012\/12\/20\/claustro-academico-%e2%80%9cciencias-de-la-salud%e2%80%9d-2013\/#breadcrumb\",\"itemListElement\":[{\"@type\":\"ListItem\",\"position\":1,\"name\":\"Home\",\"item\":\"https:\/\/medicina.udd.cl\/unidad-calidad\/\"},{\"@type\":\"ListItem\",\"position\":2,\"name\":\"Claustro Acad\u00e9mico Ciencias de la Salud 2013\"}]},{\"@type\":\"WebSite\",\"@id\":\"https:\/\/medicina.udd.cl\/unidad-calidad\/#website\",\"url\":\"https:\/\/medicina.udd.cl\/unidad-calidad\/\",\"name\":\"Unidad de Calidad (UNICA)\",\"description\":\"Facultad de Medicina Cl\u00ednica Alemana Universidad del Desarrollo\",\"potentialAction\":[{\"@type\":\"SearchAction\",\"target\":{\"@type\":\"EntryPoint\",\"urlTemplate\":\"https:\/\/medicina.udd.cl\/unidad-calidad\/?s={search_term_string}\"},\"query-input\":{\"@type\":\"PropertyValueSpecification\",\"valueRequired\":true,\"valueName\":\"search_term_string\"}}],\"inLanguage\":\"es\"},{\"@type\":\"Person\",\"@id\":\"\",\"url\":\"https:\/\/medicina.udd.cl\/unidad-calidad\/noticias\/author\/\"}]}<\/script>\n<!-- \/ Yoast SEO plugin. -->","yoast_head_json":{"title":"Claustro acad\u00e9mico \u201cCiencias de la salud\u201d 2013","description":"Encuentro carreras de la salud de la Facultad de Medicina Cl\u00ednica Alemana Universidad del Desarrollo.","robots":{"index":"index","follow":"follow","max-snippet":"max-snippet:-1","max-image-preview":"max-image-preview:large","max-video-preview":"max-video-preview:-1"},"canonical":"https:\/\/medicina.udd.cl\/unidad-calidad\/noticias\/2012\/12\/20\/claustro-academico-\u201cciencias-de-la-salud\u201d-2013\/","og_locale":"es_ES","og_type":"article","og_title":"Claustro acad\u00e9mico \u201cCiencias de la salud\u201d 2013","og_description":"Encuentro carreras de la salud de la Facultad de Medicina Cl\u00ednica Alemana Universidad del Desarrollo.","og_url":"https:\/\/medicina.udd.cl\/unidad-calidad\/noticias\/2012\/12\/20\/claustro-academico-\u201cciencias-de-la-salud\u201d-2013\/","og_site_name":"Unidad de Calidad (UNICA)","article_published_time":"2012-12-20T12:43:46+00:00","article_modified_time":"2013-01-29T17:15:13+00:00","og_image":[{"url":"https:\/\/medicina.udd.cl\/unidad-calidad\/files\/2012\/12\/encuentro-carreras-de-la-salud-125x80.png","type":"","width":"","height":""}],"twitter_misc":{"Escrito por":"","Tiempo de lectura":"1 minuto"},"schema":{"@context":"https:\/\/schema.org","@graph":[{"@type":"Article","@id":"https:\/\/medicina.udd.cl\/unidad-calidad\/noticias\/2012\/12\/20\/claustro-academico-%e2%80%9cciencias-de-la-salud%e2%80%9d-2013\/#article","isPartOf":{"@id":"https:\/\/medicina.udd.cl\/unidad-calidad\/noticias\/2012\/12\/20\/claustro-academico-%e2%80%9cciencias-de-la-salud%e2%80%9d-2013\/"},"author":{"name":"","@id":""},"headline":"Claustro Acad\u00e9mico Ciencias de la Salud 2013","datePublished":"2012-12-20T12:43:46+00:00","dateModified":"2013-01-29T17:15:13+00:00","mainEntityOfPage":{"@id":"https:\/\/medicina.udd.cl\/unidad-calidad\/noticias\/2012\/12\/20\/claustro-academico-%e2%80%9cciencias-de-la-salud%e2%80%9d-2013\/"},"wordCount":211,"articleSection":["Noticias"],"inLanguage":"es"},{"@type":"WebPage","@id":"https:\/\/medicina.udd.cl\/unidad-calidad\/noticias\/2012\/12\/20\/claustro-academico-%e2%80%9cciencias-de-la-salud%e2%80%9d-2013\/","url":"https:\/\/medicina.udd.cl\/unidad-calidad\/noticias\/2012\/12\/20\/claustro-academico-%e2%80%9cciencias-de-la-salud%e2%80%9d-2013\/","name":"Claustro acad\u00e9mico \u201cCiencias de la salud\u201d 2013","isPartOf":{"@id":"https:\/\/medicina.udd.cl\/unidad-calidad\/#website"},"datePublished":"2012-12-20T12:43:46+00:00","dateModified":"2013-01-29T17:15:13+00:00","author":{"@id":""},"description":"Encuentro carreras de la salud de la Facultad de Medicina Cl\u00ednica Alemana Universidad del Desarrollo.","breadcrumb":{"@id":"https:\/\/medicina.udd.cl\/unidad-calidad\/noticias\/2012\/12\/20\/claustro-academico-%e2%80%9cciencias-de-la-salud%e2%80%9d-2013\/#breadcrumb"},"inLanguage":"es","potentialAction":[{"@type":"ReadAction","target":["https:\/\/medicina.udd.cl\/unidad-calidad\/noticias\/2012\/12\/20\/claustro-academico-%e2%80%9cciencias-de-la-salud%e2%80%9d-2013\/"]}]},{"@type":"BreadcrumbList","@id":"https:\/\/medicina.udd.cl\/unidad-calidad\/noticias\/2012\/12\/20\/claustro-academico-%e2%80%9cciencias-de-la-salud%e2%80%9d-2013\/#breadcrumb","itemListElement":[{"@type":"ListItem","position":1,"name":"Home","item":"https:\/\/medicina.udd.cl\/unidad-calidad\/"},{"@type":"ListItem","position":2,"name":"Claustro Acad\u00e9mico Ciencias de la Salud 2013"}]},{"@type":"WebSite","@id":"https:\/\/medicina.udd.cl\/unidad-calidad\/#website","url":"https:\/\/medicina.udd.cl\/unidad-calidad\/","name":"Unidad de Calidad (UNICA)","description":"Facultad de Medicina Cl\u00ednica Alemana Universidad del Desarrollo","potentialAction":[{"@type":"SearchAction","target":{"@type":"EntryPoint","urlTemplate":"https:\/\/medicina.udd.cl\/unidad-calidad\/?s={search_term_string}"},"query-input":{"@type":"PropertyValueSpecification","valueRequired":true,"valueName":"search_term_string"}}],"inLanguage":"es"},{"@type":"Person","@id":"","url":"https:\/\/medicina.udd.cl\/unidad-calidad\/noticias\/author\/"}]}},"_links":{"self":[{"href":"https:\/\/medicina.udd.cl\/unidad-calidad\/wp-json\/wp\/v2\/posts\/208","targetHints":{"allow":["GET"]}}],"collection":[{"href":"https:\/\/medicina.udd.cl\/unidad-calidad\/wp-json\/wp\/v2\/posts"}],"about":[{"href":"https:\/\/medicina.udd.cl\/unidad-calidad\/wp-json\/wp\/v2\/types\/post"}],"author":[{"embeddable":true,"href":"https:\/\/medicina.udd.cl\/unidad-calidad\/wp-json\/wp\/v2\/users\/26"}],"replies":[{"embeddable":true,"href":"https:\/\/medicina.udd.cl\/unidad-calidad\/wp-json\/wp\/v2\/comments?post=208"}],"version-history":[{"count":5,"href":"https:\/\/medicina.udd.cl\/unidad-calidad\/wp-json\/wp\/v2\/posts\/208\/revisions"}],"predecessor-version":[{"id":235,"href":"https:\/\/medicina.udd.cl\/unidad-calidad\/wp-json\/wp\/v2\/posts\/208\/revisions\/235"}],"wp:attachment":[{"href":"https:\/\/medicina.udd.cl\/unidad-calidad\/wp-json\/wp\/v2\/media?parent=208"}],"wp:term":[{"taxonomy":"category","embeddable":true,"href":"https:\/\/medicina.udd.cl\/unidad-calidad\/wp-json\/wp\/v2\/categories?post=208"},{"taxonomy":"post_tag","embeddable":true,"href":"https:\/\/medicina.udd.cl\/unidad-calidad\/wp-json\/wp\/v2\/tags?post=208"}],"curies":[{"name":"wp","href":"https:\/\/api.w.org\/{rel}","templated":true}]}}