{"id":212,"date":"2013-01-18T13:12:16","date_gmt":"2013-01-18T16:12:16","guid":{"rendered":"http:\/\/medicina.udd.cl\/unidad-calidad\/?p=212"},"modified":"2013-01-18T13:14:03","modified_gmt":"2013-01-18T16:14:03","slug":"integrantes-de-unica-exponen-en-jornada-de-gestion-universitaria","status":"publish","type":"post","link":"https:\/\/medicina.udd.cl\/unidad-calidad\/noticias\/2013\/01\/18\/integrantes-de-unica-exponen-en-jornada-de-gestion-universitaria\/","title":{"rendered":"Integrantes de UNICA exponen en Jornada de Gesti\u00f3n Universitaria"},"content":{"rendered":"<p><a href=\"http:\/\/medicina.udd.cl\/unidad-calidad\/files\/2013\/01\/unica-en-puc.jpg\"><img loading=\"lazy\" decoding=\"async\" class=\"aligncenter size-medium wp-image-213\" title=\"Dra. Liliana Jadue, Dr. Alberto Dugnac y Klga. Katherine Mar\u00edn\" src=\"http:\/\/medicina.udd.cl\/unidad-calidad\/files\/2013\/01\/unica-en-puc-300x224.jpg\" alt=\"\" width=\"300\" height=\"224\" srcset=\"https:\/\/medicina.udd.cl\/unidad-calidad\/files\/2013\/01\/unica-en-puc-300x224.jpg 300w, https:\/\/medicina.udd.cl\/unidad-calidad\/files\/2013\/01\/unica-en-puc.jpg 640w\" sizes=\"auto, (max-width: 300px) 100vw, 300px\" \/><\/a><\/p>\n<p>La directora de la Unidad de Calidad (UNICA), Katherine Mar\u00edn, junto a la Vicedecana de las Carreras de la Salud, Dra. Liliana Jadue realizaron una ponencia sobre el trabajo de UNICA en la Facultad de Medicina Cl\u00ednica Alemana Universidad del Desarrollo dentro de la\u00a0 <strong>IX Jornada de Gesti\u00f3n Universitaria<\/strong> organizada por la Pontificia Universidad Cat\u00f3lica de Chile.<\/p>\n<p>En la presentaci\u00f3n se explic\u00f3 c\u00f3mo entendemos el concepto de calidad, c\u00f3mo se realiza su gesti\u00f3n dentro del contexto de nuestra Facultad y la importancia de esta. Luego de la ponencia se hicieron preguntas para saber m\u00e1s de la Unidad de Calidad cuyas respuestas dejaron muy conforme a la audiencia.<\/p>\n<p>A estos tres d\u00edas de jornadas tambi\u00e9n asistieron los integrantes UNICA, Julio Gonz\u00e1lez de Tecnolog\u00eda M\u00e9dica, Iv\u00e1n Castillo de Fonoaudiolog\u00eda y Fernanda Gil, quienes estuvieron en las distintas conferencias y talleres que complementaron sus conocimientos en materia de gesti\u00f3n universitaria en educaci\u00f3n superior.<\/p>\n<p><em>\u00abPara mi asistir esta jornada fue un aporte para observar experiencias de otras instituciones tanto a nivel nacional como internacional.\u00a0 Me confirma que en la Facultad de Medicina estamos trabajando en sinton\u00eda con estas instituciones.\u00a0 Me entreg\u00f3 herramientas para mejorar mis gestiones y aportar activamente en la mejor\u00eda de la Carrera de Fonoaudiolog\u00eda\u00bb, coment\u00f3 el docente Iv\u00e1n Castillo.<\/em><\/p>\n<p>La IX Jornada de Gesti\u00f3n Universitaria se realiz\u00f3 entre el 9 y el 11 de enero y participaron un total 84 expositores chilenos y extranjeros de la m\u00e1s alta calidad acad\u00e9mica, provenientes de 35 universidades de 10 pa\u00edses, quienes abordaron diferentes temas y experiencias en la gesti\u00f3n universitaria.<\/p>\n","protected":false},"excerpt":{"rendered":"<p>Adem\u00e1s, un grupo de representantes de la Unidad de Calidad asisti\u00f3 a la jornada para adquirir herramientas sobre la gesti\u00f3n de calidad en universidades.<\/p>\n","protected":false},"author":26,"featured_media":0,"comment_status":"open","ping_status":"open","sticky":false,"template":"","format":"standard","meta":{"footnotes":""},"categories":[4],"tags":[],"class_list":["post-212","post","type-post","status-publish","format-standard","hentry","category-noticias"],"yoast_head":"<!-- This site is optimized with the Yoast SEO plugin v26.9 - https:\/\/yoast.com\/product\/yoast-seo-wordpress\/ -->\n<title>Integrantes de UNICA exponen en Jornada de Gesti\u00f3n Universitaria  - Unidad de Calidad (UNICA)<\/title>\n<meta name=\"robots\" content=\"index, follow, max-snippet:-1, max-image-preview:large, max-video-preview:-1\" \/>\n<link rel=\"canonical\" href=\"https:\/\/medicina.udd.cl\/unidad-calidad\/noticias\/2013\/01\/18\/integrantes-de-unica-exponen-en-jornada-de-gestion-universitaria\/\" \/>\n<meta property=\"og:locale\" content=\"es_ES\" \/>\n<meta property=\"og:type\" content=\"article\" \/>\n<meta property=\"og:title\" content=\"Integrantes de UNICA exponen en Jornada de Gesti\u00f3n Universitaria  - Unidad de Calidad (UNICA)\" \/>\n<meta property=\"og:description\" content=\"Adem\u00e1s, un grupo de representantes de la Unidad de Calidad asisti\u00f3 a la jornada para adquirir herramientas sobre la gesti\u00f3n de calidad en universidades.\" \/>\n<meta property=\"og:url\" content=\"https:\/\/medicina.udd.cl\/unidad-calidad\/noticias\/2013\/01\/18\/integrantes-de-unica-exponen-en-jornada-de-gestion-universitaria\/\" \/>\n<meta property=\"og:site_name\" content=\"Unidad de Calidad (UNICA)\" \/>\n<meta property=\"article:published_time\" content=\"2013-01-18T16:12:16+00:00\" \/>\n<meta property=\"article:modified_time\" content=\"2013-01-18T16:14:03+00:00\" \/>\n<meta property=\"og:image\" content=\"http:\/\/medicina.udd.cl\/unidad-calidad\/files\/2013\/01\/unica-en-puc-300x224.jpg\" \/>\n<meta name=\"twitter:label1\" content=\"Escrito por\" \/>\n\t<meta name=\"twitter:data1\" content=\"\" \/>\n\t<meta name=\"twitter:label2\" content=\"Tiempo de lectura\" \/>\n\t<meta name=\"twitter:data2\" content=\"1 minuto\" \/>\n<script type=\"application\/ld+json\" class=\"yoast-schema-graph\">{\"@context\":\"https:\/\/schema.org\",\"@graph\":[{\"@type\":\"Article\",\"@id\":\"https:\/\/medicina.udd.cl\/unidad-calidad\/noticias\/2013\/01\/18\/integrantes-de-unica-exponen-en-jornada-de-gestion-universitaria\/#article\",\"isPartOf\":{\"@id\":\"https:\/\/medicina.udd.cl\/unidad-calidad\/noticias\/2013\/01\/18\/integrantes-de-unica-exponen-en-jornada-de-gestion-universitaria\/\"},\"author\":{\"name\":\"\",\"@id\":\"\"},\"headline\":\"Integrantes de UNICA exponen en Jornada de Gesti\u00f3n Universitaria\",\"datePublished\":\"2013-01-18T16:12:16+00:00\",\"dateModified\":\"2013-01-18T16:14:03+00:00\",\"mainEntityOfPage\":{\"@id\":\"https:\/\/medicina.udd.cl\/unidad-calidad\/noticias\/2013\/01\/18\/integrantes-de-unica-exponen-en-jornada-de-gestion-universitaria\/\"},\"wordCount\":288,\"commentCount\":0,\"image\":{\"@id\":\"https:\/\/medicina.udd.cl\/unidad-calidad\/noticias\/2013\/01\/18\/integrantes-de-unica-exponen-en-jornada-de-gestion-universitaria\/#primaryimage\"},\"thumbnailUrl\":\"http:\/\/medicina.udd.cl\/unidad-calidad\/files\/2013\/01\/unica-en-puc-300x224.jpg\",\"articleSection\":[\"Noticias\"],\"inLanguage\":\"es\",\"potentialAction\":[{\"@type\":\"CommentAction\",\"name\":\"Comment\",\"target\":[\"https:\/\/medicina.udd.cl\/unidad-calidad\/noticias\/2013\/01\/18\/integrantes-de-unica-exponen-en-jornada-de-gestion-universitaria\/#respond\"]}]},{\"@type\":\"WebPage\",\"@id\":\"https:\/\/medicina.udd.cl\/unidad-calidad\/noticias\/2013\/01\/18\/integrantes-de-unica-exponen-en-jornada-de-gestion-universitaria\/\",\"url\":\"https:\/\/medicina.udd.cl\/unidad-calidad\/noticias\/2013\/01\/18\/integrantes-de-unica-exponen-en-jornada-de-gestion-universitaria\/\",\"name\":\"Integrantes de UNICA exponen en Jornada de Gesti\u00f3n Universitaria - Unidad de Calidad (UNICA)\",\"isPartOf\":{\"@id\":\"https:\/\/medicina.udd.cl\/unidad-calidad\/#website\"},\"primaryImageOfPage\":{\"@id\":\"https:\/\/medicina.udd.cl\/unidad-calidad\/noticias\/2013\/01\/18\/integrantes-de-unica-exponen-en-jornada-de-gestion-universitaria\/#primaryimage\"},\"image\":{\"@id\":\"https:\/\/medicina.udd.cl\/unidad-calidad\/noticias\/2013\/01\/18\/integrantes-de-unica-exponen-en-jornada-de-gestion-universitaria\/#primaryimage\"},\"thumbnailUrl\":\"http:\/\/medicina.udd.cl\/unidad-calidad\/files\/2013\/01\/unica-en-puc-300x224.jpg\",\"datePublished\":\"2013-01-18T16:12:16+00:00\",\"dateModified\":\"2013-01-18T16:14:03+00:00\",\"author\":{\"@id\":\"\"},\"breadcrumb\":{\"@id\":\"https:\/\/medicina.udd.cl\/unidad-calidad\/noticias\/2013\/01\/18\/integrantes-de-unica-exponen-en-jornada-de-gestion-universitaria\/#breadcrumb\"},\"inLanguage\":\"es\",\"potentialAction\":[{\"@type\":\"ReadAction\",\"target\":[\"https:\/\/medicina.udd.cl\/unidad-calidad\/noticias\/2013\/01\/18\/integrantes-de-unica-exponen-en-jornada-de-gestion-universitaria\/\"]}]},{\"@type\":\"ImageObject\",\"inLanguage\":\"es\",\"@id\":\"https:\/\/medicina.udd.cl\/unidad-calidad\/noticias\/2013\/01\/18\/integrantes-de-unica-exponen-en-jornada-de-gestion-universitaria\/#primaryimage\",\"url\":\"https:\/\/medicina.udd.cl\/unidad-calidad\/files\/2013\/01\/unica-en-puc.jpg\",\"contentUrl\":\"https:\/\/medicina.udd.cl\/unidad-calidad\/files\/2013\/01\/unica-en-puc.jpg\",\"width\":640,\"height\":478},{\"@type\":\"BreadcrumbList\",\"@id\":\"https:\/\/medicina.udd.cl\/unidad-calidad\/noticias\/2013\/01\/18\/integrantes-de-unica-exponen-en-jornada-de-gestion-universitaria\/#breadcrumb\",\"itemListElement\":[{\"@type\":\"ListItem\",\"position\":1,\"name\":\"Home\",\"item\":\"https:\/\/medicina.udd.cl\/unidad-calidad\/\"},{\"@type\":\"ListItem\",\"position\":2,\"name\":\"Integrantes de UNICA exponen en Jornada de Gesti\u00f3n Universitaria\"}]},{\"@type\":\"WebSite\",\"@id\":\"https:\/\/medicina.udd.cl\/unidad-calidad\/#website\",\"url\":\"https:\/\/medicina.udd.cl\/unidad-calidad\/\",\"name\":\"Unidad de Calidad (UNICA)\",\"description\":\"Facultad de Medicina Cl\u00ednica Alemana Universidad del Desarrollo\",\"potentialAction\":[{\"@type\":\"SearchAction\",\"target\":{\"@type\":\"EntryPoint\",\"urlTemplate\":\"https:\/\/medicina.udd.cl\/unidad-calidad\/?s={search_term_string}\"},\"query-input\":{\"@type\":\"PropertyValueSpecification\",\"valueRequired\":true,\"valueName\":\"search_term_string\"}}],\"inLanguage\":\"es\"},{\"@type\":\"Person\",\"@id\":\"\",\"url\":\"https:\/\/medicina.udd.cl\/unidad-calidad\/noticias\/author\/\"}]}<\/script>\n<!-- \/ Yoast SEO plugin. -->","yoast_head_json":{"title":"Integrantes de UNICA exponen en Jornada de Gesti\u00f3n Universitaria  - Unidad de Calidad (UNICA)","robots":{"index":"index","follow":"follow","max-snippet":"max-snippet:-1","max-image-preview":"max-image-preview:large","max-video-preview":"max-video-preview:-1"},"canonical":"https:\/\/medicina.udd.cl\/unidad-calidad\/noticias\/2013\/01\/18\/integrantes-de-unica-exponen-en-jornada-de-gestion-universitaria\/","og_locale":"es_ES","og_type":"article","og_title":"Integrantes de UNICA exponen en Jornada de Gesti\u00f3n Universitaria  - Unidad de Calidad (UNICA)","og_description":"Adem\u00e1s, un grupo de representantes de la Unidad de Calidad asisti\u00f3 a la jornada para adquirir herramientas sobre la gesti\u00f3n de calidad en universidades.","og_url":"https:\/\/medicina.udd.cl\/unidad-calidad\/noticias\/2013\/01\/18\/integrantes-de-unica-exponen-en-jornada-de-gestion-universitaria\/","og_site_name":"Unidad de Calidad (UNICA)","article_published_time":"2013-01-18T16:12:16+00:00","article_modified_time":"2013-01-18T16:14:03+00:00","og_image":[{"url":"http:\/\/medicina.udd.cl\/unidad-calidad\/files\/2013\/01\/unica-en-puc-300x224.jpg","type":"","width":"","height":""}],"twitter_misc":{"Escrito por":"","Tiempo de lectura":"1 minuto"},"schema":{"@context":"https:\/\/schema.org","@graph":[{"@type":"Article","@id":"https:\/\/medicina.udd.cl\/unidad-calidad\/noticias\/2013\/01\/18\/integrantes-de-unica-exponen-en-jornada-de-gestion-universitaria\/#article","isPartOf":{"@id":"https:\/\/medicina.udd.cl\/unidad-calidad\/noticias\/2013\/01\/18\/integrantes-de-unica-exponen-en-jornada-de-gestion-universitaria\/"},"author":{"name":"","@id":""},"headline":"Integrantes de UNICA exponen en Jornada de Gesti\u00f3n Universitaria","datePublished":"2013-01-18T16:12:16+00:00","dateModified":"2013-01-18T16:14:03+00:00","mainEntityOfPage":{"@id":"https:\/\/medicina.udd.cl\/unidad-calidad\/noticias\/2013\/01\/18\/integrantes-de-unica-exponen-en-jornada-de-gestion-universitaria\/"},"wordCount":288,"commentCount":0,"image":{"@id":"https:\/\/medicina.udd.cl\/unidad-calidad\/noticias\/2013\/01\/18\/integrantes-de-unica-exponen-en-jornada-de-gestion-universitaria\/#primaryimage"},"thumbnailUrl":"http:\/\/medicina.udd.cl\/unidad-calidad\/files\/2013\/01\/unica-en-puc-300x224.jpg","articleSection":["Noticias"],"inLanguage":"es","potentialAction":[{"@type":"CommentAction","name":"Comment","target":["https:\/\/medicina.udd.cl\/unidad-calidad\/noticias\/2013\/01\/18\/integrantes-de-unica-exponen-en-jornada-de-gestion-universitaria\/#respond"]}]},{"@type":"WebPage","@id":"https:\/\/medicina.udd.cl\/unidad-calidad\/noticias\/2013\/01\/18\/integrantes-de-unica-exponen-en-jornada-de-gestion-universitaria\/","url":"https:\/\/medicina.udd.cl\/unidad-calidad\/noticias\/2013\/01\/18\/integrantes-de-unica-exponen-en-jornada-de-gestion-universitaria\/","name":"Integrantes de UNICA exponen en Jornada de Gesti\u00f3n Universitaria - Unidad de Calidad (UNICA)","isPartOf":{"@id":"https:\/\/medicina.udd.cl\/unidad-calidad\/#website"},"primaryImageOfPage":{"@id":"https:\/\/medicina.udd.cl\/unidad-calidad\/noticias\/2013\/01\/18\/integrantes-de-unica-exponen-en-jornada-de-gestion-universitaria\/#primaryimage"},"image":{"@id":"https:\/\/medicina.udd.cl\/unidad-calidad\/noticias\/2013\/01\/18\/integrantes-de-unica-exponen-en-jornada-de-gestion-universitaria\/#primaryimage"},"thumbnailUrl":"http:\/\/medicina.udd.cl\/unidad-calidad\/files\/2013\/01\/unica-en-puc-300x224.jpg","datePublished":"2013-01-18T16:12:16+00:00","dateModified":"2013-01-18T16:14:03+00:00","author":{"@id":""},"breadcrumb":{"@id":"https:\/\/medicina.udd.cl\/unidad-calidad\/noticias\/2013\/01\/18\/integrantes-de-unica-exponen-en-jornada-de-gestion-universitaria\/#breadcrumb"},"inLanguage":"es","potentialAction":[{"@type":"ReadAction","target":["https:\/\/medicina.udd.cl\/unidad-calidad\/noticias\/2013\/01\/18\/integrantes-de-unica-exponen-en-jornada-de-gestion-universitaria\/"]}]},{"@type":"ImageObject","inLanguage":"es","@id":"https:\/\/medicina.udd.cl\/unidad-calidad\/noticias\/2013\/01\/18\/integrantes-de-unica-exponen-en-jornada-de-gestion-universitaria\/#primaryimage","url":"https:\/\/medicina.udd.cl\/unidad-calidad\/files\/2013\/01\/unica-en-puc.jpg","contentUrl":"https:\/\/medicina.udd.cl\/unidad-calidad\/files\/2013\/01\/unica-en-puc.jpg","width":640,"height":478},{"@type":"BreadcrumbList","@id":"https:\/\/medicina.udd.cl\/unidad-calidad\/noticias\/2013\/01\/18\/integrantes-de-unica-exponen-en-jornada-de-gestion-universitaria\/#breadcrumb","itemListElement":[{"@type":"ListItem","position":1,"name":"Home","item":"https:\/\/medicina.udd.cl\/unidad-calidad\/"},{"@type":"ListItem","position":2,"name":"Integrantes de UNICA exponen en Jornada de Gesti\u00f3n Universitaria"}]},{"@type":"WebSite","@id":"https:\/\/medicina.udd.cl\/unidad-calidad\/#website","url":"https:\/\/medicina.udd.cl\/unidad-calidad\/","name":"Unidad de Calidad (UNICA)","description":"Facultad de Medicina Cl\u00ednica Alemana Universidad del Desarrollo","potentialAction":[{"@type":"SearchAction","target":{"@type":"EntryPoint","urlTemplate":"https:\/\/medicina.udd.cl\/unidad-calidad\/?s={search_term_string}"},"query-input":{"@type":"PropertyValueSpecification","valueRequired":true,"valueName":"search_term_string"}}],"inLanguage":"es"},{"@type":"Person","@id":"","url":"https:\/\/medicina.udd.cl\/unidad-calidad\/noticias\/author\/"}]}},"_links":{"self":[{"href":"https:\/\/medicina.udd.cl\/unidad-calidad\/wp-json\/wp\/v2\/posts\/212","targetHints":{"allow":["GET"]}}],"collection":[{"href":"https:\/\/medicina.udd.cl\/unidad-calidad\/wp-json\/wp\/v2\/posts"}],"about":[{"href":"https:\/\/medicina.udd.cl\/unidad-calidad\/wp-json\/wp\/v2\/types\/post"}],"author":[{"embeddable":true,"href":"https:\/\/medicina.udd.cl\/unidad-calidad\/wp-json\/wp\/v2\/users\/26"}],"replies":[{"embeddable":true,"href":"https:\/\/medicina.udd.cl\/unidad-calidad\/wp-json\/wp\/v2\/comments?post=212"}],"version-history":[{"count":2,"href":"https:\/\/medicina.udd.cl\/unidad-calidad\/wp-json\/wp\/v2\/posts\/212\/revisions"}],"predecessor-version":[{"id":215,"href":"https:\/\/medicina.udd.cl\/unidad-calidad\/wp-json\/wp\/v2\/posts\/212\/revisions\/215"}],"wp:attachment":[{"href":"https:\/\/medicina.udd.cl\/unidad-calidad\/wp-json\/wp\/v2\/media?parent=212"}],"wp:term":[{"taxonomy":"category","embeddable":true,"href":"https:\/\/medicina.udd.cl\/unidad-calidad\/wp-json\/wp\/v2\/categories?post=212"},{"taxonomy":"post_tag","embeddable":true,"href":"https:\/\/medicina.udd.cl\/unidad-calidad\/wp-json\/wp\/v2\/tags?post=212"}],"curies":[{"name":"wp","href":"https:\/\/api.w.org\/{rel}","templated":true}]}}