{"id":449,"date":"2013-09-05T09:42:18","date_gmt":"2013-09-05T13:42:18","guid":{"rendered":"http:\/\/medicina.udd.cl\/unidad-calidad\/?p=449"},"modified":"2013-09-13T12:51:27","modified_gmt":"2013-09-13T16:51:27","slug":"cada-uno-de-nosotros-es-un-agente-activo-de-los-procesos-que-subyacen-la-formacion-de-profesionales-de-excelencia","status":"publish","type":"post","link":"https:\/\/medicina.udd.cl\/unidad-calidad\/noticias\/2013\/09\/05\/cada-uno-de-nosotros-es-un-agente-activo-de-los-procesos-que-subyacen-la-formacion-de-profesionales-de-excelencia\/","title":{"rendered":"\u201cCada uno de nosotros es un agente activo en los procesos de la formaci\u00f3n de profesionales de excelencia\u201d"},"content":{"rendered":"<p style=\"text-align: center\"><a href=\"http:\/\/medicina.udd.cl\/unidad-calidad\/files\/2011\/06\/ivan-castillo-e1378500344887.jpg\"><img loading=\"lazy\" decoding=\"async\" class=\" wp-image-57 aligncenter\" alt=\"ivan castillo\" src=\"http:\/\/medicina.udd.cl\/unidad-calidad\/files\/2011\/06\/ivan-castillo-e1378500344887-300x253.jpg\" width=\"270\" height=\"228\" srcset=\"https:\/\/medicina.udd.cl\/unidad-calidad\/files\/2011\/06\/ivan-castillo-e1378500344887-300x253.jpg 300w, https:\/\/medicina.udd.cl\/unidad-calidad\/files\/2011\/06\/ivan-castillo-e1378500344887-768x648.jpg 768w, https:\/\/medicina.udd.cl\/unidad-calidad\/files\/2011\/06\/ivan-castillo-e1378500344887-1024x864.jpg 1024w, https:\/\/medicina.udd.cl\/unidad-calidad\/files\/2011\/06\/ivan-castillo-e1378500344887-960x810.jpg 960w, https:\/\/medicina.udd.cl\/unidad-calidad\/files\/2011\/06\/ivan-castillo-e1378500344887.jpg 1516w\" sizes=\"auto, (max-width: 270px) 100vw, 270px\" \/><\/a><\/p>\n<p>Incorporarme al cuerpo docente de la <a href=\"http:\/\/medicina.udd.cl\/fonoaudiologia-santiago\/\">carrera de Fonoaudiolog\u00eda<\/a> de la <a href=\"http:\/\/medicina.udd.cl\/\">Facultad de Medicina Cl\u00ednica Alemana Universidad del Desarrollo<\/a> sin duda <strong>fue un grato descubrimiento en lo referido al trabajo \u201cpor y para\u201d los estudiantes<\/strong>. Conocer la forma de trabajo e inter\u00e9s genuino por el aprendizaje de los estudiantes me llev\u00f3 a aceptar con tranquilidad y confianza el desaf\u00edo de pertenecer como Coordinador del \u00c1rea de Habla para la carrera. Junto con este reto se gener\u00f3 mi participaci\u00f3n como docente en la <a href=\"http:\/\/medicina.udd.cl\/unidad-calidad\/\">Unidad de Calidad<\/a>\u00a0(UNICA) de la Facultad.<\/p>\n<p>Entender que <strong>CALIDAD es un t\u00e9rmino vital en la formaci\u00f3n de profesionales de la salud<\/strong> ha sido un concepto que claramente ha marcado mi participaci\u00f3n en Fonoaudiolog\u00eda UDD, entendiendo adem\u00e1s que <strong>cada uno de nosotros es un agente activo de los procesos que subyacen la formaci\u00f3n de profesionales de excelencia<\/strong>. Comprender la importancia de la coherencia entre cada uno de los aspectos declarados y llevados a la pr\u00e1ctica creo que es fundamental para toda instituci\u00f3n. Participar en UNICA ha sido una muy grata forma de confirmar que la Facultad de Medicina CAS-UDD tiene una l\u00ednea clara, seria y responsable de actuar para que cada uno de estos procesos se lleve a cabo.<\/p>\n<p>En ese mismo sentido participar en las <a href=\"http:\/\/summit.uc.cl\/gestionuniversitaria\/#\" target=\"_blank\">IX Jornadas de Gesti\u00f3n de Educaci\u00f3n Superior<\/a> \u00a0(Summit \u00a0Internacional de Educaci\u00f3n) organizado por la Universidad Cat\u00f3lica en enero de este a\u00f1o, me permiti\u00f3 conocer las realidades de otras casas de estudio, tanto en nuestro pa\u00eds como a nivel internacional, confirmando que <strong>UNICA se encuentra a la vanguardia en la instauraci\u00f3n de pol\u00edticas de calidad en la Facultad de Medicina.<\/strong><\/p>\n<p>Se genera a partir de esas experiencias la necesidad de transmitir esta informaci\u00f3n a todo el equipo de directivos y docentes de la carrera de Fonoaudiolog\u00eda UDD con el fin \u00faltimo de ser un aporte para la sociedad formando profesionales competentes de excelencia.<\/p>\n<p style=\"text-align: center\">\u00a0<a href=\"http:\/\/medicina.udd.cl\/unidad-calidad\/files\/2013\/09\/summit.jpg\"><img loading=\"lazy\" decoding=\"async\" class=\"size-thumbnail wp-image-478 aligncenter\" alt=\"summit\" src=\"http:\/\/medicina.udd.cl\/unidad-calidad\/files\/2013\/09\/summit-150x150.jpg\" width=\"150\" height=\"150\" srcset=\"https:\/\/medicina.udd.cl\/unidad-calidad\/files\/2013\/09\/summit-150x150.jpg 150w, https:\/\/medicina.udd.cl\/unidad-calidad\/files\/2013\/09\/summit-62x62.jpg 62w, https:\/\/medicina.udd.cl\/unidad-calidad\/files\/2013\/09\/summit-300x300.jpg 300w, https:\/\/medicina.udd.cl\/unidad-calidad\/files\/2013\/09\/summit-126x126.jpg 126w\" sizes=\"auto, (max-width: 150px) 100vw, 150px\" \/><\/a><\/p>\n","protected":false},"excerpt":{"rendered":"<p>Iv\u00e1n Castillo nos cuenta lo que significa para \u00e9l formar parte del equipo de Gesti\u00f3n de Calidad.<\/p>\n","protected":false},"author":38,"featured_media":0,"comment_status":"open","ping_status":"open","sticky":false,"template":"","format":"standard","meta":{"footnotes":""},"categories":[4],"tags":[13,4010,3105,3104,4631],"class_list":["post-449","post","type-post","status-publish","format-standard","hentry","category-noticias","tag-facultad-de-medicina","tag-fm-cas-udd","tag-fonoaudiologia","tag-udd","tag-unidad-de-calidad"],"yoast_head":"<!-- This site is optimized with the Yoast SEO plugin v26.9 - https:\/\/yoast.com\/product\/yoast-seo-wordpress\/ -->\n<title>Cada uno es agente activo en los procesos de formaci\u00f3n de excelencia<\/title>\n<meta name=\"robots\" content=\"index, follow, max-snippet:-1, max-image-preview:large, max-video-preview:-1\" \/>\n<link rel=\"canonical\" href=\"https:\/\/medicina.udd.cl\/unidad-calidad\/noticias\/2013\/09\/05\/cada-uno-de-nosotros-es-un-agente-activo-de-los-procesos-que-subyacen-la-formacion-de-profesionales-de-excelencia\/\" \/>\n<meta property=\"og:locale\" content=\"es_ES\" \/>\n<meta property=\"og:type\" content=\"article\" \/>\n<meta property=\"og:title\" content=\"Cada uno es agente activo en los procesos de formaci\u00f3n de excelencia\" \/>\n<meta property=\"og:description\" content=\"Iv\u00e1n Castillo nos cuenta lo que significa para \u00e9l formar parte del equipo de Gesti\u00f3n de Calidad.\" \/>\n<meta property=\"og:url\" content=\"https:\/\/medicina.udd.cl\/unidad-calidad\/noticias\/2013\/09\/05\/cada-uno-de-nosotros-es-un-agente-activo-de-los-procesos-que-subyacen-la-formacion-de-profesionales-de-excelencia\/\" \/>\n<meta property=\"og:site_name\" content=\"Unidad de Calidad (UNICA)\" \/>\n<meta property=\"article:published_time\" content=\"2013-09-05T13:42:18+00:00\" \/>\n<meta property=\"article:modified_time\" content=\"2013-09-13T16:51:27+00:00\" \/>\n<meta property=\"og:image\" content=\"http:\/\/medicina.udd.cl\/unidad-calidad\/files\/2011\/06\/ivan-castillo-e1378500344887-300x253.jpg\" \/>\n<meta name=\"twitter:label1\" content=\"Escrito por\" \/>\n\t<meta name=\"twitter:data1\" content=\"\" \/>\n\t<meta name=\"twitter:label2\" content=\"Tiempo de lectura\" \/>\n\t<meta name=\"twitter:data2\" content=\"2 minutos\" \/>\n<script type=\"application\/ld+json\" class=\"yoast-schema-graph\">{\"@context\":\"https:\/\/schema.org\",\"@graph\":[{\"@type\":\"Article\",\"@id\":\"https:\/\/medicina.udd.cl\/unidad-calidad\/noticias\/2013\/09\/05\/cada-uno-de-nosotros-es-un-agente-activo-de-los-procesos-que-subyacen-la-formacion-de-profesionales-de-excelencia\/#article\",\"isPartOf\":{\"@id\":\"https:\/\/medicina.udd.cl\/unidad-calidad\/noticias\/2013\/09\/05\/cada-uno-de-nosotros-es-un-agente-activo-de-los-procesos-que-subyacen-la-formacion-de-profesionales-de-excelencia\/\"},\"author\":{\"name\":\"\",\"@id\":\"\"},\"headline\":\"\u201cCada uno de nosotros es un agente activo en los procesos de la formaci\u00f3n de profesionales de excelencia\u201d\",\"datePublished\":\"2013-09-05T13:42:18+00:00\",\"dateModified\":\"2013-09-13T16:51:27+00:00\",\"mainEntityOfPage\":{\"@id\":\"https:\/\/medicina.udd.cl\/unidad-calidad\/noticias\/2013\/09\/05\/cada-uno-de-nosotros-es-un-agente-activo-de-los-procesos-que-subyacen-la-formacion-de-profesionales-de-excelencia\/\"},\"wordCount\":353,\"commentCount\":0,\"image\":{\"@id\":\"https:\/\/medicina.udd.cl\/unidad-calidad\/noticias\/2013\/09\/05\/cada-uno-de-nosotros-es-un-agente-activo-de-los-procesos-que-subyacen-la-formacion-de-profesionales-de-excelencia\/#primaryimage\"},\"thumbnailUrl\":\"http:\/\/medicina.udd.cl\/unidad-calidad\/files\/2011\/06\/ivan-castillo-e1378500344887-300x253.jpg\",\"keywords\":[\"facultad de medicina\",\"fm cas udd\",\"fonoaudiolog\u00eda\",\"udd\",\"unidad de calidad\"],\"articleSection\":[\"Noticias\"],\"inLanguage\":\"es\",\"potentialAction\":[{\"@type\":\"CommentAction\",\"name\":\"Comment\",\"target\":[\"https:\/\/medicina.udd.cl\/unidad-calidad\/noticias\/2013\/09\/05\/cada-uno-de-nosotros-es-un-agente-activo-de-los-procesos-que-subyacen-la-formacion-de-profesionales-de-excelencia\/#respond\"]}]},{\"@type\":\"WebPage\",\"@id\":\"https:\/\/medicina.udd.cl\/unidad-calidad\/noticias\/2013\/09\/05\/cada-uno-de-nosotros-es-un-agente-activo-de-los-procesos-que-subyacen-la-formacion-de-profesionales-de-excelencia\/\",\"url\":\"https:\/\/medicina.udd.cl\/unidad-calidad\/noticias\/2013\/09\/05\/cada-uno-de-nosotros-es-un-agente-activo-de-los-procesos-que-subyacen-la-formacion-de-profesionales-de-excelencia\/\",\"name\":\"Cada uno es agente activo en los procesos de formaci\u00f3n de excelencia\",\"isPartOf\":{\"@id\":\"https:\/\/medicina.udd.cl\/unidad-calidad\/#website\"},\"primaryImageOfPage\":{\"@id\":\"https:\/\/medicina.udd.cl\/unidad-calidad\/noticias\/2013\/09\/05\/cada-uno-de-nosotros-es-un-agente-activo-de-los-procesos-que-subyacen-la-formacion-de-profesionales-de-excelencia\/#primaryimage\"},\"image\":{\"@id\":\"https:\/\/medicina.udd.cl\/unidad-calidad\/noticias\/2013\/09\/05\/cada-uno-de-nosotros-es-un-agente-activo-de-los-procesos-que-subyacen-la-formacion-de-profesionales-de-excelencia\/#primaryimage\"},\"thumbnailUrl\":\"http:\/\/medicina.udd.cl\/unidad-calidad\/files\/2011\/06\/ivan-castillo-e1378500344887-300x253.jpg\",\"datePublished\":\"2013-09-05T13:42:18+00:00\",\"dateModified\":\"2013-09-13T16:51:27+00:00\",\"author\":{\"@id\":\"\"},\"breadcrumb\":{\"@id\":\"https:\/\/medicina.udd.cl\/unidad-calidad\/noticias\/2013\/09\/05\/cada-uno-de-nosotros-es-un-agente-activo-de-los-procesos-que-subyacen-la-formacion-de-profesionales-de-excelencia\/#breadcrumb\"},\"inLanguage\":\"es\",\"potentialAction\":[{\"@type\":\"ReadAction\",\"target\":[\"https:\/\/medicina.udd.cl\/unidad-calidad\/noticias\/2013\/09\/05\/cada-uno-de-nosotros-es-un-agente-activo-de-los-procesos-que-subyacen-la-formacion-de-profesionales-de-excelencia\/\"]}]},{\"@type\":\"ImageObject\",\"inLanguage\":\"es\",\"@id\":\"https:\/\/medicina.udd.cl\/unidad-calidad\/noticias\/2013\/09\/05\/cada-uno-de-nosotros-es-un-agente-activo-de-los-procesos-que-subyacen-la-formacion-de-profesionales-de-excelencia\/#primaryimage\",\"url\":\"https:\/\/medicina.udd.cl\/unidad-calidad\/files\/2011\/06\/ivan-castillo-e1378500344887.jpg\",\"contentUrl\":\"https:\/\/medicina.udd.cl\/unidad-calidad\/files\/2011\/06\/ivan-castillo-e1378500344887.jpg\",\"width\":1516,\"height\":1279},{\"@type\":\"BreadcrumbList\",\"@id\":\"https:\/\/medicina.udd.cl\/unidad-calidad\/noticias\/2013\/09\/05\/cada-uno-de-nosotros-es-un-agente-activo-de-los-procesos-que-subyacen-la-formacion-de-profesionales-de-excelencia\/#breadcrumb\",\"itemListElement\":[{\"@type\":\"ListItem\",\"position\":1,\"name\":\"Home\",\"item\":\"https:\/\/medicina.udd.cl\/unidad-calidad\/\"},{\"@type\":\"ListItem\",\"position\":2,\"name\":\"\u201cCada uno de nosotros es un agente activo en los procesos de la formaci\u00f3n de profesionales de excelencia\u201d\"}]},{\"@type\":\"WebSite\",\"@id\":\"https:\/\/medicina.udd.cl\/unidad-calidad\/#website\",\"url\":\"https:\/\/medicina.udd.cl\/unidad-calidad\/\",\"name\":\"Unidad de Calidad (UNICA)\",\"description\":\"Facultad de Medicina Cl\u00ednica Alemana Universidad del Desarrollo\",\"potentialAction\":[{\"@type\":\"SearchAction\",\"target\":{\"@type\":\"EntryPoint\",\"urlTemplate\":\"https:\/\/medicina.udd.cl\/unidad-calidad\/?s={search_term_string}\"},\"query-input\":{\"@type\":\"PropertyValueSpecification\",\"valueRequired\":true,\"valueName\":\"search_term_string\"}}],\"inLanguage\":\"es\"},{\"@type\":\"Person\",\"@id\":\"\",\"url\":\"https:\/\/medicina.udd.cl\/unidad-calidad\/noticias\/author\/\"}]}<\/script>\n<!-- \/ Yoast SEO plugin. -->","yoast_head_json":{"title":"Cada uno es agente activo en los procesos de formaci\u00f3n de excelencia","robots":{"index":"index","follow":"follow","max-snippet":"max-snippet:-1","max-image-preview":"max-image-preview:large","max-video-preview":"max-video-preview:-1"},"canonical":"https:\/\/medicina.udd.cl\/unidad-calidad\/noticias\/2013\/09\/05\/cada-uno-de-nosotros-es-un-agente-activo-de-los-procesos-que-subyacen-la-formacion-de-profesionales-de-excelencia\/","og_locale":"es_ES","og_type":"article","og_title":"Cada uno es agente activo en los procesos de formaci\u00f3n de excelencia","og_description":"Iv\u00e1n Castillo nos cuenta lo que significa para \u00e9l formar parte del equipo de Gesti\u00f3n de Calidad.","og_url":"https:\/\/medicina.udd.cl\/unidad-calidad\/noticias\/2013\/09\/05\/cada-uno-de-nosotros-es-un-agente-activo-de-los-procesos-que-subyacen-la-formacion-de-profesionales-de-excelencia\/","og_site_name":"Unidad de Calidad (UNICA)","article_published_time":"2013-09-05T13:42:18+00:00","article_modified_time":"2013-09-13T16:51:27+00:00","og_image":[{"url":"http:\/\/medicina.udd.cl\/unidad-calidad\/files\/2011\/06\/ivan-castillo-e1378500344887-300x253.jpg","type":"","width":"","height":""}],"twitter_misc":{"Escrito por":"","Tiempo de lectura":"2 minutos"},"schema":{"@context":"https:\/\/schema.org","@graph":[{"@type":"Article","@id":"https:\/\/medicina.udd.cl\/unidad-calidad\/noticias\/2013\/09\/05\/cada-uno-de-nosotros-es-un-agente-activo-de-los-procesos-que-subyacen-la-formacion-de-profesionales-de-excelencia\/#article","isPartOf":{"@id":"https:\/\/medicina.udd.cl\/unidad-calidad\/noticias\/2013\/09\/05\/cada-uno-de-nosotros-es-un-agente-activo-de-los-procesos-que-subyacen-la-formacion-de-profesionales-de-excelencia\/"},"author":{"name":"","@id":""},"headline":"\u201cCada uno de nosotros es un agente activo en los procesos de la formaci\u00f3n de profesionales de excelencia\u201d","datePublished":"2013-09-05T13:42:18+00:00","dateModified":"2013-09-13T16:51:27+00:00","mainEntityOfPage":{"@id":"https:\/\/medicina.udd.cl\/unidad-calidad\/noticias\/2013\/09\/05\/cada-uno-de-nosotros-es-un-agente-activo-de-los-procesos-que-subyacen-la-formacion-de-profesionales-de-excelencia\/"},"wordCount":353,"commentCount":0,"image":{"@id":"https:\/\/medicina.udd.cl\/unidad-calidad\/noticias\/2013\/09\/05\/cada-uno-de-nosotros-es-un-agente-activo-de-los-procesos-que-subyacen-la-formacion-de-profesionales-de-excelencia\/#primaryimage"},"thumbnailUrl":"http:\/\/medicina.udd.cl\/unidad-calidad\/files\/2011\/06\/ivan-castillo-e1378500344887-300x253.jpg","keywords":["facultad de medicina","fm cas udd","fonoaudiolog\u00eda","udd","unidad de calidad"],"articleSection":["Noticias"],"inLanguage":"es","potentialAction":[{"@type":"CommentAction","name":"Comment","target":["https:\/\/medicina.udd.cl\/unidad-calidad\/noticias\/2013\/09\/05\/cada-uno-de-nosotros-es-un-agente-activo-de-los-procesos-que-subyacen-la-formacion-de-profesionales-de-excelencia\/#respond"]}]},{"@type":"WebPage","@id":"https:\/\/medicina.udd.cl\/unidad-calidad\/noticias\/2013\/09\/05\/cada-uno-de-nosotros-es-un-agente-activo-de-los-procesos-que-subyacen-la-formacion-de-profesionales-de-excelencia\/","url":"https:\/\/medicina.udd.cl\/unidad-calidad\/noticias\/2013\/09\/05\/cada-uno-de-nosotros-es-un-agente-activo-de-los-procesos-que-subyacen-la-formacion-de-profesionales-de-excelencia\/","name":"Cada uno es agente activo en los procesos de formaci\u00f3n de excelencia","isPartOf":{"@id":"https:\/\/medicina.udd.cl\/unidad-calidad\/#website"},"primaryImageOfPage":{"@id":"https:\/\/medicina.udd.cl\/unidad-calidad\/noticias\/2013\/09\/05\/cada-uno-de-nosotros-es-un-agente-activo-de-los-procesos-que-subyacen-la-formacion-de-profesionales-de-excelencia\/#primaryimage"},"image":{"@id":"https:\/\/medicina.udd.cl\/unidad-calidad\/noticias\/2013\/09\/05\/cada-uno-de-nosotros-es-un-agente-activo-de-los-procesos-que-subyacen-la-formacion-de-profesionales-de-excelencia\/#primaryimage"},"thumbnailUrl":"http:\/\/medicina.udd.cl\/unidad-calidad\/files\/2011\/06\/ivan-castillo-e1378500344887-300x253.jpg","datePublished":"2013-09-05T13:42:18+00:00","dateModified":"2013-09-13T16:51:27+00:00","author":{"@id":""},"breadcrumb":{"@id":"https:\/\/medicina.udd.cl\/unidad-calidad\/noticias\/2013\/09\/05\/cada-uno-de-nosotros-es-un-agente-activo-de-los-procesos-que-subyacen-la-formacion-de-profesionales-de-excelencia\/#breadcrumb"},"inLanguage":"es","potentialAction":[{"@type":"ReadAction","target":["https:\/\/medicina.udd.cl\/unidad-calidad\/noticias\/2013\/09\/05\/cada-uno-de-nosotros-es-un-agente-activo-de-los-procesos-que-subyacen-la-formacion-de-profesionales-de-excelencia\/"]}]},{"@type":"ImageObject","inLanguage":"es","@id":"https:\/\/medicina.udd.cl\/unidad-calidad\/noticias\/2013\/09\/05\/cada-uno-de-nosotros-es-un-agente-activo-de-los-procesos-que-subyacen-la-formacion-de-profesionales-de-excelencia\/#primaryimage","url":"https:\/\/medicina.udd.cl\/unidad-calidad\/files\/2011\/06\/ivan-castillo-e1378500344887.jpg","contentUrl":"https:\/\/medicina.udd.cl\/unidad-calidad\/files\/2011\/06\/ivan-castillo-e1378500344887.jpg","width":1516,"height":1279},{"@type":"BreadcrumbList","@id":"https:\/\/medicina.udd.cl\/unidad-calidad\/noticias\/2013\/09\/05\/cada-uno-de-nosotros-es-un-agente-activo-de-los-procesos-que-subyacen-la-formacion-de-profesionales-de-excelencia\/#breadcrumb","itemListElement":[{"@type":"ListItem","position":1,"name":"Home","item":"https:\/\/medicina.udd.cl\/unidad-calidad\/"},{"@type":"ListItem","position":2,"name":"\u201cCada uno de nosotros es un agente activo en los procesos de la formaci\u00f3n de profesionales de excelencia\u201d"}]},{"@type":"WebSite","@id":"https:\/\/medicina.udd.cl\/unidad-calidad\/#website","url":"https:\/\/medicina.udd.cl\/unidad-calidad\/","name":"Unidad de Calidad (UNICA)","description":"Facultad de Medicina Cl\u00ednica Alemana Universidad del Desarrollo","potentialAction":[{"@type":"SearchAction","target":{"@type":"EntryPoint","urlTemplate":"https:\/\/medicina.udd.cl\/unidad-calidad\/?s={search_term_string}"},"query-input":{"@type":"PropertyValueSpecification","valueRequired":true,"valueName":"search_term_string"}}],"inLanguage":"es"},{"@type":"Person","@id":"","url":"https:\/\/medicina.udd.cl\/unidad-calidad\/noticias\/author\/"}]}},"_links":{"self":[{"href":"https:\/\/medicina.udd.cl\/unidad-calidad\/wp-json\/wp\/v2\/posts\/449","targetHints":{"allow":["GET"]}}],"collection":[{"href":"https:\/\/medicina.udd.cl\/unidad-calidad\/wp-json\/wp\/v2\/posts"}],"about":[{"href":"https:\/\/medicina.udd.cl\/unidad-calidad\/wp-json\/wp\/v2\/types\/post"}],"author":[{"embeddable":true,"href":"https:\/\/medicina.udd.cl\/unidad-calidad\/wp-json\/wp\/v2\/users\/38"}],"replies":[{"embeddable":true,"href":"https:\/\/medicina.udd.cl\/unidad-calidad\/wp-json\/wp\/v2\/comments?post=449"}],"version-history":[{"count":31,"href":"https:\/\/medicina.udd.cl\/unidad-calidad\/wp-json\/wp\/v2\/posts\/449\/revisions"}],"predecessor-version":[{"id":586,"href":"https:\/\/medicina.udd.cl\/unidad-calidad\/wp-json\/wp\/v2\/posts\/449\/revisions\/586"}],"wp:attachment":[{"href":"https:\/\/medicina.udd.cl\/unidad-calidad\/wp-json\/wp\/v2\/media?parent=449"}],"wp:term":[{"taxonomy":"category","embeddable":true,"href":"https:\/\/medicina.udd.cl\/unidad-calidad\/wp-json\/wp\/v2\/categories?post=449"},{"taxonomy":"post_tag","embeddable":true,"href":"https:\/\/medicina.udd.cl\/unidad-calidad\/wp-json\/wp\/v2\/tags?post=449"}],"curies":[{"name":"wp","href":"https:\/\/api.w.org\/{rel}","templated":true}]}}