{"id":581,"date":"2013-09-13T11:37:32","date_gmt":"2013-09-13T15:37:32","guid":{"rendered":"http:\/\/medicina.udd.cl\/unidad-calidad\/?p=581"},"modified":"2013-09-13T11:37:32","modified_gmt":"2013-09-13T15:37:32","slug":"facultad-de-medicina-cuenta-con-nuevo-reglamento-de-carrera-academica","status":"publish","type":"post","link":"https:\/\/medicina.udd.cl\/unidad-calidad\/noticias\/2013\/09\/13\/facultad-de-medicina-cuenta-con-nuevo-reglamento-de-carrera-academica\/","title":{"rendered":"Facultad de Medicina cuenta con nuevo Reglamento de Carrera Acad\u00e9mica"},"content":{"rendered":"<div class=\"gallery gallery-post\" id=\"gallery-581-1\"><div class=\"gallery-post-feature gallery-item\"><\/div><div class=\"gallery-carousel\"><div id=\"nav-post-gallery-gallery-581-1\" class=\"crsl-nav\"><a href=\"#\" class=\"previous icon icon-caret-left\"><\/a><a href=\"#\" class=\"next icon icon-caret-right\"><\/a><\/div><div id=\"post-gallery-gallery-581-1\" class=\"crsl-items\" data-navigation=\"nav-post-gallery-gallery-581-1\" data-crsl='{ \"visible\": 4, \"itemMargin\": 10 }'><div class=\"crsl-wrap\"><figure class=\"gallery-item crsl-item crsl-active\"><a href=\"https:\/\/medicina.udd.cl\/unidad-calidad\/files\/2013\/09\/Presentaci\u00f3n-de-Katherine-Mar\u00edn-660x430.jpg\" title=\"Presentaci\u00f3n de Katherine Mar\u00edn\" class=\"gallery-thumb\" id=\"thumbnail-577-0\" data-full-url=\"https:\/\/medicina.udd.cl\/unidad-calidad\/files\/2013\/09\/Presentaci\u00f3n-de-Katherine-Mar\u00edn.jpg\"><img decoding=\"async\" src=\"https:\/\/medicina.udd.cl\/unidad-calidad\/files\/2013\/09\/Presentaci\u00f3n-de-Katherine-Mar\u00edn-125x80.jpg\" class=\"full-width\" alt=\"Presentaci\u00f3n de Katherine Mar\u00edn\"><\/a><\/figure><figure class=\"gallery-item crsl-item\"><a href=\"https:\/\/medicina.udd.cl\/unidad-calidad\/files\/2013\/09\/Seminario-Acad\u00e9mico-660x430.jpg\" title=\"Seminario Acad\u00e9mico\" class=\"gallery-thumb\" id=\"thumbnail-578-1\" data-full-url=\"https:\/\/medicina.udd.cl\/unidad-calidad\/files\/2013\/09\/Seminario-Acad\u00e9mico.jpg\"><img decoding=\"async\" src=\"https:\/\/medicina.udd.cl\/unidad-calidad\/files\/2013\/09\/Seminario-Acad\u00e9mico-125x80.jpg\" class=\"full-width\" alt=\"Seminario Acad\u00e9mico\"><\/a><\/figure><\/div><\/div><\/div><\/div>\n<p>En el contexto de los seminarios acad\u00e9micos, la directora de la Unidad de Calidad (UNICA) Katherine Mar\u00edn, present\u00f3 a los docentes dos proyectos medulares para la Facultad de Medicina CAS-UDD. Se trata de la Evaluaci\u00f3n de Desempe\u00f1o del Cuerpo Acad\u00e9mico y del nuevo Reglamento de Carrera Acad\u00e9mica.<\/p>\n<p>1. Evaluaci\u00f3n de Desempe\u00f1o<\/p>\n<p>Esta iniciativa busca promover una cultura de logros y metas entre los docentes de las 7 carreras, a trav\u00e9s de tres l\u00edneas de acci\u00f3n: mejorar la comunicaci\u00f3n al interior de la Facultad, alinear las distintas estructuras con la misi\u00f3n de la Facultad e implementar un sistema de medici\u00f3n centrado en metas de desempe\u00f1o.<\/p>\n<p>Con este proyecto se busca dimensionar el quehacer de los acad\u00e9micos, a trav\u00e9s de sus logros desde la perspectiva de la docencia. Este sistema estar\u00e1 disponible on line y ser\u00e1 implementado a partir de octubre 2013.<\/p>\n<p>2. Reglamento de Carrera Acad\u00e9mica<\/p>\n<p>Se trata de una actualizaci\u00f3n del existente desde el a\u00f1o 2005, y fue elaborado por una comisi\u00f3n compuesta por la Vicedecana de Carreras de la Salud, doctora Liliana Jadue; el Vicedecano de Investigaci\u00f3n, doctor Jorge Urz\u00faa; la Coordinadora Acad\u00e9mica de Medicina, doctora Olivia Trucco, y la Directora de la Unidad de Calidad, kinesi\u00f3loga Katherine Mar\u00edn.<\/p>\n<p>El nuevo reglamento recoge los lineamientos UDD en esta materia, pero a su vez se hace cargo del contexto y realidad actual de la Facultad, planteando un sistema de jerarquizaci\u00f3n de los grados acad\u00e9micos.<\/p>\n<p>La Comisi\u00f3n de Calificaci\u00f3n comenzar\u00e1 a trabajar en la nueva jerarquizaci\u00f3n a fines de septiembre.<\/p>\n","protected":false},"excerpt":{"rendered":"<p>Documento fue presentado por la Unidad de Calidad, junto al sistema de evaluaci\u00f3n de desempe\u00f1o de acad\u00e9micos.<\/p>\n","protected":false},"author":40,"featured_media":577,"comment_status":"open","ping_status":"open","sticky":false,"template":"","format":"standard","meta":{"footnotes":""},"categories":[4],"tags":[],"class_list":["post-581","post","type-post","status-publish","format-standard","has-post-thumbnail","hentry","category-noticias"],"yoast_head":"<!-- This site is optimized with the Yoast SEO plugin v26.9 - https:\/\/yoast.com\/product\/yoast-seo-wordpress\/ -->\n<title>Facultad de Medicina cuenta con nuevo Reglamento de Carrera Acad\u00e9mica - Unidad de Calidad (UNICA)<\/title>\n<meta name=\"robots\" content=\"index, follow, max-snippet:-1, max-image-preview:large, max-video-preview:-1\" \/>\n<link rel=\"canonical\" href=\"https:\/\/medicina.udd.cl\/unidad-calidad\/noticias\/2013\/09\/13\/facultad-de-medicina-cuenta-con-nuevo-reglamento-de-carrera-academica\/\" \/>\n<meta property=\"og:locale\" content=\"es_ES\" \/>\n<meta property=\"og:type\" content=\"article\" \/>\n<meta property=\"og:title\" content=\"Facultad de Medicina cuenta con nuevo Reglamento de Carrera Acad\u00e9mica - Unidad de Calidad (UNICA)\" \/>\n<meta property=\"og:description\" content=\"Documento fue presentado por la Unidad de Calidad, junto al sistema de evaluaci\u00f3n de desempe\u00f1o de acad\u00e9micos.\" \/>\n<meta property=\"og:url\" content=\"https:\/\/medicina.udd.cl\/unidad-calidad\/noticias\/2013\/09\/13\/facultad-de-medicina-cuenta-con-nuevo-reglamento-de-carrera-academica\/\" \/>\n<meta property=\"og:site_name\" content=\"Unidad de Calidad (UNICA)\" \/>\n<meta property=\"article:published_time\" content=\"2013-09-13T15:37:32+00:00\" \/>\n<meta property=\"og:image\" content=\"https:\/\/medicina.udd.cl\/unidad-calidad\/files\/2013\/09\/Presentaci\u00f3n-de-Katherine-Mar\u00edn.jpg\" \/>\n\t<meta property=\"og:image:width\" content=\"3250\" \/>\n\t<meta property=\"og:image:height\" content=\"1951\" \/>\n\t<meta property=\"og:image:type\" content=\"image\/jpeg\" \/>\n<meta name=\"twitter:label1\" content=\"Escrito por\" \/>\n\t<meta name=\"twitter:data1\" content=\"\" \/>\n\t<meta name=\"twitter:label2\" content=\"Tiempo de lectura\" \/>\n\t<meta name=\"twitter:data2\" content=\"1 minuto\" \/>\n<script type=\"application\/ld+json\" class=\"yoast-schema-graph\">{\"@context\":\"https:\/\/schema.org\",\"@graph\":[{\"@type\":\"Article\",\"@id\":\"https:\/\/medicina.udd.cl\/unidad-calidad\/noticias\/2013\/09\/13\/facultad-de-medicina-cuenta-con-nuevo-reglamento-de-carrera-academica\/#article\",\"isPartOf\":{\"@id\":\"https:\/\/medicina.udd.cl\/unidad-calidad\/noticias\/2013\/09\/13\/facultad-de-medicina-cuenta-con-nuevo-reglamento-de-carrera-academica\/\"},\"author\":{\"name\":\"\",\"@id\":\"\"},\"headline\":\"Facultad de Medicina cuenta con nuevo Reglamento de Carrera Acad\u00e9mica\",\"datePublished\":\"2013-09-13T15:37:32+00:00\",\"mainEntityOfPage\":{\"@id\":\"https:\/\/medicina.udd.cl\/unidad-calidad\/noticias\/2013\/09\/13\/facultad-de-medicina-cuenta-con-nuevo-reglamento-de-carrera-academica\/\"},\"wordCount\":288,\"commentCount\":0,\"image\":{\"@id\":\"https:\/\/medicina.udd.cl\/unidad-calidad\/noticias\/2013\/09\/13\/facultad-de-medicina-cuenta-con-nuevo-reglamento-de-carrera-academica\/#primaryimage\"},\"thumbnailUrl\":\"https:\/\/medicina.udd.cl\/unidad-calidad\/files\/2013\/09\/Presentaci\u00f3n-de-Katherine-Mar\u00edn.jpg\",\"articleSection\":[\"Noticias\"],\"inLanguage\":\"es\",\"potentialAction\":[{\"@type\":\"CommentAction\",\"name\":\"Comment\",\"target\":[\"https:\/\/medicina.udd.cl\/unidad-calidad\/noticias\/2013\/09\/13\/facultad-de-medicina-cuenta-con-nuevo-reglamento-de-carrera-academica\/#respond\"]}]},{\"@type\":\"WebPage\",\"@id\":\"https:\/\/medicina.udd.cl\/unidad-calidad\/noticias\/2013\/09\/13\/facultad-de-medicina-cuenta-con-nuevo-reglamento-de-carrera-academica\/\",\"url\":\"https:\/\/medicina.udd.cl\/unidad-calidad\/noticias\/2013\/09\/13\/facultad-de-medicina-cuenta-con-nuevo-reglamento-de-carrera-academica\/\",\"name\":\"Facultad de Medicina cuenta con nuevo Reglamento de Carrera Acad\u00e9mica - Unidad de Calidad (UNICA)\",\"isPartOf\":{\"@id\":\"https:\/\/medicina.udd.cl\/unidad-calidad\/#website\"},\"primaryImageOfPage\":{\"@id\":\"https:\/\/medicina.udd.cl\/unidad-calidad\/noticias\/2013\/09\/13\/facultad-de-medicina-cuenta-con-nuevo-reglamento-de-carrera-academica\/#primaryimage\"},\"image\":{\"@id\":\"https:\/\/medicina.udd.cl\/unidad-calidad\/noticias\/2013\/09\/13\/facultad-de-medicina-cuenta-con-nuevo-reglamento-de-carrera-academica\/#primaryimage\"},\"thumbnailUrl\":\"https:\/\/medicina.udd.cl\/unidad-calidad\/files\/2013\/09\/Presentaci\u00f3n-de-Katherine-Mar\u00edn.jpg\",\"datePublished\":\"2013-09-13T15:37:32+00:00\",\"author\":{\"@id\":\"\"},\"breadcrumb\":{\"@id\":\"https:\/\/medicina.udd.cl\/unidad-calidad\/noticias\/2013\/09\/13\/facultad-de-medicina-cuenta-con-nuevo-reglamento-de-carrera-academica\/#breadcrumb\"},\"inLanguage\":\"es\",\"potentialAction\":[{\"@type\":\"ReadAction\",\"target\":[\"https:\/\/medicina.udd.cl\/unidad-calidad\/noticias\/2013\/09\/13\/facultad-de-medicina-cuenta-con-nuevo-reglamento-de-carrera-academica\/\"]}]},{\"@type\":\"ImageObject\",\"inLanguage\":\"es\",\"@id\":\"https:\/\/medicina.udd.cl\/unidad-calidad\/noticias\/2013\/09\/13\/facultad-de-medicina-cuenta-con-nuevo-reglamento-de-carrera-academica\/#primaryimage\",\"url\":\"https:\/\/medicina.udd.cl\/unidad-calidad\/files\/2013\/09\/Presentaci\u00f3n-de-Katherine-Mar\u00edn.jpg\",\"contentUrl\":\"https:\/\/medicina.udd.cl\/unidad-calidad\/files\/2013\/09\/Presentaci\u00f3n-de-Katherine-Mar\u00edn.jpg\",\"width\":3250,\"height\":1951},{\"@type\":\"BreadcrumbList\",\"@id\":\"https:\/\/medicina.udd.cl\/unidad-calidad\/noticias\/2013\/09\/13\/facultad-de-medicina-cuenta-con-nuevo-reglamento-de-carrera-academica\/#breadcrumb\",\"itemListElement\":[{\"@type\":\"ListItem\",\"position\":1,\"name\":\"Home\",\"item\":\"https:\/\/medicina.udd.cl\/unidad-calidad\/\"},{\"@type\":\"ListItem\",\"position\":2,\"name\":\"Facultad de Medicina cuenta con nuevo Reglamento de Carrera Acad\u00e9mica\"}]},{\"@type\":\"WebSite\",\"@id\":\"https:\/\/medicina.udd.cl\/unidad-calidad\/#website\",\"url\":\"https:\/\/medicina.udd.cl\/unidad-calidad\/\",\"name\":\"Unidad de Calidad (UNICA)\",\"description\":\"Facultad de Medicina Cl\u00ednica Alemana Universidad del Desarrollo\",\"potentialAction\":[{\"@type\":\"SearchAction\",\"target\":{\"@type\":\"EntryPoint\",\"urlTemplate\":\"https:\/\/medicina.udd.cl\/unidad-calidad\/?s={search_term_string}\"},\"query-input\":{\"@type\":\"PropertyValueSpecification\",\"valueRequired\":true,\"valueName\":\"search_term_string\"}}],\"inLanguage\":\"es\"},{\"@type\":\"Person\",\"@id\":\"\",\"url\":\"https:\/\/medicina.udd.cl\/unidad-calidad\/noticias\/author\/\"}]}<\/script>\n<!-- \/ Yoast SEO plugin. -->","yoast_head_json":{"title":"Facultad de Medicina cuenta con nuevo Reglamento de Carrera Acad\u00e9mica - Unidad de Calidad (UNICA)","robots":{"index":"index","follow":"follow","max-snippet":"max-snippet:-1","max-image-preview":"max-image-preview:large","max-video-preview":"max-video-preview:-1"},"canonical":"https:\/\/medicina.udd.cl\/unidad-calidad\/noticias\/2013\/09\/13\/facultad-de-medicina-cuenta-con-nuevo-reglamento-de-carrera-academica\/","og_locale":"es_ES","og_type":"article","og_title":"Facultad de Medicina cuenta con nuevo Reglamento de Carrera Acad\u00e9mica - Unidad de Calidad (UNICA)","og_description":"Documento fue presentado por la Unidad de Calidad, junto al sistema de evaluaci\u00f3n de desempe\u00f1o de acad\u00e9micos.","og_url":"https:\/\/medicina.udd.cl\/unidad-calidad\/noticias\/2013\/09\/13\/facultad-de-medicina-cuenta-con-nuevo-reglamento-de-carrera-academica\/","og_site_name":"Unidad de Calidad (UNICA)","article_published_time":"2013-09-13T15:37:32+00:00","og_image":[{"width":3250,"height":1951,"url":"https:\/\/medicina.udd.cl\/unidad-calidad\/files\/2013\/09\/Presentaci\u00f3n-de-Katherine-Mar\u00edn.jpg","type":"image\/jpeg"}],"twitter_misc":{"Escrito por":"","Tiempo de lectura":"1 minuto"},"schema":{"@context":"https:\/\/schema.org","@graph":[{"@type":"Article","@id":"https:\/\/medicina.udd.cl\/unidad-calidad\/noticias\/2013\/09\/13\/facultad-de-medicina-cuenta-con-nuevo-reglamento-de-carrera-academica\/#article","isPartOf":{"@id":"https:\/\/medicina.udd.cl\/unidad-calidad\/noticias\/2013\/09\/13\/facultad-de-medicina-cuenta-con-nuevo-reglamento-de-carrera-academica\/"},"author":{"name":"","@id":""},"headline":"Facultad de Medicina cuenta con nuevo Reglamento de Carrera Acad\u00e9mica","datePublished":"2013-09-13T15:37:32+00:00","mainEntityOfPage":{"@id":"https:\/\/medicina.udd.cl\/unidad-calidad\/noticias\/2013\/09\/13\/facultad-de-medicina-cuenta-con-nuevo-reglamento-de-carrera-academica\/"},"wordCount":288,"commentCount":0,"image":{"@id":"https:\/\/medicina.udd.cl\/unidad-calidad\/noticias\/2013\/09\/13\/facultad-de-medicina-cuenta-con-nuevo-reglamento-de-carrera-academica\/#primaryimage"},"thumbnailUrl":"https:\/\/medicina.udd.cl\/unidad-calidad\/files\/2013\/09\/Presentaci\u00f3n-de-Katherine-Mar\u00edn.jpg","articleSection":["Noticias"],"inLanguage":"es","potentialAction":[{"@type":"CommentAction","name":"Comment","target":["https:\/\/medicina.udd.cl\/unidad-calidad\/noticias\/2013\/09\/13\/facultad-de-medicina-cuenta-con-nuevo-reglamento-de-carrera-academica\/#respond"]}]},{"@type":"WebPage","@id":"https:\/\/medicina.udd.cl\/unidad-calidad\/noticias\/2013\/09\/13\/facultad-de-medicina-cuenta-con-nuevo-reglamento-de-carrera-academica\/","url":"https:\/\/medicina.udd.cl\/unidad-calidad\/noticias\/2013\/09\/13\/facultad-de-medicina-cuenta-con-nuevo-reglamento-de-carrera-academica\/","name":"Facultad de Medicina cuenta con nuevo Reglamento de Carrera Acad\u00e9mica - Unidad de Calidad (UNICA)","isPartOf":{"@id":"https:\/\/medicina.udd.cl\/unidad-calidad\/#website"},"primaryImageOfPage":{"@id":"https:\/\/medicina.udd.cl\/unidad-calidad\/noticias\/2013\/09\/13\/facultad-de-medicina-cuenta-con-nuevo-reglamento-de-carrera-academica\/#primaryimage"},"image":{"@id":"https:\/\/medicina.udd.cl\/unidad-calidad\/noticias\/2013\/09\/13\/facultad-de-medicina-cuenta-con-nuevo-reglamento-de-carrera-academica\/#primaryimage"},"thumbnailUrl":"https:\/\/medicina.udd.cl\/unidad-calidad\/files\/2013\/09\/Presentaci\u00f3n-de-Katherine-Mar\u00edn.jpg","datePublished":"2013-09-13T15:37:32+00:00","author":{"@id":""},"breadcrumb":{"@id":"https:\/\/medicina.udd.cl\/unidad-calidad\/noticias\/2013\/09\/13\/facultad-de-medicina-cuenta-con-nuevo-reglamento-de-carrera-academica\/#breadcrumb"},"inLanguage":"es","potentialAction":[{"@type":"ReadAction","target":["https:\/\/medicina.udd.cl\/unidad-calidad\/noticias\/2013\/09\/13\/facultad-de-medicina-cuenta-con-nuevo-reglamento-de-carrera-academica\/"]}]},{"@type":"ImageObject","inLanguage":"es","@id":"https:\/\/medicina.udd.cl\/unidad-calidad\/noticias\/2013\/09\/13\/facultad-de-medicina-cuenta-con-nuevo-reglamento-de-carrera-academica\/#primaryimage","url":"https:\/\/medicina.udd.cl\/unidad-calidad\/files\/2013\/09\/Presentaci\u00f3n-de-Katherine-Mar\u00edn.jpg","contentUrl":"https:\/\/medicina.udd.cl\/unidad-calidad\/files\/2013\/09\/Presentaci\u00f3n-de-Katherine-Mar\u00edn.jpg","width":3250,"height":1951},{"@type":"BreadcrumbList","@id":"https:\/\/medicina.udd.cl\/unidad-calidad\/noticias\/2013\/09\/13\/facultad-de-medicina-cuenta-con-nuevo-reglamento-de-carrera-academica\/#breadcrumb","itemListElement":[{"@type":"ListItem","position":1,"name":"Home","item":"https:\/\/medicina.udd.cl\/unidad-calidad\/"},{"@type":"ListItem","position":2,"name":"Facultad de Medicina cuenta con nuevo Reglamento de Carrera Acad\u00e9mica"}]},{"@type":"WebSite","@id":"https:\/\/medicina.udd.cl\/unidad-calidad\/#website","url":"https:\/\/medicina.udd.cl\/unidad-calidad\/","name":"Unidad de Calidad (UNICA)","description":"Facultad de Medicina Cl\u00ednica Alemana Universidad del Desarrollo","potentialAction":[{"@type":"SearchAction","target":{"@type":"EntryPoint","urlTemplate":"https:\/\/medicina.udd.cl\/unidad-calidad\/?s={search_term_string}"},"query-input":{"@type":"PropertyValueSpecification","valueRequired":true,"valueName":"search_term_string"}}],"inLanguage":"es"},{"@type":"Person","@id":"","url":"https:\/\/medicina.udd.cl\/unidad-calidad\/noticias\/author\/"}]}},"_links":{"self":[{"href":"https:\/\/medicina.udd.cl\/unidad-calidad\/wp-json\/wp\/v2\/posts\/581","targetHints":{"allow":["GET"]}}],"collection":[{"href":"https:\/\/medicina.udd.cl\/unidad-calidad\/wp-json\/wp\/v2\/posts"}],"about":[{"href":"https:\/\/medicina.udd.cl\/unidad-calidad\/wp-json\/wp\/v2\/types\/post"}],"author":[{"embeddable":true,"href":"https:\/\/medicina.udd.cl\/unidad-calidad\/wp-json\/wp\/v2\/users\/40"}],"replies":[{"embeddable":true,"href":"https:\/\/medicina.udd.cl\/unidad-calidad\/wp-json\/wp\/v2\/comments?post=581"}],"version-history":[{"count":1,"href":"https:\/\/medicina.udd.cl\/unidad-calidad\/wp-json\/wp\/v2\/posts\/581\/revisions"}],"predecessor-version":[{"id":582,"href":"https:\/\/medicina.udd.cl\/unidad-calidad\/wp-json\/wp\/v2\/posts\/581\/revisions\/582"}],"wp:featuredmedia":[{"embeddable":true,"href":"https:\/\/medicina.udd.cl\/unidad-calidad\/wp-json\/wp\/v2\/media\/577"}],"wp:attachment":[{"href":"https:\/\/medicina.udd.cl\/unidad-calidad\/wp-json\/wp\/v2\/media?parent=581"}],"wp:term":[{"taxonomy":"category","embeddable":true,"href":"https:\/\/medicina.udd.cl\/unidad-calidad\/wp-json\/wp\/v2\/categories?post=581"},{"taxonomy":"post_tag","embeddable":true,"href":"https:\/\/medicina.udd.cl\/unidad-calidad\/wp-json\/wp\/v2\/tags?post=581"}],"curies":[{"name":"wp","href":"https:\/\/api.w.org\/{rel}","templated":true}]}}